{"id":12135,"date":"2024-09-02T09:00:00","date_gmt":"2024-09-02T09:00:00","guid":{"rendered":"https:\/\/preprod.sts-education.com\/blog\/2026\/03\/05\/mirja-tilbrakte-et-ar-i-utlandet-i-tyskland\/"},"modified":"2026-04-23T11:57:39","modified_gmt":"2026-04-23T11:57:39","slug":"mirja-tilbrakte-et-ar-i-utlandet-i-tyskland","status":"publish","type":"post","link":"https:\/\/www.sts-education.com\/no\/high-school\/student-stories\/studenthistorier\/mirja-tilbrakte-et-ar-i-utlandet-i-tyskland\/","title":{"rendered":"Mirja var ett \u00e5r i Tyskland"},"content":{"rendered":"\n<div class=\"wp-block-sts-text sts-text-editor has-max-width-md\"><div class=\"sts-text-editor__content\"><div class=\"sts-text-editor__content-inner\">\n<h1 style=\"text-align: center\">Mirja var ett \u00e5r i Tyskland<\/h1>\n<\/div><\/div><\/div>\n\n\n\n<div class=\"wp-block-sts-text sts-text-editor has-max-width-md\"><div class=\"sts-text-editor__content\"><div class=\"sts-text-editor__content-inner\">\n<p><em>Mirja fra Montenegro tilbrakte utvekslingsoppholdet sitt i Hamburg i Tyskland.<\/em><\/p>\n<p>Det var min store dr\u00f8m \u00e5 bo i Tyskland. Spr\u00e5ket har spilt en stor rolle. Det sies at tysk er et av de vanskeligste spr\u00e5kene \u00e5 l\u00e6re, og derfor er det ikke s\u00e5 mange som snakker det. S\u00e5 det er en fordel \u00e5 kunne dette spr\u00e5ket. Jeg l\u00e6rte tysk p\u00e5 skolen f\u00f8r jeg dro p\u00e5 utveksling, men jeg var ikke s\u00e5 god i det. Jeg hadde et \u00f8nske om \u00e5 snakke flytende tysk og f\u00f8le meg komfortabel med det. N\u00e5r du bor p\u00e5 landet og omg\u00e5s tyskere og spr\u00e5ket hver dag, er det mye lettere!<\/p>\n<p>I begynnelsen var spr\u00e5ket en utfordring. Jeg var litt sjenert for \u00e5 snakke tysk. Det er ogs\u00e5 normalt n\u00e5r man bor sammen i en familie, at ikke alle dager er perfekte. Med familien min hjemme har vi sm\u00e5 krangler hele tiden. Det viktigste er \u00e5 snakke om det og v\u00e6re \u00e5pne og tilgivende overfor hverandre.<\/p>\n<p>Mitt r\u00e5d til fremtidige utvekslingsstudenter er: Snakk med vertsfamilien din om alt som skjer, de gode tingene, de d\u00e5rlige eller vanlige tingene, det spiller ingen rolle. Bare snakk om alt. Det er familien din i nesten ett \u00e5r. Snakk om hva du har gjort p\u00e5 skolen, familien din hjemme, hva som skjer i hjemlandet ditt. Dine ideer og planer, hvor du vil reise, hva du vil oppleve. N\u00f8kkelen er god kommunikasjon, \u00e5penhet og interesse for hverandres liv.<\/p>\n<p>Tiden min i Tyskland var veldig, veldig vakker. Jeg kunne ikke ha dr\u00f8mt om noe bedre. Jeg tror at jeg er et bedre menneske n\u00e5 og mer fordomsfri enn f\u00f8r. Om vertsfamilien min kan jeg bare si det beste. De har denne store kj\u00e6rligheten. Familieritualene i Tyskland er helt annerledes enn i S\u00f8r\u00f8st-Europa. Vi likte veldig godt \u00e5 spille brett- og kortspill sammen og hadde mange grillfester i hagen.<\/p>\n<p>Fordi dette \u00e5ret var s\u00e5 bra, har jeg lyst til \u00e5 reise til utlandet igjen for \u00e5 studere og g\u00e5 p\u00e5 universitetet. Jeg vet at jeg ikke vil bli v\u00e6rende i landet mitt, men jeg kan selvf\u00f8lgelig alltid dra tilbake.<\/p>\n<p>Men det neste steget er at vertsfamilien min kommer p\u00e5 bes\u00f8k til Montenegro.<\/p>\n<h2>Finn ut mer<\/h2>\n<ul>\n<li>Les flere <a href=\"https:\/\/www.sts-education.com\/no\/high-school\/student-stories\/studenthistorier\/?hashtag=Tyskland\">studenthistorier fra Tyskland<\/a><\/li>\n<li>Les mer om <a href=\"https:\/\/www.sts-education.com\/no\/high-school\/destinasjoner\/europa\/tyskland\/\">utveksling p\u00e5 high school i Tyskland<\/a><\/li>\n<li>Se alle v\u00e5re <a href=\"\/no\/high-school\/tripfinder\/\">utvekslingsdestinasjoner for high school<\/a><\/li>\n<\/ul>\n<\/div><\/div><\/div>\n","protected":false},"excerpt":{"rendered":"","protected":false},"author":20,"featured_media":14094,"comment_status":"open","ping_status":"open","sticky":false,"template":"","format":"standard","meta":{"_acf_changed":false,"_yoast_wpseo_title":"Mirja tilbrakte et \u00e5r i utlandet i Tyskland","_yoast_wpseo_metadesc":"Det var min store dr\u00f8m \u00e5 bo i Tyskland. Det sies at tysk er et av de vanskeligste spr\u00e5kene \u00e5 l\u00e6re, og derfor er det ikke s\u00e5 mange som snakker det.","footnotes":""},"categories":[275],"tags":[1001],"wpw_post_folders":[],"class_list":["post-12135","post","type-post","status-publish","format-standard","has-post-thumbnail","hentry","category-uncategorized-no","tag-tyskland"],"acf":[],"yoast_head":"<!-- This site is optimized with the Yoast SEO Premium plugin v27.2 (Yoast SEO v27.2) - https:\/\/yoast.com\/product\/yoast-seo-premium-wordpress\/ -->\n<title>Mirja tilbrakte et \u00e5r i utlandet i Tyskland<\/title>\n<meta name=\"description\" content=\"Det var min store dr\u00f8m \u00e5 bo i Tyskland. Det sies at tysk er et av de vanskeligste spr\u00e5kene \u00e5 l\u00e6re, og derfor er det ikke s\u00e5 mange som snakker det.\" \/>\n<meta name=\"robots\" content=\"index, follow, max-snippet:-1, max-image-preview:large, max-video-preview:-1\" \/>\n<link rel=\"canonical\" href=\"https:\/\/www.sts-education.com\/no\/high-school\/student-stories\/studenthistorier\/mirja-tilbrakte-et-ar-i-utlandet-i-tyskland\/\" \/>\n<meta property=\"og:locale\" content=\"nb_NO\" \/>\n<meta property=\"og:type\" content=\"article\" \/>\n<meta property=\"og:title\" content=\"Mirja var ett \u00e5r i Tyskland\" \/>\n<meta property=\"og:description\" content=\"Det var min store dr\u00f8m \u00e5 bo i Tyskland. Det sies at tysk er et av de vanskeligste spr\u00e5kene \u00e5 l\u00e6re, og derfor er det ikke s\u00e5 mange som snakker det.\" \/>\n<meta property=\"og:url\" content=\"https:\/\/www.sts-education.com\/no\/high-school\/student-stories\/studenthistorier\/mirja-tilbrakte-et-ar-i-utlandet-i-tyskland\/\" \/>\n<meta property=\"og:site_name\" content=\"STS Education\" \/>\n<meta property=\"article:published_time\" content=\"2024-09-02T09:00:00+00:00\" \/>\n<meta property=\"article:modified_time\" content=\"2026-04-23T11:57:39+00:00\" \/>\n<meta property=\"og:image\" content=\"https:\/\/powered-by.qbank.se\/educatius\/sts\/\/1344f704baffe0712e9cd1d2131fe26b_1-1-thumb.webp\" \/>\n\t<meta property=\"og:image:width\" content=\"150\" \/>\n\t<meta property=\"og:image:height\" content=\"150\" \/>\n\t<meta property=\"og:image:type\" content=\"image\/jpeg\" \/>\n<meta name=\"author\" content=\"syncreadwrite\" \/>\n<meta name=\"twitter:card\" content=\"summary_large_image\" \/>\n<meta name=\"twitter:label1\" content=\"Skrevet av\" \/>\n\t<meta name=\"twitter:data1\" content=\"syncreadwrite\" \/>\n\t<meta name=\"twitter:label2\" content=\"Ansl. lesetid\" \/>\n\t<meta name=\"twitter:data2\" content=\"2 minutter\" \/>\n<script type=\"application\/ld+json\" class=\"yoast-schema-graph\">{\"@context\":\"https:\/\/schema.org\",\"@graph\":[{\"@type\":\"Article\",\"@id\":\"https:\/\/www.sts-education.com\/no\/high-school\/student-stories\/studenthistorier\/mirja-tilbrakte-et-ar-i-utlandet-i-tyskland\/#article\",\"isPartOf\":{\"@id\":\"https:\/\/www.sts-education.com\/no\/high-school\/student-stories\/studenthistorier\/mirja-tilbrakte-et-ar-i-utlandet-i-tyskland\/\"},\"author\":{\"name\":\"syncreadwrite\",\"@id\":\"https:\/\/www.sts-education.com\/no\/#\/schema\/person\/8b82f3a2e45f020b8f296d7a85d9a97c\"},\"headline\":\"Mirja var ett \u00e5r i Tyskland\",\"datePublished\":\"2024-09-02T09:00:00+00:00\",\"dateModified\":\"2026-04-23T11:57:39+00:00\",\"mainEntityOfPage\":{\"@id\":\"https:\/\/www.sts-education.com\/no\/high-school\/student-stories\/studenthistorier\/mirja-tilbrakte-et-ar-i-utlandet-i-tyskland\/\"},\"wordCount\":412,\"commentCount\":0,\"image\":{\"@id\":\"https:\/\/www.sts-education.com\/no\/high-school\/student-stories\/studenthistorier\/mirja-tilbrakte-et-ar-i-utlandet-i-tyskland\/#primaryimage\"},\"thumbnailUrl\":\"https:\/\/powered-by.qbank.se\/educatius\/sts\/\/1344f704baffe0712e9cd1d2131fe26b_1-1-thumb.webp\",\"keywords\":[\"Tyskland\"],\"articleSection\":[\"Uncategorized @no\"],\"inLanguage\":\"nb-NO\",\"potentialAction\":[{\"@type\":\"CommentAction\",\"name\":\"Comment\",\"target\":[\"https:\/\/www.sts-education.com\/no\/high-school\/student-stories\/studenthistorier\/mirja-tilbrakte-et-ar-i-utlandet-i-tyskland\/#respond\"]}]},{\"@type\":\"WebPage\",\"@id\":\"https:\/\/www.sts-education.com\/no\/high-school\/student-stories\/studenthistorier\/mirja-tilbrakte-et-ar-i-utlandet-i-tyskland\/\",\"url\":\"https:\/\/www.sts-education.com\/no\/high-school\/student-stories\/studenthistorier\/mirja-tilbrakte-et-ar-i-utlandet-i-tyskland\/\",\"name\":\"Mirja tilbrakte et \u00e5r i utlandet i Tyskland\",\"isPartOf\":{\"@id\":\"https:\/\/www.sts-education.com\/no\/#website\"},\"primaryImageOfPage\":{\"@id\":\"https:\/\/www.sts-education.com\/no\/high-school\/student-stories\/studenthistorier\/mirja-tilbrakte-et-ar-i-utlandet-i-tyskland\/#primaryimage\"},\"image\":{\"@id\":\"https:\/\/www.sts-education.com\/no\/high-school\/student-stories\/studenthistorier\/mirja-tilbrakte-et-ar-i-utlandet-i-tyskland\/#primaryimage\"},\"thumbnailUrl\":\"https:\/\/powered-by.qbank.se\/educatius\/sts\/\/1344f704baffe0712e9cd1d2131fe26b_1-1-thumb.webp\",\"datePublished\":\"2024-09-02T09:00:00+00:00\",\"dateModified\":\"2026-04-23T11:57:39+00:00\",\"author\":{\"@id\":\"https:\/\/www.sts-education.com\/no\/#\/schema\/person\/8b82f3a2e45f020b8f296d7a85d9a97c\"},\"description\":\"Det var min store dr\u00f8m \u00e5 bo i Tyskland. Det sies at tysk er et av de vanskeligste spr\u00e5kene \u00e5 l\u00e6re, og derfor er det ikke s\u00e5 mange som snakker det.\",\"breadcrumb\":{\"@id\":\"https:\/\/www.sts-education.com\/no\/high-school\/student-stories\/studenthistorier\/mirja-tilbrakte-et-ar-i-utlandet-i-tyskland\/#breadcrumb\"},\"inLanguage\":\"nb-NO\",\"potentialAction\":[{\"@type\":\"ReadAction\",\"target\":[\"https:\/\/www.sts-education.com\/no\/high-school\/student-stories\/studenthistorier\/mirja-tilbrakte-et-ar-i-utlandet-i-tyskland\/\"]}]},{\"@type\":\"ImageObject\",\"inLanguage\":\"nb-NO\",\"@id\":\"https:\/\/www.sts-education.com\/no\/high-school\/student-stories\/studenthistorier\/mirja-tilbrakte-et-ar-i-utlandet-i-tyskland\/#primaryimage\",\"url\":\"https:\/\/powered-by.qbank.se\/educatius\/sts\/\/1344f704baffe0712e9cd1d2131fe26b_1-1-thumb.webp\",\"contentUrl\":\"https:\/\/powered-by.qbank.se\/educatius\/sts\/\/1344f704baffe0712e9cd1d2131fe26b_1-1-thumb.webp\",\"width\":150,\"height\":150},{\"@type\":\"BreadcrumbList\",\"@id\":\"https:\/\/www.sts-education.com\/no\/high-school\/student-stories\/studenthistorier\/mirja-tilbrakte-et-ar-i-utlandet-i-tyskland\/#breadcrumb\",\"itemListElement\":[{\"@type\":\"ListItem\",\"position\":1,\"name\":\"Home\",\"item\":\"https:\/\/www.sts-education.com\/no\/\"},{\"@type\":\"ListItem\",\"position\":2,\"name\":\"Mirja var ett \u00e5r i Tyskland\"}]},{\"@type\":\"WebSite\",\"@id\":\"https:\/\/www.sts-education.com\/no\/#website\",\"url\":\"https:\/\/www.sts-education.com\/no\/\",\"name\":\"STS Education\",\"description\":\"\",\"potentialAction\":[{\"@type\":\"SearchAction\",\"target\":{\"@type\":\"EntryPoint\",\"urlTemplate\":\"https:\/\/www.sts-education.com\/no\/?s={search_term_string}\"},\"query-input\":{\"@type\":\"PropertyValueSpecification\",\"valueRequired\":true,\"valueName\":\"search_term_string\"}}],\"inLanguage\":\"nb-NO\"},{\"@type\":\"Person\",\"@id\":\"https:\/\/www.sts-education.com\/no\/#\/schema\/person\/8b82f3a2e45f020b8f296d7a85d9a97c\",\"name\":\"syncreadwrite\",\"image\":{\"@type\":\"ImageObject\",\"inLanguage\":\"nb-NO\",\"@id\":\"https:\/\/secure.gravatar.com\/avatar\/6ed1007e4f6f43f22e3df41d9fce4365533cba47fef64bb359b8e629abbc2ea6?s=96&d=mm&r=g\",\"url\":\"https:\/\/secure.gravatar.com\/avatar\/6ed1007e4f6f43f22e3df41d9fce4365533cba47fef64bb359b8e629abbc2ea6?s=96&d=mm&r=g\",\"contentUrl\":\"https:\/\/secure.gravatar.com\/avatar\/6ed1007e4f6f43f22e3df41d9fce4365533cba47fef64bb359b8e629abbc2ea6?s=96&d=mm&r=g\",\"caption\":\"syncreadwrite\"},\"url\":\"https:\/\/www.sts-education.com\/no\/author\/syncreadwrite\/\"}]}<\/script>\n<!-- \/ Yoast SEO Premium plugin. -->","yoast_head_json":{"title":"Mirja tilbrakte et \u00e5r i utlandet i Tyskland","description":"Det var min store dr\u00f8m \u00e5 bo i Tyskland. Det sies at tysk er et av de vanskeligste spr\u00e5kene \u00e5 l\u00e6re, og derfor er det ikke s\u00e5 mange som snakker det.","robots":{"index":"index","follow":"follow","max-snippet":"max-snippet:-1","max-image-preview":"max-image-preview:large","max-video-preview":"max-video-preview:-1"},"canonical":"https:\/\/www.sts-education.com\/no\/high-school\/student-stories\/studenthistorier\/mirja-tilbrakte-et-ar-i-utlandet-i-tyskland\/","og_locale":"nb_NO","og_type":"article","og_title":"Mirja var ett \u00e5r i Tyskland","og_description":"Det var min store dr\u00f8m \u00e5 bo i Tyskland. Det sies at tysk er et av de vanskeligste spr\u00e5kene \u00e5 l\u00e6re, og derfor er det ikke s\u00e5 mange som snakker det.","og_url":"https:\/\/www.sts-education.com\/no\/high-school\/student-stories\/studenthistorier\/mirja-tilbrakte-et-ar-i-utlandet-i-tyskland\/","og_site_name":"STS Education","article_published_time":"2024-09-02T09:00:00+00:00","article_modified_time":"2026-04-23T11:57:39+00:00","og_image":[{"width":150,"height":150,"url":"https:\/\/powered-by.qbank.se\/educatius\/sts\/\/1344f704baffe0712e9cd1d2131fe26b_1-1-thumb.webp","type":"image\/jpeg"}],"author":"syncreadwrite","twitter_card":"summary_large_image","twitter_misc":{"Skrevet av":"syncreadwrite","Ansl. lesetid":"2 minutter"},"schema":{"@context":"https:\/\/schema.org","@graph":[{"@type":"Article","@id":"https:\/\/www.sts-education.com\/no\/high-school\/student-stories\/studenthistorier\/mirja-tilbrakte-et-ar-i-utlandet-i-tyskland\/#article","isPartOf":{"@id":"https:\/\/www.sts-education.com\/no\/high-school\/student-stories\/studenthistorier\/mirja-tilbrakte-et-ar-i-utlandet-i-tyskland\/"},"author":{"name":"syncreadwrite","@id":"https:\/\/www.sts-education.com\/no\/#\/schema\/person\/8b82f3a2e45f020b8f296d7a85d9a97c"},"headline":"Mirja var ett \u00e5r i Tyskland","datePublished":"2024-09-02T09:00:00+00:00","dateModified":"2026-04-23T11:57:39+00:00","mainEntityOfPage":{"@id":"https:\/\/www.sts-education.com\/no\/high-school\/student-stories\/studenthistorier\/mirja-tilbrakte-et-ar-i-utlandet-i-tyskland\/"},"wordCount":412,"commentCount":0,"image":{"@id":"https:\/\/www.sts-education.com\/no\/high-school\/student-stories\/studenthistorier\/mirja-tilbrakte-et-ar-i-utlandet-i-tyskland\/#primaryimage"},"thumbnailUrl":"https:\/\/powered-by.qbank.se\/educatius\/sts\/\/1344f704baffe0712e9cd1d2131fe26b_1-1-thumb.webp","keywords":["Tyskland"],"articleSection":["Uncategorized @no"],"inLanguage":"nb-NO","potentialAction":[{"@type":"CommentAction","name":"Comment","target":["https:\/\/www.sts-education.com\/no\/high-school\/student-stories\/studenthistorier\/mirja-tilbrakte-et-ar-i-utlandet-i-tyskland\/#respond"]}]},{"@type":"WebPage","@id":"https:\/\/www.sts-education.com\/no\/high-school\/student-stories\/studenthistorier\/mirja-tilbrakte-et-ar-i-utlandet-i-tyskland\/","url":"https:\/\/www.sts-education.com\/no\/high-school\/student-stories\/studenthistorier\/mirja-tilbrakte-et-ar-i-utlandet-i-tyskland\/","name":"Mirja tilbrakte et \u00e5r i utlandet i Tyskland","isPartOf":{"@id":"https:\/\/www.sts-education.com\/no\/#website"},"primaryImageOfPage":{"@id":"https:\/\/www.sts-education.com\/no\/high-school\/student-stories\/studenthistorier\/mirja-tilbrakte-et-ar-i-utlandet-i-tyskland\/#primaryimage"},"image":{"@id":"https:\/\/www.sts-education.com\/no\/high-school\/student-stories\/studenthistorier\/mirja-tilbrakte-et-ar-i-utlandet-i-tyskland\/#primaryimage"},"thumbnailUrl":"https:\/\/powered-by.qbank.se\/educatius\/sts\/\/1344f704baffe0712e9cd1d2131fe26b_1-1-thumb.webp","datePublished":"2024-09-02T09:00:00+00:00","dateModified":"2026-04-23T11:57:39+00:00","author":{"@id":"https:\/\/www.sts-education.com\/no\/#\/schema\/person\/8b82f3a2e45f020b8f296d7a85d9a97c"},"description":"Det var min store dr\u00f8m \u00e5 bo i Tyskland. Det sies at tysk er et av de vanskeligste spr\u00e5kene \u00e5 l\u00e6re, og derfor er det ikke s\u00e5 mange som snakker det.","breadcrumb":{"@id":"https:\/\/www.sts-education.com\/no\/high-school\/student-stories\/studenthistorier\/mirja-tilbrakte-et-ar-i-utlandet-i-tyskland\/#breadcrumb"},"inLanguage":"nb-NO","potentialAction":[{"@type":"ReadAction","target":["https:\/\/www.sts-education.com\/no\/high-school\/student-stories\/studenthistorier\/mirja-tilbrakte-et-ar-i-utlandet-i-tyskland\/"]}]},{"@type":"ImageObject","inLanguage":"nb-NO","@id":"https:\/\/www.sts-education.com\/no\/high-school\/student-stories\/studenthistorier\/mirja-tilbrakte-et-ar-i-utlandet-i-tyskland\/#primaryimage","url":"https:\/\/powered-by.qbank.se\/educatius\/sts\/\/1344f704baffe0712e9cd1d2131fe26b_1-1-thumb.webp","contentUrl":"https:\/\/powered-by.qbank.se\/educatius\/sts\/\/1344f704baffe0712e9cd1d2131fe26b_1-1-thumb.webp","width":150,"height":150},{"@type":"BreadcrumbList","@id":"https:\/\/www.sts-education.com\/no\/high-school\/student-stories\/studenthistorier\/mirja-tilbrakte-et-ar-i-utlandet-i-tyskland\/#breadcrumb","itemListElement":[{"@type":"ListItem","position":1,"name":"Home","item":"https:\/\/www.sts-education.com\/no\/"},{"@type":"ListItem","position":2,"name":"Mirja var ett \u00e5r i Tyskland"}]},{"@type":"WebSite","@id":"https:\/\/www.sts-education.com\/no\/#website","url":"https:\/\/www.sts-education.com\/no\/","name":"STS Education","description":"","potentialAction":[{"@type":"SearchAction","target":{"@type":"EntryPoint","urlTemplate":"https:\/\/www.sts-education.com\/no\/?s={search_term_string}"},"query-input":{"@type":"PropertyValueSpecification","valueRequired":true,"valueName":"search_term_string"}}],"inLanguage":"nb-NO"},{"@type":"Person","@id":"https:\/\/www.sts-education.com\/no\/#\/schema\/person\/8b82f3a2e45f020b8f296d7a85d9a97c","name":"syncreadwrite","image":{"@type":"ImageObject","inLanguage":"nb-NO","@id":"https:\/\/secure.gravatar.com\/avatar\/6ed1007e4f6f43f22e3df41d9fce4365533cba47fef64bb359b8e629abbc2ea6?s=96&d=mm&r=g","url":"https:\/\/secure.gravatar.com\/avatar\/6ed1007e4f6f43f22e3df41d9fce4365533cba47fef64bb359b8e629abbc2ea6?s=96&d=mm&r=g","contentUrl":"https:\/\/secure.gravatar.com\/avatar\/6ed1007e4f6f43f22e3df41d9fce4365533cba47fef64bb359b8e629abbc2ea6?s=96&d=mm&r=g","caption":"syncreadwrite"},"url":"https:\/\/www.sts-education.com\/no\/author\/syncreadwrite\/"}]}},"_links":{"self":[{"href":"https:\/\/www.sts-education.com\/no\/wp-json\/wp\/v2\/posts\/12135","targetHints":{"allow":["GET"]}}],"collection":[{"href":"https:\/\/www.sts-education.com\/no\/wp-json\/wp\/v2\/posts"}],"about":[{"href":"https:\/\/www.sts-education.com\/no\/wp-json\/wp\/v2\/types\/post"}],"author":[{"embeddable":true,"href":"https:\/\/www.sts-education.com\/no\/wp-json\/wp\/v2\/users\/20"}],"replies":[{"embeddable":true,"href":"https:\/\/www.sts-education.com\/no\/wp-json\/wp\/v2\/comments?post=12135"}],"version-history":[{"count":5,"href":"https:\/\/www.sts-education.com\/no\/wp-json\/wp\/v2\/posts\/12135\/revisions"}],"predecessor-version":[{"id":40296,"href":"https:\/\/www.sts-education.com\/no\/wp-json\/wp\/v2\/posts\/12135\/revisions\/40296"}],"wp:featuredmedia":[{"embeddable":true,"href":"https:\/\/www.sts-education.com\/no\/wp-json\/wp\/v2\/media\/14094"}],"wp:attachment":[{"href":"https:\/\/www.sts-education.com\/no\/wp-json\/wp\/v2\/media?parent=12135"}],"wp:term":[{"taxonomy":"category","embeddable":true,"href":"https:\/\/www.sts-education.com\/no\/wp-json\/wp\/v2\/categories?post=12135"},{"taxonomy":"post_tag","embeddable":true,"href":"https:\/\/www.sts-education.com\/no\/wp-json\/wp\/v2\/tags?post=12135"},{"taxonomy":"wpw_post_folders","embeddable":true,"href":"https:\/\/www.sts-education.com\/no\/wp-json\/wp\/v2\/wpw_post_folders?post=12135"}],"curies":[{"name":"wp","href":"https:\/\/api.w.org\/{rel}","templated":true}]}}