{"id":12141,"date":"2023-05-02T10:00:00","date_gmt":"2023-05-02T10:00:00","guid":{"rendered":"https:\/\/preprod.sts-education.com\/blog\/2026\/03\/05\/vittoria-dro-pa-utveksling-pa-high-school-til-tyskland\/"},"modified":"2026-04-23T12:24:04","modified_gmt":"2026-04-23T12:24:04","slug":"vittoria-dro-pa-utveksling-pa-high-school-til-tyskland","status":"publish","type":"post","link":"https:\/\/www.sts-education.com\/no\/high-school\/student-stories\/studenthistorier\/vittoria-dro-pa-utveksling-pa-high-school-til-tyskland\/","title":{"rendered":"Vittoria var p\u00e5 utveksling i Tyskland"},"content":{"rendered":"\n<div class=\"wp-block-sts-text sts-text-editor has-max-width-md\"><div class=\"sts-text-editor__content\"><div class=\"sts-text-editor__content-inner\">\n<h1 style=\"text-align: center\">Vittoria var p\u00e5 utveksling i Tyskland<\/h1>\n<\/div><\/div><\/div>\n\n\n\n<div class=\"wp-block-sts-text sts-text-editor has-max-width-md\"><div class=\"sts-text-editor__content\"><div class=\"sts-text-editor__content-inner\">\n<p><em>Vittoria fra Italia tilbrakte utvekslingsoppholdet sitt i Tyskland.<\/em><\/p>\n<h2>Hvor dro du?<\/h2>\n<p>Jeg tilbrakte 11 m\u00e5neder i Starnberg, en liten by 30 minutter fra M\u00fcnchen i Bayern. Det var den beste opplevelsen i livet mitt s\u00e5 langt.<\/p>\n<h2>Hvorfor Tyskland?<\/h2>\n<p>Jeg g\u00e5r p\u00e5 en spr\u00e5klig videreg\u00e5ende skole, og da jeg valgte Tyskland, hadde jeg allerede studert tysk i tre \u00e5r. Jeg var ikke s\u00e6rlig god i tysk, jeg likte det ikke i det hele tatt. S\u00e5 jeg tenkte at den beste m\u00e5ten \u00e5 overvinne dette hinderet p\u00e5 var \u00e5 dra dit og forbedre spr\u00e5ket.<\/p>\n<h2>Hvordan var det \u00e5 bo hos en vertsfamilie?<\/h2>\n<p>Min opplevelse med vertsfamilien var spesiell. Jeg hadde faktisk to vertsfamilier. Etter de f\u00f8rste tre m\u00e5nedene inns\u00e5 jeg og den f\u00f8rste vertsfamilien at vi ikke passet sammen. I l\u00f8pet av to uker klarte STS \u00e5 finne en ny vertsfamilie til meg: den beste familien jeg noensinne har m\u00f8tt! Jeg fikk s\u00e5 mange nye opplevelser sammen med dem. Jeg gikk p\u00e5 ski for f\u00f8rste gang i mitt liv, de viste meg rundt i M\u00fcnchen og mange andre steder i Tyskland. I begynnelsen kan det v\u00e6re vanskelig \u00e5 bo i en familie som ikke er ens egen, men etter hvert blir man kjent med hverandre og etablerer et ekte tillits- og kj\u00e6rlighetsforhold. Jeg har n\u00e5 et veldig godt forhold til begge familiene, og jeg bes\u00f8kte dem til og med etter utenlandsoppholdet.<\/p>\n<h2>Var det lett\/vanskelig \u00e5 f\u00e5 venner?<\/h2>\n<p>I likhet med vertsfamilien min var ogs\u00e5 vennene mine en viktig del av dette \u00e5ret i utlandet. Jeg hadde ingen spesielle problemer med \u00e5 f\u00e5 venner; jeg er en veldig utadvendt person som alltid er \u00e5pen for nye vennskap. Jeg var ogs\u00e5 heldig fordi menneskene jeg m\u00f8tte, var veldig vennlige fra f\u00f8rste stund. De hjalp meg med \u00e5 integrere meg p\u00e5 skolen, og spesielt i timene oppmuntret de meg til \u00e5 snakke tysk og l\u00e6re meg dette spr\u00e5ket som alltid har v\u00e6rt forferdelig for meg.<\/p>\n<h2>Hvordan var det p\u00e5 skolen?<\/h2>\n<p>Systemet er veldig annerledes enn det jeg er vant til fra Italia. Det var en superorganisert skole. Den ga meg muligheten til \u00e5 drive med s\u00e5 mange aktiviteter: ulike idretter, spr\u00e5kkurs, praktiske workshops i journalistikk, fotografi, kunst, matte og geografi, muligheten til \u00e5 opptre p\u00e5 konserten p\u00e5 slutten av \u00e5ret ved \u00e5 delta i sang- og musikkundervisning, og s\u00e5 mye mer! Jeg deltok i journalistkurset og fotokurset, og jeg tok ogs\u00e5 volleyball- og dansetimer.<\/p>\n<h2>Hva er ditt beste minne?<\/h2>\n<p>Hvis jeg skulle snakke om de beste minnene fra utenlandsoppholdet, ville jeg m\u00e5tte lage en veldig lang liste. Jeg kan nevne skoleturen til Berlin med klassen min, ferien i Berlin med vertsfamilien min eller STS-leiren i Paris. Et av de \u00f8yeblikkene som har festet seg mest i hjertet mitt, var 18-\u00e5rsdagen min. Jeg var litt trist fordi det er en veldig viktig feiring i Italia, og jeg savnet vennene mine og ikke minst familien min. Men takket v\u00e6re vennene mine og den fantastiske vertsfamilien min fikk jeg bursdagsfesten jeg alltid hadde \u00f8nsket meg, sammen med de menneskene jeg brydde meg mest om.<\/p>\n<h2>Hvordan vil utvekslingsoppholdet p\u00e5virke fremtiden din?<\/h2>\n<p>Takket v\u00e6re dette \u00e5ret i utlandet har jeg gjenoppdaget meg selv og forst\u00e5tt hva jeg vil gj\u00f8re i fremtiden. Da jeg kom tilbake fra Tyskland, begynte jeg p\u00e5 det siste \u00e5ret p\u00e5 videreg\u00e5ende, jeg tok B1- og B2-spr\u00e5ksertifikatene i tysk ved Goethe-instituttet, og om mindre enn to m\u00e5neder tar jeg eksamen. I september reiser jeg tilbake til Tyskland, hvor jeg skal tilbringe et \u00e5r som au pair. I mellomtiden skal jeg ta C1-sertifikatet i tysk, som vil hjelpe meg med \u00e5 komme inn p\u00e5 universitetet jeg \u00f8nsker \u00e5 g\u00e5 p\u00e5 i M\u00fcnchen. Jeg er fast bestemt p\u00e5 \u00e5 n\u00e5 dette m\u00e5let, og hvis jeg har kommet s\u00e5 langt n\u00e5, er det f\u00f8rst og fremst takket v\u00e6re familien min og alle de ansatte p\u00e5 STS som har gjort min st\u00f8rste dr\u00f8m til virkelighet og alltid har st\u00f8ttet meg.<\/p>\n<h2>Ditt beste r\u00e5d?<\/h2>\n<ol>\n<li>Dette er en opplevelse man bare f\u00e5r \u00e9n gang i livet, s\u00e5 gj\u00f8r det! Ikke v\u00e6r redd, ta flyet og f\u00f8lg dr\u00f8mmen din. Det vil f\u00e5 deg til \u00e5 vokse; du vil bli mer moden og ansvarsfull, l\u00e6re \u00e5 leve og respektere andre vaner og tradisjoner enn dine egne, f\u00e5 en ny familie og mange nye venner. Jeg er forelsket i Tyskland og savner det mer og mer for hver dag som g\u00e5r siden jeg dro.<\/li>\n<li>Jeg anbefaler p\u00e5 det sterkeste at fremtidige utvekslingsstudenter deltar aktivt i skoleaktiviteter, spesielt hvis skoleprestasjonene ikke kan v\u00e6re s\u00e5 gode p\u00e5 grunn av spr\u00e5kproblemer. Deltakelse og interesse vil definitivt bli verdsatt og bel\u00f8nnet!<\/li>\n<li>Ikke se p\u00e5 slutten av utvekslings\u00e5ret som noe trist, men verdsett heller denne opplevelsen som helt sikkert vil \u00e5pne mange muligheter for deg i fremtiden!<\/li>\n<\/ol>\n<h2>Finn ut mer<\/h2>\n<ul>\n<li>Les flere <a href=\"https:\/\/www.sts-education.com\/no\/high-school\/student-stories\/studenthistorier\/?hashtag=Tyskland\">studenthistorier fra Tyskland<\/a><\/li>\n<li>Les mer om <a href=\"https:\/\/www.sts-education.com\/no\/high-school\/destinasjoner\/europa\/tyskland\/\">utveksling p\u00e5 high school i Tyskland<\/a><\/li>\n<li>Se alle v\u00e5re <a href=\"\/no\/high-school\/tripfinder\/\">utvekslingsdestinasjoner for high school<\/a><\/li>\n<\/ul>\n<\/div><\/div><\/div>\n","protected":false},"excerpt":{"rendered":"","protected":false},"author":20,"featured_media":14106,"comment_status":"open","ping_status":"open","sticky":false,"template":"","format":"standard","meta":{"_acf_changed":false,"_yoast_wpseo_title":"Vittoria dro p\u00e5 utveksling p\u00e5 high school til Tyskland","_yoast_wpseo_metadesc":"Jeg tilbrakte 11 m\u00e5neder i Starnberg, en liten by 30 minutter fra M\u00fcnchen i Bayern. Det var den beste opplevelsen i livet mitt s\u00e5 langt.","footnotes":""},"categories":[275],"tags":[1001],"wpw_post_folders":[],"class_list":["post-12141","post","type-post","status-publish","format-standard","has-post-thumbnail","hentry","category-uncategorized-no","tag-tyskland"],"acf":[],"yoast_head":"<!-- This site is optimized with the Yoast SEO Premium plugin v27.2 (Yoast SEO v27.2) - https:\/\/yoast.com\/product\/yoast-seo-premium-wordpress\/ -->\n<title>Vittoria dro p\u00e5 utveksling p\u00e5 high school til Tyskland<\/title>\n<meta name=\"description\" content=\"Jeg tilbrakte 11 m\u00e5neder i Starnberg, en liten by 30 minutter fra M\u00fcnchen i Bayern. Det var den beste opplevelsen i livet mitt s\u00e5 langt.\" \/>\n<meta name=\"robots\" content=\"index, follow, max-snippet:-1, max-image-preview:large, max-video-preview:-1\" \/>\n<link rel=\"canonical\" href=\"https:\/\/www.sts-education.com\/no\/high-school\/student-stories\/studenthistorier\/vittoria-dro-pa-utveksling-pa-high-school-til-tyskland\/\" \/>\n<meta property=\"og:locale\" content=\"nb_NO\" \/>\n<meta property=\"og:type\" content=\"article\" \/>\n<meta property=\"og:title\" content=\"Vittoria var p\u00e5 utveksling i Tyskland\" \/>\n<meta property=\"og:description\" content=\"Jeg tilbrakte 11 m\u00e5neder i Starnberg, en liten by 30 minutter fra M\u00fcnchen i Bayern. Det var den beste opplevelsen i livet mitt s\u00e5 langt.\" \/>\n<meta property=\"og:url\" content=\"https:\/\/www.sts-education.com\/no\/high-school\/student-stories\/studenthistorier\/vittoria-dro-pa-utveksling-pa-high-school-til-tyskland\/\" \/>\n<meta property=\"og:site_name\" content=\"STS Education\" \/>\n<meta property=\"article:published_time\" content=\"2023-05-02T10:00:00+00:00\" \/>\n<meta property=\"article:modified_time\" content=\"2026-04-23T12:24:04+00:00\" \/>\n<meta property=\"og:image\" content=\"https:\/\/powered-by.qbank.se\/educatius\/sts\/\/ca9fb1d01fb6c899ef4095abc2d3ea13_1-1-thumb.webp\" \/>\n\t<meta property=\"og:image:width\" content=\"150\" \/>\n\t<meta property=\"og:image:height\" content=\"150\" \/>\n\t<meta property=\"og:image:type\" content=\"image\/jpeg\" \/>\n<meta name=\"author\" content=\"syncreadwrite\" \/>\n<meta name=\"twitter:card\" content=\"summary_large_image\" \/>\n<meta name=\"twitter:label1\" content=\"Skrevet av\" \/>\n\t<meta name=\"twitter:data1\" content=\"syncreadwrite\" \/>\n\t<meta name=\"twitter:label2\" content=\"Ansl. lesetid\" \/>\n\t<meta name=\"twitter:data2\" content=\"4 minutter\" \/>\n<script type=\"application\/ld+json\" class=\"yoast-schema-graph\">{\"@context\":\"https:\/\/schema.org\",\"@graph\":[{\"@type\":\"Article\",\"@id\":\"https:\/\/www.sts-education.com\/no\/high-school\/student-stories\/studenthistorier\/vittoria-dro-pa-utveksling-pa-high-school-til-tyskland\/#article\",\"isPartOf\":{\"@id\":\"https:\/\/www.sts-education.com\/no\/high-school\/student-stories\/studenthistorier\/vittoria-dro-pa-utveksling-pa-high-school-til-tyskland\/\"},\"author\":{\"name\":\"syncreadwrite\",\"@id\":\"https:\/\/www.sts-education.com\/no\/#\/schema\/person\/8b82f3a2e45f020b8f296d7a85d9a97c\"},\"headline\":\"Vittoria var p\u00e5 utveksling i Tyskland\",\"datePublished\":\"2023-05-02T10:00:00+00:00\",\"dateModified\":\"2026-04-23T12:24:04+00:00\",\"mainEntityOfPage\":{\"@id\":\"https:\/\/www.sts-education.com\/no\/high-school\/student-stories\/studenthistorier\/vittoria-dro-pa-utveksling-pa-high-school-til-tyskland\/\"},\"wordCount\":861,\"commentCount\":0,\"image\":{\"@id\":\"https:\/\/www.sts-education.com\/no\/high-school\/student-stories\/studenthistorier\/vittoria-dro-pa-utveksling-pa-high-school-til-tyskland\/#primaryimage\"},\"thumbnailUrl\":\"https:\/\/powered-by.qbank.se\/educatius\/sts\/\/ca9fb1d01fb6c899ef4095abc2d3ea13_1-1-thumb.webp\",\"keywords\":[\"Tyskland\"],\"articleSection\":[\"Uncategorized @no\"],\"inLanguage\":\"nb-NO\",\"potentialAction\":[{\"@type\":\"CommentAction\",\"name\":\"Comment\",\"target\":[\"https:\/\/www.sts-education.com\/no\/high-school\/student-stories\/studenthistorier\/vittoria-dro-pa-utveksling-pa-high-school-til-tyskland\/#respond\"]}]},{\"@type\":\"WebPage\",\"@id\":\"https:\/\/www.sts-education.com\/no\/high-school\/student-stories\/studenthistorier\/vittoria-dro-pa-utveksling-pa-high-school-til-tyskland\/\",\"url\":\"https:\/\/www.sts-education.com\/no\/high-school\/student-stories\/studenthistorier\/vittoria-dro-pa-utveksling-pa-high-school-til-tyskland\/\",\"name\":\"Vittoria dro p\u00e5 utveksling p\u00e5 high school til Tyskland\",\"isPartOf\":{\"@id\":\"https:\/\/www.sts-education.com\/no\/#website\"},\"primaryImageOfPage\":{\"@id\":\"https:\/\/www.sts-education.com\/no\/high-school\/student-stories\/studenthistorier\/vittoria-dro-pa-utveksling-pa-high-school-til-tyskland\/#primaryimage\"},\"image\":{\"@id\":\"https:\/\/www.sts-education.com\/no\/high-school\/student-stories\/studenthistorier\/vittoria-dro-pa-utveksling-pa-high-school-til-tyskland\/#primaryimage\"},\"thumbnailUrl\":\"https:\/\/powered-by.qbank.se\/educatius\/sts\/\/ca9fb1d01fb6c899ef4095abc2d3ea13_1-1-thumb.webp\",\"datePublished\":\"2023-05-02T10:00:00+00:00\",\"dateModified\":\"2026-04-23T12:24:04+00:00\",\"author\":{\"@id\":\"https:\/\/www.sts-education.com\/no\/#\/schema\/person\/8b82f3a2e45f020b8f296d7a85d9a97c\"},\"description\":\"Jeg tilbrakte 11 m\u00e5neder i Starnberg, en liten by 30 minutter fra M\u00fcnchen i Bayern. Det var den beste opplevelsen i livet mitt s\u00e5 langt.\",\"breadcrumb\":{\"@id\":\"https:\/\/www.sts-education.com\/no\/high-school\/student-stories\/studenthistorier\/vittoria-dro-pa-utveksling-pa-high-school-til-tyskland\/#breadcrumb\"},\"inLanguage\":\"nb-NO\",\"potentialAction\":[{\"@type\":\"ReadAction\",\"target\":[\"https:\/\/www.sts-education.com\/no\/high-school\/student-stories\/studenthistorier\/vittoria-dro-pa-utveksling-pa-high-school-til-tyskland\/\"]}]},{\"@type\":\"ImageObject\",\"inLanguage\":\"nb-NO\",\"@id\":\"https:\/\/www.sts-education.com\/no\/high-school\/student-stories\/studenthistorier\/vittoria-dro-pa-utveksling-pa-high-school-til-tyskland\/#primaryimage\",\"url\":\"https:\/\/powered-by.qbank.se\/educatius\/sts\/\/ca9fb1d01fb6c899ef4095abc2d3ea13_1-1-thumb.webp\",\"contentUrl\":\"https:\/\/powered-by.qbank.se\/educatius\/sts\/\/ca9fb1d01fb6c899ef4095abc2d3ea13_1-1-thumb.webp\",\"width\":150,\"height\":150},{\"@type\":\"BreadcrumbList\",\"@id\":\"https:\/\/www.sts-education.com\/no\/high-school\/student-stories\/studenthistorier\/vittoria-dro-pa-utveksling-pa-high-school-til-tyskland\/#breadcrumb\",\"itemListElement\":[{\"@type\":\"ListItem\",\"position\":1,\"name\":\"Home\",\"item\":\"https:\/\/www.sts-education.com\/no\/\"},{\"@type\":\"ListItem\",\"position\":2,\"name\":\"Vittoria var p\u00e5 utveksling i Tyskland\"}]},{\"@type\":\"WebSite\",\"@id\":\"https:\/\/www.sts-education.com\/no\/#website\",\"url\":\"https:\/\/www.sts-education.com\/no\/\",\"name\":\"STS Education\",\"description\":\"\",\"potentialAction\":[{\"@type\":\"SearchAction\",\"target\":{\"@type\":\"EntryPoint\",\"urlTemplate\":\"https:\/\/www.sts-education.com\/no\/?s={search_term_string}\"},\"query-input\":{\"@type\":\"PropertyValueSpecification\",\"valueRequired\":true,\"valueName\":\"search_term_string\"}}],\"inLanguage\":\"nb-NO\"},{\"@type\":\"Person\",\"@id\":\"https:\/\/www.sts-education.com\/no\/#\/schema\/person\/8b82f3a2e45f020b8f296d7a85d9a97c\",\"name\":\"syncreadwrite\",\"image\":{\"@type\":\"ImageObject\",\"inLanguage\":\"nb-NO\",\"@id\":\"https:\/\/secure.gravatar.com\/avatar\/6ed1007e4f6f43f22e3df41d9fce4365533cba47fef64bb359b8e629abbc2ea6?s=96&d=mm&r=g\",\"url\":\"https:\/\/secure.gravatar.com\/avatar\/6ed1007e4f6f43f22e3df41d9fce4365533cba47fef64bb359b8e629abbc2ea6?s=96&d=mm&r=g\",\"contentUrl\":\"https:\/\/secure.gravatar.com\/avatar\/6ed1007e4f6f43f22e3df41d9fce4365533cba47fef64bb359b8e629abbc2ea6?s=96&d=mm&r=g\",\"caption\":\"syncreadwrite\"},\"url\":\"https:\/\/www.sts-education.com\/no\/author\/syncreadwrite\/\"}]}<\/script>\n<!-- \/ Yoast SEO Premium plugin. -->","yoast_head_json":{"title":"Vittoria dro p\u00e5 utveksling p\u00e5 high school til Tyskland","description":"Jeg tilbrakte 11 m\u00e5neder i Starnberg, en liten by 30 minutter fra M\u00fcnchen i Bayern. Det var den beste opplevelsen i livet mitt s\u00e5 langt.","robots":{"index":"index","follow":"follow","max-snippet":"max-snippet:-1","max-image-preview":"max-image-preview:large","max-video-preview":"max-video-preview:-1"},"canonical":"https:\/\/www.sts-education.com\/no\/high-school\/student-stories\/studenthistorier\/vittoria-dro-pa-utveksling-pa-high-school-til-tyskland\/","og_locale":"nb_NO","og_type":"article","og_title":"Vittoria var p\u00e5 utveksling i Tyskland","og_description":"Jeg tilbrakte 11 m\u00e5neder i Starnberg, en liten by 30 minutter fra M\u00fcnchen i Bayern. Det var den beste opplevelsen i livet mitt s\u00e5 langt.","og_url":"https:\/\/www.sts-education.com\/no\/high-school\/student-stories\/studenthistorier\/vittoria-dro-pa-utveksling-pa-high-school-til-tyskland\/","og_site_name":"STS Education","article_published_time":"2023-05-02T10:00:00+00:00","article_modified_time":"2026-04-23T12:24:04+00:00","og_image":[{"width":150,"height":150,"url":"https:\/\/powered-by.qbank.se\/educatius\/sts\/\/ca9fb1d01fb6c899ef4095abc2d3ea13_1-1-thumb.webp","type":"image\/jpeg"}],"author":"syncreadwrite","twitter_card":"summary_large_image","twitter_misc":{"Skrevet av":"syncreadwrite","Ansl. lesetid":"4 minutter"},"schema":{"@context":"https:\/\/schema.org","@graph":[{"@type":"Article","@id":"https:\/\/www.sts-education.com\/no\/high-school\/student-stories\/studenthistorier\/vittoria-dro-pa-utveksling-pa-high-school-til-tyskland\/#article","isPartOf":{"@id":"https:\/\/www.sts-education.com\/no\/high-school\/student-stories\/studenthistorier\/vittoria-dro-pa-utveksling-pa-high-school-til-tyskland\/"},"author":{"name":"syncreadwrite","@id":"https:\/\/www.sts-education.com\/no\/#\/schema\/person\/8b82f3a2e45f020b8f296d7a85d9a97c"},"headline":"Vittoria var p\u00e5 utveksling i Tyskland","datePublished":"2023-05-02T10:00:00+00:00","dateModified":"2026-04-23T12:24:04+00:00","mainEntityOfPage":{"@id":"https:\/\/www.sts-education.com\/no\/high-school\/student-stories\/studenthistorier\/vittoria-dro-pa-utveksling-pa-high-school-til-tyskland\/"},"wordCount":861,"commentCount":0,"image":{"@id":"https:\/\/www.sts-education.com\/no\/high-school\/student-stories\/studenthistorier\/vittoria-dro-pa-utveksling-pa-high-school-til-tyskland\/#primaryimage"},"thumbnailUrl":"https:\/\/powered-by.qbank.se\/educatius\/sts\/\/ca9fb1d01fb6c899ef4095abc2d3ea13_1-1-thumb.webp","keywords":["Tyskland"],"articleSection":["Uncategorized @no"],"inLanguage":"nb-NO","potentialAction":[{"@type":"CommentAction","name":"Comment","target":["https:\/\/www.sts-education.com\/no\/high-school\/student-stories\/studenthistorier\/vittoria-dro-pa-utveksling-pa-high-school-til-tyskland\/#respond"]}]},{"@type":"WebPage","@id":"https:\/\/www.sts-education.com\/no\/high-school\/student-stories\/studenthistorier\/vittoria-dro-pa-utveksling-pa-high-school-til-tyskland\/","url":"https:\/\/www.sts-education.com\/no\/high-school\/student-stories\/studenthistorier\/vittoria-dro-pa-utveksling-pa-high-school-til-tyskland\/","name":"Vittoria dro p\u00e5 utveksling p\u00e5 high school til Tyskland","isPartOf":{"@id":"https:\/\/www.sts-education.com\/no\/#website"},"primaryImageOfPage":{"@id":"https:\/\/www.sts-education.com\/no\/high-school\/student-stories\/studenthistorier\/vittoria-dro-pa-utveksling-pa-high-school-til-tyskland\/#primaryimage"},"image":{"@id":"https:\/\/www.sts-education.com\/no\/high-school\/student-stories\/studenthistorier\/vittoria-dro-pa-utveksling-pa-high-school-til-tyskland\/#primaryimage"},"thumbnailUrl":"https:\/\/powered-by.qbank.se\/educatius\/sts\/\/ca9fb1d01fb6c899ef4095abc2d3ea13_1-1-thumb.webp","datePublished":"2023-05-02T10:00:00+00:00","dateModified":"2026-04-23T12:24:04+00:00","author":{"@id":"https:\/\/www.sts-education.com\/no\/#\/schema\/person\/8b82f3a2e45f020b8f296d7a85d9a97c"},"description":"Jeg tilbrakte 11 m\u00e5neder i Starnberg, en liten by 30 minutter fra M\u00fcnchen i Bayern. Det var den beste opplevelsen i livet mitt s\u00e5 langt.","breadcrumb":{"@id":"https:\/\/www.sts-education.com\/no\/high-school\/student-stories\/studenthistorier\/vittoria-dro-pa-utveksling-pa-high-school-til-tyskland\/#breadcrumb"},"inLanguage":"nb-NO","potentialAction":[{"@type":"ReadAction","target":["https:\/\/www.sts-education.com\/no\/high-school\/student-stories\/studenthistorier\/vittoria-dro-pa-utveksling-pa-high-school-til-tyskland\/"]}]},{"@type":"ImageObject","inLanguage":"nb-NO","@id":"https:\/\/www.sts-education.com\/no\/high-school\/student-stories\/studenthistorier\/vittoria-dro-pa-utveksling-pa-high-school-til-tyskland\/#primaryimage","url":"https:\/\/powered-by.qbank.se\/educatius\/sts\/\/ca9fb1d01fb6c899ef4095abc2d3ea13_1-1-thumb.webp","contentUrl":"https:\/\/powered-by.qbank.se\/educatius\/sts\/\/ca9fb1d01fb6c899ef4095abc2d3ea13_1-1-thumb.webp","width":150,"height":150},{"@type":"BreadcrumbList","@id":"https:\/\/www.sts-education.com\/no\/high-school\/student-stories\/studenthistorier\/vittoria-dro-pa-utveksling-pa-high-school-til-tyskland\/#breadcrumb","itemListElement":[{"@type":"ListItem","position":1,"name":"Home","item":"https:\/\/www.sts-education.com\/no\/"},{"@type":"ListItem","position":2,"name":"Vittoria var p\u00e5 utveksling i Tyskland"}]},{"@type":"WebSite","@id":"https:\/\/www.sts-education.com\/no\/#website","url":"https:\/\/www.sts-education.com\/no\/","name":"STS Education","description":"","potentialAction":[{"@type":"SearchAction","target":{"@type":"EntryPoint","urlTemplate":"https:\/\/www.sts-education.com\/no\/?s={search_term_string}"},"query-input":{"@type":"PropertyValueSpecification","valueRequired":true,"valueName":"search_term_string"}}],"inLanguage":"nb-NO"},{"@type":"Person","@id":"https:\/\/www.sts-education.com\/no\/#\/schema\/person\/8b82f3a2e45f020b8f296d7a85d9a97c","name":"syncreadwrite","image":{"@type":"ImageObject","inLanguage":"nb-NO","@id":"https:\/\/secure.gravatar.com\/avatar\/6ed1007e4f6f43f22e3df41d9fce4365533cba47fef64bb359b8e629abbc2ea6?s=96&d=mm&r=g","url":"https:\/\/secure.gravatar.com\/avatar\/6ed1007e4f6f43f22e3df41d9fce4365533cba47fef64bb359b8e629abbc2ea6?s=96&d=mm&r=g","contentUrl":"https:\/\/secure.gravatar.com\/avatar\/6ed1007e4f6f43f22e3df41d9fce4365533cba47fef64bb359b8e629abbc2ea6?s=96&d=mm&r=g","caption":"syncreadwrite"},"url":"https:\/\/www.sts-education.com\/no\/author\/syncreadwrite\/"}]}},"_links":{"self":[{"href":"https:\/\/www.sts-education.com\/no\/wp-json\/wp\/v2\/posts\/12141","targetHints":{"allow":["GET"]}}],"collection":[{"href":"https:\/\/www.sts-education.com\/no\/wp-json\/wp\/v2\/posts"}],"about":[{"href":"https:\/\/www.sts-education.com\/no\/wp-json\/wp\/v2\/types\/post"}],"author":[{"embeddable":true,"href":"https:\/\/www.sts-education.com\/no\/wp-json\/wp\/v2\/users\/20"}],"replies":[{"embeddable":true,"href":"https:\/\/www.sts-education.com\/no\/wp-json\/wp\/v2\/comments?post=12141"}],"version-history":[{"count":5,"href":"https:\/\/www.sts-education.com\/no\/wp-json\/wp\/v2\/posts\/12141\/revisions"}],"predecessor-version":[{"id":40622,"href":"https:\/\/www.sts-education.com\/no\/wp-json\/wp\/v2\/posts\/12141\/revisions\/40622"}],"wp:featuredmedia":[{"embeddable":true,"href":"https:\/\/www.sts-education.com\/no\/wp-json\/wp\/v2\/media\/14106"}],"wp:attachment":[{"href":"https:\/\/www.sts-education.com\/no\/wp-json\/wp\/v2\/media?parent=12141"}],"wp:term":[{"taxonomy":"category","embeddable":true,"href":"https:\/\/www.sts-education.com\/no\/wp-json\/wp\/v2\/categories?post=12141"},{"taxonomy":"post_tag","embeddable":true,"href":"https:\/\/www.sts-education.com\/no\/wp-json\/wp\/v2\/tags?post=12141"},{"taxonomy":"wpw_post_folders","embeddable":true,"href":"https:\/\/www.sts-education.com\/no\/wp-json\/wp\/v2\/wpw_post_folders?post=12141"}],"curies":[{"name":"wp","href":"https:\/\/api.w.org\/{rel}","templated":true}]}}