{"id":12142,"date":"2023-05-02T10:00:00","date_gmt":"2023-05-02T10:00:00","guid":{"rendered":"https:\/\/preprod.sts-education.com\/blog\/2026\/03\/05\/jenny-valgte-a-studere-i-costa-rica\/"},"modified":"2026-04-23T12:23:43","modified_gmt":"2026-04-23T12:23:43","slug":"jenny-valgte-a-studere-i-costa-rica","status":"publish","type":"post","link":"https:\/\/www.sts-education.com\/no\/high-school\/student-stories\/studenthistorier\/jenny-valgte-a-studere-i-costa-rica\/","title":{"rendered":"Jenny valgte \u00e5 studere i Costa Rica"},"content":{"rendered":"\n<div class=\"wp-block-sts-text sts-text-editor has-max-width-md\"><div class=\"sts-text-editor__content\"><div class=\"sts-text-editor__content-inner\">\n<h1 style=\"text-align: center\">Jenny valgte \u00e5 studere i Costa Rica<\/h1>\n<\/div><\/div><\/div>\n\n\n\n<div class=\"wp-block-sts-text sts-text-editor has-max-width-md\"><div class=\"sts-text-editor__content\"><div class=\"sts-text-editor__content-inner\">\n<p><em>Jenny fra Norge dro p\u00e5 utveksling til Costa Rica. Vi har spurt henne om opplevelsen.<\/em><\/p>\n<h2>Hvorfor dro du p\u00e5 utveksling?<\/h2>\n<p>Jeg har alltid hatt lyst til \u00e5 dra p\u00e5 utveksling, det begynte da jeg var liten. S\u00f8strene mine fortalte meg om sine utvekslingsopphold og erfaringer med \u00e5 reise rundt i verden. Dr\u00f8mmen min har alltid v\u00e6rt \u00e5 reise, og et utvekslings\u00e5r er den perfekte m\u00e5ten \u00e5 gj\u00f8re det p\u00e5. Utvekslings\u00e5ret ga meg muligheten til \u00e5 se hvordan det er \u00e5 g\u00e5 p\u00e5 videreg\u00e5ende skole i et annet land, og hvor annerledes livet til andre ungdommer er. Et utvekslings\u00e5r l\u00e6rte meg om verden p\u00e5 en annen m\u00e5te enn \u00e5 sitte p\u00e5 skolebenken i Norge.<\/p>\n<h2>Hvor dro du og hvorfor?<\/h2>\n<p>Jeg dro til Costa Rica fordi jeg ville l\u00e6re meg spansk, p\u00e5 grunn av den vakre naturen og fordi kulturen er s\u00e5 annerledes enn i hjemlandet mitt (Norge).<\/p>\n<h2>Hvordan var det \u00e5 bo hos en vertsfamilie?<\/h2>\n<p>Vertsfamilien min var veldig stor og ga meg en varm velkomst. Jeg har fortsatt kontakt med dem, og vi planlegger \u00e5 bes\u00f8ke dem. Vi hadde selvf\u00f8lgelig noen uenigheter p\u00e5 grunn av de store kulturforskjellene, men stort sett gikk det bra, og jeg er veldig takknemlig for at jeg fikk denne vertsfamilien.<\/p>\n<h2>Hvordan var det p\u00e5 skolen?<\/h2>\n<p>Skolen var veldig g\u00f8y! Skolen min hadde mange dyr, alt fra krokodiller til vaskebj\u00f8rner. Jeg kom i verdens beste klasse, og klassekameratene mine ble mine beste venner. Alle var veldig im\u00f8tekommende og inkluderende, og jeg l\u00e6rte mye spansk p\u00e5 skolen. Jeg gikk p\u00e5 offentlig skole, og utdanningsniv\u00e5et var ikke veldig h\u00f8yt, men jeg l\u00e6rte mye spansk, mye om landet og om menneskene som bor der.<\/p>\n<h2>Hva gjorde du p\u00e5 fritiden? Noen nye hobbyer?<\/h2>\n<p>Jeg pr\u00f8vde mange aktiviteter p\u00e5 fritiden, for eksempel sv\u00f8mming og Tae Bo. Jeg hjalp ogs\u00e5 vertsforeldrene mine med \u00e5 ta vare p\u00e5 barna og tilbrakte mye tid sammen med familien. Noen ganger dro jeg hjem til en venn for \u00e5 studere, siden vi nesten var naboer.<\/p>\n<h2>Var det lett\/vanskelig \u00e5 f\u00e5 venner?<\/h2>\n<p>For meg var det veldig lett \u00e5 f\u00e5 venner. Jeg var s\u00e5 heldig \u00e5 g\u00e5 i en flott klasse, og klassekameratene mine var veldig inkluderende. Det var litt vanskelig \u00e5 knytte dype b\u00e5nd p\u00e5 grunn av spr\u00e5kbarrieren. Men det ble lettere etter noen m\u00e5neder, og jeg hadde aldri problemer med \u00e5 f\u00e5 venner.<\/p>\n<h2>Hva var en stor utfordring for deg? Hvordan overvant du den?<\/h2>\n<p>Den st\u00f8rste utfordringen for meg var spr\u00e5ket, men litt etter litt l\u00e6rte jeg meg spansk. Vertsfamilien og vennene mine kunne ikke engelsk, noe som &quot;tvang&quot; meg til \u00e5 l\u00e6re spr\u00e5ket, for det var ikke noe annet alternativ. Jeg er veldig stolt over \u00e5 ha l\u00e6rt meg spr\u00e5ket p\u00e5 10 m\u00e5neder, og n\u00e5 er spansken min bedre enn engelsken min.<\/p>\n<h2>Hva var det beste med utvekslings\u00e5ret ditt?<\/h2>\n<p>Det beste med utvekslings\u00e5ret var at jeg vokste som person og l\u00e6rte om verden p\u00e5 en ny m\u00e5te.<\/p>\n<h2>Hva er ditt beste minne?<\/h2>\n<p>Det beste minnet mitt var den f\u00f8rste turen med de andre utvekslingsstudentene. Vi dro til Ostional i Guanacaste, som er en av de vakreste delene av landet. Vi v\u00e5knet klokka 4 om morgenen for \u00e5 se skilpaddeungene g\u00e5 ut i havet. Det var den beste turen jeg noen gang har v\u00e6rt p\u00e5.<\/p>\n<h2>Hva er det viktigste du har l\u00e6rt?<\/h2>\n<p>Det viktigste jeg har l\u00e6rt er spr\u00e5ket, og at folk er forskjellige, og at det er greit. Det kan v\u00e6re vanskelig \u00e5 diskutere med folk, spesielt den eldre generasjonen, som har en tendens til \u00e5 v\u00e6re mer tradisjonell og ikke \u00f8nsker \u00e5 h\u00f8re andre meninger. Jeg l\u00e6rte at det ikke er n\u00f8dvendig \u00e5 diskutere med alle, at ikke alle \u00f8nsker \u00e5 se ditt synspunkt, og at det er greit.<\/p>\n<h2>Kan du anbefale \u00e5 dra dit?<\/h2>\n<p>Ja, absolutt. Utveksling er bra for nesten alle, men jeg anbefaler Costa Rica for folk som er t\u00e5lmodige og forsiktige. Costa Rica er et vakkert land, men det er ekstremt viktig \u00e5 v\u00e6re forsiktig og f\u00f8lge sikkerhetsreglene. Dessuten kan folk ha helt andre meninger enn deg, og de kulturelle forskjellene kan v\u00e6re veldig store.<\/p>\n<h2>Hvorfor b\u00f8r man dra p\u00e5 utveksling?<\/h2>\n<p>Utveksling bidrar til at du f\u00e5r en bedre forst\u00e5else av verden, du f\u00e5r se vakre steder, og du m\u00f8ter flotte mennesker. Du l\u00e6rer om verden, og det er en opplevelse du bare f\u00e5r en gang i livet.<\/p>\n<h2>Har du noen r\u00e5d?<\/h2>\n<p>Lytt til vertsfamilien din og deres r\u00e5d. De kjenner landet og vet hva som er trygt og hva som ikke er det.<\/p>\n<h2>Hvordan vil utvekslingsoppholdet p\u00e5virke fremtiden din?<\/h2>\n<p>Jeg kom nettopp tilbake fra et to m\u00e5neders Erasmus-utvekslingsopphold i Spania. Jeg tror ikke det hadde skjedd uten tiden min i Costa Rica! N\u00e5 er jeg i Norge i tre m\u00e5neder for \u00e5 avlegge eksamen og ta eksamen. Etter eksamen i juni reiser jeg tilbake til Costa Rica.<\/p>\n<p>Utvekslingsoppholdet har utviklet meg som person og gitt meg kontakt med s\u00e5 mange mennesker som jeg gleder meg til \u00e5 m\u00f8te igjen. Utvekslingsoppholdet har ogs\u00e5 gitt meg en f\u00f8lelse av selvstendighet, og jeg f\u00f8ler meg mye tryggere.<\/p>\n<h2>Hvorfor valgte du STS?<\/h2>\n<p>Jeg valgte STS fordi de hadde mange land \u00e5 velge mellom, de var veldig snille i forhold til Covid-19-situasjonen og lot meg avbestille og likevel f\u00e5 pengene tilbake, noe andre organisasjoner ikke lot meg gj\u00f8re. Jeg fikk ogs\u00e5 et veldig godt inntrykk av STS under intervjuet. S\u00f8steren min reiste ogs\u00e5 med STS og hadde en god opplevelse.<\/p>\n<h2>Var du forn\u00f8yd med STS?<\/h2>\n<p>Jeg var veldig forn\u00f8yd med STS, s\u00e5 forn\u00f8yd at vi n\u00e5 er vertskap for en STS-utvekslingsstudent fra Mexico.<\/p>\n<h2>Finn ut mer<\/h2>\n<ul>\n<li>Les flere <a href=\"https:\/\/www.sts-education.com\/no\/high-school\/student-stories\/studenthistorier\/?hashtag=Costa+Rica\">studenthistorier fra Costa Rica<\/a><\/li>\n<li>Les mer om <a href=\"https:\/\/www.sts-education.com\/no\/high-school\/destinasjoner\/sor-amerika\/costa-rica\/\">utveksling p\u00e5 high school i Costa Rica<\/a><\/li>\n<li>Se alle v\u00e5re <a href=\"\/no\/high-school\/tripfinder\/\">utvekslingsdestinasjoner for high school<\/a><\/li>\n<\/ul>\n<\/div><\/div><\/div>\n","protected":false},"excerpt":{"rendered":"","protected":false},"author":20,"featured_media":14108,"comment_status":"open","ping_status":"open","sticky":false,"template":"","format":"standard","meta":{"_acf_changed":false,"_yoast_wpseo_title":"Jenny valgte \u00e5 studere i Costa Rica","_yoast_wpseo_metadesc":"Jeg har alltid hatt lyst til \u00e5 dra p\u00e5 utveksling, det begynte da jeg var liten. S\u00f8strene mine fortalte meg om sine utvekslingsopphold og erfaringer med \u00e5 reise rundt i verden.","footnotes":""},"categories":[275],"tags":[997],"wpw_post_folders":[],"class_list":["post-12142","post","type-post","status-publish","format-standard","has-post-thumbnail","hentry","category-uncategorized-no","tag-costa-rica"],"acf":[],"yoast_head":"<!-- This site is optimized with the Yoast SEO Premium plugin v27.2 (Yoast SEO v27.2) - https:\/\/yoast.com\/product\/yoast-seo-premium-wordpress\/ -->\n<title>Jenny valgte \u00e5 studere i Costa Rica<\/title>\n<meta name=\"description\" content=\"Jeg har alltid hatt lyst til \u00e5 dra p\u00e5 utveksling, det begynte da jeg var liten. S\u00f8strene mine fortalte meg om sine utvekslingsopphold og erfaringer med \u00e5 reise rundt i verden.\" \/>\n<meta name=\"robots\" content=\"index, follow, max-snippet:-1, max-image-preview:large, max-video-preview:-1\" \/>\n<link rel=\"canonical\" href=\"https:\/\/www.sts-education.com\/no\/high-school\/student-stories\/studenthistorier\/jenny-valgte-a-studere-i-costa-rica\/\" \/>\n<meta property=\"og:locale\" content=\"nb_NO\" \/>\n<meta property=\"og:type\" content=\"article\" \/>\n<meta property=\"og:title\" content=\"Jenny valgte \u00e5 studere i Costa Rica\" \/>\n<meta property=\"og:description\" content=\"Jeg har alltid hatt lyst til \u00e5 dra p\u00e5 utveksling, det begynte da jeg var liten. S\u00f8strene mine fortalte meg om sine utvekslingsopphold og erfaringer med \u00e5 reise rundt i verden.\" \/>\n<meta property=\"og:url\" content=\"https:\/\/www.sts-education.com\/no\/high-school\/student-stories\/studenthistorier\/jenny-valgte-a-studere-i-costa-rica\/\" \/>\n<meta property=\"og:site_name\" content=\"STS Education\" \/>\n<meta property=\"article:published_time\" content=\"2023-05-02T10:00:00+00:00\" \/>\n<meta property=\"article:modified_time\" content=\"2026-04-23T12:23:43+00:00\" \/>\n<meta property=\"og:image\" content=\"https:\/\/powered-by.qbank.se\/educatius\/sts\/\/c05556c0b8b22d19da665af35946abf7_1-1-thumb.webp\" \/>\n\t<meta property=\"og:image:width\" content=\"150\" \/>\n\t<meta property=\"og:image:height\" content=\"150\" \/>\n\t<meta property=\"og:image:type\" content=\"image\/jpeg\" \/>\n<meta name=\"author\" content=\"syncreadwrite\" \/>\n<meta name=\"twitter:card\" content=\"summary_large_image\" \/>\n<meta name=\"twitter:label1\" content=\"Skrevet av\" \/>\n\t<meta name=\"twitter:data1\" content=\"syncreadwrite\" \/>\n\t<meta name=\"twitter:label2\" content=\"Ansl. lesetid\" \/>\n\t<meta name=\"twitter:data2\" content=\"5 minutter\" \/>\n<script type=\"application\/ld+json\" class=\"yoast-schema-graph\">{\"@context\":\"https:\/\/schema.org\",\"@graph\":[{\"@type\":\"Article\",\"@id\":\"https:\/\/www.sts-education.com\/no\/high-school\/student-stories\/studenthistorier\/jenny-valgte-a-studere-i-costa-rica\/#article\",\"isPartOf\":{\"@id\":\"https:\/\/www.sts-education.com\/no\/high-school\/student-stories\/studenthistorier\/jenny-valgte-a-studere-i-costa-rica\/\"},\"author\":{\"name\":\"syncreadwrite\",\"@id\":\"https:\/\/www.sts-education.com\/no\/#\/schema\/person\/8b82f3a2e45f020b8f296d7a85d9a97c\"},\"headline\":\"Jenny valgte \u00e5 studere i Costa Rica\",\"datePublished\":\"2023-05-02T10:00:00+00:00\",\"dateModified\":\"2026-04-23T12:23:43+00:00\",\"mainEntityOfPage\":{\"@id\":\"https:\/\/www.sts-education.com\/no\/high-school\/student-stories\/studenthistorier\/jenny-valgte-a-studere-i-costa-rica\/\"},\"wordCount\":1005,\"commentCount\":0,\"image\":{\"@id\":\"https:\/\/www.sts-education.com\/no\/high-school\/student-stories\/studenthistorier\/jenny-valgte-a-studere-i-costa-rica\/#primaryimage\"},\"thumbnailUrl\":\"https:\/\/powered-by.qbank.se\/educatius\/sts\/\/c05556c0b8b22d19da665af35946abf7_1-1-thumb.webp\",\"keywords\":[\"Costa Rica\"],\"articleSection\":[\"Uncategorized @no\"],\"inLanguage\":\"nb-NO\",\"potentialAction\":[{\"@type\":\"CommentAction\",\"name\":\"Comment\",\"target\":[\"https:\/\/www.sts-education.com\/no\/high-school\/student-stories\/studenthistorier\/jenny-valgte-a-studere-i-costa-rica\/#respond\"]}]},{\"@type\":\"WebPage\",\"@id\":\"https:\/\/www.sts-education.com\/no\/high-school\/student-stories\/studenthistorier\/jenny-valgte-a-studere-i-costa-rica\/\",\"url\":\"https:\/\/www.sts-education.com\/no\/high-school\/student-stories\/studenthistorier\/jenny-valgte-a-studere-i-costa-rica\/\",\"name\":\"Jenny valgte \u00e5 studere i Costa Rica\",\"isPartOf\":{\"@id\":\"https:\/\/www.sts-education.com\/no\/#website\"},\"primaryImageOfPage\":{\"@id\":\"https:\/\/www.sts-education.com\/no\/high-school\/student-stories\/studenthistorier\/jenny-valgte-a-studere-i-costa-rica\/#primaryimage\"},\"image\":{\"@id\":\"https:\/\/www.sts-education.com\/no\/high-school\/student-stories\/studenthistorier\/jenny-valgte-a-studere-i-costa-rica\/#primaryimage\"},\"thumbnailUrl\":\"https:\/\/powered-by.qbank.se\/educatius\/sts\/\/c05556c0b8b22d19da665af35946abf7_1-1-thumb.webp\",\"datePublished\":\"2023-05-02T10:00:00+00:00\",\"dateModified\":\"2026-04-23T12:23:43+00:00\",\"author\":{\"@id\":\"https:\/\/www.sts-education.com\/no\/#\/schema\/person\/8b82f3a2e45f020b8f296d7a85d9a97c\"},\"description\":\"Jeg har alltid hatt lyst til \u00e5 dra p\u00e5 utveksling, det begynte da jeg var liten. S\u00f8strene mine fortalte meg om sine utvekslingsopphold og erfaringer med \u00e5 reise rundt i verden.\",\"breadcrumb\":{\"@id\":\"https:\/\/www.sts-education.com\/no\/high-school\/student-stories\/studenthistorier\/jenny-valgte-a-studere-i-costa-rica\/#breadcrumb\"},\"inLanguage\":\"nb-NO\",\"potentialAction\":[{\"@type\":\"ReadAction\",\"target\":[\"https:\/\/www.sts-education.com\/no\/high-school\/student-stories\/studenthistorier\/jenny-valgte-a-studere-i-costa-rica\/\"]}]},{\"@type\":\"ImageObject\",\"inLanguage\":\"nb-NO\",\"@id\":\"https:\/\/www.sts-education.com\/no\/high-school\/student-stories\/studenthistorier\/jenny-valgte-a-studere-i-costa-rica\/#primaryimage\",\"url\":\"https:\/\/powered-by.qbank.se\/educatius\/sts\/\/c05556c0b8b22d19da665af35946abf7_1-1-thumb.webp\",\"contentUrl\":\"https:\/\/powered-by.qbank.se\/educatius\/sts\/\/c05556c0b8b22d19da665af35946abf7_1-1-thumb.webp\",\"width\":150,\"height\":150},{\"@type\":\"BreadcrumbList\",\"@id\":\"https:\/\/www.sts-education.com\/no\/high-school\/student-stories\/studenthistorier\/jenny-valgte-a-studere-i-costa-rica\/#breadcrumb\",\"itemListElement\":[{\"@type\":\"ListItem\",\"position\":1,\"name\":\"Home\",\"item\":\"https:\/\/www.sts-education.com\/no\/\"},{\"@type\":\"ListItem\",\"position\":2,\"name\":\"Jenny valgte \u00e5 studere i Costa Rica\"}]},{\"@type\":\"WebSite\",\"@id\":\"https:\/\/www.sts-education.com\/no\/#website\",\"url\":\"https:\/\/www.sts-education.com\/no\/\",\"name\":\"STS Education\",\"description\":\"\",\"potentialAction\":[{\"@type\":\"SearchAction\",\"target\":{\"@type\":\"EntryPoint\",\"urlTemplate\":\"https:\/\/www.sts-education.com\/no\/?s={search_term_string}\"},\"query-input\":{\"@type\":\"PropertyValueSpecification\",\"valueRequired\":true,\"valueName\":\"search_term_string\"}}],\"inLanguage\":\"nb-NO\"},{\"@type\":\"Person\",\"@id\":\"https:\/\/www.sts-education.com\/no\/#\/schema\/person\/8b82f3a2e45f020b8f296d7a85d9a97c\",\"name\":\"syncreadwrite\",\"image\":{\"@type\":\"ImageObject\",\"inLanguage\":\"nb-NO\",\"@id\":\"https:\/\/secure.gravatar.com\/avatar\/6ed1007e4f6f43f22e3df41d9fce4365533cba47fef64bb359b8e629abbc2ea6?s=96&d=mm&r=g\",\"url\":\"https:\/\/secure.gravatar.com\/avatar\/6ed1007e4f6f43f22e3df41d9fce4365533cba47fef64bb359b8e629abbc2ea6?s=96&d=mm&r=g\",\"contentUrl\":\"https:\/\/secure.gravatar.com\/avatar\/6ed1007e4f6f43f22e3df41d9fce4365533cba47fef64bb359b8e629abbc2ea6?s=96&d=mm&r=g\",\"caption\":\"syncreadwrite\"},\"url\":\"https:\/\/www.sts-education.com\/no\/author\/syncreadwrite\/\"}]}<\/script>\n<!-- \/ Yoast SEO Premium plugin. -->","yoast_head_json":{"title":"Jenny valgte \u00e5 studere i Costa Rica","description":"Jeg har alltid hatt lyst til \u00e5 dra p\u00e5 utveksling, det begynte da jeg var liten. S\u00f8strene mine fortalte meg om sine utvekslingsopphold og erfaringer med \u00e5 reise rundt i verden.","robots":{"index":"index","follow":"follow","max-snippet":"max-snippet:-1","max-image-preview":"max-image-preview:large","max-video-preview":"max-video-preview:-1"},"canonical":"https:\/\/www.sts-education.com\/no\/high-school\/student-stories\/studenthistorier\/jenny-valgte-a-studere-i-costa-rica\/","og_locale":"nb_NO","og_type":"article","og_title":"Jenny valgte \u00e5 studere i Costa Rica","og_description":"Jeg har alltid hatt lyst til \u00e5 dra p\u00e5 utveksling, det begynte da jeg var liten. S\u00f8strene mine fortalte meg om sine utvekslingsopphold og erfaringer med \u00e5 reise rundt i verden.","og_url":"https:\/\/www.sts-education.com\/no\/high-school\/student-stories\/studenthistorier\/jenny-valgte-a-studere-i-costa-rica\/","og_site_name":"STS Education","article_published_time":"2023-05-02T10:00:00+00:00","article_modified_time":"2026-04-23T12:23:43+00:00","og_image":[{"width":150,"height":150,"url":"https:\/\/powered-by.qbank.se\/educatius\/sts\/\/c05556c0b8b22d19da665af35946abf7_1-1-thumb.webp","type":"image\/jpeg"}],"author":"syncreadwrite","twitter_card":"summary_large_image","twitter_misc":{"Skrevet av":"syncreadwrite","Ansl. lesetid":"5 minutter"},"schema":{"@context":"https:\/\/schema.org","@graph":[{"@type":"Article","@id":"https:\/\/www.sts-education.com\/no\/high-school\/student-stories\/studenthistorier\/jenny-valgte-a-studere-i-costa-rica\/#article","isPartOf":{"@id":"https:\/\/www.sts-education.com\/no\/high-school\/student-stories\/studenthistorier\/jenny-valgte-a-studere-i-costa-rica\/"},"author":{"name":"syncreadwrite","@id":"https:\/\/www.sts-education.com\/no\/#\/schema\/person\/8b82f3a2e45f020b8f296d7a85d9a97c"},"headline":"Jenny valgte \u00e5 studere i Costa Rica","datePublished":"2023-05-02T10:00:00+00:00","dateModified":"2026-04-23T12:23:43+00:00","mainEntityOfPage":{"@id":"https:\/\/www.sts-education.com\/no\/high-school\/student-stories\/studenthistorier\/jenny-valgte-a-studere-i-costa-rica\/"},"wordCount":1005,"commentCount":0,"image":{"@id":"https:\/\/www.sts-education.com\/no\/high-school\/student-stories\/studenthistorier\/jenny-valgte-a-studere-i-costa-rica\/#primaryimage"},"thumbnailUrl":"https:\/\/powered-by.qbank.se\/educatius\/sts\/\/c05556c0b8b22d19da665af35946abf7_1-1-thumb.webp","keywords":["Costa Rica"],"articleSection":["Uncategorized @no"],"inLanguage":"nb-NO","potentialAction":[{"@type":"CommentAction","name":"Comment","target":["https:\/\/www.sts-education.com\/no\/high-school\/student-stories\/studenthistorier\/jenny-valgte-a-studere-i-costa-rica\/#respond"]}]},{"@type":"WebPage","@id":"https:\/\/www.sts-education.com\/no\/high-school\/student-stories\/studenthistorier\/jenny-valgte-a-studere-i-costa-rica\/","url":"https:\/\/www.sts-education.com\/no\/high-school\/student-stories\/studenthistorier\/jenny-valgte-a-studere-i-costa-rica\/","name":"Jenny valgte \u00e5 studere i Costa Rica","isPartOf":{"@id":"https:\/\/www.sts-education.com\/no\/#website"},"primaryImageOfPage":{"@id":"https:\/\/www.sts-education.com\/no\/high-school\/student-stories\/studenthistorier\/jenny-valgte-a-studere-i-costa-rica\/#primaryimage"},"image":{"@id":"https:\/\/www.sts-education.com\/no\/high-school\/student-stories\/studenthistorier\/jenny-valgte-a-studere-i-costa-rica\/#primaryimage"},"thumbnailUrl":"https:\/\/powered-by.qbank.se\/educatius\/sts\/\/c05556c0b8b22d19da665af35946abf7_1-1-thumb.webp","datePublished":"2023-05-02T10:00:00+00:00","dateModified":"2026-04-23T12:23:43+00:00","author":{"@id":"https:\/\/www.sts-education.com\/no\/#\/schema\/person\/8b82f3a2e45f020b8f296d7a85d9a97c"},"description":"Jeg har alltid hatt lyst til \u00e5 dra p\u00e5 utveksling, det begynte da jeg var liten. S\u00f8strene mine fortalte meg om sine utvekslingsopphold og erfaringer med \u00e5 reise rundt i verden.","breadcrumb":{"@id":"https:\/\/www.sts-education.com\/no\/high-school\/student-stories\/studenthistorier\/jenny-valgte-a-studere-i-costa-rica\/#breadcrumb"},"inLanguage":"nb-NO","potentialAction":[{"@type":"ReadAction","target":["https:\/\/www.sts-education.com\/no\/high-school\/student-stories\/studenthistorier\/jenny-valgte-a-studere-i-costa-rica\/"]}]},{"@type":"ImageObject","inLanguage":"nb-NO","@id":"https:\/\/www.sts-education.com\/no\/high-school\/student-stories\/studenthistorier\/jenny-valgte-a-studere-i-costa-rica\/#primaryimage","url":"https:\/\/powered-by.qbank.se\/educatius\/sts\/\/c05556c0b8b22d19da665af35946abf7_1-1-thumb.webp","contentUrl":"https:\/\/powered-by.qbank.se\/educatius\/sts\/\/c05556c0b8b22d19da665af35946abf7_1-1-thumb.webp","width":150,"height":150},{"@type":"BreadcrumbList","@id":"https:\/\/www.sts-education.com\/no\/high-school\/student-stories\/studenthistorier\/jenny-valgte-a-studere-i-costa-rica\/#breadcrumb","itemListElement":[{"@type":"ListItem","position":1,"name":"Home","item":"https:\/\/www.sts-education.com\/no\/"},{"@type":"ListItem","position":2,"name":"Jenny valgte \u00e5 studere i Costa Rica"}]},{"@type":"WebSite","@id":"https:\/\/www.sts-education.com\/no\/#website","url":"https:\/\/www.sts-education.com\/no\/","name":"STS Education","description":"","potentialAction":[{"@type":"SearchAction","target":{"@type":"EntryPoint","urlTemplate":"https:\/\/www.sts-education.com\/no\/?s={search_term_string}"},"query-input":{"@type":"PropertyValueSpecification","valueRequired":true,"valueName":"search_term_string"}}],"inLanguage":"nb-NO"},{"@type":"Person","@id":"https:\/\/www.sts-education.com\/no\/#\/schema\/person\/8b82f3a2e45f020b8f296d7a85d9a97c","name":"syncreadwrite","image":{"@type":"ImageObject","inLanguage":"nb-NO","@id":"https:\/\/secure.gravatar.com\/avatar\/6ed1007e4f6f43f22e3df41d9fce4365533cba47fef64bb359b8e629abbc2ea6?s=96&d=mm&r=g","url":"https:\/\/secure.gravatar.com\/avatar\/6ed1007e4f6f43f22e3df41d9fce4365533cba47fef64bb359b8e629abbc2ea6?s=96&d=mm&r=g","contentUrl":"https:\/\/secure.gravatar.com\/avatar\/6ed1007e4f6f43f22e3df41d9fce4365533cba47fef64bb359b8e629abbc2ea6?s=96&d=mm&r=g","caption":"syncreadwrite"},"url":"https:\/\/www.sts-education.com\/no\/author\/syncreadwrite\/"}]}},"_links":{"self":[{"href":"https:\/\/www.sts-education.com\/no\/wp-json\/wp\/v2\/posts\/12142","targetHints":{"allow":["GET"]}}],"collection":[{"href":"https:\/\/www.sts-education.com\/no\/wp-json\/wp\/v2\/posts"}],"about":[{"href":"https:\/\/www.sts-education.com\/no\/wp-json\/wp\/v2\/types\/post"}],"author":[{"embeddable":true,"href":"https:\/\/www.sts-education.com\/no\/wp-json\/wp\/v2\/users\/20"}],"replies":[{"embeddable":true,"href":"https:\/\/www.sts-education.com\/no\/wp-json\/wp\/v2\/comments?post=12142"}],"version-history":[{"count":5,"href":"https:\/\/www.sts-education.com\/no\/wp-json\/wp\/v2\/posts\/12142\/revisions"}],"predecessor-version":[{"id":40621,"href":"https:\/\/www.sts-education.com\/no\/wp-json\/wp\/v2\/posts\/12142\/revisions\/40621"}],"wp:featuredmedia":[{"embeddable":true,"href":"https:\/\/www.sts-education.com\/no\/wp-json\/wp\/v2\/media\/14108"}],"wp:attachment":[{"href":"https:\/\/www.sts-education.com\/no\/wp-json\/wp\/v2\/media?parent=12142"}],"wp:term":[{"taxonomy":"category","embeddable":true,"href":"https:\/\/www.sts-education.com\/no\/wp-json\/wp\/v2\/categories?post=12142"},{"taxonomy":"post_tag","embeddable":true,"href":"https:\/\/www.sts-education.com\/no\/wp-json\/wp\/v2\/tags?post=12142"},{"taxonomy":"wpw_post_folders","embeddable":true,"href":"https:\/\/www.sts-education.com\/no\/wp-json\/wp\/v2\/wpw_post_folders?post=12142"}],"curies":[{"name":"wp","href":"https:\/\/api.w.org\/{rel}","templated":true}]}}