{"id":12148,"date":"2023-03-30T12:00:00","date_gmt":"2023-03-30T10:00:00","guid":{"rendered":"https:\/\/preprod.sts-education.com\/blog\/2026\/03\/05\/johan-valgte-a-studere-i-japan\/"},"modified":"2026-04-23T12:32:37","modified_gmt":"2026-04-23T12:32:37","slug":"johan-valgte-a-studere-i-japan","status":"publish","type":"post","link":"https:\/\/www.sts-education.com\/no\/high-school\/student-stories\/studenthistorier\/johan-valgte-a-studere-i-japan\/","title":{"rendered":"Johan var ett \u00e5r i Japan"},"content":{"rendered":"\n<div class=\"wp-block-sts-text sts-text-editor has-max-width-md\"><div class=\"sts-text-editor__content\"><div class=\"sts-text-editor__content-inner\">\n<h1 style=\"text-align: center\">Johan var ett \u00e5r i Japan<\/h1>\n<\/div><\/div><\/div>\n\n\n\n<div class=\"wp-block-sts-text sts-text-editor has-max-width-md\"><div class=\"sts-text-editor__content\"><div class=\"sts-text-editor__content-inner\">\n<p><em>Johan fra Norge er p\u00e5 utveksling p\u00e5 videreg\u00e5ende skole i Tokyo, Japan. Her er historien hans.<\/em><\/p>\n<h2>Jeg var ikke forberedt p\u00e5 at jeg skulle f\u00e5 en s\u00e5 dyp forst\u00e5else av Japan<\/h2>\n<p>Jeg dro fra Norge med en vag id\u00e9 om hva jeg kom til \u00e5 l\u00e6re og oppleve. Jeg hadde h\u00f8rt historier fra andre utvekslingsstudenter om at man vokser og f\u00e5r mange venner, men jeg var ikke forberedt p\u00e5 \u00e5 f\u00e5 en s\u00e5 dyp forst\u00e5else av den japanske kulturen, menneskene og meg selv. Jeg har vokst, l\u00e6rt og oppn\u00e5dd mer de siste seks m\u00e5nedene enn jeg har gjort p\u00e5 tre \u00e5r hjemme. Frem til denne delen av reisen har jeg delt mange fantastiske, gode, d\u00e5rlige og triste minner med mennesker som jeg alltid vil huske. Jeg har f\u00e5tt venner for livet, mennesker jeg n\u00e5 kan kalle en del av familien min.<\/p>\n<h2>Japanerne har virkelig endret tankegangen min<\/h2>\n<p>Da jeg f\u00f8rst kom til Japan, lovet jeg meg selv \u00e5 pr\u00f8ve \u00e5 gj\u00f8re ting utenfor komfortsonen. Hver dag forlater jeg huset for \u00e5 bes\u00f8ke en ny og annerledes restaurant eller en ber\u00f8mt bygning, m\u00f8te noen eller ta sm\u00e5jobber som \u00e5 undervise i engelsk, jobbe p\u00e5 en druefarm eller hjelpe til p\u00e5 en japansk festival. Japanerne har virkelig endret tankegangen min p\u00e5 mange forskjellige omr\u00e5der. Deres tanker om lykke, skole, frihet, hvordan man skal oppf\u00f8re seg mot andre og mye mer er ekstremt fascinerende og har forandret meg fullstendig. Det er selvf\u00f8lgelig ikke alltid lett \u00e5 bo alene i et fremmed land, og jeg har g\u00e5tt gjennom mange pr\u00f8velser. Men med t\u00e5lmodighet og st\u00f8tte har jeg kommet meg gjennom det og vokst p\u00e5 grunn av det.<\/p>\n<p>Folk i andre kulturer har ofte en annen m\u00e5te \u00e5 tenke p\u00e5 enn deg selv. Mitt r\u00e5d til fremtidige utvekslingsstudenter er \u00e5 l\u00e6re seg \u00e5 forst\u00e5 hvordan de tenker, l\u00e6re om folk, om mennesker, s\u00e5 vil du vokse mye.<\/p>\n<h2>Jeg er s\u00e5 glad for at jeg fikk reise p\u00e5 denne utvekslingen<\/h2>\n<p>Hvis jeg reiste tilbake i tid og sa til meg selv for to \u00e5r siden at jeg i dag ville v\u00e6rt p\u00e5 utveksling i Japan, p\u00e5 mitt livs eventyr, kunne snakke japansk, ha fantastiske venner, ha en dr\u00f8m som jeg gj\u00f8r mitt beste for \u00e5 oppfylle, samtidig som jeg f\u00f8ler en dyp takknemlighet og kj\u00e6rlighet for familien og vennene mine, ville jeg ikke trodd det som kom ut av munnen min. Jeg er s\u00e5 glad for at jeg fikk v\u00e6re med p\u00e5 denne utvekslingen. Dette fascinerende stedet p\u00e5 jorden, med en kultur, en tenkem\u00e5te og et spr\u00e5k som er helt annerledes enn mitt eget, har forandret livet mitt til det bedre.<\/p>\n<p><strong>Tusen takk skal dere ha.<\/strong><\/p>\n<h2>Finn ut mer<\/h2>\n<ul>\n<li>Les flere <a href=\"https:\/\/www.sts-education.com\/no\/high-school\/student-stories\/studenthistorier\/?hashtag=Japan\">studenthistorier fra Japan<\/a><\/li>\n<li>Les mer om <a href=\"https:\/\/www.sts-education.com\/no\/high-school\/destinasjoner\/asia\/japan\/\">utveksling p\u00e5 high school i Japan<\/a><\/li>\n<li>Se alle v\u00e5re <a href=\"\/no\/high-school\/tripfinder\/\">utvekslingsdestinasjoner for high school<\/a><\/li>\n<\/ul>\n<\/div><\/div><\/div>\n","protected":false},"excerpt":{"rendered":"","protected":false},"author":20,"featured_media":14120,"comment_status":"open","ping_status":"open","sticky":false,"template":"","format":"standard","meta":{"_acf_changed":false,"_yoast_wpseo_title":"Johan valgte \u00e5 studere i Japan","_yoast_wpseo_metadesc":"Jeg hadde h\u00f8rt historier om at man vokser og f\u00e5r mange venner, men jeg var ikke forberedt p\u00e5 \u00e5 f\u00e5 en s\u00e5 dyp forst\u00e5else av den japanske kulturen, menneskene og meg selv.","footnotes":""},"categories":[275],"tags":[1004],"wpw_post_folders":[],"class_list":["post-12148","post","type-post","status-publish","format-standard","has-post-thumbnail","hentry","category-uncategorized-no","tag-japan"],"acf":[],"yoast_head":"<!-- This site is optimized with the Yoast SEO Premium plugin v27.2 (Yoast SEO v27.2) - https:\/\/yoast.com\/product\/yoast-seo-premium-wordpress\/ -->\n<title>Johan valgte \u00e5 studere i Japan<\/title>\n<meta name=\"description\" content=\"Jeg hadde h\u00f8rt historier om at man vokser og f\u00e5r mange venner, men jeg var ikke forberedt p\u00e5 \u00e5 f\u00e5 en s\u00e5 dyp forst\u00e5else av den japanske kulturen, menneskene og meg selv.\" \/>\n<meta name=\"robots\" content=\"index, follow, max-snippet:-1, max-image-preview:large, max-video-preview:-1\" \/>\n<link rel=\"canonical\" href=\"https:\/\/www.sts-education.com\/no\/high-school\/student-stories\/studenthistorier\/johan-valgte-a-studere-i-japan\/\" \/>\n<meta property=\"og:locale\" content=\"nb_NO\" \/>\n<meta property=\"og:type\" content=\"article\" \/>\n<meta property=\"og:title\" content=\"Johan var ett \u00e5r i Japan\" \/>\n<meta property=\"og:description\" content=\"Jeg hadde h\u00f8rt historier om at man vokser og f\u00e5r mange venner, men jeg var ikke forberedt p\u00e5 \u00e5 f\u00e5 en s\u00e5 dyp forst\u00e5else av den japanske kulturen, menneskene og meg selv.\" \/>\n<meta property=\"og:url\" content=\"https:\/\/www.sts-education.com\/no\/high-school\/student-stories\/studenthistorier\/johan-valgte-a-studere-i-japan\/\" \/>\n<meta property=\"og:site_name\" content=\"STS Education\" \/>\n<meta property=\"article:published_time\" content=\"2023-03-30T10:00:00+00:00\" \/>\n<meta property=\"article:modified_time\" content=\"2026-04-23T12:32:37+00:00\" \/>\n<meta property=\"og:image\" content=\"https:\/\/powered-by.qbank.se\/educatius\/sts\/\/d668b2ff5c6d1765a4a8eaa31e665e8d_1-1-thumb.webp\" \/>\n\t<meta property=\"og:image:width\" content=\"150\" \/>\n\t<meta property=\"og:image:height\" content=\"150\" \/>\n\t<meta property=\"og:image:type\" content=\"image\/jpeg\" \/>\n<meta name=\"author\" content=\"syncreadwrite\" \/>\n<meta name=\"twitter:card\" content=\"summary_large_image\" \/>\n<meta name=\"twitter:label1\" content=\"Skrevet av\" \/>\n\t<meta name=\"twitter:data1\" content=\"syncreadwrite\" \/>\n\t<meta name=\"twitter:label2\" content=\"Ansl. lesetid\" \/>\n\t<meta name=\"twitter:data2\" content=\"3 minutter\" \/>\n<script type=\"application\/ld+json\" class=\"yoast-schema-graph\">{\"@context\":\"https:\/\/schema.org\",\"@graph\":[{\"@type\":\"Article\",\"@id\":\"https:\/\/www.sts-education.com\/no\/high-school\/student-stories\/studenthistorier\/johan-valgte-a-studere-i-japan\/#article\",\"isPartOf\":{\"@id\":\"https:\/\/www.sts-education.com\/no\/high-school\/student-stories\/studenthistorier\/johan-valgte-a-studere-i-japan\/\"},\"author\":{\"name\":\"syncreadwrite\",\"@id\":\"https:\/\/www.sts-education.com\/no\/#\/schema\/person\/8b82f3a2e45f020b8f296d7a85d9a97c\"},\"headline\":\"Johan var ett \u00e5r i Japan\",\"datePublished\":\"2023-03-30T10:00:00+00:00\",\"dateModified\":\"2026-04-23T12:32:37+00:00\",\"mainEntityOfPage\":{\"@id\":\"https:\/\/www.sts-education.com\/no\/high-school\/student-stories\/studenthistorier\/johan-valgte-a-studere-i-japan\/\"},\"wordCount\":503,\"commentCount\":0,\"image\":{\"@id\":\"https:\/\/www.sts-education.com\/no\/high-school\/student-stories\/studenthistorier\/johan-valgte-a-studere-i-japan\/#primaryimage\"},\"thumbnailUrl\":\"https:\/\/powered-by.qbank.se\/educatius\/sts\/\/d668b2ff5c6d1765a4a8eaa31e665e8d_1-1-thumb.webp\",\"keywords\":[\"Japan\"],\"articleSection\":[\"Uncategorized @no\"],\"inLanguage\":\"nb-NO\",\"potentialAction\":[{\"@type\":\"CommentAction\",\"name\":\"Comment\",\"target\":[\"https:\/\/www.sts-education.com\/no\/high-school\/student-stories\/studenthistorier\/johan-valgte-a-studere-i-japan\/#respond\"]}]},{\"@type\":\"WebPage\",\"@id\":\"https:\/\/www.sts-education.com\/no\/high-school\/student-stories\/studenthistorier\/johan-valgte-a-studere-i-japan\/\",\"url\":\"https:\/\/www.sts-education.com\/no\/high-school\/student-stories\/studenthistorier\/johan-valgte-a-studere-i-japan\/\",\"name\":\"Johan valgte \u00e5 studere i Japan\",\"isPartOf\":{\"@id\":\"https:\/\/www.sts-education.com\/no\/#website\"},\"primaryImageOfPage\":{\"@id\":\"https:\/\/www.sts-education.com\/no\/high-school\/student-stories\/studenthistorier\/johan-valgte-a-studere-i-japan\/#primaryimage\"},\"image\":{\"@id\":\"https:\/\/www.sts-education.com\/no\/high-school\/student-stories\/studenthistorier\/johan-valgte-a-studere-i-japan\/#primaryimage\"},\"thumbnailUrl\":\"https:\/\/powered-by.qbank.se\/educatius\/sts\/\/d668b2ff5c6d1765a4a8eaa31e665e8d_1-1-thumb.webp\",\"datePublished\":\"2023-03-30T10:00:00+00:00\",\"dateModified\":\"2026-04-23T12:32:37+00:00\",\"author\":{\"@id\":\"https:\/\/www.sts-education.com\/no\/#\/schema\/person\/8b82f3a2e45f020b8f296d7a85d9a97c\"},\"description\":\"Jeg hadde h\u00f8rt historier om at man vokser og f\u00e5r mange venner, men jeg var ikke forberedt p\u00e5 \u00e5 f\u00e5 en s\u00e5 dyp forst\u00e5else av den japanske kulturen, menneskene og meg selv.\",\"breadcrumb\":{\"@id\":\"https:\/\/www.sts-education.com\/no\/high-school\/student-stories\/studenthistorier\/johan-valgte-a-studere-i-japan\/#breadcrumb\"},\"inLanguage\":\"nb-NO\",\"potentialAction\":[{\"@type\":\"ReadAction\",\"target\":[\"https:\/\/www.sts-education.com\/no\/high-school\/student-stories\/studenthistorier\/johan-valgte-a-studere-i-japan\/\"]}]},{\"@type\":\"ImageObject\",\"inLanguage\":\"nb-NO\",\"@id\":\"https:\/\/www.sts-education.com\/no\/high-school\/student-stories\/studenthistorier\/johan-valgte-a-studere-i-japan\/#primaryimage\",\"url\":\"https:\/\/powered-by.qbank.se\/educatius\/sts\/\/d668b2ff5c6d1765a4a8eaa31e665e8d_1-1-thumb.webp\",\"contentUrl\":\"https:\/\/powered-by.qbank.se\/educatius\/sts\/\/d668b2ff5c6d1765a4a8eaa31e665e8d_1-1-thumb.webp\",\"width\":150,\"height\":150},{\"@type\":\"BreadcrumbList\",\"@id\":\"https:\/\/www.sts-education.com\/no\/high-school\/student-stories\/studenthistorier\/johan-valgte-a-studere-i-japan\/#breadcrumb\",\"itemListElement\":[{\"@type\":\"ListItem\",\"position\":1,\"name\":\"Home\",\"item\":\"https:\/\/www.sts-education.com\/no\/\"},{\"@type\":\"ListItem\",\"position\":2,\"name\":\"Johan var ett \u00e5r i Japan\"}]},{\"@type\":\"WebSite\",\"@id\":\"https:\/\/www.sts-education.com\/no\/#website\",\"url\":\"https:\/\/www.sts-education.com\/no\/\",\"name\":\"STS Education\",\"description\":\"\",\"potentialAction\":[{\"@type\":\"SearchAction\",\"target\":{\"@type\":\"EntryPoint\",\"urlTemplate\":\"https:\/\/www.sts-education.com\/no\/?s={search_term_string}\"},\"query-input\":{\"@type\":\"PropertyValueSpecification\",\"valueRequired\":true,\"valueName\":\"search_term_string\"}}],\"inLanguage\":\"nb-NO\"},{\"@type\":\"Person\",\"@id\":\"https:\/\/www.sts-education.com\/no\/#\/schema\/person\/8b82f3a2e45f020b8f296d7a85d9a97c\",\"name\":\"syncreadwrite\",\"image\":{\"@type\":\"ImageObject\",\"inLanguage\":\"nb-NO\",\"@id\":\"https:\/\/secure.gravatar.com\/avatar\/6ed1007e4f6f43f22e3df41d9fce4365533cba47fef64bb359b8e629abbc2ea6?s=96&d=mm&r=g\",\"url\":\"https:\/\/secure.gravatar.com\/avatar\/6ed1007e4f6f43f22e3df41d9fce4365533cba47fef64bb359b8e629abbc2ea6?s=96&d=mm&r=g\",\"contentUrl\":\"https:\/\/secure.gravatar.com\/avatar\/6ed1007e4f6f43f22e3df41d9fce4365533cba47fef64bb359b8e629abbc2ea6?s=96&d=mm&r=g\",\"caption\":\"syncreadwrite\"},\"url\":\"https:\/\/www.sts-education.com\/no\/author\/syncreadwrite\/\"}]}<\/script>\n<!-- \/ Yoast SEO Premium plugin. -->","yoast_head_json":{"title":"Johan valgte \u00e5 studere i Japan","description":"Jeg hadde h\u00f8rt historier om at man vokser og f\u00e5r mange venner, men jeg var ikke forberedt p\u00e5 \u00e5 f\u00e5 en s\u00e5 dyp forst\u00e5else av den japanske kulturen, menneskene og meg selv.","robots":{"index":"index","follow":"follow","max-snippet":"max-snippet:-1","max-image-preview":"max-image-preview:large","max-video-preview":"max-video-preview:-1"},"canonical":"https:\/\/www.sts-education.com\/no\/high-school\/student-stories\/studenthistorier\/johan-valgte-a-studere-i-japan\/","og_locale":"nb_NO","og_type":"article","og_title":"Johan var ett \u00e5r i Japan","og_description":"Jeg hadde h\u00f8rt historier om at man vokser og f\u00e5r mange venner, men jeg var ikke forberedt p\u00e5 \u00e5 f\u00e5 en s\u00e5 dyp forst\u00e5else av den japanske kulturen, menneskene og meg selv.","og_url":"https:\/\/www.sts-education.com\/no\/high-school\/student-stories\/studenthistorier\/johan-valgte-a-studere-i-japan\/","og_site_name":"STS Education","article_published_time":"2023-03-30T10:00:00+00:00","article_modified_time":"2026-04-23T12:32:37+00:00","og_image":[{"width":150,"height":150,"url":"https:\/\/powered-by.qbank.se\/educatius\/sts\/\/d668b2ff5c6d1765a4a8eaa31e665e8d_1-1-thumb.webp","type":"image\/jpeg"}],"author":"syncreadwrite","twitter_card":"summary_large_image","twitter_misc":{"Skrevet av":"syncreadwrite","Ansl. lesetid":"3 minutter"},"schema":{"@context":"https:\/\/schema.org","@graph":[{"@type":"Article","@id":"https:\/\/www.sts-education.com\/no\/high-school\/student-stories\/studenthistorier\/johan-valgte-a-studere-i-japan\/#article","isPartOf":{"@id":"https:\/\/www.sts-education.com\/no\/high-school\/student-stories\/studenthistorier\/johan-valgte-a-studere-i-japan\/"},"author":{"name":"syncreadwrite","@id":"https:\/\/www.sts-education.com\/no\/#\/schema\/person\/8b82f3a2e45f020b8f296d7a85d9a97c"},"headline":"Johan var ett \u00e5r i Japan","datePublished":"2023-03-30T10:00:00+00:00","dateModified":"2026-04-23T12:32:37+00:00","mainEntityOfPage":{"@id":"https:\/\/www.sts-education.com\/no\/high-school\/student-stories\/studenthistorier\/johan-valgte-a-studere-i-japan\/"},"wordCount":503,"commentCount":0,"image":{"@id":"https:\/\/www.sts-education.com\/no\/high-school\/student-stories\/studenthistorier\/johan-valgte-a-studere-i-japan\/#primaryimage"},"thumbnailUrl":"https:\/\/powered-by.qbank.se\/educatius\/sts\/\/d668b2ff5c6d1765a4a8eaa31e665e8d_1-1-thumb.webp","keywords":["Japan"],"articleSection":["Uncategorized @no"],"inLanguage":"nb-NO","potentialAction":[{"@type":"CommentAction","name":"Comment","target":["https:\/\/www.sts-education.com\/no\/high-school\/student-stories\/studenthistorier\/johan-valgte-a-studere-i-japan\/#respond"]}]},{"@type":"WebPage","@id":"https:\/\/www.sts-education.com\/no\/high-school\/student-stories\/studenthistorier\/johan-valgte-a-studere-i-japan\/","url":"https:\/\/www.sts-education.com\/no\/high-school\/student-stories\/studenthistorier\/johan-valgte-a-studere-i-japan\/","name":"Johan valgte \u00e5 studere i Japan","isPartOf":{"@id":"https:\/\/www.sts-education.com\/no\/#website"},"primaryImageOfPage":{"@id":"https:\/\/www.sts-education.com\/no\/high-school\/student-stories\/studenthistorier\/johan-valgte-a-studere-i-japan\/#primaryimage"},"image":{"@id":"https:\/\/www.sts-education.com\/no\/high-school\/student-stories\/studenthistorier\/johan-valgte-a-studere-i-japan\/#primaryimage"},"thumbnailUrl":"https:\/\/powered-by.qbank.se\/educatius\/sts\/\/d668b2ff5c6d1765a4a8eaa31e665e8d_1-1-thumb.webp","datePublished":"2023-03-30T10:00:00+00:00","dateModified":"2026-04-23T12:32:37+00:00","author":{"@id":"https:\/\/www.sts-education.com\/no\/#\/schema\/person\/8b82f3a2e45f020b8f296d7a85d9a97c"},"description":"Jeg hadde h\u00f8rt historier om at man vokser og f\u00e5r mange venner, men jeg var ikke forberedt p\u00e5 \u00e5 f\u00e5 en s\u00e5 dyp forst\u00e5else av den japanske kulturen, menneskene og meg selv.","breadcrumb":{"@id":"https:\/\/www.sts-education.com\/no\/high-school\/student-stories\/studenthistorier\/johan-valgte-a-studere-i-japan\/#breadcrumb"},"inLanguage":"nb-NO","potentialAction":[{"@type":"ReadAction","target":["https:\/\/www.sts-education.com\/no\/high-school\/student-stories\/studenthistorier\/johan-valgte-a-studere-i-japan\/"]}]},{"@type":"ImageObject","inLanguage":"nb-NO","@id":"https:\/\/www.sts-education.com\/no\/high-school\/student-stories\/studenthistorier\/johan-valgte-a-studere-i-japan\/#primaryimage","url":"https:\/\/powered-by.qbank.se\/educatius\/sts\/\/d668b2ff5c6d1765a4a8eaa31e665e8d_1-1-thumb.webp","contentUrl":"https:\/\/powered-by.qbank.se\/educatius\/sts\/\/d668b2ff5c6d1765a4a8eaa31e665e8d_1-1-thumb.webp","width":150,"height":150},{"@type":"BreadcrumbList","@id":"https:\/\/www.sts-education.com\/no\/high-school\/student-stories\/studenthistorier\/johan-valgte-a-studere-i-japan\/#breadcrumb","itemListElement":[{"@type":"ListItem","position":1,"name":"Home","item":"https:\/\/www.sts-education.com\/no\/"},{"@type":"ListItem","position":2,"name":"Johan var ett \u00e5r i Japan"}]},{"@type":"WebSite","@id":"https:\/\/www.sts-education.com\/no\/#website","url":"https:\/\/www.sts-education.com\/no\/","name":"STS Education","description":"","potentialAction":[{"@type":"SearchAction","target":{"@type":"EntryPoint","urlTemplate":"https:\/\/www.sts-education.com\/no\/?s={search_term_string}"},"query-input":{"@type":"PropertyValueSpecification","valueRequired":true,"valueName":"search_term_string"}}],"inLanguage":"nb-NO"},{"@type":"Person","@id":"https:\/\/www.sts-education.com\/no\/#\/schema\/person\/8b82f3a2e45f020b8f296d7a85d9a97c","name":"syncreadwrite","image":{"@type":"ImageObject","inLanguage":"nb-NO","@id":"https:\/\/secure.gravatar.com\/avatar\/6ed1007e4f6f43f22e3df41d9fce4365533cba47fef64bb359b8e629abbc2ea6?s=96&d=mm&r=g","url":"https:\/\/secure.gravatar.com\/avatar\/6ed1007e4f6f43f22e3df41d9fce4365533cba47fef64bb359b8e629abbc2ea6?s=96&d=mm&r=g","contentUrl":"https:\/\/secure.gravatar.com\/avatar\/6ed1007e4f6f43f22e3df41d9fce4365533cba47fef64bb359b8e629abbc2ea6?s=96&d=mm&r=g","caption":"syncreadwrite"},"url":"https:\/\/www.sts-education.com\/no\/author\/syncreadwrite\/"}]}},"_links":{"self":[{"href":"https:\/\/www.sts-education.com\/no\/wp-json\/wp\/v2\/posts\/12148","targetHints":{"allow":["GET"]}}],"collection":[{"href":"https:\/\/www.sts-education.com\/no\/wp-json\/wp\/v2\/posts"}],"about":[{"href":"https:\/\/www.sts-education.com\/no\/wp-json\/wp\/v2\/types\/post"}],"author":[{"embeddable":true,"href":"https:\/\/www.sts-education.com\/no\/wp-json\/wp\/v2\/users\/20"}],"replies":[{"embeddable":true,"href":"https:\/\/www.sts-education.com\/no\/wp-json\/wp\/v2\/comments?post=12148"}],"version-history":[{"count":5,"href":"https:\/\/www.sts-education.com\/no\/wp-json\/wp\/v2\/posts\/12148\/revisions"}],"predecessor-version":[{"id":40641,"href":"https:\/\/www.sts-education.com\/no\/wp-json\/wp\/v2\/posts\/12148\/revisions\/40641"}],"wp:featuredmedia":[{"embeddable":true,"href":"https:\/\/www.sts-education.com\/no\/wp-json\/wp\/v2\/media\/14120"}],"wp:attachment":[{"href":"https:\/\/www.sts-education.com\/no\/wp-json\/wp\/v2\/media?parent=12148"}],"wp:term":[{"taxonomy":"category","embeddable":true,"href":"https:\/\/www.sts-education.com\/no\/wp-json\/wp\/v2\/categories?post=12148"},{"taxonomy":"post_tag","embeddable":true,"href":"https:\/\/www.sts-education.com\/no\/wp-json\/wp\/v2\/tags?post=12148"},{"taxonomy":"wpw_post_folders","embeddable":true,"href":"https:\/\/www.sts-education.com\/no\/wp-json\/wp\/v2\/wpw_post_folders?post=12148"}],"curies":[{"name":"wp","href":"https:\/\/api.w.org\/{rel}","templated":true}]}}