{"id":12150,"date":"2023-03-30T12:00:00","date_gmt":"2023-03-30T10:00:00","guid":{"rendered":"https:\/\/preprod.sts-education.com\/blog\/2026\/03\/05\/barbara-var-pa-utvekslingsar-i-costa-rica\/"},"modified":"2026-04-23T12:31:49","modified_gmt":"2026-04-23T12:31:49","slug":"barbara-var-pa-utvekslingsar-i-costa-rica","status":"publish","type":"post","link":"https:\/\/www.sts-education.com\/no\/high-school\/student-stories\/studenthistorier\/barbara-var-pa-utvekslingsar-i-costa-rica\/","title":{"rendered":"Barbara var ett \u00e5r i Costa Rica"},"content":{"rendered":"\n<div class=\"wp-block-sts-text sts-text-editor has-max-width-md\"><div class=\"sts-text-editor__content\"><div class=\"sts-text-editor__content-inner\">\n<h1 style=\"text-align: center\">Barbara var ett \u00e5r i Costa Rica<\/h1>\n<\/div><\/div><\/div>\n\n\n\n<div class=\"wp-block-sts-text sts-text-editor has-max-width-md\"><div class=\"sts-text-editor__content\"><div class=\"sts-text-editor__content-inner\">\n<p><em>Barbara fra Italia dro p\u00e5 utveksling til Costa Rica.<\/em><\/p>\n<h2>Hvorfor dro du p\u00e5 utveksling?<\/h2>\n<p>Jeg bestemte meg for \u00e5 dra p\u00e5 utveksling fordi jeg ville utfordre meg selv, og valgte Costa Rica for \u00e5 bli kjent med en annen del av verden.<\/p>\n<h2>Hvordan var det \u00e5 bo hos en vertsfamilie?<\/h2>\n<p>Jeg fikk sjansen til \u00e5 bo hos en fantastisk vertsfamilie med tre s\u00f8stre (en av dem er en annen utvekslingsstudent fra Sverige), og vi kommer overens som ekte s\u00f8stre. Jeg kunne ikke ha \u00f8nsket meg en bedre familie. De tar vare p\u00e5 meg og er alltid her for \u00e5 hjelpe meg.<\/p>\n<h2>Hvordan var det p\u00e5 skolen?<\/h2>\n<p>Det er p\u00e5 skolen du f\u00e5r venner. Alle er veldig hyggelige. Skolen kan ogs\u00e5 v\u00e6re ganske utfordrende noen ganger p\u00e5 grunn av spr\u00e5kbarrieren. Men med daglig \u00f8velse blir det lettere, og du vil gj\u00f8re raske fremskritt. Det er det som er s\u00e5 fantastisk med et utvekslings\u00e5r, du blir utfordret hver dag. Du gj\u00f8r ting som f\u00e5r deg ut av komfortsonen, og du vokser som menneske. Du f\u00e5r oppleve helt andre ting enn i hjemlandet ditt,<\/p>\n<h2>Har du noe spesielt minne?<\/h2>\n<p>P\u00e5 uavhengighetsdagen 15. september g\u00e5r alle skolene sammen i en stor parade. Hver skole fremf\u00f8rer en dans med skolekorpset. Jeg ble med og l\u00e6rte meg dansen. Dette var noe jeg aldri hadde trodd jeg skulle gj\u00f8re &#8211; jeg er ingen danser. Men jeg er s\u00e5 glad for at jeg gjorde det. Det at vertsfamilien min var s\u00e5 stolt av meg og kalte meg datteren sin, smeltet hjertet mitt.<\/p>\n<h2>Kan du anbefale \u00e5 dra p\u00e5 utveksling?<\/h2>\n<p>Ja, det vil virkelig endre tankegangen din og f\u00e5 deg til \u00e5 sette pris p\u00e5 livet og nyte hvert \u00f8yeblikk. Du er kanskje i tvil om utveksling er det rette valget for deg. Jeg kan bare si: Utfordre deg selv og dra p\u00e5 et utvekslings\u00e5r, og forbered deg p\u00e5 den beste tiden i livet ditt. Du vil ikke angre p\u00e5 det, og det vil ogs\u00e5 hjelpe deg med \u00e5 f\u00e5 et klarere bilde av hva du vil oppn\u00e5 i fremtiden.<\/p>\n<h2>Kan du anbefale STS?<\/h2>\n<p>Ja, jeg har aldri hatt problemer med noe som helst, og de gir deg sjansen til \u00e5 oppleve fantastiske ting. Du vil alltid ha noen \u00e5 snakke med og f\u00e5 r\u00e5d fra.<\/p>\n<h2>Finn ut mer<\/h2>\n<ul>\n<li>Les flere <a href=\"https:\/\/www.sts-education.com\/no\/high-school\/student-stories\/studenthistorier\/?hashtag=Costa+Rica\">studenthistorier fra Costa Rica<\/a><\/li>\n<li>Les mer om <a href=\"https:\/\/www.sts-education.com\/no\/high-school\/destinasjoner\/sor-amerika\/costa-rica\/\">utveksling p\u00e5 high school i Costa Rica<\/a><\/li>\n<li>Se alle v\u00e5re <a href=\"\/no\/high-school\/tripfinder\/\">utvekslingsdestinasjoner for high school<\/a><\/li>\n<\/ul>\n<\/div><\/div><\/div>\n","protected":false},"excerpt":{"rendered":"","protected":false},"author":20,"featured_media":14124,"comment_status":"open","ping_status":"open","sticky":false,"template":"","format":"standard","meta":{"_acf_changed":false,"_yoast_wpseo_title":"Barbara var p\u00e5 utvekslings\u00e5r i Costa Rica","_yoast_wpseo_metadesc":"Jeg bestemte meg for \u00e5 dra p\u00e5 utveksling fordi jeg ville utfordre meg selv, og valgte Costa Rica for \u00e5 bli kjent med en annen del av verden.","footnotes":""},"categories":[275],"tags":[997],"wpw_post_folders":[],"class_list":["post-12150","post","type-post","status-publish","format-standard","has-post-thumbnail","hentry","category-uncategorized-no","tag-costa-rica"],"acf":[],"yoast_head":"<!-- This site is optimized with the Yoast SEO Premium plugin v27.2 (Yoast SEO v27.2) - https:\/\/yoast.com\/product\/yoast-seo-premium-wordpress\/ -->\n<title>Barbara var p\u00e5 utvekslings\u00e5r i Costa Rica<\/title>\n<meta name=\"description\" content=\"Jeg bestemte meg for \u00e5 dra p\u00e5 utveksling fordi jeg ville utfordre meg selv, og valgte Costa Rica for \u00e5 bli kjent med en annen del av verden.\" \/>\n<meta name=\"robots\" content=\"index, follow, max-snippet:-1, max-image-preview:large, max-video-preview:-1\" \/>\n<link rel=\"canonical\" href=\"https:\/\/www.sts-education.com\/no\/high-school\/student-stories\/studenthistorier\/barbara-var-pa-utvekslingsar-i-costa-rica\/\" \/>\n<meta property=\"og:locale\" content=\"nb_NO\" \/>\n<meta property=\"og:type\" content=\"article\" \/>\n<meta property=\"og:title\" content=\"Barbara var ett \u00e5r i Costa Rica\" \/>\n<meta property=\"og:description\" content=\"Jeg bestemte meg for \u00e5 dra p\u00e5 utveksling fordi jeg ville utfordre meg selv, og valgte Costa Rica for \u00e5 bli kjent med en annen del av verden.\" \/>\n<meta property=\"og:url\" content=\"https:\/\/www.sts-education.com\/no\/high-school\/student-stories\/studenthistorier\/barbara-var-pa-utvekslingsar-i-costa-rica\/\" \/>\n<meta property=\"og:site_name\" content=\"STS Education\" \/>\n<meta property=\"article:published_time\" content=\"2023-03-30T10:00:00+00:00\" \/>\n<meta property=\"article:modified_time\" content=\"2026-04-23T12:31:49+00:00\" \/>\n<meta property=\"og:image\" content=\"https:\/\/powered-by.qbank.se\/educatius\/sts\/\/2d8d607eebaed8ebe7ab545194237fae_1-1-thumb.webp\" \/>\n\t<meta property=\"og:image:width\" content=\"150\" \/>\n\t<meta property=\"og:image:height\" content=\"150\" \/>\n\t<meta property=\"og:image:type\" content=\"image\/jpeg\" \/>\n<meta name=\"author\" content=\"syncreadwrite\" \/>\n<meta name=\"twitter:card\" content=\"summary_large_image\" \/>\n<meta name=\"twitter:label1\" content=\"Skrevet av\" \/>\n\t<meta name=\"twitter:data1\" content=\"syncreadwrite\" \/>\n\t<meta name=\"twitter:label2\" content=\"Ansl. lesetid\" \/>\n\t<meta name=\"twitter:data2\" content=\"2 minutter\" \/>\n<script type=\"application\/ld+json\" class=\"yoast-schema-graph\">{\"@context\":\"https:\/\/schema.org\",\"@graph\":[{\"@type\":\"Article\",\"@id\":\"https:\/\/www.sts-education.com\/no\/high-school\/student-stories\/studenthistorier\/barbara-var-pa-utvekslingsar-i-costa-rica\/#article\",\"isPartOf\":{\"@id\":\"https:\/\/www.sts-education.com\/no\/high-school\/student-stories\/studenthistorier\/barbara-var-pa-utvekslingsar-i-costa-rica\/\"},\"author\":{\"name\":\"syncreadwrite\",\"@id\":\"https:\/\/www.sts-education.com\/no\/#\/schema\/person\/8b82f3a2e45f020b8f296d7a85d9a97c\"},\"headline\":\"Barbara var ett \u00e5r i Costa Rica\",\"datePublished\":\"2023-03-30T10:00:00+00:00\",\"dateModified\":\"2026-04-23T12:31:49+00:00\",\"mainEntityOfPage\":{\"@id\":\"https:\/\/www.sts-education.com\/no\/high-school\/student-stories\/studenthistorier\/barbara-var-pa-utvekslingsar-i-costa-rica\/\"},\"wordCount\":423,\"commentCount\":0,\"image\":{\"@id\":\"https:\/\/www.sts-education.com\/no\/high-school\/student-stories\/studenthistorier\/barbara-var-pa-utvekslingsar-i-costa-rica\/#primaryimage\"},\"thumbnailUrl\":\"https:\/\/powered-by.qbank.se\/educatius\/sts\/\/2d8d607eebaed8ebe7ab545194237fae_1-1-thumb.webp\",\"keywords\":[\"Costa Rica\"],\"articleSection\":[\"Uncategorized @no\"],\"inLanguage\":\"nb-NO\",\"potentialAction\":[{\"@type\":\"CommentAction\",\"name\":\"Comment\",\"target\":[\"https:\/\/www.sts-education.com\/no\/high-school\/student-stories\/studenthistorier\/barbara-var-pa-utvekslingsar-i-costa-rica\/#respond\"]}]},{\"@type\":\"WebPage\",\"@id\":\"https:\/\/www.sts-education.com\/no\/high-school\/student-stories\/studenthistorier\/barbara-var-pa-utvekslingsar-i-costa-rica\/\",\"url\":\"https:\/\/www.sts-education.com\/no\/high-school\/student-stories\/studenthistorier\/barbara-var-pa-utvekslingsar-i-costa-rica\/\",\"name\":\"Barbara var p\u00e5 utvekslings\u00e5r i Costa Rica\",\"isPartOf\":{\"@id\":\"https:\/\/www.sts-education.com\/no\/#website\"},\"primaryImageOfPage\":{\"@id\":\"https:\/\/www.sts-education.com\/no\/high-school\/student-stories\/studenthistorier\/barbara-var-pa-utvekslingsar-i-costa-rica\/#primaryimage\"},\"image\":{\"@id\":\"https:\/\/www.sts-education.com\/no\/high-school\/student-stories\/studenthistorier\/barbara-var-pa-utvekslingsar-i-costa-rica\/#primaryimage\"},\"thumbnailUrl\":\"https:\/\/powered-by.qbank.se\/educatius\/sts\/\/2d8d607eebaed8ebe7ab545194237fae_1-1-thumb.webp\",\"datePublished\":\"2023-03-30T10:00:00+00:00\",\"dateModified\":\"2026-04-23T12:31:49+00:00\",\"author\":{\"@id\":\"https:\/\/www.sts-education.com\/no\/#\/schema\/person\/8b82f3a2e45f020b8f296d7a85d9a97c\"},\"description\":\"Jeg bestemte meg for \u00e5 dra p\u00e5 utveksling fordi jeg ville utfordre meg selv, og valgte Costa Rica for \u00e5 bli kjent med en annen del av verden.\",\"breadcrumb\":{\"@id\":\"https:\/\/www.sts-education.com\/no\/high-school\/student-stories\/studenthistorier\/barbara-var-pa-utvekslingsar-i-costa-rica\/#breadcrumb\"},\"inLanguage\":\"nb-NO\",\"potentialAction\":[{\"@type\":\"ReadAction\",\"target\":[\"https:\/\/www.sts-education.com\/no\/high-school\/student-stories\/studenthistorier\/barbara-var-pa-utvekslingsar-i-costa-rica\/\"]}]},{\"@type\":\"ImageObject\",\"inLanguage\":\"nb-NO\",\"@id\":\"https:\/\/www.sts-education.com\/no\/high-school\/student-stories\/studenthistorier\/barbara-var-pa-utvekslingsar-i-costa-rica\/#primaryimage\",\"url\":\"https:\/\/powered-by.qbank.se\/educatius\/sts\/\/2d8d607eebaed8ebe7ab545194237fae_1-1-thumb.webp\",\"contentUrl\":\"https:\/\/powered-by.qbank.se\/educatius\/sts\/\/2d8d607eebaed8ebe7ab545194237fae_1-1-thumb.webp\",\"width\":150,\"height\":150},{\"@type\":\"BreadcrumbList\",\"@id\":\"https:\/\/www.sts-education.com\/no\/high-school\/student-stories\/studenthistorier\/barbara-var-pa-utvekslingsar-i-costa-rica\/#breadcrumb\",\"itemListElement\":[{\"@type\":\"ListItem\",\"position\":1,\"name\":\"Home\",\"item\":\"https:\/\/www.sts-education.com\/no\/\"},{\"@type\":\"ListItem\",\"position\":2,\"name\":\"Barbara var ett \u00e5r i Costa Rica\"}]},{\"@type\":\"WebSite\",\"@id\":\"https:\/\/www.sts-education.com\/no\/#website\",\"url\":\"https:\/\/www.sts-education.com\/no\/\",\"name\":\"STS Education\",\"description\":\"\",\"potentialAction\":[{\"@type\":\"SearchAction\",\"target\":{\"@type\":\"EntryPoint\",\"urlTemplate\":\"https:\/\/www.sts-education.com\/no\/?s={search_term_string}\"},\"query-input\":{\"@type\":\"PropertyValueSpecification\",\"valueRequired\":true,\"valueName\":\"search_term_string\"}}],\"inLanguage\":\"nb-NO\"},{\"@type\":\"Person\",\"@id\":\"https:\/\/www.sts-education.com\/no\/#\/schema\/person\/8b82f3a2e45f020b8f296d7a85d9a97c\",\"name\":\"syncreadwrite\",\"image\":{\"@type\":\"ImageObject\",\"inLanguage\":\"nb-NO\",\"@id\":\"https:\/\/secure.gravatar.com\/avatar\/6ed1007e4f6f43f22e3df41d9fce4365533cba47fef64bb359b8e629abbc2ea6?s=96&d=mm&r=g\",\"url\":\"https:\/\/secure.gravatar.com\/avatar\/6ed1007e4f6f43f22e3df41d9fce4365533cba47fef64bb359b8e629abbc2ea6?s=96&d=mm&r=g\",\"contentUrl\":\"https:\/\/secure.gravatar.com\/avatar\/6ed1007e4f6f43f22e3df41d9fce4365533cba47fef64bb359b8e629abbc2ea6?s=96&d=mm&r=g\",\"caption\":\"syncreadwrite\"},\"url\":\"https:\/\/www.sts-education.com\/no\/author\/syncreadwrite\/\"}]}<\/script>\n<!-- \/ Yoast SEO Premium plugin. -->","yoast_head_json":{"title":"Barbara var p\u00e5 utvekslings\u00e5r i Costa Rica","description":"Jeg bestemte meg for \u00e5 dra p\u00e5 utveksling fordi jeg ville utfordre meg selv, og valgte Costa Rica for \u00e5 bli kjent med en annen del av verden.","robots":{"index":"index","follow":"follow","max-snippet":"max-snippet:-1","max-image-preview":"max-image-preview:large","max-video-preview":"max-video-preview:-1"},"canonical":"https:\/\/www.sts-education.com\/no\/high-school\/student-stories\/studenthistorier\/barbara-var-pa-utvekslingsar-i-costa-rica\/","og_locale":"nb_NO","og_type":"article","og_title":"Barbara var ett \u00e5r i Costa Rica","og_description":"Jeg bestemte meg for \u00e5 dra p\u00e5 utveksling fordi jeg ville utfordre meg selv, og valgte Costa Rica for \u00e5 bli kjent med en annen del av verden.","og_url":"https:\/\/www.sts-education.com\/no\/high-school\/student-stories\/studenthistorier\/barbara-var-pa-utvekslingsar-i-costa-rica\/","og_site_name":"STS Education","article_published_time":"2023-03-30T10:00:00+00:00","article_modified_time":"2026-04-23T12:31:49+00:00","og_image":[{"width":150,"height":150,"url":"https:\/\/powered-by.qbank.se\/educatius\/sts\/\/2d8d607eebaed8ebe7ab545194237fae_1-1-thumb.webp","type":"image\/jpeg"}],"author":"syncreadwrite","twitter_card":"summary_large_image","twitter_misc":{"Skrevet av":"syncreadwrite","Ansl. lesetid":"2 minutter"},"schema":{"@context":"https:\/\/schema.org","@graph":[{"@type":"Article","@id":"https:\/\/www.sts-education.com\/no\/high-school\/student-stories\/studenthistorier\/barbara-var-pa-utvekslingsar-i-costa-rica\/#article","isPartOf":{"@id":"https:\/\/www.sts-education.com\/no\/high-school\/student-stories\/studenthistorier\/barbara-var-pa-utvekslingsar-i-costa-rica\/"},"author":{"name":"syncreadwrite","@id":"https:\/\/www.sts-education.com\/no\/#\/schema\/person\/8b82f3a2e45f020b8f296d7a85d9a97c"},"headline":"Barbara var ett \u00e5r i Costa Rica","datePublished":"2023-03-30T10:00:00+00:00","dateModified":"2026-04-23T12:31:49+00:00","mainEntityOfPage":{"@id":"https:\/\/www.sts-education.com\/no\/high-school\/student-stories\/studenthistorier\/barbara-var-pa-utvekslingsar-i-costa-rica\/"},"wordCount":423,"commentCount":0,"image":{"@id":"https:\/\/www.sts-education.com\/no\/high-school\/student-stories\/studenthistorier\/barbara-var-pa-utvekslingsar-i-costa-rica\/#primaryimage"},"thumbnailUrl":"https:\/\/powered-by.qbank.se\/educatius\/sts\/\/2d8d607eebaed8ebe7ab545194237fae_1-1-thumb.webp","keywords":["Costa Rica"],"articleSection":["Uncategorized @no"],"inLanguage":"nb-NO","potentialAction":[{"@type":"CommentAction","name":"Comment","target":["https:\/\/www.sts-education.com\/no\/high-school\/student-stories\/studenthistorier\/barbara-var-pa-utvekslingsar-i-costa-rica\/#respond"]}]},{"@type":"WebPage","@id":"https:\/\/www.sts-education.com\/no\/high-school\/student-stories\/studenthistorier\/barbara-var-pa-utvekslingsar-i-costa-rica\/","url":"https:\/\/www.sts-education.com\/no\/high-school\/student-stories\/studenthistorier\/barbara-var-pa-utvekslingsar-i-costa-rica\/","name":"Barbara var p\u00e5 utvekslings\u00e5r i Costa Rica","isPartOf":{"@id":"https:\/\/www.sts-education.com\/no\/#website"},"primaryImageOfPage":{"@id":"https:\/\/www.sts-education.com\/no\/high-school\/student-stories\/studenthistorier\/barbara-var-pa-utvekslingsar-i-costa-rica\/#primaryimage"},"image":{"@id":"https:\/\/www.sts-education.com\/no\/high-school\/student-stories\/studenthistorier\/barbara-var-pa-utvekslingsar-i-costa-rica\/#primaryimage"},"thumbnailUrl":"https:\/\/powered-by.qbank.se\/educatius\/sts\/\/2d8d607eebaed8ebe7ab545194237fae_1-1-thumb.webp","datePublished":"2023-03-30T10:00:00+00:00","dateModified":"2026-04-23T12:31:49+00:00","author":{"@id":"https:\/\/www.sts-education.com\/no\/#\/schema\/person\/8b82f3a2e45f020b8f296d7a85d9a97c"},"description":"Jeg bestemte meg for \u00e5 dra p\u00e5 utveksling fordi jeg ville utfordre meg selv, og valgte Costa Rica for \u00e5 bli kjent med en annen del av verden.","breadcrumb":{"@id":"https:\/\/www.sts-education.com\/no\/high-school\/student-stories\/studenthistorier\/barbara-var-pa-utvekslingsar-i-costa-rica\/#breadcrumb"},"inLanguage":"nb-NO","potentialAction":[{"@type":"ReadAction","target":["https:\/\/www.sts-education.com\/no\/high-school\/student-stories\/studenthistorier\/barbara-var-pa-utvekslingsar-i-costa-rica\/"]}]},{"@type":"ImageObject","inLanguage":"nb-NO","@id":"https:\/\/www.sts-education.com\/no\/high-school\/student-stories\/studenthistorier\/barbara-var-pa-utvekslingsar-i-costa-rica\/#primaryimage","url":"https:\/\/powered-by.qbank.se\/educatius\/sts\/\/2d8d607eebaed8ebe7ab545194237fae_1-1-thumb.webp","contentUrl":"https:\/\/powered-by.qbank.se\/educatius\/sts\/\/2d8d607eebaed8ebe7ab545194237fae_1-1-thumb.webp","width":150,"height":150},{"@type":"BreadcrumbList","@id":"https:\/\/www.sts-education.com\/no\/high-school\/student-stories\/studenthistorier\/barbara-var-pa-utvekslingsar-i-costa-rica\/#breadcrumb","itemListElement":[{"@type":"ListItem","position":1,"name":"Home","item":"https:\/\/www.sts-education.com\/no\/"},{"@type":"ListItem","position":2,"name":"Barbara var ett \u00e5r i Costa Rica"}]},{"@type":"WebSite","@id":"https:\/\/www.sts-education.com\/no\/#website","url":"https:\/\/www.sts-education.com\/no\/","name":"STS Education","description":"","potentialAction":[{"@type":"SearchAction","target":{"@type":"EntryPoint","urlTemplate":"https:\/\/www.sts-education.com\/no\/?s={search_term_string}"},"query-input":{"@type":"PropertyValueSpecification","valueRequired":true,"valueName":"search_term_string"}}],"inLanguage":"nb-NO"},{"@type":"Person","@id":"https:\/\/www.sts-education.com\/no\/#\/schema\/person\/8b82f3a2e45f020b8f296d7a85d9a97c","name":"syncreadwrite","image":{"@type":"ImageObject","inLanguage":"nb-NO","@id":"https:\/\/secure.gravatar.com\/avatar\/6ed1007e4f6f43f22e3df41d9fce4365533cba47fef64bb359b8e629abbc2ea6?s=96&d=mm&r=g","url":"https:\/\/secure.gravatar.com\/avatar\/6ed1007e4f6f43f22e3df41d9fce4365533cba47fef64bb359b8e629abbc2ea6?s=96&d=mm&r=g","contentUrl":"https:\/\/secure.gravatar.com\/avatar\/6ed1007e4f6f43f22e3df41d9fce4365533cba47fef64bb359b8e629abbc2ea6?s=96&d=mm&r=g","caption":"syncreadwrite"},"url":"https:\/\/www.sts-education.com\/no\/author\/syncreadwrite\/"}]}},"_links":{"self":[{"href":"https:\/\/www.sts-education.com\/no\/wp-json\/wp\/v2\/posts\/12150","targetHints":{"allow":["GET"]}}],"collection":[{"href":"https:\/\/www.sts-education.com\/no\/wp-json\/wp\/v2\/posts"}],"about":[{"href":"https:\/\/www.sts-education.com\/no\/wp-json\/wp\/v2\/types\/post"}],"author":[{"embeddable":true,"href":"https:\/\/www.sts-education.com\/no\/wp-json\/wp\/v2\/users\/20"}],"replies":[{"embeddable":true,"href":"https:\/\/www.sts-education.com\/no\/wp-json\/wp\/v2\/comments?post=12150"}],"version-history":[{"count":5,"href":"https:\/\/www.sts-education.com\/no\/wp-json\/wp\/v2\/posts\/12150\/revisions"}],"predecessor-version":[{"id":40639,"href":"https:\/\/www.sts-education.com\/no\/wp-json\/wp\/v2\/posts\/12150\/revisions\/40639"}],"wp:featuredmedia":[{"embeddable":true,"href":"https:\/\/www.sts-education.com\/no\/wp-json\/wp\/v2\/media\/14124"}],"wp:attachment":[{"href":"https:\/\/www.sts-education.com\/no\/wp-json\/wp\/v2\/media?parent=12150"}],"wp:term":[{"taxonomy":"category","embeddable":true,"href":"https:\/\/www.sts-education.com\/no\/wp-json\/wp\/v2\/categories?post=12150"},{"taxonomy":"post_tag","embeddable":true,"href":"https:\/\/www.sts-education.com\/no\/wp-json\/wp\/v2\/tags?post=12150"},{"taxonomy":"wpw_post_folders","embeddable":true,"href":"https:\/\/www.sts-education.com\/no\/wp-json\/wp\/v2\/wpw_post_folders?post=12150"}],"curies":[{"name":"wp","href":"https:\/\/api.w.org\/{rel}","templated":true}]}}