{"id":11086,"date":"2024-12-02T13:00:00","date_gmt":"2024-12-02T13:00:00","guid":{"rendered":"https:\/\/preprod.sts-education.com\/blog\/2026\/03\/05\/katja-byla-na-wymianie-w-irlandii\/"},"modified":"2026-04-14T10:22:40","modified_gmt":"2026-04-14T10:22:40","slug":"katja-byla-na-wymianie-w-irlandii","status":"publish","type":"post","link":"https:\/\/www.sts-education.com\/pl\/szkola-srednia\/uczniowie-na-wymianie\/historie-uczniow\/katja-byla-na-wymianie-w-irlandii\/","title":{"rendered":"Katja Byla Na Wymianie W Irlandii"},"content":{"rendered":"\n<div class=\"wp-block-sts-text sts-text-editor has-max-width-md\"><div class=\"sts-text-editor__content\"><div class=\"sts-text-editor__content-inner\">\n<h1 style=\"text-align:center\">Katja by\u0142a na wymianie w Irlandii<\/h1>\n<\/div><\/div><\/div>\n\n\n\n<figure class=\"wp-block-sts-image sts-block-image sts-block-image--count-1 has-max-width-md\" data-count=\"1\"><div class=\"sts-block-image__grid\"><div class=\"sts-block-image__item\"><picture class=\"sts-responsive-image has-fit-cover has-pos-top is-skeleton\"><img src=\"https:\/\/cdn.sts-education.com\/13505_hero_md.jpg\" alt=\"Katja by\u0142a na wymianie w Irlandii\" loading=\"lazy\" decoding=\"async\" fetchpriority=\"low\" sizes=\"(max-width: 736px) 100vw, 736px\"\/><\/picture><\/div><\/div><\/figure>\n\n\n\n<div class=\"wp-block-sts-text sts-text-editor has-max-width-md\"><div class=\"sts-text-editor__content\"><div class=\"sts-text-editor__content-inner\">\n<p><em>Hejka! Mam na imi\u0119 Katja i uczestniczy\u0142am w wymianie uczniowskiej w Irlandii.<\/em><\/p>\n<p>Wybranie kraju, w kt\u00f3rym chcia\u0142am sp\u0119dzi\u0107 rok, by\u0142o dla mnie wyzwaniem. Fascynowa\u0142o mnie tyle miejsc! Gdybym mog\u0142a, odwiedzi\u0142abym je wszystkie, sp\u0119dzaj\u0105c w ka\u017cdym rok na wymianie! Ostatecznie zdecydowa\u0142am si\u0119 na Irlandi\u0119.<\/p>\n<\/div><\/div><\/div>\n\n\n\n<div class=\"wp-block-sts-text sts-text-editor has-max-width-md\"><div class=\"sts-text-editor__content\"><div class=\"sts-text-editor__content-inner\">\n<p>Na pocz\u0105tku towarzyszy\u0142 mi stres, ale czu\u0142am te\u017c wielk\u0105 ekscytacj\u0119. Mia\u0142am pewne wyobra\u017cenia, ale nigdy nie wiadomo, jak wszystko si\u0119 potoczy. Po przyje\u017adzie czu\u0142am si\u0119 dziwnie, bo wszystko by\u0142o dla mnie nowe i inne.<\/p>\n<h2>Szko\u0142a<\/h2>\n<p>Szko\u0142a by\u0142a na pocz\u0105tku szczeg\u00f3lnie wymagaj\u0105ca, bo musia\u0142am nosi\u0107 mundurek szkolny, a wszystkie zaj\u0119cia prowadzone by\u0142y w j\u0119zyku angielskim. Do tego dochodzi\u0142y nowe przedmioty, takie jak np. ekonomia domowa. Ale kiedy ju\u017c si\u0119 oswoi\u0142am, szko\u0142a sta\u0142a si\u0119 naprawd\u0119 przyjemna i to w\u0142a\u015bnie tam pozna\u0142am wi\u0119kszo\u015b\u0107 swoich przyjaci\u00f3\u0142.<\/p>\n<h2>Moja rodzina goszcz\u0105ca<\/h2>\n<p>Mia\u0142am szcz\u0119\u015bcie co do mojej rodziny goszcz\u0105cej \u2013 to cudowni ludzie. Zawsze mi pomagali \u2013 odwozili mnie do miasta lub na stacj\u0119 kolejow\u0105 (bo cho\u0107 po\u0142\u0105czenia by\u0142y dobre, z ma\u0142ej wioski trudno si\u0119 tam dosta\u0107). Musia\u0142am si\u0119 przyzwyczai\u0107 do ich trybu \u017cycia, ale szybko znale\u017ali\u015bmy wsp\u00f3lny j\u0119zyk. Kocham ich; to w\u0142a\u015bnie oni sprawili, \u017ce m\u00f3j rok na wymianie by\u0142 tak wyj\u0105tkowy.<\/p>\n<h2>Czas wolny, zainteresowania i przyjaciele<\/h2>\n<p>W czasie wolnym pr\u00f3bowa\u0142am wielu nowych rzeczy. We W\u0142oszech trenowa\u0142am narciarstwo alpejskie, ale w Irlandii nie by\u0142o to mo\u017cliwe. Dlatego znalaz\u0142am sobie inne hobby, takie jak pi\u0142ka no\u017cna i badminton.<\/p>\n<p>Zaprzyja\u017ani\u0142am si\u0119 z lud\u017ami ze szko\u0142y i swoich klub\u00f3w sportowych. W weekendy du\u017co razem podr\u00f3\u017cowali\u015bmy. Zwiedzili\u015bmy mn\u00f3stwo miejsc w Irlandii \u2013 od Cork i Dublina, przez pla\u017ce, po mecze futbolu gaelickiego i wiele innych atrakcji. Zawar\u0142am przyja\u017anie z lud\u017ami z ca\u0142ej Europy. S\u0105dz\u0119, \u017ce s\u0105 to relacje, kt\u00f3re przetrwaj\u0105 lata. Niekt\u00f3rych ju\u017c odwiedzi\u0142am, a innych planuj\u0119 odwiedzi\u0107 w przysz\u0142o\u015bci.<\/p>\n<h2>Wnioski i porady<\/h2>\n<p>Og\u00f3lnie mog\u0119 powiedzie\u0107, \u017ce m\u00f3j rok na wymianie by\u0142 udany i by\u0142 bardzo ekscytuj\u0105cym do\u015bwiadczeniem. Jednak wygl\u0105da\u0142 inaczej, ni\u017c si\u0119 spodziewa\u0142am. Pod pewnymi wzgl\u0119dami rok wymiany przekroczy\u0142 moje oczekiwania, a pod niekt\u00f3rymi by\u0142 ca\u0142kowicie inny, ni\u017c to sobie wyobra\u017ca\u0142am.<\/p>\n<p>Moja najwa\u017cniejsza rada: B\u0105d\u017a otwarta na nowe do\u015bwiadczenia i nie b\u00f3j si\u0119 rozmawia\u0107 z lud\u017ami!<\/p>\n<h2>Dowiedz si\u0119 wi\u0119cej<\/h2>\n<ul><li>Przeczytaj wi\u0119cej <a href=\"https:\/\/www.sts-education.com\/pl\/szkola-srednia\/uczniowie-na-wymianie\/historie-uczniow\/?hashtag=Irlandia\">historii uczni\u00f3w z Irlandii<\/a><\/li>\n<li>Przeczytaj wi\u0119cej o <a href=\"https:\/\/www.sts-education.com\/pl\/szkola-srednia\/kierunki-wyjazdowe\/europa\/irlandia\/\">wymianie licealnej w Irlandii<\/a><\/li>\n<li>Zobacz <a href=\"\/pl\/high-school\/tripfinder\/\">wszystkie miejsca docelowe naszych wymian licealnych<\/a><\/li><\/ul>\n<\/div><\/div><\/div>\n","protected":false},"excerpt":{"rendered":"","protected":false},"author":20,"featured_media":14368,"comment_status":"open","ping_status":"open","sticky":false,"template":"","format":"standard","meta":{"_acf_changed":false,"_yoast_wpseo_title":"Katja by\u0142a na wymianie w Irlandii","_yoast_wpseo_metadesc":"Wybranie kraju, w kt\u00f3rym chcia\u0142am sp\u0119dzi\u0107 rok, by\u0142o dla mnie wyzwaniem. Ostatecznie zdecydowa\u0142am si\u0119 na Irlandi\u0119.","footnotes":""},"categories":[265],"tags":[1021],"wpw_post_folders":[],"class_list":["post-11086","post","type-post","status-publish","format-standard","has-post-thumbnail","hentry","category-bez-kategorii","tag-irlandia"],"acf":[],"yoast_head":"<!-- This site is optimized with the Yoast SEO Premium plugin v27.2 (Yoast SEO v27.2) - https:\/\/yoast.com\/product\/yoast-seo-premium-wordpress\/ -->\n<title>Katja by\u0142a na wymianie w Irlandii<\/title>\n<meta name=\"description\" content=\"Wybranie kraju, w kt\u00f3rym chcia\u0142am sp\u0119dzi\u0107 rok, by\u0142o dla mnie wyzwaniem. Ostatecznie zdecydowa\u0142am si\u0119 na Irlandi\u0119.\" \/>\n<meta name=\"robots\" content=\"index, follow, max-snippet:-1, max-image-preview:large, max-video-preview:-1\" \/>\n<link rel=\"canonical\" href=\"https:\/\/www.sts-education.com\/pl\/szkola-srednia\/uczniowie-na-wymianie\/historie-uczniow\/katja-byla-na-wymianie-w-irlandii\/\" \/>\n<meta property=\"og:locale\" content=\"pl_PL\" \/>\n<meta property=\"og:type\" content=\"article\" \/>\n<meta property=\"og:title\" content=\"Katja Byla Na Wymianie W Irlandii\" \/>\n<meta property=\"og:description\" content=\"Wybranie kraju, w kt\u00f3rym chcia\u0142am sp\u0119dzi\u0107 rok, by\u0142o dla mnie wyzwaniem. Ostatecznie zdecydowa\u0142am si\u0119 na Irlandi\u0119.\" \/>\n<meta property=\"og:url\" content=\"https:\/\/www.sts-education.com\/pl\/szkola-srednia\/uczniowie-na-wymianie\/historie-uczniow\/katja-byla-na-wymianie-w-irlandii\/\" \/>\n<meta property=\"og:site_name\" content=\"STS Education\" \/>\n<meta property=\"article:published_time\" content=\"2024-12-02T13:00:00+00:00\" \/>\n<meta property=\"article:modified_time\" content=\"2026-04-14T10:22:40+00:00\" \/>\n<meta property=\"og:image\" content=\"https:\/\/powered-by.qbank.se\/educatius\/sts\/\/eea1c0b51d71410b3eb79200715a3d60_1-1-thumb.webp\" \/>\n\t<meta property=\"og:image:width\" content=\"150\" \/>\n\t<meta property=\"og:image:height\" content=\"150\" \/>\n\t<meta property=\"og:image:type\" content=\"image\/png\" \/>\n<meta name=\"author\" content=\"syncreadwrite\" \/>\n<meta name=\"twitter:card\" content=\"summary_large_image\" \/>\n<meta name=\"twitter:label1\" content=\"Napisane przez\" \/>\n\t<meta name=\"twitter:data1\" content=\"syncreadwrite\" \/>\n\t<meta name=\"twitter:label2\" content=\"Szacowany czas czytania\" \/>\n\t<meta name=\"twitter:data2\" content=\"2 minuty\" \/>\n<script type=\"application\/ld+json\" class=\"yoast-schema-graph\">{\"@context\":\"https:\/\/schema.org\",\"@graph\":[{\"@type\":\"Article\",\"@id\":\"https:\/\/www.sts-education.com\/pl\/szkola-srednia\/uczniowie-na-wymianie\/historie-uczniow\/katja-byla-na-wymianie-w-irlandii\/#article\",\"isPartOf\":{\"@id\":\"https:\/\/www.sts-education.com\/pl\/szkola-srednia\/uczniowie-na-wymianie\/historie-uczniow\/katja-byla-na-wymianie-w-irlandii\/\"},\"author\":{\"name\":\"syncreadwrite\",\"@id\":\"https:\/\/www.sts-education.com\/pl\/#\/schema\/person\/8b82f3a2e45f020b8f296d7a85d9a97c\"},\"headline\":\"Katja Byla Na Wymianie W Irlandii\",\"datePublished\":\"2024-12-02T13:00:00+00:00\",\"dateModified\":\"2026-04-14T10:22:40+00:00\",\"mainEntityOfPage\":{\"@id\":\"https:\/\/www.sts-education.com\/pl\/szkola-srednia\/uczniowie-na-wymianie\/historie-uczniow\/katja-byla-na-wymianie-w-irlandii\/\"},\"wordCount\":476,\"commentCount\":0,\"image\":{\"@id\":\"https:\/\/www.sts-education.com\/pl\/szkola-srednia\/uczniowie-na-wymianie\/historie-uczniow\/katja-byla-na-wymianie-w-irlandii\/#primaryimage\"},\"thumbnailUrl\":\"https:\/\/powered-by.qbank.se\/educatius\/sts\/\/eea1c0b51d71410b3eb79200715a3d60_1-1-thumb.webp\",\"keywords\":[\"Irlandia\"],\"inLanguage\":\"pl-PL\",\"potentialAction\":[{\"@type\":\"CommentAction\",\"name\":\"Comment\",\"target\":[\"https:\/\/www.sts-education.com\/pl\/szkola-srednia\/uczniowie-na-wymianie\/historie-uczniow\/katja-byla-na-wymianie-w-irlandii\/#respond\"]}]},{\"@type\":\"WebPage\",\"@id\":\"https:\/\/www.sts-education.com\/pl\/szkola-srednia\/uczniowie-na-wymianie\/historie-uczniow\/katja-byla-na-wymianie-w-irlandii\/\",\"url\":\"https:\/\/www.sts-education.com\/pl\/szkola-srednia\/uczniowie-na-wymianie\/historie-uczniow\/katja-byla-na-wymianie-w-irlandii\/\",\"name\":\"Katja by\u0142a na wymianie w Irlandii\",\"isPartOf\":{\"@id\":\"https:\/\/www.sts-education.com\/pl\/#website\"},\"primaryImageOfPage\":{\"@id\":\"https:\/\/www.sts-education.com\/pl\/szkola-srednia\/uczniowie-na-wymianie\/historie-uczniow\/katja-byla-na-wymianie-w-irlandii\/#primaryimage\"},\"image\":{\"@id\":\"https:\/\/www.sts-education.com\/pl\/szkola-srednia\/uczniowie-na-wymianie\/historie-uczniow\/katja-byla-na-wymianie-w-irlandii\/#primaryimage\"},\"thumbnailUrl\":\"https:\/\/powered-by.qbank.se\/educatius\/sts\/\/eea1c0b51d71410b3eb79200715a3d60_1-1-thumb.webp\",\"datePublished\":\"2024-12-02T13:00:00+00:00\",\"dateModified\":\"2026-04-14T10:22:40+00:00\",\"author\":{\"@id\":\"https:\/\/www.sts-education.com\/pl\/#\/schema\/person\/8b82f3a2e45f020b8f296d7a85d9a97c\"},\"description\":\"Wybranie kraju, w kt\u00f3rym chcia\u0142am sp\u0119dzi\u0107 rok, by\u0142o dla mnie wyzwaniem. Ostatecznie zdecydowa\u0142am si\u0119 na Irlandi\u0119.\",\"breadcrumb\":{\"@id\":\"https:\/\/www.sts-education.com\/pl\/szkola-srednia\/uczniowie-na-wymianie\/historie-uczniow\/katja-byla-na-wymianie-w-irlandii\/#breadcrumb\"},\"inLanguage\":\"pl-PL\",\"potentialAction\":[{\"@type\":\"ReadAction\",\"target\":[\"https:\/\/www.sts-education.com\/pl\/szkola-srednia\/uczniowie-na-wymianie\/historie-uczniow\/katja-byla-na-wymianie-w-irlandii\/\"]}]},{\"@type\":\"ImageObject\",\"inLanguage\":\"pl-PL\",\"@id\":\"https:\/\/www.sts-education.com\/pl\/szkola-srednia\/uczniowie-na-wymianie\/historie-uczniow\/katja-byla-na-wymianie-w-irlandii\/#primaryimage\",\"url\":\"https:\/\/powered-by.qbank.se\/educatius\/sts\/\/eea1c0b51d71410b3eb79200715a3d60_1-1-thumb.webp\",\"contentUrl\":\"https:\/\/powered-by.qbank.se\/educatius\/sts\/\/eea1c0b51d71410b3eb79200715a3d60_1-1-thumb.webp\",\"width\":150,\"height\":150},{\"@type\":\"BreadcrumbList\",\"@id\":\"https:\/\/www.sts-education.com\/pl\/szkola-srednia\/uczniowie-na-wymianie\/historie-uczniow\/katja-byla-na-wymianie-w-irlandii\/#breadcrumb\",\"itemListElement\":[{\"@type\":\"ListItem\",\"position\":1,\"name\":\"Home\",\"item\":\"https:\/\/www.sts-education.com\/pl\/\"},{\"@type\":\"ListItem\",\"position\":2,\"name\":\"Katja Byla Na Wymianie W Irlandii\"}]},{\"@type\":\"WebSite\",\"@id\":\"https:\/\/www.sts-education.com\/pl\/#website\",\"url\":\"https:\/\/www.sts-education.com\/pl\/\",\"name\":\"STS Education\",\"description\":\"\",\"potentialAction\":[{\"@type\":\"SearchAction\",\"target\":{\"@type\":\"EntryPoint\",\"urlTemplate\":\"https:\/\/www.sts-education.com\/pl\/?s={search_term_string}\"},\"query-input\":{\"@type\":\"PropertyValueSpecification\",\"valueRequired\":true,\"valueName\":\"search_term_string\"}}],\"inLanguage\":\"pl-PL\"},{\"@type\":\"Person\",\"@id\":\"https:\/\/www.sts-education.com\/pl\/#\/schema\/person\/8b82f3a2e45f020b8f296d7a85d9a97c\",\"name\":\"syncreadwrite\",\"image\":{\"@type\":\"ImageObject\",\"inLanguage\":\"pl-PL\",\"@id\":\"https:\/\/secure.gravatar.com\/avatar\/6ed1007e4f6f43f22e3df41d9fce4365533cba47fef64bb359b8e629abbc2ea6?s=96&d=mm&r=g\",\"url\":\"https:\/\/secure.gravatar.com\/avatar\/6ed1007e4f6f43f22e3df41d9fce4365533cba47fef64bb359b8e629abbc2ea6?s=96&d=mm&r=g\",\"contentUrl\":\"https:\/\/secure.gravatar.com\/avatar\/6ed1007e4f6f43f22e3df41d9fce4365533cba47fef64bb359b8e629abbc2ea6?s=96&d=mm&r=g\",\"caption\":\"syncreadwrite\"},\"url\":\"https:\/\/www.sts-education.com\/pl\/author\/syncreadwrite\/\"}]}<\/script>\n<!-- \/ Yoast SEO Premium plugin. -->","yoast_head_json":{"title":"Katja by\u0142a na wymianie w Irlandii","description":"Wybranie kraju, w kt\u00f3rym chcia\u0142am sp\u0119dzi\u0107 rok, by\u0142o dla mnie wyzwaniem. Ostatecznie zdecydowa\u0142am si\u0119 na Irlandi\u0119.","robots":{"index":"index","follow":"follow","max-snippet":"max-snippet:-1","max-image-preview":"max-image-preview:large","max-video-preview":"max-video-preview:-1"},"canonical":"https:\/\/www.sts-education.com\/pl\/szkola-srednia\/uczniowie-na-wymianie\/historie-uczniow\/katja-byla-na-wymianie-w-irlandii\/","og_locale":"pl_PL","og_type":"article","og_title":"Katja Byla Na Wymianie W Irlandii","og_description":"Wybranie kraju, w kt\u00f3rym chcia\u0142am sp\u0119dzi\u0107 rok, by\u0142o dla mnie wyzwaniem. Ostatecznie zdecydowa\u0142am si\u0119 na Irlandi\u0119.","og_url":"https:\/\/www.sts-education.com\/pl\/szkola-srednia\/uczniowie-na-wymianie\/historie-uczniow\/katja-byla-na-wymianie-w-irlandii\/","og_site_name":"STS Education","article_published_time":"2024-12-02T13:00:00+00:00","article_modified_time":"2026-04-14T10:22:40+00:00","og_image":[{"width":150,"height":150,"url":"https:\/\/powered-by.qbank.se\/educatius\/sts\/\/eea1c0b51d71410b3eb79200715a3d60_1-1-thumb.webp","type":"image\/png"}],"author":"syncreadwrite","twitter_card":"summary_large_image","twitter_misc":{"Napisane przez":"syncreadwrite","Szacowany czas czytania":"2 minuty"},"schema":{"@context":"https:\/\/schema.org","@graph":[{"@type":"Article","@id":"https:\/\/www.sts-education.com\/pl\/szkola-srednia\/uczniowie-na-wymianie\/historie-uczniow\/katja-byla-na-wymianie-w-irlandii\/#article","isPartOf":{"@id":"https:\/\/www.sts-education.com\/pl\/szkola-srednia\/uczniowie-na-wymianie\/historie-uczniow\/katja-byla-na-wymianie-w-irlandii\/"},"author":{"name":"syncreadwrite","@id":"https:\/\/www.sts-education.com\/pl\/#\/schema\/person\/8b82f3a2e45f020b8f296d7a85d9a97c"},"headline":"Katja Byla Na Wymianie W Irlandii","datePublished":"2024-12-02T13:00:00+00:00","dateModified":"2026-04-14T10:22:40+00:00","mainEntityOfPage":{"@id":"https:\/\/www.sts-education.com\/pl\/szkola-srednia\/uczniowie-na-wymianie\/historie-uczniow\/katja-byla-na-wymianie-w-irlandii\/"},"wordCount":476,"commentCount":0,"image":{"@id":"https:\/\/www.sts-education.com\/pl\/szkola-srednia\/uczniowie-na-wymianie\/historie-uczniow\/katja-byla-na-wymianie-w-irlandii\/#primaryimage"},"thumbnailUrl":"https:\/\/powered-by.qbank.se\/educatius\/sts\/\/eea1c0b51d71410b3eb79200715a3d60_1-1-thumb.webp","keywords":["Irlandia"],"inLanguage":"pl-PL","potentialAction":[{"@type":"CommentAction","name":"Comment","target":["https:\/\/www.sts-education.com\/pl\/szkola-srednia\/uczniowie-na-wymianie\/historie-uczniow\/katja-byla-na-wymianie-w-irlandii\/#respond"]}]},{"@type":"WebPage","@id":"https:\/\/www.sts-education.com\/pl\/szkola-srednia\/uczniowie-na-wymianie\/historie-uczniow\/katja-byla-na-wymianie-w-irlandii\/","url":"https:\/\/www.sts-education.com\/pl\/szkola-srednia\/uczniowie-na-wymianie\/historie-uczniow\/katja-byla-na-wymianie-w-irlandii\/","name":"Katja by\u0142a na wymianie w Irlandii","isPartOf":{"@id":"https:\/\/www.sts-education.com\/pl\/#website"},"primaryImageOfPage":{"@id":"https:\/\/www.sts-education.com\/pl\/szkola-srednia\/uczniowie-na-wymianie\/historie-uczniow\/katja-byla-na-wymianie-w-irlandii\/#primaryimage"},"image":{"@id":"https:\/\/www.sts-education.com\/pl\/szkola-srednia\/uczniowie-na-wymianie\/historie-uczniow\/katja-byla-na-wymianie-w-irlandii\/#primaryimage"},"thumbnailUrl":"https:\/\/powered-by.qbank.se\/educatius\/sts\/\/eea1c0b51d71410b3eb79200715a3d60_1-1-thumb.webp","datePublished":"2024-12-02T13:00:00+00:00","dateModified":"2026-04-14T10:22:40+00:00","author":{"@id":"https:\/\/www.sts-education.com\/pl\/#\/schema\/person\/8b82f3a2e45f020b8f296d7a85d9a97c"},"description":"Wybranie kraju, w kt\u00f3rym chcia\u0142am sp\u0119dzi\u0107 rok, by\u0142o dla mnie wyzwaniem. Ostatecznie zdecydowa\u0142am si\u0119 na Irlandi\u0119.","breadcrumb":{"@id":"https:\/\/www.sts-education.com\/pl\/szkola-srednia\/uczniowie-na-wymianie\/historie-uczniow\/katja-byla-na-wymianie-w-irlandii\/#breadcrumb"},"inLanguage":"pl-PL","potentialAction":[{"@type":"ReadAction","target":["https:\/\/www.sts-education.com\/pl\/szkola-srednia\/uczniowie-na-wymianie\/historie-uczniow\/katja-byla-na-wymianie-w-irlandii\/"]}]},{"@type":"ImageObject","inLanguage":"pl-PL","@id":"https:\/\/www.sts-education.com\/pl\/szkola-srednia\/uczniowie-na-wymianie\/historie-uczniow\/katja-byla-na-wymianie-w-irlandii\/#primaryimage","url":"https:\/\/powered-by.qbank.se\/educatius\/sts\/\/eea1c0b51d71410b3eb79200715a3d60_1-1-thumb.webp","contentUrl":"https:\/\/powered-by.qbank.se\/educatius\/sts\/\/eea1c0b51d71410b3eb79200715a3d60_1-1-thumb.webp","width":150,"height":150},{"@type":"BreadcrumbList","@id":"https:\/\/www.sts-education.com\/pl\/szkola-srednia\/uczniowie-na-wymianie\/historie-uczniow\/katja-byla-na-wymianie-w-irlandii\/#breadcrumb","itemListElement":[{"@type":"ListItem","position":1,"name":"Home","item":"https:\/\/www.sts-education.com\/pl\/"},{"@type":"ListItem","position":2,"name":"Katja Byla Na Wymianie W Irlandii"}]},{"@type":"WebSite","@id":"https:\/\/www.sts-education.com\/pl\/#website","url":"https:\/\/www.sts-education.com\/pl\/","name":"STS Education","description":"","potentialAction":[{"@type":"SearchAction","target":{"@type":"EntryPoint","urlTemplate":"https:\/\/www.sts-education.com\/pl\/?s={search_term_string}"},"query-input":{"@type":"PropertyValueSpecification","valueRequired":true,"valueName":"search_term_string"}}],"inLanguage":"pl-PL"},{"@type":"Person","@id":"https:\/\/www.sts-education.com\/pl\/#\/schema\/person\/8b82f3a2e45f020b8f296d7a85d9a97c","name":"syncreadwrite","image":{"@type":"ImageObject","inLanguage":"pl-PL","@id":"https:\/\/secure.gravatar.com\/avatar\/6ed1007e4f6f43f22e3df41d9fce4365533cba47fef64bb359b8e629abbc2ea6?s=96&d=mm&r=g","url":"https:\/\/secure.gravatar.com\/avatar\/6ed1007e4f6f43f22e3df41d9fce4365533cba47fef64bb359b8e629abbc2ea6?s=96&d=mm&r=g","contentUrl":"https:\/\/secure.gravatar.com\/avatar\/6ed1007e4f6f43f22e3df41d9fce4365533cba47fef64bb359b8e629abbc2ea6?s=96&d=mm&r=g","caption":"syncreadwrite"},"url":"https:\/\/www.sts-education.com\/pl\/author\/syncreadwrite\/"}]}},"_links":{"self":[{"href":"https:\/\/www.sts-education.com\/pl\/wp-json\/wp\/v2\/posts\/11086","targetHints":{"allow":["GET"]}}],"collection":[{"href":"https:\/\/www.sts-education.com\/pl\/wp-json\/wp\/v2\/posts"}],"about":[{"href":"https:\/\/www.sts-education.com\/pl\/wp-json\/wp\/v2\/types\/post"}],"author":[{"embeddable":true,"href":"https:\/\/www.sts-education.com\/pl\/wp-json\/wp\/v2\/users\/20"}],"replies":[{"embeddable":true,"href":"https:\/\/www.sts-education.com\/pl\/wp-json\/wp\/v2\/comments?post=11086"}],"version-history":[{"count":4,"href":"https:\/\/www.sts-education.com\/pl\/wp-json\/wp\/v2\/posts\/11086\/revisions"}],"predecessor-version":[{"id":34391,"href":"https:\/\/www.sts-education.com\/pl\/wp-json\/wp\/v2\/posts\/11086\/revisions\/34391"}],"wp:featuredmedia":[{"embeddable":true,"href":"https:\/\/www.sts-education.com\/pl\/wp-json\/wp\/v2\/media\/14368"}],"wp:attachment":[{"href":"https:\/\/www.sts-education.com\/pl\/wp-json\/wp\/v2\/media?parent=11086"}],"wp:term":[{"taxonomy":"category","embeddable":true,"href":"https:\/\/www.sts-education.com\/pl\/wp-json\/wp\/v2\/categories?post=11086"},{"taxonomy":"post_tag","embeddable":true,"href":"https:\/\/www.sts-education.com\/pl\/wp-json\/wp\/v2\/tags?post=11086"},{"taxonomy":"wpw_post_folders","embeddable":true,"href":"https:\/\/www.sts-education.com\/pl\/wp-json\/wp\/v2\/wpw_post_folders?post=11086"}],"curies":[{"name":"wp","href":"https:\/\/api.w.org\/{rel}","templated":true}]}}