{"id":11089,"date":"2024-11-25T13:00:00","date_gmt":"2024-11-25T11:00:00","guid":{"rendered":"https:\/\/preprod.sts-education.com\/blog\/2026\/03\/05\/serena-byla-na-wymianie-w-finlandii\/"},"modified":"2026-04-29T09:49:18","modified_gmt":"2026-04-29T07:49:18","slug":"serena-byla-na-wymianie-w-finlandii","status":"publish","type":"post","link":"https:\/\/www.sts-education.com\/pl\/szkola-srednia\/uczniowie-na-wymianie\/historie-uczniow\/serena-byla-na-wymianie-w-finlandii\/","title":{"rendered":"Serena Byla Na Wymianie W Finlandii"},"content":{"rendered":"\n<div class=\"wp-block-sts-text sts-text-editor has-max-width-md\"><div class=\"sts-text-editor__content\"><div class=\"sts-text-editor__content-inner\">\n<h1 style=\"text-align:center\">Serena by\u0142a na wymianie w Finlandii<\/h1>\n<\/div><\/div><\/div>\n\n\n\n<figure class=\"wp-block-sts-image sts-block-image sts-block-image--count-1 has-max-width-lg\" data-count=\"1\"><div class=\"sts-block-image__grid\"><div class=\"sts-block-image__item\"><picture class=\"sts-responsive-image has-fit-cover has-pos-top is-skeleton\"><source media=\"(max-width: 834.98px)\" srcset=\"https:\/\/powered-by.qbank.se\/educatius\/sts\/5629243ccf442de1a89a181a488bba6c_1-1-thumb.webp 150w, https:\/\/powered-by.qbank.se\/educatius\/sts\/5629243ccf442de1a89a181a488bba6c_1-1-xsmall.webp 500w, https:\/\/powered-by.qbank.se\/educatius\/sts\/5629243ccf442de1a89a181a488bba6c_1-1-small.webp 800w, https:\/\/powered-by.qbank.se\/educatius\/sts\/5629243ccf442de1a89a181a488bba6c_1-1-medium.webp 1024w, https:\/\/powered-by.qbank.se\/educatius\/sts\/5629243ccf442de1a89a181a488bba6c_1-1-large.webp 1536w\" sizes=\"(max-width: 768px) 100vw, (max-width: 1200px) 100vw, 1200px\" type=\"image\/webp\"\/><source media=\"(min-width: 835px)\" srcset=\"https:\/\/powered-by.qbank.se\/educatius\/sts\/5629243ccf442de1a89a181a488bba6c_16-9-small.webp 800w, https:\/\/powered-by.qbank.se\/educatius\/sts\/5629243ccf442de1a89a181a488bba6c_16-9-medium.webp 1024w, https:\/\/powered-by.qbank.se\/educatius\/sts\/5629243ccf442de1a89a181a488bba6c_16-9-large.webp 1536w\" sizes=\"(max-width: 768px) 100vw, (max-width: 1200px) 100vw, 1200px\" type=\"image\/webp\"\/><img src=\"https:\/\/powered-by.qbank.se\/educatius\/sts\/5629243ccf442de1a89a181a488bba6c_1-1-thumb.webp\" alt=\"Serena by\u0142a na wymianie w Finlandii\" loading=\"lazy\" decoding=\"async\" fetchpriority=\"low\" style=\"object-position:top\"\/><\/picture><\/div><\/div><\/figure>\n\n\n\n<div class=\"wp-block-sts-text sts-text-editor has-max-width-md\"><div class=\"sts-text-editor__content\"><div class=\"sts-text-editor__content-inner\">\n<p><em>Cze\u015b\u0107, mam na imi\u0119 Serena i pochodz\u0119 z W\u0142och!<\/em><\/p>\n<p>Sp\u0119dzi\u0142em rok na wymianie szkolnej w Finlandii. Zdecydowa\u0142am si\u0119 na ten ruch, poniewa\u017c chcia\u0142am opu\u015bci\u0107 swoj\u0105 stref\u0119 komfortu i spr\u00f3bowa\u0107 czego\u015b nowego. Wybra\u0142am Finlandi\u0119, poniewa\u017c chcia\u0142am pozna\u0107 europejski kraj, kt\u00f3rego kultura ca\u0142kowicie r\u00f3\u017cni si\u0119 od w\u0142oskiej.<\/p>\n<\/div><\/div><\/div>\n\n\n\n<div class=\"wp-block-sts-text sts-text-editor has-max-width-md\"><div class=\"sts-text-editor__content\"><div class=\"sts-text-editor__content-inner\">\n<h2>Szko\u0142a w Finlandii<\/h2>\n<p>System edukacyjny w Finlandii jest zupe\u0142nie inny ni\u017c we W\u0142oszech. W wielu przypadkach okaza\u0142 si\u0119 bardziej zgodny z moim podej\u015bciem do nauki. Fi\u0144skie szko\u0142y funkcjonuj\u0105 bardzo sprawnie. Uwag\u0119 zwraca doskona\u0142a komunikacja mi\u0119dzy uczniami a nauczycielami, kt\u00f3rzy zawsze zwracaj\u0105 uwag\u0119 na post\u0119py uczni\u00f3w, ale przede wszystkim na ich stan emocjonalny, co jest jednym z priorytet\u00f3w fi\u0144skiego systemu edukacji. Szko\u0142a, do kt\u00f3rej trafi\u0142am, jest niezwykle stymuluj\u0105cym \u015brodowiskiem dla tamtejszych uczni\u00f3w oraz uczestnik\u00f3w wymiany. Dawa\u0142a mo\u017cliwo\u015b\u0107 rozwoju osobistego, pozwalaj\u0105c po prostu by\u0107 sob\u0105 i pracowa\u0107 nad swoim potencja\u0142em, by wydoby\u0107 z siebie to, co najlepsze.<\/p>\n<h2>Formy aktywno\u015bci<\/h2>\n<p>Podczas mojego pobytu uczestniczy\u0142am w wielu nowych formach aktywno\u015bci. Bra\u0142am udzia\u0142 w organizowanych przez moj\u0105 szko\u0142\u0119 zaj\u0119ciach teatralnych i muzycznych. Po raz pierwszy spr\u00f3bowa\u0142am narciarstwa biegowego. Nawet, gdy by\u0142o bardzo zimno, chodzili\u015bmy z przyjaci\u00f3\u0142mi do kawiarni uczy\u0107 si\u0119, a nast\u0119pnie spotykali\u015bmy si\u0119 w r\u00f3\u017cnych cz\u0119\u015bciach miasta, robili\u015bmy zdj\u0119cia i zwiedzali\u015bmy nowe miejsca.<\/p>\n<h2>Nawi\u0105zywanie przyja\u017ani<\/h2>\n<p>Nawi\u0105zywanie nowych znajomo\u015bci wcale nie by\u0142o dla mnie trudne. Uwa\u017cam si\u0119 za osob\u0119 bardzo otwart\u0105, wi\u0119c nie nie mia\u0142am \u017cadnych obaw. Mia\u0142am szcz\u0119\u015bcie, \u017ce w moim otoczeniu by\u0142o wielu innych uczestnik\u00f3w wymiany, z kt\u00f3rymi mog\u0142am dzieli\u0107 si\u0119 swoimi uczuciami i emocjami, a oni wspierali mnie w trudnych chwilach. Nadal kocham ich wszystkich. Pozna\u0142am tak\u017ce wielu lokalnych mieszka\u0144c\u00f3w, kt\u00f3rzy, mimo \u017ce r\u00f3\u017cni\u0105 si\u0119 pod wzgl\u0119dem kultury i maj\u0105 inne zwyczaje, s\u0105 bardzo otwarci na nowych ludzi i ch\u0119tnie dziel\u0105 si\u0119 pi\u0119knymi opowie\u015bciami o swoim kraju.<\/p>\n<h2>Moja rodzina goszcz\u0105ca<\/h2>\n<p>Jednym z najbardziej pozytywnych aspekt\u00f3w zwi\u0105zanych z moim pobytem by\u0142a z pewno\u015bci\u0105 moja rodzina goszcz\u0105ca. Dzi\u015b uwa\u017cam ich za nieod\u0142\u0105czn\u0105 cz\u0119\u015b\u0107 siebie i mojej rodziny, tak\u017ce tej w\u0142oskiej. Mia\u0142am przywilej mieszka\u0107 z trojgiem wspania\u0142ego rodze\u0144stwa, dzi\u0119ki czemu zrozumia\u0142am, co to znaczy by\u0107 starsz\u0105 siostr\u0105. Mam nadziej\u0119, \u017ce zostawi\u0142am im po sobie co\u015b pozytywnego na przysz\u0142o\u015b\u0107. M\u00f3j tata goszcz\u0105cy to jedna z najmilszych i najbardziej uprzejmych os\u00f3b na \u015bwiecie. Zawsze by\u0142 dla mnie bardzo \u0142agodny. Moja mama goszcz\u0105ca by\u0142a jak najlepsza przyjaci\u00f3\u0142ka, za co zawsze b\u0119d\u0119 jej wdzi\u0119czna. Wszyscy oni, w tym tak\u017ce wujkowie, dziadkowie i kuzyni, byli moim oparciem w trudnych chwilach i pierwszymi osobami, z kt\u00f3rymi mog\u0142am dzieli\u0107 si\u0119 rado\u015bci\u0105 w dobrych momentach. Dla mnie zawsze b\u0119d\u0105 moimi fi\u0144skimi mam\u0105, tat\u0105 i rodze\u0144stwem.<\/p>\n<h2>R\u00f3\u017cnice<\/h2>\n<p>Jest tysi\u0105c r\u00f3\u017cnic, kt\u00f3re m\u00f3g\u0142bym wymieni\u0107, jak na przyk\u0142ad to, \u017ce system edukacji jest zupe\u0142nie inny, a w Finlandii przez 6 miesi\u0119cy w roku jest ciemno i zimno (co jest sporym wyzwaniem dla W\u0142oszki z po\u0142udnia&#8230;). Jednym z najzabawniejszych wspomnie\u0144 z mojego pobytu jest moment, gdy spad\u0142o tak du\u017co \u015bniegu, \u017ce w niekt\u00f3re dni mieli\u015bmy go po kolana, a moi przyjaciele i ja rzucali\u015bmy si\u0119 na \u015bnieg i wracali\u015bmy do domu kompletnie przemoczeni, hahaha.<\/p>\n<p>Za ka\u017cdym razem, gdy dostrzega\u0142am jak\u0105\u015b r\u00f3\u017cnic\u0119, zw\u0142aszcza jak\u0105\u015b zabawn\u0105, zapisywa\u0142am j\u0105 w notatkach na telefonie. Powsta\u0142a z tego d\u0142uga lista, kt\u00f3r\u0105 p\u00f3\u017aniej wykorzysta\u0142am, by opowiedzie\u0107 o wszystkim mojej rodzinie we W\u0142oszech. Wszystkim uczestnikom wymiany polecam, aby zapisali takie momenty, czasami naprawd\u0119 fajnie jest m\u00f3c wr\u00f3ci\u0107 pami\u0119ci\u0105 do tych chwil i je opowiedzie\u0107. To, co prze\u017cy\u0142am, by\u0142o warte ka\u017cdej chwili, i jestem bardzo wdzi\u0119czna, \u017ce mia\u0142am okazj\u0119 w pe\u0142ni do\u015bwiadczy\u0107 tych r\u00f3\u017cnic.<\/p>\n<h2>Oczekiwania<\/h2>\n<p>M\u00f3j rok za granic\u0105 przer\u00f3s\u0142 wszystkie moje oczekiwania. Ju\u017c na pocz\u0105tku by\u0142am bardzo pozytywnie nastawiona, ale wszystko posz\u0142o jeszcze lepiej, ni\u017c si\u0119 spodziewa\u0142am. Na szcz\u0119\u015bcie nie mia\u0142am wielu trudno\u015bci ani wyj\u0105tkowo ci\u0119\u017ckich chwil. W trudnych momentach mia\u0142am szcz\u0119\u015bcie, \u017ce mia\u0142am obok siebie osoby, kt\u00f3re dodawa\u0142y mi otuchy, ale moj\u0105 rad\u0105 dla przysz\u0142ych uczestnik\u00f3w wymiany jest to, by nie bali si\u0119 tych trudnych chwil, bo to one pomog\u0105 wam si\u0119 rozwija\u0107 i lepiej zrozumie\u0107, kim naprawd\u0119 jeste\u015bcie.<\/p>\n<h2>Poznawanie samej siebie<\/h2>\n<p>M\u00f3j rok za granic\u0105 pozwoli\u0142 mi lepiej pozna\u0107 siebie i odkry\u0107 w\u0142asny potencja\u0142. Pom\u00f3g\u0142 mi by\u0107 sob\u0105 i nauczy\u0142 mnie, jak rozmawia\u0107 ze wszystkimi, nawet z osobami, kt\u00f3re r\u00f3\u017cni\u0142y si\u0119 ode mnie charakterem. Nauczy\u0142am si\u0119, jak adaptowa\u0107 si\u0119 do ka\u017cdej sytuacji i maksymalnie j\u0105 wykorzysta\u0107.<\/p>\n<h2>Rady<\/h2>\n<p>Do wszystkich, kt\u00f3rzy my\u015bl\u0105 o sp\u0119dzeniu roku za granic\u0105: Zr\u00f3bcie to!!! To b\u0119dzie najlepsze do\u015bwiadczenie w Waszym \u017cyciu. Po latach wr\u00f3ci\u0142abym tam jeszcze tysi\u0105c razy i zawsze podj\u0119\u0142abym t\u0119 sam\u0105 decyzj\u0119 \u2013 by wyjecha\u0107. To do\u015bwiadczenie otworzy Ci umys\u0142 w spos\u00f3b, kt\u00f3rego \u017cadne inne do\u015bwiadczenie nie jest w stanie da\u0107. Je\u015bli masz okazj\u0119, jed\u017a i \u017cyj wszystkim co tam zastaniesz na 100%. Moja rada to przyjmowa\u0107 wszystko, co Ci proponuj\u0105 (oczywi\u015bcie w granicach regu\u0142, haha), nawet to, co pocz\u0105tkowo wydaje si\u0119 nie dla Ciebie. By\u0107 mo\u017ce odkryjesz nowe strony siebie i nowe pasje, kt\u00f3re potem zabierzecie ze sob\u0105 do domu. Cz\u0119sto to w\u0142a\u015bnie one oferuj\u0105 najbardziej niezapomniane wspomnienia.<\/p>\n<p>Zdecydowanie polecam Finlandi\u0119 i og\u00f3lnie kraje skandynawskie, poniewa\u017c wiedz\u0105 jak Ci\u0119 przyj\u0105\u0107, a r\u00f3wnocze\u015bnie dadz\u0105 Ci wiele warto\u015bciowych lekcji.<\/p>\n<h2>Dlaczego wybra\u0142am STS<\/h2>\n<p>STS wybra\u0142am wsp\u00f3lnie ze swoj\u0105 rodzin\u0105. Uznali\u015bmy, \u017ce to najbardziej odpowiedni wyb\u00f3r. M\u00f3j starszy brat tak\u017ce by\u0142 z STS w Finlandii i bardzo dobrze wspomina ten czas. Zawsze mog\u0142am liczy\u0107 na ich pomoc oraz wsparcie, zar\u00f3wno ja, moja rodzina, jak i rodzina goszcz\u0105ca.<\/p>\n<h2>Dowiedz si\u0119 wi\u0119cej<\/h2>\n<ul><li>Przeczytaj wi\u0119cej <a href=\"https:\/\/www.sts-education.com\/pl\/szkola-srednia\/uczniowie-na-wymianie\/historie-uczniow\/?hashtag=Finlandia\">historii uczni\u00f3w z Finlandii<\/a><\/li>\n<li>Przeczytaj wi\u0119cej o <a href=\"https:\/\/www.sts-education.com\/pl\/szkola-srednia\/kierunki-wyjazdowe\/europa\/finlandia\/\">wymianie licealnej w Finlandii<\/a><\/li>\n<li>Zobacz <a href=\"\/pl\/high-school\/tripfinder\/\">wszystkie miejsca docelowe naszych wymian licealnych<\/a><\/li><\/ul>\n<\/div><\/div><\/div>\n","protected":false},"excerpt":{"rendered":"","protected":false},"author":20,"featured_media":14374,"comment_status":"open","ping_status":"open","sticky":false,"template":"","format":"standard","meta":{"_acf_changed":false,"_yoast_wpseo_title":"Serena by\u0142a na wymianie w Finlandii","_yoast_wpseo_metadesc":"Zdecydowa\u0142am si\u0119 na ten ruch, poniewa\u017c chcia\u0142am opu\u015bci\u0107 swoj\u0105 stref\u0119 komfortu i spr\u00f3bowa\u0107 czego\u015b nowego. Wybra\u0142am Finlandi\u0119, poniewa\u017c chcia\u0142am pozna\u0107 europejski kraj, kt\u00f3rego kultura ca\u0142kowicie r\u00f3\u017cni si\u0119 od w\u0142oskiej.","footnotes":""},"categories":[265],"tags":[1018],"wpw_post_folders":[],"class_list":["post-11089","post","type-post","status-publish","format-standard","has-post-thumbnail","hentry","category-bez-kategorii","tag-finlandia"],"acf":[],"yoast_head":"<!-- This site is optimized with the Yoast SEO Premium plugin v27.2 (Yoast SEO v27.2) - https:\/\/yoast.com\/product\/yoast-seo-premium-wordpress\/ -->\n<title>Serena by\u0142a na wymianie w Finlandii<\/title>\n<meta name=\"description\" content=\"Zdecydowa\u0142am si\u0119 na ten ruch, poniewa\u017c chcia\u0142am opu\u015bci\u0107 swoj\u0105 stref\u0119 komfortu i spr\u00f3bowa\u0107 czego\u015b nowego. Wybra\u0142am Finlandi\u0119, poniewa\u017c chcia\u0142am pozna\u0107 europejski kraj, kt\u00f3rego kultura ca\u0142kowicie r\u00f3\u017cni si\u0119 od w\u0142oskiej.\" \/>\n<meta name=\"robots\" content=\"index, follow, max-snippet:-1, max-image-preview:large, max-video-preview:-1\" \/>\n<link rel=\"canonical\" href=\"https:\/\/www.sts-education.com\/pl\/szkola-srednia\/uczniowie-na-wymianie\/historie-uczniow\/serena-byla-na-wymianie-w-finlandii\/\" \/>\n<meta property=\"og:locale\" content=\"pl_PL\" \/>\n<meta property=\"og:type\" content=\"article\" \/>\n<meta property=\"og:title\" content=\"Serena Byla Na Wymianie W Finlandii\" \/>\n<meta property=\"og:description\" content=\"Zdecydowa\u0142am si\u0119 na ten ruch, poniewa\u017c chcia\u0142am opu\u015bci\u0107 swoj\u0105 stref\u0119 komfortu i spr\u00f3bowa\u0107 czego\u015b nowego. Wybra\u0142am Finlandi\u0119, poniewa\u017c chcia\u0142am pozna\u0107 europejski kraj, kt\u00f3rego kultura ca\u0142kowicie r\u00f3\u017cni si\u0119 od w\u0142oskiej.\" \/>\n<meta property=\"og:url\" content=\"https:\/\/www.sts-education.com\/pl\/szkola-srednia\/uczniowie-na-wymianie\/historie-uczniow\/serena-byla-na-wymianie-w-finlandii\/\" \/>\n<meta property=\"og:site_name\" content=\"STS Education\" \/>\n<meta property=\"article:published_time\" content=\"2024-11-25T11:00:00+00:00\" \/>\n<meta property=\"article:modified_time\" content=\"2026-04-29T07:49:18+00:00\" \/>\n<meta property=\"og:image\" content=\"https:\/\/powered-by.qbank.se\/educatius\/sts\/\/5629243ccf442de1a89a181a488bba6c_1-1-thumb.webp\" \/>\n\t<meta property=\"og:image:width\" content=\"150\" \/>\n\t<meta property=\"og:image:height\" content=\"150\" \/>\n\t<meta property=\"og:image:type\" content=\"image\/png\" \/>\n<meta name=\"author\" content=\"syncreadwrite\" \/>\n<meta name=\"twitter:card\" content=\"summary_large_image\" \/>\n<meta name=\"twitter:label1\" content=\"Napisane przez\" \/>\n\t<meta name=\"twitter:data1\" content=\"syncreadwrite\" \/>\n\t<meta name=\"twitter:label2\" content=\"Szacowany czas czytania\" \/>\n\t<meta name=\"twitter:data2\" content=\"5 minut\" \/>\n<script type=\"application\/ld+json\" class=\"yoast-schema-graph\">{\"@context\":\"https:\/\/schema.org\",\"@graph\":[{\"@type\":\"Article\",\"@id\":\"https:\/\/www.sts-education.com\/pl\/szkola-srednia\/uczniowie-na-wymianie\/historie-uczniow\/serena-byla-na-wymianie-w-finlandii\/#article\",\"isPartOf\":{\"@id\":\"https:\/\/www.sts-education.com\/pl\/szkola-srednia\/uczniowie-na-wymianie\/historie-uczniow\/serena-byla-na-wymianie-w-finlandii\/\"},\"author\":{\"name\":\"syncreadwrite\",\"@id\":\"https:\/\/www.sts-education.com\/pl\/#\/schema\/person\/8b82f3a2e45f020b8f296d7a85d9a97c\"},\"headline\":\"Serena Byla Na Wymianie W Finlandii\",\"datePublished\":\"2024-11-25T11:00:00+00:00\",\"dateModified\":\"2026-04-29T07:49:18+00:00\",\"mainEntityOfPage\":{\"@id\":\"https:\/\/www.sts-education.com\/pl\/szkola-srednia\/uczniowie-na-wymianie\/historie-uczniow\/serena-byla-na-wymianie-w-finlandii\/\"},\"wordCount\":1102,\"commentCount\":0,\"image\":{\"@id\":\"https:\/\/www.sts-education.com\/pl\/szkola-srednia\/uczniowie-na-wymianie\/historie-uczniow\/serena-byla-na-wymianie-w-finlandii\/#primaryimage\"},\"thumbnailUrl\":\"https:\/\/powered-by.qbank.se\/educatius\/sts\/\/5629243ccf442de1a89a181a488bba6c_1-1-thumb.webp\",\"keywords\":[\"Finlandia\"],\"inLanguage\":\"pl-PL\",\"potentialAction\":[{\"@type\":\"CommentAction\",\"name\":\"Comment\",\"target\":[\"https:\/\/www.sts-education.com\/pl\/szkola-srednia\/uczniowie-na-wymianie\/historie-uczniow\/serena-byla-na-wymianie-w-finlandii\/#respond\"]}]},{\"@type\":\"WebPage\",\"@id\":\"https:\/\/www.sts-education.com\/pl\/szkola-srednia\/uczniowie-na-wymianie\/historie-uczniow\/serena-byla-na-wymianie-w-finlandii\/\",\"url\":\"https:\/\/www.sts-education.com\/pl\/szkola-srednia\/uczniowie-na-wymianie\/historie-uczniow\/serena-byla-na-wymianie-w-finlandii\/\",\"name\":\"Serena by\u0142a na wymianie w Finlandii\",\"isPartOf\":{\"@id\":\"https:\/\/www.sts-education.com\/pl\/#website\"},\"primaryImageOfPage\":{\"@id\":\"https:\/\/www.sts-education.com\/pl\/szkola-srednia\/uczniowie-na-wymianie\/historie-uczniow\/serena-byla-na-wymianie-w-finlandii\/#primaryimage\"},\"image\":{\"@id\":\"https:\/\/www.sts-education.com\/pl\/szkola-srednia\/uczniowie-na-wymianie\/historie-uczniow\/serena-byla-na-wymianie-w-finlandii\/#primaryimage\"},\"thumbnailUrl\":\"https:\/\/powered-by.qbank.se\/educatius\/sts\/\/5629243ccf442de1a89a181a488bba6c_1-1-thumb.webp\",\"datePublished\":\"2024-11-25T11:00:00+00:00\",\"dateModified\":\"2026-04-29T07:49:18+00:00\",\"author\":{\"@id\":\"https:\/\/www.sts-education.com\/pl\/#\/schema\/person\/8b82f3a2e45f020b8f296d7a85d9a97c\"},\"description\":\"Zdecydowa\u0142am si\u0119 na ten ruch, poniewa\u017c chcia\u0142am opu\u015bci\u0107 swoj\u0105 stref\u0119 komfortu i spr\u00f3bowa\u0107 czego\u015b nowego. Wybra\u0142am Finlandi\u0119, poniewa\u017c chcia\u0142am pozna\u0107 europejski kraj, kt\u00f3rego kultura ca\u0142kowicie r\u00f3\u017cni si\u0119 od w\u0142oskiej.\",\"breadcrumb\":{\"@id\":\"https:\/\/www.sts-education.com\/pl\/szkola-srednia\/uczniowie-na-wymianie\/historie-uczniow\/serena-byla-na-wymianie-w-finlandii\/#breadcrumb\"},\"inLanguage\":\"pl-PL\",\"potentialAction\":[{\"@type\":\"ReadAction\",\"target\":[\"https:\/\/www.sts-education.com\/pl\/szkola-srednia\/uczniowie-na-wymianie\/historie-uczniow\/serena-byla-na-wymianie-w-finlandii\/\"]}]},{\"@type\":\"ImageObject\",\"inLanguage\":\"pl-PL\",\"@id\":\"https:\/\/www.sts-education.com\/pl\/szkola-srednia\/uczniowie-na-wymianie\/historie-uczniow\/serena-byla-na-wymianie-w-finlandii\/#primaryimage\",\"url\":\"https:\/\/powered-by.qbank.se\/educatius\/sts\/\/5629243ccf442de1a89a181a488bba6c_1-1-thumb.webp\",\"contentUrl\":\"https:\/\/powered-by.qbank.se\/educatius\/sts\/\/5629243ccf442de1a89a181a488bba6c_1-1-thumb.webp\",\"width\":150,\"height\":150},{\"@type\":\"BreadcrumbList\",\"@id\":\"https:\/\/www.sts-education.com\/pl\/szkola-srednia\/uczniowie-na-wymianie\/historie-uczniow\/serena-byla-na-wymianie-w-finlandii\/#breadcrumb\",\"itemListElement\":[{\"@type\":\"ListItem\",\"position\":1,\"name\":\"Home\",\"item\":\"https:\/\/www.sts-education.com\/pl\/\"},{\"@type\":\"ListItem\",\"position\":2,\"name\":\"Serena Byla Na Wymianie W Finlandii\"}]},{\"@type\":\"WebSite\",\"@id\":\"https:\/\/www.sts-education.com\/pl\/#website\",\"url\":\"https:\/\/www.sts-education.com\/pl\/\",\"name\":\"STS Education\",\"description\":\"\",\"potentialAction\":[{\"@type\":\"SearchAction\",\"target\":{\"@type\":\"EntryPoint\",\"urlTemplate\":\"https:\/\/www.sts-education.com\/pl\/?s={search_term_string}\"},\"query-input\":{\"@type\":\"PropertyValueSpecification\",\"valueRequired\":true,\"valueName\":\"search_term_string\"}}],\"inLanguage\":\"pl-PL\"},{\"@type\":\"Person\",\"@id\":\"https:\/\/www.sts-education.com\/pl\/#\/schema\/person\/8b82f3a2e45f020b8f296d7a85d9a97c\",\"name\":\"syncreadwrite\",\"image\":{\"@type\":\"ImageObject\",\"inLanguage\":\"pl-PL\",\"@id\":\"https:\/\/secure.gravatar.com\/avatar\/6ed1007e4f6f43f22e3df41d9fce4365533cba47fef64bb359b8e629abbc2ea6?s=96&d=mm&r=g\",\"url\":\"https:\/\/secure.gravatar.com\/avatar\/6ed1007e4f6f43f22e3df41d9fce4365533cba47fef64bb359b8e629abbc2ea6?s=96&d=mm&r=g\",\"contentUrl\":\"https:\/\/secure.gravatar.com\/avatar\/6ed1007e4f6f43f22e3df41d9fce4365533cba47fef64bb359b8e629abbc2ea6?s=96&d=mm&r=g\",\"caption\":\"syncreadwrite\"},\"url\":\"https:\/\/www.sts-education.com\/pl\/author\/syncreadwrite\/\"}]}<\/script>\n<!-- \/ Yoast SEO Premium plugin. -->","yoast_head_json":{"title":"Serena by\u0142a na wymianie w Finlandii","description":"Zdecydowa\u0142am si\u0119 na ten ruch, poniewa\u017c chcia\u0142am opu\u015bci\u0107 swoj\u0105 stref\u0119 komfortu i spr\u00f3bowa\u0107 czego\u015b nowego. Wybra\u0142am Finlandi\u0119, poniewa\u017c chcia\u0142am pozna\u0107 europejski kraj, kt\u00f3rego kultura ca\u0142kowicie r\u00f3\u017cni si\u0119 od w\u0142oskiej.","robots":{"index":"index","follow":"follow","max-snippet":"max-snippet:-1","max-image-preview":"max-image-preview:large","max-video-preview":"max-video-preview:-1"},"canonical":"https:\/\/www.sts-education.com\/pl\/szkola-srednia\/uczniowie-na-wymianie\/historie-uczniow\/serena-byla-na-wymianie-w-finlandii\/","og_locale":"pl_PL","og_type":"article","og_title":"Serena Byla Na Wymianie W Finlandii","og_description":"Zdecydowa\u0142am si\u0119 na ten ruch, poniewa\u017c chcia\u0142am opu\u015bci\u0107 swoj\u0105 stref\u0119 komfortu i spr\u00f3bowa\u0107 czego\u015b nowego. Wybra\u0142am Finlandi\u0119, poniewa\u017c chcia\u0142am pozna\u0107 europejski kraj, kt\u00f3rego kultura ca\u0142kowicie r\u00f3\u017cni si\u0119 od w\u0142oskiej.","og_url":"https:\/\/www.sts-education.com\/pl\/szkola-srednia\/uczniowie-na-wymianie\/historie-uczniow\/serena-byla-na-wymianie-w-finlandii\/","og_site_name":"STS Education","article_published_time":"2024-11-25T11:00:00+00:00","article_modified_time":"2026-04-29T07:49:18+00:00","og_image":[{"width":150,"height":150,"url":"https:\/\/powered-by.qbank.se\/educatius\/sts\/\/5629243ccf442de1a89a181a488bba6c_1-1-thumb.webp","type":"image\/png"}],"author":"syncreadwrite","twitter_card":"summary_large_image","twitter_misc":{"Napisane przez":"syncreadwrite","Szacowany czas czytania":"5 minut"},"schema":{"@context":"https:\/\/schema.org","@graph":[{"@type":"Article","@id":"https:\/\/www.sts-education.com\/pl\/szkola-srednia\/uczniowie-na-wymianie\/historie-uczniow\/serena-byla-na-wymianie-w-finlandii\/#article","isPartOf":{"@id":"https:\/\/www.sts-education.com\/pl\/szkola-srednia\/uczniowie-na-wymianie\/historie-uczniow\/serena-byla-na-wymianie-w-finlandii\/"},"author":{"name":"syncreadwrite","@id":"https:\/\/www.sts-education.com\/pl\/#\/schema\/person\/8b82f3a2e45f020b8f296d7a85d9a97c"},"headline":"Serena Byla Na Wymianie W Finlandii","datePublished":"2024-11-25T11:00:00+00:00","dateModified":"2026-04-29T07:49:18+00:00","mainEntityOfPage":{"@id":"https:\/\/www.sts-education.com\/pl\/szkola-srednia\/uczniowie-na-wymianie\/historie-uczniow\/serena-byla-na-wymianie-w-finlandii\/"},"wordCount":1102,"commentCount":0,"image":{"@id":"https:\/\/www.sts-education.com\/pl\/szkola-srednia\/uczniowie-na-wymianie\/historie-uczniow\/serena-byla-na-wymianie-w-finlandii\/#primaryimage"},"thumbnailUrl":"https:\/\/powered-by.qbank.se\/educatius\/sts\/\/5629243ccf442de1a89a181a488bba6c_1-1-thumb.webp","keywords":["Finlandia"],"inLanguage":"pl-PL","potentialAction":[{"@type":"CommentAction","name":"Comment","target":["https:\/\/www.sts-education.com\/pl\/szkola-srednia\/uczniowie-na-wymianie\/historie-uczniow\/serena-byla-na-wymianie-w-finlandii\/#respond"]}]},{"@type":"WebPage","@id":"https:\/\/www.sts-education.com\/pl\/szkola-srednia\/uczniowie-na-wymianie\/historie-uczniow\/serena-byla-na-wymianie-w-finlandii\/","url":"https:\/\/www.sts-education.com\/pl\/szkola-srednia\/uczniowie-na-wymianie\/historie-uczniow\/serena-byla-na-wymianie-w-finlandii\/","name":"Serena by\u0142a na wymianie w Finlandii","isPartOf":{"@id":"https:\/\/www.sts-education.com\/pl\/#website"},"primaryImageOfPage":{"@id":"https:\/\/www.sts-education.com\/pl\/szkola-srednia\/uczniowie-na-wymianie\/historie-uczniow\/serena-byla-na-wymianie-w-finlandii\/#primaryimage"},"image":{"@id":"https:\/\/www.sts-education.com\/pl\/szkola-srednia\/uczniowie-na-wymianie\/historie-uczniow\/serena-byla-na-wymianie-w-finlandii\/#primaryimage"},"thumbnailUrl":"https:\/\/powered-by.qbank.se\/educatius\/sts\/\/5629243ccf442de1a89a181a488bba6c_1-1-thumb.webp","datePublished":"2024-11-25T11:00:00+00:00","dateModified":"2026-04-29T07:49:18+00:00","author":{"@id":"https:\/\/www.sts-education.com\/pl\/#\/schema\/person\/8b82f3a2e45f020b8f296d7a85d9a97c"},"description":"Zdecydowa\u0142am si\u0119 na ten ruch, poniewa\u017c chcia\u0142am opu\u015bci\u0107 swoj\u0105 stref\u0119 komfortu i spr\u00f3bowa\u0107 czego\u015b nowego. Wybra\u0142am Finlandi\u0119, poniewa\u017c chcia\u0142am pozna\u0107 europejski kraj, kt\u00f3rego kultura ca\u0142kowicie r\u00f3\u017cni si\u0119 od w\u0142oskiej.","breadcrumb":{"@id":"https:\/\/www.sts-education.com\/pl\/szkola-srednia\/uczniowie-na-wymianie\/historie-uczniow\/serena-byla-na-wymianie-w-finlandii\/#breadcrumb"},"inLanguage":"pl-PL","potentialAction":[{"@type":"ReadAction","target":["https:\/\/www.sts-education.com\/pl\/szkola-srednia\/uczniowie-na-wymianie\/historie-uczniow\/serena-byla-na-wymianie-w-finlandii\/"]}]},{"@type":"ImageObject","inLanguage":"pl-PL","@id":"https:\/\/www.sts-education.com\/pl\/szkola-srednia\/uczniowie-na-wymianie\/historie-uczniow\/serena-byla-na-wymianie-w-finlandii\/#primaryimage","url":"https:\/\/powered-by.qbank.se\/educatius\/sts\/\/5629243ccf442de1a89a181a488bba6c_1-1-thumb.webp","contentUrl":"https:\/\/powered-by.qbank.se\/educatius\/sts\/\/5629243ccf442de1a89a181a488bba6c_1-1-thumb.webp","width":150,"height":150},{"@type":"BreadcrumbList","@id":"https:\/\/www.sts-education.com\/pl\/szkola-srednia\/uczniowie-na-wymianie\/historie-uczniow\/serena-byla-na-wymianie-w-finlandii\/#breadcrumb","itemListElement":[{"@type":"ListItem","position":1,"name":"Home","item":"https:\/\/www.sts-education.com\/pl\/"},{"@type":"ListItem","position":2,"name":"Serena Byla Na Wymianie W Finlandii"}]},{"@type":"WebSite","@id":"https:\/\/www.sts-education.com\/pl\/#website","url":"https:\/\/www.sts-education.com\/pl\/","name":"STS Education","description":"","potentialAction":[{"@type":"SearchAction","target":{"@type":"EntryPoint","urlTemplate":"https:\/\/www.sts-education.com\/pl\/?s={search_term_string}"},"query-input":{"@type":"PropertyValueSpecification","valueRequired":true,"valueName":"search_term_string"}}],"inLanguage":"pl-PL"},{"@type":"Person","@id":"https:\/\/www.sts-education.com\/pl\/#\/schema\/person\/8b82f3a2e45f020b8f296d7a85d9a97c","name":"syncreadwrite","image":{"@type":"ImageObject","inLanguage":"pl-PL","@id":"https:\/\/secure.gravatar.com\/avatar\/6ed1007e4f6f43f22e3df41d9fce4365533cba47fef64bb359b8e629abbc2ea6?s=96&d=mm&r=g","url":"https:\/\/secure.gravatar.com\/avatar\/6ed1007e4f6f43f22e3df41d9fce4365533cba47fef64bb359b8e629abbc2ea6?s=96&d=mm&r=g","contentUrl":"https:\/\/secure.gravatar.com\/avatar\/6ed1007e4f6f43f22e3df41d9fce4365533cba47fef64bb359b8e629abbc2ea6?s=96&d=mm&r=g","caption":"syncreadwrite"},"url":"https:\/\/www.sts-education.com\/pl\/author\/syncreadwrite\/"}]}},"_links":{"self":[{"href":"https:\/\/www.sts-education.com\/pl\/wp-json\/wp\/v2\/posts\/11089","targetHints":{"allow":["GET"]}}],"collection":[{"href":"https:\/\/www.sts-education.com\/pl\/wp-json\/wp\/v2\/posts"}],"about":[{"href":"https:\/\/www.sts-education.com\/pl\/wp-json\/wp\/v2\/types\/post"}],"author":[{"embeddable":true,"href":"https:\/\/www.sts-education.com\/pl\/wp-json\/wp\/v2\/users\/20"}],"replies":[{"embeddable":true,"href":"https:\/\/www.sts-education.com\/pl\/wp-json\/wp\/v2\/comments?post=11089"}],"version-history":[{"count":5,"href":"https:\/\/www.sts-education.com\/pl\/wp-json\/wp\/v2\/posts\/11089\/revisions"}],"predecessor-version":[{"id":43354,"href":"https:\/\/www.sts-education.com\/pl\/wp-json\/wp\/v2\/posts\/11089\/revisions\/43354"}],"wp:featuredmedia":[{"embeddable":true,"href":"https:\/\/www.sts-education.com\/pl\/wp-json\/wp\/v2\/media\/14374"}],"wp:attachment":[{"href":"https:\/\/www.sts-education.com\/pl\/wp-json\/wp\/v2\/media?parent=11089"}],"wp:term":[{"taxonomy":"category","embeddable":true,"href":"https:\/\/www.sts-education.com\/pl\/wp-json\/wp\/v2\/categories?post=11089"},{"taxonomy":"post_tag","embeddable":true,"href":"https:\/\/www.sts-education.com\/pl\/wp-json\/wp\/v2\/tags?post=11089"},{"taxonomy":"wpw_post_folders","embeddable":true,"href":"https:\/\/www.sts-education.com\/pl\/wp-json\/wp\/v2\/wpw_post_folders?post=11089"}],"curies":[{"name":"wp","href":"https:\/\/api.w.org\/{rel}","templated":true}]}}