{"id":11090,"date":"2024-10-24T13:00:00","date_gmt":"2024-10-24T11:00:00","guid":{"rendered":"https:\/\/preprod.sts-education.com\/blog\/2026\/03\/05\/muki-zdecydowal-sie-na-nauke-w-hiszpanii\/"},"modified":"2026-04-29T09:49:49","modified_gmt":"2026-04-29T07:49:49","slug":"muki-zdecydowal-sie-na-nauke-w-hiszpanii","status":"publish","type":"post","link":"https:\/\/www.sts-education.com\/pl\/szkola-srednia\/uczniowie-na-wymianie\/historie-uczniow\/muki-zdecydowal-sie-na-nauke-w-hiszpanii\/","title":{"rendered":"Muki Zdecydowal Sie Na Nauke W Hiszpanii"},"content":{"rendered":"\n<div class=\"wp-block-sts-text sts-text-editor has-max-width-md\"><div class=\"sts-text-editor__content\"><div class=\"sts-text-editor__content-inner\">\n<h1 style=\"text-align:center\">Muki zdecydowa\u0142 si\u0119 na nauk\u0119 w Hiszpanii<\/h1>\n<\/div><\/div><\/div>\n\n\n\n<figure class=\"wp-block-sts-image sts-block-image sts-block-image--count-1 has-max-width-lg\" data-count=\"1\"><div class=\"sts-block-image__grid\"><div class=\"sts-block-image__item\"><picture class=\"sts-responsive-image has-fit-cover has-pos-top is-skeleton\"><source media=\"(max-width: 834.98px)\" srcset=\"https:\/\/powered-by.qbank.se\/educatius\/sts\/450d86718b4b3697ccf2f66f3c051f56_1-1-thumb.webp 150w, https:\/\/powered-by.qbank.se\/educatius\/sts\/450d86718b4b3697ccf2f66f3c051f56_1-1-xsmall.webp 500w, https:\/\/powered-by.qbank.se\/educatius\/sts\/450d86718b4b3697ccf2f66f3c051f56_1-1-small.webp 800w, https:\/\/powered-by.qbank.se\/educatius\/sts\/450d86718b4b3697ccf2f66f3c051f56_1-1-medium.webp 1024w, https:\/\/powered-by.qbank.se\/educatius\/sts\/450d86718b4b3697ccf2f66f3c051f56_1-1-large.webp 1536w\" sizes=\"(max-width: 768px) 100vw, (max-width: 1200px) 100vw, 1200px\" type=\"image\/webp\"\/><source media=\"(min-width: 835px)\" srcset=\"https:\/\/powered-by.qbank.se\/educatius\/sts\/450d86718b4b3697ccf2f66f3c051f56_16-9-small.webp 800w, https:\/\/powered-by.qbank.se\/educatius\/sts\/450d86718b4b3697ccf2f66f3c051f56_16-9-medium.webp 1024w, https:\/\/powered-by.qbank.se\/educatius\/sts\/450d86718b4b3697ccf2f66f3c051f56_16-9-large.webp 1536w\" sizes=\"(max-width: 768px) 100vw, (max-width: 1200px) 100vw, 1200px\" type=\"image\/webp\"\/><img src=\"https:\/\/powered-by.qbank.se\/educatius\/sts\/450d86718b4b3697ccf2f66f3c051f56_1-1-thumb.webp\" alt=\"Muki zdecydowa\u0142 si\u0119 na nauk\u0119 w Hiszpanii\" loading=\"lazy\" decoding=\"async\" fetchpriority=\"low\" style=\"object-position:top\"\/><\/picture><\/div><\/div><\/figure>\n\n\n\n<div class=\"wp-block-sts-text sts-text-editor has-max-width-md\"><div class=\"sts-text-editor__content\"><div class=\"sts-text-editor__content-inner\">\n<p><em>Mam na imi\u0119 Muki, mam 16 lat i pochodz\u0119 z Austrii. Aktualnie przebywam na 5-miesi\u0119cznej wymianie uczniowskiej w Hiszpanii, w niewielkiej miejscowo\u015bci Rivas Vaciamadrid, niedaleko Madrytu.<\/em><\/p>\n<\/div><\/div><\/div>\n\n\n\n<div class=\"wp-block-sts-text sts-text-editor has-max-width-md\"><div class=\"sts-text-editor__content\"><div class=\"sts-text-editor__content-inner\">\n<p>Jestem tu ju\u017c prawie 2 miesi\u0105ce i jest naprawd\u0119 wspaniale. Nie mia\u0142em \u017cadnych oczekiwa\u0144, ale wszystkie, kt\u00f3re mia\u0142em, zosta\u0142y przewy\u017cszone. Uwa\u017cam, \u017ce to by\u0142a najlepsza decyzja, aby wyj\u015b\u0107 ze swojej strefy komfortu i zdecydowa\u0107 si\u0119 na \u017cycie w obcym kraju i rodzinie, gdzie nie znam absolutnie nikogo i niczego. Ju\u017c teraz jestem pewien, \u017ce te 5 miesi\u0119cy na zawsze pozostan\u0105 w mojej pami\u0119ci jako wspania\u0142y czas, je\u015bli nie najlepszy.<\/p>\n<h2>Dlaczego Hiszpania?<\/h2>\n<p>Uwielbiam lato i wszystko, co mo\u017cna robi\u0107, gdy jest ciep\u0142o, dlatego wydawa\u0142o mi si\u0119 idealnym rozwi\u0105zaniem jest zamieszka\u0107 w kraju, w kt\u00f3rym jest ciep\u0142o i s\u0142onecznie znacznie d\u0142u\u017cej ni\u017c u mnie. To by\u0142 prawdopodobnie jeden z g\u0142\u00f3wnych powod\u00f3w, dla kt\u00f3rych zdecydowa\u0142em si\u0119 pojecha\u0107 do Hiszpanii.<\/p>\n<h2>Przyjaciele i szko\u0142a<\/h2>\n<p>Od pierwszego dnia w Hiszpanii, od obozu powitalnego, a\u017c do teraz, ka\u017cdy dzie\u0144 by\u0142 wspania\u0142y. Do\u015b\u0107 szybko pozna\u0142am nowych przyjaci\u00f3\u0142, zar\u00f3wno innych uczestnik\u00f3w wymiany, kt\u00f3rzy mieszkaj\u0105 w moim mie\u015bcie, jak i miejscowych, zw\u0142aszcza z mojej szko\u0142y. Szko\u0142a, koledzy i nauczyciele \u2013 wszyscy s\u0105 mili.<\/p>\n<h2>Rodzina goszcz\u0105ca<\/h2>\n<p>Moja rodzina jest naprawd\u0119 mi\u0142a, a ja uwielbiam sp\u0119dza\u0107 czas z tr\u00f3jk\u0105 rodze\u0144stwa i psem. Mam \u0142adny pok\u00f3j, a moja rodzina si\u0119 o mnie troszczy. Czuj\u0119 si\u0119 tu, jakbym by\u0142 cz\u0119\u015bci\u0105 ich rodziny.<\/p>\n<h2>J\u0119zyk hiszpa\u0144ski<\/h2>\n<p>M\u00f3j hiszpa\u0144ski znacznie si\u0119 poprawi\u0142! Z ka\u017cdym dniem rozumiem coraz wi\u0119cej. Teraz, po zaledwie dw\u00f3ch miesi\u0105cach, rozumiem ju\u017c naprawd\u0119 sporo i potrafi\u0119 si\u0119 ca\u0142kiem dobrze komunikowa\u0107.<\/p>\n<h2>Czas wolny<\/h2>\n<p>Po po\u0142udniu najcz\u0119\u015bciej chodz\u0119 na si\u0142owni\u0119 lub spotykam si\u0119 ze znajomymi, \u017ceby po prostu sp\u0119dzi\u0107 razem czas lub pogra\u0107 w pi\u0142k\u0119 no\u017cn\u0105. W weekendy ch\u0119tnie je\u017adzimy do Madrytu, kt\u00f3ry jest oddalony o oko\u0142o 40 minut metrem. Zwiedzamy miasto, robimy zakupy i dobrze si\u0119 bawimy. To chyba moja ulubiona aktywno\u015b\u0107, na kt\u00f3r\u0105 zawsze z niecierpliwo\u015bci\u0105 czekam. Ja i moi przyjaciele jeste\u015bmy absolutnie zachwyceni Madrytem i wszystkim, co mo\u017cna tam zobaczy\u0107 i zrobi\u0107.<\/p>\n<h2>Moja rada<\/h2>\n<p>Z czystym sumieniem polecam wyjazd na wymian\u0119, a firma STS sprawdzi\u0142a si\u0119 doskonale. Wszystko zosta\u0142o dobrze i wygodnie zorganizowane. Nie mam na co narzeka\u0107! Je\u015bli zdecydujesz si\u0119 na wyjazd na wymian\u0119, radz\u0119, \u017ceby\u015b oczekiwa\u0142 od niej jak najmniej, zanim tam pojedziesz, i pozwoli\u0142, by to, czego do\u015bwiadczysz, Ci\u0119 zaskoczy\u0142o. Przy takim nastawieniu nie ma mowy o rozczarowaniu!<\/p>\n<h2>Dowiedz si\u0119 wi\u0119cej<\/h2>\n<ul><li>Przeczytaj wi\u0119cej <a href=\"https:\/\/www.sts-education.com\/pl\/szkola-srednia\/uczniowie-na-wymianie\/historie-uczniow\/?hashtag=Hiszpania\">historii uczni\u00f3w z Hiszpanii<\/a><\/li>\n<li>Przeczytaj wi\u0119cej o <a href=\"https:\/\/www.sts-education.com\/pl\/szkola-srednia\/kierunki-wyjazdowe\/europa\/hiszpania\/\">wymianie licealnej w Hiszpanii<\/a><\/li>\n<li>Zobacz <a href=\"\/pl\/high-school\/tripfinder\/\">wszystkie miejsca docelowe naszych wymian licealnych<\/a><\/li><\/ul>\n<\/div><\/div><\/div>\n","protected":false},"excerpt":{"rendered":"","protected":false},"author":20,"featured_media":40534,"comment_status":"open","ping_status":"open","sticky":false,"template":"","format":"standard","meta":{"_acf_changed":false,"_yoast_wpseo_title":"Muki zdecydowa\u0142 si\u0119 na nauk\u0119 w Hiszpanii","_yoast_wpseo_metadesc":"Uwa\u017cam, \u017ce to by\u0142a najlepsza decyzja, aby wyj\u015b\u0107 ze swojej strefy komfortu i zdecydowa\u0107 si\u0119 na \u017cycie w obcym kraju i rodzinie, gdzie nie znam absolutnie nikogo i niczego.","footnotes":""},"categories":[265],"tags":[1027],"wpw_post_folders":[],"class_list":["post-11090","post","type-post","status-publish","format-standard","has-post-thumbnail","hentry","category-bez-kategorii","tag-hiszpania"],"acf":[],"yoast_head":"<!-- This site is optimized with the Yoast SEO Premium plugin v27.2 (Yoast SEO v27.2) - https:\/\/yoast.com\/product\/yoast-seo-premium-wordpress\/ -->\n<title>Muki zdecydowa\u0142 si\u0119 na nauk\u0119 w Hiszpanii<\/title>\n<meta name=\"description\" content=\"Uwa\u017cam, \u017ce to by\u0142a najlepsza decyzja, aby wyj\u015b\u0107 ze swojej strefy komfortu i zdecydowa\u0107 si\u0119 na \u017cycie w obcym kraju i rodzinie, gdzie nie znam absolutnie nikogo i niczego.\" \/>\n<meta name=\"robots\" content=\"index, follow, max-snippet:-1, max-image-preview:large, max-video-preview:-1\" \/>\n<link rel=\"canonical\" href=\"https:\/\/www.sts-education.com\/pl\/szkola-srednia\/uczniowie-na-wymianie\/historie-uczniow\/muki-zdecydowal-sie-na-nauke-w-hiszpanii\/\" \/>\n<meta property=\"og:locale\" content=\"pl_PL\" \/>\n<meta property=\"og:type\" content=\"article\" \/>\n<meta property=\"og:title\" content=\"Muki Zdecydowal Sie Na Nauke W Hiszpanii\" \/>\n<meta property=\"og:description\" content=\"Uwa\u017cam, \u017ce to by\u0142a najlepsza decyzja, aby wyj\u015b\u0107 ze swojej strefy komfortu i zdecydowa\u0107 si\u0119 na \u017cycie w obcym kraju i rodzinie, gdzie nie znam absolutnie nikogo i niczego.\" \/>\n<meta property=\"og:url\" content=\"https:\/\/www.sts-education.com\/pl\/szkola-srednia\/uczniowie-na-wymianie\/historie-uczniow\/muki-zdecydowal-sie-na-nauke-w-hiszpanii\/\" \/>\n<meta property=\"og:site_name\" content=\"STS Education\" \/>\n<meta property=\"article:published_time\" content=\"2024-10-24T11:00:00+00:00\" \/>\n<meta property=\"article:modified_time\" content=\"2026-04-29T07:49:49+00:00\" \/>\n<meta property=\"og:image\" content=\"https:\/\/powered-by.qbank.se\/educatius\/sts\/\/450d86718b4b3697ccf2f66f3c051f56_1-1-thumb.webp\" \/>\n\t<meta property=\"og:image:width\" content=\"150\" \/>\n\t<meta property=\"og:image:height\" content=\"150\" \/>\n\t<meta property=\"og:image:type\" content=\"image\/png\" \/>\n<meta name=\"author\" content=\"syncreadwrite\" \/>\n<meta name=\"twitter:card\" content=\"summary_large_image\" \/>\n<meta name=\"twitter:label1\" content=\"Napisane przez\" \/>\n\t<meta name=\"twitter:data1\" content=\"syncreadwrite\" \/>\n\t<meta name=\"twitter:label2\" content=\"Szacowany czas czytania\" \/>\n\t<meta name=\"twitter:data2\" content=\"2 minuty\" \/>\n<script type=\"application\/ld+json\" class=\"yoast-schema-graph\">{\"@context\":\"https:\/\/schema.org\",\"@graph\":[{\"@type\":\"Article\",\"@id\":\"https:\/\/www.sts-education.com\/pl\/szkola-srednia\/uczniowie-na-wymianie\/historie-uczniow\/muki-zdecydowal-sie-na-nauke-w-hiszpanii\/#article\",\"isPartOf\":{\"@id\":\"https:\/\/www.sts-education.com\/pl\/szkola-srednia\/uczniowie-na-wymianie\/historie-uczniow\/muki-zdecydowal-sie-na-nauke-w-hiszpanii\/\"},\"author\":{\"name\":\"syncreadwrite\",\"@id\":\"https:\/\/www.sts-education.com\/pl\/#\/schema\/person\/8b82f3a2e45f020b8f296d7a85d9a97c\"},\"headline\":\"Muki Zdecydowal Sie Na Nauke W Hiszpanii\",\"datePublished\":\"2024-10-24T11:00:00+00:00\",\"dateModified\":\"2026-04-29T07:49:49+00:00\",\"mainEntityOfPage\":{\"@id\":\"https:\/\/www.sts-education.com\/pl\/szkola-srednia\/uczniowie-na-wymianie\/historie-uczniow\/muki-zdecydowal-sie-na-nauke-w-hiszpanii\/\"},\"wordCount\":493,\"commentCount\":0,\"image\":{\"@id\":\"https:\/\/www.sts-education.com\/pl\/szkola-srednia\/uczniowie-na-wymianie\/historie-uczniow\/muki-zdecydowal-sie-na-nauke-w-hiszpanii\/#primaryimage\"},\"thumbnailUrl\":\"https:\/\/powered-by.qbank.se\/educatius\/sts\/\/450d86718b4b3697ccf2f66f3c051f56_1-1-thumb.webp\",\"keywords\":[\"Hiszpania\"],\"inLanguage\":\"pl-PL\",\"potentialAction\":[{\"@type\":\"CommentAction\",\"name\":\"Comment\",\"target\":[\"https:\/\/www.sts-education.com\/pl\/szkola-srednia\/uczniowie-na-wymianie\/historie-uczniow\/muki-zdecydowal-sie-na-nauke-w-hiszpanii\/#respond\"]}]},{\"@type\":\"WebPage\",\"@id\":\"https:\/\/www.sts-education.com\/pl\/szkola-srednia\/uczniowie-na-wymianie\/historie-uczniow\/muki-zdecydowal-sie-na-nauke-w-hiszpanii\/\",\"url\":\"https:\/\/www.sts-education.com\/pl\/szkola-srednia\/uczniowie-na-wymianie\/historie-uczniow\/muki-zdecydowal-sie-na-nauke-w-hiszpanii\/\",\"name\":\"Muki zdecydowa\u0142 si\u0119 na nauk\u0119 w Hiszpanii\",\"isPartOf\":{\"@id\":\"https:\/\/www.sts-education.com\/pl\/#website\"},\"primaryImageOfPage\":{\"@id\":\"https:\/\/www.sts-education.com\/pl\/szkola-srednia\/uczniowie-na-wymianie\/historie-uczniow\/muki-zdecydowal-sie-na-nauke-w-hiszpanii\/#primaryimage\"},\"image\":{\"@id\":\"https:\/\/www.sts-education.com\/pl\/szkola-srednia\/uczniowie-na-wymianie\/historie-uczniow\/muki-zdecydowal-sie-na-nauke-w-hiszpanii\/#primaryimage\"},\"thumbnailUrl\":\"https:\/\/powered-by.qbank.se\/educatius\/sts\/\/450d86718b4b3697ccf2f66f3c051f56_1-1-thumb.webp\",\"datePublished\":\"2024-10-24T11:00:00+00:00\",\"dateModified\":\"2026-04-29T07:49:49+00:00\",\"author\":{\"@id\":\"https:\/\/www.sts-education.com\/pl\/#\/schema\/person\/8b82f3a2e45f020b8f296d7a85d9a97c\"},\"description\":\"Uwa\u017cam, \u017ce to by\u0142a najlepsza decyzja, aby wyj\u015b\u0107 ze swojej strefy komfortu i zdecydowa\u0107 si\u0119 na \u017cycie w obcym kraju i rodzinie, gdzie nie znam absolutnie nikogo i niczego.\",\"breadcrumb\":{\"@id\":\"https:\/\/www.sts-education.com\/pl\/szkola-srednia\/uczniowie-na-wymianie\/historie-uczniow\/muki-zdecydowal-sie-na-nauke-w-hiszpanii\/#breadcrumb\"},\"inLanguage\":\"pl-PL\",\"potentialAction\":[{\"@type\":\"ReadAction\",\"target\":[\"https:\/\/www.sts-education.com\/pl\/szkola-srednia\/uczniowie-na-wymianie\/historie-uczniow\/muki-zdecydowal-sie-na-nauke-w-hiszpanii\/\"]}]},{\"@type\":\"ImageObject\",\"inLanguage\":\"pl-PL\",\"@id\":\"https:\/\/www.sts-education.com\/pl\/szkola-srednia\/uczniowie-na-wymianie\/historie-uczniow\/muki-zdecydowal-sie-na-nauke-w-hiszpanii\/#primaryimage\",\"url\":\"https:\/\/powered-by.qbank.se\/educatius\/sts\/\/450d86718b4b3697ccf2f66f3c051f56_1-1-thumb.webp\",\"contentUrl\":\"https:\/\/powered-by.qbank.se\/educatius\/sts\/\/450d86718b4b3697ccf2f66f3c051f56_1-1-thumb.webp\",\"width\":150,\"height\":150},{\"@type\":\"BreadcrumbList\",\"@id\":\"https:\/\/www.sts-education.com\/pl\/szkola-srednia\/uczniowie-na-wymianie\/historie-uczniow\/muki-zdecydowal-sie-na-nauke-w-hiszpanii\/#breadcrumb\",\"itemListElement\":[{\"@type\":\"ListItem\",\"position\":1,\"name\":\"Home\",\"item\":\"https:\/\/www.sts-education.com\/pl\/\"},{\"@type\":\"ListItem\",\"position\":2,\"name\":\"Muki Zdecydowal Sie Na Nauke W Hiszpanii\"}]},{\"@type\":\"WebSite\",\"@id\":\"https:\/\/www.sts-education.com\/pl\/#website\",\"url\":\"https:\/\/www.sts-education.com\/pl\/\",\"name\":\"STS Education\",\"description\":\"\",\"potentialAction\":[{\"@type\":\"SearchAction\",\"target\":{\"@type\":\"EntryPoint\",\"urlTemplate\":\"https:\/\/www.sts-education.com\/pl\/?s={search_term_string}\"},\"query-input\":{\"@type\":\"PropertyValueSpecification\",\"valueRequired\":true,\"valueName\":\"search_term_string\"}}],\"inLanguage\":\"pl-PL\"},{\"@type\":\"Person\",\"@id\":\"https:\/\/www.sts-education.com\/pl\/#\/schema\/person\/8b82f3a2e45f020b8f296d7a85d9a97c\",\"name\":\"syncreadwrite\",\"image\":{\"@type\":\"ImageObject\",\"inLanguage\":\"pl-PL\",\"@id\":\"https:\/\/secure.gravatar.com\/avatar\/6ed1007e4f6f43f22e3df41d9fce4365533cba47fef64bb359b8e629abbc2ea6?s=96&d=mm&r=g\",\"url\":\"https:\/\/secure.gravatar.com\/avatar\/6ed1007e4f6f43f22e3df41d9fce4365533cba47fef64bb359b8e629abbc2ea6?s=96&d=mm&r=g\",\"contentUrl\":\"https:\/\/secure.gravatar.com\/avatar\/6ed1007e4f6f43f22e3df41d9fce4365533cba47fef64bb359b8e629abbc2ea6?s=96&d=mm&r=g\",\"caption\":\"syncreadwrite\"},\"url\":\"https:\/\/www.sts-education.com\/pl\/author\/syncreadwrite\/\"}]}<\/script>\n<!-- \/ Yoast SEO Premium plugin. -->","yoast_head_json":{"title":"Muki zdecydowa\u0142 si\u0119 na nauk\u0119 w Hiszpanii","description":"Uwa\u017cam, \u017ce to by\u0142a najlepsza decyzja, aby wyj\u015b\u0107 ze swojej strefy komfortu i zdecydowa\u0107 si\u0119 na \u017cycie w obcym kraju i rodzinie, gdzie nie znam absolutnie nikogo i niczego.","robots":{"index":"index","follow":"follow","max-snippet":"max-snippet:-1","max-image-preview":"max-image-preview:large","max-video-preview":"max-video-preview:-1"},"canonical":"https:\/\/www.sts-education.com\/pl\/szkola-srednia\/uczniowie-na-wymianie\/historie-uczniow\/muki-zdecydowal-sie-na-nauke-w-hiszpanii\/","og_locale":"pl_PL","og_type":"article","og_title":"Muki Zdecydowal Sie Na Nauke W Hiszpanii","og_description":"Uwa\u017cam, \u017ce to by\u0142a najlepsza decyzja, aby wyj\u015b\u0107 ze swojej strefy komfortu i zdecydowa\u0107 si\u0119 na \u017cycie w obcym kraju i rodzinie, gdzie nie znam absolutnie nikogo i niczego.","og_url":"https:\/\/www.sts-education.com\/pl\/szkola-srednia\/uczniowie-na-wymianie\/historie-uczniow\/muki-zdecydowal-sie-na-nauke-w-hiszpanii\/","og_site_name":"STS Education","article_published_time":"2024-10-24T11:00:00+00:00","article_modified_time":"2026-04-29T07:49:49+00:00","og_image":[{"width":150,"height":150,"url":"https:\/\/powered-by.qbank.se\/educatius\/sts\/\/450d86718b4b3697ccf2f66f3c051f56_1-1-thumb.webp","type":"image\/png"}],"author":"syncreadwrite","twitter_card":"summary_large_image","twitter_misc":{"Napisane przez":"syncreadwrite","Szacowany czas czytania":"2 minuty"},"schema":{"@context":"https:\/\/schema.org","@graph":[{"@type":"Article","@id":"https:\/\/www.sts-education.com\/pl\/szkola-srednia\/uczniowie-na-wymianie\/historie-uczniow\/muki-zdecydowal-sie-na-nauke-w-hiszpanii\/#article","isPartOf":{"@id":"https:\/\/www.sts-education.com\/pl\/szkola-srednia\/uczniowie-na-wymianie\/historie-uczniow\/muki-zdecydowal-sie-na-nauke-w-hiszpanii\/"},"author":{"name":"syncreadwrite","@id":"https:\/\/www.sts-education.com\/pl\/#\/schema\/person\/8b82f3a2e45f020b8f296d7a85d9a97c"},"headline":"Muki Zdecydowal Sie Na Nauke W Hiszpanii","datePublished":"2024-10-24T11:00:00+00:00","dateModified":"2026-04-29T07:49:49+00:00","mainEntityOfPage":{"@id":"https:\/\/www.sts-education.com\/pl\/szkola-srednia\/uczniowie-na-wymianie\/historie-uczniow\/muki-zdecydowal-sie-na-nauke-w-hiszpanii\/"},"wordCount":493,"commentCount":0,"image":{"@id":"https:\/\/www.sts-education.com\/pl\/szkola-srednia\/uczniowie-na-wymianie\/historie-uczniow\/muki-zdecydowal-sie-na-nauke-w-hiszpanii\/#primaryimage"},"thumbnailUrl":"https:\/\/powered-by.qbank.se\/educatius\/sts\/\/450d86718b4b3697ccf2f66f3c051f56_1-1-thumb.webp","keywords":["Hiszpania"],"inLanguage":"pl-PL","potentialAction":[{"@type":"CommentAction","name":"Comment","target":["https:\/\/www.sts-education.com\/pl\/szkola-srednia\/uczniowie-na-wymianie\/historie-uczniow\/muki-zdecydowal-sie-na-nauke-w-hiszpanii\/#respond"]}]},{"@type":"WebPage","@id":"https:\/\/www.sts-education.com\/pl\/szkola-srednia\/uczniowie-na-wymianie\/historie-uczniow\/muki-zdecydowal-sie-na-nauke-w-hiszpanii\/","url":"https:\/\/www.sts-education.com\/pl\/szkola-srednia\/uczniowie-na-wymianie\/historie-uczniow\/muki-zdecydowal-sie-na-nauke-w-hiszpanii\/","name":"Muki zdecydowa\u0142 si\u0119 na nauk\u0119 w Hiszpanii","isPartOf":{"@id":"https:\/\/www.sts-education.com\/pl\/#website"},"primaryImageOfPage":{"@id":"https:\/\/www.sts-education.com\/pl\/szkola-srednia\/uczniowie-na-wymianie\/historie-uczniow\/muki-zdecydowal-sie-na-nauke-w-hiszpanii\/#primaryimage"},"image":{"@id":"https:\/\/www.sts-education.com\/pl\/szkola-srednia\/uczniowie-na-wymianie\/historie-uczniow\/muki-zdecydowal-sie-na-nauke-w-hiszpanii\/#primaryimage"},"thumbnailUrl":"https:\/\/powered-by.qbank.se\/educatius\/sts\/\/450d86718b4b3697ccf2f66f3c051f56_1-1-thumb.webp","datePublished":"2024-10-24T11:00:00+00:00","dateModified":"2026-04-29T07:49:49+00:00","author":{"@id":"https:\/\/www.sts-education.com\/pl\/#\/schema\/person\/8b82f3a2e45f020b8f296d7a85d9a97c"},"description":"Uwa\u017cam, \u017ce to by\u0142a najlepsza decyzja, aby wyj\u015b\u0107 ze swojej strefy komfortu i zdecydowa\u0107 si\u0119 na \u017cycie w obcym kraju i rodzinie, gdzie nie znam absolutnie nikogo i niczego.","breadcrumb":{"@id":"https:\/\/www.sts-education.com\/pl\/szkola-srednia\/uczniowie-na-wymianie\/historie-uczniow\/muki-zdecydowal-sie-na-nauke-w-hiszpanii\/#breadcrumb"},"inLanguage":"pl-PL","potentialAction":[{"@type":"ReadAction","target":["https:\/\/www.sts-education.com\/pl\/szkola-srednia\/uczniowie-na-wymianie\/historie-uczniow\/muki-zdecydowal-sie-na-nauke-w-hiszpanii\/"]}]},{"@type":"ImageObject","inLanguage":"pl-PL","@id":"https:\/\/www.sts-education.com\/pl\/szkola-srednia\/uczniowie-na-wymianie\/historie-uczniow\/muki-zdecydowal-sie-na-nauke-w-hiszpanii\/#primaryimage","url":"https:\/\/powered-by.qbank.se\/educatius\/sts\/\/450d86718b4b3697ccf2f66f3c051f56_1-1-thumb.webp","contentUrl":"https:\/\/powered-by.qbank.se\/educatius\/sts\/\/450d86718b4b3697ccf2f66f3c051f56_1-1-thumb.webp","width":150,"height":150},{"@type":"BreadcrumbList","@id":"https:\/\/www.sts-education.com\/pl\/szkola-srednia\/uczniowie-na-wymianie\/historie-uczniow\/muki-zdecydowal-sie-na-nauke-w-hiszpanii\/#breadcrumb","itemListElement":[{"@type":"ListItem","position":1,"name":"Home","item":"https:\/\/www.sts-education.com\/pl\/"},{"@type":"ListItem","position":2,"name":"Muki Zdecydowal Sie Na Nauke W Hiszpanii"}]},{"@type":"WebSite","@id":"https:\/\/www.sts-education.com\/pl\/#website","url":"https:\/\/www.sts-education.com\/pl\/","name":"STS Education","description":"","potentialAction":[{"@type":"SearchAction","target":{"@type":"EntryPoint","urlTemplate":"https:\/\/www.sts-education.com\/pl\/?s={search_term_string}"},"query-input":{"@type":"PropertyValueSpecification","valueRequired":true,"valueName":"search_term_string"}}],"inLanguage":"pl-PL"},{"@type":"Person","@id":"https:\/\/www.sts-education.com\/pl\/#\/schema\/person\/8b82f3a2e45f020b8f296d7a85d9a97c","name":"syncreadwrite","image":{"@type":"ImageObject","inLanguage":"pl-PL","@id":"https:\/\/secure.gravatar.com\/avatar\/6ed1007e4f6f43f22e3df41d9fce4365533cba47fef64bb359b8e629abbc2ea6?s=96&d=mm&r=g","url":"https:\/\/secure.gravatar.com\/avatar\/6ed1007e4f6f43f22e3df41d9fce4365533cba47fef64bb359b8e629abbc2ea6?s=96&d=mm&r=g","contentUrl":"https:\/\/secure.gravatar.com\/avatar\/6ed1007e4f6f43f22e3df41d9fce4365533cba47fef64bb359b8e629abbc2ea6?s=96&d=mm&r=g","caption":"syncreadwrite"},"url":"https:\/\/www.sts-education.com\/pl\/author\/syncreadwrite\/"}]}},"_links":{"self":[{"href":"https:\/\/www.sts-education.com\/pl\/wp-json\/wp\/v2\/posts\/11090","targetHints":{"allow":["GET"]}}],"collection":[{"href":"https:\/\/www.sts-education.com\/pl\/wp-json\/wp\/v2\/posts"}],"about":[{"href":"https:\/\/www.sts-education.com\/pl\/wp-json\/wp\/v2\/types\/post"}],"author":[{"embeddable":true,"href":"https:\/\/www.sts-education.com\/pl\/wp-json\/wp\/v2\/users\/20"}],"replies":[{"embeddable":true,"href":"https:\/\/www.sts-education.com\/pl\/wp-json\/wp\/v2\/comments?post=11090"}],"version-history":[{"count":5,"href":"https:\/\/www.sts-education.com\/pl\/wp-json\/wp\/v2\/posts\/11090\/revisions"}],"predecessor-version":[{"id":43366,"href":"https:\/\/www.sts-education.com\/pl\/wp-json\/wp\/v2\/posts\/11090\/revisions\/43366"}],"wp:featuredmedia":[{"embeddable":true,"href":"https:\/\/www.sts-education.com\/pl\/wp-json\/wp\/v2\/media\/40534"}],"wp:attachment":[{"href":"https:\/\/www.sts-education.com\/pl\/wp-json\/wp\/v2\/media?parent=11090"}],"wp:term":[{"taxonomy":"category","embeddable":true,"href":"https:\/\/www.sts-education.com\/pl\/wp-json\/wp\/v2\/categories?post=11090"},{"taxonomy":"post_tag","embeddable":true,"href":"https:\/\/www.sts-education.com\/pl\/wp-json\/wp\/v2\/tags?post=11090"},{"taxonomy":"wpw_post_folders","embeddable":true,"href":"https:\/\/www.sts-education.com\/pl\/wp-json\/wp\/v2\/wpw_post_folders?post=11090"}],"curies":[{"name":"wp","href":"https:\/\/api.w.org\/{rel}","templated":true}]}}