{"id":11093,"date":"2024-10-21T14:00:00","date_gmt":"2024-10-21T14:00:00","guid":{"rendered":"https:\/\/preprod.sts-education.com\/blog\/2026\/03\/05\/matteo-byl-na-wymianie-w-niemczech\/"},"modified":"2026-04-14T10:22:50","modified_gmt":"2026-04-14T10:22:50","slug":"matteo-byl-na-wymianie-w-niemczech","status":"publish","type":"post","link":"https:\/\/www.sts-education.com\/pl\/szkola-srednia\/uczniowie-na-wymianie\/historie-uczniow\/matteo-byl-na-wymianie-w-niemczech\/","title":{"rendered":"Matteo Byl Na Wymianie W Niemczech"},"content":{"rendered":"\n<div class=\"wp-block-sts-text sts-text-editor has-max-width-md\"><div class=\"sts-text-editor__content\"><div class=\"sts-text-editor__content-inner\">\n<h1 style=\"text-align:center\">Matteo by\u0142 na wymianie w Niemczech<\/h1>\n<\/div><\/div><\/div>\n\n\n\n<figure class=\"wp-block-sts-image sts-block-image sts-block-image--count-1 has-max-width-md\" data-count=\"1\"><div class=\"sts-block-image__grid\"><div class=\"sts-block-image__item\"><picture class=\"sts-responsive-image has-fit-cover has-pos-top is-skeleton\"><img src=\"https:\/\/cdn.sts-education.com\/13343_hero_md.jpg\" alt=\"Matteo by\u0142 na wymianie w Niemczech\" loading=\"lazy\" decoding=\"async\" fetchpriority=\"low\" sizes=\"(max-width: 736px) 100vw, 736px\"\/><\/picture><\/div><\/div><\/figure>\n\n\n\n<div class=\"wp-block-sts-text sts-text-editor has-max-width-md\"><div class=\"sts-text-editor__content\"><div class=\"sts-text-editor__content-inner\">\n<p><em>Cze\u015b\u0107! Mam na imi\u0119 Matteo, pochodz\u0119 z W\u0142och i mam 19 lat. W sierpniu 2022 roku rozpocz\u0105\u0142em moj\u0105 przygod\u0119 z wymian\u0105 w Niemczech. Zosta\u0142em do czerwca 2023 roku, wi\u0119c by\u0142 to ca\u0142y rok szkolny.<\/em><\/p>\n<\/div><\/div><\/div>\n\n\n\n<div class=\"wp-block-sts-text sts-text-editor has-max-width-md\"><div class=\"sts-text-editor__content\"><div class=\"sts-text-editor__content-inner\">\n<p>Postanowi\u0142em wybra\u0107 Niemcy, poniewa\u017c w szkole uczy\u0142em si\u0119 niemieckiego jako j\u0119zyka obcego, a program wymiany dawa\u0142 mi najlepsz\u0105 mo\u017cliwo\u015b\u0107 poprawy moich umiej\u0119tno\u015bci j\u0119zykowych oraz zdobycia wi\u0119kszej samodzielno\u015bci.<\/p>\n<p>Szko\u0142a, do kt\u00f3rej ucz\u0119szcza\u0142em, by\u0142a bardzo przyjazna i od razu poczu\u0142em si\u0119 jej cz\u0119\u015bci\u0105, chocia\u017c nawi\u0105zywanie znajomo\u015bci nie by\u0142o \u0142atwe.<\/p>\n<p>Najlepsz\u0105 rzecz\u0105 w moim roku na wymianie by\u0142a moja rodzina goszcz\u0105ca. Sp\u0119dzili\u015bmy razem \u015bwietny czas i zwiedzali\u015bmy nowe miejsca i miasta, takie jak Hamburg i Bremen. Bardzo mi\u0142ym wspomnieniem jest przyj\u0119cie zorganizowane z okazji moich 18. urodzin: sprawi\u0142o, \u017ce poczu\u0142em si\u0119 wyj\u0105tkowo.<\/p>\n<p>Na pocz\u0105tku bardzo trudno by\u0142o mi przystosowa\u0107 si\u0119 do niemieckiego stylu \u017cycia, poniewa\u017c szok kulturowy, kt\u00f3ry prze\u017cy\u0142em, przyszed\u0142 z zaskoczenia, ale zdobywanemu do\u015bwiadczeniu, \u0142atwiej mi by\u0142o wpasowa\u0107 si\u0119 w now\u0105 codzienno\u015b\u0107.<\/p>\n<p>Pod koniec roku na wymianie czu\u0142em si\u0119 spe\u0142niony i wiedzia\u0142em, \u017ce jestem lepszym cz\u0142owiekiem ni\u017c wcze\u015bniej. W zwi\u0105zku z tym, z pe\u0142nym przekonaniem polecam wyjazd na wymian\u0119 szkoln\u0105, poniewa\u017c to niesamowita szansa na zdobycie nowej perspektywy na \u017cycie i stanie si\u0119 dojrza\u0142\u0105 osob\u0105.<\/p>\n<p>Zawsze b\u0119d\u0119 wdzi\u0119czny STS za umo\u017cliwienie mi prze\u017cycia tego wszystkiego. Zawsze byli otwarci na moje potrzeby i dbali o to, \u017cebym czu\u0142 si\u0119 jak u siebie (impreza powitalna by\u0142a znakomitym sposobem na poznanie innych uczni\u00f3w z wymiany).<\/p>\n<p>Chc\u0119 tylko powiedzie\u0107 osobom, kt\u00f3re to czytaj\u0105, \u017ce nie powinni si\u0119 obawia\u0107 spr\u00f3bowania czego\u015b nowego, a czym\u015b takim jest w\u0142a\u015bnie rok na wymianie. Do\u015bwiadczaj jak najwi\u0119cej, poniewa\u017c te do\u015bwiadczenia stan\u0105 si\u0119 cz\u0119\u015bci\u0105 Twojego rozwoju osobistego i pomog\u0105 Ci zrozumie\u0107, co naprawd\u0119 chcesz robi\u0107 w \u017cyciu.<\/p>\n<p>Czas na to, aby rozpocz\u0105\u0142 si\u0119 Tw\u00f3j rok na wymianie!<\/p>\n<h2>Dowiedz si\u0119 wi\u0119cej<\/h2>\n<ul><li>Przeczytaj wi\u0119cej <a href=\"https:\/\/www.sts-education.com\/pl\/szkola-srednia\/uczniowie-na-wymianie\/historie-uczniow\/?hashtag=Niemcy\">historii uczni\u00f3w z Niemiec<\/a><\/li>\n<li>Przeczytaj wi\u0119cej o <a href=\"https:\/\/www.sts-education.com\/pl\/szkola-srednia\/kierunki-wyjazdowe\/europa\/niemcy\/\">wymianie licealnej w Niemczech<\/a><\/li>\n<li>Zobacz <a href=\"\/pl\/high-school\/tripfinder\/\">wszystkie miejsca docelowe naszych wymian licealnych<\/a><\/li><\/ul>\n<\/div><\/div><\/div>\n","protected":false},"excerpt":{"rendered":"","protected":false},"author":20,"featured_media":14382,"comment_status":"open","ping_status":"open","sticky":false,"template":"","format":"standard","meta":{"_acf_changed":false,"_yoast_wpseo_title":"Matteo by\u0142 na wymianie w Niemczech","_yoast_wpseo_metadesc":"Najlepsz\u0105 rzecz\u0105 w moim roku na wymianie by\u0142a moja rodzina goszcz\u0105ca. Sp\u0119dzili\u015bmy razem \u015bwietny czas i zwiedzali\u015bmy nowe miejsca i miasta, takie jak Hamburg i Bremen.","footnotes":""},"categories":[265],"tags":[1020],"wpw_post_folders":[],"class_list":["post-11093","post","type-post","status-publish","format-standard","has-post-thumbnail","hentry","category-bez-kategorii","tag-niemcy"],"acf":[],"yoast_head":"<!-- This site is optimized with the Yoast SEO Premium plugin v27.2 (Yoast SEO v27.2) - https:\/\/yoast.com\/product\/yoast-seo-premium-wordpress\/ -->\n<title>Matteo by\u0142 na wymianie w Niemczech<\/title>\n<meta name=\"description\" content=\"Najlepsz\u0105 rzecz\u0105 w moim roku na wymianie by\u0142a moja rodzina goszcz\u0105ca. Sp\u0119dzili\u015bmy razem \u015bwietny czas i zwiedzali\u015bmy nowe miejsca i miasta, takie jak Hamburg i Bremen.\" \/>\n<meta name=\"robots\" content=\"index, follow, max-snippet:-1, max-image-preview:large, max-video-preview:-1\" \/>\n<link rel=\"canonical\" href=\"https:\/\/www.sts-education.com\/pl\/szkola-srednia\/uczniowie-na-wymianie\/historie-uczniow\/matteo-byl-na-wymianie-w-niemczech\/\" \/>\n<meta property=\"og:locale\" content=\"pl_PL\" \/>\n<meta property=\"og:type\" content=\"article\" \/>\n<meta property=\"og:title\" content=\"Matteo Byl Na Wymianie W Niemczech\" \/>\n<meta property=\"og:description\" content=\"Najlepsz\u0105 rzecz\u0105 w moim roku na wymianie by\u0142a moja rodzina goszcz\u0105ca. Sp\u0119dzili\u015bmy razem \u015bwietny czas i zwiedzali\u015bmy nowe miejsca i miasta, takie jak Hamburg i Bremen.\" \/>\n<meta property=\"og:url\" content=\"https:\/\/www.sts-education.com\/pl\/szkola-srednia\/uczniowie-na-wymianie\/historie-uczniow\/matteo-byl-na-wymianie-w-niemczech\/\" \/>\n<meta property=\"og:site_name\" content=\"STS Education\" \/>\n<meta property=\"article:published_time\" content=\"2024-10-21T14:00:00+00:00\" \/>\n<meta property=\"article:modified_time\" content=\"2026-04-14T10:22:50+00:00\" \/>\n<meta property=\"og:image\" content=\"https:\/\/powered-by.qbank.se\/educatius\/sts\/\/3ee9103dcaab55d5ff8d5a1bcc25b8d8_1-1-thumb.webp\" \/>\n\t<meta property=\"og:image:width\" content=\"150\" \/>\n\t<meta property=\"og:image:height\" content=\"150\" \/>\n\t<meta property=\"og:image:type\" content=\"image\/png\" \/>\n<meta name=\"author\" content=\"syncreadwrite\" \/>\n<meta name=\"twitter:card\" content=\"summary_large_image\" \/>\n<meta name=\"twitter:label1\" content=\"Napisane przez\" \/>\n\t<meta name=\"twitter:data1\" content=\"syncreadwrite\" \/>\n\t<meta name=\"twitter:label2\" content=\"Szacowany czas czytania\" \/>\n\t<meta name=\"twitter:data2\" content=\"2 minuty\" \/>\n<script type=\"application\/ld+json\" class=\"yoast-schema-graph\">{\"@context\":\"https:\/\/schema.org\",\"@graph\":[{\"@type\":\"Article\",\"@id\":\"https:\/\/www.sts-education.com\/pl\/szkola-srednia\/uczniowie-na-wymianie\/historie-uczniow\/matteo-byl-na-wymianie-w-niemczech\/#article\",\"isPartOf\":{\"@id\":\"https:\/\/www.sts-education.com\/pl\/szkola-srednia\/uczniowie-na-wymianie\/historie-uczniow\/matteo-byl-na-wymianie-w-niemczech\/\"},\"author\":{\"name\":\"syncreadwrite\",\"@id\":\"https:\/\/www.sts-education.com\/pl\/#\/schema\/person\/8b82f3a2e45f020b8f296d7a85d9a97c\"},\"headline\":\"Matteo Byl Na Wymianie W Niemczech\",\"datePublished\":\"2024-10-21T14:00:00+00:00\",\"dateModified\":\"2026-04-14T10:22:50+00:00\",\"mainEntityOfPage\":{\"@id\":\"https:\/\/www.sts-education.com\/pl\/szkola-srednia\/uczniowie-na-wymianie\/historie-uczniow\/matteo-byl-na-wymianie-w-niemczech\/\"},\"wordCount\":387,\"commentCount\":0,\"image\":{\"@id\":\"https:\/\/www.sts-education.com\/pl\/szkola-srednia\/uczniowie-na-wymianie\/historie-uczniow\/matteo-byl-na-wymianie-w-niemczech\/#primaryimage\"},\"thumbnailUrl\":\"https:\/\/powered-by.qbank.se\/educatius\/sts\/\/3ee9103dcaab55d5ff8d5a1bcc25b8d8_1-1-thumb.webp\",\"keywords\":[\"Niemcy\"],\"inLanguage\":\"pl-PL\",\"potentialAction\":[{\"@type\":\"CommentAction\",\"name\":\"Comment\",\"target\":[\"https:\/\/www.sts-education.com\/pl\/szkola-srednia\/uczniowie-na-wymianie\/historie-uczniow\/matteo-byl-na-wymianie-w-niemczech\/#respond\"]}]},{\"@type\":\"WebPage\",\"@id\":\"https:\/\/www.sts-education.com\/pl\/szkola-srednia\/uczniowie-na-wymianie\/historie-uczniow\/matteo-byl-na-wymianie-w-niemczech\/\",\"url\":\"https:\/\/www.sts-education.com\/pl\/szkola-srednia\/uczniowie-na-wymianie\/historie-uczniow\/matteo-byl-na-wymianie-w-niemczech\/\",\"name\":\"Matteo by\u0142 na wymianie w Niemczech\",\"isPartOf\":{\"@id\":\"https:\/\/www.sts-education.com\/pl\/#website\"},\"primaryImageOfPage\":{\"@id\":\"https:\/\/www.sts-education.com\/pl\/szkola-srednia\/uczniowie-na-wymianie\/historie-uczniow\/matteo-byl-na-wymianie-w-niemczech\/#primaryimage\"},\"image\":{\"@id\":\"https:\/\/www.sts-education.com\/pl\/szkola-srednia\/uczniowie-na-wymianie\/historie-uczniow\/matteo-byl-na-wymianie-w-niemczech\/#primaryimage\"},\"thumbnailUrl\":\"https:\/\/powered-by.qbank.se\/educatius\/sts\/\/3ee9103dcaab55d5ff8d5a1bcc25b8d8_1-1-thumb.webp\",\"datePublished\":\"2024-10-21T14:00:00+00:00\",\"dateModified\":\"2026-04-14T10:22:50+00:00\",\"author\":{\"@id\":\"https:\/\/www.sts-education.com\/pl\/#\/schema\/person\/8b82f3a2e45f020b8f296d7a85d9a97c\"},\"description\":\"Najlepsz\u0105 rzecz\u0105 w moim roku na wymianie by\u0142a moja rodzina goszcz\u0105ca. Sp\u0119dzili\u015bmy razem \u015bwietny czas i zwiedzali\u015bmy nowe miejsca i miasta, takie jak Hamburg i Bremen.\",\"breadcrumb\":{\"@id\":\"https:\/\/www.sts-education.com\/pl\/szkola-srednia\/uczniowie-na-wymianie\/historie-uczniow\/matteo-byl-na-wymianie-w-niemczech\/#breadcrumb\"},\"inLanguage\":\"pl-PL\",\"potentialAction\":[{\"@type\":\"ReadAction\",\"target\":[\"https:\/\/www.sts-education.com\/pl\/szkola-srednia\/uczniowie-na-wymianie\/historie-uczniow\/matteo-byl-na-wymianie-w-niemczech\/\"]}]},{\"@type\":\"ImageObject\",\"inLanguage\":\"pl-PL\",\"@id\":\"https:\/\/www.sts-education.com\/pl\/szkola-srednia\/uczniowie-na-wymianie\/historie-uczniow\/matteo-byl-na-wymianie-w-niemczech\/#primaryimage\",\"url\":\"https:\/\/powered-by.qbank.se\/educatius\/sts\/\/3ee9103dcaab55d5ff8d5a1bcc25b8d8_1-1-thumb.webp\",\"contentUrl\":\"https:\/\/powered-by.qbank.se\/educatius\/sts\/\/3ee9103dcaab55d5ff8d5a1bcc25b8d8_1-1-thumb.webp\",\"width\":150,\"height\":150},{\"@type\":\"BreadcrumbList\",\"@id\":\"https:\/\/www.sts-education.com\/pl\/szkola-srednia\/uczniowie-na-wymianie\/historie-uczniow\/matteo-byl-na-wymianie-w-niemczech\/#breadcrumb\",\"itemListElement\":[{\"@type\":\"ListItem\",\"position\":1,\"name\":\"Home\",\"item\":\"https:\/\/www.sts-education.com\/pl\/\"},{\"@type\":\"ListItem\",\"position\":2,\"name\":\"Matteo Byl Na Wymianie W Niemczech\"}]},{\"@type\":\"WebSite\",\"@id\":\"https:\/\/www.sts-education.com\/pl\/#website\",\"url\":\"https:\/\/www.sts-education.com\/pl\/\",\"name\":\"STS Education\",\"description\":\"\",\"potentialAction\":[{\"@type\":\"SearchAction\",\"target\":{\"@type\":\"EntryPoint\",\"urlTemplate\":\"https:\/\/www.sts-education.com\/pl\/?s={search_term_string}\"},\"query-input\":{\"@type\":\"PropertyValueSpecification\",\"valueRequired\":true,\"valueName\":\"search_term_string\"}}],\"inLanguage\":\"pl-PL\"},{\"@type\":\"Person\",\"@id\":\"https:\/\/www.sts-education.com\/pl\/#\/schema\/person\/8b82f3a2e45f020b8f296d7a85d9a97c\",\"name\":\"syncreadwrite\",\"image\":{\"@type\":\"ImageObject\",\"inLanguage\":\"pl-PL\",\"@id\":\"https:\/\/secure.gravatar.com\/avatar\/6ed1007e4f6f43f22e3df41d9fce4365533cba47fef64bb359b8e629abbc2ea6?s=96&d=mm&r=g\",\"url\":\"https:\/\/secure.gravatar.com\/avatar\/6ed1007e4f6f43f22e3df41d9fce4365533cba47fef64bb359b8e629abbc2ea6?s=96&d=mm&r=g\",\"contentUrl\":\"https:\/\/secure.gravatar.com\/avatar\/6ed1007e4f6f43f22e3df41d9fce4365533cba47fef64bb359b8e629abbc2ea6?s=96&d=mm&r=g\",\"caption\":\"syncreadwrite\"},\"url\":\"https:\/\/www.sts-education.com\/pl\/author\/syncreadwrite\/\"}]}<\/script>\n<!-- \/ Yoast SEO Premium plugin. -->","yoast_head_json":{"title":"Matteo by\u0142 na wymianie w Niemczech","description":"Najlepsz\u0105 rzecz\u0105 w moim roku na wymianie by\u0142a moja rodzina goszcz\u0105ca. Sp\u0119dzili\u015bmy razem \u015bwietny czas i zwiedzali\u015bmy nowe miejsca i miasta, takie jak Hamburg i Bremen.","robots":{"index":"index","follow":"follow","max-snippet":"max-snippet:-1","max-image-preview":"max-image-preview:large","max-video-preview":"max-video-preview:-1"},"canonical":"https:\/\/www.sts-education.com\/pl\/szkola-srednia\/uczniowie-na-wymianie\/historie-uczniow\/matteo-byl-na-wymianie-w-niemczech\/","og_locale":"pl_PL","og_type":"article","og_title":"Matteo Byl Na Wymianie W Niemczech","og_description":"Najlepsz\u0105 rzecz\u0105 w moim roku na wymianie by\u0142a moja rodzina goszcz\u0105ca. Sp\u0119dzili\u015bmy razem \u015bwietny czas i zwiedzali\u015bmy nowe miejsca i miasta, takie jak Hamburg i Bremen.","og_url":"https:\/\/www.sts-education.com\/pl\/szkola-srednia\/uczniowie-na-wymianie\/historie-uczniow\/matteo-byl-na-wymianie-w-niemczech\/","og_site_name":"STS Education","article_published_time":"2024-10-21T14:00:00+00:00","article_modified_time":"2026-04-14T10:22:50+00:00","og_image":[{"width":150,"height":150,"url":"https:\/\/powered-by.qbank.se\/educatius\/sts\/\/3ee9103dcaab55d5ff8d5a1bcc25b8d8_1-1-thumb.webp","type":"image\/png"}],"author":"syncreadwrite","twitter_card":"summary_large_image","twitter_misc":{"Napisane przez":"syncreadwrite","Szacowany czas czytania":"2 minuty"},"schema":{"@context":"https:\/\/schema.org","@graph":[{"@type":"Article","@id":"https:\/\/www.sts-education.com\/pl\/szkola-srednia\/uczniowie-na-wymianie\/historie-uczniow\/matteo-byl-na-wymianie-w-niemczech\/#article","isPartOf":{"@id":"https:\/\/www.sts-education.com\/pl\/szkola-srednia\/uczniowie-na-wymianie\/historie-uczniow\/matteo-byl-na-wymianie-w-niemczech\/"},"author":{"name":"syncreadwrite","@id":"https:\/\/www.sts-education.com\/pl\/#\/schema\/person\/8b82f3a2e45f020b8f296d7a85d9a97c"},"headline":"Matteo Byl Na Wymianie W Niemczech","datePublished":"2024-10-21T14:00:00+00:00","dateModified":"2026-04-14T10:22:50+00:00","mainEntityOfPage":{"@id":"https:\/\/www.sts-education.com\/pl\/szkola-srednia\/uczniowie-na-wymianie\/historie-uczniow\/matteo-byl-na-wymianie-w-niemczech\/"},"wordCount":387,"commentCount":0,"image":{"@id":"https:\/\/www.sts-education.com\/pl\/szkola-srednia\/uczniowie-na-wymianie\/historie-uczniow\/matteo-byl-na-wymianie-w-niemczech\/#primaryimage"},"thumbnailUrl":"https:\/\/powered-by.qbank.se\/educatius\/sts\/\/3ee9103dcaab55d5ff8d5a1bcc25b8d8_1-1-thumb.webp","keywords":["Niemcy"],"inLanguage":"pl-PL","potentialAction":[{"@type":"CommentAction","name":"Comment","target":["https:\/\/www.sts-education.com\/pl\/szkola-srednia\/uczniowie-na-wymianie\/historie-uczniow\/matteo-byl-na-wymianie-w-niemczech\/#respond"]}]},{"@type":"WebPage","@id":"https:\/\/www.sts-education.com\/pl\/szkola-srednia\/uczniowie-na-wymianie\/historie-uczniow\/matteo-byl-na-wymianie-w-niemczech\/","url":"https:\/\/www.sts-education.com\/pl\/szkola-srednia\/uczniowie-na-wymianie\/historie-uczniow\/matteo-byl-na-wymianie-w-niemczech\/","name":"Matteo by\u0142 na wymianie w Niemczech","isPartOf":{"@id":"https:\/\/www.sts-education.com\/pl\/#website"},"primaryImageOfPage":{"@id":"https:\/\/www.sts-education.com\/pl\/szkola-srednia\/uczniowie-na-wymianie\/historie-uczniow\/matteo-byl-na-wymianie-w-niemczech\/#primaryimage"},"image":{"@id":"https:\/\/www.sts-education.com\/pl\/szkola-srednia\/uczniowie-na-wymianie\/historie-uczniow\/matteo-byl-na-wymianie-w-niemczech\/#primaryimage"},"thumbnailUrl":"https:\/\/powered-by.qbank.se\/educatius\/sts\/\/3ee9103dcaab55d5ff8d5a1bcc25b8d8_1-1-thumb.webp","datePublished":"2024-10-21T14:00:00+00:00","dateModified":"2026-04-14T10:22:50+00:00","author":{"@id":"https:\/\/www.sts-education.com\/pl\/#\/schema\/person\/8b82f3a2e45f020b8f296d7a85d9a97c"},"description":"Najlepsz\u0105 rzecz\u0105 w moim roku na wymianie by\u0142a moja rodzina goszcz\u0105ca. Sp\u0119dzili\u015bmy razem \u015bwietny czas i zwiedzali\u015bmy nowe miejsca i miasta, takie jak Hamburg i Bremen.","breadcrumb":{"@id":"https:\/\/www.sts-education.com\/pl\/szkola-srednia\/uczniowie-na-wymianie\/historie-uczniow\/matteo-byl-na-wymianie-w-niemczech\/#breadcrumb"},"inLanguage":"pl-PL","potentialAction":[{"@type":"ReadAction","target":["https:\/\/www.sts-education.com\/pl\/szkola-srednia\/uczniowie-na-wymianie\/historie-uczniow\/matteo-byl-na-wymianie-w-niemczech\/"]}]},{"@type":"ImageObject","inLanguage":"pl-PL","@id":"https:\/\/www.sts-education.com\/pl\/szkola-srednia\/uczniowie-na-wymianie\/historie-uczniow\/matteo-byl-na-wymianie-w-niemczech\/#primaryimage","url":"https:\/\/powered-by.qbank.se\/educatius\/sts\/\/3ee9103dcaab55d5ff8d5a1bcc25b8d8_1-1-thumb.webp","contentUrl":"https:\/\/powered-by.qbank.se\/educatius\/sts\/\/3ee9103dcaab55d5ff8d5a1bcc25b8d8_1-1-thumb.webp","width":150,"height":150},{"@type":"BreadcrumbList","@id":"https:\/\/www.sts-education.com\/pl\/szkola-srednia\/uczniowie-na-wymianie\/historie-uczniow\/matteo-byl-na-wymianie-w-niemczech\/#breadcrumb","itemListElement":[{"@type":"ListItem","position":1,"name":"Home","item":"https:\/\/www.sts-education.com\/pl\/"},{"@type":"ListItem","position":2,"name":"Matteo Byl Na Wymianie W Niemczech"}]},{"@type":"WebSite","@id":"https:\/\/www.sts-education.com\/pl\/#website","url":"https:\/\/www.sts-education.com\/pl\/","name":"STS Education","description":"","potentialAction":[{"@type":"SearchAction","target":{"@type":"EntryPoint","urlTemplate":"https:\/\/www.sts-education.com\/pl\/?s={search_term_string}"},"query-input":{"@type":"PropertyValueSpecification","valueRequired":true,"valueName":"search_term_string"}}],"inLanguage":"pl-PL"},{"@type":"Person","@id":"https:\/\/www.sts-education.com\/pl\/#\/schema\/person\/8b82f3a2e45f020b8f296d7a85d9a97c","name":"syncreadwrite","image":{"@type":"ImageObject","inLanguage":"pl-PL","@id":"https:\/\/secure.gravatar.com\/avatar\/6ed1007e4f6f43f22e3df41d9fce4365533cba47fef64bb359b8e629abbc2ea6?s=96&d=mm&r=g","url":"https:\/\/secure.gravatar.com\/avatar\/6ed1007e4f6f43f22e3df41d9fce4365533cba47fef64bb359b8e629abbc2ea6?s=96&d=mm&r=g","contentUrl":"https:\/\/secure.gravatar.com\/avatar\/6ed1007e4f6f43f22e3df41d9fce4365533cba47fef64bb359b8e629abbc2ea6?s=96&d=mm&r=g","caption":"syncreadwrite"},"url":"https:\/\/www.sts-education.com\/pl\/author\/syncreadwrite\/"}]}},"_links":{"self":[{"href":"https:\/\/www.sts-education.com\/pl\/wp-json\/wp\/v2\/posts\/11093","targetHints":{"allow":["GET"]}}],"collection":[{"href":"https:\/\/www.sts-education.com\/pl\/wp-json\/wp\/v2\/posts"}],"about":[{"href":"https:\/\/www.sts-education.com\/pl\/wp-json\/wp\/v2\/types\/post"}],"author":[{"embeddable":true,"href":"https:\/\/www.sts-education.com\/pl\/wp-json\/wp\/v2\/users\/20"}],"replies":[{"embeddable":true,"href":"https:\/\/www.sts-education.com\/pl\/wp-json\/wp\/v2\/comments?post=11093"}],"version-history":[{"count":4,"href":"https:\/\/www.sts-education.com\/pl\/wp-json\/wp\/v2\/posts\/11093\/revisions"}],"predecessor-version":[{"id":34398,"href":"https:\/\/www.sts-education.com\/pl\/wp-json\/wp\/v2\/posts\/11093\/revisions\/34398"}],"wp:featuredmedia":[{"embeddable":true,"href":"https:\/\/www.sts-education.com\/pl\/wp-json\/wp\/v2\/media\/14382"}],"wp:attachment":[{"href":"https:\/\/www.sts-education.com\/pl\/wp-json\/wp\/v2\/media?parent=11093"}],"wp:term":[{"taxonomy":"category","embeddable":true,"href":"https:\/\/www.sts-education.com\/pl\/wp-json\/wp\/v2\/categories?post=11093"},{"taxonomy":"post_tag","embeddable":true,"href":"https:\/\/www.sts-education.com\/pl\/wp-json\/wp\/v2\/tags?post=11093"},{"taxonomy":"wpw_post_folders","embeddable":true,"href":"https:\/\/www.sts-education.com\/pl\/wp-json\/wp\/v2\/wpw_post_folders?post=11093"}],"curies":[{"name":"wp","href":"https:\/\/api.w.org\/{rel}","templated":true}]}}