{"id":11094,"date":"2024-10-08T14:00:00","date_gmt":"2024-10-08T12:00:00","guid":{"rendered":"https:\/\/preprod.sts-education.com\/blog\/2026\/03\/05\/paula-zdecydowala-sie-na-nauke-we-wloszech\/"},"modified":"2026-04-29T09:51:37","modified_gmt":"2026-04-29T07:51:37","slug":"paula-zdecydowala-sie-na-nauke-we-wloszech","status":"publish","type":"post","link":"https:\/\/www.sts-education.com\/pl\/szkola-srednia\/uczniowie-na-wymianie\/historie-uczniow\/paula-zdecydowala-sie-na-nauke-we-wloszech\/","title":{"rendered":"Paula Zdecydowala Sie Na Nauke We Wloszech"},"content":{"rendered":"\n<div class=\"wp-block-sts-text sts-text-editor has-max-width-md\"><div class=\"sts-text-editor__content\"><div class=\"sts-text-editor__content-inner\">\n<h1 style=\"text-align:center\">Paula zdecydowa\u0142a si\u0119 na nauk\u0119 we W\u0142oszech<\/h1>\n<\/div><\/div><\/div>\n\n\n\n<figure class=\"wp-block-sts-image sts-block-image sts-block-image--count-1 has-max-width-lg\" data-count=\"1\"><div class=\"sts-block-image__grid\"><div class=\"sts-block-image__item\"><picture class=\"sts-responsive-image has-fit-cover has-pos-top is-skeleton\"><source media=\"(max-width: 834.98px)\" srcset=\"https:\/\/powered-by.qbank.se\/educatius\/sts\/b59afec3c8a23ac3fe9ad100261fa291_1-1-thumb.webp 150w, https:\/\/powered-by.qbank.se\/educatius\/sts\/b59afec3c8a23ac3fe9ad100261fa291_1-1-xsmall.webp 500w, https:\/\/powered-by.qbank.se\/educatius\/sts\/b59afec3c8a23ac3fe9ad100261fa291_1-1-small.webp 800w, https:\/\/powered-by.qbank.se\/educatius\/sts\/b59afec3c8a23ac3fe9ad100261fa291_1-1-medium.webp 1024w, https:\/\/powered-by.qbank.se\/educatius\/sts\/b59afec3c8a23ac3fe9ad100261fa291_1-1-large.webp 1536w\" sizes=\"(max-width: 768px) 100vw, (max-width: 1200px) 100vw, 1200px\" type=\"image\/webp\"\/><source media=\"(min-width: 835px)\" srcset=\"https:\/\/powered-by.qbank.se\/educatius\/sts\/b59afec3c8a23ac3fe9ad100261fa291_16-9-small.webp 800w, https:\/\/powered-by.qbank.se\/educatius\/sts\/b59afec3c8a23ac3fe9ad100261fa291_16-9-medium.webp 1024w, https:\/\/powered-by.qbank.se\/educatius\/sts\/b59afec3c8a23ac3fe9ad100261fa291_16-9-large.webp 1536w\" sizes=\"(max-width: 768px) 100vw, (max-width: 1200px) 100vw, 1200px\" type=\"image\/webp\"\/><img src=\"https:\/\/powered-by.qbank.se\/educatius\/sts\/b59afec3c8a23ac3fe9ad100261fa291_1-1-thumb.webp\" alt=\"Paula zdecydowa\u0142a si\u0119 na nauk\u0119 we W\u0142oszech\" loading=\"lazy\" decoding=\"async\" fetchpriority=\"low\" style=\"object-position:top\"\/><\/picture><\/div><\/div><\/figure>\n\n\n\n<div class=\"wp-block-sts-text sts-text-editor has-max-width-md\"><div class=\"sts-text-editor__content\"><div class=\"sts-text-editor__content-inner\">\n<p><em>Paula Binder z Austrii wyjecha\u0142a na wymian\u0119 szkoln\u0105 do W\u0142och 5 lat temu.<\/em><\/p>\n<\/div><\/div><\/div>\n\n\n\n<div class=\"wp-block-sts-text sts-text-editor has-max-width-md\"><div class=\"sts-text-editor__content\"><div class=\"sts-text-editor__content-inner\">\n<p>Pi\u0119\u0107 lat temu postanowi\u0142am wyjecha\u0107 na p\u00f3\u0142roczn\u0105 wymian\u0119 uczniowsk\u0105 do Trydentu we W\u0142oszech. By\u0142a to dla mnie bardzo wa\u017cna decyzja, bior\u0105c pod uwag\u0119, \u017ce zazwyczaj t\u0119skni\u0119 za domem ju\u017c po kilku dniach poza nim. Ca\u0142y semestr wydawa\u0142 si\u0119 trwa\u0107 wieczno\u015b\u0107.<\/p>\n<p>Ale: To by\u0142a zdecydowanie najlepsza decyzja jak\u0105 mog\u0142am podj\u0105\u0107! Prze\u017cy\u0142am najlepsze chwile w swoim \u017cyciu w kraju, kt\u00f3ry ju\u017c wcze\u015bniej tak bardzo kocha\u0142am. Nauka najpi\u0119kniejszego j\u0119zyka na \u015bwiecie, poznanie tylu wspania\u0142ych ludzi i do\u015bwiadczanie esencji w\u0142oskiego \u017cycia \u2013 to by\u0142o naprawd\u0119 niesamowite. Trydent na zawsze b\u0119dzie mia\u0142 szczeg\u00f3lne miejsce w moim sercu, jako m\u00f3j drugi dom.<\/p>\n<p>Nauka nowego j\u0119zyka to jedno z najbardziej wzbogacaj\u0105cych do\u015bwiadcze\u0144. Wiadomo, na pocz\u0105tku nie wszystko jest proste. Jednak wkr\u00f3tce zdasz sobie spraw\u0119, jak bardzo si\u0119 rozwin\u0105\u0142e\u015b od chwili przybycia.<\/p>\n<p>Dzi\u0119ki do\u015bwiadczeniu zdobytemu za granic\u0105 nie tylko poprawi\u0142am sw\u00f3j w\u0142oski, ale tak\u017ce sta\u0142em si\u0119 bardziej pewna siebie i niezale\u017cny.<\/p>\n<p>Wyb\u00f3r STS by\u0142 najlepsz\u0105 decyzj\u0105. Dzi\u0119kuj\u0119, STS!<\/p>\n<h2>Dowiedz si\u0119 wi\u0119cej<\/h2>\n<ul><li>Przeczytaj wi\u0119cej <a href=\"https:\/\/www.sts-education.com\/pl\/szkola-srednia\/uczniowie-na-wymianie\/historie-uczniow\/?hashtag=W%c5%82ochy\">historii uczni\u00f3w z W\u0142och<\/a><\/li>\n<li>Przeczytaj wi\u0119cej o <a href=\"https:\/\/www.sts-education.com\/pl\/szkola-srednia\/kierunki-wyjazdowe\/europa\/wlochy\/\">wymianie licealnej we W\u0142oszech<\/a><\/li>\n<li>Zobacz <a href=\"\/pl\/high-school\/tripfinder\/\">wszystkie miejsca docelowe naszych wymian licealnych<\/a><\/li><\/ul>\n<\/div><\/div><\/div>\n","protected":false},"excerpt":{"rendered":"","protected":false},"author":20,"featured_media":40548,"comment_status":"open","ping_status":"open","sticky":false,"template":"","format":"standard","meta":{"_acf_changed":false,"_yoast_wpseo_title":"Paula zdecydowa\u0142a si\u0119 na nauk\u0119 we W\u0142oszech","_yoast_wpseo_metadesc":"Nauka najpi\u0119kniejszego j\u0119zyka na \u015bwiecie, poznanie tylu wspania\u0142ych ludzi i do\u015bwiadczanie esencji w\u0142oskiego \u017cycia \u2013 to by\u0142o naprawd\u0119 niesamowite.","footnotes":""},"categories":[265],"tags":[1022],"wpw_post_folders":[],"class_list":["post-11094","post","type-post","status-publish","format-standard","has-post-thumbnail","hentry","category-bez-kategorii","tag-w-ochy"],"acf":[],"yoast_head":"<!-- This site is optimized with the Yoast SEO Premium plugin v27.2 (Yoast SEO v27.2) - https:\/\/yoast.com\/product\/yoast-seo-premium-wordpress\/ -->\n<title>Paula zdecydowa\u0142a si\u0119 na nauk\u0119 we W\u0142oszech<\/title>\n<meta name=\"description\" content=\"Nauka najpi\u0119kniejszego j\u0119zyka na \u015bwiecie, poznanie tylu wspania\u0142ych ludzi i do\u015bwiadczanie esencji w\u0142oskiego \u017cycia \u2013 to by\u0142o naprawd\u0119 niesamowite.\" \/>\n<meta name=\"robots\" content=\"index, follow, max-snippet:-1, max-image-preview:large, max-video-preview:-1\" \/>\n<link rel=\"canonical\" href=\"https:\/\/www.sts-education.com\/pl\/szkola-srednia\/uczniowie-na-wymianie\/historie-uczniow\/paula-zdecydowala-sie-na-nauke-we-wloszech\/\" \/>\n<meta property=\"og:locale\" content=\"pl_PL\" \/>\n<meta property=\"og:type\" content=\"article\" \/>\n<meta property=\"og:title\" content=\"Paula Zdecydowala Sie Na Nauke We Wloszech\" \/>\n<meta property=\"og:description\" content=\"Nauka najpi\u0119kniejszego j\u0119zyka na \u015bwiecie, poznanie tylu wspania\u0142ych ludzi i do\u015bwiadczanie esencji w\u0142oskiego \u017cycia \u2013 to by\u0142o naprawd\u0119 niesamowite.\" \/>\n<meta property=\"og:url\" content=\"https:\/\/www.sts-education.com\/pl\/szkola-srednia\/uczniowie-na-wymianie\/historie-uczniow\/paula-zdecydowala-sie-na-nauke-we-wloszech\/\" \/>\n<meta property=\"og:site_name\" content=\"STS Education\" \/>\n<meta property=\"article:published_time\" content=\"2024-10-08T12:00:00+00:00\" \/>\n<meta property=\"article:modified_time\" content=\"2026-04-29T07:51:37+00:00\" \/>\n<meta property=\"og:image\" content=\"https:\/\/powered-by.qbank.se\/educatius\/sts\/\/b59afec3c8a23ac3fe9ad100261fa291_1-1-thumb.webp\" \/>\n\t<meta property=\"og:image:width\" content=\"150\" \/>\n\t<meta property=\"og:image:height\" content=\"150\" \/>\n\t<meta property=\"og:image:type\" content=\"image\/png\" \/>\n<meta name=\"author\" content=\"syncreadwrite\" \/>\n<meta name=\"twitter:card\" content=\"summary_large_image\" \/>\n<meta name=\"twitter:label1\" content=\"Napisane przez\" \/>\n\t<meta name=\"twitter:data1\" content=\"syncreadwrite\" \/>\n\t<meta name=\"twitter:label2\" content=\"Szacowany czas czytania\" \/>\n\t<meta name=\"twitter:data2\" content=\"1 minuta\" \/>\n<script type=\"application\/ld+json\" class=\"yoast-schema-graph\">{\"@context\":\"https:\/\/schema.org\",\"@graph\":[{\"@type\":\"Article\",\"@id\":\"https:\/\/www.sts-education.com\/pl\/szkola-srednia\/uczniowie-na-wymianie\/historie-uczniow\/paula-zdecydowala-sie-na-nauke-we-wloszech\/#article\",\"isPartOf\":{\"@id\":\"https:\/\/www.sts-education.com\/pl\/szkola-srednia\/uczniowie-na-wymianie\/historie-uczniow\/paula-zdecydowala-sie-na-nauke-we-wloszech\/\"},\"author\":{\"name\":\"syncreadwrite\",\"@id\":\"https:\/\/www.sts-education.com\/pl\/#\/schema\/person\/8b82f3a2e45f020b8f296d7a85d9a97c\"},\"headline\":\"Paula Zdecydowala Sie Na Nauke We Wloszech\",\"datePublished\":\"2024-10-08T12:00:00+00:00\",\"dateModified\":\"2026-04-29T07:51:37+00:00\",\"mainEntityOfPage\":{\"@id\":\"https:\/\/www.sts-education.com\/pl\/szkola-srednia\/uczniowie-na-wymianie\/historie-uczniow\/paula-zdecydowala-sie-na-nauke-we-wloszech\/\"},\"wordCount\":248,\"commentCount\":0,\"image\":{\"@id\":\"https:\/\/www.sts-education.com\/pl\/szkola-srednia\/uczniowie-na-wymianie\/historie-uczniow\/paula-zdecydowala-sie-na-nauke-we-wloszech\/#primaryimage\"},\"thumbnailUrl\":\"https:\/\/powered-by.qbank.se\/educatius\/sts\/\/b59afec3c8a23ac3fe9ad100261fa291_1-1-thumb.webp\",\"keywords\":[\"W\u0142ochy\"],\"inLanguage\":\"pl-PL\",\"potentialAction\":[{\"@type\":\"CommentAction\",\"name\":\"Comment\",\"target\":[\"https:\/\/www.sts-education.com\/pl\/szkola-srednia\/uczniowie-na-wymianie\/historie-uczniow\/paula-zdecydowala-sie-na-nauke-we-wloszech\/#respond\"]}]},{\"@type\":\"WebPage\",\"@id\":\"https:\/\/www.sts-education.com\/pl\/szkola-srednia\/uczniowie-na-wymianie\/historie-uczniow\/paula-zdecydowala-sie-na-nauke-we-wloszech\/\",\"url\":\"https:\/\/www.sts-education.com\/pl\/szkola-srednia\/uczniowie-na-wymianie\/historie-uczniow\/paula-zdecydowala-sie-na-nauke-we-wloszech\/\",\"name\":\"Paula zdecydowa\u0142a si\u0119 na nauk\u0119 we W\u0142oszech\",\"isPartOf\":{\"@id\":\"https:\/\/www.sts-education.com\/pl\/#website\"},\"primaryImageOfPage\":{\"@id\":\"https:\/\/www.sts-education.com\/pl\/szkola-srednia\/uczniowie-na-wymianie\/historie-uczniow\/paula-zdecydowala-sie-na-nauke-we-wloszech\/#primaryimage\"},\"image\":{\"@id\":\"https:\/\/www.sts-education.com\/pl\/szkola-srednia\/uczniowie-na-wymianie\/historie-uczniow\/paula-zdecydowala-sie-na-nauke-we-wloszech\/#primaryimage\"},\"thumbnailUrl\":\"https:\/\/powered-by.qbank.se\/educatius\/sts\/\/b59afec3c8a23ac3fe9ad100261fa291_1-1-thumb.webp\",\"datePublished\":\"2024-10-08T12:00:00+00:00\",\"dateModified\":\"2026-04-29T07:51:37+00:00\",\"author\":{\"@id\":\"https:\/\/www.sts-education.com\/pl\/#\/schema\/person\/8b82f3a2e45f020b8f296d7a85d9a97c\"},\"description\":\"Nauka najpi\u0119kniejszego j\u0119zyka na \u015bwiecie, poznanie tylu wspania\u0142ych ludzi i do\u015bwiadczanie esencji w\u0142oskiego \u017cycia \u2013 to by\u0142o naprawd\u0119 niesamowite.\",\"breadcrumb\":{\"@id\":\"https:\/\/www.sts-education.com\/pl\/szkola-srednia\/uczniowie-na-wymianie\/historie-uczniow\/paula-zdecydowala-sie-na-nauke-we-wloszech\/#breadcrumb\"},\"inLanguage\":\"pl-PL\",\"potentialAction\":[{\"@type\":\"ReadAction\",\"target\":[\"https:\/\/www.sts-education.com\/pl\/szkola-srednia\/uczniowie-na-wymianie\/historie-uczniow\/paula-zdecydowala-sie-na-nauke-we-wloszech\/\"]}]},{\"@type\":\"ImageObject\",\"inLanguage\":\"pl-PL\",\"@id\":\"https:\/\/www.sts-education.com\/pl\/szkola-srednia\/uczniowie-na-wymianie\/historie-uczniow\/paula-zdecydowala-sie-na-nauke-we-wloszech\/#primaryimage\",\"url\":\"https:\/\/powered-by.qbank.se\/educatius\/sts\/\/b59afec3c8a23ac3fe9ad100261fa291_1-1-thumb.webp\",\"contentUrl\":\"https:\/\/powered-by.qbank.se\/educatius\/sts\/\/b59afec3c8a23ac3fe9ad100261fa291_1-1-thumb.webp\",\"width\":150,\"height\":150},{\"@type\":\"BreadcrumbList\",\"@id\":\"https:\/\/www.sts-education.com\/pl\/szkola-srednia\/uczniowie-na-wymianie\/historie-uczniow\/paula-zdecydowala-sie-na-nauke-we-wloszech\/#breadcrumb\",\"itemListElement\":[{\"@type\":\"ListItem\",\"position\":1,\"name\":\"Home\",\"item\":\"https:\/\/www.sts-education.com\/pl\/\"},{\"@type\":\"ListItem\",\"position\":2,\"name\":\"Paula Zdecydowala Sie Na Nauke We Wloszech\"}]},{\"@type\":\"WebSite\",\"@id\":\"https:\/\/www.sts-education.com\/pl\/#website\",\"url\":\"https:\/\/www.sts-education.com\/pl\/\",\"name\":\"STS Education\",\"description\":\"\",\"potentialAction\":[{\"@type\":\"SearchAction\",\"target\":{\"@type\":\"EntryPoint\",\"urlTemplate\":\"https:\/\/www.sts-education.com\/pl\/?s={search_term_string}\"},\"query-input\":{\"@type\":\"PropertyValueSpecification\",\"valueRequired\":true,\"valueName\":\"search_term_string\"}}],\"inLanguage\":\"pl-PL\"},{\"@type\":\"Person\",\"@id\":\"https:\/\/www.sts-education.com\/pl\/#\/schema\/person\/8b82f3a2e45f020b8f296d7a85d9a97c\",\"name\":\"syncreadwrite\",\"image\":{\"@type\":\"ImageObject\",\"inLanguage\":\"pl-PL\",\"@id\":\"https:\/\/secure.gravatar.com\/avatar\/6ed1007e4f6f43f22e3df41d9fce4365533cba47fef64bb359b8e629abbc2ea6?s=96&d=mm&r=g\",\"url\":\"https:\/\/secure.gravatar.com\/avatar\/6ed1007e4f6f43f22e3df41d9fce4365533cba47fef64bb359b8e629abbc2ea6?s=96&d=mm&r=g\",\"contentUrl\":\"https:\/\/secure.gravatar.com\/avatar\/6ed1007e4f6f43f22e3df41d9fce4365533cba47fef64bb359b8e629abbc2ea6?s=96&d=mm&r=g\",\"caption\":\"syncreadwrite\"},\"url\":\"https:\/\/www.sts-education.com\/pl\/author\/syncreadwrite\/\"}]}<\/script>\n<!-- \/ Yoast SEO Premium plugin. -->","yoast_head_json":{"title":"Paula zdecydowa\u0142a si\u0119 na nauk\u0119 we W\u0142oszech","description":"Nauka najpi\u0119kniejszego j\u0119zyka na \u015bwiecie, poznanie tylu wspania\u0142ych ludzi i do\u015bwiadczanie esencji w\u0142oskiego \u017cycia \u2013 to by\u0142o naprawd\u0119 niesamowite.","robots":{"index":"index","follow":"follow","max-snippet":"max-snippet:-1","max-image-preview":"max-image-preview:large","max-video-preview":"max-video-preview:-1"},"canonical":"https:\/\/www.sts-education.com\/pl\/szkola-srednia\/uczniowie-na-wymianie\/historie-uczniow\/paula-zdecydowala-sie-na-nauke-we-wloszech\/","og_locale":"pl_PL","og_type":"article","og_title":"Paula Zdecydowala Sie Na Nauke We Wloszech","og_description":"Nauka najpi\u0119kniejszego j\u0119zyka na \u015bwiecie, poznanie tylu wspania\u0142ych ludzi i do\u015bwiadczanie esencji w\u0142oskiego \u017cycia \u2013 to by\u0142o naprawd\u0119 niesamowite.","og_url":"https:\/\/www.sts-education.com\/pl\/szkola-srednia\/uczniowie-na-wymianie\/historie-uczniow\/paula-zdecydowala-sie-na-nauke-we-wloszech\/","og_site_name":"STS Education","article_published_time":"2024-10-08T12:00:00+00:00","article_modified_time":"2026-04-29T07:51:37+00:00","og_image":[{"width":150,"height":150,"url":"https:\/\/powered-by.qbank.se\/educatius\/sts\/\/b59afec3c8a23ac3fe9ad100261fa291_1-1-thumb.webp","type":"image\/png"}],"author":"syncreadwrite","twitter_card":"summary_large_image","twitter_misc":{"Napisane przez":"syncreadwrite","Szacowany czas czytania":"1 minuta"},"schema":{"@context":"https:\/\/schema.org","@graph":[{"@type":"Article","@id":"https:\/\/www.sts-education.com\/pl\/szkola-srednia\/uczniowie-na-wymianie\/historie-uczniow\/paula-zdecydowala-sie-na-nauke-we-wloszech\/#article","isPartOf":{"@id":"https:\/\/www.sts-education.com\/pl\/szkola-srednia\/uczniowie-na-wymianie\/historie-uczniow\/paula-zdecydowala-sie-na-nauke-we-wloszech\/"},"author":{"name":"syncreadwrite","@id":"https:\/\/www.sts-education.com\/pl\/#\/schema\/person\/8b82f3a2e45f020b8f296d7a85d9a97c"},"headline":"Paula Zdecydowala Sie Na Nauke We Wloszech","datePublished":"2024-10-08T12:00:00+00:00","dateModified":"2026-04-29T07:51:37+00:00","mainEntityOfPage":{"@id":"https:\/\/www.sts-education.com\/pl\/szkola-srednia\/uczniowie-na-wymianie\/historie-uczniow\/paula-zdecydowala-sie-na-nauke-we-wloszech\/"},"wordCount":248,"commentCount":0,"image":{"@id":"https:\/\/www.sts-education.com\/pl\/szkola-srednia\/uczniowie-na-wymianie\/historie-uczniow\/paula-zdecydowala-sie-na-nauke-we-wloszech\/#primaryimage"},"thumbnailUrl":"https:\/\/powered-by.qbank.se\/educatius\/sts\/\/b59afec3c8a23ac3fe9ad100261fa291_1-1-thumb.webp","keywords":["W\u0142ochy"],"inLanguage":"pl-PL","potentialAction":[{"@type":"CommentAction","name":"Comment","target":["https:\/\/www.sts-education.com\/pl\/szkola-srednia\/uczniowie-na-wymianie\/historie-uczniow\/paula-zdecydowala-sie-na-nauke-we-wloszech\/#respond"]}]},{"@type":"WebPage","@id":"https:\/\/www.sts-education.com\/pl\/szkola-srednia\/uczniowie-na-wymianie\/historie-uczniow\/paula-zdecydowala-sie-na-nauke-we-wloszech\/","url":"https:\/\/www.sts-education.com\/pl\/szkola-srednia\/uczniowie-na-wymianie\/historie-uczniow\/paula-zdecydowala-sie-na-nauke-we-wloszech\/","name":"Paula zdecydowa\u0142a si\u0119 na nauk\u0119 we W\u0142oszech","isPartOf":{"@id":"https:\/\/www.sts-education.com\/pl\/#website"},"primaryImageOfPage":{"@id":"https:\/\/www.sts-education.com\/pl\/szkola-srednia\/uczniowie-na-wymianie\/historie-uczniow\/paula-zdecydowala-sie-na-nauke-we-wloszech\/#primaryimage"},"image":{"@id":"https:\/\/www.sts-education.com\/pl\/szkola-srednia\/uczniowie-na-wymianie\/historie-uczniow\/paula-zdecydowala-sie-na-nauke-we-wloszech\/#primaryimage"},"thumbnailUrl":"https:\/\/powered-by.qbank.se\/educatius\/sts\/\/b59afec3c8a23ac3fe9ad100261fa291_1-1-thumb.webp","datePublished":"2024-10-08T12:00:00+00:00","dateModified":"2026-04-29T07:51:37+00:00","author":{"@id":"https:\/\/www.sts-education.com\/pl\/#\/schema\/person\/8b82f3a2e45f020b8f296d7a85d9a97c"},"description":"Nauka najpi\u0119kniejszego j\u0119zyka na \u015bwiecie, poznanie tylu wspania\u0142ych ludzi i do\u015bwiadczanie esencji w\u0142oskiego \u017cycia \u2013 to by\u0142o naprawd\u0119 niesamowite.","breadcrumb":{"@id":"https:\/\/www.sts-education.com\/pl\/szkola-srednia\/uczniowie-na-wymianie\/historie-uczniow\/paula-zdecydowala-sie-na-nauke-we-wloszech\/#breadcrumb"},"inLanguage":"pl-PL","potentialAction":[{"@type":"ReadAction","target":["https:\/\/www.sts-education.com\/pl\/szkola-srednia\/uczniowie-na-wymianie\/historie-uczniow\/paula-zdecydowala-sie-na-nauke-we-wloszech\/"]}]},{"@type":"ImageObject","inLanguage":"pl-PL","@id":"https:\/\/www.sts-education.com\/pl\/szkola-srednia\/uczniowie-na-wymianie\/historie-uczniow\/paula-zdecydowala-sie-na-nauke-we-wloszech\/#primaryimage","url":"https:\/\/powered-by.qbank.se\/educatius\/sts\/\/b59afec3c8a23ac3fe9ad100261fa291_1-1-thumb.webp","contentUrl":"https:\/\/powered-by.qbank.se\/educatius\/sts\/\/b59afec3c8a23ac3fe9ad100261fa291_1-1-thumb.webp","width":150,"height":150},{"@type":"BreadcrumbList","@id":"https:\/\/www.sts-education.com\/pl\/szkola-srednia\/uczniowie-na-wymianie\/historie-uczniow\/paula-zdecydowala-sie-na-nauke-we-wloszech\/#breadcrumb","itemListElement":[{"@type":"ListItem","position":1,"name":"Home","item":"https:\/\/www.sts-education.com\/pl\/"},{"@type":"ListItem","position":2,"name":"Paula Zdecydowala Sie Na Nauke We Wloszech"}]},{"@type":"WebSite","@id":"https:\/\/www.sts-education.com\/pl\/#website","url":"https:\/\/www.sts-education.com\/pl\/","name":"STS Education","description":"","potentialAction":[{"@type":"SearchAction","target":{"@type":"EntryPoint","urlTemplate":"https:\/\/www.sts-education.com\/pl\/?s={search_term_string}"},"query-input":{"@type":"PropertyValueSpecification","valueRequired":true,"valueName":"search_term_string"}}],"inLanguage":"pl-PL"},{"@type":"Person","@id":"https:\/\/www.sts-education.com\/pl\/#\/schema\/person\/8b82f3a2e45f020b8f296d7a85d9a97c","name":"syncreadwrite","image":{"@type":"ImageObject","inLanguage":"pl-PL","@id":"https:\/\/secure.gravatar.com\/avatar\/6ed1007e4f6f43f22e3df41d9fce4365533cba47fef64bb359b8e629abbc2ea6?s=96&d=mm&r=g","url":"https:\/\/secure.gravatar.com\/avatar\/6ed1007e4f6f43f22e3df41d9fce4365533cba47fef64bb359b8e629abbc2ea6?s=96&d=mm&r=g","contentUrl":"https:\/\/secure.gravatar.com\/avatar\/6ed1007e4f6f43f22e3df41d9fce4365533cba47fef64bb359b8e629abbc2ea6?s=96&d=mm&r=g","caption":"syncreadwrite"},"url":"https:\/\/www.sts-education.com\/pl\/author\/syncreadwrite\/"}]}},"_links":{"self":[{"href":"https:\/\/www.sts-education.com\/pl\/wp-json\/wp\/v2\/posts\/11094","targetHints":{"allow":["GET"]}}],"collection":[{"href":"https:\/\/www.sts-education.com\/pl\/wp-json\/wp\/v2\/posts"}],"about":[{"href":"https:\/\/www.sts-education.com\/pl\/wp-json\/wp\/v2\/types\/post"}],"author":[{"embeddable":true,"href":"https:\/\/www.sts-education.com\/pl\/wp-json\/wp\/v2\/users\/20"}],"replies":[{"embeddable":true,"href":"https:\/\/www.sts-education.com\/pl\/wp-json\/wp\/v2\/comments?post=11094"}],"version-history":[{"count":5,"href":"https:\/\/www.sts-education.com\/pl\/wp-json\/wp\/v2\/posts\/11094\/revisions"}],"predecessor-version":[{"id":43414,"href":"https:\/\/www.sts-education.com\/pl\/wp-json\/wp\/v2\/posts\/11094\/revisions\/43414"}],"wp:featuredmedia":[{"embeddable":true,"href":"https:\/\/www.sts-education.com\/pl\/wp-json\/wp\/v2\/media\/40548"}],"wp:attachment":[{"href":"https:\/\/www.sts-education.com\/pl\/wp-json\/wp\/v2\/media?parent=11094"}],"wp:term":[{"taxonomy":"category","embeddable":true,"href":"https:\/\/www.sts-education.com\/pl\/wp-json\/wp\/v2\/categories?post=11094"},{"taxonomy":"post_tag","embeddable":true,"href":"https:\/\/www.sts-education.com\/pl\/wp-json\/wp\/v2\/tags?post=11094"},{"taxonomy":"wpw_post_folders","embeddable":true,"href":"https:\/\/www.sts-education.com\/pl\/wp-json\/wp\/v2\/wpw_post_folders?post=11094"}],"curies":[{"name":"wp","href":"https:\/\/api.w.org\/{rel}","templated":true}]}}