{"id":11096,"date":"2024-10-01T14:00:00","date_gmt":"2024-10-01T14:00:00","guid":{"rendered":"https:\/\/preprod.sts-education.com\/blog\/2026\/03\/05\/franziska-uczeszczala-do-szkoly-sredniej-w-holandii\/"},"modified":"2026-04-14T10:22:54","modified_gmt":"2026-04-14T10:22:54","slug":"franziska-uczeszczala-do-szkoly-sredniej-w-holandii","status":"publish","type":"post","link":"https:\/\/www.sts-education.com\/pl\/szkola-srednia\/uczniowie-na-wymianie\/historie-uczniow\/franziska-uczeszczala-do-szkoly-sredniej-w-holandii\/","title":{"rendered":"Franziska Uczeszczala Do Szkoly Sredniej W Holandii"},"content":{"rendered":"\n<div class=\"wp-block-sts-text sts-text-editor has-max-width-md\"><div class=\"sts-text-editor__content\"><div class=\"sts-text-editor__content-inner\">\n<h1 style=\"text-align:center\">Franziska ucz\u0119szcza\u0142a do szko\u0142y \u015bredniej w Holandii<\/h1>\n<\/div><\/div><\/div>\n\n\n\n<figure class=\"wp-block-sts-image sts-block-image sts-block-image--count-1 has-max-width-md\" data-count=\"1\"><div class=\"sts-block-image__grid\"><div class=\"sts-block-image__item\"><picture class=\"sts-responsive-image has-fit-cover has-pos-top is-skeleton\"><img src=\"https:\/\/cdn.sts-education.com\/13277_hero_md.jpg\" alt=\"Franziska ucz\u0119szcza\u0142a do szko\u0142y \u015bredniej w Holandii\" loading=\"lazy\" decoding=\"async\" fetchpriority=\"low\" sizes=\"(max-width: 736px) 100vw, 736px\"\/><\/picture><\/div><\/div><\/figure>\n\n\n\n<div class=\"wp-block-sts-text sts-text-editor has-max-width-md\"><div class=\"sts-text-editor__content\"><div class=\"sts-text-editor__content-inner\">\n<p><em>Franziska z Austrii sp\u0119dzi\u0142a rok w Holandii.<\/em><\/p>\n<\/div><\/div><\/div>\n\n\n\n<div class=\"wp-block-sts-text sts-text-editor has-max-width-md\"><div class=\"sts-text-editor__content\"><div class=\"sts-text-editor__content-inner\">\n<p>Wybra\u0142am Holandi\u0119, poniewa\u017c od pocz\u0105tku co\u015b mnie do tego kraju przyci\u0105ga\u0142o i chcia\u0142am pozna\u0107 jego uroki.<\/p>\n<h2>Moja rodzina goszcz\u0105caa<\/h2>\n<p>Od razu nawi\u0105za\u0142am dobry kontakt z rodzin\u0105 goszcz\u0105c\u0105, uczestniczy\u0142am w codziennym \u017cyciu rodzinnym oraz w wycieczkach. Po kr\u00f3tkim czasie poczu\u0142am si\u0119 u nich jak w domu, a atmosfera by\u0142a bardzo rodzinna. Moja rodzina goszcz\u0105ca r\u00f3wnie\u017c bardzo mi pomog\u0142a w nauce j\u0119zyka i wykaza\u0142a si\u0119 wobec mnie ogromn\u0105 cierpliwo\u015bci\u0105. Kiedy wreszcie nauczy\u0142am si\u0119 p\u0142ynnie m\u00f3wi\u0107 po niderlandzku, byli bardzo ze mnie dumni. Min\u0105\u0142 ju\u017c rok od mojego pobytu, a ja nadal mam regularny kontakt z moj\u0105 rodzin\u0105 goszcz\u0105c\u0105.<\/p>\n<h2>O szkole<\/h2>\n<p>Moi nauczyciele byli bardzo wyrozumiali, \u017ce na pocz\u0105tku by\u0142am na ni\u017cszym poziomie ni\u017c reszta klasy i starali si\u0119 zapewni\u0107 mi jak najlepsze wsparcie. Wszystko by\u0142o po niderlandzku, w zwi\u0105zku z czym zaj\u0119\u0142o mi kilka tygodni, \u017ceby si\u0119 do tego przyzwyczai\u0107.<\/p>\n<h2>Przyja\u017anie<\/h2>\n<p>Ju\u017c przed wylotem do Holandii mia\u0142am kontakt z kilkoma znajomymi z klasy, kt\u00f3rzy towarzyszyli mi przez pierwsze par\u0119 tygodni. Ostatecznie okaza\u0142o si\u0119, \u017ce zostali moimi najlepszymi przyjaci\u00f3\u0142mi. W Holandii mia\u0142am r\u00f3wnie\u017c kontakt z innymi uczniami z programu STS i sp\u0119dza\u0142am z nimi sporo czasu!<\/p>\n<h2>Polecam wyjazd ka\u017cdemu!<\/h2>\n<p>Polecam ka\u017cdemu pojechanie na wymian\u0119 zagraniczn\u0105 i zamieszkanie z rodzin\u0105 goszcz\u0105c\u0105. Nie tylko poznajesz now\u0105 kultur\u0119, ale tak\u017ce dowiadujesz si\u0119 wiele o sobie i rozwijasz si\u0119.<\/p>\n<h2>Dowiedz si\u0119 wi\u0119cej<\/h2>\n<ul><li>Przeczytaj wi\u0119cej <a href=\"https:\/\/www.sts-education.com\/pl\/szkola-srednia\/uczniowie-na-wymianie\/historie-uczniow\/?hashtag=Holandia\">historii uczni\u00f3w z Holandii<\/a><\/li>\n<li>Przeczytaj wi\u0119cej o <a href=\"https:\/\/www.sts-education.com\/pl\/szkola-srednia\/kierunki-wyjazdowe\/europa\/holandia\/\">wymianie licealnej w Holandii<\/a><\/li>\n<li>Zobacz <a href=\"\/pl\/high-school\/tripfinder\/\">wszystkie miejsca docelowe naszych wymian licealnych<\/a><\/li><\/ul>\n<\/div><\/div><\/div>\n","protected":false},"excerpt":{"rendered":"","protected":false},"author":20,"featured_media":14388,"comment_status":"open","ping_status":"open","sticky":false,"template":"","format":"standard","meta":{"_acf_changed":false,"_yoast_wpseo_title":"Franziska ucz\u0119szcza\u0142a do szko\u0142y \u015bredniej w Holandii","_yoast_wpseo_metadesc":"Polecam ka\u017cdemu pojechanie na wymian\u0119 zagraniczn\u0105 i zamieszkanie z rodzin\u0105 goszcz\u0105c\u0105.","footnotes":""},"categories":[265],"tags":[1024],"wpw_post_folders":[],"class_list":["post-11096","post","type-post","status-publish","format-standard","has-post-thumbnail","hentry","category-bez-kategorii","tag-holandia"],"acf":[],"yoast_head":"<!-- This site is optimized with the Yoast SEO Premium plugin v27.2 (Yoast SEO v27.2) - https:\/\/yoast.com\/product\/yoast-seo-premium-wordpress\/ -->\n<title>Franziska ucz\u0119szcza\u0142a do szko\u0142y \u015bredniej w Holandii<\/title>\n<meta name=\"description\" content=\"Polecam ka\u017cdemu pojechanie na wymian\u0119 zagraniczn\u0105 i zamieszkanie z rodzin\u0105 goszcz\u0105c\u0105.\" \/>\n<meta name=\"robots\" content=\"index, follow, max-snippet:-1, max-image-preview:large, max-video-preview:-1\" \/>\n<link rel=\"canonical\" href=\"https:\/\/www.sts-education.com\/pl\/szkola-srednia\/uczniowie-na-wymianie\/historie-uczniow\/franziska-uczeszczala-do-szkoly-sredniej-w-holandii\/\" \/>\n<meta property=\"og:locale\" content=\"pl_PL\" \/>\n<meta property=\"og:type\" content=\"article\" \/>\n<meta property=\"og:title\" content=\"Franziska Uczeszczala Do Szkoly Sredniej W Holandii\" \/>\n<meta property=\"og:description\" content=\"Polecam ka\u017cdemu pojechanie na wymian\u0119 zagraniczn\u0105 i zamieszkanie z rodzin\u0105 goszcz\u0105c\u0105.\" \/>\n<meta property=\"og:url\" content=\"https:\/\/www.sts-education.com\/pl\/szkola-srednia\/uczniowie-na-wymianie\/historie-uczniow\/franziska-uczeszczala-do-szkoly-sredniej-w-holandii\/\" \/>\n<meta property=\"og:site_name\" content=\"STS Education\" \/>\n<meta property=\"article:published_time\" content=\"2024-10-01T14:00:00+00:00\" \/>\n<meta property=\"article:modified_time\" content=\"2026-04-14T10:22:54+00:00\" \/>\n<meta property=\"og:image\" content=\"https:\/\/powered-by.qbank.se\/educatius\/sts\/\/004cbc35eed8995456a63ec720fe63c7_1-1-thumb.webp\" \/>\n\t<meta property=\"og:image:width\" content=\"150\" \/>\n\t<meta property=\"og:image:height\" content=\"150\" \/>\n\t<meta property=\"og:image:type\" content=\"image\/jpeg\" \/>\n<meta name=\"author\" content=\"syncreadwrite\" \/>\n<meta name=\"twitter:card\" content=\"summary_large_image\" \/>\n<meta name=\"twitter:label1\" content=\"Napisane przez\" \/>\n\t<meta name=\"twitter:data1\" content=\"syncreadwrite\" \/>\n\t<meta name=\"twitter:label2\" content=\"Szacowany czas czytania\" \/>\n\t<meta name=\"twitter:data2\" content=\"2 minuty\" \/>\n<script type=\"application\/ld+json\" class=\"yoast-schema-graph\">{\"@context\":\"https:\/\/schema.org\",\"@graph\":[{\"@type\":\"Article\",\"@id\":\"https:\/\/www.sts-education.com\/pl\/szkola-srednia\/uczniowie-na-wymianie\/historie-uczniow\/franziska-uczeszczala-do-szkoly-sredniej-w-holandii\/#article\",\"isPartOf\":{\"@id\":\"https:\/\/www.sts-education.com\/pl\/szkola-srednia\/uczniowie-na-wymianie\/historie-uczniow\/franziska-uczeszczala-do-szkoly-sredniej-w-holandii\/\"},\"author\":{\"name\":\"syncreadwrite\",\"@id\":\"https:\/\/www.sts-education.com\/pl\/#\/schema\/person\/8b82f3a2e45f020b8f296d7a85d9a97c\"},\"headline\":\"Franziska Uczeszczala Do Szkoly Sredniej W Holandii\",\"datePublished\":\"2024-10-01T14:00:00+00:00\",\"dateModified\":\"2026-04-14T10:22:54+00:00\",\"mainEntityOfPage\":{\"@id\":\"https:\/\/www.sts-education.com\/pl\/szkola-srednia\/uczniowie-na-wymianie\/historie-uczniow\/franziska-uczeszczala-do-szkoly-sredniej-w-holandii\/\"},\"wordCount\":307,\"commentCount\":0,\"image\":{\"@id\":\"https:\/\/www.sts-education.com\/pl\/szkola-srednia\/uczniowie-na-wymianie\/historie-uczniow\/franziska-uczeszczala-do-szkoly-sredniej-w-holandii\/#primaryimage\"},\"thumbnailUrl\":\"https:\/\/powered-by.qbank.se\/educatius\/sts\/\/004cbc35eed8995456a63ec720fe63c7_1-1-thumb.webp\",\"keywords\":[\"Holandia\"],\"inLanguage\":\"pl-PL\",\"potentialAction\":[{\"@type\":\"CommentAction\",\"name\":\"Comment\",\"target\":[\"https:\/\/www.sts-education.com\/pl\/szkola-srednia\/uczniowie-na-wymianie\/historie-uczniow\/franziska-uczeszczala-do-szkoly-sredniej-w-holandii\/#respond\"]}]},{\"@type\":\"WebPage\",\"@id\":\"https:\/\/www.sts-education.com\/pl\/szkola-srednia\/uczniowie-na-wymianie\/historie-uczniow\/franziska-uczeszczala-do-szkoly-sredniej-w-holandii\/\",\"url\":\"https:\/\/www.sts-education.com\/pl\/szkola-srednia\/uczniowie-na-wymianie\/historie-uczniow\/franziska-uczeszczala-do-szkoly-sredniej-w-holandii\/\",\"name\":\"Franziska ucz\u0119szcza\u0142a do szko\u0142y \u015bredniej w Holandii\",\"isPartOf\":{\"@id\":\"https:\/\/www.sts-education.com\/pl\/#website\"},\"primaryImageOfPage\":{\"@id\":\"https:\/\/www.sts-education.com\/pl\/szkola-srednia\/uczniowie-na-wymianie\/historie-uczniow\/franziska-uczeszczala-do-szkoly-sredniej-w-holandii\/#primaryimage\"},\"image\":{\"@id\":\"https:\/\/www.sts-education.com\/pl\/szkola-srednia\/uczniowie-na-wymianie\/historie-uczniow\/franziska-uczeszczala-do-szkoly-sredniej-w-holandii\/#primaryimage\"},\"thumbnailUrl\":\"https:\/\/powered-by.qbank.se\/educatius\/sts\/\/004cbc35eed8995456a63ec720fe63c7_1-1-thumb.webp\",\"datePublished\":\"2024-10-01T14:00:00+00:00\",\"dateModified\":\"2026-04-14T10:22:54+00:00\",\"author\":{\"@id\":\"https:\/\/www.sts-education.com\/pl\/#\/schema\/person\/8b82f3a2e45f020b8f296d7a85d9a97c\"},\"description\":\"Polecam ka\u017cdemu pojechanie na wymian\u0119 zagraniczn\u0105 i zamieszkanie z rodzin\u0105 goszcz\u0105c\u0105.\",\"breadcrumb\":{\"@id\":\"https:\/\/www.sts-education.com\/pl\/szkola-srednia\/uczniowie-na-wymianie\/historie-uczniow\/franziska-uczeszczala-do-szkoly-sredniej-w-holandii\/#breadcrumb\"},\"inLanguage\":\"pl-PL\",\"potentialAction\":[{\"@type\":\"ReadAction\",\"target\":[\"https:\/\/www.sts-education.com\/pl\/szkola-srednia\/uczniowie-na-wymianie\/historie-uczniow\/franziska-uczeszczala-do-szkoly-sredniej-w-holandii\/\"]}]},{\"@type\":\"ImageObject\",\"inLanguage\":\"pl-PL\",\"@id\":\"https:\/\/www.sts-education.com\/pl\/szkola-srednia\/uczniowie-na-wymianie\/historie-uczniow\/franziska-uczeszczala-do-szkoly-sredniej-w-holandii\/#primaryimage\",\"url\":\"https:\/\/powered-by.qbank.se\/educatius\/sts\/\/004cbc35eed8995456a63ec720fe63c7_1-1-thumb.webp\",\"contentUrl\":\"https:\/\/powered-by.qbank.se\/educatius\/sts\/\/004cbc35eed8995456a63ec720fe63c7_1-1-thumb.webp\",\"width\":150,\"height\":150},{\"@type\":\"BreadcrumbList\",\"@id\":\"https:\/\/www.sts-education.com\/pl\/szkola-srednia\/uczniowie-na-wymianie\/historie-uczniow\/franziska-uczeszczala-do-szkoly-sredniej-w-holandii\/#breadcrumb\",\"itemListElement\":[{\"@type\":\"ListItem\",\"position\":1,\"name\":\"Home\",\"item\":\"https:\/\/www.sts-education.com\/pl\/\"},{\"@type\":\"ListItem\",\"position\":2,\"name\":\"Franziska Uczeszczala Do Szkoly Sredniej W Holandii\"}]},{\"@type\":\"WebSite\",\"@id\":\"https:\/\/www.sts-education.com\/pl\/#website\",\"url\":\"https:\/\/www.sts-education.com\/pl\/\",\"name\":\"STS Education\",\"description\":\"\",\"potentialAction\":[{\"@type\":\"SearchAction\",\"target\":{\"@type\":\"EntryPoint\",\"urlTemplate\":\"https:\/\/www.sts-education.com\/pl\/?s={search_term_string}\"},\"query-input\":{\"@type\":\"PropertyValueSpecification\",\"valueRequired\":true,\"valueName\":\"search_term_string\"}}],\"inLanguage\":\"pl-PL\"},{\"@type\":\"Person\",\"@id\":\"https:\/\/www.sts-education.com\/pl\/#\/schema\/person\/8b82f3a2e45f020b8f296d7a85d9a97c\",\"name\":\"syncreadwrite\",\"image\":{\"@type\":\"ImageObject\",\"inLanguage\":\"pl-PL\",\"@id\":\"https:\/\/secure.gravatar.com\/avatar\/6ed1007e4f6f43f22e3df41d9fce4365533cba47fef64bb359b8e629abbc2ea6?s=96&d=mm&r=g\",\"url\":\"https:\/\/secure.gravatar.com\/avatar\/6ed1007e4f6f43f22e3df41d9fce4365533cba47fef64bb359b8e629abbc2ea6?s=96&d=mm&r=g\",\"contentUrl\":\"https:\/\/secure.gravatar.com\/avatar\/6ed1007e4f6f43f22e3df41d9fce4365533cba47fef64bb359b8e629abbc2ea6?s=96&d=mm&r=g\",\"caption\":\"syncreadwrite\"},\"url\":\"https:\/\/www.sts-education.com\/pl\/author\/syncreadwrite\/\"}]}<\/script>\n<!-- \/ Yoast SEO Premium plugin. -->","yoast_head_json":{"title":"Franziska ucz\u0119szcza\u0142a do szko\u0142y \u015bredniej w Holandii","description":"Polecam ka\u017cdemu pojechanie na wymian\u0119 zagraniczn\u0105 i zamieszkanie z rodzin\u0105 goszcz\u0105c\u0105.","robots":{"index":"index","follow":"follow","max-snippet":"max-snippet:-1","max-image-preview":"max-image-preview:large","max-video-preview":"max-video-preview:-1"},"canonical":"https:\/\/www.sts-education.com\/pl\/szkola-srednia\/uczniowie-na-wymianie\/historie-uczniow\/franziska-uczeszczala-do-szkoly-sredniej-w-holandii\/","og_locale":"pl_PL","og_type":"article","og_title":"Franziska Uczeszczala Do Szkoly Sredniej W Holandii","og_description":"Polecam ka\u017cdemu pojechanie na wymian\u0119 zagraniczn\u0105 i zamieszkanie z rodzin\u0105 goszcz\u0105c\u0105.","og_url":"https:\/\/www.sts-education.com\/pl\/szkola-srednia\/uczniowie-na-wymianie\/historie-uczniow\/franziska-uczeszczala-do-szkoly-sredniej-w-holandii\/","og_site_name":"STS Education","article_published_time":"2024-10-01T14:00:00+00:00","article_modified_time":"2026-04-14T10:22:54+00:00","og_image":[{"width":150,"height":150,"url":"https:\/\/powered-by.qbank.se\/educatius\/sts\/\/004cbc35eed8995456a63ec720fe63c7_1-1-thumb.webp","type":"image\/jpeg"}],"author":"syncreadwrite","twitter_card":"summary_large_image","twitter_misc":{"Napisane przez":"syncreadwrite","Szacowany czas czytania":"2 minuty"},"schema":{"@context":"https:\/\/schema.org","@graph":[{"@type":"Article","@id":"https:\/\/www.sts-education.com\/pl\/szkola-srednia\/uczniowie-na-wymianie\/historie-uczniow\/franziska-uczeszczala-do-szkoly-sredniej-w-holandii\/#article","isPartOf":{"@id":"https:\/\/www.sts-education.com\/pl\/szkola-srednia\/uczniowie-na-wymianie\/historie-uczniow\/franziska-uczeszczala-do-szkoly-sredniej-w-holandii\/"},"author":{"name":"syncreadwrite","@id":"https:\/\/www.sts-education.com\/pl\/#\/schema\/person\/8b82f3a2e45f020b8f296d7a85d9a97c"},"headline":"Franziska Uczeszczala Do Szkoly Sredniej W Holandii","datePublished":"2024-10-01T14:00:00+00:00","dateModified":"2026-04-14T10:22:54+00:00","mainEntityOfPage":{"@id":"https:\/\/www.sts-education.com\/pl\/szkola-srednia\/uczniowie-na-wymianie\/historie-uczniow\/franziska-uczeszczala-do-szkoly-sredniej-w-holandii\/"},"wordCount":307,"commentCount":0,"image":{"@id":"https:\/\/www.sts-education.com\/pl\/szkola-srednia\/uczniowie-na-wymianie\/historie-uczniow\/franziska-uczeszczala-do-szkoly-sredniej-w-holandii\/#primaryimage"},"thumbnailUrl":"https:\/\/powered-by.qbank.se\/educatius\/sts\/\/004cbc35eed8995456a63ec720fe63c7_1-1-thumb.webp","keywords":["Holandia"],"inLanguage":"pl-PL","potentialAction":[{"@type":"CommentAction","name":"Comment","target":["https:\/\/www.sts-education.com\/pl\/szkola-srednia\/uczniowie-na-wymianie\/historie-uczniow\/franziska-uczeszczala-do-szkoly-sredniej-w-holandii\/#respond"]}]},{"@type":"WebPage","@id":"https:\/\/www.sts-education.com\/pl\/szkola-srednia\/uczniowie-na-wymianie\/historie-uczniow\/franziska-uczeszczala-do-szkoly-sredniej-w-holandii\/","url":"https:\/\/www.sts-education.com\/pl\/szkola-srednia\/uczniowie-na-wymianie\/historie-uczniow\/franziska-uczeszczala-do-szkoly-sredniej-w-holandii\/","name":"Franziska ucz\u0119szcza\u0142a do szko\u0142y \u015bredniej w Holandii","isPartOf":{"@id":"https:\/\/www.sts-education.com\/pl\/#website"},"primaryImageOfPage":{"@id":"https:\/\/www.sts-education.com\/pl\/szkola-srednia\/uczniowie-na-wymianie\/historie-uczniow\/franziska-uczeszczala-do-szkoly-sredniej-w-holandii\/#primaryimage"},"image":{"@id":"https:\/\/www.sts-education.com\/pl\/szkola-srednia\/uczniowie-na-wymianie\/historie-uczniow\/franziska-uczeszczala-do-szkoly-sredniej-w-holandii\/#primaryimage"},"thumbnailUrl":"https:\/\/powered-by.qbank.se\/educatius\/sts\/\/004cbc35eed8995456a63ec720fe63c7_1-1-thumb.webp","datePublished":"2024-10-01T14:00:00+00:00","dateModified":"2026-04-14T10:22:54+00:00","author":{"@id":"https:\/\/www.sts-education.com\/pl\/#\/schema\/person\/8b82f3a2e45f020b8f296d7a85d9a97c"},"description":"Polecam ka\u017cdemu pojechanie na wymian\u0119 zagraniczn\u0105 i zamieszkanie z rodzin\u0105 goszcz\u0105c\u0105.","breadcrumb":{"@id":"https:\/\/www.sts-education.com\/pl\/szkola-srednia\/uczniowie-na-wymianie\/historie-uczniow\/franziska-uczeszczala-do-szkoly-sredniej-w-holandii\/#breadcrumb"},"inLanguage":"pl-PL","potentialAction":[{"@type":"ReadAction","target":["https:\/\/www.sts-education.com\/pl\/szkola-srednia\/uczniowie-na-wymianie\/historie-uczniow\/franziska-uczeszczala-do-szkoly-sredniej-w-holandii\/"]}]},{"@type":"ImageObject","inLanguage":"pl-PL","@id":"https:\/\/www.sts-education.com\/pl\/szkola-srednia\/uczniowie-na-wymianie\/historie-uczniow\/franziska-uczeszczala-do-szkoly-sredniej-w-holandii\/#primaryimage","url":"https:\/\/powered-by.qbank.se\/educatius\/sts\/\/004cbc35eed8995456a63ec720fe63c7_1-1-thumb.webp","contentUrl":"https:\/\/powered-by.qbank.se\/educatius\/sts\/\/004cbc35eed8995456a63ec720fe63c7_1-1-thumb.webp","width":150,"height":150},{"@type":"BreadcrumbList","@id":"https:\/\/www.sts-education.com\/pl\/szkola-srednia\/uczniowie-na-wymianie\/historie-uczniow\/franziska-uczeszczala-do-szkoly-sredniej-w-holandii\/#breadcrumb","itemListElement":[{"@type":"ListItem","position":1,"name":"Home","item":"https:\/\/www.sts-education.com\/pl\/"},{"@type":"ListItem","position":2,"name":"Franziska Uczeszczala Do Szkoly Sredniej W Holandii"}]},{"@type":"WebSite","@id":"https:\/\/www.sts-education.com\/pl\/#website","url":"https:\/\/www.sts-education.com\/pl\/","name":"STS Education","description":"","potentialAction":[{"@type":"SearchAction","target":{"@type":"EntryPoint","urlTemplate":"https:\/\/www.sts-education.com\/pl\/?s={search_term_string}"},"query-input":{"@type":"PropertyValueSpecification","valueRequired":true,"valueName":"search_term_string"}}],"inLanguage":"pl-PL"},{"@type":"Person","@id":"https:\/\/www.sts-education.com\/pl\/#\/schema\/person\/8b82f3a2e45f020b8f296d7a85d9a97c","name":"syncreadwrite","image":{"@type":"ImageObject","inLanguage":"pl-PL","@id":"https:\/\/secure.gravatar.com\/avatar\/6ed1007e4f6f43f22e3df41d9fce4365533cba47fef64bb359b8e629abbc2ea6?s=96&d=mm&r=g","url":"https:\/\/secure.gravatar.com\/avatar\/6ed1007e4f6f43f22e3df41d9fce4365533cba47fef64bb359b8e629abbc2ea6?s=96&d=mm&r=g","contentUrl":"https:\/\/secure.gravatar.com\/avatar\/6ed1007e4f6f43f22e3df41d9fce4365533cba47fef64bb359b8e629abbc2ea6?s=96&d=mm&r=g","caption":"syncreadwrite"},"url":"https:\/\/www.sts-education.com\/pl\/author\/syncreadwrite\/"}]}},"_links":{"self":[{"href":"https:\/\/www.sts-education.com\/pl\/wp-json\/wp\/v2\/posts\/11096","targetHints":{"allow":["GET"]}}],"collection":[{"href":"https:\/\/www.sts-education.com\/pl\/wp-json\/wp\/v2\/posts"}],"about":[{"href":"https:\/\/www.sts-education.com\/pl\/wp-json\/wp\/v2\/types\/post"}],"author":[{"embeddable":true,"href":"https:\/\/www.sts-education.com\/pl\/wp-json\/wp\/v2\/users\/20"}],"replies":[{"embeddable":true,"href":"https:\/\/www.sts-education.com\/pl\/wp-json\/wp\/v2\/comments?post=11096"}],"version-history":[{"count":4,"href":"https:\/\/www.sts-education.com\/pl\/wp-json\/wp\/v2\/posts\/11096\/revisions"}],"predecessor-version":[{"id":34401,"href":"https:\/\/www.sts-education.com\/pl\/wp-json\/wp\/v2\/posts\/11096\/revisions\/34401"}],"wp:featuredmedia":[{"embeddable":true,"href":"https:\/\/www.sts-education.com\/pl\/wp-json\/wp\/v2\/media\/14388"}],"wp:attachment":[{"href":"https:\/\/www.sts-education.com\/pl\/wp-json\/wp\/v2\/media?parent=11096"}],"wp:term":[{"taxonomy":"category","embeddable":true,"href":"https:\/\/www.sts-education.com\/pl\/wp-json\/wp\/v2\/categories?post=11096"},{"taxonomy":"post_tag","embeddable":true,"href":"https:\/\/www.sts-education.com\/pl\/wp-json\/wp\/v2\/tags?post=11096"},{"taxonomy":"wpw_post_folders","embeddable":true,"href":"https:\/\/www.sts-education.com\/pl\/wp-json\/wp\/v2\/wpw_post_folders?post=11096"}],"curies":[{"name":"wp","href":"https:\/\/api.w.org\/{rel}","templated":true}]}}