{"id":11099,"date":"2024-09-16T15:00:00","date_gmt":"2024-09-16T15:00:00","guid":{"rendered":"https:\/\/preprod.sts-education.com\/blog\/2026\/03\/05\/celina-pojechala-na-wymiane-do-niemiec\/"},"modified":"2026-04-14T10:22:57","modified_gmt":"2026-04-14T10:22:57","slug":"celina-pojechala-na-wymiane-do-niemiec","status":"publish","type":"post","link":"https:\/\/www.sts-education.com\/pl\/szkola-srednia\/uczniowie-na-wymianie\/historie-uczniow\/celina-pojechala-na-wymiane-do-niemiec\/","title":{"rendered":"Celina Pojechala Na Wymiane Do Niemiec"},"content":{"rendered":"\n<div class=\"wp-block-sts-text sts-text-editor has-max-width-md\"><div class=\"sts-text-editor__content\"><div class=\"sts-text-editor__content-inner\">\n<h1 style=\"text-align:center\">Celina pojecha\u0142a na wymian\u0119 do Niemiec<\/h1>\n<\/div><\/div><\/div>\n\n\n\n<figure class=\"wp-block-sts-image sts-block-image sts-block-image--count-1 has-max-width-md\" data-count=\"1\"><div class=\"sts-block-image__grid\"><div class=\"sts-block-image__item\"><picture class=\"sts-responsive-image has-fit-cover has-pos-top is-skeleton\"><img src=\"https:\/\/cdn.sts-education.com\/13178_hero_md.jpg\" alt=\"Celina pojecha\u0142a na wymian\u0119 do Niemiec\" loading=\"lazy\" decoding=\"async\" fetchpriority=\"low\" sizes=\"(max-width: 736px) 100vw, 736px\"\/><\/picture><\/div><\/div><\/figure>\n\n\n\n<div class=\"wp-block-sts-text sts-text-editor has-max-width-md\"><div class=\"sts-text-editor__content\"><div class=\"sts-text-editor__content-inner\">\n<p><em>Celina z Brazylii sp\u0119dzi\u0142a rok szkolny w Niemczech.<\/em><\/p>\n<\/div><\/div><\/div>\n\n\n\n<div class=\"wp-block-sts-text sts-text-editor has-max-width-md\"><div class=\"sts-text-editor__content\"><div class=\"sts-text-editor__content-inner\">\n<p>By\u0142am na wymianie w Niemczech przez dziesi\u0119\u0107 miesi\u0119cy. Wybra\u0142em Niemcy, poniewa\u017c tamtejsza kultura jest zupe\u0142nie inna od brazylijskiej.<\/p>\n<h2>Szko\u0142a i przyjaciele<\/h2>\n<p>Moja niemiecka szko\u0142a by\u0142a bardzo przyjazna i go\u015bcinna. Nawi\u0105zywanie nowych znajomo\u015bci w Niemczech by\u0142o stosunkowo \u0142atwe, chocia\u017c na pocz\u0105tku wszyscy byli nieco pow\u015bci\u0105gliwi. Ale z czasem zacz\u0119li\u015bmy si\u0119 super dogadywa\u0107.<\/p>\n<h2>Moja rodzina goszcz\u0105ca<\/h2>\n<p>Moja rodzina goszcz\u0105ca i ja dogadywali\u015bmy si\u0119 \u015bwietnie, przyjechali nawet w tym roku do Brazylii. Sprawili, \u017ce poczu\u0142am si\u0119 cz\u0119\u015bci\u0105 rodziny. Moi rodzice goszcz\u0105cy s\u0105 bardzo cierpliwi, a poniewa\u017c mia\u0142am dw\u00f3ch braci goszcz\u0105cych, kt\u00f3rzy r\u00f3wnie\u017c wyjechali na roczn\u0105 wymian\u0119, \u015bwietnie si\u0119 dogadywali\u015bmy i szybko si\u0119 zaprzyja\u017anili\u015bmy.<\/p>\n<h2>Wnioski<\/h2>\n<p>Najwa\u017cniejsz\u0105 lekcj\u0105, jak\u0105 wynios\u0142am z czasu sp\u0119dzonego za granic\u0105 jako Brazylijka, to punktualno\u015b\u0107 i \u015bwietna organizacja czasu. R\u00f3\u017cnica mi\u0119dzy Brazyli\u0105 a Niemcami, z kt\u00f3r\u0105 mia\u0142am najwi\u0119kszy problem, to pogoda. Przygotowa\u0142am si\u0119 psychicznie na zimno, ale wiatr by\u0142 okrutny!<\/p>\n<h2>Wszystkie moje oczekiwania zosta\u0142y przewy\u017cszone<\/h2>\n<p>Mia\u0142am spore oczekiwania co do mojego pobytu i wszystkie zosta\u0142y przewy\u017cszone. Czu\u0142am, \u017ce zesp\u00f3\u0142 STS naprawd\u0119 si\u0119 o mnie troszczy i robi wszystko, co w jego mocy, \u017ceby m\u00f3j rok na wymianie by\u0142 niesamowity!<\/p>\n<p>Og\u00f3lnie rzecz bior\u0105c, m\u00f3j rok by\u0142 wspania\u0142y i pozna\u0142am przyjaci\u00f3\u0142 z ca\u0142ego \u015bwiata. Pozosta\u0142o mi te\u017c mn\u00f3stwo wspania\u0142ych wspomnie\u0144. Najbardziej w pami\u0119ci utkwi\u0142o mi moje pierwsze malowanie pisanek. Nie wysz\u0142y zbyt \u0142adnie, ale \u015bwietnie si\u0119 bawi\u0142am.<\/p>\n<h2>Rady<\/h2>\n<p>Wyjazd za granic\u0119 poleci\u0142abym ka\u017cdemu \u2013 to zmienia spojrzenie na \u015bwiat i mo\u017ce otworzy\u0107 wiele drzwi w przysz\u0142o\u015bci. Rada dla tych, kt\u00f3rzy si\u0119 wybieraj\u0105: pr\u00f3bujcie wszystkiego po trochu i nie b\u00f3jcie si\u0119 jecha\u0107. Zanurz si\u0119 w nowej kulturze, a uwierz mi, zdob\u0119dziesz wiele cennych do\u015bwiadcze\u0144!<\/p>\n<h2>Dowiedz si\u0119 wi\u0119cej<\/h2>\n<ul><li>Przeczytaj wi\u0119cej <a href=\"https:\/\/www.sts-education.com\/pl\/szkola-srednia\/uczniowie-na-wymianie\/historie-uczniow\/?hashtag=Niemcy\">historii uczni\u00f3w z Niemiec<\/a><\/li>\n<li>Przeczytaj wi\u0119cej o <a href=\"https:\/\/www.sts-education.com\/pl\/szkola-srednia\/kierunki-wyjazdowe\/europa\/niemcy\/\">wymianie licealnej w Niemczech<\/a><\/li>\n<li>Zobacz <a href=\"\/pl\/high-school\/tripfinder\/\">wszystkie miejsca docelowe naszych wymian licealnych<\/a><\/li><\/ul>\n<\/div><\/div><\/div>\n","protected":false},"excerpt":{"rendered":"","protected":false},"author":20,"featured_media":14394,"comment_status":"open","ping_status":"open","sticky":false,"template":"","format":"standard","meta":{"_acf_changed":false,"_yoast_wpseo_title":"Celina pojecha\u0142a na wymian\u0119 do Niemiec","_yoast_wpseo_metadesc":"Moja niemiecka szko\u0142a by\u0142a bardzo przyjazna i go\u015bcinna. Nawi\u0105zywanie nowych znajomo\u015bci w Niemczech by\u0142o stosunkowo \u0142atwe, chocia\u017c na pocz\u0105tku wszyscy byli nieco pow\u015bci\u0105gliwi. Ale z czasem zacz\u0119li\u015bmy si\u0119 super dogadywa\u0107.","footnotes":""},"categories":[265],"tags":[1020],"wpw_post_folders":[],"class_list":["post-11099","post","type-post","status-publish","format-standard","has-post-thumbnail","hentry","category-bez-kategorii","tag-niemcy"],"acf":[],"yoast_head":"<!-- This site is optimized with the Yoast SEO Premium plugin v27.2 (Yoast SEO v27.2) - https:\/\/yoast.com\/product\/yoast-seo-premium-wordpress\/ -->\n<title>Celina pojecha\u0142a na wymian\u0119 do Niemiec<\/title>\n<meta name=\"description\" content=\"Moja niemiecka szko\u0142a by\u0142a bardzo przyjazna i go\u015bcinna. Nawi\u0105zywanie nowych znajomo\u015bci w Niemczech by\u0142o stosunkowo \u0142atwe, chocia\u017c na pocz\u0105tku wszyscy byli nieco pow\u015bci\u0105gliwi. Ale z czasem zacz\u0119li\u015bmy si\u0119 super dogadywa\u0107.\" \/>\n<meta name=\"robots\" content=\"index, follow, max-snippet:-1, max-image-preview:large, max-video-preview:-1\" \/>\n<link rel=\"canonical\" href=\"https:\/\/www.sts-education.com\/pl\/szkola-srednia\/uczniowie-na-wymianie\/historie-uczniow\/celina-pojechala-na-wymiane-do-niemiec\/\" \/>\n<meta property=\"og:locale\" content=\"pl_PL\" \/>\n<meta property=\"og:type\" content=\"article\" \/>\n<meta property=\"og:title\" content=\"Celina Pojechala Na Wymiane Do Niemiec\" \/>\n<meta property=\"og:description\" content=\"Moja niemiecka szko\u0142a by\u0142a bardzo przyjazna i go\u015bcinna. Nawi\u0105zywanie nowych znajomo\u015bci w Niemczech by\u0142o stosunkowo \u0142atwe, chocia\u017c na pocz\u0105tku wszyscy byli nieco pow\u015bci\u0105gliwi. Ale z czasem zacz\u0119li\u015bmy si\u0119 super dogadywa\u0107.\" \/>\n<meta property=\"og:url\" content=\"https:\/\/www.sts-education.com\/pl\/szkola-srednia\/uczniowie-na-wymianie\/historie-uczniow\/celina-pojechala-na-wymiane-do-niemiec\/\" \/>\n<meta property=\"og:site_name\" content=\"STS Education\" \/>\n<meta property=\"article:published_time\" content=\"2024-09-16T15:00:00+00:00\" \/>\n<meta property=\"article:modified_time\" content=\"2026-04-14T10:22:57+00:00\" \/>\n<meta property=\"og:image\" content=\"https:\/\/powered-by.qbank.se\/educatius\/sts\/\/28bde6c83b6239dbd65137fe015fbf21_1-1-thumb.webp\" \/>\n\t<meta property=\"og:image:width\" content=\"150\" \/>\n\t<meta property=\"og:image:height\" content=\"150\" \/>\n\t<meta property=\"og:image:type\" content=\"image\/jpeg\" \/>\n<meta name=\"author\" content=\"syncreadwrite\" \/>\n<meta name=\"twitter:card\" content=\"summary_large_image\" \/>\n<meta name=\"twitter:label1\" content=\"Napisane przez\" \/>\n\t<meta name=\"twitter:data1\" content=\"syncreadwrite\" \/>\n\t<meta name=\"twitter:label2\" content=\"Szacowany czas czytania\" \/>\n\t<meta name=\"twitter:data2\" content=\"2 minuty\" \/>\n<script type=\"application\/ld+json\" class=\"yoast-schema-graph\">{\"@context\":\"https:\/\/schema.org\",\"@graph\":[{\"@type\":\"Article\",\"@id\":\"https:\/\/www.sts-education.com\/pl\/szkola-srednia\/uczniowie-na-wymianie\/historie-uczniow\/celina-pojechala-na-wymiane-do-niemiec\/#article\",\"isPartOf\":{\"@id\":\"https:\/\/www.sts-education.com\/pl\/szkola-srednia\/uczniowie-na-wymianie\/historie-uczniow\/celina-pojechala-na-wymiane-do-niemiec\/\"},\"author\":{\"name\":\"syncreadwrite\",\"@id\":\"https:\/\/www.sts-education.com\/pl\/#\/schema\/person\/8b82f3a2e45f020b8f296d7a85d9a97c\"},\"headline\":\"Celina Pojechala Na Wymiane Do Niemiec\",\"datePublished\":\"2024-09-16T15:00:00+00:00\",\"dateModified\":\"2026-04-14T10:22:57+00:00\",\"mainEntityOfPage\":{\"@id\":\"https:\/\/www.sts-education.com\/pl\/szkola-srednia\/uczniowie-na-wymianie\/historie-uczniow\/celina-pojechala-na-wymiane-do-niemiec\/\"},\"wordCount\":378,\"commentCount\":0,\"image\":{\"@id\":\"https:\/\/www.sts-education.com\/pl\/szkola-srednia\/uczniowie-na-wymianie\/historie-uczniow\/celina-pojechala-na-wymiane-do-niemiec\/#primaryimage\"},\"thumbnailUrl\":\"https:\/\/powered-by.qbank.se\/educatius\/sts\/\/28bde6c83b6239dbd65137fe015fbf21_1-1-thumb.webp\",\"keywords\":[\"Niemcy\"],\"inLanguage\":\"pl-PL\",\"potentialAction\":[{\"@type\":\"CommentAction\",\"name\":\"Comment\",\"target\":[\"https:\/\/www.sts-education.com\/pl\/szkola-srednia\/uczniowie-na-wymianie\/historie-uczniow\/celina-pojechala-na-wymiane-do-niemiec\/#respond\"]}]},{\"@type\":\"WebPage\",\"@id\":\"https:\/\/www.sts-education.com\/pl\/szkola-srednia\/uczniowie-na-wymianie\/historie-uczniow\/celina-pojechala-na-wymiane-do-niemiec\/\",\"url\":\"https:\/\/www.sts-education.com\/pl\/szkola-srednia\/uczniowie-na-wymianie\/historie-uczniow\/celina-pojechala-na-wymiane-do-niemiec\/\",\"name\":\"Celina pojecha\u0142a na wymian\u0119 do Niemiec\",\"isPartOf\":{\"@id\":\"https:\/\/www.sts-education.com\/pl\/#website\"},\"primaryImageOfPage\":{\"@id\":\"https:\/\/www.sts-education.com\/pl\/szkola-srednia\/uczniowie-na-wymianie\/historie-uczniow\/celina-pojechala-na-wymiane-do-niemiec\/#primaryimage\"},\"image\":{\"@id\":\"https:\/\/www.sts-education.com\/pl\/szkola-srednia\/uczniowie-na-wymianie\/historie-uczniow\/celina-pojechala-na-wymiane-do-niemiec\/#primaryimage\"},\"thumbnailUrl\":\"https:\/\/powered-by.qbank.se\/educatius\/sts\/\/28bde6c83b6239dbd65137fe015fbf21_1-1-thumb.webp\",\"datePublished\":\"2024-09-16T15:00:00+00:00\",\"dateModified\":\"2026-04-14T10:22:57+00:00\",\"author\":{\"@id\":\"https:\/\/www.sts-education.com\/pl\/#\/schema\/person\/8b82f3a2e45f020b8f296d7a85d9a97c\"},\"description\":\"Moja niemiecka szko\u0142a by\u0142a bardzo przyjazna i go\u015bcinna. Nawi\u0105zywanie nowych znajomo\u015bci w Niemczech by\u0142o stosunkowo \u0142atwe, chocia\u017c na pocz\u0105tku wszyscy byli nieco pow\u015bci\u0105gliwi. Ale z czasem zacz\u0119li\u015bmy si\u0119 super dogadywa\u0107.\",\"breadcrumb\":{\"@id\":\"https:\/\/www.sts-education.com\/pl\/szkola-srednia\/uczniowie-na-wymianie\/historie-uczniow\/celina-pojechala-na-wymiane-do-niemiec\/#breadcrumb\"},\"inLanguage\":\"pl-PL\",\"potentialAction\":[{\"@type\":\"ReadAction\",\"target\":[\"https:\/\/www.sts-education.com\/pl\/szkola-srednia\/uczniowie-na-wymianie\/historie-uczniow\/celina-pojechala-na-wymiane-do-niemiec\/\"]}]},{\"@type\":\"ImageObject\",\"inLanguage\":\"pl-PL\",\"@id\":\"https:\/\/www.sts-education.com\/pl\/szkola-srednia\/uczniowie-na-wymianie\/historie-uczniow\/celina-pojechala-na-wymiane-do-niemiec\/#primaryimage\",\"url\":\"https:\/\/powered-by.qbank.se\/educatius\/sts\/\/28bde6c83b6239dbd65137fe015fbf21_1-1-thumb.webp\",\"contentUrl\":\"https:\/\/powered-by.qbank.se\/educatius\/sts\/\/28bde6c83b6239dbd65137fe015fbf21_1-1-thumb.webp\",\"width\":150,\"height\":150},{\"@type\":\"BreadcrumbList\",\"@id\":\"https:\/\/www.sts-education.com\/pl\/szkola-srednia\/uczniowie-na-wymianie\/historie-uczniow\/celina-pojechala-na-wymiane-do-niemiec\/#breadcrumb\",\"itemListElement\":[{\"@type\":\"ListItem\",\"position\":1,\"name\":\"Home\",\"item\":\"https:\/\/www.sts-education.com\/pl\/\"},{\"@type\":\"ListItem\",\"position\":2,\"name\":\"Celina Pojechala Na Wymiane Do Niemiec\"}]},{\"@type\":\"WebSite\",\"@id\":\"https:\/\/www.sts-education.com\/pl\/#website\",\"url\":\"https:\/\/www.sts-education.com\/pl\/\",\"name\":\"STS Education\",\"description\":\"\",\"potentialAction\":[{\"@type\":\"SearchAction\",\"target\":{\"@type\":\"EntryPoint\",\"urlTemplate\":\"https:\/\/www.sts-education.com\/pl\/?s={search_term_string}\"},\"query-input\":{\"@type\":\"PropertyValueSpecification\",\"valueRequired\":true,\"valueName\":\"search_term_string\"}}],\"inLanguage\":\"pl-PL\"},{\"@type\":\"Person\",\"@id\":\"https:\/\/www.sts-education.com\/pl\/#\/schema\/person\/8b82f3a2e45f020b8f296d7a85d9a97c\",\"name\":\"syncreadwrite\",\"image\":{\"@type\":\"ImageObject\",\"inLanguage\":\"pl-PL\",\"@id\":\"https:\/\/secure.gravatar.com\/avatar\/6ed1007e4f6f43f22e3df41d9fce4365533cba47fef64bb359b8e629abbc2ea6?s=96&d=mm&r=g\",\"url\":\"https:\/\/secure.gravatar.com\/avatar\/6ed1007e4f6f43f22e3df41d9fce4365533cba47fef64bb359b8e629abbc2ea6?s=96&d=mm&r=g\",\"contentUrl\":\"https:\/\/secure.gravatar.com\/avatar\/6ed1007e4f6f43f22e3df41d9fce4365533cba47fef64bb359b8e629abbc2ea6?s=96&d=mm&r=g\",\"caption\":\"syncreadwrite\"},\"url\":\"https:\/\/www.sts-education.com\/pl\/author\/syncreadwrite\/\"}]}<\/script>\n<!-- \/ Yoast SEO Premium plugin. -->","yoast_head_json":{"title":"Celina pojecha\u0142a na wymian\u0119 do Niemiec","description":"Moja niemiecka szko\u0142a by\u0142a bardzo przyjazna i go\u015bcinna. Nawi\u0105zywanie nowych znajomo\u015bci w Niemczech by\u0142o stosunkowo \u0142atwe, chocia\u017c na pocz\u0105tku wszyscy byli nieco pow\u015bci\u0105gliwi. Ale z czasem zacz\u0119li\u015bmy si\u0119 super dogadywa\u0107.","robots":{"index":"index","follow":"follow","max-snippet":"max-snippet:-1","max-image-preview":"max-image-preview:large","max-video-preview":"max-video-preview:-1"},"canonical":"https:\/\/www.sts-education.com\/pl\/szkola-srednia\/uczniowie-na-wymianie\/historie-uczniow\/celina-pojechala-na-wymiane-do-niemiec\/","og_locale":"pl_PL","og_type":"article","og_title":"Celina Pojechala Na Wymiane Do Niemiec","og_description":"Moja niemiecka szko\u0142a by\u0142a bardzo przyjazna i go\u015bcinna. Nawi\u0105zywanie nowych znajomo\u015bci w Niemczech by\u0142o stosunkowo \u0142atwe, chocia\u017c na pocz\u0105tku wszyscy byli nieco pow\u015bci\u0105gliwi. Ale z czasem zacz\u0119li\u015bmy si\u0119 super dogadywa\u0107.","og_url":"https:\/\/www.sts-education.com\/pl\/szkola-srednia\/uczniowie-na-wymianie\/historie-uczniow\/celina-pojechala-na-wymiane-do-niemiec\/","og_site_name":"STS Education","article_published_time":"2024-09-16T15:00:00+00:00","article_modified_time":"2026-04-14T10:22:57+00:00","og_image":[{"width":150,"height":150,"url":"https:\/\/powered-by.qbank.se\/educatius\/sts\/\/28bde6c83b6239dbd65137fe015fbf21_1-1-thumb.webp","type":"image\/jpeg"}],"author":"syncreadwrite","twitter_card":"summary_large_image","twitter_misc":{"Napisane przez":"syncreadwrite","Szacowany czas czytania":"2 minuty"},"schema":{"@context":"https:\/\/schema.org","@graph":[{"@type":"Article","@id":"https:\/\/www.sts-education.com\/pl\/szkola-srednia\/uczniowie-na-wymianie\/historie-uczniow\/celina-pojechala-na-wymiane-do-niemiec\/#article","isPartOf":{"@id":"https:\/\/www.sts-education.com\/pl\/szkola-srednia\/uczniowie-na-wymianie\/historie-uczniow\/celina-pojechala-na-wymiane-do-niemiec\/"},"author":{"name":"syncreadwrite","@id":"https:\/\/www.sts-education.com\/pl\/#\/schema\/person\/8b82f3a2e45f020b8f296d7a85d9a97c"},"headline":"Celina Pojechala Na Wymiane Do Niemiec","datePublished":"2024-09-16T15:00:00+00:00","dateModified":"2026-04-14T10:22:57+00:00","mainEntityOfPage":{"@id":"https:\/\/www.sts-education.com\/pl\/szkola-srednia\/uczniowie-na-wymianie\/historie-uczniow\/celina-pojechala-na-wymiane-do-niemiec\/"},"wordCount":378,"commentCount":0,"image":{"@id":"https:\/\/www.sts-education.com\/pl\/szkola-srednia\/uczniowie-na-wymianie\/historie-uczniow\/celina-pojechala-na-wymiane-do-niemiec\/#primaryimage"},"thumbnailUrl":"https:\/\/powered-by.qbank.se\/educatius\/sts\/\/28bde6c83b6239dbd65137fe015fbf21_1-1-thumb.webp","keywords":["Niemcy"],"inLanguage":"pl-PL","potentialAction":[{"@type":"CommentAction","name":"Comment","target":["https:\/\/www.sts-education.com\/pl\/szkola-srednia\/uczniowie-na-wymianie\/historie-uczniow\/celina-pojechala-na-wymiane-do-niemiec\/#respond"]}]},{"@type":"WebPage","@id":"https:\/\/www.sts-education.com\/pl\/szkola-srednia\/uczniowie-na-wymianie\/historie-uczniow\/celina-pojechala-na-wymiane-do-niemiec\/","url":"https:\/\/www.sts-education.com\/pl\/szkola-srednia\/uczniowie-na-wymianie\/historie-uczniow\/celina-pojechala-na-wymiane-do-niemiec\/","name":"Celina pojecha\u0142a na wymian\u0119 do Niemiec","isPartOf":{"@id":"https:\/\/www.sts-education.com\/pl\/#website"},"primaryImageOfPage":{"@id":"https:\/\/www.sts-education.com\/pl\/szkola-srednia\/uczniowie-na-wymianie\/historie-uczniow\/celina-pojechala-na-wymiane-do-niemiec\/#primaryimage"},"image":{"@id":"https:\/\/www.sts-education.com\/pl\/szkola-srednia\/uczniowie-na-wymianie\/historie-uczniow\/celina-pojechala-na-wymiane-do-niemiec\/#primaryimage"},"thumbnailUrl":"https:\/\/powered-by.qbank.se\/educatius\/sts\/\/28bde6c83b6239dbd65137fe015fbf21_1-1-thumb.webp","datePublished":"2024-09-16T15:00:00+00:00","dateModified":"2026-04-14T10:22:57+00:00","author":{"@id":"https:\/\/www.sts-education.com\/pl\/#\/schema\/person\/8b82f3a2e45f020b8f296d7a85d9a97c"},"description":"Moja niemiecka szko\u0142a by\u0142a bardzo przyjazna i go\u015bcinna. Nawi\u0105zywanie nowych znajomo\u015bci w Niemczech by\u0142o stosunkowo \u0142atwe, chocia\u017c na pocz\u0105tku wszyscy byli nieco pow\u015bci\u0105gliwi. Ale z czasem zacz\u0119li\u015bmy si\u0119 super dogadywa\u0107.","breadcrumb":{"@id":"https:\/\/www.sts-education.com\/pl\/szkola-srednia\/uczniowie-na-wymianie\/historie-uczniow\/celina-pojechala-na-wymiane-do-niemiec\/#breadcrumb"},"inLanguage":"pl-PL","potentialAction":[{"@type":"ReadAction","target":["https:\/\/www.sts-education.com\/pl\/szkola-srednia\/uczniowie-na-wymianie\/historie-uczniow\/celina-pojechala-na-wymiane-do-niemiec\/"]}]},{"@type":"ImageObject","inLanguage":"pl-PL","@id":"https:\/\/www.sts-education.com\/pl\/szkola-srednia\/uczniowie-na-wymianie\/historie-uczniow\/celina-pojechala-na-wymiane-do-niemiec\/#primaryimage","url":"https:\/\/powered-by.qbank.se\/educatius\/sts\/\/28bde6c83b6239dbd65137fe015fbf21_1-1-thumb.webp","contentUrl":"https:\/\/powered-by.qbank.se\/educatius\/sts\/\/28bde6c83b6239dbd65137fe015fbf21_1-1-thumb.webp","width":150,"height":150},{"@type":"BreadcrumbList","@id":"https:\/\/www.sts-education.com\/pl\/szkola-srednia\/uczniowie-na-wymianie\/historie-uczniow\/celina-pojechala-na-wymiane-do-niemiec\/#breadcrumb","itemListElement":[{"@type":"ListItem","position":1,"name":"Home","item":"https:\/\/www.sts-education.com\/pl\/"},{"@type":"ListItem","position":2,"name":"Celina Pojechala Na Wymiane Do Niemiec"}]},{"@type":"WebSite","@id":"https:\/\/www.sts-education.com\/pl\/#website","url":"https:\/\/www.sts-education.com\/pl\/","name":"STS Education","description":"","potentialAction":[{"@type":"SearchAction","target":{"@type":"EntryPoint","urlTemplate":"https:\/\/www.sts-education.com\/pl\/?s={search_term_string}"},"query-input":{"@type":"PropertyValueSpecification","valueRequired":true,"valueName":"search_term_string"}}],"inLanguage":"pl-PL"},{"@type":"Person","@id":"https:\/\/www.sts-education.com\/pl\/#\/schema\/person\/8b82f3a2e45f020b8f296d7a85d9a97c","name":"syncreadwrite","image":{"@type":"ImageObject","inLanguage":"pl-PL","@id":"https:\/\/secure.gravatar.com\/avatar\/6ed1007e4f6f43f22e3df41d9fce4365533cba47fef64bb359b8e629abbc2ea6?s=96&d=mm&r=g","url":"https:\/\/secure.gravatar.com\/avatar\/6ed1007e4f6f43f22e3df41d9fce4365533cba47fef64bb359b8e629abbc2ea6?s=96&d=mm&r=g","contentUrl":"https:\/\/secure.gravatar.com\/avatar\/6ed1007e4f6f43f22e3df41d9fce4365533cba47fef64bb359b8e629abbc2ea6?s=96&d=mm&r=g","caption":"syncreadwrite"},"url":"https:\/\/www.sts-education.com\/pl\/author\/syncreadwrite\/"}]}},"_links":{"self":[{"href":"https:\/\/www.sts-education.com\/pl\/wp-json\/wp\/v2\/posts\/11099","targetHints":{"allow":["GET"]}}],"collection":[{"href":"https:\/\/www.sts-education.com\/pl\/wp-json\/wp\/v2\/posts"}],"about":[{"href":"https:\/\/www.sts-education.com\/pl\/wp-json\/wp\/v2\/types\/post"}],"author":[{"embeddable":true,"href":"https:\/\/www.sts-education.com\/pl\/wp-json\/wp\/v2\/users\/20"}],"replies":[{"embeddable":true,"href":"https:\/\/www.sts-education.com\/pl\/wp-json\/wp\/v2\/comments?post=11099"}],"version-history":[{"count":4,"href":"https:\/\/www.sts-education.com\/pl\/wp-json\/wp\/v2\/posts\/11099\/revisions"}],"predecessor-version":[{"id":34403,"href":"https:\/\/www.sts-education.com\/pl\/wp-json\/wp\/v2\/posts\/11099\/revisions\/34403"}],"wp:featuredmedia":[{"embeddable":true,"href":"https:\/\/www.sts-education.com\/pl\/wp-json\/wp\/v2\/media\/14394"}],"wp:attachment":[{"href":"https:\/\/www.sts-education.com\/pl\/wp-json\/wp\/v2\/media?parent=11099"}],"wp:term":[{"taxonomy":"category","embeddable":true,"href":"https:\/\/www.sts-education.com\/pl\/wp-json\/wp\/v2\/categories?post=11099"},{"taxonomy":"post_tag","embeddable":true,"href":"https:\/\/www.sts-education.com\/pl\/wp-json\/wp\/v2\/tags?post=11099"},{"taxonomy":"wpw_post_folders","embeddable":true,"href":"https:\/\/www.sts-education.com\/pl\/wp-json\/wp\/v2\/wpw_post_folders?post=11099"}],"curies":[{"name":"wp","href":"https:\/\/api.w.org\/{rel}","templated":true}]}}