{"id":11100,"date":"2024-09-10T15:00:00","date_gmt":"2024-09-10T13:00:00","guid":{"rendered":"https:\/\/preprod.sts-education.com\/blog\/2026\/03\/05\/elena-byla-na-wymianie-we-wloszech\/"},"modified":"2026-04-29T09:55:58","modified_gmt":"2026-04-29T07:55:58","slug":"elena-byla-na-wymianie-we-wloszech","status":"publish","type":"post","link":"https:\/\/www.sts-education.com\/pl\/szkola-srednia\/uczniowie-na-wymianie\/historie-uczniow\/elena-byla-na-wymianie-we-wloszech\/","title":{"rendered":"Elena Byla Na Wymianie We Wloszech"},"content":{"rendered":"\n<div class=\"wp-block-sts-text sts-text-editor has-max-width-md\"><div class=\"sts-text-editor__content\"><div class=\"sts-text-editor__content-inner\">\n<h1 style=\"text-align:center\">Elena by\u0142a na wymianie we W\u0142oszech<\/h1>\n<\/div><\/div><\/div>\n\n\n\n<figure class=\"wp-block-sts-image sts-block-image sts-block-image--count-1 has-max-width-lg\" data-count=\"1\"><div class=\"sts-block-image__grid\"><div class=\"sts-block-image__item\"><picture class=\"sts-responsive-image has-fit-cover has-pos-top is-skeleton\"><source media=\"(max-width: 834.98px)\" srcset=\"https:\/\/powered-by.qbank.se\/educatius\/sts\/f2be8a092d43c526b10b8ed00c07f614_1-1-thumb.webp 150w, https:\/\/powered-by.qbank.se\/educatius\/sts\/f2be8a092d43c526b10b8ed00c07f614_1-1-xsmall.webp 500w, https:\/\/powered-by.qbank.se\/educatius\/sts\/f2be8a092d43c526b10b8ed00c07f614_1-1-small.webp 800w, https:\/\/powered-by.qbank.se\/educatius\/sts\/f2be8a092d43c526b10b8ed00c07f614_1-1-medium.webp 1024w, https:\/\/powered-by.qbank.se\/educatius\/sts\/f2be8a092d43c526b10b8ed00c07f614_1-1-large.webp 1536w\" sizes=\"(max-width: 768px) 100vw, (max-width: 1200px) 100vw, 1200px\" type=\"image\/webp\"\/><source media=\"(min-width: 835px)\" srcset=\"https:\/\/powered-by.qbank.se\/educatius\/sts\/f2be8a092d43c526b10b8ed00c07f614_16-9-small.webp 800w, https:\/\/powered-by.qbank.se\/educatius\/sts\/f2be8a092d43c526b10b8ed00c07f614_16-9-medium.webp 1024w, https:\/\/powered-by.qbank.se\/educatius\/sts\/f2be8a092d43c526b10b8ed00c07f614_16-9-large.webp 1536w\" sizes=\"(max-width: 768px) 100vw, (max-width: 1200px) 100vw, 1200px\" type=\"image\/webp\"\/><img src=\"https:\/\/powered-by.qbank.se\/educatius\/sts\/f2be8a092d43c526b10b8ed00c07f614_1-1-thumb.webp\" alt=\"Elena by\u0142a na wymianie we W\u0142oszech\" loading=\"lazy\" decoding=\"async\" fetchpriority=\"low\" style=\"object-position:top\"\/><\/picture><\/div><\/div><\/figure>\n\n\n\n<div class=\"wp-block-sts-text sts-text-editor has-max-width-md\"><div class=\"sts-text-editor__content\"><div class=\"sts-text-editor__content-inner\">\n<p><em>Elena z Austrii wyjecha\u0142a na rok do W\u0142och.<\/em><\/p>\n<\/div><\/div><\/div>\n\n\n\n<div class=\"wp-block-sts-text sts-text-editor has-max-width-md\"><div class=\"sts-text-editor__content\"><div class=\"sts-text-editor__content-inner\">\n<p>Ju\u017c w wieku 13 lat bardzo chcia\u0142am wyjecha\u0107 na wymian\u0119.<\/p>\n<p>Z pocz\u0105tku rozwa\u017ca\u0142em oczywist\u0105 opcj\u0119, czyli USA. Jednak po namy\u015ble dosz\u0142am do wniosku, \u017ce chocia\u017c by\u0142oby to z pewno\u015bci\u0105 wspania\u0142e do\u015bwiadczenie, chcia\u0142abym r\u00f3wnie\u017c nauczy\u0107 si\u0119 nowego j\u0119zyka.<\/p>\n<p>Ju\u017c od najm\u0142odszych lat wraz z rodzin\u0105 sp\u0119dza\u0142am wakacje w p\u00f3\u0142nocnych W\u0142oszech. Ale nigdy nie uda\u0142o mi si\u0119 nauczy\u0107 tego j\u0119zyka. Kiedy wi\u0119c nadarzy\u0142a si\u0119 okazja, postanowi\u0142am j\u0105 wykorzysta\u0107 i pojecha\u0107 na rok do W\u0142och.<\/p>\n<h2>Bariera j\u0119zykowa<\/h2>\n<p>Na pocz\u0105tku bariera j\u0119zykowa by\u0142a dla mnie du\u017cym wyzwaniem, zw\u0142aszcza w kontaktach z rodzin\u0105 goszcz\u0105c\u0105. Ale po dw\u00f3ch miesi\u0105cach z dnia na dzie\u0144 by\u0142o coraz \u0142atwiej. To by\u0142o jako\u015b w okresie \u015bwi\u0105t Bo\u017cego Narodzenia, gdy zacz\u0119\u0142am naprawd\u0119 m\u00f3wi\u0107 po w\u0142osku i nawi\u0105zywa\u0107 prawdziwe przyja\u017anie.<\/p>\n<h2>Najwa\u017cniejszy moment<\/h2>\n<p>Wydarzeniem, kt\u00f3re szczeg\u00f3lnie zapad\u0142o mi w pami\u0119\u0107, by\u0142a impreza Model UN, w kt\u00f3rej mia\u0142am okazj\u0119 uczestniczy\u0107. Wtedy, podczas podr\u00f3\u017cy autobusem pozna\u0142em swoich najlepszych przyjaci\u00f3\u0142. Od tamtej pory sp\u0119dza\u0142am z nimi ka\u017cdy sobotni wiecz\u00f3r, co jeszcze bardziej umili\u0142o mi m\u00f3j pobyt za granic\u0105. Po roku odwiedzili mnie w Wiedniu, moim rodzinnym mie\u015bcie w Austrii.<\/p>\n<h2>Po\u017cegnanie<\/h2>\n<p>Rozstanie ze wszystkimi by\u0142o bardzo ci\u0119\u017ckie i codziennie t\u0119skni\u0119 za swoimi nowymi przyjaci\u00f3\u0142mi. Mam nadziej\u0119, \u017ce wkr\u00f3tce b\u0119d\u0119 mog\u0142a ich znowu odwiedzi\u0107.<\/p>\n<h2>Warto!<\/h2>\n<p>Podsumowuj\u0105c, musz\u0119 powiedzie\u0107, \u017ce przeprowadzka za granic\u0119 stanowi nie lada wyzwanie, ale wspomnienia, do\u015bwiadczenia i przyja\u017anie, kt\u00f3re tam znajdziesz, zdecydowanie Ci to wynagrodz\u0105.<\/p>\n<h2>Dowiedz si\u0119 wi\u0119cej<\/h2>\n<ul><li>Przeczytaj wi\u0119cej <a href=\"https:\/\/www.sts-education.com\/pl\/szkola-srednia\/uczniowie-na-wymianie\/historie-uczniow\/?hashtag=W%c5%82ochy\">historii uczni\u00f3w z W\u0142och<\/a><\/li>\n<li>Przeczytaj wi\u0119cej o <a href=\"https:\/\/www.sts-education.com\/pl\/szkola-srednia\/kierunki-wyjazdowe\/europa\/wlochy\/\">wymianie licealnej we W\u0142oszech<\/a><\/li>\n<li>Zobacz <a href=\"\/pl\/high-school\/tripfinder\/\">wszystkie miejsca docelowe naszych wymian licealnych<\/a><\/li><\/ul>\n<\/div><\/div><\/div>\n","protected":false},"excerpt":{"rendered":"","protected":false},"author":20,"featured_media":14396,"comment_status":"open","ping_status":"open","sticky":false,"template":"","format":"standard","meta":{"_acf_changed":false,"_yoast_wpseo_title":"Elena by\u0142a na wymianie we W\u0142oszech","_yoast_wpseo_metadesc":"Z pocz\u0105tku rozwa\u017ca\u0142em oczywist\u0105 opcj\u0119, czyli USA. Jednak po namy\u015ble dosz\u0142am do wniosku, \u017ce chocia\u017c by\u0142oby to z pewno\u015bci\u0105 wspania\u0142e do\u015bwiadczenie, chcia\u0142abym r\u00f3wnie\u017c nauczy\u0107 si\u0119 nowego j\u0119zyka.","footnotes":""},"categories":[265],"tags":[1022],"wpw_post_folders":[],"class_list":["post-11100","post","type-post","status-publish","format-standard","has-post-thumbnail","hentry","category-bez-kategorii","tag-w-ochy"],"acf":[],"yoast_head":"<!-- This site is optimized with the Yoast SEO Premium plugin v27.2 (Yoast SEO v27.2) - https:\/\/yoast.com\/product\/yoast-seo-premium-wordpress\/ -->\n<title>Elena by\u0142a na wymianie we W\u0142oszech<\/title>\n<meta name=\"description\" content=\"Z pocz\u0105tku rozwa\u017ca\u0142em oczywist\u0105 opcj\u0119, czyli USA. Jednak po namy\u015ble dosz\u0142am do wniosku, \u017ce chocia\u017c by\u0142oby to z pewno\u015bci\u0105 wspania\u0142e do\u015bwiadczenie, chcia\u0142abym r\u00f3wnie\u017c nauczy\u0107 si\u0119 nowego j\u0119zyka.\" \/>\n<meta name=\"robots\" content=\"index, follow, max-snippet:-1, max-image-preview:large, max-video-preview:-1\" \/>\n<link rel=\"canonical\" href=\"https:\/\/www.sts-education.com\/pl\/szkola-srednia\/uczniowie-na-wymianie\/historie-uczniow\/elena-byla-na-wymianie-we-wloszech\/\" \/>\n<meta property=\"og:locale\" content=\"pl_PL\" \/>\n<meta property=\"og:type\" content=\"article\" \/>\n<meta property=\"og:title\" content=\"Elena Byla Na Wymianie We Wloszech\" \/>\n<meta property=\"og:description\" content=\"Z pocz\u0105tku rozwa\u017ca\u0142em oczywist\u0105 opcj\u0119, czyli USA. Jednak po namy\u015ble dosz\u0142am do wniosku, \u017ce chocia\u017c by\u0142oby to z pewno\u015bci\u0105 wspania\u0142e do\u015bwiadczenie, chcia\u0142abym r\u00f3wnie\u017c nauczy\u0107 si\u0119 nowego j\u0119zyka.\" \/>\n<meta property=\"og:url\" content=\"https:\/\/www.sts-education.com\/pl\/szkola-srednia\/uczniowie-na-wymianie\/historie-uczniow\/elena-byla-na-wymianie-we-wloszech\/\" \/>\n<meta property=\"og:site_name\" content=\"STS Education\" \/>\n<meta property=\"article:published_time\" content=\"2024-09-10T13:00:00+00:00\" \/>\n<meta property=\"article:modified_time\" content=\"2026-04-29T07:55:58+00:00\" \/>\n<meta property=\"og:image\" content=\"https:\/\/powered-by.qbank.se\/educatius\/sts\/\/f2be8a092d43c526b10b8ed00c07f614_1-1-thumb.webp\" \/>\n\t<meta property=\"og:image:width\" content=\"150\" \/>\n\t<meta property=\"og:image:height\" content=\"150\" \/>\n\t<meta property=\"og:image:type\" content=\"image\/jpeg\" \/>\n<meta name=\"author\" content=\"syncreadwrite\" \/>\n<meta name=\"twitter:card\" content=\"summary_large_image\" \/>\n<meta name=\"twitter:label1\" content=\"Napisane przez\" \/>\n\t<meta name=\"twitter:data1\" content=\"syncreadwrite\" \/>\n\t<meta name=\"twitter:label2\" content=\"Szacowany czas czytania\" \/>\n\t<meta name=\"twitter:data2\" content=\"2 minuty\" \/>\n<script type=\"application\/ld+json\" class=\"yoast-schema-graph\">{\"@context\":\"https:\/\/schema.org\",\"@graph\":[{\"@type\":\"Article\",\"@id\":\"https:\/\/www.sts-education.com\/pl\/szkola-srednia\/uczniowie-na-wymianie\/historie-uczniow\/elena-byla-na-wymianie-we-wloszech\/#article\",\"isPartOf\":{\"@id\":\"https:\/\/www.sts-education.com\/pl\/szkola-srednia\/uczniowie-na-wymianie\/historie-uczniow\/elena-byla-na-wymianie-we-wloszech\/\"},\"author\":{\"name\":\"syncreadwrite\",\"@id\":\"https:\/\/www.sts-education.com\/pl\/#\/schema\/person\/8b82f3a2e45f020b8f296d7a85d9a97c\"},\"headline\":\"Elena Byla Na Wymianie We Wloszech\",\"datePublished\":\"2024-09-10T13:00:00+00:00\",\"dateModified\":\"2026-04-29T07:55:58+00:00\",\"mainEntityOfPage\":{\"@id\":\"https:\/\/www.sts-education.com\/pl\/szkola-srednia\/uczniowie-na-wymianie\/historie-uczniow\/elena-byla-na-wymianie-we-wloszech\/\"},\"wordCount\":342,\"commentCount\":0,\"image\":{\"@id\":\"https:\/\/www.sts-education.com\/pl\/szkola-srednia\/uczniowie-na-wymianie\/historie-uczniow\/elena-byla-na-wymianie-we-wloszech\/#primaryimage\"},\"thumbnailUrl\":\"https:\/\/powered-by.qbank.se\/educatius\/sts\/\/f2be8a092d43c526b10b8ed00c07f614_1-1-thumb.webp\",\"keywords\":[\"W\u0142ochy\"],\"inLanguage\":\"pl-PL\",\"potentialAction\":[{\"@type\":\"CommentAction\",\"name\":\"Comment\",\"target\":[\"https:\/\/www.sts-education.com\/pl\/szkola-srednia\/uczniowie-na-wymianie\/historie-uczniow\/elena-byla-na-wymianie-we-wloszech\/#respond\"]}]},{\"@type\":\"WebPage\",\"@id\":\"https:\/\/www.sts-education.com\/pl\/szkola-srednia\/uczniowie-na-wymianie\/historie-uczniow\/elena-byla-na-wymianie-we-wloszech\/\",\"url\":\"https:\/\/www.sts-education.com\/pl\/szkola-srednia\/uczniowie-na-wymianie\/historie-uczniow\/elena-byla-na-wymianie-we-wloszech\/\",\"name\":\"Elena by\u0142a na wymianie we W\u0142oszech\",\"isPartOf\":{\"@id\":\"https:\/\/www.sts-education.com\/pl\/#website\"},\"primaryImageOfPage\":{\"@id\":\"https:\/\/www.sts-education.com\/pl\/szkola-srednia\/uczniowie-na-wymianie\/historie-uczniow\/elena-byla-na-wymianie-we-wloszech\/#primaryimage\"},\"image\":{\"@id\":\"https:\/\/www.sts-education.com\/pl\/szkola-srednia\/uczniowie-na-wymianie\/historie-uczniow\/elena-byla-na-wymianie-we-wloszech\/#primaryimage\"},\"thumbnailUrl\":\"https:\/\/powered-by.qbank.se\/educatius\/sts\/\/f2be8a092d43c526b10b8ed00c07f614_1-1-thumb.webp\",\"datePublished\":\"2024-09-10T13:00:00+00:00\",\"dateModified\":\"2026-04-29T07:55:58+00:00\",\"author\":{\"@id\":\"https:\/\/www.sts-education.com\/pl\/#\/schema\/person\/8b82f3a2e45f020b8f296d7a85d9a97c\"},\"description\":\"Z pocz\u0105tku rozwa\u017ca\u0142em oczywist\u0105 opcj\u0119, czyli USA. Jednak po namy\u015ble dosz\u0142am do wniosku, \u017ce chocia\u017c by\u0142oby to z pewno\u015bci\u0105 wspania\u0142e do\u015bwiadczenie, chcia\u0142abym r\u00f3wnie\u017c nauczy\u0107 si\u0119 nowego j\u0119zyka.\",\"breadcrumb\":{\"@id\":\"https:\/\/www.sts-education.com\/pl\/szkola-srednia\/uczniowie-na-wymianie\/historie-uczniow\/elena-byla-na-wymianie-we-wloszech\/#breadcrumb\"},\"inLanguage\":\"pl-PL\",\"potentialAction\":[{\"@type\":\"ReadAction\",\"target\":[\"https:\/\/www.sts-education.com\/pl\/szkola-srednia\/uczniowie-na-wymianie\/historie-uczniow\/elena-byla-na-wymianie-we-wloszech\/\"]}]},{\"@type\":\"ImageObject\",\"inLanguage\":\"pl-PL\",\"@id\":\"https:\/\/www.sts-education.com\/pl\/szkola-srednia\/uczniowie-na-wymianie\/historie-uczniow\/elena-byla-na-wymianie-we-wloszech\/#primaryimage\",\"url\":\"https:\/\/powered-by.qbank.se\/educatius\/sts\/\/f2be8a092d43c526b10b8ed00c07f614_1-1-thumb.webp\",\"contentUrl\":\"https:\/\/powered-by.qbank.se\/educatius\/sts\/\/f2be8a092d43c526b10b8ed00c07f614_1-1-thumb.webp\",\"width\":150,\"height\":150},{\"@type\":\"BreadcrumbList\",\"@id\":\"https:\/\/www.sts-education.com\/pl\/szkola-srednia\/uczniowie-na-wymianie\/historie-uczniow\/elena-byla-na-wymianie-we-wloszech\/#breadcrumb\",\"itemListElement\":[{\"@type\":\"ListItem\",\"position\":1,\"name\":\"Home\",\"item\":\"https:\/\/www.sts-education.com\/pl\/\"},{\"@type\":\"ListItem\",\"position\":2,\"name\":\"Elena Byla Na Wymianie We Wloszech\"}]},{\"@type\":\"WebSite\",\"@id\":\"https:\/\/www.sts-education.com\/pl\/#website\",\"url\":\"https:\/\/www.sts-education.com\/pl\/\",\"name\":\"STS Education\",\"description\":\"\",\"potentialAction\":[{\"@type\":\"SearchAction\",\"target\":{\"@type\":\"EntryPoint\",\"urlTemplate\":\"https:\/\/www.sts-education.com\/pl\/?s={search_term_string}\"},\"query-input\":{\"@type\":\"PropertyValueSpecification\",\"valueRequired\":true,\"valueName\":\"search_term_string\"}}],\"inLanguage\":\"pl-PL\"},{\"@type\":\"Person\",\"@id\":\"https:\/\/www.sts-education.com\/pl\/#\/schema\/person\/8b82f3a2e45f020b8f296d7a85d9a97c\",\"name\":\"syncreadwrite\",\"image\":{\"@type\":\"ImageObject\",\"inLanguage\":\"pl-PL\",\"@id\":\"https:\/\/secure.gravatar.com\/avatar\/6ed1007e4f6f43f22e3df41d9fce4365533cba47fef64bb359b8e629abbc2ea6?s=96&d=mm&r=g\",\"url\":\"https:\/\/secure.gravatar.com\/avatar\/6ed1007e4f6f43f22e3df41d9fce4365533cba47fef64bb359b8e629abbc2ea6?s=96&d=mm&r=g\",\"contentUrl\":\"https:\/\/secure.gravatar.com\/avatar\/6ed1007e4f6f43f22e3df41d9fce4365533cba47fef64bb359b8e629abbc2ea6?s=96&d=mm&r=g\",\"caption\":\"syncreadwrite\"},\"url\":\"https:\/\/www.sts-education.com\/pl\/author\/syncreadwrite\/\"}]}<\/script>\n<!-- \/ Yoast SEO Premium plugin. -->","yoast_head_json":{"title":"Elena by\u0142a na wymianie we W\u0142oszech","description":"Z pocz\u0105tku rozwa\u017ca\u0142em oczywist\u0105 opcj\u0119, czyli USA. Jednak po namy\u015ble dosz\u0142am do wniosku, \u017ce chocia\u017c by\u0142oby to z pewno\u015bci\u0105 wspania\u0142e do\u015bwiadczenie, chcia\u0142abym r\u00f3wnie\u017c nauczy\u0107 si\u0119 nowego j\u0119zyka.","robots":{"index":"index","follow":"follow","max-snippet":"max-snippet:-1","max-image-preview":"max-image-preview:large","max-video-preview":"max-video-preview:-1"},"canonical":"https:\/\/www.sts-education.com\/pl\/szkola-srednia\/uczniowie-na-wymianie\/historie-uczniow\/elena-byla-na-wymianie-we-wloszech\/","og_locale":"pl_PL","og_type":"article","og_title":"Elena Byla Na Wymianie We Wloszech","og_description":"Z pocz\u0105tku rozwa\u017ca\u0142em oczywist\u0105 opcj\u0119, czyli USA. Jednak po namy\u015ble dosz\u0142am do wniosku, \u017ce chocia\u017c by\u0142oby to z pewno\u015bci\u0105 wspania\u0142e do\u015bwiadczenie, chcia\u0142abym r\u00f3wnie\u017c nauczy\u0107 si\u0119 nowego j\u0119zyka.","og_url":"https:\/\/www.sts-education.com\/pl\/szkola-srednia\/uczniowie-na-wymianie\/historie-uczniow\/elena-byla-na-wymianie-we-wloszech\/","og_site_name":"STS Education","article_published_time":"2024-09-10T13:00:00+00:00","article_modified_time":"2026-04-29T07:55:58+00:00","og_image":[{"width":150,"height":150,"url":"https:\/\/powered-by.qbank.se\/educatius\/sts\/\/f2be8a092d43c526b10b8ed00c07f614_1-1-thumb.webp","type":"image\/jpeg"}],"author":"syncreadwrite","twitter_card":"summary_large_image","twitter_misc":{"Napisane przez":"syncreadwrite","Szacowany czas czytania":"2 minuty"},"schema":{"@context":"https:\/\/schema.org","@graph":[{"@type":"Article","@id":"https:\/\/www.sts-education.com\/pl\/szkola-srednia\/uczniowie-na-wymianie\/historie-uczniow\/elena-byla-na-wymianie-we-wloszech\/#article","isPartOf":{"@id":"https:\/\/www.sts-education.com\/pl\/szkola-srednia\/uczniowie-na-wymianie\/historie-uczniow\/elena-byla-na-wymianie-we-wloszech\/"},"author":{"name":"syncreadwrite","@id":"https:\/\/www.sts-education.com\/pl\/#\/schema\/person\/8b82f3a2e45f020b8f296d7a85d9a97c"},"headline":"Elena Byla Na Wymianie We Wloszech","datePublished":"2024-09-10T13:00:00+00:00","dateModified":"2026-04-29T07:55:58+00:00","mainEntityOfPage":{"@id":"https:\/\/www.sts-education.com\/pl\/szkola-srednia\/uczniowie-na-wymianie\/historie-uczniow\/elena-byla-na-wymianie-we-wloszech\/"},"wordCount":342,"commentCount":0,"image":{"@id":"https:\/\/www.sts-education.com\/pl\/szkola-srednia\/uczniowie-na-wymianie\/historie-uczniow\/elena-byla-na-wymianie-we-wloszech\/#primaryimage"},"thumbnailUrl":"https:\/\/powered-by.qbank.se\/educatius\/sts\/\/f2be8a092d43c526b10b8ed00c07f614_1-1-thumb.webp","keywords":["W\u0142ochy"],"inLanguage":"pl-PL","potentialAction":[{"@type":"CommentAction","name":"Comment","target":["https:\/\/www.sts-education.com\/pl\/szkola-srednia\/uczniowie-na-wymianie\/historie-uczniow\/elena-byla-na-wymianie-we-wloszech\/#respond"]}]},{"@type":"WebPage","@id":"https:\/\/www.sts-education.com\/pl\/szkola-srednia\/uczniowie-na-wymianie\/historie-uczniow\/elena-byla-na-wymianie-we-wloszech\/","url":"https:\/\/www.sts-education.com\/pl\/szkola-srednia\/uczniowie-na-wymianie\/historie-uczniow\/elena-byla-na-wymianie-we-wloszech\/","name":"Elena by\u0142a na wymianie we W\u0142oszech","isPartOf":{"@id":"https:\/\/www.sts-education.com\/pl\/#website"},"primaryImageOfPage":{"@id":"https:\/\/www.sts-education.com\/pl\/szkola-srednia\/uczniowie-na-wymianie\/historie-uczniow\/elena-byla-na-wymianie-we-wloszech\/#primaryimage"},"image":{"@id":"https:\/\/www.sts-education.com\/pl\/szkola-srednia\/uczniowie-na-wymianie\/historie-uczniow\/elena-byla-na-wymianie-we-wloszech\/#primaryimage"},"thumbnailUrl":"https:\/\/powered-by.qbank.se\/educatius\/sts\/\/f2be8a092d43c526b10b8ed00c07f614_1-1-thumb.webp","datePublished":"2024-09-10T13:00:00+00:00","dateModified":"2026-04-29T07:55:58+00:00","author":{"@id":"https:\/\/www.sts-education.com\/pl\/#\/schema\/person\/8b82f3a2e45f020b8f296d7a85d9a97c"},"description":"Z pocz\u0105tku rozwa\u017ca\u0142em oczywist\u0105 opcj\u0119, czyli USA. Jednak po namy\u015ble dosz\u0142am do wniosku, \u017ce chocia\u017c by\u0142oby to z pewno\u015bci\u0105 wspania\u0142e do\u015bwiadczenie, chcia\u0142abym r\u00f3wnie\u017c nauczy\u0107 si\u0119 nowego j\u0119zyka.","breadcrumb":{"@id":"https:\/\/www.sts-education.com\/pl\/szkola-srednia\/uczniowie-na-wymianie\/historie-uczniow\/elena-byla-na-wymianie-we-wloszech\/#breadcrumb"},"inLanguage":"pl-PL","potentialAction":[{"@type":"ReadAction","target":["https:\/\/www.sts-education.com\/pl\/szkola-srednia\/uczniowie-na-wymianie\/historie-uczniow\/elena-byla-na-wymianie-we-wloszech\/"]}]},{"@type":"ImageObject","inLanguage":"pl-PL","@id":"https:\/\/www.sts-education.com\/pl\/szkola-srednia\/uczniowie-na-wymianie\/historie-uczniow\/elena-byla-na-wymianie-we-wloszech\/#primaryimage","url":"https:\/\/powered-by.qbank.se\/educatius\/sts\/\/f2be8a092d43c526b10b8ed00c07f614_1-1-thumb.webp","contentUrl":"https:\/\/powered-by.qbank.se\/educatius\/sts\/\/f2be8a092d43c526b10b8ed00c07f614_1-1-thumb.webp","width":150,"height":150},{"@type":"BreadcrumbList","@id":"https:\/\/www.sts-education.com\/pl\/szkola-srednia\/uczniowie-na-wymianie\/historie-uczniow\/elena-byla-na-wymianie-we-wloszech\/#breadcrumb","itemListElement":[{"@type":"ListItem","position":1,"name":"Home","item":"https:\/\/www.sts-education.com\/pl\/"},{"@type":"ListItem","position":2,"name":"Elena Byla Na Wymianie We Wloszech"}]},{"@type":"WebSite","@id":"https:\/\/www.sts-education.com\/pl\/#website","url":"https:\/\/www.sts-education.com\/pl\/","name":"STS Education","description":"","potentialAction":[{"@type":"SearchAction","target":{"@type":"EntryPoint","urlTemplate":"https:\/\/www.sts-education.com\/pl\/?s={search_term_string}"},"query-input":{"@type":"PropertyValueSpecification","valueRequired":true,"valueName":"search_term_string"}}],"inLanguage":"pl-PL"},{"@type":"Person","@id":"https:\/\/www.sts-education.com\/pl\/#\/schema\/person\/8b82f3a2e45f020b8f296d7a85d9a97c","name":"syncreadwrite","image":{"@type":"ImageObject","inLanguage":"pl-PL","@id":"https:\/\/secure.gravatar.com\/avatar\/6ed1007e4f6f43f22e3df41d9fce4365533cba47fef64bb359b8e629abbc2ea6?s=96&d=mm&r=g","url":"https:\/\/secure.gravatar.com\/avatar\/6ed1007e4f6f43f22e3df41d9fce4365533cba47fef64bb359b8e629abbc2ea6?s=96&d=mm&r=g","contentUrl":"https:\/\/secure.gravatar.com\/avatar\/6ed1007e4f6f43f22e3df41d9fce4365533cba47fef64bb359b8e629abbc2ea6?s=96&d=mm&r=g","caption":"syncreadwrite"},"url":"https:\/\/www.sts-education.com\/pl\/author\/syncreadwrite\/"}]}},"_links":{"self":[{"href":"https:\/\/www.sts-education.com\/pl\/wp-json\/wp\/v2\/posts\/11100","targetHints":{"allow":["GET"]}}],"collection":[{"href":"https:\/\/www.sts-education.com\/pl\/wp-json\/wp\/v2\/posts"}],"about":[{"href":"https:\/\/www.sts-education.com\/pl\/wp-json\/wp\/v2\/types\/post"}],"author":[{"embeddable":true,"href":"https:\/\/www.sts-education.com\/pl\/wp-json\/wp\/v2\/users\/20"}],"replies":[{"embeddable":true,"href":"https:\/\/www.sts-education.com\/pl\/wp-json\/wp\/v2\/comments?post=11100"}],"version-history":[{"count":5,"href":"https:\/\/www.sts-education.com\/pl\/wp-json\/wp\/v2\/posts\/11100\/revisions"}],"predecessor-version":[{"id":43485,"href":"https:\/\/www.sts-education.com\/pl\/wp-json\/wp\/v2\/posts\/11100\/revisions\/43485"}],"wp:featuredmedia":[{"embeddable":true,"href":"https:\/\/www.sts-education.com\/pl\/wp-json\/wp\/v2\/media\/14396"}],"wp:attachment":[{"href":"https:\/\/www.sts-education.com\/pl\/wp-json\/wp\/v2\/media?parent=11100"}],"wp:term":[{"taxonomy":"category","embeddable":true,"href":"https:\/\/www.sts-education.com\/pl\/wp-json\/wp\/v2\/categories?post=11100"},{"taxonomy":"post_tag","embeddable":true,"href":"https:\/\/www.sts-education.com\/pl\/wp-json\/wp\/v2\/tags?post=11100"},{"taxonomy":"wpw_post_folders","embeddable":true,"href":"https:\/\/www.sts-education.com\/pl\/wp-json\/wp\/v2\/wpw_post_folders?post=11100"}],"curies":[{"name":"wp","href":"https:\/\/api.w.org\/{rel}","templated":true}]}}