{"id":11102,"date":"2024-09-09T15:00:00","date_gmt":"2024-09-09T13:00:00","guid":{"rendered":"https:\/\/preprod.sts-education.com\/blog\/2026\/03\/05\/grace-wyjechala-na-wymiane-do-holandii\/"},"modified":"2026-04-29T09:56:58","modified_gmt":"2026-04-29T07:56:58","slug":"grace-wyjechala-na-wymiane-do-holandii","status":"publish","type":"post","link":"https:\/\/www.sts-education.com\/pl\/szkola-srednia\/uczniowie-na-wymianie\/historie-uczniow\/grace-wyjechala-na-wymiane-do-holandii\/","title":{"rendered":"Grace Wyjechala Na Wymiane Do Holandii"},"content":{"rendered":"\n<div class=\"wp-block-sts-text sts-text-editor has-max-width-md\"><div class=\"sts-text-editor__content\"><div class=\"sts-text-editor__content-inner\">\n<h1 style=\"text-align:center\">Grace wyjecha\u0142a na wymian\u0119 do Holandii<\/h1>\n<\/div><\/div><\/div>\n\n\n\n<figure class=\"wp-block-sts-image sts-block-image sts-block-image--count-1 has-max-width-lg\" data-count=\"1\"><div class=\"sts-block-image__grid\"><div class=\"sts-block-image__item\"><picture class=\"sts-responsive-image has-fit-cover has-pos-top is-skeleton\"><source media=\"(max-width: 834.98px)\" srcset=\"https:\/\/powered-by.qbank.se\/educatius\/sts\/92fb1a68b412d1f8a31b1dd8c8e2ef16_1-1-thumb.webp 150w, https:\/\/powered-by.qbank.se\/educatius\/sts\/92fb1a68b412d1f8a31b1dd8c8e2ef16_1-1-xsmall.webp 500w, https:\/\/powered-by.qbank.se\/educatius\/sts\/92fb1a68b412d1f8a31b1dd8c8e2ef16_1-1-small.webp 800w, https:\/\/powered-by.qbank.se\/educatius\/sts\/92fb1a68b412d1f8a31b1dd8c8e2ef16_1-1-medium.webp 1024w, https:\/\/powered-by.qbank.se\/educatius\/sts\/92fb1a68b412d1f8a31b1dd8c8e2ef16_1-1-large.webp 1536w\" sizes=\"(max-width: 768px) 100vw, (max-width: 1200px) 100vw, 1200px\" type=\"image\/webp\"\/><source media=\"(min-width: 835px)\" srcset=\"https:\/\/powered-by.qbank.se\/educatius\/sts\/92fb1a68b412d1f8a31b1dd8c8e2ef16_16-9-small.webp 800w, https:\/\/powered-by.qbank.se\/educatius\/sts\/92fb1a68b412d1f8a31b1dd8c8e2ef16_16-9-medium.webp 1024w, https:\/\/powered-by.qbank.se\/educatius\/sts\/92fb1a68b412d1f8a31b1dd8c8e2ef16_16-9-large.webp 1536w\" sizes=\"(max-width: 768px) 100vw, (max-width: 1200px) 100vw, 1200px\" type=\"image\/webp\"\/><img src=\"https:\/\/powered-by.qbank.se\/educatius\/sts\/92fb1a68b412d1f8a31b1dd8c8e2ef16_1-1-thumb.webp\" alt=\"Grace wyjecha\u0142a na wymian\u0119 do Holandii\" loading=\"lazy\" decoding=\"async\" fetchpriority=\"low\" style=\"object-position:top\"\/><\/picture><\/div><\/div><\/figure>\n\n\n\n<div class=\"wp-block-sts-text sts-text-editor has-max-width-md\"><div class=\"sts-text-editor__content\"><div class=\"sts-text-editor__content-inner\">\n<p><em>Grace z Nowej Zelandii by\u0142a na wymianie w Holandii.<\/em><\/p>\n<\/div><\/div><\/div>\n\n\n\n<div class=\"wp-block-sts-text sts-text-editor has-max-width-md\"><div class=\"sts-text-editor__content\"><div class=\"sts-text-editor__content-inner\">\n<p>Wybra\u0142em Holandi\u0119, poniewa\u017c pochodzi st\u0105d moja rodzina. Pomy\u015bla\u0142am, \u017ce by\u0142oby \u015bwietnie nauczy\u0107 si\u0119 j\u0119zyka, pozna\u0107 histori\u0119, zwiedzi\u0107 zabytki i do\u015bwiadczy\u0107 holenderskiej kuchni. Uwielbiam jedzenie! Szczeg\u00f3lnie bitterballen, pindakaas i oliebollen.<\/p>\n<p>Tutejsi ludzi okazali si\u0119 bardzo serdeczni. Szko\u0142a jest znacznie wi\u0119ksza ni\u017c ta, do kt\u00f3rej jestem przyzwyczajona, nauczyciele s\u0105 bardzo uprzejmi i spokojni, a uczniowie pe\u0142ni zapa\u0142u do nauki \u2013 no i wszyscy \u015bwietnie m\u00f3wi\u0105 po angielsku, Ucz\u0119szczam na lekcje angielskiego, historii, niderlandzkiego, matematyki, WF-u, religii i sztuki. Dynamika panuj\u0105ca w klasie jest fascynuj\u0105ca. Zauwa\u017cy\u0142am, \u017ce koledzy i kole\u017canki z klasy maj\u0105 ze sob\u0105 bli\u017csze relacje ni\u017c w szkole w Nowej Zelandii.<\/p>\n<p>Moja rodzina goszcz\u0105ca to niesamowici ludzie. Szczeg\u00f3lnie blisko jestem z moj\u0105 siostr\u0105 goszcz\u0105c\u0105; mamy podobne zainteresowania i sp\u0119dzamy ze sob\u0105 du\u017co czasu. Moi rodzice goszcz\u0105cy uwielbiaj\u0105 zwiedza\u0107 kraj i pokazywa\u0107 mi nowe rzeczy, co bardzo sobie ceni\u0119. Raz w tygodniu organizujemy rodzinny wiecz\u00f3r z grami planszowymi, co uwielbiam. Wszystko si\u0119 \u015bwietnie uk\u0142ada, jestem pewna, \u017ce b\u0119dziemy utrzymywa\u0107 kontakt i mam nadziej\u0119, \u017ce nied\u0142ugo znowu si\u0119 zobaczymy!<\/p>\n<p>Je\u015bli mia\u0142abym udzieli\u0107 rady przysz\u0142ym rodzinom goszcz\u0105cym, powiedzia\u0142bym: zach\u0119cajcie swoich go\u015bci do pr\u00f3bowania wszystkiego. Mo\u017ce nie wszystko przypadnie im do gustu, ale na koniec na pewno b\u0119d\u0105 wdzi\u0119czni, \u017ce mieli okazj\u0119 spr\u00f3bowa\u0107 czego\u015b nowego.<\/p>\n<h2>Dowiedz si\u0119 wi\u0119cej<\/h2>\n<ul><li>Przeczytaj wi\u0119cej <a href=\"https:\/\/www.sts-education.com\/pl\/szkola-srednia\/uczniowie-na-wymianie\/historie-uczniow\/?hashtag=Holandia\">historii uczni\u00f3w z Holandii<\/a><\/li>\n<li>Przeczytaj wi\u0119cej o <a href=\"https:\/\/www.sts-education.com\/pl\/szkola-srednia\/kierunki-wyjazdowe\/europa\/holandia\/\">wymianie licealnej w Holandii<\/a><\/li>\n<li>Zobacz <a href=\"\/pl\/high-school\/tripfinder\/\">wszystkie miejsca docelowe naszych wymian licealnych<\/a><\/li><\/ul>\n<\/div><\/div><\/div>\n","protected":false},"excerpt":{"rendered":"","protected":false},"author":20,"featured_media":14400,"comment_status":"open","ping_status":"open","sticky":false,"template":"","format":"standard","meta":{"_acf_changed":false,"_yoast_wpseo_title":"Grace wyjecha\u0142a na wymian\u0119 do Holandii","_yoast_wpseo_metadesc":"Tutejsi ludzi okazali si\u0119 bardzo serdeczni. Szko\u0142a jest znacznie wi\u0119ksza ni\u017c ta, do kt\u00f3rej jestem przyzwyczajona, nauczyciele s\u0105 bardzo uprzejmi i spokojni, a uczniowie pe\u0142ni zapa\u0142u do nauki \u2013 no i wszyscy \u015bwietnie m\u00f3wi\u0105 po angielsku,","footnotes":""},"categories":[265],"tags":[1024],"wpw_post_folders":[],"class_list":["post-11102","post","type-post","status-publish","format-standard","has-post-thumbnail","hentry","category-bez-kategorii","tag-holandia"],"acf":[],"yoast_head":"<!-- This site is optimized with the Yoast SEO Premium plugin v27.2 (Yoast SEO v27.2) - https:\/\/yoast.com\/product\/yoast-seo-premium-wordpress\/ -->\n<title>Grace wyjecha\u0142a na wymian\u0119 do Holandii<\/title>\n<meta name=\"description\" content=\"Tutejsi ludzi okazali si\u0119 bardzo serdeczni. Szko\u0142a jest znacznie wi\u0119ksza ni\u017c ta, do kt\u00f3rej jestem przyzwyczajona, nauczyciele s\u0105 bardzo uprzejmi i spokojni, a uczniowie pe\u0142ni zapa\u0142u do nauki \u2013 no i wszyscy \u015bwietnie m\u00f3wi\u0105 po angielsku,\" \/>\n<meta name=\"robots\" content=\"index, follow, max-snippet:-1, max-image-preview:large, max-video-preview:-1\" \/>\n<link rel=\"canonical\" href=\"https:\/\/www.sts-education.com\/pl\/szkola-srednia\/uczniowie-na-wymianie\/historie-uczniow\/grace-wyjechala-na-wymiane-do-holandii\/\" \/>\n<meta property=\"og:locale\" content=\"pl_PL\" \/>\n<meta property=\"og:type\" content=\"article\" \/>\n<meta property=\"og:title\" content=\"Grace Wyjechala Na Wymiane Do Holandii\" \/>\n<meta property=\"og:description\" content=\"Tutejsi ludzi okazali si\u0119 bardzo serdeczni. Szko\u0142a jest znacznie wi\u0119ksza ni\u017c ta, do kt\u00f3rej jestem przyzwyczajona, nauczyciele s\u0105 bardzo uprzejmi i spokojni, a uczniowie pe\u0142ni zapa\u0142u do nauki \u2013 no i wszyscy \u015bwietnie m\u00f3wi\u0105 po angielsku,\" \/>\n<meta property=\"og:url\" content=\"https:\/\/www.sts-education.com\/pl\/szkola-srednia\/uczniowie-na-wymianie\/historie-uczniow\/grace-wyjechala-na-wymiane-do-holandii\/\" \/>\n<meta property=\"og:site_name\" content=\"STS Education\" \/>\n<meta property=\"article:published_time\" content=\"2024-09-09T13:00:00+00:00\" \/>\n<meta property=\"article:modified_time\" content=\"2026-04-29T07:56:58+00:00\" \/>\n<meta property=\"og:image\" content=\"https:\/\/powered-by.qbank.se\/educatius\/sts\/\/92fb1a68b412d1f8a31b1dd8c8e2ef16_1-1-thumb.webp\" \/>\n\t<meta property=\"og:image:width\" content=\"150\" \/>\n\t<meta property=\"og:image:height\" content=\"150\" \/>\n\t<meta property=\"og:image:type\" content=\"image\/jpeg\" \/>\n<meta name=\"author\" content=\"syncreadwrite\" \/>\n<meta name=\"twitter:card\" content=\"summary_large_image\" \/>\n<meta name=\"twitter:label1\" content=\"Napisane przez\" \/>\n\t<meta name=\"twitter:data1\" content=\"syncreadwrite\" \/>\n\t<meta name=\"twitter:label2\" content=\"Szacowany czas czytania\" \/>\n\t<meta name=\"twitter:data2\" content=\"1 minuta\" \/>\n<script type=\"application\/ld+json\" class=\"yoast-schema-graph\">{\"@context\":\"https:\/\/schema.org\",\"@graph\":[{\"@type\":\"Article\",\"@id\":\"https:\/\/www.sts-education.com\/pl\/szkola-srednia\/uczniowie-na-wymianie\/historie-uczniow\/grace-wyjechala-na-wymiane-do-holandii\/#article\",\"isPartOf\":{\"@id\":\"https:\/\/www.sts-education.com\/pl\/szkola-srednia\/uczniowie-na-wymianie\/historie-uczniow\/grace-wyjechala-na-wymiane-do-holandii\/\"},\"author\":{\"name\":\"syncreadwrite\",\"@id\":\"https:\/\/www.sts-education.com\/pl\/#\/schema\/person\/8b82f3a2e45f020b8f296d7a85d9a97c\"},\"headline\":\"Grace Wyjechala Na Wymiane Do Holandii\",\"datePublished\":\"2024-09-09T13:00:00+00:00\",\"dateModified\":\"2026-04-29T07:56:58+00:00\",\"mainEntityOfPage\":{\"@id\":\"https:\/\/www.sts-education.com\/pl\/szkola-srednia\/uczniowie-na-wymianie\/historie-uczniow\/grace-wyjechala-na-wymiane-do-holandii\/\"},\"wordCount\":292,\"commentCount\":0,\"image\":{\"@id\":\"https:\/\/www.sts-education.com\/pl\/szkola-srednia\/uczniowie-na-wymianie\/historie-uczniow\/grace-wyjechala-na-wymiane-do-holandii\/#primaryimage\"},\"thumbnailUrl\":\"https:\/\/powered-by.qbank.se\/educatius\/sts\/\/92fb1a68b412d1f8a31b1dd8c8e2ef16_1-1-thumb.webp\",\"keywords\":[\"Holandia\"],\"inLanguage\":\"pl-PL\",\"potentialAction\":[{\"@type\":\"CommentAction\",\"name\":\"Comment\",\"target\":[\"https:\/\/www.sts-education.com\/pl\/szkola-srednia\/uczniowie-na-wymianie\/historie-uczniow\/grace-wyjechala-na-wymiane-do-holandii\/#respond\"]}]},{\"@type\":\"WebPage\",\"@id\":\"https:\/\/www.sts-education.com\/pl\/szkola-srednia\/uczniowie-na-wymianie\/historie-uczniow\/grace-wyjechala-na-wymiane-do-holandii\/\",\"url\":\"https:\/\/www.sts-education.com\/pl\/szkola-srednia\/uczniowie-na-wymianie\/historie-uczniow\/grace-wyjechala-na-wymiane-do-holandii\/\",\"name\":\"Grace wyjecha\u0142a na wymian\u0119 do Holandii\",\"isPartOf\":{\"@id\":\"https:\/\/www.sts-education.com\/pl\/#website\"},\"primaryImageOfPage\":{\"@id\":\"https:\/\/www.sts-education.com\/pl\/szkola-srednia\/uczniowie-na-wymianie\/historie-uczniow\/grace-wyjechala-na-wymiane-do-holandii\/#primaryimage\"},\"image\":{\"@id\":\"https:\/\/www.sts-education.com\/pl\/szkola-srednia\/uczniowie-na-wymianie\/historie-uczniow\/grace-wyjechala-na-wymiane-do-holandii\/#primaryimage\"},\"thumbnailUrl\":\"https:\/\/powered-by.qbank.se\/educatius\/sts\/\/92fb1a68b412d1f8a31b1dd8c8e2ef16_1-1-thumb.webp\",\"datePublished\":\"2024-09-09T13:00:00+00:00\",\"dateModified\":\"2026-04-29T07:56:58+00:00\",\"author\":{\"@id\":\"https:\/\/www.sts-education.com\/pl\/#\/schema\/person\/8b82f3a2e45f020b8f296d7a85d9a97c\"},\"description\":\"Tutejsi ludzi okazali si\u0119 bardzo serdeczni. Szko\u0142a jest znacznie wi\u0119ksza ni\u017c ta, do kt\u00f3rej jestem przyzwyczajona, nauczyciele s\u0105 bardzo uprzejmi i spokojni, a uczniowie pe\u0142ni zapa\u0142u do nauki \u2013 no i wszyscy \u015bwietnie m\u00f3wi\u0105 po angielsku,\",\"breadcrumb\":{\"@id\":\"https:\/\/www.sts-education.com\/pl\/szkola-srednia\/uczniowie-na-wymianie\/historie-uczniow\/grace-wyjechala-na-wymiane-do-holandii\/#breadcrumb\"},\"inLanguage\":\"pl-PL\",\"potentialAction\":[{\"@type\":\"ReadAction\",\"target\":[\"https:\/\/www.sts-education.com\/pl\/szkola-srednia\/uczniowie-na-wymianie\/historie-uczniow\/grace-wyjechala-na-wymiane-do-holandii\/\"]}]},{\"@type\":\"ImageObject\",\"inLanguage\":\"pl-PL\",\"@id\":\"https:\/\/www.sts-education.com\/pl\/szkola-srednia\/uczniowie-na-wymianie\/historie-uczniow\/grace-wyjechala-na-wymiane-do-holandii\/#primaryimage\",\"url\":\"https:\/\/powered-by.qbank.se\/educatius\/sts\/\/92fb1a68b412d1f8a31b1dd8c8e2ef16_1-1-thumb.webp\",\"contentUrl\":\"https:\/\/powered-by.qbank.se\/educatius\/sts\/\/92fb1a68b412d1f8a31b1dd8c8e2ef16_1-1-thumb.webp\",\"width\":150,\"height\":150},{\"@type\":\"BreadcrumbList\",\"@id\":\"https:\/\/www.sts-education.com\/pl\/szkola-srednia\/uczniowie-na-wymianie\/historie-uczniow\/grace-wyjechala-na-wymiane-do-holandii\/#breadcrumb\",\"itemListElement\":[{\"@type\":\"ListItem\",\"position\":1,\"name\":\"Home\",\"item\":\"https:\/\/www.sts-education.com\/pl\/\"},{\"@type\":\"ListItem\",\"position\":2,\"name\":\"Grace Wyjechala Na Wymiane Do Holandii\"}]},{\"@type\":\"WebSite\",\"@id\":\"https:\/\/www.sts-education.com\/pl\/#website\",\"url\":\"https:\/\/www.sts-education.com\/pl\/\",\"name\":\"STS Education\",\"description\":\"\",\"potentialAction\":[{\"@type\":\"SearchAction\",\"target\":{\"@type\":\"EntryPoint\",\"urlTemplate\":\"https:\/\/www.sts-education.com\/pl\/?s={search_term_string}\"},\"query-input\":{\"@type\":\"PropertyValueSpecification\",\"valueRequired\":true,\"valueName\":\"search_term_string\"}}],\"inLanguage\":\"pl-PL\"},{\"@type\":\"Person\",\"@id\":\"https:\/\/www.sts-education.com\/pl\/#\/schema\/person\/8b82f3a2e45f020b8f296d7a85d9a97c\",\"name\":\"syncreadwrite\",\"image\":{\"@type\":\"ImageObject\",\"inLanguage\":\"pl-PL\",\"@id\":\"https:\/\/secure.gravatar.com\/avatar\/6ed1007e4f6f43f22e3df41d9fce4365533cba47fef64bb359b8e629abbc2ea6?s=96&d=mm&r=g\",\"url\":\"https:\/\/secure.gravatar.com\/avatar\/6ed1007e4f6f43f22e3df41d9fce4365533cba47fef64bb359b8e629abbc2ea6?s=96&d=mm&r=g\",\"contentUrl\":\"https:\/\/secure.gravatar.com\/avatar\/6ed1007e4f6f43f22e3df41d9fce4365533cba47fef64bb359b8e629abbc2ea6?s=96&d=mm&r=g\",\"caption\":\"syncreadwrite\"},\"url\":\"https:\/\/www.sts-education.com\/pl\/author\/syncreadwrite\/\"}]}<\/script>\n<!-- \/ Yoast SEO Premium plugin. -->","yoast_head_json":{"title":"Grace wyjecha\u0142a na wymian\u0119 do Holandii","description":"Tutejsi ludzi okazali si\u0119 bardzo serdeczni. Szko\u0142a jest znacznie wi\u0119ksza ni\u017c ta, do kt\u00f3rej jestem przyzwyczajona, nauczyciele s\u0105 bardzo uprzejmi i spokojni, a uczniowie pe\u0142ni zapa\u0142u do nauki \u2013 no i wszyscy \u015bwietnie m\u00f3wi\u0105 po angielsku,","robots":{"index":"index","follow":"follow","max-snippet":"max-snippet:-1","max-image-preview":"max-image-preview:large","max-video-preview":"max-video-preview:-1"},"canonical":"https:\/\/www.sts-education.com\/pl\/szkola-srednia\/uczniowie-na-wymianie\/historie-uczniow\/grace-wyjechala-na-wymiane-do-holandii\/","og_locale":"pl_PL","og_type":"article","og_title":"Grace Wyjechala Na Wymiane Do Holandii","og_description":"Tutejsi ludzi okazali si\u0119 bardzo serdeczni. Szko\u0142a jest znacznie wi\u0119ksza ni\u017c ta, do kt\u00f3rej jestem przyzwyczajona, nauczyciele s\u0105 bardzo uprzejmi i spokojni, a uczniowie pe\u0142ni zapa\u0142u do nauki \u2013 no i wszyscy \u015bwietnie m\u00f3wi\u0105 po angielsku,","og_url":"https:\/\/www.sts-education.com\/pl\/szkola-srednia\/uczniowie-na-wymianie\/historie-uczniow\/grace-wyjechala-na-wymiane-do-holandii\/","og_site_name":"STS Education","article_published_time":"2024-09-09T13:00:00+00:00","article_modified_time":"2026-04-29T07:56:58+00:00","og_image":[{"width":150,"height":150,"url":"https:\/\/powered-by.qbank.se\/educatius\/sts\/\/92fb1a68b412d1f8a31b1dd8c8e2ef16_1-1-thumb.webp","type":"image\/jpeg"}],"author":"syncreadwrite","twitter_card":"summary_large_image","twitter_misc":{"Napisane przez":"syncreadwrite","Szacowany czas czytania":"1 minuta"},"schema":{"@context":"https:\/\/schema.org","@graph":[{"@type":"Article","@id":"https:\/\/www.sts-education.com\/pl\/szkola-srednia\/uczniowie-na-wymianie\/historie-uczniow\/grace-wyjechala-na-wymiane-do-holandii\/#article","isPartOf":{"@id":"https:\/\/www.sts-education.com\/pl\/szkola-srednia\/uczniowie-na-wymianie\/historie-uczniow\/grace-wyjechala-na-wymiane-do-holandii\/"},"author":{"name":"syncreadwrite","@id":"https:\/\/www.sts-education.com\/pl\/#\/schema\/person\/8b82f3a2e45f020b8f296d7a85d9a97c"},"headline":"Grace Wyjechala Na Wymiane Do Holandii","datePublished":"2024-09-09T13:00:00+00:00","dateModified":"2026-04-29T07:56:58+00:00","mainEntityOfPage":{"@id":"https:\/\/www.sts-education.com\/pl\/szkola-srednia\/uczniowie-na-wymianie\/historie-uczniow\/grace-wyjechala-na-wymiane-do-holandii\/"},"wordCount":292,"commentCount":0,"image":{"@id":"https:\/\/www.sts-education.com\/pl\/szkola-srednia\/uczniowie-na-wymianie\/historie-uczniow\/grace-wyjechala-na-wymiane-do-holandii\/#primaryimage"},"thumbnailUrl":"https:\/\/powered-by.qbank.se\/educatius\/sts\/\/92fb1a68b412d1f8a31b1dd8c8e2ef16_1-1-thumb.webp","keywords":["Holandia"],"inLanguage":"pl-PL","potentialAction":[{"@type":"CommentAction","name":"Comment","target":["https:\/\/www.sts-education.com\/pl\/szkola-srednia\/uczniowie-na-wymianie\/historie-uczniow\/grace-wyjechala-na-wymiane-do-holandii\/#respond"]}]},{"@type":"WebPage","@id":"https:\/\/www.sts-education.com\/pl\/szkola-srednia\/uczniowie-na-wymianie\/historie-uczniow\/grace-wyjechala-na-wymiane-do-holandii\/","url":"https:\/\/www.sts-education.com\/pl\/szkola-srednia\/uczniowie-na-wymianie\/historie-uczniow\/grace-wyjechala-na-wymiane-do-holandii\/","name":"Grace wyjecha\u0142a na wymian\u0119 do Holandii","isPartOf":{"@id":"https:\/\/www.sts-education.com\/pl\/#website"},"primaryImageOfPage":{"@id":"https:\/\/www.sts-education.com\/pl\/szkola-srednia\/uczniowie-na-wymianie\/historie-uczniow\/grace-wyjechala-na-wymiane-do-holandii\/#primaryimage"},"image":{"@id":"https:\/\/www.sts-education.com\/pl\/szkola-srednia\/uczniowie-na-wymianie\/historie-uczniow\/grace-wyjechala-na-wymiane-do-holandii\/#primaryimage"},"thumbnailUrl":"https:\/\/powered-by.qbank.se\/educatius\/sts\/\/92fb1a68b412d1f8a31b1dd8c8e2ef16_1-1-thumb.webp","datePublished":"2024-09-09T13:00:00+00:00","dateModified":"2026-04-29T07:56:58+00:00","author":{"@id":"https:\/\/www.sts-education.com\/pl\/#\/schema\/person\/8b82f3a2e45f020b8f296d7a85d9a97c"},"description":"Tutejsi ludzi okazali si\u0119 bardzo serdeczni. Szko\u0142a jest znacznie wi\u0119ksza ni\u017c ta, do kt\u00f3rej jestem przyzwyczajona, nauczyciele s\u0105 bardzo uprzejmi i spokojni, a uczniowie pe\u0142ni zapa\u0142u do nauki \u2013 no i wszyscy \u015bwietnie m\u00f3wi\u0105 po angielsku,","breadcrumb":{"@id":"https:\/\/www.sts-education.com\/pl\/szkola-srednia\/uczniowie-na-wymianie\/historie-uczniow\/grace-wyjechala-na-wymiane-do-holandii\/#breadcrumb"},"inLanguage":"pl-PL","potentialAction":[{"@type":"ReadAction","target":["https:\/\/www.sts-education.com\/pl\/szkola-srednia\/uczniowie-na-wymianie\/historie-uczniow\/grace-wyjechala-na-wymiane-do-holandii\/"]}]},{"@type":"ImageObject","inLanguage":"pl-PL","@id":"https:\/\/www.sts-education.com\/pl\/szkola-srednia\/uczniowie-na-wymianie\/historie-uczniow\/grace-wyjechala-na-wymiane-do-holandii\/#primaryimage","url":"https:\/\/powered-by.qbank.se\/educatius\/sts\/\/92fb1a68b412d1f8a31b1dd8c8e2ef16_1-1-thumb.webp","contentUrl":"https:\/\/powered-by.qbank.se\/educatius\/sts\/\/92fb1a68b412d1f8a31b1dd8c8e2ef16_1-1-thumb.webp","width":150,"height":150},{"@type":"BreadcrumbList","@id":"https:\/\/www.sts-education.com\/pl\/szkola-srednia\/uczniowie-na-wymianie\/historie-uczniow\/grace-wyjechala-na-wymiane-do-holandii\/#breadcrumb","itemListElement":[{"@type":"ListItem","position":1,"name":"Home","item":"https:\/\/www.sts-education.com\/pl\/"},{"@type":"ListItem","position":2,"name":"Grace Wyjechala Na Wymiane Do Holandii"}]},{"@type":"WebSite","@id":"https:\/\/www.sts-education.com\/pl\/#website","url":"https:\/\/www.sts-education.com\/pl\/","name":"STS Education","description":"","potentialAction":[{"@type":"SearchAction","target":{"@type":"EntryPoint","urlTemplate":"https:\/\/www.sts-education.com\/pl\/?s={search_term_string}"},"query-input":{"@type":"PropertyValueSpecification","valueRequired":true,"valueName":"search_term_string"}}],"inLanguage":"pl-PL"},{"@type":"Person","@id":"https:\/\/www.sts-education.com\/pl\/#\/schema\/person\/8b82f3a2e45f020b8f296d7a85d9a97c","name":"syncreadwrite","image":{"@type":"ImageObject","inLanguage":"pl-PL","@id":"https:\/\/secure.gravatar.com\/avatar\/6ed1007e4f6f43f22e3df41d9fce4365533cba47fef64bb359b8e629abbc2ea6?s=96&d=mm&r=g","url":"https:\/\/secure.gravatar.com\/avatar\/6ed1007e4f6f43f22e3df41d9fce4365533cba47fef64bb359b8e629abbc2ea6?s=96&d=mm&r=g","contentUrl":"https:\/\/secure.gravatar.com\/avatar\/6ed1007e4f6f43f22e3df41d9fce4365533cba47fef64bb359b8e629abbc2ea6?s=96&d=mm&r=g","caption":"syncreadwrite"},"url":"https:\/\/www.sts-education.com\/pl\/author\/syncreadwrite\/"}]}},"_links":{"self":[{"href":"https:\/\/www.sts-education.com\/pl\/wp-json\/wp\/v2\/posts\/11102","targetHints":{"allow":["GET"]}}],"collection":[{"href":"https:\/\/www.sts-education.com\/pl\/wp-json\/wp\/v2\/posts"}],"about":[{"href":"https:\/\/www.sts-education.com\/pl\/wp-json\/wp\/v2\/types\/post"}],"author":[{"embeddable":true,"href":"https:\/\/www.sts-education.com\/pl\/wp-json\/wp\/v2\/users\/20"}],"replies":[{"embeddable":true,"href":"https:\/\/www.sts-education.com\/pl\/wp-json\/wp\/v2\/comments?post=11102"}],"version-history":[{"count":5,"href":"https:\/\/www.sts-education.com\/pl\/wp-json\/wp\/v2\/posts\/11102\/revisions"}],"predecessor-version":[{"id":43509,"href":"https:\/\/www.sts-education.com\/pl\/wp-json\/wp\/v2\/posts\/11102\/revisions\/43509"}],"wp:featuredmedia":[{"embeddable":true,"href":"https:\/\/www.sts-education.com\/pl\/wp-json\/wp\/v2\/media\/14400"}],"wp:attachment":[{"href":"https:\/\/www.sts-education.com\/pl\/wp-json\/wp\/v2\/media?parent=11102"}],"wp:term":[{"taxonomy":"category","embeddable":true,"href":"https:\/\/www.sts-education.com\/pl\/wp-json\/wp\/v2\/categories?post=11102"},{"taxonomy":"post_tag","embeddable":true,"href":"https:\/\/www.sts-education.com\/pl\/wp-json\/wp\/v2\/tags?post=11102"},{"taxonomy":"wpw_post_folders","embeddable":true,"href":"https:\/\/www.sts-education.com\/pl\/wp-json\/wp\/v2\/wpw_post_folders?post=11102"}],"curies":[{"name":"wp","href":"https:\/\/api.w.org\/{rel}","templated":true}]}}