{"id":11103,"date":"2024-09-05T15:00:00","date_gmt":"2024-09-05T13:00:00","guid":{"rendered":"https:\/\/preprod.sts-education.com\/blog\/2026\/03\/05\/andrea-zdecydowala-sie-na-nauke-w-holandii\/"},"modified":"2026-04-29T09:59:08","modified_gmt":"2026-04-29T07:59:08","slug":"andrea-zdecydowala-sie-na-nauke-w-holandii","status":"publish","type":"post","link":"https:\/\/www.sts-education.com\/pl\/szkola-srednia\/uczniowie-na-wymianie\/historie-uczniow\/andrea-zdecydowala-sie-na-nauke-w-holandii\/","title":{"rendered":"Andrea Zdecydowala Sie Na Nauke W Holandii"},"content":{"rendered":"\n<div class=\"wp-block-sts-text sts-text-editor has-max-width-md\"><div class=\"sts-text-editor__content\"><div class=\"sts-text-editor__content-inner\">\n<h1 style=\"text-align:center\">Andrea zdecydowa\u0142 si\u0119 na nauk\u0119 w Holandii<\/h1>\n<\/div><\/div><\/div>\n\n\n\n<figure class=\"wp-block-sts-image sts-block-image sts-block-image--count-1 has-max-width-lg\" data-count=\"1\"><div class=\"sts-block-image__grid\"><div class=\"sts-block-image__item\"><picture class=\"sts-responsive-image has-fit-cover has-pos-top is-skeleton\"><source media=\"(max-width: 834.98px)\" srcset=\"https:\/\/powered-by.qbank.se\/educatius\/sts\/fb4bddd74502198a99fe32baa1ad7557_1-1-thumb.webp 150w, https:\/\/powered-by.qbank.se\/educatius\/sts\/fb4bddd74502198a99fe32baa1ad7557_1-1-xsmall.webp 500w, https:\/\/powered-by.qbank.se\/educatius\/sts\/fb4bddd74502198a99fe32baa1ad7557_1-1-small.webp 800w, https:\/\/powered-by.qbank.se\/educatius\/sts\/fb4bddd74502198a99fe32baa1ad7557_1-1-medium.webp 1024w, https:\/\/powered-by.qbank.se\/educatius\/sts\/fb4bddd74502198a99fe32baa1ad7557_1-1-large.webp 1536w\" sizes=\"(max-width: 768px) 100vw, (max-width: 1200px) 100vw, 1200px\" type=\"image\/webp\"\/><source media=\"(min-width: 835px)\" srcset=\"https:\/\/powered-by.qbank.se\/educatius\/sts\/fb4bddd74502198a99fe32baa1ad7557_16-9-small.webp 800w, https:\/\/powered-by.qbank.se\/educatius\/sts\/fb4bddd74502198a99fe32baa1ad7557_16-9-medium.webp 1024w, https:\/\/powered-by.qbank.se\/educatius\/sts\/fb4bddd74502198a99fe32baa1ad7557_16-9-large.webp 1536w\" sizes=\"(max-width: 768px) 100vw, (max-width: 1200px) 100vw, 1200px\" type=\"image\/webp\"\/><img src=\"https:\/\/powered-by.qbank.se\/educatius\/sts\/fb4bddd74502198a99fe32baa1ad7557_1-1-thumb.webp\" alt=\"Andrea zdecydowa\u0142 si\u0119 na nauk\u0119 w Holandii\" loading=\"lazy\" decoding=\"async\" fetchpriority=\"low\" style=\"object-position:top\"\/><\/picture><\/div><\/div><\/figure>\n\n\n\n<div class=\"wp-block-sts-text sts-text-editor has-max-width-md\"><div class=\"sts-text-editor__content\"><div class=\"sts-text-editor__content-inner\">\n<p><em>Andrea z W\u0142och by\u0142 na wymianie w Holandii.<\/em><\/p>\n<\/div><\/div><\/div>\n\n\n\n<div class=\"wp-block-sts-text sts-text-editor has-max-width-md\"><div class=\"sts-text-editor__content\"><div class=\"sts-text-editor__content-inner\">\n<p>Kiedy by\u0142em ma\u0142y, du\u017co podr\u00f3\u017cowa\u0142em z rodzin\u0105. Gdy odwiedzali\u015bmy Holandi\u0119, poczu\u0142em z tym krajem jak\u0105\u015b wi\u0119\u017a. Naprawd\u0119 chcia\u0142em tam mieszka\u0107, gdy dorosn\u0119, dlatego zdecydowa\u0142em si\u0119 na wyjazd do Holandii.<\/p>\n<p>Moja rodzina goszcz\u0105ca by\u0142a niesamowita! Wszyscy byli bardzo mili i du\u017co mi pomagali. Ju\u017c po dw\u00f3ch tygodniach czu\u0142em si\u0119 jak u siebie w domu! W pami\u0119ci zapad\u0142y mi cudowne \u015bwi\u0119ta Bo\u017cego Narodzenia, imprezy urodzinowe, wycieczki i rodzinne obiady.<\/p>\n<p>W szkole bywa\u0142o ci\u0119\u017cko, ale nauczyciele ch\u0119tnie pomagali i nie oczekiwali, \u017ce od razu osi\u0105gn\u0119 ten sam poziom co inni uczniowie, bo musia\u0142am si\u0119 najpierw przyzwyczai\u0107 do j\u0119zyka holenderskiego.<\/p>\n<p>Zawieranie znajomo\u015bci w szkole by\u0142o \u0142atwe! Mieszka\u0144cy Brabancji s\u0105 bardzo otwarci na uczni\u00f3w przyje\u017cd\u017caj\u0105cych na wymian\u0119.<\/p>\n<h2>Dowiedz si\u0119 wi\u0119cej<\/h2>\n<ul><li>Przeczytaj wi\u0119cej <a href=\"https:\/\/www.sts-education.com\/pl\/szkola-srednia\/uczniowie-na-wymianie\/historie-uczniow\/?hashtag=Holandia\">historii uczni\u00f3w z Holandii<\/a><\/li>\n<li>Przeczytaj wi\u0119cej o <a href=\"https:\/\/www.sts-education.com\/pl\/szkola-srednia\/kierunki-wyjazdowe\/europa\/holandia\/\">wymianie licealnej w Holandii<\/a><\/li>\n<li>Zobacz <a href=\"\/pl\/high-school\/tripfinder\/\">wszystkie miejsca docelowe naszych wymian licealnych<\/a><\/li><\/ul>\n<\/div><\/div><\/div>\n","protected":false},"excerpt":{"rendered":"","protected":false},"author":20,"featured_media":14402,"comment_status":"open","ping_status":"open","sticky":false,"template":"","format":"standard","meta":{"_acf_changed":false,"_yoast_wpseo_title":"Andrea zdecydowa\u0142 si\u0119 na nauk\u0119 w Holandii","_yoast_wpseo_metadesc":"Moja rodzina goszcz\u0105ca by\u0142a niesamowita! Wszyscy byli bardzo mili i du\u017co mi pomagali. Ju\u017c po dw\u00f3ch tygodniach czu\u0142em si\u0119 jak u siebie w domu!","footnotes":""},"categories":[265],"tags":[1024],"wpw_post_folders":[],"class_list":["post-11103","post","type-post","status-publish","format-standard","has-post-thumbnail","hentry","category-bez-kategorii","tag-holandia"],"acf":[],"yoast_head":"<!-- This site is optimized with the Yoast SEO Premium plugin v27.2 (Yoast SEO v27.2) - https:\/\/yoast.com\/product\/yoast-seo-premium-wordpress\/ -->\n<title>Andrea zdecydowa\u0142 si\u0119 na nauk\u0119 w Holandii<\/title>\n<meta name=\"description\" content=\"Moja rodzina goszcz\u0105ca by\u0142a niesamowita! Wszyscy byli bardzo mili i du\u017co mi pomagali. Ju\u017c po dw\u00f3ch tygodniach czu\u0142em si\u0119 jak u siebie w domu!\" \/>\n<meta name=\"robots\" content=\"index, follow, max-snippet:-1, max-image-preview:large, max-video-preview:-1\" \/>\n<link rel=\"canonical\" href=\"https:\/\/www.sts-education.com\/pl\/szkola-srednia\/uczniowie-na-wymianie\/historie-uczniow\/andrea-zdecydowala-sie-na-nauke-w-holandii\/\" \/>\n<meta property=\"og:locale\" content=\"pl_PL\" \/>\n<meta property=\"og:type\" content=\"article\" \/>\n<meta property=\"og:title\" content=\"Andrea Zdecydowala Sie Na Nauke W Holandii\" \/>\n<meta property=\"og:description\" content=\"Moja rodzina goszcz\u0105ca by\u0142a niesamowita! Wszyscy byli bardzo mili i du\u017co mi pomagali. Ju\u017c po dw\u00f3ch tygodniach czu\u0142em si\u0119 jak u siebie w domu!\" \/>\n<meta property=\"og:url\" content=\"https:\/\/www.sts-education.com\/pl\/szkola-srednia\/uczniowie-na-wymianie\/historie-uczniow\/andrea-zdecydowala-sie-na-nauke-w-holandii\/\" \/>\n<meta property=\"og:site_name\" content=\"STS Education\" \/>\n<meta property=\"article:published_time\" content=\"2024-09-05T13:00:00+00:00\" \/>\n<meta property=\"article:modified_time\" content=\"2026-04-29T07:59:08+00:00\" \/>\n<meta property=\"og:image\" content=\"https:\/\/powered-by.qbank.se\/educatius\/sts\/\/fb4bddd74502198a99fe32baa1ad7557_1-1-thumb.webp\" \/>\n\t<meta property=\"og:image:width\" content=\"150\" \/>\n\t<meta property=\"og:image:height\" content=\"150\" \/>\n\t<meta property=\"og:image:type\" content=\"image\/jpeg\" \/>\n<meta name=\"author\" content=\"syncreadwrite\" \/>\n<meta name=\"twitter:card\" content=\"summary_large_image\" \/>\n<meta name=\"twitter:label1\" content=\"Napisane przez\" \/>\n\t<meta name=\"twitter:data1\" content=\"syncreadwrite\" \/>\n\t<meta name=\"twitter:label2\" content=\"Szacowany czas czytania\" \/>\n\t<meta name=\"twitter:data2\" content=\"1 minuta\" \/>\n<script type=\"application\/ld+json\" class=\"yoast-schema-graph\">{\"@context\":\"https:\/\/schema.org\",\"@graph\":[{\"@type\":\"Article\",\"@id\":\"https:\/\/www.sts-education.com\/pl\/szkola-srednia\/uczniowie-na-wymianie\/historie-uczniow\/andrea-zdecydowala-sie-na-nauke-w-holandii\/#article\",\"isPartOf\":{\"@id\":\"https:\/\/www.sts-education.com\/pl\/szkola-srednia\/uczniowie-na-wymianie\/historie-uczniow\/andrea-zdecydowala-sie-na-nauke-w-holandii\/\"},\"author\":{\"name\":\"syncreadwrite\",\"@id\":\"https:\/\/www.sts-education.com\/pl\/#\/schema\/person\/8b82f3a2e45f020b8f296d7a85d9a97c\"},\"headline\":\"Andrea Zdecydowala Sie Na Nauke W Holandii\",\"datePublished\":\"2024-09-05T13:00:00+00:00\",\"dateModified\":\"2026-04-29T07:59:08+00:00\",\"mainEntityOfPage\":{\"@id\":\"https:\/\/www.sts-education.com\/pl\/szkola-srednia\/uczniowie-na-wymianie\/historie-uczniow\/andrea-zdecydowala-sie-na-nauke-w-holandii\/\"},\"wordCount\":193,\"commentCount\":0,\"image\":{\"@id\":\"https:\/\/www.sts-education.com\/pl\/szkola-srednia\/uczniowie-na-wymianie\/historie-uczniow\/andrea-zdecydowala-sie-na-nauke-w-holandii\/#primaryimage\"},\"thumbnailUrl\":\"https:\/\/powered-by.qbank.se\/educatius\/sts\/\/fb4bddd74502198a99fe32baa1ad7557_1-1-thumb.webp\",\"keywords\":[\"Holandia\"],\"inLanguage\":\"pl-PL\",\"potentialAction\":[{\"@type\":\"CommentAction\",\"name\":\"Comment\",\"target\":[\"https:\/\/www.sts-education.com\/pl\/szkola-srednia\/uczniowie-na-wymianie\/historie-uczniow\/andrea-zdecydowala-sie-na-nauke-w-holandii\/#respond\"]}]},{\"@type\":\"WebPage\",\"@id\":\"https:\/\/www.sts-education.com\/pl\/szkola-srednia\/uczniowie-na-wymianie\/historie-uczniow\/andrea-zdecydowala-sie-na-nauke-w-holandii\/\",\"url\":\"https:\/\/www.sts-education.com\/pl\/szkola-srednia\/uczniowie-na-wymianie\/historie-uczniow\/andrea-zdecydowala-sie-na-nauke-w-holandii\/\",\"name\":\"Andrea zdecydowa\u0142 si\u0119 na nauk\u0119 w Holandii\",\"isPartOf\":{\"@id\":\"https:\/\/www.sts-education.com\/pl\/#website\"},\"primaryImageOfPage\":{\"@id\":\"https:\/\/www.sts-education.com\/pl\/szkola-srednia\/uczniowie-na-wymianie\/historie-uczniow\/andrea-zdecydowala-sie-na-nauke-w-holandii\/#primaryimage\"},\"image\":{\"@id\":\"https:\/\/www.sts-education.com\/pl\/szkola-srednia\/uczniowie-na-wymianie\/historie-uczniow\/andrea-zdecydowala-sie-na-nauke-w-holandii\/#primaryimage\"},\"thumbnailUrl\":\"https:\/\/powered-by.qbank.se\/educatius\/sts\/\/fb4bddd74502198a99fe32baa1ad7557_1-1-thumb.webp\",\"datePublished\":\"2024-09-05T13:00:00+00:00\",\"dateModified\":\"2026-04-29T07:59:08+00:00\",\"author\":{\"@id\":\"https:\/\/www.sts-education.com\/pl\/#\/schema\/person\/8b82f3a2e45f020b8f296d7a85d9a97c\"},\"description\":\"Moja rodzina goszcz\u0105ca by\u0142a niesamowita! Wszyscy byli bardzo mili i du\u017co mi pomagali. Ju\u017c po dw\u00f3ch tygodniach czu\u0142em si\u0119 jak u siebie w domu!\",\"breadcrumb\":{\"@id\":\"https:\/\/www.sts-education.com\/pl\/szkola-srednia\/uczniowie-na-wymianie\/historie-uczniow\/andrea-zdecydowala-sie-na-nauke-w-holandii\/#breadcrumb\"},\"inLanguage\":\"pl-PL\",\"potentialAction\":[{\"@type\":\"ReadAction\",\"target\":[\"https:\/\/www.sts-education.com\/pl\/szkola-srednia\/uczniowie-na-wymianie\/historie-uczniow\/andrea-zdecydowala-sie-na-nauke-w-holandii\/\"]}]},{\"@type\":\"ImageObject\",\"inLanguage\":\"pl-PL\",\"@id\":\"https:\/\/www.sts-education.com\/pl\/szkola-srednia\/uczniowie-na-wymianie\/historie-uczniow\/andrea-zdecydowala-sie-na-nauke-w-holandii\/#primaryimage\",\"url\":\"https:\/\/powered-by.qbank.se\/educatius\/sts\/\/fb4bddd74502198a99fe32baa1ad7557_1-1-thumb.webp\",\"contentUrl\":\"https:\/\/powered-by.qbank.se\/educatius\/sts\/\/fb4bddd74502198a99fe32baa1ad7557_1-1-thumb.webp\",\"width\":150,\"height\":150},{\"@type\":\"BreadcrumbList\",\"@id\":\"https:\/\/www.sts-education.com\/pl\/szkola-srednia\/uczniowie-na-wymianie\/historie-uczniow\/andrea-zdecydowala-sie-na-nauke-w-holandii\/#breadcrumb\",\"itemListElement\":[{\"@type\":\"ListItem\",\"position\":1,\"name\":\"Home\",\"item\":\"https:\/\/www.sts-education.com\/pl\/\"},{\"@type\":\"ListItem\",\"position\":2,\"name\":\"Andrea Zdecydowala Sie Na Nauke W Holandii\"}]},{\"@type\":\"WebSite\",\"@id\":\"https:\/\/www.sts-education.com\/pl\/#website\",\"url\":\"https:\/\/www.sts-education.com\/pl\/\",\"name\":\"STS Education\",\"description\":\"\",\"potentialAction\":[{\"@type\":\"SearchAction\",\"target\":{\"@type\":\"EntryPoint\",\"urlTemplate\":\"https:\/\/www.sts-education.com\/pl\/?s={search_term_string}\"},\"query-input\":{\"@type\":\"PropertyValueSpecification\",\"valueRequired\":true,\"valueName\":\"search_term_string\"}}],\"inLanguage\":\"pl-PL\"},{\"@type\":\"Person\",\"@id\":\"https:\/\/www.sts-education.com\/pl\/#\/schema\/person\/8b82f3a2e45f020b8f296d7a85d9a97c\",\"name\":\"syncreadwrite\",\"image\":{\"@type\":\"ImageObject\",\"inLanguage\":\"pl-PL\",\"@id\":\"https:\/\/secure.gravatar.com\/avatar\/6ed1007e4f6f43f22e3df41d9fce4365533cba47fef64bb359b8e629abbc2ea6?s=96&d=mm&r=g\",\"url\":\"https:\/\/secure.gravatar.com\/avatar\/6ed1007e4f6f43f22e3df41d9fce4365533cba47fef64bb359b8e629abbc2ea6?s=96&d=mm&r=g\",\"contentUrl\":\"https:\/\/secure.gravatar.com\/avatar\/6ed1007e4f6f43f22e3df41d9fce4365533cba47fef64bb359b8e629abbc2ea6?s=96&d=mm&r=g\",\"caption\":\"syncreadwrite\"},\"url\":\"https:\/\/www.sts-education.com\/pl\/author\/syncreadwrite\/\"}]}<\/script>\n<!-- \/ Yoast SEO Premium plugin. -->","yoast_head_json":{"title":"Andrea zdecydowa\u0142 si\u0119 na nauk\u0119 w Holandii","description":"Moja rodzina goszcz\u0105ca by\u0142a niesamowita! Wszyscy byli bardzo mili i du\u017co mi pomagali. Ju\u017c po dw\u00f3ch tygodniach czu\u0142em si\u0119 jak u siebie w domu!","robots":{"index":"index","follow":"follow","max-snippet":"max-snippet:-1","max-image-preview":"max-image-preview:large","max-video-preview":"max-video-preview:-1"},"canonical":"https:\/\/www.sts-education.com\/pl\/szkola-srednia\/uczniowie-na-wymianie\/historie-uczniow\/andrea-zdecydowala-sie-na-nauke-w-holandii\/","og_locale":"pl_PL","og_type":"article","og_title":"Andrea Zdecydowala Sie Na Nauke W Holandii","og_description":"Moja rodzina goszcz\u0105ca by\u0142a niesamowita! Wszyscy byli bardzo mili i du\u017co mi pomagali. Ju\u017c po dw\u00f3ch tygodniach czu\u0142em si\u0119 jak u siebie w domu!","og_url":"https:\/\/www.sts-education.com\/pl\/szkola-srednia\/uczniowie-na-wymianie\/historie-uczniow\/andrea-zdecydowala-sie-na-nauke-w-holandii\/","og_site_name":"STS Education","article_published_time":"2024-09-05T13:00:00+00:00","article_modified_time":"2026-04-29T07:59:08+00:00","og_image":[{"width":150,"height":150,"url":"https:\/\/powered-by.qbank.se\/educatius\/sts\/\/fb4bddd74502198a99fe32baa1ad7557_1-1-thumb.webp","type":"image\/jpeg"}],"author":"syncreadwrite","twitter_card":"summary_large_image","twitter_misc":{"Napisane przez":"syncreadwrite","Szacowany czas czytania":"1 minuta"},"schema":{"@context":"https:\/\/schema.org","@graph":[{"@type":"Article","@id":"https:\/\/www.sts-education.com\/pl\/szkola-srednia\/uczniowie-na-wymianie\/historie-uczniow\/andrea-zdecydowala-sie-na-nauke-w-holandii\/#article","isPartOf":{"@id":"https:\/\/www.sts-education.com\/pl\/szkola-srednia\/uczniowie-na-wymianie\/historie-uczniow\/andrea-zdecydowala-sie-na-nauke-w-holandii\/"},"author":{"name":"syncreadwrite","@id":"https:\/\/www.sts-education.com\/pl\/#\/schema\/person\/8b82f3a2e45f020b8f296d7a85d9a97c"},"headline":"Andrea Zdecydowala Sie Na Nauke W Holandii","datePublished":"2024-09-05T13:00:00+00:00","dateModified":"2026-04-29T07:59:08+00:00","mainEntityOfPage":{"@id":"https:\/\/www.sts-education.com\/pl\/szkola-srednia\/uczniowie-na-wymianie\/historie-uczniow\/andrea-zdecydowala-sie-na-nauke-w-holandii\/"},"wordCount":193,"commentCount":0,"image":{"@id":"https:\/\/www.sts-education.com\/pl\/szkola-srednia\/uczniowie-na-wymianie\/historie-uczniow\/andrea-zdecydowala-sie-na-nauke-w-holandii\/#primaryimage"},"thumbnailUrl":"https:\/\/powered-by.qbank.se\/educatius\/sts\/\/fb4bddd74502198a99fe32baa1ad7557_1-1-thumb.webp","keywords":["Holandia"],"inLanguage":"pl-PL","potentialAction":[{"@type":"CommentAction","name":"Comment","target":["https:\/\/www.sts-education.com\/pl\/szkola-srednia\/uczniowie-na-wymianie\/historie-uczniow\/andrea-zdecydowala-sie-na-nauke-w-holandii\/#respond"]}]},{"@type":"WebPage","@id":"https:\/\/www.sts-education.com\/pl\/szkola-srednia\/uczniowie-na-wymianie\/historie-uczniow\/andrea-zdecydowala-sie-na-nauke-w-holandii\/","url":"https:\/\/www.sts-education.com\/pl\/szkola-srednia\/uczniowie-na-wymianie\/historie-uczniow\/andrea-zdecydowala-sie-na-nauke-w-holandii\/","name":"Andrea zdecydowa\u0142 si\u0119 na nauk\u0119 w Holandii","isPartOf":{"@id":"https:\/\/www.sts-education.com\/pl\/#website"},"primaryImageOfPage":{"@id":"https:\/\/www.sts-education.com\/pl\/szkola-srednia\/uczniowie-na-wymianie\/historie-uczniow\/andrea-zdecydowala-sie-na-nauke-w-holandii\/#primaryimage"},"image":{"@id":"https:\/\/www.sts-education.com\/pl\/szkola-srednia\/uczniowie-na-wymianie\/historie-uczniow\/andrea-zdecydowala-sie-na-nauke-w-holandii\/#primaryimage"},"thumbnailUrl":"https:\/\/powered-by.qbank.se\/educatius\/sts\/\/fb4bddd74502198a99fe32baa1ad7557_1-1-thumb.webp","datePublished":"2024-09-05T13:00:00+00:00","dateModified":"2026-04-29T07:59:08+00:00","author":{"@id":"https:\/\/www.sts-education.com\/pl\/#\/schema\/person\/8b82f3a2e45f020b8f296d7a85d9a97c"},"description":"Moja rodzina goszcz\u0105ca by\u0142a niesamowita! Wszyscy byli bardzo mili i du\u017co mi pomagali. Ju\u017c po dw\u00f3ch tygodniach czu\u0142em si\u0119 jak u siebie w domu!","breadcrumb":{"@id":"https:\/\/www.sts-education.com\/pl\/szkola-srednia\/uczniowie-na-wymianie\/historie-uczniow\/andrea-zdecydowala-sie-na-nauke-w-holandii\/#breadcrumb"},"inLanguage":"pl-PL","potentialAction":[{"@type":"ReadAction","target":["https:\/\/www.sts-education.com\/pl\/szkola-srednia\/uczniowie-na-wymianie\/historie-uczniow\/andrea-zdecydowala-sie-na-nauke-w-holandii\/"]}]},{"@type":"ImageObject","inLanguage":"pl-PL","@id":"https:\/\/www.sts-education.com\/pl\/szkola-srednia\/uczniowie-na-wymianie\/historie-uczniow\/andrea-zdecydowala-sie-na-nauke-w-holandii\/#primaryimage","url":"https:\/\/powered-by.qbank.se\/educatius\/sts\/\/fb4bddd74502198a99fe32baa1ad7557_1-1-thumb.webp","contentUrl":"https:\/\/powered-by.qbank.se\/educatius\/sts\/\/fb4bddd74502198a99fe32baa1ad7557_1-1-thumb.webp","width":150,"height":150},{"@type":"BreadcrumbList","@id":"https:\/\/www.sts-education.com\/pl\/szkola-srednia\/uczniowie-na-wymianie\/historie-uczniow\/andrea-zdecydowala-sie-na-nauke-w-holandii\/#breadcrumb","itemListElement":[{"@type":"ListItem","position":1,"name":"Home","item":"https:\/\/www.sts-education.com\/pl\/"},{"@type":"ListItem","position":2,"name":"Andrea Zdecydowala Sie Na Nauke W Holandii"}]},{"@type":"WebSite","@id":"https:\/\/www.sts-education.com\/pl\/#website","url":"https:\/\/www.sts-education.com\/pl\/","name":"STS Education","description":"","potentialAction":[{"@type":"SearchAction","target":{"@type":"EntryPoint","urlTemplate":"https:\/\/www.sts-education.com\/pl\/?s={search_term_string}"},"query-input":{"@type":"PropertyValueSpecification","valueRequired":true,"valueName":"search_term_string"}}],"inLanguage":"pl-PL"},{"@type":"Person","@id":"https:\/\/www.sts-education.com\/pl\/#\/schema\/person\/8b82f3a2e45f020b8f296d7a85d9a97c","name":"syncreadwrite","image":{"@type":"ImageObject","inLanguage":"pl-PL","@id":"https:\/\/secure.gravatar.com\/avatar\/6ed1007e4f6f43f22e3df41d9fce4365533cba47fef64bb359b8e629abbc2ea6?s=96&d=mm&r=g","url":"https:\/\/secure.gravatar.com\/avatar\/6ed1007e4f6f43f22e3df41d9fce4365533cba47fef64bb359b8e629abbc2ea6?s=96&d=mm&r=g","contentUrl":"https:\/\/secure.gravatar.com\/avatar\/6ed1007e4f6f43f22e3df41d9fce4365533cba47fef64bb359b8e629abbc2ea6?s=96&d=mm&r=g","caption":"syncreadwrite"},"url":"https:\/\/www.sts-education.com\/pl\/author\/syncreadwrite\/"}]}},"_links":{"self":[{"href":"https:\/\/www.sts-education.com\/pl\/wp-json\/wp\/v2\/posts\/11103","targetHints":{"allow":["GET"]}}],"collection":[{"href":"https:\/\/www.sts-education.com\/pl\/wp-json\/wp\/v2\/posts"}],"about":[{"href":"https:\/\/www.sts-education.com\/pl\/wp-json\/wp\/v2\/types\/post"}],"author":[{"embeddable":true,"href":"https:\/\/www.sts-education.com\/pl\/wp-json\/wp\/v2\/users\/20"}],"replies":[{"embeddable":true,"href":"https:\/\/www.sts-education.com\/pl\/wp-json\/wp\/v2\/comments?post=11103"}],"version-history":[{"count":5,"href":"https:\/\/www.sts-education.com\/pl\/wp-json\/wp\/v2\/posts\/11103\/revisions"}],"predecessor-version":[{"id":43521,"href":"https:\/\/www.sts-education.com\/pl\/wp-json\/wp\/v2\/posts\/11103\/revisions\/43521"}],"wp:featuredmedia":[{"embeddable":true,"href":"https:\/\/www.sts-education.com\/pl\/wp-json\/wp\/v2\/media\/14402"}],"wp:attachment":[{"href":"https:\/\/www.sts-education.com\/pl\/wp-json\/wp\/v2\/media?parent=11103"}],"wp:term":[{"taxonomy":"category","embeddable":true,"href":"https:\/\/www.sts-education.com\/pl\/wp-json\/wp\/v2\/categories?post=11103"},{"taxonomy":"post_tag","embeddable":true,"href":"https:\/\/www.sts-education.com\/pl\/wp-json\/wp\/v2\/tags?post=11103"},{"taxonomy":"wpw_post_folders","embeddable":true,"href":"https:\/\/www.sts-education.com\/pl\/wp-json\/wp\/v2\/wpw_post_folders?post=11103"}],"curies":[{"name":"wp","href":"https:\/\/api.w.org\/{rel}","templated":true}]}}