{"id":11104,"date":"2024-09-02T15:00:00","date_gmt":"2024-09-02T13:00:00","guid":{"rendered":"https:\/\/preprod.sts-education.com\/blog\/2026\/03\/05\/abigail-pojechala-na-wymiane-do-holandii\/"},"modified":"2026-04-29T10:00:00","modified_gmt":"2026-04-29T08:00:00","slug":"abigail-pojechala-na-wymiane-do-holandii","status":"publish","type":"post","link":"https:\/\/www.sts-education.com\/pl\/szkola-srednia\/uczniowie-na-wymianie\/historie-uczniow\/abigail-pojechala-na-wymiane-do-holandii\/","title":{"rendered":"Abigail Pojechala Na Wymiane Do Holandii"},"content":{"rendered":"\n<div class=\"wp-block-sts-text sts-text-editor has-max-width-md\"><div class=\"sts-text-editor__content\"><div class=\"sts-text-editor__content-inner\">\n<h1 style=\"text-align:center\">Abigail pojecha\u0142a na wymian\u0119 do Holandii<\/h1>\n<\/div><\/div><\/div>\n\n\n\n<figure class=\"wp-block-sts-image sts-block-image sts-block-image--count-1 has-max-width-lg\" data-count=\"1\"><div class=\"sts-block-image__grid\"><div class=\"sts-block-image__item\"><picture class=\"sts-responsive-image has-fit-cover has-pos-top is-skeleton\"><source media=\"(max-width: 834.98px)\" srcset=\"https:\/\/powered-by.qbank.se\/educatius\/sts\/cfd6458914c4644c1203add909557aef_1-1-thumb.webp 150w, https:\/\/powered-by.qbank.se\/educatius\/sts\/cfd6458914c4644c1203add909557aef_1-1-xsmall.webp 500w, https:\/\/powered-by.qbank.se\/educatius\/sts\/cfd6458914c4644c1203add909557aef_1-1-small.webp 800w, https:\/\/powered-by.qbank.se\/educatius\/sts\/cfd6458914c4644c1203add909557aef_1-1-medium.webp 1024w, https:\/\/powered-by.qbank.se\/educatius\/sts\/cfd6458914c4644c1203add909557aef_1-1-large.webp 1536w\" sizes=\"(max-width: 768px) 100vw, (max-width: 1200px) 100vw, 1200px\" type=\"image\/webp\"\/><source media=\"(min-width: 835px)\" srcset=\"https:\/\/powered-by.qbank.se\/educatius\/sts\/cfd6458914c4644c1203add909557aef_16-9-small.webp 800w, https:\/\/powered-by.qbank.se\/educatius\/sts\/cfd6458914c4644c1203add909557aef_16-9-medium.webp 1024w, https:\/\/powered-by.qbank.se\/educatius\/sts\/cfd6458914c4644c1203add909557aef_16-9-large.webp 1536w\" sizes=\"(max-width: 768px) 100vw, (max-width: 1200px) 100vw, 1200px\" type=\"image\/webp\"\/><img src=\"https:\/\/powered-by.qbank.se\/educatius\/sts\/cfd6458914c4644c1203add909557aef_1-1-thumb.webp\" alt=\"Abigail pojecha\u0142a na wymian\u0119 do Holandii\" loading=\"lazy\" decoding=\"async\" fetchpriority=\"low\" style=\"object-position:top\"\/><\/picture><\/div><\/div><\/figure>\n\n\n\n<div class=\"wp-block-sts-text sts-text-editor has-max-width-md\"><div class=\"sts-text-editor__content\"><div class=\"sts-text-editor__content-inner\">\n<p><em>Abigail z Australii by\u0142a na wymianie w Holandii.<\/em><\/p>\n<\/div><\/div><\/div>\n\n\n\n<div class=\"wp-block-sts-text sts-text-editor has-max-width-md\"><div class=\"sts-text-editor__content\"><div class=\"sts-text-editor__content-inner\">\n<p>Moja mama urodzi\u0142a si\u0119 w Holandii, a cz\u0119\u015b\u0107 mojej rodziny nadal m\u00f3wi po holendersku, wi\u0119c wyjazd na wymian\u0119 do Holandii, aby nauczy\u0107 si\u0119 j\u0119zyka i lepiej zrozumie\u0107 tamtejsz\u0105 kultur\u0119, by\u0142 \u015bwietnym rozwi\u0105zaniem.<\/p>\n<p>Od razu poczu\u0142am si\u0119 jak w domu u mojej rodziny goszcz\u0105cej. Moja rodzina goszcz\u0105ca go\u015bci\u0142a u siebie tak\u017ce inn\u0105 uczennic\u0119 z programu wymiany \u2013 z W\u0142och. Naprawd\u0119 \u015bwietnie by\u0142o dzieli\u0107 si\u0119 do\u015bwiadczeniami z wymiany. Nasi rodzice goszcz\u0105cy i starsze siostry goszcz\u0105ce w\u0142\u0105czali nas we wszystkie aktywno\u015bci: wycieczki, wakacje, zaj\u0119cia itp. I to samo radzi\u0142abym przysz\u0142ym rodzinom goszcz\u0105cym: w\u0142\u0105czajcie swoich uczni\u00f3w we wszystkie mo\u017cliwe aktywno\u015bci, ale dajcie im r\u00f3wnie\u017c przestrze\u0144 do odkrywania ich w\u0142asnego \u201eholenderskiego \u017cycia\u201d!<\/p>\n<p>Szko\u0142a by\u0142a \u015bwietna, uczniowie i nauczyciele byli naprawd\u0119 mili. M\u00f3j nauczyciel angielskiego zapozna\u0142 mnie z kilkoma dziewczynami z mojej klasy, kt\u00f3re potem zosta\u0142y moimi najlepszymi przyjaci\u00f3\u0142kami.<\/p>\n<p>Chocia\u017c bywa\u0142am w Holandii jako dziecko, prze\u017cy\u0142em tam spory szok kulturowy. Cz\u0119\u015bci\u0105 tego szoku by\u0142o to, \u017ce codziennie je\u017adzi\u0142am do szko\u0142y rowerem! \ud83d\ude0a<\/p>\n<h2>Dowiedz si\u0119 wi\u0119cej<\/h2>\n<ul><li>Przeczytaj wi\u0119cej <a href=\"https:\/\/www.sts-education.com\/pl\/szkola-srednia\/uczniowie-na-wymianie\/historie-uczniow\/?hashtag=Holandia\">historii uczni\u00f3w z Holandii<\/a><\/li>\n<li>Przeczytaj wi\u0119cej o <a href=\"https:\/\/www.sts-education.com\/pl\/szkola-srednia\/kierunki-wyjazdowe\/europa\/holandia\/\">wymianie licealnej w Holandii<\/a><\/li>\n<li>Zobacz <a href=\"\/pl\/high-school\/tripfinder\/\">wszystkie miejsca docelowe naszych wymian licealnych<\/a><\/li><\/ul>\n<\/div><\/div><\/div>\n","protected":false},"excerpt":{"rendered":"","protected":false},"author":20,"featured_media":14404,"comment_status":"open","ping_status":"open","sticky":false,"template":"","format":"standard","meta":{"_acf_changed":false,"_yoast_wpseo_title":"Abigail pojecha\u0142a na wymian\u0119 do Holandii","_yoast_wpseo_metadesc":"Szko\u0142a by\u0142a \u015bwietna, uczniowie i nauczyciele byli naprawd\u0119 mili. M\u00f3j nauczyciel angielskiego zapozna\u0142 mnie z kilkoma dziewczynami z mojej klasy, kt\u00f3re potem zosta\u0142y moimi najlepszymi przyjaci\u00f3\u0142kami.","footnotes":""},"categories":[265],"tags":[1024],"wpw_post_folders":[],"class_list":["post-11104","post","type-post","status-publish","format-standard","has-post-thumbnail","hentry","category-bez-kategorii","tag-holandia"],"acf":[],"yoast_head":"<!-- This site is optimized with the Yoast SEO Premium plugin v27.2 (Yoast SEO v27.2) - https:\/\/yoast.com\/product\/yoast-seo-premium-wordpress\/ -->\n<title>Abigail pojecha\u0142a na wymian\u0119 do Holandii<\/title>\n<meta name=\"description\" content=\"Szko\u0142a by\u0142a \u015bwietna, uczniowie i nauczyciele byli naprawd\u0119 mili. M\u00f3j nauczyciel angielskiego zapozna\u0142 mnie z kilkoma dziewczynami z mojej klasy, kt\u00f3re potem zosta\u0142y moimi najlepszymi przyjaci\u00f3\u0142kami.\" \/>\n<meta name=\"robots\" content=\"index, follow, max-snippet:-1, max-image-preview:large, max-video-preview:-1\" \/>\n<link rel=\"canonical\" href=\"https:\/\/www.sts-education.com\/pl\/szkola-srednia\/uczniowie-na-wymianie\/historie-uczniow\/abigail-pojechala-na-wymiane-do-holandii\/\" \/>\n<meta property=\"og:locale\" content=\"pl_PL\" \/>\n<meta property=\"og:type\" content=\"article\" \/>\n<meta property=\"og:title\" content=\"Abigail Pojechala Na Wymiane Do Holandii\" \/>\n<meta property=\"og:description\" content=\"Szko\u0142a by\u0142a \u015bwietna, uczniowie i nauczyciele byli naprawd\u0119 mili. M\u00f3j nauczyciel angielskiego zapozna\u0142 mnie z kilkoma dziewczynami z mojej klasy, kt\u00f3re potem zosta\u0142y moimi najlepszymi przyjaci\u00f3\u0142kami.\" \/>\n<meta property=\"og:url\" content=\"https:\/\/www.sts-education.com\/pl\/szkola-srednia\/uczniowie-na-wymianie\/historie-uczniow\/abigail-pojechala-na-wymiane-do-holandii\/\" \/>\n<meta property=\"og:site_name\" content=\"STS Education\" \/>\n<meta property=\"article:published_time\" content=\"2024-09-02T13:00:00+00:00\" \/>\n<meta property=\"article:modified_time\" content=\"2026-04-29T08:00:00+00:00\" \/>\n<meta property=\"og:image\" content=\"https:\/\/powered-by.qbank.se\/educatius\/sts\/\/cfd6458914c4644c1203add909557aef_1-1-thumb.webp\" \/>\n\t<meta property=\"og:image:width\" content=\"150\" \/>\n\t<meta property=\"og:image:height\" content=\"150\" \/>\n\t<meta property=\"og:image:type\" content=\"image\/jpeg\" \/>\n<meta name=\"author\" content=\"syncreadwrite\" \/>\n<meta name=\"twitter:card\" content=\"summary_large_image\" \/>\n<meta name=\"twitter:label1\" content=\"Napisane przez\" \/>\n\t<meta name=\"twitter:data1\" content=\"syncreadwrite\" \/>\n\t<meta name=\"twitter:label2\" content=\"Szacowany czas czytania\" \/>\n\t<meta name=\"twitter:data2\" content=\"1 minuta\" \/>\n<script type=\"application\/ld+json\" class=\"yoast-schema-graph\">{\"@context\":\"https:\/\/schema.org\",\"@graph\":[{\"@type\":\"Article\",\"@id\":\"https:\/\/www.sts-education.com\/pl\/szkola-srednia\/uczniowie-na-wymianie\/historie-uczniow\/abigail-pojechala-na-wymiane-do-holandii\/#article\",\"isPartOf\":{\"@id\":\"https:\/\/www.sts-education.com\/pl\/szkola-srednia\/uczniowie-na-wymianie\/historie-uczniow\/abigail-pojechala-na-wymiane-do-holandii\/\"},\"author\":{\"name\":\"syncreadwrite\",\"@id\":\"https:\/\/www.sts-education.com\/pl\/#\/schema\/person\/8b82f3a2e45f020b8f296d7a85d9a97c\"},\"headline\":\"Abigail Pojechala Na Wymiane Do Holandii\",\"datePublished\":\"2024-09-02T13:00:00+00:00\",\"dateModified\":\"2026-04-29T08:00:00+00:00\",\"mainEntityOfPage\":{\"@id\":\"https:\/\/www.sts-education.com\/pl\/szkola-srednia\/uczniowie-na-wymianie\/historie-uczniow\/abigail-pojechala-na-wymiane-do-holandii\/\"},\"wordCount\":245,\"commentCount\":0,\"image\":{\"@id\":\"https:\/\/www.sts-education.com\/pl\/szkola-srednia\/uczniowie-na-wymianie\/historie-uczniow\/abigail-pojechala-na-wymiane-do-holandii\/#primaryimage\"},\"thumbnailUrl\":\"https:\/\/powered-by.qbank.se\/educatius\/sts\/\/cfd6458914c4644c1203add909557aef_1-1-thumb.webp\",\"keywords\":[\"Holandia\"],\"inLanguage\":\"pl-PL\",\"potentialAction\":[{\"@type\":\"CommentAction\",\"name\":\"Comment\",\"target\":[\"https:\/\/www.sts-education.com\/pl\/szkola-srednia\/uczniowie-na-wymianie\/historie-uczniow\/abigail-pojechala-na-wymiane-do-holandii\/#respond\"]}]},{\"@type\":\"WebPage\",\"@id\":\"https:\/\/www.sts-education.com\/pl\/szkola-srednia\/uczniowie-na-wymianie\/historie-uczniow\/abigail-pojechala-na-wymiane-do-holandii\/\",\"url\":\"https:\/\/www.sts-education.com\/pl\/szkola-srednia\/uczniowie-na-wymianie\/historie-uczniow\/abigail-pojechala-na-wymiane-do-holandii\/\",\"name\":\"Abigail pojecha\u0142a na wymian\u0119 do Holandii\",\"isPartOf\":{\"@id\":\"https:\/\/www.sts-education.com\/pl\/#website\"},\"primaryImageOfPage\":{\"@id\":\"https:\/\/www.sts-education.com\/pl\/szkola-srednia\/uczniowie-na-wymianie\/historie-uczniow\/abigail-pojechala-na-wymiane-do-holandii\/#primaryimage\"},\"image\":{\"@id\":\"https:\/\/www.sts-education.com\/pl\/szkola-srednia\/uczniowie-na-wymianie\/historie-uczniow\/abigail-pojechala-na-wymiane-do-holandii\/#primaryimage\"},\"thumbnailUrl\":\"https:\/\/powered-by.qbank.se\/educatius\/sts\/\/cfd6458914c4644c1203add909557aef_1-1-thumb.webp\",\"datePublished\":\"2024-09-02T13:00:00+00:00\",\"dateModified\":\"2026-04-29T08:00:00+00:00\",\"author\":{\"@id\":\"https:\/\/www.sts-education.com\/pl\/#\/schema\/person\/8b82f3a2e45f020b8f296d7a85d9a97c\"},\"description\":\"Szko\u0142a by\u0142a \u015bwietna, uczniowie i nauczyciele byli naprawd\u0119 mili. M\u00f3j nauczyciel angielskiego zapozna\u0142 mnie z kilkoma dziewczynami z mojej klasy, kt\u00f3re potem zosta\u0142y moimi najlepszymi przyjaci\u00f3\u0142kami.\",\"breadcrumb\":{\"@id\":\"https:\/\/www.sts-education.com\/pl\/szkola-srednia\/uczniowie-na-wymianie\/historie-uczniow\/abigail-pojechala-na-wymiane-do-holandii\/#breadcrumb\"},\"inLanguage\":\"pl-PL\",\"potentialAction\":[{\"@type\":\"ReadAction\",\"target\":[\"https:\/\/www.sts-education.com\/pl\/szkola-srednia\/uczniowie-na-wymianie\/historie-uczniow\/abigail-pojechala-na-wymiane-do-holandii\/\"]}]},{\"@type\":\"ImageObject\",\"inLanguage\":\"pl-PL\",\"@id\":\"https:\/\/www.sts-education.com\/pl\/szkola-srednia\/uczniowie-na-wymianie\/historie-uczniow\/abigail-pojechala-na-wymiane-do-holandii\/#primaryimage\",\"url\":\"https:\/\/powered-by.qbank.se\/educatius\/sts\/\/cfd6458914c4644c1203add909557aef_1-1-thumb.webp\",\"contentUrl\":\"https:\/\/powered-by.qbank.se\/educatius\/sts\/\/cfd6458914c4644c1203add909557aef_1-1-thumb.webp\",\"width\":150,\"height\":150},{\"@type\":\"BreadcrumbList\",\"@id\":\"https:\/\/www.sts-education.com\/pl\/szkola-srednia\/uczniowie-na-wymianie\/historie-uczniow\/abigail-pojechala-na-wymiane-do-holandii\/#breadcrumb\",\"itemListElement\":[{\"@type\":\"ListItem\",\"position\":1,\"name\":\"Home\",\"item\":\"https:\/\/www.sts-education.com\/pl\/\"},{\"@type\":\"ListItem\",\"position\":2,\"name\":\"Abigail Pojechala Na Wymiane Do Holandii\"}]},{\"@type\":\"WebSite\",\"@id\":\"https:\/\/www.sts-education.com\/pl\/#website\",\"url\":\"https:\/\/www.sts-education.com\/pl\/\",\"name\":\"STS Education\",\"description\":\"\",\"potentialAction\":[{\"@type\":\"SearchAction\",\"target\":{\"@type\":\"EntryPoint\",\"urlTemplate\":\"https:\/\/www.sts-education.com\/pl\/?s={search_term_string}\"},\"query-input\":{\"@type\":\"PropertyValueSpecification\",\"valueRequired\":true,\"valueName\":\"search_term_string\"}}],\"inLanguage\":\"pl-PL\"},{\"@type\":\"Person\",\"@id\":\"https:\/\/www.sts-education.com\/pl\/#\/schema\/person\/8b82f3a2e45f020b8f296d7a85d9a97c\",\"name\":\"syncreadwrite\",\"image\":{\"@type\":\"ImageObject\",\"inLanguage\":\"pl-PL\",\"@id\":\"https:\/\/secure.gravatar.com\/avatar\/6ed1007e4f6f43f22e3df41d9fce4365533cba47fef64bb359b8e629abbc2ea6?s=96&d=mm&r=g\",\"url\":\"https:\/\/secure.gravatar.com\/avatar\/6ed1007e4f6f43f22e3df41d9fce4365533cba47fef64bb359b8e629abbc2ea6?s=96&d=mm&r=g\",\"contentUrl\":\"https:\/\/secure.gravatar.com\/avatar\/6ed1007e4f6f43f22e3df41d9fce4365533cba47fef64bb359b8e629abbc2ea6?s=96&d=mm&r=g\",\"caption\":\"syncreadwrite\"},\"url\":\"https:\/\/www.sts-education.com\/pl\/author\/syncreadwrite\/\"}]}<\/script>\n<!-- \/ Yoast SEO Premium plugin. -->","yoast_head_json":{"title":"Abigail pojecha\u0142a na wymian\u0119 do Holandii","description":"Szko\u0142a by\u0142a \u015bwietna, uczniowie i nauczyciele byli naprawd\u0119 mili. M\u00f3j nauczyciel angielskiego zapozna\u0142 mnie z kilkoma dziewczynami z mojej klasy, kt\u00f3re potem zosta\u0142y moimi najlepszymi przyjaci\u00f3\u0142kami.","robots":{"index":"index","follow":"follow","max-snippet":"max-snippet:-1","max-image-preview":"max-image-preview:large","max-video-preview":"max-video-preview:-1"},"canonical":"https:\/\/www.sts-education.com\/pl\/szkola-srednia\/uczniowie-na-wymianie\/historie-uczniow\/abigail-pojechala-na-wymiane-do-holandii\/","og_locale":"pl_PL","og_type":"article","og_title":"Abigail Pojechala Na Wymiane Do Holandii","og_description":"Szko\u0142a by\u0142a \u015bwietna, uczniowie i nauczyciele byli naprawd\u0119 mili. M\u00f3j nauczyciel angielskiego zapozna\u0142 mnie z kilkoma dziewczynami z mojej klasy, kt\u00f3re potem zosta\u0142y moimi najlepszymi przyjaci\u00f3\u0142kami.","og_url":"https:\/\/www.sts-education.com\/pl\/szkola-srednia\/uczniowie-na-wymianie\/historie-uczniow\/abigail-pojechala-na-wymiane-do-holandii\/","og_site_name":"STS Education","article_published_time":"2024-09-02T13:00:00+00:00","article_modified_time":"2026-04-29T08:00:00+00:00","og_image":[{"width":150,"height":150,"url":"https:\/\/powered-by.qbank.se\/educatius\/sts\/\/cfd6458914c4644c1203add909557aef_1-1-thumb.webp","type":"image\/jpeg"}],"author":"syncreadwrite","twitter_card":"summary_large_image","twitter_misc":{"Napisane przez":"syncreadwrite","Szacowany czas czytania":"1 minuta"},"schema":{"@context":"https:\/\/schema.org","@graph":[{"@type":"Article","@id":"https:\/\/www.sts-education.com\/pl\/szkola-srednia\/uczniowie-na-wymianie\/historie-uczniow\/abigail-pojechala-na-wymiane-do-holandii\/#article","isPartOf":{"@id":"https:\/\/www.sts-education.com\/pl\/szkola-srednia\/uczniowie-na-wymianie\/historie-uczniow\/abigail-pojechala-na-wymiane-do-holandii\/"},"author":{"name":"syncreadwrite","@id":"https:\/\/www.sts-education.com\/pl\/#\/schema\/person\/8b82f3a2e45f020b8f296d7a85d9a97c"},"headline":"Abigail Pojechala Na Wymiane Do Holandii","datePublished":"2024-09-02T13:00:00+00:00","dateModified":"2026-04-29T08:00:00+00:00","mainEntityOfPage":{"@id":"https:\/\/www.sts-education.com\/pl\/szkola-srednia\/uczniowie-na-wymianie\/historie-uczniow\/abigail-pojechala-na-wymiane-do-holandii\/"},"wordCount":245,"commentCount":0,"image":{"@id":"https:\/\/www.sts-education.com\/pl\/szkola-srednia\/uczniowie-na-wymianie\/historie-uczniow\/abigail-pojechala-na-wymiane-do-holandii\/#primaryimage"},"thumbnailUrl":"https:\/\/powered-by.qbank.se\/educatius\/sts\/\/cfd6458914c4644c1203add909557aef_1-1-thumb.webp","keywords":["Holandia"],"inLanguage":"pl-PL","potentialAction":[{"@type":"CommentAction","name":"Comment","target":["https:\/\/www.sts-education.com\/pl\/szkola-srednia\/uczniowie-na-wymianie\/historie-uczniow\/abigail-pojechala-na-wymiane-do-holandii\/#respond"]}]},{"@type":"WebPage","@id":"https:\/\/www.sts-education.com\/pl\/szkola-srednia\/uczniowie-na-wymianie\/historie-uczniow\/abigail-pojechala-na-wymiane-do-holandii\/","url":"https:\/\/www.sts-education.com\/pl\/szkola-srednia\/uczniowie-na-wymianie\/historie-uczniow\/abigail-pojechala-na-wymiane-do-holandii\/","name":"Abigail pojecha\u0142a na wymian\u0119 do Holandii","isPartOf":{"@id":"https:\/\/www.sts-education.com\/pl\/#website"},"primaryImageOfPage":{"@id":"https:\/\/www.sts-education.com\/pl\/szkola-srednia\/uczniowie-na-wymianie\/historie-uczniow\/abigail-pojechala-na-wymiane-do-holandii\/#primaryimage"},"image":{"@id":"https:\/\/www.sts-education.com\/pl\/szkola-srednia\/uczniowie-na-wymianie\/historie-uczniow\/abigail-pojechala-na-wymiane-do-holandii\/#primaryimage"},"thumbnailUrl":"https:\/\/powered-by.qbank.se\/educatius\/sts\/\/cfd6458914c4644c1203add909557aef_1-1-thumb.webp","datePublished":"2024-09-02T13:00:00+00:00","dateModified":"2026-04-29T08:00:00+00:00","author":{"@id":"https:\/\/www.sts-education.com\/pl\/#\/schema\/person\/8b82f3a2e45f020b8f296d7a85d9a97c"},"description":"Szko\u0142a by\u0142a \u015bwietna, uczniowie i nauczyciele byli naprawd\u0119 mili. M\u00f3j nauczyciel angielskiego zapozna\u0142 mnie z kilkoma dziewczynami z mojej klasy, kt\u00f3re potem zosta\u0142y moimi najlepszymi przyjaci\u00f3\u0142kami.","breadcrumb":{"@id":"https:\/\/www.sts-education.com\/pl\/szkola-srednia\/uczniowie-na-wymianie\/historie-uczniow\/abigail-pojechala-na-wymiane-do-holandii\/#breadcrumb"},"inLanguage":"pl-PL","potentialAction":[{"@type":"ReadAction","target":["https:\/\/www.sts-education.com\/pl\/szkola-srednia\/uczniowie-na-wymianie\/historie-uczniow\/abigail-pojechala-na-wymiane-do-holandii\/"]}]},{"@type":"ImageObject","inLanguage":"pl-PL","@id":"https:\/\/www.sts-education.com\/pl\/szkola-srednia\/uczniowie-na-wymianie\/historie-uczniow\/abigail-pojechala-na-wymiane-do-holandii\/#primaryimage","url":"https:\/\/powered-by.qbank.se\/educatius\/sts\/\/cfd6458914c4644c1203add909557aef_1-1-thumb.webp","contentUrl":"https:\/\/powered-by.qbank.se\/educatius\/sts\/\/cfd6458914c4644c1203add909557aef_1-1-thumb.webp","width":150,"height":150},{"@type":"BreadcrumbList","@id":"https:\/\/www.sts-education.com\/pl\/szkola-srednia\/uczniowie-na-wymianie\/historie-uczniow\/abigail-pojechala-na-wymiane-do-holandii\/#breadcrumb","itemListElement":[{"@type":"ListItem","position":1,"name":"Home","item":"https:\/\/www.sts-education.com\/pl\/"},{"@type":"ListItem","position":2,"name":"Abigail Pojechala Na Wymiane Do Holandii"}]},{"@type":"WebSite","@id":"https:\/\/www.sts-education.com\/pl\/#website","url":"https:\/\/www.sts-education.com\/pl\/","name":"STS Education","description":"","potentialAction":[{"@type":"SearchAction","target":{"@type":"EntryPoint","urlTemplate":"https:\/\/www.sts-education.com\/pl\/?s={search_term_string}"},"query-input":{"@type":"PropertyValueSpecification","valueRequired":true,"valueName":"search_term_string"}}],"inLanguage":"pl-PL"},{"@type":"Person","@id":"https:\/\/www.sts-education.com\/pl\/#\/schema\/person\/8b82f3a2e45f020b8f296d7a85d9a97c","name":"syncreadwrite","image":{"@type":"ImageObject","inLanguage":"pl-PL","@id":"https:\/\/secure.gravatar.com\/avatar\/6ed1007e4f6f43f22e3df41d9fce4365533cba47fef64bb359b8e629abbc2ea6?s=96&d=mm&r=g","url":"https:\/\/secure.gravatar.com\/avatar\/6ed1007e4f6f43f22e3df41d9fce4365533cba47fef64bb359b8e629abbc2ea6?s=96&d=mm&r=g","contentUrl":"https:\/\/secure.gravatar.com\/avatar\/6ed1007e4f6f43f22e3df41d9fce4365533cba47fef64bb359b8e629abbc2ea6?s=96&d=mm&r=g","caption":"syncreadwrite"},"url":"https:\/\/www.sts-education.com\/pl\/author\/syncreadwrite\/"}]}},"_links":{"self":[{"href":"https:\/\/www.sts-education.com\/pl\/wp-json\/wp\/v2\/posts\/11104","targetHints":{"allow":["GET"]}}],"collection":[{"href":"https:\/\/www.sts-education.com\/pl\/wp-json\/wp\/v2\/posts"}],"about":[{"href":"https:\/\/www.sts-education.com\/pl\/wp-json\/wp\/v2\/types\/post"}],"author":[{"embeddable":true,"href":"https:\/\/www.sts-education.com\/pl\/wp-json\/wp\/v2\/users\/20"}],"replies":[{"embeddable":true,"href":"https:\/\/www.sts-education.com\/pl\/wp-json\/wp\/v2\/comments?post=11104"}],"version-history":[{"count":5,"href":"https:\/\/www.sts-education.com\/pl\/wp-json\/wp\/v2\/posts\/11104\/revisions"}],"predecessor-version":[{"id":43545,"href":"https:\/\/www.sts-education.com\/pl\/wp-json\/wp\/v2\/posts\/11104\/revisions\/43545"}],"wp:featuredmedia":[{"embeddable":true,"href":"https:\/\/www.sts-education.com\/pl\/wp-json\/wp\/v2\/media\/14404"}],"wp:attachment":[{"href":"https:\/\/www.sts-education.com\/pl\/wp-json\/wp\/v2\/media?parent=11104"}],"wp:term":[{"taxonomy":"category","embeddable":true,"href":"https:\/\/www.sts-education.com\/pl\/wp-json\/wp\/v2\/categories?post=11104"},{"taxonomy":"post_tag","embeddable":true,"href":"https:\/\/www.sts-education.com\/pl\/wp-json\/wp\/v2\/tags?post=11104"},{"taxonomy":"wpw_post_folders","embeddable":true,"href":"https:\/\/www.sts-education.com\/pl\/wp-json\/wp\/v2\/wpw_post_folders?post=11104"}],"curies":[{"name":"wp","href":"https:\/\/api.w.org\/{rel}","templated":true}]}}