{"id":11105,"date":"2024-08-27T15:00:00","date_gmt":"2024-08-27T13:00:00","guid":{"rendered":"https:\/\/preprod.sts-education.com\/blog\/2026\/03\/05\/rayn-byl-na-wymianie-w-szwecji\/"},"modified":"2026-04-29T09:59:34","modified_gmt":"2026-04-29T07:59:34","slug":"rayn-byl-na-wymianie-w-szwecji","status":"publish","type":"post","link":"https:\/\/www.sts-education.com\/pl\/szkola-srednia\/uczniowie-na-wymianie\/historie-uczniow\/rayn-byl-na-wymianie-w-szwecji\/","title":{"rendered":"Rayn Byl Na Wymianie W Szwecji"},"content":{"rendered":"\n<div class=\"wp-block-sts-text sts-text-editor has-max-width-md\"><div class=\"sts-text-editor__content\"><div class=\"sts-text-editor__content-inner\">\n<h1 style=\"text-align:center\">Rayn by\u0142 na wymianie w Szwecji<\/h1>\n<\/div><\/div><\/div>\n\n\n\n<figure class=\"wp-block-sts-image sts-block-image sts-block-image--count-1 has-max-width-lg\" data-count=\"1\"><div class=\"sts-block-image__grid\"><div class=\"sts-block-image__item\"><picture class=\"sts-responsive-image has-fit-cover has-pos-top is-skeleton\"><source media=\"(max-width: 834.98px)\" srcset=\"https:\/\/powered-by.qbank.se\/educatius\/sts\/77af69a8e2500351dc46c7daa33de5ca_1-1-thumb.webp 150w, https:\/\/powered-by.qbank.se\/educatius\/sts\/77af69a8e2500351dc46c7daa33de5ca_1-1-xsmall.webp 500w, https:\/\/powered-by.qbank.se\/educatius\/sts\/77af69a8e2500351dc46c7daa33de5ca_1-1-small.webp 800w, https:\/\/powered-by.qbank.se\/educatius\/sts\/77af69a8e2500351dc46c7daa33de5ca_1-1-medium.webp 1024w, https:\/\/powered-by.qbank.se\/educatius\/sts\/77af69a8e2500351dc46c7daa33de5ca_1-1-large.webp 1536w\" sizes=\"(max-width: 768px) 100vw, (max-width: 1200px) 100vw, 1200px\" type=\"image\/webp\"\/><source media=\"(min-width: 835px)\" srcset=\"https:\/\/powered-by.qbank.se\/educatius\/sts\/77af69a8e2500351dc46c7daa33de5ca_16-9-small.webp 800w, https:\/\/powered-by.qbank.se\/educatius\/sts\/77af69a8e2500351dc46c7daa33de5ca_16-9-medium.webp 1024w, https:\/\/powered-by.qbank.se\/educatius\/sts\/77af69a8e2500351dc46c7daa33de5ca_16-9-large.webp 1536w\" sizes=\"(max-width: 768px) 100vw, (max-width: 1200px) 100vw, 1200px\" type=\"image\/webp\"\/><img src=\"https:\/\/powered-by.qbank.se\/educatius\/sts\/77af69a8e2500351dc46c7daa33de5ca_1-1-thumb.webp\" alt=\"Rayn by\u0142 na wymianie w Szwecji\" loading=\"lazy\" decoding=\"async\" fetchpriority=\"low\" style=\"object-position:top\"\/><\/picture><\/div><\/div><\/figure>\n\n\n\n<div class=\"wp-block-sts-text sts-text-editor has-max-width-md\"><div class=\"sts-text-editor__content\"><div class=\"sts-text-editor__content-inner\">\n<p><em>Cze\u015b\u0107, mam na imi\u0119 Rayn. Jestem z Niemiec i mia\u0142em okazj\u0119 pojecha\u0107 na p\u00f3\u0142roczn\u0105 wymian\u0119 uczniowsk\u0105 do szwedzkiego Link\u00f6ping.<\/em><\/p>\n<\/div><\/div><\/div>\n\n\n\n<div class=\"wp-block-sts-text sts-text-editor has-max-width-md\"><div class=\"sts-text-editor__content\"><div class=\"sts-text-editor__content-inner\">\n<h2>Dlaczego zdecydowa\u0142em si\u0119 pojecha\u0107 na wymian\u0119 do Szwecji<\/h2>\n<p>Zawsze chcia\u0142em do\u015bwiadczy\u0107 \u017cycia, kultury i systemu szkolnego w innym kraju. Chcia\u0142em tam mieszka\u0107, a nie tylko pojecha\u0107 na wakacje. Kiedy us\u0142ysza\u0142am o mo\u017cliwo\u015bci wyjazdu na rok lub semestr na wymian\u0119, od razu pomy\u015bla\u0142am o Szwecji. Nigdy wcze\u015bniej tam nie by\u0142em, a zawsze lubi\u0142em ogl\u0105da\u0107 szwedzkie krajobrazy i miasta w telewizji.<\/p>\n<h2>W nowej szkole<\/h2>\n<p>Szko\u0142a, do kt\u00f3rej ucz\u0119szcza\u0142em w Szwecji, by\u0142a naprawd\u0119 super. By\u0142o to ma\u0142e liceum dla uczni\u00f3w ostatnich 3 klas. Ludzie byli naprawd\u0119 mili, a nauczyciele wspaniali! To by\u0142o wyj\u0105tkowe do\u015bwiadczenie, z kt\u00f3rego wiele si\u0119 nauczy\u0142em. Oczywi\u015bcie musia\u0142em si\u0119 oswoi\u0107 ze wszystkimi nowymi rzeczami, planem i przede wszystkim z tym, jak znale\u017a\u0107 w\u0142a\u015bciw\u0105 sal\u0119! Ale gdy ju\u017c si\u0119 przyzwyczai\u0142em, czu\u0142em si\u0119, jakbym chodzi\u0142 do szko\u0142y w swoim kraju. W sumie to nawet lepiej.<\/p>\n<h2>Mieszkanie z rodzin\u0105 goszcz\u0105c\u0105<\/h2>\n<p>Przede wszystkim, niezwykle ciekawie by\u0142o do\u015bwiadczy\u0107, jak wygl\u0105da codzienne \u017cycie w innej rodzinie. Mieszkanie z rodzin\u0105 goszcz\u0105c\u0105 to co\u015b zupe\u0142nie innego ni\u017c wyjazd za granic\u0119 na w\u0142asn\u0105 r\u0119k\u0119. Rodzina goszcz\u0105ca mo\u017ce Ci bardzo pom\u00f3c w przystosowaniu si\u0119 do nowego miasta i kraju, a je\u015bli pojawi\u0105 si\u0119 jakie\u015b problemy, zawsze mo\u017cesz z nimi porozmawia\u0107. \u015awietnie dogadywa\u0142em si\u0119 z moj\u0105 rodzin\u0105 goszcz\u0105c\u0105 i robili\u015bmy razem wiele fajnych rzeczy! Po powrocie do ojczyzny czuj\u0119, \u017ce mam drug\u0105 rodzin\u0119, z kt\u00f3r\u0105 zawsze b\u0119d\u0119 zwi\u0105zany emocjonalnie.<\/p>\n<h2>Nawi\u0105zywanie przyja\u017ani<\/h2>\n<p>Pierwsza okazja do nawi\u0105zania nowych znajomo\u015bci pojawia si\u0119 w szkole. Pierwszego dnia, po przedstawieniu si\u0119 klasie, m\u00f3j nauczyciel wybra\u0142 dw\u00f3jk\u0119 moich koleg\u00f3w z klasy, kt\u00f3rzy mieli si\u0119 mn\u0105 zaopiekowa\u0107 i pom\u00f3c mi, gdybym mia\u0142 jakie\u015b pytania. Wkr\u00f3tce znalaz\u0142em w klasie grup\u0119 przyjaci\u00f3\u0142, z kt\u00f3rymi sp\u0119dza\u0142em wi\u0119kszo\u015b\u0107 czasu. Polecam rozmawia\u0107 z jak najwi\u0119ksz\u0105 liczb\u0105 os\u00f3b, nawet z tymi najbardziej introwertycznymi, bo dzi\u0119ki temu mo\u017cna nawi\u0105za\u0107 wspania\u0142e przyja\u017anie!<\/p>\n<p>Masz mo\u017cliwo\u015b\u0107 poznania wielu innych uczni\u00f3w wymiany, na przyk\u0142ad na obozie STS Welcome Camp i w trakcie r\u00f3\u017cnych wydarze\u0144 organizowanych przez STS! Czasami do Twojej szko\u0142y przyje\u017cd\u017caj\u0105 r\u00f3wnie\u017c uczestnicy wymian z innych organizacji. To w\u0142a\u015bnie dzi\u0119ki temu nawi\u0105za\u0142em naprawd\u0119 \u015bwietn\u0105 przyja\u017a\u0144!<\/p>\n<p>W wolnym czasie masz wiele mo\u017cliwo\u015bci nawi\u0105zywania przyja\u017ani. Nie ma znaczenia, czy uprawiasz sport, grasz na instrumencie, czy po prostu lubisz sp\u0119dza\u0107 czas z innymi m\u0142odymi lud\u017ami. Do\u0142\u0105czaj\u0105c do dru\u017cyny sportowej, orkiestry, klubu m\u0142odzie\u017cowego, harcerzy i innych zespo\u0142\u00f3w, na pewno poznasz nowych ludzi.<\/p>\n<h2>Oczekiwania<\/h2>\n<p>Sugeruj\u0119, \u017ceby nie mie\u0107 zbyt wielu oczekiwa\u0144 co do wymiany, na przyk\u0142ad jak b\u0119dzie wygl\u0105da\u0107 Twoja rodzina goszcz\u0105ca lub do jakiej szko\u0142y b\u0119dziesz chodzi\u0107. Twoja wymiana b\u0119dzie wspania\u0142ym do\u015bwiadczeniem, bez wzgl\u0119du na to, czy b\u0119dziesz mie\u0107 rodze\u0144stwo goszcz\u0105ce, czy nie, i czy Twoja szko\u0142a b\u0119dzie ma\u0142a, czy du\u017ca. Nie mia\u0142em \u017cadnych oczekiwa\u0144 i jestem naprawd\u0119 zadowolony z ca\u0142ego do\u015bwiadczenia!<\/p>\n<p>Je\u015bli w trakcie wymiany pojawi\u0105 si\u0119 jakie\u015b problemy, zawsze mo\u017cesz porozmawia\u0107 z rodzicami goszcz\u0105cymi, lokalnym koordynatorem lub mentorem\/wychowawc\u0105 w szkole.<\/p>\n<h2>Najcenniejsze do\u015bwiadczenia z mojego pobytu za granic\u0105<\/h2>\n<p>Po pierwsze, w ci\u0105gu zaledwie kilku miesi\u0119cy zyska\u0142am du\u017co wi\u0119cej pewno\u015bci siebie! Nauczy\u0142em si\u0119 radzi\u0107 sobie o wiele lepiej sam i w nowym otoczeniu. Oczywi\u015bcie, nauczy\u0142em si\u0119 i praktykowa\u0142em rozmawianie w nowym j\u0119zyku, co by\u0142o znacznie przyjemniejsze ni\u017c nauka j\u0119zyka w szkole w moim kraju. Co wi\u0119cej, zrozumia\u0142em, \u017ce zawsze mo\u017cna prosi\u0107 o pomoc i ustala\u0107 w\u0142asne granice, na przyk\u0142ad nie martwi\u0107 si\u0119 za bardzo szko\u0142\u0105 czy aktywno\u015bciami.<\/p>\n<h2>Wp\u0142yw pobytu za granic\u0105 na moj\u0105 przysz\u0142o\u015b\u0107<\/h2>\n<p>Wymiana uczniowska mia\u0142a na moje \u017cycie wi\u0119kszy wp\u0142yw ni\u017c cokolwiek innego. Po powrocie do kraju zda\u0142em sobie spraw\u0119, \u017ce ca\u0142kowicie pozby\u0142em si\u0119 strachu przed nowymi miejscami i sytuacjami. Teraz mam te\u017c mowy cel w \u017cyciu: poprawi\u0107 sw\u00f3j szwedzki i pewnego dnia zamieszka\u0107 w Szwecji, poniewa\u017c naprawd\u0119 zakocha\u0142em si\u0119 w tym kraju.<\/p>\n<h2>Rzeczy, kt\u00f3re zrobi\u0142bym inaczej<\/h2>\n<p>Gdybym m\u00f3g\u0142 cofn\u0105\u0107 czas, wybra\u0142bym wymian\u0119 trwaj\u0105c\u0105 ca\u0142y rok, a nie tylko p\u00f3\u0142 roku, poniewa\u017c by\u0142 to najlepszy okres w moim \u017cyciu. To jednak tylko moja osobista perspektywa, wiele innych os\u00f3b prawdopodobnie nie mia\u0142oby nic przeciwko wyjazdowi za granic\u0119 na zaledwie 6 miesi\u0119cy!<\/p>\n<h2>Moje do\u015bwiadczenia z STS<\/h2>\n<p>My\u015bl\u0119, \u017ce STS jest \u015bwietn\u0105 organizacj\u0105, a wyjazd na wymian\u0119 z STS to niesamowite prze\u017cycie. STS jest zawsze do dyspozycji uczni\u00f3w i ich rodzin: Przed z\u0142o\u017ceniem podania ma miejsce wiele wideokonferencji, podczas kt\u00f3rych STS przedstawia informacje na temat pobytu, kraj\u00f3w i procedurze sk\u0142adania wniosk\u00f3w. Podczas procesu aplikacyjnego, Tw\u00f3j koordynator programu jest zawsze dost\u0119pny, aby odpowiedzie\u0107 na wszystkie Twoje pytania. Ka\u017cdy ucze\u0144 na wymianie ma lokalnego koordynatora, kt\u00f3ry raz w miesi\u0105cu sprawdza, co u Ciebie s\u0142ycha\u0107.<\/p>\n<p>Pocz\u0105wszy od obozu powitalnego na starcie pobytu, b\u0119dziesz mie\u0107 wiele okazji, by pozna\u0107 innych uczni\u00f3w z wymiany. P\u00f3\u017aniej STS organizuje weekendy z r\u00f3\u017cnymi zaj\u0119ciami dla uczni\u00f3w z wymiany z r\u00f3\u017cnych kraj\u00f3w. Nie s\u0105 one wliczone w cen\u0119 pobytu, ale zdecydowanie warto wzi\u0105\u0107 w nich udzia\u0142!<\/p>\n<h2>Dlaczego warto uczy\u0107 si\u0119 za granic\u0105<\/h2>\n<p>Nauka za granic\u0105 jest do\u015bwiadczeniem, kt\u00f3re ka\u017cdy powinien prze\u017cy\u0107 przynajmniej raz. Ju\u017c samo mieszkanie w innym kraju przez pewien czas da Ci mn\u00f3stwo nowych spostrze\u017ce\u0144 na temat tego, jak mo\u017ce wygl\u0105da\u0107 \u017cycie w innych warunkach, jak mo\u017ce wygl\u0105da\u0107 \u017cycie w r\u00f3\u017cnych okoliczno\u015bciach, takich jak inna kultura, inny klimat, nowe otoczenie czy inna szko\u0142a.<\/p>\n<p>Stajesz si\u0119 o wiele m\u0105drzejszy! Masz szans\u0119 nie tylko nauczy\u0107 si\u0119 nowego j\u0119zyka i \u0107wiczy\u0107 go w codziennych sytuacjach, ale tak\u017ce dowiedzie\u0107 si\u0119 wiele o sobie i sta\u0107 si\u0119 o wiele bardziej niezale\u017cnym cz\u0142owiekiem.<\/p>\n<h2>Porady dla ka\u017cdego uczestnika wymiany<\/h2>\n<ul><li>Nie por\u00f3wnuj si\u0119 z innymi uczestnikami programu, ka\u017cde do\u015bwiadczenie zwi\u0105zane z wymian\u0105 jest wyj\u0105tkowe i ma swoje zalety i wady!<\/li>\n<li>Nie b\u00f3j si\u0119 prosi\u0107 o pomoc. To normalne, \u017ce \u017cycie z now\u0105 rodzin\u0105, chodzenie do nowej szko\u0142y i rozmawianie z lud\u017ami w j\u0119zyku, kt\u00f3rego wci\u0105\u017c si\u0119 uczysz, to nie bu\u0142ka z mas\u0142em!<\/li>\n<li>Jeste\u015b wystarczaj\u0105co dobry lub dobra! Nie ma potrzeby czu\u0107 si\u0119 \u017ale z samym sob\u0105.<\/li>\n<li>Nie czekaj zbyt d\u0142ugo, zanim zaczniesz robi\u0107 to, co chcesz, np. rozmawia\u0107 z nowymi lud\u017ami lub pr\u00f3bowa\u0107 nowych rzeczy. Naprawd\u0119 warto przezwyci\u0119\u017cy\u0107 swoje l\u0119ki!<\/li><\/ul>\n<h2>Dowiedz si\u0119 wi\u0119cej<\/h2>\n<ul><li>Przeczytaj wi\u0119cej <a href=\"https:\/\/www.sts-education.com\/pl\/szkola-srednia\/uczniowie-na-wymianie\/historie-uczniow\/?hashtag=Szwecja\">historii uczni\u00f3w ze Szwecji<\/a><\/li>\n<li>Przeczytaj wi\u0119cej o <a href=\"https:\/\/www.sts-education.com\/pl\/szkola-srednia\/kierunki-wyjazdowe\/europa\/szwecja\/\">wymianie licealnej w Szwecji<\/a><\/li>\n<li>Zobacz <a href=\"\/pl\/high-school\/tripfinder\/\">wszystkie miejsca docelowe naszych wymian licealnych<\/a><\/li><\/ul>\n<\/div><\/div><\/div>\n","protected":false},"excerpt":{"rendered":"","protected":false},"author":20,"featured_media":14406,"comment_status":"open","ping_status":"open","sticky":false,"template":"","format":"standard","meta":{"_acf_changed":false,"_yoast_wpseo_title":"Rayn by\u0142 na wymianie w Szwecji","_yoast_wpseo_metadesc":"Zawsze chcia\u0142em do\u015bwiadczy\u0107 \u017cycia, kultury i systemu szkolnego w innym kraju. Chcia\u0142em tam mieszka\u0107, a nie tylko pojecha\u0107 na wakacje.","footnotes":""},"categories":[265],"tags":[1028],"wpw_post_folders":[],"class_list":["post-11105","post","type-post","status-publish","format-standard","has-post-thumbnail","hentry","category-bez-kategorii","tag-szwecja"],"acf":[],"yoast_head":"<!-- This site is optimized with the Yoast SEO Premium plugin v27.2 (Yoast SEO v27.2) - https:\/\/yoast.com\/product\/yoast-seo-premium-wordpress\/ -->\n<title>Rayn by\u0142 na wymianie w Szwecji<\/title>\n<meta name=\"description\" content=\"Zawsze chcia\u0142em do\u015bwiadczy\u0107 \u017cycia, kultury i systemu szkolnego w innym kraju. Chcia\u0142em tam mieszka\u0107, a nie tylko pojecha\u0107 na wakacje.\" \/>\n<meta name=\"robots\" content=\"index, follow, max-snippet:-1, max-image-preview:large, max-video-preview:-1\" \/>\n<link rel=\"canonical\" href=\"https:\/\/www.sts-education.com\/pl\/szkola-srednia\/uczniowie-na-wymianie\/historie-uczniow\/rayn-byl-na-wymianie-w-szwecji\/\" \/>\n<meta property=\"og:locale\" content=\"pl_PL\" \/>\n<meta property=\"og:type\" content=\"article\" \/>\n<meta property=\"og:title\" content=\"Rayn Byl Na Wymianie W Szwecji\" \/>\n<meta property=\"og:description\" content=\"Zawsze chcia\u0142em do\u015bwiadczy\u0107 \u017cycia, kultury i systemu szkolnego w innym kraju. Chcia\u0142em tam mieszka\u0107, a nie tylko pojecha\u0107 na wakacje.\" \/>\n<meta property=\"og:url\" content=\"https:\/\/www.sts-education.com\/pl\/szkola-srednia\/uczniowie-na-wymianie\/historie-uczniow\/rayn-byl-na-wymianie-w-szwecji\/\" \/>\n<meta property=\"og:site_name\" content=\"STS Education\" \/>\n<meta property=\"article:published_time\" content=\"2024-08-27T13:00:00+00:00\" \/>\n<meta property=\"article:modified_time\" content=\"2026-04-29T07:59:34+00:00\" \/>\n<meta property=\"og:image\" content=\"https:\/\/powered-by.qbank.se\/educatius\/sts\/\/77af69a8e2500351dc46c7daa33de5ca_1-1-thumb.webp\" \/>\n\t<meta property=\"og:image:width\" content=\"150\" \/>\n\t<meta property=\"og:image:height\" content=\"150\" \/>\n\t<meta property=\"og:image:type\" content=\"image\/jpeg\" \/>\n<meta name=\"author\" content=\"syncreadwrite\" \/>\n<meta name=\"twitter:card\" content=\"summary_large_image\" \/>\n<meta name=\"twitter:label1\" content=\"Napisane przez\" \/>\n\t<meta name=\"twitter:data1\" content=\"syncreadwrite\" \/>\n\t<meta name=\"twitter:label2\" content=\"Szacowany czas czytania\" \/>\n\t<meta name=\"twitter:data2\" content=\"6 minut\" \/>\n<script type=\"application\/ld+json\" class=\"yoast-schema-graph\">{\"@context\":\"https:\/\/schema.org\",\"@graph\":[{\"@type\":\"Article\",\"@id\":\"https:\/\/www.sts-education.com\/pl\/szkola-srednia\/uczniowie-na-wymianie\/historie-uczniow\/rayn-byl-na-wymianie-w-szwecji\/#article\",\"isPartOf\":{\"@id\":\"https:\/\/www.sts-education.com\/pl\/szkola-srednia\/uczniowie-na-wymianie\/historie-uczniow\/rayn-byl-na-wymianie-w-szwecji\/\"},\"author\":{\"name\":\"syncreadwrite\",\"@id\":\"https:\/\/www.sts-education.com\/pl\/#\/schema\/person\/8b82f3a2e45f020b8f296d7a85d9a97c\"},\"headline\":\"Rayn Byl Na Wymianie W Szwecji\",\"datePublished\":\"2024-08-27T13:00:00+00:00\",\"dateModified\":\"2026-04-29T07:59:34+00:00\",\"mainEntityOfPage\":{\"@id\":\"https:\/\/www.sts-education.com\/pl\/szkola-srednia\/uczniowie-na-wymianie\/historie-uczniow\/rayn-byl-na-wymianie-w-szwecji\/\"},\"wordCount\":1227,\"commentCount\":0,\"image\":{\"@id\":\"https:\/\/www.sts-education.com\/pl\/szkola-srednia\/uczniowie-na-wymianie\/historie-uczniow\/rayn-byl-na-wymianie-w-szwecji\/#primaryimage\"},\"thumbnailUrl\":\"https:\/\/powered-by.qbank.se\/educatius\/sts\/\/77af69a8e2500351dc46c7daa33de5ca_1-1-thumb.webp\",\"keywords\":[\"Szwecja\"],\"inLanguage\":\"pl-PL\",\"potentialAction\":[{\"@type\":\"CommentAction\",\"name\":\"Comment\",\"target\":[\"https:\/\/www.sts-education.com\/pl\/szkola-srednia\/uczniowie-na-wymianie\/historie-uczniow\/rayn-byl-na-wymianie-w-szwecji\/#respond\"]}]},{\"@type\":\"WebPage\",\"@id\":\"https:\/\/www.sts-education.com\/pl\/szkola-srednia\/uczniowie-na-wymianie\/historie-uczniow\/rayn-byl-na-wymianie-w-szwecji\/\",\"url\":\"https:\/\/www.sts-education.com\/pl\/szkola-srednia\/uczniowie-na-wymianie\/historie-uczniow\/rayn-byl-na-wymianie-w-szwecji\/\",\"name\":\"Rayn by\u0142 na wymianie w Szwecji\",\"isPartOf\":{\"@id\":\"https:\/\/www.sts-education.com\/pl\/#website\"},\"primaryImageOfPage\":{\"@id\":\"https:\/\/www.sts-education.com\/pl\/szkola-srednia\/uczniowie-na-wymianie\/historie-uczniow\/rayn-byl-na-wymianie-w-szwecji\/#primaryimage\"},\"image\":{\"@id\":\"https:\/\/www.sts-education.com\/pl\/szkola-srednia\/uczniowie-na-wymianie\/historie-uczniow\/rayn-byl-na-wymianie-w-szwecji\/#primaryimage\"},\"thumbnailUrl\":\"https:\/\/powered-by.qbank.se\/educatius\/sts\/\/77af69a8e2500351dc46c7daa33de5ca_1-1-thumb.webp\",\"datePublished\":\"2024-08-27T13:00:00+00:00\",\"dateModified\":\"2026-04-29T07:59:34+00:00\",\"author\":{\"@id\":\"https:\/\/www.sts-education.com\/pl\/#\/schema\/person\/8b82f3a2e45f020b8f296d7a85d9a97c\"},\"description\":\"Zawsze chcia\u0142em do\u015bwiadczy\u0107 \u017cycia, kultury i systemu szkolnego w innym kraju. Chcia\u0142em tam mieszka\u0107, a nie tylko pojecha\u0107 na wakacje.\",\"breadcrumb\":{\"@id\":\"https:\/\/www.sts-education.com\/pl\/szkola-srednia\/uczniowie-na-wymianie\/historie-uczniow\/rayn-byl-na-wymianie-w-szwecji\/#breadcrumb\"},\"inLanguage\":\"pl-PL\",\"potentialAction\":[{\"@type\":\"ReadAction\",\"target\":[\"https:\/\/www.sts-education.com\/pl\/szkola-srednia\/uczniowie-na-wymianie\/historie-uczniow\/rayn-byl-na-wymianie-w-szwecji\/\"]}]},{\"@type\":\"ImageObject\",\"inLanguage\":\"pl-PL\",\"@id\":\"https:\/\/www.sts-education.com\/pl\/szkola-srednia\/uczniowie-na-wymianie\/historie-uczniow\/rayn-byl-na-wymianie-w-szwecji\/#primaryimage\",\"url\":\"https:\/\/powered-by.qbank.se\/educatius\/sts\/\/77af69a8e2500351dc46c7daa33de5ca_1-1-thumb.webp\",\"contentUrl\":\"https:\/\/powered-by.qbank.se\/educatius\/sts\/\/77af69a8e2500351dc46c7daa33de5ca_1-1-thumb.webp\",\"width\":150,\"height\":150},{\"@type\":\"BreadcrumbList\",\"@id\":\"https:\/\/www.sts-education.com\/pl\/szkola-srednia\/uczniowie-na-wymianie\/historie-uczniow\/rayn-byl-na-wymianie-w-szwecji\/#breadcrumb\",\"itemListElement\":[{\"@type\":\"ListItem\",\"position\":1,\"name\":\"Home\",\"item\":\"https:\/\/www.sts-education.com\/pl\/\"},{\"@type\":\"ListItem\",\"position\":2,\"name\":\"Rayn Byl Na Wymianie W Szwecji\"}]},{\"@type\":\"WebSite\",\"@id\":\"https:\/\/www.sts-education.com\/pl\/#website\",\"url\":\"https:\/\/www.sts-education.com\/pl\/\",\"name\":\"STS Education\",\"description\":\"\",\"potentialAction\":[{\"@type\":\"SearchAction\",\"target\":{\"@type\":\"EntryPoint\",\"urlTemplate\":\"https:\/\/www.sts-education.com\/pl\/?s={search_term_string}\"},\"query-input\":{\"@type\":\"PropertyValueSpecification\",\"valueRequired\":true,\"valueName\":\"search_term_string\"}}],\"inLanguage\":\"pl-PL\"},{\"@type\":\"Person\",\"@id\":\"https:\/\/www.sts-education.com\/pl\/#\/schema\/person\/8b82f3a2e45f020b8f296d7a85d9a97c\",\"name\":\"syncreadwrite\",\"image\":{\"@type\":\"ImageObject\",\"inLanguage\":\"pl-PL\",\"@id\":\"https:\/\/secure.gravatar.com\/avatar\/6ed1007e4f6f43f22e3df41d9fce4365533cba47fef64bb359b8e629abbc2ea6?s=96&d=mm&r=g\",\"url\":\"https:\/\/secure.gravatar.com\/avatar\/6ed1007e4f6f43f22e3df41d9fce4365533cba47fef64bb359b8e629abbc2ea6?s=96&d=mm&r=g\",\"contentUrl\":\"https:\/\/secure.gravatar.com\/avatar\/6ed1007e4f6f43f22e3df41d9fce4365533cba47fef64bb359b8e629abbc2ea6?s=96&d=mm&r=g\",\"caption\":\"syncreadwrite\"},\"url\":\"https:\/\/www.sts-education.com\/pl\/author\/syncreadwrite\/\"}]}<\/script>\n<!-- \/ Yoast SEO Premium plugin. -->","yoast_head_json":{"title":"Rayn by\u0142 na wymianie w Szwecji","description":"Zawsze chcia\u0142em do\u015bwiadczy\u0107 \u017cycia, kultury i systemu szkolnego w innym kraju. Chcia\u0142em tam mieszka\u0107, a nie tylko pojecha\u0107 na wakacje.","robots":{"index":"index","follow":"follow","max-snippet":"max-snippet:-1","max-image-preview":"max-image-preview:large","max-video-preview":"max-video-preview:-1"},"canonical":"https:\/\/www.sts-education.com\/pl\/szkola-srednia\/uczniowie-na-wymianie\/historie-uczniow\/rayn-byl-na-wymianie-w-szwecji\/","og_locale":"pl_PL","og_type":"article","og_title":"Rayn Byl Na Wymianie W Szwecji","og_description":"Zawsze chcia\u0142em do\u015bwiadczy\u0107 \u017cycia, kultury i systemu szkolnego w innym kraju. Chcia\u0142em tam mieszka\u0107, a nie tylko pojecha\u0107 na wakacje.","og_url":"https:\/\/www.sts-education.com\/pl\/szkola-srednia\/uczniowie-na-wymianie\/historie-uczniow\/rayn-byl-na-wymianie-w-szwecji\/","og_site_name":"STS Education","article_published_time":"2024-08-27T13:00:00+00:00","article_modified_time":"2026-04-29T07:59:34+00:00","og_image":[{"width":150,"height":150,"url":"https:\/\/powered-by.qbank.se\/educatius\/sts\/\/77af69a8e2500351dc46c7daa33de5ca_1-1-thumb.webp","type":"image\/jpeg"}],"author":"syncreadwrite","twitter_card":"summary_large_image","twitter_misc":{"Napisane przez":"syncreadwrite","Szacowany czas czytania":"6 minut"},"schema":{"@context":"https:\/\/schema.org","@graph":[{"@type":"Article","@id":"https:\/\/www.sts-education.com\/pl\/szkola-srednia\/uczniowie-na-wymianie\/historie-uczniow\/rayn-byl-na-wymianie-w-szwecji\/#article","isPartOf":{"@id":"https:\/\/www.sts-education.com\/pl\/szkola-srednia\/uczniowie-na-wymianie\/historie-uczniow\/rayn-byl-na-wymianie-w-szwecji\/"},"author":{"name":"syncreadwrite","@id":"https:\/\/www.sts-education.com\/pl\/#\/schema\/person\/8b82f3a2e45f020b8f296d7a85d9a97c"},"headline":"Rayn Byl Na Wymianie W Szwecji","datePublished":"2024-08-27T13:00:00+00:00","dateModified":"2026-04-29T07:59:34+00:00","mainEntityOfPage":{"@id":"https:\/\/www.sts-education.com\/pl\/szkola-srednia\/uczniowie-na-wymianie\/historie-uczniow\/rayn-byl-na-wymianie-w-szwecji\/"},"wordCount":1227,"commentCount":0,"image":{"@id":"https:\/\/www.sts-education.com\/pl\/szkola-srednia\/uczniowie-na-wymianie\/historie-uczniow\/rayn-byl-na-wymianie-w-szwecji\/#primaryimage"},"thumbnailUrl":"https:\/\/powered-by.qbank.se\/educatius\/sts\/\/77af69a8e2500351dc46c7daa33de5ca_1-1-thumb.webp","keywords":["Szwecja"],"inLanguage":"pl-PL","potentialAction":[{"@type":"CommentAction","name":"Comment","target":["https:\/\/www.sts-education.com\/pl\/szkola-srednia\/uczniowie-na-wymianie\/historie-uczniow\/rayn-byl-na-wymianie-w-szwecji\/#respond"]}]},{"@type":"WebPage","@id":"https:\/\/www.sts-education.com\/pl\/szkola-srednia\/uczniowie-na-wymianie\/historie-uczniow\/rayn-byl-na-wymianie-w-szwecji\/","url":"https:\/\/www.sts-education.com\/pl\/szkola-srednia\/uczniowie-na-wymianie\/historie-uczniow\/rayn-byl-na-wymianie-w-szwecji\/","name":"Rayn by\u0142 na wymianie w Szwecji","isPartOf":{"@id":"https:\/\/www.sts-education.com\/pl\/#website"},"primaryImageOfPage":{"@id":"https:\/\/www.sts-education.com\/pl\/szkola-srednia\/uczniowie-na-wymianie\/historie-uczniow\/rayn-byl-na-wymianie-w-szwecji\/#primaryimage"},"image":{"@id":"https:\/\/www.sts-education.com\/pl\/szkola-srednia\/uczniowie-na-wymianie\/historie-uczniow\/rayn-byl-na-wymianie-w-szwecji\/#primaryimage"},"thumbnailUrl":"https:\/\/powered-by.qbank.se\/educatius\/sts\/\/77af69a8e2500351dc46c7daa33de5ca_1-1-thumb.webp","datePublished":"2024-08-27T13:00:00+00:00","dateModified":"2026-04-29T07:59:34+00:00","author":{"@id":"https:\/\/www.sts-education.com\/pl\/#\/schema\/person\/8b82f3a2e45f020b8f296d7a85d9a97c"},"description":"Zawsze chcia\u0142em do\u015bwiadczy\u0107 \u017cycia, kultury i systemu szkolnego w innym kraju. Chcia\u0142em tam mieszka\u0107, a nie tylko pojecha\u0107 na wakacje.","breadcrumb":{"@id":"https:\/\/www.sts-education.com\/pl\/szkola-srednia\/uczniowie-na-wymianie\/historie-uczniow\/rayn-byl-na-wymianie-w-szwecji\/#breadcrumb"},"inLanguage":"pl-PL","potentialAction":[{"@type":"ReadAction","target":["https:\/\/www.sts-education.com\/pl\/szkola-srednia\/uczniowie-na-wymianie\/historie-uczniow\/rayn-byl-na-wymianie-w-szwecji\/"]}]},{"@type":"ImageObject","inLanguage":"pl-PL","@id":"https:\/\/www.sts-education.com\/pl\/szkola-srednia\/uczniowie-na-wymianie\/historie-uczniow\/rayn-byl-na-wymianie-w-szwecji\/#primaryimage","url":"https:\/\/powered-by.qbank.se\/educatius\/sts\/\/77af69a8e2500351dc46c7daa33de5ca_1-1-thumb.webp","contentUrl":"https:\/\/powered-by.qbank.se\/educatius\/sts\/\/77af69a8e2500351dc46c7daa33de5ca_1-1-thumb.webp","width":150,"height":150},{"@type":"BreadcrumbList","@id":"https:\/\/www.sts-education.com\/pl\/szkola-srednia\/uczniowie-na-wymianie\/historie-uczniow\/rayn-byl-na-wymianie-w-szwecji\/#breadcrumb","itemListElement":[{"@type":"ListItem","position":1,"name":"Home","item":"https:\/\/www.sts-education.com\/pl\/"},{"@type":"ListItem","position":2,"name":"Rayn Byl Na Wymianie W Szwecji"}]},{"@type":"WebSite","@id":"https:\/\/www.sts-education.com\/pl\/#website","url":"https:\/\/www.sts-education.com\/pl\/","name":"STS Education","description":"","potentialAction":[{"@type":"SearchAction","target":{"@type":"EntryPoint","urlTemplate":"https:\/\/www.sts-education.com\/pl\/?s={search_term_string}"},"query-input":{"@type":"PropertyValueSpecification","valueRequired":true,"valueName":"search_term_string"}}],"inLanguage":"pl-PL"},{"@type":"Person","@id":"https:\/\/www.sts-education.com\/pl\/#\/schema\/person\/8b82f3a2e45f020b8f296d7a85d9a97c","name":"syncreadwrite","image":{"@type":"ImageObject","inLanguage":"pl-PL","@id":"https:\/\/secure.gravatar.com\/avatar\/6ed1007e4f6f43f22e3df41d9fce4365533cba47fef64bb359b8e629abbc2ea6?s=96&d=mm&r=g","url":"https:\/\/secure.gravatar.com\/avatar\/6ed1007e4f6f43f22e3df41d9fce4365533cba47fef64bb359b8e629abbc2ea6?s=96&d=mm&r=g","contentUrl":"https:\/\/secure.gravatar.com\/avatar\/6ed1007e4f6f43f22e3df41d9fce4365533cba47fef64bb359b8e629abbc2ea6?s=96&d=mm&r=g","caption":"syncreadwrite"},"url":"https:\/\/www.sts-education.com\/pl\/author\/syncreadwrite\/"}]}},"_links":{"self":[{"href":"https:\/\/www.sts-education.com\/pl\/wp-json\/wp\/v2\/posts\/11105","targetHints":{"allow":["GET"]}}],"collection":[{"href":"https:\/\/www.sts-education.com\/pl\/wp-json\/wp\/v2\/posts"}],"about":[{"href":"https:\/\/www.sts-education.com\/pl\/wp-json\/wp\/v2\/types\/post"}],"author":[{"embeddable":true,"href":"https:\/\/www.sts-education.com\/pl\/wp-json\/wp\/v2\/users\/20"}],"replies":[{"embeddable":true,"href":"https:\/\/www.sts-education.com\/pl\/wp-json\/wp\/v2\/comments?post=11105"}],"version-history":[{"count":5,"href":"https:\/\/www.sts-education.com\/pl\/wp-json\/wp\/v2\/posts\/11105\/revisions"}],"predecessor-version":[{"id":43533,"href":"https:\/\/www.sts-education.com\/pl\/wp-json\/wp\/v2\/posts\/11105\/revisions\/43533"}],"wp:featuredmedia":[{"embeddable":true,"href":"https:\/\/www.sts-education.com\/pl\/wp-json\/wp\/v2\/media\/14406"}],"wp:attachment":[{"href":"https:\/\/www.sts-education.com\/pl\/wp-json\/wp\/v2\/media?parent=11105"}],"wp:term":[{"taxonomy":"category","embeddable":true,"href":"https:\/\/www.sts-education.com\/pl\/wp-json\/wp\/v2\/categories?post=11105"},{"taxonomy":"post_tag","embeddable":true,"href":"https:\/\/www.sts-education.com\/pl\/wp-json\/wp\/v2\/tags?post=11105"},{"taxonomy":"wpw_post_folders","embeddable":true,"href":"https:\/\/www.sts-education.com\/pl\/wp-json\/wp\/v2\/wpw_post_folders?post=11105"}],"curies":[{"name":"wp","href":"https:\/\/api.w.org\/{rel}","templated":true}]}}