{"id":11106,"date":"2024-08-19T15:00:00","date_gmt":"2024-08-19T13:00:00","guid":{"rendered":"https:\/\/preprod.sts-education.com\/blog\/2026\/03\/05\/nele-wybrala-sie-do-szkoly-w-norwegii\/"},"modified":"2026-04-29T10:00:26","modified_gmt":"2026-04-29T08:00:26","slug":"nele-wybrala-sie-do-szkoly-w-norwegii","status":"publish","type":"post","link":"https:\/\/www.sts-education.com\/pl\/szkola-srednia\/uczniowie-na-wymianie\/historie-uczniow\/nele-wybrala-sie-do-szkoly-w-norwegii\/","title":{"rendered":"Nele Wybrala Sie Do Szkoly W Norwegii"},"content":{"rendered":"\n<div class=\"wp-block-sts-text sts-text-editor has-max-width-md\"><div class=\"sts-text-editor__content\"><div class=\"sts-text-editor__content-inner\">\n<h1 style=\"text-align:center\">Nele wybra\u0142a si\u0119 do szko\u0142y w Norwegii<\/h1>\n<\/div><\/div><\/div>\n\n\n\n<figure class=\"wp-block-sts-image sts-block-image sts-block-image--count-1 has-max-width-lg\" data-count=\"1\"><div class=\"sts-block-image__grid\"><div class=\"sts-block-image__item\"><picture class=\"sts-responsive-image has-fit-cover has-pos-top is-skeleton\"><source media=\"(max-width: 834.98px)\" srcset=\"https:\/\/powered-by.qbank.se\/educatius\/sts\/cfea3b6ea2c1a82ef50e42e6a7c66ac5_1-1-thumb.webp 150w, https:\/\/powered-by.qbank.se\/educatius\/sts\/cfea3b6ea2c1a82ef50e42e6a7c66ac5_1-1-xsmall.webp 500w, https:\/\/powered-by.qbank.se\/educatius\/sts\/cfea3b6ea2c1a82ef50e42e6a7c66ac5_1-1-small.webp 800w, https:\/\/powered-by.qbank.se\/educatius\/sts\/cfea3b6ea2c1a82ef50e42e6a7c66ac5_1-1-medium.webp 1024w, https:\/\/powered-by.qbank.se\/educatius\/sts\/cfea3b6ea2c1a82ef50e42e6a7c66ac5_1-1-large.webp 1536w\" sizes=\"(max-width: 768px) 100vw, (max-width: 1200px) 100vw, 1200px\" type=\"image\/webp\"\/><source media=\"(min-width: 835px)\" srcset=\"https:\/\/powered-by.qbank.se\/educatius\/sts\/cfea3b6ea2c1a82ef50e42e6a7c66ac5_16-9-small.webp 800w, https:\/\/powered-by.qbank.se\/educatius\/sts\/cfea3b6ea2c1a82ef50e42e6a7c66ac5_16-9-medium.webp 1024w, https:\/\/powered-by.qbank.se\/educatius\/sts\/cfea3b6ea2c1a82ef50e42e6a7c66ac5_16-9-large.webp 1536w\" sizes=\"(max-width: 768px) 100vw, (max-width: 1200px) 100vw, 1200px\" type=\"image\/webp\"\/><img src=\"https:\/\/powered-by.qbank.se\/educatius\/sts\/cfea3b6ea2c1a82ef50e42e6a7c66ac5_1-1-thumb.webp\" alt=\"Nele wybra\u0142a si\u0119 do szko\u0142y w Norwegii\" loading=\"lazy\" decoding=\"async\" fetchpriority=\"low\" style=\"object-position:top\"\/><\/picture><\/div><\/div><\/figure>\n\n\n\n<div class=\"wp-block-sts-text sts-text-editor has-max-width-md\"><div class=\"sts-text-editor__content\"><div class=\"sts-text-editor__content-inner\">\n<p><em>Nele z Niemiec pojecha\u0142a na wymian\u0119 do Norwegii.<\/em><\/p>\n<\/div><\/div><\/div>\n\n\n\n<div class=\"wp-block-sts-text sts-text-editor has-max-width-md\"><div class=\"sts-text-editor__content\"><div class=\"sts-text-editor__content-inner\">\n<h2>Kiedy by\u0142a\u015b na wymianie i jak d\u0142ugo trwa\u0142 Tw\u00f3j pobyt?<\/h2>\n<p>By\u0142am na wymianie w Norwegii od sierpnia 2023 do czerwca 2024 roku. Sp\u0119dzi\u0142am w Oslo 10 miesi\u0119cy.<\/p>\n<h2>Jak podoba\u0142a Ci si\u0119 szko\u0142a?<\/h2>\n<p>W por\u00f3wnaniu do szko\u0142y w Niemczech, szko\u0142a w Norwegii wydaje si\u0119 \u0142atwiejsza i mniej stresuj\u0105ca. Zadania by\u0142y do\u015b\u0107 \u0142atwe i prawie w og\u00f3le nie mieli\u015bmy prac domowych. Nie uczy\u0142am si\u0119 zbyt wiele,, a i tak dostawa\u0142am g\u0142\u00f3wnie pi\u0105tki i sz\u00f3stki. Nauczyciele byli mniej wymagaj\u0105cy, a stosunki mi\u0119dzy uczniami a nauczycielami by\u0142y bardziej swobodne i mniej formalne ni\u017c w Niemczech. Cz\u0119sto rozmawiali\u015bmy z nauczycielami o prywatnych sprawach, takich jak zainteresowania, czy zwierz\u0119ta domowe. Na pocz\u0105tku wydawa\u0142o mi si\u0119 to dziwne, ale gdy si\u0119 do tego przyzwyczai\u0142em, zacz\u0119\u0142o mi si\u0119 to bardzo podoba\u0107. Dzi\u0119ki temu by\u0142o mi \u0142atwiej zadawa\u0107 pytania i dzieli\u0107 si\u0119 swoimi przemy\u015bleniami podczas zaj\u0119\u0107.<\/p>\n<h2>Jak poradzi\u0142a\u015b sobie z j\u0119zykiem (norweskim)?<\/h2>\n<p>Na pocz\u0105tku mia\u0142am pewne trudno\u015bci z m\u00f3wieniem po norwesku. Jednak wszyscy byli niezwykle wspieraj\u0105cy i cierpliwi. To pomog\u0142o mi wyj\u015b\u0107 ze strefy komfortu i pr\u00f3bowa\u0107 m\u00f3wi\u0107 po norwesku publicznie. W ko\u0144cu nauczy\u0142am si\u0119 m\u00f3wi\u0107 p\u0142ynnie.<\/p>\n<h2>Co robi\u0142a\u015b w czasie wolnym? Jakie\u015b nowe zainteresowania?<\/h2>\n<p>Przed wyjazdem na wymian\u0119 gra\u0142am w pi\u0142k\u0119 r\u0119czn\u0105 i chcia\u0142am to robi\u0107 r\u00f3wnie\u017c w trakcie roku na wymianie. W dru\u017cynie pozna\u0142am naprawd\u0119 fajnych ludzi. Og\u00f3lnie rzecz bior\u0105c, to by\u0142a \u015bwietna okazja, aby do\u015bwiadczy\u0107 trening\u00f3w pi\u0142ki r\u0119cznej w innym kraju i czerpa\u0107 z tego inspiracj\u0119.<\/p>\n<p>Mia\u0142am du\u017co wolnego czasu, poniewa\u017c nauka w szkole nie wymaga\u0142a ode mnie du\u017cego wysi\u0142ku. Zacz\u0119\u0142am p\u0142ywa\u0107, uprawia\u0107 jog\u0119, robi\u0107 na drutach i chodzi\u0107 spacery z psem mojej rodziny goszcz\u0105cej. Wspania\u0142e by\u0142o to, \u017ce nie musia\u0142am si\u0119 za bardzo przejmowa\u0107 szko\u0142\u0105 i mog\u0142am eksperymentowa\u0107 z nowymi do\u015bwiadczeniami.<\/p>\n<h2>Jakie\u015b rady dla przysz\u0142ych uczestnik\u00f3w programu?<\/h2>\n<p>Nie martw si\u0119, \u017ce nie znajdziesz przyjaci\u00f3\u0142!! Wi\u0119kszo\u015b\u0107 ludzi, w\u0142\u0105cznie ze mn\u0105, martwi si\u0119 tym przed wyjazdem na wymian\u0119. Osobi\u015bcie zmaga\u0142am si\u0119 z tym przez d\u0142ugi czas, szczeg\u00f3lnie na pocz\u0105tku, poniewa\u017c nic nie rozumia\u0142am, a moja klasa nie by\u0142a zbyt otwarta.<\/p>\n<p>Dodatkowo, denerwowa\u0142am si\u0119, gdy s\u0142ysza\u0142am od innych uczestniczek wymiany, \u017ce nawi\u0105za\u0142y wiele nowych przyja\u017ani. Czu\u0142em presj\u0119. Mimo to, po przezwyci\u0119\u017ceniu bariery j\u0119zykowej uda\u0142o mi si\u0119 zaprzyja\u017ani\u0107 z kilkoma osobami ze szko\u0142y i mojej dru\u017cyny pi\u0142ki r\u0119cznej. Po prostu zaj\u0119\u0142o to troch\u0119 czasu. Nie nak\u0142adaj na siebie zbyt du\u017cej presji w pierwszych tygodniach. Potrzeba czasu, aby pozna\u0107 ludzi i nawi\u0105za\u0107 z nimi prawdziw\u0105 wi\u0119\u017a.<\/p>\n<p>I polecam w trakcie wymiany zaanga\u017cowa\u0107 si\u0119 w jaki\u015b sport. Gdy masz co\u015b wsp\u00f3lnego z innymi, nawi\u0105zywanie relacji jest \u0142atwiejsze.<\/p>\n<h2>Dowiedz si\u0119 wi\u0119cej<\/h2>\n<ul><li>Przeczytaj wi\u0119cej <a href=\"https:\/\/www.sts-education.com\/pl\/szkola-srednia\/uczniowie-na-wymianie\/historie-uczniow\/?hashtag=Norwegia\">historii uczni\u00f3w z Norwegii<\/a><\/li>\n<li>Przeczytaj wi\u0119cej o <a href=\"https:\/\/www.sts-education.com\/pl\/szkola-srednia\/kierunki-wyjazdowe\/europa\/norwegia\/\">wymianie licealnej w Norwegii<\/a><\/li>\n<li>Zobacz <a href=\"\/pl\/high-school\/tripfinder\/\">wszystkie miejsca docelowe naszych wymian licealnych<\/a><\/li><\/ul>\n<\/div><\/div><\/div>\n","protected":false},"excerpt":{"rendered":"","protected":false},"author":20,"featured_media":14408,"comment_status":"open","ping_status":"open","sticky":false,"template":"","format":"standard","meta":{"_acf_changed":false,"_yoast_wpseo_title":"Nele wybra\u0142a si\u0119 do szko\u0142y w Norwegii","_yoast_wpseo_metadesc":"By\u0142am na wymianie w Norwegii od sierpnia 2023 do czerwca 2024 roku. W por\u00f3wnaniu do szko\u0142y w Niemczech, szko\u0142a w Norwegii wydaje si\u0119 \u0142atwiejsza i mniej stresuj\u0105ca.","footnotes":""},"categories":[265],"tags":[1026],"wpw_post_folders":[],"class_list":["post-11106","post","type-post","status-publish","format-standard","has-post-thumbnail","hentry","category-bez-kategorii","tag-norwegia"],"acf":[],"yoast_head":"<!-- This site is optimized with the Yoast SEO Premium plugin v27.2 (Yoast SEO v27.2) - https:\/\/yoast.com\/product\/yoast-seo-premium-wordpress\/ -->\n<title>Nele wybra\u0142a si\u0119 do szko\u0142y w Norwegii<\/title>\n<meta name=\"description\" content=\"By\u0142am na wymianie w Norwegii od sierpnia 2023 do czerwca 2024 roku. W por\u00f3wnaniu do szko\u0142y w Niemczech, szko\u0142a w Norwegii wydaje si\u0119 \u0142atwiejsza i mniej stresuj\u0105ca.\" \/>\n<meta name=\"robots\" content=\"index, follow, max-snippet:-1, max-image-preview:large, max-video-preview:-1\" \/>\n<link rel=\"canonical\" href=\"https:\/\/www.sts-education.com\/pl\/szkola-srednia\/uczniowie-na-wymianie\/historie-uczniow\/nele-wybrala-sie-do-szkoly-w-norwegii\/\" \/>\n<meta property=\"og:locale\" content=\"pl_PL\" \/>\n<meta property=\"og:type\" content=\"article\" \/>\n<meta property=\"og:title\" content=\"Nele Wybrala Sie Do Szkoly W Norwegii\" \/>\n<meta property=\"og:description\" content=\"By\u0142am na wymianie w Norwegii od sierpnia 2023 do czerwca 2024 roku. W por\u00f3wnaniu do szko\u0142y w Niemczech, szko\u0142a w Norwegii wydaje si\u0119 \u0142atwiejsza i mniej stresuj\u0105ca.\" \/>\n<meta property=\"og:url\" content=\"https:\/\/www.sts-education.com\/pl\/szkola-srednia\/uczniowie-na-wymianie\/historie-uczniow\/nele-wybrala-sie-do-szkoly-w-norwegii\/\" \/>\n<meta property=\"og:site_name\" content=\"STS Education\" \/>\n<meta property=\"article:published_time\" content=\"2024-08-19T13:00:00+00:00\" \/>\n<meta property=\"article:modified_time\" content=\"2026-04-29T08:00:26+00:00\" \/>\n<meta property=\"og:image\" content=\"https:\/\/powered-by.qbank.se\/educatius\/sts\/\/cfea3b6ea2c1a82ef50e42e6a7c66ac5_1-1-thumb.webp\" \/>\n\t<meta property=\"og:image:width\" content=\"150\" \/>\n\t<meta property=\"og:image:height\" content=\"150\" \/>\n\t<meta property=\"og:image:type\" content=\"image\/png\" \/>\n<meta name=\"author\" content=\"syncreadwrite\" \/>\n<meta name=\"twitter:card\" content=\"summary_large_image\" \/>\n<meta name=\"twitter:label1\" content=\"Napisane przez\" \/>\n\t<meta name=\"twitter:data1\" content=\"syncreadwrite\" \/>\n\t<meta name=\"twitter:label2\" content=\"Szacowany czas czytania\" \/>\n\t<meta name=\"twitter:data2\" content=\"3 minuty\" \/>\n<script type=\"application\/ld+json\" class=\"yoast-schema-graph\">{\"@context\":\"https:\/\/schema.org\",\"@graph\":[{\"@type\":\"Article\",\"@id\":\"https:\/\/www.sts-education.com\/pl\/szkola-srednia\/uczniowie-na-wymianie\/historie-uczniow\/nele-wybrala-sie-do-szkoly-w-norwegii\/#article\",\"isPartOf\":{\"@id\":\"https:\/\/www.sts-education.com\/pl\/szkola-srednia\/uczniowie-na-wymianie\/historie-uczniow\/nele-wybrala-sie-do-szkoly-w-norwegii\/\"},\"author\":{\"name\":\"syncreadwrite\",\"@id\":\"https:\/\/www.sts-education.com\/pl\/#\/schema\/person\/8b82f3a2e45f020b8f296d7a85d9a97c\"},\"headline\":\"Nele Wybrala Sie Do Szkoly W Norwegii\",\"datePublished\":\"2024-08-19T13:00:00+00:00\",\"dateModified\":\"2026-04-29T08:00:26+00:00\",\"mainEntityOfPage\":{\"@id\":\"https:\/\/www.sts-education.com\/pl\/szkola-srednia\/uczniowie-na-wymianie\/historie-uczniow\/nele-wybrala-sie-do-szkoly-w-norwegii\/\"},\"wordCount\":564,\"commentCount\":0,\"image\":{\"@id\":\"https:\/\/www.sts-education.com\/pl\/szkola-srednia\/uczniowie-na-wymianie\/historie-uczniow\/nele-wybrala-sie-do-szkoly-w-norwegii\/#primaryimage\"},\"thumbnailUrl\":\"https:\/\/powered-by.qbank.se\/educatius\/sts\/\/cfea3b6ea2c1a82ef50e42e6a7c66ac5_1-1-thumb.webp\",\"keywords\":[\"Norwegia\"],\"inLanguage\":\"pl-PL\",\"potentialAction\":[{\"@type\":\"CommentAction\",\"name\":\"Comment\",\"target\":[\"https:\/\/www.sts-education.com\/pl\/szkola-srednia\/uczniowie-na-wymianie\/historie-uczniow\/nele-wybrala-sie-do-szkoly-w-norwegii\/#respond\"]}]},{\"@type\":\"WebPage\",\"@id\":\"https:\/\/www.sts-education.com\/pl\/szkola-srednia\/uczniowie-na-wymianie\/historie-uczniow\/nele-wybrala-sie-do-szkoly-w-norwegii\/\",\"url\":\"https:\/\/www.sts-education.com\/pl\/szkola-srednia\/uczniowie-na-wymianie\/historie-uczniow\/nele-wybrala-sie-do-szkoly-w-norwegii\/\",\"name\":\"Nele wybra\u0142a si\u0119 do szko\u0142y w Norwegii\",\"isPartOf\":{\"@id\":\"https:\/\/www.sts-education.com\/pl\/#website\"},\"primaryImageOfPage\":{\"@id\":\"https:\/\/www.sts-education.com\/pl\/szkola-srednia\/uczniowie-na-wymianie\/historie-uczniow\/nele-wybrala-sie-do-szkoly-w-norwegii\/#primaryimage\"},\"image\":{\"@id\":\"https:\/\/www.sts-education.com\/pl\/szkola-srednia\/uczniowie-na-wymianie\/historie-uczniow\/nele-wybrala-sie-do-szkoly-w-norwegii\/#primaryimage\"},\"thumbnailUrl\":\"https:\/\/powered-by.qbank.se\/educatius\/sts\/\/cfea3b6ea2c1a82ef50e42e6a7c66ac5_1-1-thumb.webp\",\"datePublished\":\"2024-08-19T13:00:00+00:00\",\"dateModified\":\"2026-04-29T08:00:26+00:00\",\"author\":{\"@id\":\"https:\/\/www.sts-education.com\/pl\/#\/schema\/person\/8b82f3a2e45f020b8f296d7a85d9a97c\"},\"description\":\"By\u0142am na wymianie w Norwegii od sierpnia 2023 do czerwca 2024 roku. W por\u00f3wnaniu do szko\u0142y w Niemczech, szko\u0142a w Norwegii wydaje si\u0119 \u0142atwiejsza i mniej stresuj\u0105ca.\",\"breadcrumb\":{\"@id\":\"https:\/\/www.sts-education.com\/pl\/szkola-srednia\/uczniowie-na-wymianie\/historie-uczniow\/nele-wybrala-sie-do-szkoly-w-norwegii\/#breadcrumb\"},\"inLanguage\":\"pl-PL\",\"potentialAction\":[{\"@type\":\"ReadAction\",\"target\":[\"https:\/\/www.sts-education.com\/pl\/szkola-srednia\/uczniowie-na-wymianie\/historie-uczniow\/nele-wybrala-sie-do-szkoly-w-norwegii\/\"]}]},{\"@type\":\"ImageObject\",\"inLanguage\":\"pl-PL\",\"@id\":\"https:\/\/www.sts-education.com\/pl\/szkola-srednia\/uczniowie-na-wymianie\/historie-uczniow\/nele-wybrala-sie-do-szkoly-w-norwegii\/#primaryimage\",\"url\":\"https:\/\/powered-by.qbank.se\/educatius\/sts\/\/cfea3b6ea2c1a82ef50e42e6a7c66ac5_1-1-thumb.webp\",\"contentUrl\":\"https:\/\/powered-by.qbank.se\/educatius\/sts\/\/cfea3b6ea2c1a82ef50e42e6a7c66ac5_1-1-thumb.webp\",\"width\":150,\"height\":150},{\"@type\":\"BreadcrumbList\",\"@id\":\"https:\/\/www.sts-education.com\/pl\/szkola-srednia\/uczniowie-na-wymianie\/historie-uczniow\/nele-wybrala-sie-do-szkoly-w-norwegii\/#breadcrumb\",\"itemListElement\":[{\"@type\":\"ListItem\",\"position\":1,\"name\":\"Home\",\"item\":\"https:\/\/www.sts-education.com\/pl\/\"},{\"@type\":\"ListItem\",\"position\":2,\"name\":\"Nele Wybrala Sie Do Szkoly W Norwegii\"}]},{\"@type\":\"WebSite\",\"@id\":\"https:\/\/www.sts-education.com\/pl\/#website\",\"url\":\"https:\/\/www.sts-education.com\/pl\/\",\"name\":\"STS Education\",\"description\":\"\",\"potentialAction\":[{\"@type\":\"SearchAction\",\"target\":{\"@type\":\"EntryPoint\",\"urlTemplate\":\"https:\/\/www.sts-education.com\/pl\/?s={search_term_string}\"},\"query-input\":{\"@type\":\"PropertyValueSpecification\",\"valueRequired\":true,\"valueName\":\"search_term_string\"}}],\"inLanguage\":\"pl-PL\"},{\"@type\":\"Person\",\"@id\":\"https:\/\/www.sts-education.com\/pl\/#\/schema\/person\/8b82f3a2e45f020b8f296d7a85d9a97c\",\"name\":\"syncreadwrite\",\"image\":{\"@type\":\"ImageObject\",\"inLanguage\":\"pl-PL\",\"@id\":\"https:\/\/secure.gravatar.com\/avatar\/6ed1007e4f6f43f22e3df41d9fce4365533cba47fef64bb359b8e629abbc2ea6?s=96&d=mm&r=g\",\"url\":\"https:\/\/secure.gravatar.com\/avatar\/6ed1007e4f6f43f22e3df41d9fce4365533cba47fef64bb359b8e629abbc2ea6?s=96&d=mm&r=g\",\"contentUrl\":\"https:\/\/secure.gravatar.com\/avatar\/6ed1007e4f6f43f22e3df41d9fce4365533cba47fef64bb359b8e629abbc2ea6?s=96&d=mm&r=g\",\"caption\":\"syncreadwrite\"},\"url\":\"https:\/\/www.sts-education.com\/pl\/author\/syncreadwrite\/\"}]}<\/script>\n<!-- \/ Yoast SEO Premium plugin. -->","yoast_head_json":{"title":"Nele wybra\u0142a si\u0119 do szko\u0142y w Norwegii","description":"By\u0142am na wymianie w Norwegii od sierpnia 2023 do czerwca 2024 roku. W por\u00f3wnaniu do szko\u0142y w Niemczech, szko\u0142a w Norwegii wydaje si\u0119 \u0142atwiejsza i mniej stresuj\u0105ca.","robots":{"index":"index","follow":"follow","max-snippet":"max-snippet:-1","max-image-preview":"max-image-preview:large","max-video-preview":"max-video-preview:-1"},"canonical":"https:\/\/www.sts-education.com\/pl\/szkola-srednia\/uczniowie-na-wymianie\/historie-uczniow\/nele-wybrala-sie-do-szkoly-w-norwegii\/","og_locale":"pl_PL","og_type":"article","og_title":"Nele Wybrala Sie Do Szkoly W Norwegii","og_description":"By\u0142am na wymianie w Norwegii od sierpnia 2023 do czerwca 2024 roku. W por\u00f3wnaniu do szko\u0142y w Niemczech, szko\u0142a w Norwegii wydaje si\u0119 \u0142atwiejsza i mniej stresuj\u0105ca.","og_url":"https:\/\/www.sts-education.com\/pl\/szkola-srednia\/uczniowie-na-wymianie\/historie-uczniow\/nele-wybrala-sie-do-szkoly-w-norwegii\/","og_site_name":"STS Education","article_published_time":"2024-08-19T13:00:00+00:00","article_modified_time":"2026-04-29T08:00:26+00:00","og_image":[{"width":150,"height":150,"url":"https:\/\/powered-by.qbank.se\/educatius\/sts\/\/cfea3b6ea2c1a82ef50e42e6a7c66ac5_1-1-thumb.webp","type":"image\/png"}],"author":"syncreadwrite","twitter_card":"summary_large_image","twitter_misc":{"Napisane przez":"syncreadwrite","Szacowany czas czytania":"3 minuty"},"schema":{"@context":"https:\/\/schema.org","@graph":[{"@type":"Article","@id":"https:\/\/www.sts-education.com\/pl\/szkola-srednia\/uczniowie-na-wymianie\/historie-uczniow\/nele-wybrala-sie-do-szkoly-w-norwegii\/#article","isPartOf":{"@id":"https:\/\/www.sts-education.com\/pl\/szkola-srednia\/uczniowie-na-wymianie\/historie-uczniow\/nele-wybrala-sie-do-szkoly-w-norwegii\/"},"author":{"name":"syncreadwrite","@id":"https:\/\/www.sts-education.com\/pl\/#\/schema\/person\/8b82f3a2e45f020b8f296d7a85d9a97c"},"headline":"Nele Wybrala Sie Do Szkoly W Norwegii","datePublished":"2024-08-19T13:00:00+00:00","dateModified":"2026-04-29T08:00:26+00:00","mainEntityOfPage":{"@id":"https:\/\/www.sts-education.com\/pl\/szkola-srednia\/uczniowie-na-wymianie\/historie-uczniow\/nele-wybrala-sie-do-szkoly-w-norwegii\/"},"wordCount":564,"commentCount":0,"image":{"@id":"https:\/\/www.sts-education.com\/pl\/szkola-srednia\/uczniowie-na-wymianie\/historie-uczniow\/nele-wybrala-sie-do-szkoly-w-norwegii\/#primaryimage"},"thumbnailUrl":"https:\/\/powered-by.qbank.se\/educatius\/sts\/\/cfea3b6ea2c1a82ef50e42e6a7c66ac5_1-1-thumb.webp","keywords":["Norwegia"],"inLanguage":"pl-PL","potentialAction":[{"@type":"CommentAction","name":"Comment","target":["https:\/\/www.sts-education.com\/pl\/szkola-srednia\/uczniowie-na-wymianie\/historie-uczniow\/nele-wybrala-sie-do-szkoly-w-norwegii\/#respond"]}]},{"@type":"WebPage","@id":"https:\/\/www.sts-education.com\/pl\/szkola-srednia\/uczniowie-na-wymianie\/historie-uczniow\/nele-wybrala-sie-do-szkoly-w-norwegii\/","url":"https:\/\/www.sts-education.com\/pl\/szkola-srednia\/uczniowie-na-wymianie\/historie-uczniow\/nele-wybrala-sie-do-szkoly-w-norwegii\/","name":"Nele wybra\u0142a si\u0119 do szko\u0142y w Norwegii","isPartOf":{"@id":"https:\/\/www.sts-education.com\/pl\/#website"},"primaryImageOfPage":{"@id":"https:\/\/www.sts-education.com\/pl\/szkola-srednia\/uczniowie-na-wymianie\/historie-uczniow\/nele-wybrala-sie-do-szkoly-w-norwegii\/#primaryimage"},"image":{"@id":"https:\/\/www.sts-education.com\/pl\/szkola-srednia\/uczniowie-na-wymianie\/historie-uczniow\/nele-wybrala-sie-do-szkoly-w-norwegii\/#primaryimage"},"thumbnailUrl":"https:\/\/powered-by.qbank.se\/educatius\/sts\/\/cfea3b6ea2c1a82ef50e42e6a7c66ac5_1-1-thumb.webp","datePublished":"2024-08-19T13:00:00+00:00","dateModified":"2026-04-29T08:00:26+00:00","author":{"@id":"https:\/\/www.sts-education.com\/pl\/#\/schema\/person\/8b82f3a2e45f020b8f296d7a85d9a97c"},"description":"By\u0142am na wymianie w Norwegii od sierpnia 2023 do czerwca 2024 roku. W por\u00f3wnaniu do szko\u0142y w Niemczech, szko\u0142a w Norwegii wydaje si\u0119 \u0142atwiejsza i mniej stresuj\u0105ca.","breadcrumb":{"@id":"https:\/\/www.sts-education.com\/pl\/szkola-srednia\/uczniowie-na-wymianie\/historie-uczniow\/nele-wybrala-sie-do-szkoly-w-norwegii\/#breadcrumb"},"inLanguage":"pl-PL","potentialAction":[{"@type":"ReadAction","target":["https:\/\/www.sts-education.com\/pl\/szkola-srednia\/uczniowie-na-wymianie\/historie-uczniow\/nele-wybrala-sie-do-szkoly-w-norwegii\/"]}]},{"@type":"ImageObject","inLanguage":"pl-PL","@id":"https:\/\/www.sts-education.com\/pl\/szkola-srednia\/uczniowie-na-wymianie\/historie-uczniow\/nele-wybrala-sie-do-szkoly-w-norwegii\/#primaryimage","url":"https:\/\/powered-by.qbank.se\/educatius\/sts\/\/cfea3b6ea2c1a82ef50e42e6a7c66ac5_1-1-thumb.webp","contentUrl":"https:\/\/powered-by.qbank.se\/educatius\/sts\/\/cfea3b6ea2c1a82ef50e42e6a7c66ac5_1-1-thumb.webp","width":150,"height":150},{"@type":"BreadcrumbList","@id":"https:\/\/www.sts-education.com\/pl\/szkola-srednia\/uczniowie-na-wymianie\/historie-uczniow\/nele-wybrala-sie-do-szkoly-w-norwegii\/#breadcrumb","itemListElement":[{"@type":"ListItem","position":1,"name":"Home","item":"https:\/\/www.sts-education.com\/pl\/"},{"@type":"ListItem","position":2,"name":"Nele Wybrala Sie Do Szkoly W Norwegii"}]},{"@type":"WebSite","@id":"https:\/\/www.sts-education.com\/pl\/#website","url":"https:\/\/www.sts-education.com\/pl\/","name":"STS Education","description":"","potentialAction":[{"@type":"SearchAction","target":{"@type":"EntryPoint","urlTemplate":"https:\/\/www.sts-education.com\/pl\/?s={search_term_string}"},"query-input":{"@type":"PropertyValueSpecification","valueRequired":true,"valueName":"search_term_string"}}],"inLanguage":"pl-PL"},{"@type":"Person","@id":"https:\/\/www.sts-education.com\/pl\/#\/schema\/person\/8b82f3a2e45f020b8f296d7a85d9a97c","name":"syncreadwrite","image":{"@type":"ImageObject","inLanguage":"pl-PL","@id":"https:\/\/secure.gravatar.com\/avatar\/6ed1007e4f6f43f22e3df41d9fce4365533cba47fef64bb359b8e629abbc2ea6?s=96&d=mm&r=g","url":"https:\/\/secure.gravatar.com\/avatar\/6ed1007e4f6f43f22e3df41d9fce4365533cba47fef64bb359b8e629abbc2ea6?s=96&d=mm&r=g","contentUrl":"https:\/\/secure.gravatar.com\/avatar\/6ed1007e4f6f43f22e3df41d9fce4365533cba47fef64bb359b8e629abbc2ea6?s=96&d=mm&r=g","caption":"syncreadwrite"},"url":"https:\/\/www.sts-education.com\/pl\/author\/syncreadwrite\/"}]}},"_links":{"self":[{"href":"https:\/\/www.sts-education.com\/pl\/wp-json\/wp\/v2\/posts\/11106","targetHints":{"allow":["GET"]}}],"collection":[{"href":"https:\/\/www.sts-education.com\/pl\/wp-json\/wp\/v2\/posts"}],"about":[{"href":"https:\/\/www.sts-education.com\/pl\/wp-json\/wp\/v2\/types\/post"}],"author":[{"embeddable":true,"href":"https:\/\/www.sts-education.com\/pl\/wp-json\/wp\/v2\/users\/20"}],"replies":[{"embeddable":true,"href":"https:\/\/www.sts-education.com\/pl\/wp-json\/wp\/v2\/comments?post=11106"}],"version-history":[{"count":5,"href":"https:\/\/www.sts-education.com\/pl\/wp-json\/wp\/v2\/posts\/11106\/revisions"}],"predecessor-version":[{"id":43557,"href":"https:\/\/www.sts-education.com\/pl\/wp-json\/wp\/v2\/posts\/11106\/revisions\/43557"}],"wp:featuredmedia":[{"embeddable":true,"href":"https:\/\/www.sts-education.com\/pl\/wp-json\/wp\/v2\/media\/14408"}],"wp:attachment":[{"href":"https:\/\/www.sts-education.com\/pl\/wp-json\/wp\/v2\/media?parent=11106"}],"wp:term":[{"taxonomy":"category","embeddable":true,"href":"https:\/\/www.sts-education.com\/pl\/wp-json\/wp\/v2\/categories?post=11106"},{"taxonomy":"post_tag","embeddable":true,"href":"https:\/\/www.sts-education.com\/pl\/wp-json\/wp\/v2\/tags?post=11106"},{"taxonomy":"wpw_post_folders","embeddable":true,"href":"https:\/\/www.sts-education.com\/pl\/wp-json\/wp\/v2\/wpw_post_folders?post=11106"}],"curies":[{"name":"wp","href":"https:\/\/api.w.org\/{rel}","templated":true}]}}