{"id":11108,"date":"2024-08-05T16:00:00","date_gmt":"2024-08-05T14:00:00","guid":{"rendered":"https:\/\/preprod.sts-education.com\/blog\/2026\/03\/05\/mauricio-wybral-sie-do-szkoly-w-austrii\/"},"modified":"2026-04-29T10:02:49","modified_gmt":"2026-04-29T08:02:49","slug":"mauricio-wybral-sie-do-szkoly-w-austrii","status":"publish","type":"post","link":"https:\/\/www.sts-education.com\/pl\/szkola-srednia\/uczniowie-na-wymianie\/historie-uczniow\/mauricio-wybral-sie-do-szkoly-w-austrii\/","title":{"rendered":"Mauricio Wybral Sie Do Szkoly W Austrii"},"content":{"rendered":"\n<div class=\"wp-block-sts-text sts-text-editor has-max-width-md\"><div class=\"sts-text-editor__content\"><div class=\"sts-text-editor__content-inner\">\n<h1 style=\"text-align:center\">Mauricio wybra\u0142 si\u0119 do szko\u0142y w Austrii<\/h1>\n<\/div><\/div><\/div>\n\n\n\n<figure class=\"wp-block-sts-image sts-block-image sts-block-image--count-1 has-max-width-lg\" data-count=\"1\"><div class=\"sts-block-image__grid\"><div class=\"sts-block-image__item\"><picture class=\"sts-responsive-image has-fit-cover has-pos-top is-skeleton\"><source media=\"(max-width: 834.98px)\" srcset=\"https:\/\/powered-by.qbank.se\/educatius\/sts\/86754fe3e63a20d8f832b9e46dd1519e_1-1-thumb.webp 150w, https:\/\/powered-by.qbank.se\/educatius\/sts\/86754fe3e63a20d8f832b9e46dd1519e_1-1-xsmall.webp 500w, https:\/\/powered-by.qbank.se\/educatius\/sts\/86754fe3e63a20d8f832b9e46dd1519e_1-1-small.webp 800w, https:\/\/powered-by.qbank.se\/educatius\/sts\/86754fe3e63a20d8f832b9e46dd1519e_1-1-medium.webp 1024w, https:\/\/powered-by.qbank.se\/educatius\/sts\/86754fe3e63a20d8f832b9e46dd1519e_1-1-large.webp 1536w\" sizes=\"(max-width: 768px) 100vw, (max-width: 1200px) 100vw, 1200px\" type=\"image\/webp\"\/><source media=\"(min-width: 835px)\" srcset=\"https:\/\/powered-by.qbank.se\/educatius\/sts\/86754fe3e63a20d8f832b9e46dd1519e_16-9-small.webp 800w, https:\/\/powered-by.qbank.se\/educatius\/sts\/86754fe3e63a20d8f832b9e46dd1519e_16-9-medium.webp 1024w, https:\/\/powered-by.qbank.se\/educatius\/sts\/86754fe3e63a20d8f832b9e46dd1519e_16-9-large.webp 1536w\" sizes=\"(max-width: 768px) 100vw, (max-width: 1200px) 100vw, 1200px\" type=\"image\/webp\"\/><img src=\"https:\/\/powered-by.qbank.se\/educatius\/sts\/86754fe3e63a20d8f832b9e46dd1519e_1-1-thumb.webp\" alt=\"Mauricio wybra\u0142 si\u0119 do szko\u0142y w Austrii\" loading=\"lazy\" decoding=\"async\" fetchpriority=\"low\" style=\"object-position:top\"\/><\/picture><\/div><\/div><\/figure>\n\n\n\n<div class=\"wp-block-sts-text sts-text-editor has-max-width-md\"><div class=\"sts-text-editor__content\"><div class=\"sts-text-editor__content-inner\">\n<p><em>Mauricio z Meksyku pojecha\u0142 na wymian\u0119 do Austrii.<\/em><\/p>\n<\/div><\/div><\/div>\n\n\n\n<div class=\"wp-block-sts-text sts-text-editor has-max-width-md\"><div class=\"sts-text-editor__content\"><div class=\"sts-text-editor__content-inner\">\n<h2>Decyzja o wyje\u017adzie z STS<\/h2>\n<p>W tym roku otrzyma\u0142em fantastyczn\u0105 mo\u017cliwo\u015b\u0107 sp\u0119dzenia roku na wymianie w Austrii. To by\u0142o niezapomniane do\u015bwiadczenie trwaj\u0105ce ca\u0142y rok szkolny, od wrze\u015bnia do czerwca. Zdecydowa\u0142em si\u0119 na ten program wymiany, poniewa\u017c chcia\u0142em do\u015bwiadczy\u0107 czego\u015b innego przed uko\u0144czeniem szko\u0142y \u015bredniej, czego\u015b, co umo\u017cliwi\u0142oby mi rozw\u00f3j zar\u00f3wno osobisty, jak i naukowy. Na moj\u0105 decyzj\u0119 o wyje\u017adzie wp\u0142yn\u0105\u0142 te\u017c m\u00f3j brat, kt\u00f3ry uczestniczy\u0142 w jednej z wcze\u015bniejszych wymian.<\/p>\n<p>Austri\u0119 wybra\u0142em z kilku powod\u00f3w. Zawsze fascynowa\u0142a mnie tutejsza kultura, historia i oczywi\u015bcie niesamowite alpejskie krajobrazy. Opr\u00f3cz tego chcia\u0142em nauczy\u0107 si\u0119 niemieckiego i wnikn\u0105\u0107 w europejsk\u0105 kultur\u0119, kt\u00f3ra r\u00f3\u017cni si\u0119 od mojej.<\/p>\n<p>Wybra\u0142em STS ze wzgl\u0119du na pozytywne opinie i dobrze zorganizowany proces. Trzy lata wcze\u015bniej w wymianie bra\u0142 udzia\u0142 m\u00f3j brat. Jestem bardzo zadowolony. Ca\u0142y proces by\u0142 sprawnie zorganizowany, a w przypadku jakich\u015b pyta\u0144 lub trudno\u015bci, zawsze byli do dyspozycji.<\/p>\n<p>Dzi\u0119ki wsparciu STS znalezienie odpowiedniej szko\u0142y nie sprawi\u0142o mi trudno\u015bci. Zaj\u0119li si\u0119 wszystkim, od mojej rejestracji w szkole po znalezienie rodziny goszcz\u0105cej.<\/p>\n<h2>Nowe zainteresowania<\/h2>\n<p>W czasie wolnym przekona\u0142am si\u0119, jak bardzo lubi\u0119 \u0107wiczy\u0107 i dba\u0107 o swoj\u0105 kondycj\u0119. Uczestniczy\u0142em w takich aktywno\u015bciach jak bieganie, wspinaczka i w\u0119dr\u00f3wki g\u00f3rskie. W Alpach nauczy\u0142em si\u0119 je\u017adzi\u0107 na nartach, co by\u0142o dla mnie zupe\u0142nie nowym do\u015bwiadczeniem. Wzi\u0105\u0142em nawet lekcje z surfowania, a przy okazji wiele si\u0119 nauczy\u0142em o lokalnej kulturze i kuchni.<\/p>\n<h2>Nawi\u0105zywanie nowych przyja\u017ani<\/h2>\n<p>Nawi\u0105zywanie znajomo\u015bci by\u0142o jednocze\u015bnie proste i skomplikowane. Pocz\u0105tkowo problemem by\u0142a bariera j\u0119zykowa, ale z czasem i dzi\u0119ki regularnej praktyce m\u00f3j niemiecki si\u0119 poprawi\u0142 i \u0142atwiej by\u0142o mi si\u0119 komunikowa\u0107. Moje kole\u017canki i koledzy byli bardzo \u017cyczliwi i bardzo mi pomogli. Pozna\u0142am te\u017c ludzi z mojego kraju, kt\u00f3rzy stali si\u0119 dla mnie bardzo bliscy, do tego stopnia, \u017ce trudno by\u0142o si\u0119 po\u017cegna\u0107.<\/p>\n<h2>Austria i Meksyk \u2013 r\u00f3\u017cnice kulturowe<\/h2>\n<p>R\u00f3\u017cnice mi\u0119dzy Austri\u0105 a Meksykiem s\u0105 znacz\u0105ce. Tempo \u017cycia, jedzenie, zwyczaje i oczywi\u015bcie j\u0119zyk bardzo si\u0119 r\u00f3\u017cni\u0105. Jednak to w\u0142a\u015bnie te r\u00f3\u017cnice uczyni\u0142y ca\u0142e do\u015bwiadczenie tak warto\u015bciowym.<\/p>\n<h2>Oczekiwania<\/h2>\n<p>M\u00f3j rok na wymianie nie by\u0142 dok\u0142adnie tym, czego si\u0119 spodziewa\u0142em \u2013 by\u0142 o wiele lepszy. Napotka\u0142em pewne trudno\u015bci, jak adaptacja do j\u0119zyka i warunk\u00f3w atmosferycznych, ale dzi\u0119ki cierpliwo\u015bci i pracy w\u0142asnej uda\u0142o mi si\u0119 je przezwyci\u0119\u017cy\u0107. Nauczy\u0142em si\u0119 by\u0107 bardziej samodzielny i radzi\u0107 sobie w nowych sytuacjach.<\/p>\n<h2>Pozytywne strony wyjazdu na wymian\u0119 uczniowsk\u0105<\/h2>\n<p>Najwarto\u015bciowsze aspekty wymiany to nawi\u0105zane przyja\u017anie, nowe umiej\u0119tno\u015bci oraz niepowtarzalne do\u015bwiadczenia.<\/p>\n<p>Zdecydowanie polecam wyjazd na wymian\u0119 szkoln\u0105. Edukacja za granic\u0105 otwiera umys\u0142, stawia Ci\u0119 przed wyzwaniami i pozwala Ci si\u0119 rozwija\u0107 w spos\u00f3b, kt\u00f3ry trudno z g\u00f3ry przewidzie\u0107. Je\u015bli kto\u015b zapyta\u0142by mnie o rad\u0119, doradzi\u0142bym mu, by przygotowa\u0142 si\u0119 na wyzwania, ale jednocze\u015bnie cieszy\u0142 si\u0119 ka\u017cd\u0105 chwil\u0105. By\u0107 mo\u017ce przed wyjazdem mog\u0142em si\u0119 lepiej przygotowa\u0107 z niemieckiego, ale jestem zadowolony z tego, jak wszystko si\u0119 potoczy\u0142o.<\/p>\n<p>Jestem pewien, \u017ce do\u015bwiadczenie zdobyte podczas wymiany b\u0119dzie mia\u0142o pozytywny wp\u0142yw na moj\u0105 przysz\u0142o\u015b\u0107. Nabra\u0142em pewno\u015bci siebie, zdoby\u0142em wiedz\u0119 na temat innej kultury i nauczy\u0142em si\u0119 trzeciego j\u0119zyka, co z pewno\u015bci\u0105 przyniesie korzy\u015bci zar\u00f3wno w moim \u017cyciu zawodowym, jak i osobistym.<\/p>\n<h2>Dowiedz si\u0119 wi\u0119cej<\/h2>\n<ul><li>Przeczytaj wi\u0119cej <a href=\"https:\/\/www.sts-education.com\/pl\/szkola-srednia\/uczniowie-na-wymianie\/historie-uczniow\/?hashtag=Austria\">historii uczni\u00f3w z Austrii<\/a><\/li>\n<li>Przeczytaj wi\u0119cej o <a href=\"https:\/\/www.sts-education.com\/pl\/szkola-srednia\/kierunki-wyjazdowe\/europa\/austria\/\">wymianie licealnej w Austrii<\/a><\/li>\n<li>Zobacz <a href=\"\/pl\/high-school\/tripfinder\/\">wszystkie miejsca docelowe naszych wymian licealnych<\/a><\/li><\/ul>\n<\/div><\/div><\/div>\n","protected":false},"excerpt":{"rendered":"","protected":false},"author":20,"featured_media":14412,"comment_status":"open","ping_status":"open","sticky":false,"template":"","format":"standard","meta":{"_acf_changed":false,"_yoast_wpseo_title":"Mauricio wybra\u0142 si\u0119 do szko\u0142y w Austrii","_yoast_wpseo_metadesc":"W tym roku otrzyma\u0142em fantastyczn\u0105 mo\u017cliwo\u015b\u0107 sp\u0119dzenia roku na wymianie w Austrii. To by\u0142o niezapomniane do\u015bwiadczenie trwaj\u0105ce ca\u0142y rok szkolny, od wrze\u015bnia do czerwca.","footnotes":""},"categories":[265],"tags":[1013],"wpw_post_folders":[],"class_list":["post-11108","post","type-post","status-publish","format-standard","has-post-thumbnail","hentry","category-bez-kategorii","tag-austria"],"acf":[],"yoast_head":"<!-- This site is optimized with the Yoast SEO Premium plugin v27.2 (Yoast SEO v27.2) - https:\/\/yoast.com\/product\/yoast-seo-premium-wordpress\/ -->\n<title>Mauricio wybra\u0142 si\u0119 do szko\u0142y w Austrii<\/title>\n<meta name=\"description\" content=\"W tym roku otrzyma\u0142em fantastyczn\u0105 mo\u017cliwo\u015b\u0107 sp\u0119dzenia roku na wymianie w Austrii. To by\u0142o niezapomniane do\u015bwiadczenie trwaj\u0105ce ca\u0142y rok szkolny, od wrze\u015bnia do czerwca.\" \/>\n<meta name=\"robots\" content=\"index, follow, max-snippet:-1, max-image-preview:large, max-video-preview:-1\" \/>\n<link rel=\"canonical\" href=\"https:\/\/www.sts-education.com\/pl\/szkola-srednia\/uczniowie-na-wymianie\/historie-uczniow\/mauricio-wybral-sie-do-szkoly-w-austrii\/\" \/>\n<meta property=\"og:locale\" content=\"pl_PL\" \/>\n<meta property=\"og:type\" content=\"article\" \/>\n<meta property=\"og:title\" content=\"Mauricio Wybral Sie Do Szkoly W Austrii\" \/>\n<meta property=\"og:description\" content=\"W tym roku otrzyma\u0142em fantastyczn\u0105 mo\u017cliwo\u015b\u0107 sp\u0119dzenia roku na wymianie w Austrii. To by\u0142o niezapomniane do\u015bwiadczenie trwaj\u0105ce ca\u0142y rok szkolny, od wrze\u015bnia do czerwca.\" \/>\n<meta property=\"og:url\" content=\"https:\/\/www.sts-education.com\/pl\/szkola-srednia\/uczniowie-na-wymianie\/historie-uczniow\/mauricio-wybral-sie-do-szkoly-w-austrii\/\" \/>\n<meta property=\"og:site_name\" content=\"STS Education\" \/>\n<meta property=\"article:published_time\" content=\"2024-08-05T14:00:00+00:00\" \/>\n<meta property=\"article:modified_time\" content=\"2026-04-29T08:02:49+00:00\" \/>\n<meta property=\"og:image\" content=\"https:\/\/powered-by.qbank.se\/educatius\/sts\/\/86754fe3e63a20d8f832b9e46dd1519e_1-1-thumb.webp\" \/>\n\t<meta property=\"og:image:width\" content=\"150\" \/>\n\t<meta property=\"og:image:height\" content=\"150\" \/>\n\t<meta property=\"og:image:type\" content=\"image\/png\" \/>\n<meta name=\"author\" content=\"syncreadwrite\" \/>\n<meta name=\"twitter:card\" content=\"summary_large_image\" \/>\n<meta name=\"twitter:label1\" content=\"Napisane przez\" \/>\n\t<meta name=\"twitter:data1\" content=\"syncreadwrite\" \/>\n\t<meta name=\"twitter:label2\" content=\"Szacowany czas czytania\" \/>\n\t<meta name=\"twitter:data2\" content=\"3 minuty\" \/>\n<script type=\"application\/ld+json\" class=\"yoast-schema-graph\">{\"@context\":\"https:\/\/schema.org\",\"@graph\":[{\"@type\":\"Article\",\"@id\":\"https:\/\/www.sts-education.com\/pl\/szkola-srednia\/uczniowie-na-wymianie\/historie-uczniow\/mauricio-wybral-sie-do-szkoly-w-austrii\/#article\",\"isPartOf\":{\"@id\":\"https:\/\/www.sts-education.com\/pl\/szkola-srednia\/uczniowie-na-wymianie\/historie-uczniow\/mauricio-wybral-sie-do-szkoly-w-austrii\/\"},\"author\":{\"name\":\"syncreadwrite\",\"@id\":\"https:\/\/www.sts-education.com\/pl\/#\/schema\/person\/8b82f3a2e45f020b8f296d7a85d9a97c\"},\"headline\":\"Mauricio Wybral Sie Do Szkoly W Austrii\",\"datePublished\":\"2024-08-05T14:00:00+00:00\",\"dateModified\":\"2026-04-29T08:02:49+00:00\",\"mainEntityOfPage\":{\"@id\":\"https:\/\/www.sts-education.com\/pl\/szkola-srednia\/uczniowie-na-wymianie\/historie-uczniow\/mauricio-wybral-sie-do-szkoly-w-austrii\/\"},\"wordCount\":666,\"commentCount\":0,\"image\":{\"@id\":\"https:\/\/www.sts-education.com\/pl\/szkola-srednia\/uczniowie-na-wymianie\/historie-uczniow\/mauricio-wybral-sie-do-szkoly-w-austrii\/#primaryimage\"},\"thumbnailUrl\":\"https:\/\/powered-by.qbank.se\/educatius\/sts\/\/86754fe3e63a20d8f832b9e46dd1519e_1-1-thumb.webp\",\"keywords\":[\"Austria\"],\"inLanguage\":\"pl-PL\",\"potentialAction\":[{\"@type\":\"CommentAction\",\"name\":\"Comment\",\"target\":[\"https:\/\/www.sts-education.com\/pl\/szkola-srednia\/uczniowie-na-wymianie\/historie-uczniow\/mauricio-wybral-sie-do-szkoly-w-austrii\/#respond\"]}]},{\"@type\":\"WebPage\",\"@id\":\"https:\/\/www.sts-education.com\/pl\/szkola-srednia\/uczniowie-na-wymianie\/historie-uczniow\/mauricio-wybral-sie-do-szkoly-w-austrii\/\",\"url\":\"https:\/\/www.sts-education.com\/pl\/szkola-srednia\/uczniowie-na-wymianie\/historie-uczniow\/mauricio-wybral-sie-do-szkoly-w-austrii\/\",\"name\":\"Mauricio wybra\u0142 si\u0119 do szko\u0142y w Austrii\",\"isPartOf\":{\"@id\":\"https:\/\/www.sts-education.com\/pl\/#website\"},\"primaryImageOfPage\":{\"@id\":\"https:\/\/www.sts-education.com\/pl\/szkola-srednia\/uczniowie-na-wymianie\/historie-uczniow\/mauricio-wybral-sie-do-szkoly-w-austrii\/#primaryimage\"},\"image\":{\"@id\":\"https:\/\/www.sts-education.com\/pl\/szkola-srednia\/uczniowie-na-wymianie\/historie-uczniow\/mauricio-wybral-sie-do-szkoly-w-austrii\/#primaryimage\"},\"thumbnailUrl\":\"https:\/\/powered-by.qbank.se\/educatius\/sts\/\/86754fe3e63a20d8f832b9e46dd1519e_1-1-thumb.webp\",\"datePublished\":\"2024-08-05T14:00:00+00:00\",\"dateModified\":\"2026-04-29T08:02:49+00:00\",\"author\":{\"@id\":\"https:\/\/www.sts-education.com\/pl\/#\/schema\/person\/8b82f3a2e45f020b8f296d7a85d9a97c\"},\"description\":\"W tym roku otrzyma\u0142em fantastyczn\u0105 mo\u017cliwo\u015b\u0107 sp\u0119dzenia roku na wymianie w Austrii. To by\u0142o niezapomniane do\u015bwiadczenie trwaj\u0105ce ca\u0142y rok szkolny, od wrze\u015bnia do czerwca.\",\"breadcrumb\":{\"@id\":\"https:\/\/www.sts-education.com\/pl\/szkola-srednia\/uczniowie-na-wymianie\/historie-uczniow\/mauricio-wybral-sie-do-szkoly-w-austrii\/#breadcrumb\"},\"inLanguage\":\"pl-PL\",\"potentialAction\":[{\"@type\":\"ReadAction\",\"target\":[\"https:\/\/www.sts-education.com\/pl\/szkola-srednia\/uczniowie-na-wymianie\/historie-uczniow\/mauricio-wybral-sie-do-szkoly-w-austrii\/\"]}]},{\"@type\":\"ImageObject\",\"inLanguage\":\"pl-PL\",\"@id\":\"https:\/\/www.sts-education.com\/pl\/szkola-srednia\/uczniowie-na-wymianie\/historie-uczniow\/mauricio-wybral-sie-do-szkoly-w-austrii\/#primaryimage\",\"url\":\"https:\/\/powered-by.qbank.se\/educatius\/sts\/\/86754fe3e63a20d8f832b9e46dd1519e_1-1-thumb.webp\",\"contentUrl\":\"https:\/\/powered-by.qbank.se\/educatius\/sts\/\/86754fe3e63a20d8f832b9e46dd1519e_1-1-thumb.webp\",\"width\":150,\"height\":150},{\"@type\":\"BreadcrumbList\",\"@id\":\"https:\/\/www.sts-education.com\/pl\/szkola-srednia\/uczniowie-na-wymianie\/historie-uczniow\/mauricio-wybral-sie-do-szkoly-w-austrii\/#breadcrumb\",\"itemListElement\":[{\"@type\":\"ListItem\",\"position\":1,\"name\":\"Home\",\"item\":\"https:\/\/www.sts-education.com\/pl\/\"},{\"@type\":\"ListItem\",\"position\":2,\"name\":\"Mauricio Wybral Sie Do Szkoly W Austrii\"}]},{\"@type\":\"WebSite\",\"@id\":\"https:\/\/www.sts-education.com\/pl\/#website\",\"url\":\"https:\/\/www.sts-education.com\/pl\/\",\"name\":\"STS Education\",\"description\":\"\",\"potentialAction\":[{\"@type\":\"SearchAction\",\"target\":{\"@type\":\"EntryPoint\",\"urlTemplate\":\"https:\/\/www.sts-education.com\/pl\/?s={search_term_string}\"},\"query-input\":{\"@type\":\"PropertyValueSpecification\",\"valueRequired\":true,\"valueName\":\"search_term_string\"}}],\"inLanguage\":\"pl-PL\"},{\"@type\":\"Person\",\"@id\":\"https:\/\/www.sts-education.com\/pl\/#\/schema\/person\/8b82f3a2e45f020b8f296d7a85d9a97c\",\"name\":\"syncreadwrite\",\"image\":{\"@type\":\"ImageObject\",\"inLanguage\":\"pl-PL\",\"@id\":\"https:\/\/secure.gravatar.com\/avatar\/6ed1007e4f6f43f22e3df41d9fce4365533cba47fef64bb359b8e629abbc2ea6?s=96&d=mm&r=g\",\"url\":\"https:\/\/secure.gravatar.com\/avatar\/6ed1007e4f6f43f22e3df41d9fce4365533cba47fef64bb359b8e629abbc2ea6?s=96&d=mm&r=g\",\"contentUrl\":\"https:\/\/secure.gravatar.com\/avatar\/6ed1007e4f6f43f22e3df41d9fce4365533cba47fef64bb359b8e629abbc2ea6?s=96&d=mm&r=g\",\"caption\":\"syncreadwrite\"},\"url\":\"https:\/\/www.sts-education.com\/pl\/author\/syncreadwrite\/\"}]}<\/script>\n<!-- \/ Yoast SEO Premium plugin. -->","yoast_head_json":{"title":"Mauricio wybra\u0142 si\u0119 do szko\u0142y w Austrii","description":"W tym roku otrzyma\u0142em fantastyczn\u0105 mo\u017cliwo\u015b\u0107 sp\u0119dzenia roku na wymianie w Austrii. To by\u0142o niezapomniane do\u015bwiadczenie trwaj\u0105ce ca\u0142y rok szkolny, od wrze\u015bnia do czerwca.","robots":{"index":"index","follow":"follow","max-snippet":"max-snippet:-1","max-image-preview":"max-image-preview:large","max-video-preview":"max-video-preview:-1"},"canonical":"https:\/\/www.sts-education.com\/pl\/szkola-srednia\/uczniowie-na-wymianie\/historie-uczniow\/mauricio-wybral-sie-do-szkoly-w-austrii\/","og_locale":"pl_PL","og_type":"article","og_title":"Mauricio Wybral Sie Do Szkoly W Austrii","og_description":"W tym roku otrzyma\u0142em fantastyczn\u0105 mo\u017cliwo\u015b\u0107 sp\u0119dzenia roku na wymianie w Austrii. To by\u0142o niezapomniane do\u015bwiadczenie trwaj\u0105ce ca\u0142y rok szkolny, od wrze\u015bnia do czerwca.","og_url":"https:\/\/www.sts-education.com\/pl\/szkola-srednia\/uczniowie-na-wymianie\/historie-uczniow\/mauricio-wybral-sie-do-szkoly-w-austrii\/","og_site_name":"STS Education","article_published_time":"2024-08-05T14:00:00+00:00","article_modified_time":"2026-04-29T08:02:49+00:00","og_image":[{"width":150,"height":150,"url":"https:\/\/powered-by.qbank.se\/educatius\/sts\/\/86754fe3e63a20d8f832b9e46dd1519e_1-1-thumb.webp","type":"image\/png"}],"author":"syncreadwrite","twitter_card":"summary_large_image","twitter_misc":{"Napisane przez":"syncreadwrite","Szacowany czas czytania":"3 minuty"},"schema":{"@context":"https:\/\/schema.org","@graph":[{"@type":"Article","@id":"https:\/\/www.sts-education.com\/pl\/szkola-srednia\/uczniowie-na-wymianie\/historie-uczniow\/mauricio-wybral-sie-do-szkoly-w-austrii\/#article","isPartOf":{"@id":"https:\/\/www.sts-education.com\/pl\/szkola-srednia\/uczniowie-na-wymianie\/historie-uczniow\/mauricio-wybral-sie-do-szkoly-w-austrii\/"},"author":{"name":"syncreadwrite","@id":"https:\/\/www.sts-education.com\/pl\/#\/schema\/person\/8b82f3a2e45f020b8f296d7a85d9a97c"},"headline":"Mauricio Wybral Sie Do Szkoly W Austrii","datePublished":"2024-08-05T14:00:00+00:00","dateModified":"2026-04-29T08:02:49+00:00","mainEntityOfPage":{"@id":"https:\/\/www.sts-education.com\/pl\/szkola-srednia\/uczniowie-na-wymianie\/historie-uczniow\/mauricio-wybral-sie-do-szkoly-w-austrii\/"},"wordCount":666,"commentCount":0,"image":{"@id":"https:\/\/www.sts-education.com\/pl\/szkola-srednia\/uczniowie-na-wymianie\/historie-uczniow\/mauricio-wybral-sie-do-szkoly-w-austrii\/#primaryimage"},"thumbnailUrl":"https:\/\/powered-by.qbank.se\/educatius\/sts\/\/86754fe3e63a20d8f832b9e46dd1519e_1-1-thumb.webp","keywords":["Austria"],"inLanguage":"pl-PL","potentialAction":[{"@type":"CommentAction","name":"Comment","target":["https:\/\/www.sts-education.com\/pl\/szkola-srednia\/uczniowie-na-wymianie\/historie-uczniow\/mauricio-wybral-sie-do-szkoly-w-austrii\/#respond"]}]},{"@type":"WebPage","@id":"https:\/\/www.sts-education.com\/pl\/szkola-srednia\/uczniowie-na-wymianie\/historie-uczniow\/mauricio-wybral-sie-do-szkoly-w-austrii\/","url":"https:\/\/www.sts-education.com\/pl\/szkola-srednia\/uczniowie-na-wymianie\/historie-uczniow\/mauricio-wybral-sie-do-szkoly-w-austrii\/","name":"Mauricio wybra\u0142 si\u0119 do szko\u0142y w Austrii","isPartOf":{"@id":"https:\/\/www.sts-education.com\/pl\/#website"},"primaryImageOfPage":{"@id":"https:\/\/www.sts-education.com\/pl\/szkola-srednia\/uczniowie-na-wymianie\/historie-uczniow\/mauricio-wybral-sie-do-szkoly-w-austrii\/#primaryimage"},"image":{"@id":"https:\/\/www.sts-education.com\/pl\/szkola-srednia\/uczniowie-na-wymianie\/historie-uczniow\/mauricio-wybral-sie-do-szkoly-w-austrii\/#primaryimage"},"thumbnailUrl":"https:\/\/powered-by.qbank.se\/educatius\/sts\/\/86754fe3e63a20d8f832b9e46dd1519e_1-1-thumb.webp","datePublished":"2024-08-05T14:00:00+00:00","dateModified":"2026-04-29T08:02:49+00:00","author":{"@id":"https:\/\/www.sts-education.com\/pl\/#\/schema\/person\/8b82f3a2e45f020b8f296d7a85d9a97c"},"description":"W tym roku otrzyma\u0142em fantastyczn\u0105 mo\u017cliwo\u015b\u0107 sp\u0119dzenia roku na wymianie w Austrii. To by\u0142o niezapomniane do\u015bwiadczenie trwaj\u0105ce ca\u0142y rok szkolny, od wrze\u015bnia do czerwca.","breadcrumb":{"@id":"https:\/\/www.sts-education.com\/pl\/szkola-srednia\/uczniowie-na-wymianie\/historie-uczniow\/mauricio-wybral-sie-do-szkoly-w-austrii\/#breadcrumb"},"inLanguage":"pl-PL","potentialAction":[{"@type":"ReadAction","target":["https:\/\/www.sts-education.com\/pl\/szkola-srednia\/uczniowie-na-wymianie\/historie-uczniow\/mauricio-wybral-sie-do-szkoly-w-austrii\/"]}]},{"@type":"ImageObject","inLanguage":"pl-PL","@id":"https:\/\/www.sts-education.com\/pl\/szkola-srednia\/uczniowie-na-wymianie\/historie-uczniow\/mauricio-wybral-sie-do-szkoly-w-austrii\/#primaryimage","url":"https:\/\/powered-by.qbank.se\/educatius\/sts\/\/86754fe3e63a20d8f832b9e46dd1519e_1-1-thumb.webp","contentUrl":"https:\/\/powered-by.qbank.se\/educatius\/sts\/\/86754fe3e63a20d8f832b9e46dd1519e_1-1-thumb.webp","width":150,"height":150},{"@type":"BreadcrumbList","@id":"https:\/\/www.sts-education.com\/pl\/szkola-srednia\/uczniowie-na-wymianie\/historie-uczniow\/mauricio-wybral-sie-do-szkoly-w-austrii\/#breadcrumb","itemListElement":[{"@type":"ListItem","position":1,"name":"Home","item":"https:\/\/www.sts-education.com\/pl\/"},{"@type":"ListItem","position":2,"name":"Mauricio Wybral Sie Do Szkoly W Austrii"}]},{"@type":"WebSite","@id":"https:\/\/www.sts-education.com\/pl\/#website","url":"https:\/\/www.sts-education.com\/pl\/","name":"STS Education","description":"","potentialAction":[{"@type":"SearchAction","target":{"@type":"EntryPoint","urlTemplate":"https:\/\/www.sts-education.com\/pl\/?s={search_term_string}"},"query-input":{"@type":"PropertyValueSpecification","valueRequired":true,"valueName":"search_term_string"}}],"inLanguage":"pl-PL"},{"@type":"Person","@id":"https:\/\/www.sts-education.com\/pl\/#\/schema\/person\/8b82f3a2e45f020b8f296d7a85d9a97c","name":"syncreadwrite","image":{"@type":"ImageObject","inLanguage":"pl-PL","@id":"https:\/\/secure.gravatar.com\/avatar\/6ed1007e4f6f43f22e3df41d9fce4365533cba47fef64bb359b8e629abbc2ea6?s=96&d=mm&r=g","url":"https:\/\/secure.gravatar.com\/avatar\/6ed1007e4f6f43f22e3df41d9fce4365533cba47fef64bb359b8e629abbc2ea6?s=96&d=mm&r=g","contentUrl":"https:\/\/secure.gravatar.com\/avatar\/6ed1007e4f6f43f22e3df41d9fce4365533cba47fef64bb359b8e629abbc2ea6?s=96&d=mm&r=g","caption":"syncreadwrite"},"url":"https:\/\/www.sts-education.com\/pl\/author\/syncreadwrite\/"}]}},"_links":{"self":[{"href":"https:\/\/www.sts-education.com\/pl\/wp-json\/wp\/v2\/posts\/11108","targetHints":{"allow":["GET"]}}],"collection":[{"href":"https:\/\/www.sts-education.com\/pl\/wp-json\/wp\/v2\/posts"}],"about":[{"href":"https:\/\/www.sts-education.com\/pl\/wp-json\/wp\/v2\/types\/post"}],"author":[{"embeddable":true,"href":"https:\/\/www.sts-education.com\/pl\/wp-json\/wp\/v2\/users\/20"}],"replies":[{"embeddable":true,"href":"https:\/\/www.sts-education.com\/pl\/wp-json\/wp\/v2\/comments?post=11108"}],"version-history":[{"count":5,"href":"https:\/\/www.sts-education.com\/pl\/wp-json\/wp\/v2\/posts\/11108\/revisions"}],"predecessor-version":[{"id":43581,"href":"https:\/\/www.sts-education.com\/pl\/wp-json\/wp\/v2\/posts\/11108\/revisions\/43581"}],"wp:featuredmedia":[{"embeddable":true,"href":"https:\/\/www.sts-education.com\/pl\/wp-json\/wp\/v2\/media\/14412"}],"wp:attachment":[{"href":"https:\/\/www.sts-education.com\/pl\/wp-json\/wp\/v2\/media?parent=11108"}],"wp:term":[{"taxonomy":"category","embeddable":true,"href":"https:\/\/www.sts-education.com\/pl\/wp-json\/wp\/v2\/categories?post=11108"},{"taxonomy":"post_tag","embeddable":true,"href":"https:\/\/www.sts-education.com\/pl\/wp-json\/wp\/v2\/tags?post=11108"},{"taxonomy":"wpw_post_folders","embeddable":true,"href":"https:\/\/www.sts-education.com\/pl\/wp-json\/wp\/v2\/wpw_post_folders?post=11108"}],"curies":[{"name":"wp","href":"https:\/\/api.w.org\/{rel}","templated":true}]}}