{"id":11116,"date":"2024-05-13T09:00:00","date_gmt":"2024-05-13T09:00:00","guid":{"rendered":"https:\/\/preprod.sts-education.com\/blog\/2026\/03\/05\/petra-byla-na-wymianie-w-usa\/"},"modified":"2026-04-14T10:23:23","modified_gmt":"2026-04-14T10:23:23","slug":"petra-byla-na-wymianie-w-usa","status":"publish","type":"post","link":"https:\/\/www.sts-education.com\/pl\/szkola-srednia\/uczniowie-na-wymianie\/historie-uczniow\/petra-byla-na-wymianie-w-usa\/","title":{"rendered":"Petra Byla Na Wymianie W Usa"},"content":{"rendered":"\n<div class=\"wp-block-sts-text sts-text-editor has-max-width-md\"><div class=\"sts-text-editor__content\"><div class=\"sts-text-editor__content-inner\">\n<h1 style=\"text-align:center\">Petra by\u0142a na wymianie we USA<\/h1>\n<\/div><\/div><\/div>\n\n\n\n<div class=\"wp-block-sts-text sts-text-editor has-max-width-md\"><div class=\"sts-text-editor__content\"><div class=\"sts-text-editor__content-inner\">\n<p><em>Petra z Holandii (41 lat) to by\u0142a uczestniczka programu wymiany STS.<\/em><\/p>\n<p>Oto jej historia:<\/p>\n<p>Gdy mia\u0142em 17 lat, w roku szkolnym 2000\/2001 by\u0142am uczestniczk\u0105 wymiany uczniowskiej w ma\u0142ym miasteczku North Fond du Lac w stanie Wisconsin, w USA. Po uko\u0144czeniu liceum w Holandii nie by\u0142em pewna, na jak\u0105 uczelni\u0119 chc\u0119 i\u015b\u0107. Ale na targach dowiedzia\u0142em si\u0119 o STS. Z\u0142o\u017cy\u0142am podanie i ostatecznie zosta\u0142am przyj\u0119ta na roczn\u0105 wymian\u0119 do USA.<\/p>\n<p>Zebra\u0142a si\u0119 grupa 20 student\u00f3w, kt\u00f3rzy 18 sierpnia 2000 roku wyruszyli z Amsterdamu do USA. Ostatni etap podr\u00f3\u017cy, z Chicago do Milwaukee, odby\u0142am ju\u017c sama. Kiedy dotar\u0142am do miejsca docelowego, moja rodzina goszcz\u0105ca przywita\u0142a mnie przy bramie holendersk\u0105 flag\u0105 i tablic\u0105 z napisem \u201eWitaj Petra\u201d. To by\u0142o cudowne.<\/p>\n<p>Moja niesamowita rodzina goszcz\u0105ca sk\u0142ada\u0142a si\u0119 z mamy, taty oraz dw\u00f3jki rodze\u0144stwa: brata w wieku 21 lat i siostry w moim wieku. Mieli\u015bmy \u015bwietny pocz\u0105tek i od razu nawi\u0105zali\u015bmy dobre relacje. Zabierali mnie na spotkania rodzinne, kolacje, do centr\u00f3w handlowych, kin i na przyj\u0119cia urodzinowe.<\/p>\n<p>W szkole r\u00f3wnie\u017c mia\u0142em dobry kontakt z wi\u0119kszo\u015bci\u0105, je\u015bli nie ze wszystkimi uczniami. Chcieli mnie pozna\u0107, a ja by\u0142am ciekawa ich. Du\u017co czasu sp\u0119dza\u0142em z moj\u0105 siostr\u0105 goszcz\u0105c\u0105 i jej przyjaci\u00f3\u0142mi, jesieni\u0105 gra\u0142am w siatk\u00f3wk\u0119, a wiosn\u0105 w pi\u0142k\u0119 no\u017cn\u0105.<\/p>\n<p>Moja lokalna koordynatorka Calla by\u0142a zawsze dost\u0119pna, gdy tylko kt\u00f3ry\u015b ze student\u00f3w na wymianie jej potrzebowa\u0142, i zawsze stara\u0142a si\u0119 znale\u017a\u0107 najlepsze rozwi\u0105zanie ka\u017cdego problemu, je\u015bli taki si\u0119 w\u00f3wczas pojawia\u0142. Spotyka\u0142am si\u0119 z ni\u0105 rzadko, ale zawsze \u015bwietnie sp\u0119dzali\u015bmy razem czas. Calla zabiera\u0142a nas, student\u00f3w z wymiany, na niesamowite wycieczki i nauczy\u0142a nas wiele o ameryka\u0144skiej kulturze.<\/p>\n<p>Ka\u017cda chwila mojego roku sp\u0119dzonego w USA by\u0142a niesamowita, dlatego 15 czerwca 2001 roku by\u0142o mi ci\u0119\u017cko wyje\u017cd\u017ca\u0107. Zbudowa\u0142am sobie \u017cycie w Wisconsin i by\u0142o mi bardzo smutno zostawi\u0107 wszystkich, nie maj\u0105c pewno\u015bci, czy kiedykolwiek ich jeszcze zobacz\u0119.<\/p>\n<p>Ale moja siostra goszcz\u0105ca przyjecha\u0142a mnie odwiedzi\u0107 tego samego lata, a ja odwiedzi\u0142em ich p\u00f3\u017aniej latem 2002 roku. Nawet teraz, ponad 20 lat p\u00f3\u017aniej, nadal utrzymujemy kontakt. Odwiedzi\u0142am ich wiele razy na zjazdach absolwent\u00f3w (w 2006, 2011 i 2016 r.), by\u0142am te\u017c na \u015blubie mojej siostry goszcz\u0105cej w 2008 roku. W 2006 roku moja rodzina goszcz\u0105ca odwiedzi\u0142a mnie te\u017c w Holandii, a moja siostra goszcz\u0105ca i jej m\u0105\u017c przyjechali ponownie w 2019 roku. Odwiedzili mnie te\u017c moi przyjaciele ze studi\u00f3w, kt\u00f3rych oprowadzi\u0142am po Holandii, co r\u00f3wnie\u017c by\u0142o niesamowite.<\/p>\n<p>Po wymianie poczu\u0142am, \u017ce pozna\u0142am siebie lepiej jako osob\u0119 i \u017ce jestem gotowa stawi\u0107 czo\u0142a \u015bwiatu. Podr\u00f3\u017cowanie sta\u0142o si\u0119 moj\u0105 pasj\u0105, a w trakcie studi\u00f3w mia\u0142am te\u017c okazj\u0119 odby\u0107 sta\u017c w Hiszpanii. Dzi\u0119ki poprawie znajomo\u015bci j\u0119zyka angielskiego nawi\u0105za\u0142em te\u017c bliskie przyja\u017anie w Anglii, na W\u0119grzech i w Hiszpanii.<\/p>\n<p>Wymiana szkolna to co\u015b, co wspominam do dzi\u015b. Podczas mojego pobytu w USA prowadzi\u0142am pami\u0119tnik, kt\u00f3ry czasami nadal czytam i \u015bmiej\u0119 si\u0119 z przyg\u00f3d, kt\u00f3re w\u00f3wczas prze\u017cy\u0142am. Trudno uwierzy\u0107, \u017ce min\u0119\u0142o tyle lat; mam wra\u017cenie, jakby to by\u0142o wczoraj. Ca\u0142e to do\u015bwiadczenie wiele mnie nauczy\u0142o, zyska\u0142am drug\u0105 rodzin\u0119 i zawar\u0142am przyja\u017anie na ca\u0142e \u017cycie, a tak\u017ce prze\u017cy\u0142am przygod\u0119, kt\u00f3rej nigdy nie zapomn\u0119. To do\u015bwiadczenie, kt\u00f3re od tamtej pory ma pozytywny wp\u0142yw na moje \u017cycie!<\/p>\n<p>Je\u015bli masz tak\u0105 mo\u017cliwo\u015b\u0107, skorzystaj z niej!<\/p>\n<h2>Dowiedz si\u0119 wi\u0119cej<\/h2>\n<ul><li>Przeczytaj wi\u0119cej <a href=\"https:\/\/www.sts-education.com\/pl\/szkola-srednia\/uczniowie-na-wymianie\/historie-uczniow\/?hashtag=USA\">historii uczni\u00f3w z USA<\/a><\/li>\n<li>Przeczytaj wi\u0119cej o <a href=\"https:\/\/www.sts-education.com\/pl\/szkola-srednia\/kierunki-wyjazdowe\/ameryka-polnocna\/usa\/\">wymianie licealnej w USA<\/a><\/li>\n<li>Zobacz <a href=\"\/pl\/high-school\/tripfinder\/\">wszystkie miejsca docelowe naszych wymian licealnych<\/a><\/li><\/ul>\n<\/div><\/div><\/div>\n","protected":false},"excerpt":{"rendered":"","protected":false},"author":20,"featured_media":14428,"comment_status":"open","ping_status":"open","sticky":false,"template":"","format":"standard","meta":{"_acf_changed":false,"_yoast_wpseo_title":"Petra by\u0142a na wymianie we USA","_yoast_wpseo_metadesc":"Gdy mia\u0142em 17 lat, w roku szkolnym 2000\/2001 by\u0142am uczestniczk\u0105 wymiany uczniowskiej w ma\u0142ym miasteczku North Fond du Lac w stanie Wisconsin, w USA.","footnotes":""},"categories":[265],"tags":[1029],"wpw_post_folders":[],"class_list":["post-11116","post","type-post","status-publish","format-standard","has-post-thumbnail","hentry","category-bez-kategorii","tag-usa"],"acf":[],"yoast_head":"<!-- This site is optimized with the Yoast SEO Premium plugin v27.2 (Yoast SEO v27.2) - https:\/\/yoast.com\/product\/yoast-seo-premium-wordpress\/ -->\n<title>Petra by\u0142a na wymianie we USA<\/title>\n<meta name=\"description\" content=\"Gdy mia\u0142em 17 lat, w roku szkolnym 2000\/2001 by\u0142am uczestniczk\u0105 wymiany uczniowskiej w ma\u0142ym miasteczku North Fond du Lac w stanie Wisconsin, w USA.\" \/>\n<meta name=\"robots\" content=\"index, follow, max-snippet:-1, max-image-preview:large, max-video-preview:-1\" \/>\n<link rel=\"canonical\" href=\"https:\/\/www.sts-education.com\/pl\/szkola-srednia\/uczniowie-na-wymianie\/historie-uczniow\/petra-byla-na-wymianie-w-usa\/\" \/>\n<meta property=\"og:locale\" content=\"pl_PL\" \/>\n<meta property=\"og:type\" content=\"article\" \/>\n<meta property=\"og:title\" content=\"Petra Byla Na Wymianie W Usa\" \/>\n<meta property=\"og:description\" content=\"Gdy mia\u0142em 17 lat, w roku szkolnym 2000\/2001 by\u0142am uczestniczk\u0105 wymiany uczniowskiej w ma\u0142ym miasteczku North Fond du Lac w stanie Wisconsin, w USA.\" \/>\n<meta property=\"og:url\" content=\"https:\/\/www.sts-education.com\/pl\/szkola-srednia\/uczniowie-na-wymianie\/historie-uczniow\/petra-byla-na-wymianie-w-usa\/\" \/>\n<meta property=\"og:site_name\" content=\"STS Education\" \/>\n<meta property=\"article:published_time\" content=\"2024-05-13T09:00:00+00:00\" \/>\n<meta property=\"article:modified_time\" content=\"2026-04-14T10:23:23+00:00\" \/>\n<meta property=\"og:image\" content=\"https:\/\/powered-by.qbank.se\/educatius\/sts\/\/d641a61027e21d4a41dc2e2e8f16d0b7_1-1-thumb.webp\" \/>\n\t<meta property=\"og:image:width\" content=\"150\" \/>\n\t<meta property=\"og:image:height\" content=\"150\" \/>\n\t<meta property=\"og:image:type\" content=\"image\/jpeg\" \/>\n<meta name=\"author\" content=\"syncreadwrite\" \/>\n<meta name=\"twitter:card\" content=\"summary_large_image\" \/>\n<meta name=\"twitter:label1\" content=\"Napisane przez\" \/>\n\t<meta name=\"twitter:data1\" content=\"syncreadwrite\" \/>\n\t<meta name=\"twitter:label2\" content=\"Szacowany czas czytania\" \/>\n\t<meta name=\"twitter:data2\" content=\"3 minuty\" \/>\n<script type=\"application\/ld+json\" class=\"yoast-schema-graph\">{\"@context\":\"https:\/\/schema.org\",\"@graph\":[{\"@type\":\"Article\",\"@id\":\"https:\/\/www.sts-education.com\/pl\/szkola-srednia\/uczniowie-na-wymianie\/historie-uczniow\/petra-byla-na-wymianie-w-usa\/#article\",\"isPartOf\":{\"@id\":\"https:\/\/www.sts-education.com\/pl\/szkola-srednia\/uczniowie-na-wymianie\/historie-uczniow\/petra-byla-na-wymianie-w-usa\/\"},\"author\":{\"name\":\"syncreadwrite\",\"@id\":\"https:\/\/www.sts-education.com\/pl\/#\/schema\/person\/8b82f3a2e45f020b8f296d7a85d9a97c\"},\"headline\":\"Petra Byla Na Wymianie W Usa\",\"datePublished\":\"2024-05-13T09:00:00+00:00\",\"dateModified\":\"2026-04-14T10:23:23+00:00\",\"mainEntityOfPage\":{\"@id\":\"https:\/\/www.sts-education.com\/pl\/szkola-srednia\/uczniowie-na-wymianie\/historie-uczniow\/petra-byla-na-wymianie-w-usa\/\"},\"wordCount\":669,\"commentCount\":0,\"image\":{\"@id\":\"https:\/\/www.sts-education.com\/pl\/szkola-srednia\/uczniowie-na-wymianie\/historie-uczniow\/petra-byla-na-wymianie-w-usa\/#primaryimage\"},\"thumbnailUrl\":\"https:\/\/powered-by.qbank.se\/educatius\/sts\/\/d641a61027e21d4a41dc2e2e8f16d0b7_1-1-thumb.webp\",\"keywords\":[\"USA\"],\"inLanguage\":\"pl-PL\",\"potentialAction\":[{\"@type\":\"CommentAction\",\"name\":\"Comment\",\"target\":[\"https:\/\/www.sts-education.com\/pl\/szkola-srednia\/uczniowie-na-wymianie\/historie-uczniow\/petra-byla-na-wymianie-w-usa\/#respond\"]}]},{\"@type\":\"WebPage\",\"@id\":\"https:\/\/www.sts-education.com\/pl\/szkola-srednia\/uczniowie-na-wymianie\/historie-uczniow\/petra-byla-na-wymianie-w-usa\/\",\"url\":\"https:\/\/www.sts-education.com\/pl\/szkola-srednia\/uczniowie-na-wymianie\/historie-uczniow\/petra-byla-na-wymianie-w-usa\/\",\"name\":\"Petra by\u0142a na wymianie we USA\",\"isPartOf\":{\"@id\":\"https:\/\/www.sts-education.com\/pl\/#website\"},\"primaryImageOfPage\":{\"@id\":\"https:\/\/www.sts-education.com\/pl\/szkola-srednia\/uczniowie-na-wymianie\/historie-uczniow\/petra-byla-na-wymianie-w-usa\/#primaryimage\"},\"image\":{\"@id\":\"https:\/\/www.sts-education.com\/pl\/szkola-srednia\/uczniowie-na-wymianie\/historie-uczniow\/petra-byla-na-wymianie-w-usa\/#primaryimage\"},\"thumbnailUrl\":\"https:\/\/powered-by.qbank.se\/educatius\/sts\/\/d641a61027e21d4a41dc2e2e8f16d0b7_1-1-thumb.webp\",\"datePublished\":\"2024-05-13T09:00:00+00:00\",\"dateModified\":\"2026-04-14T10:23:23+00:00\",\"author\":{\"@id\":\"https:\/\/www.sts-education.com\/pl\/#\/schema\/person\/8b82f3a2e45f020b8f296d7a85d9a97c\"},\"description\":\"Gdy mia\u0142em 17 lat, w roku szkolnym 2000\/2001 by\u0142am uczestniczk\u0105 wymiany uczniowskiej w ma\u0142ym miasteczku North Fond du Lac w stanie Wisconsin, w USA.\",\"breadcrumb\":{\"@id\":\"https:\/\/www.sts-education.com\/pl\/szkola-srednia\/uczniowie-na-wymianie\/historie-uczniow\/petra-byla-na-wymianie-w-usa\/#breadcrumb\"},\"inLanguage\":\"pl-PL\",\"potentialAction\":[{\"@type\":\"ReadAction\",\"target\":[\"https:\/\/www.sts-education.com\/pl\/szkola-srednia\/uczniowie-na-wymianie\/historie-uczniow\/petra-byla-na-wymianie-w-usa\/\"]}]},{\"@type\":\"ImageObject\",\"inLanguage\":\"pl-PL\",\"@id\":\"https:\/\/www.sts-education.com\/pl\/szkola-srednia\/uczniowie-na-wymianie\/historie-uczniow\/petra-byla-na-wymianie-w-usa\/#primaryimage\",\"url\":\"https:\/\/powered-by.qbank.se\/educatius\/sts\/\/d641a61027e21d4a41dc2e2e8f16d0b7_1-1-thumb.webp\",\"contentUrl\":\"https:\/\/powered-by.qbank.se\/educatius\/sts\/\/d641a61027e21d4a41dc2e2e8f16d0b7_1-1-thumb.webp\",\"width\":150,\"height\":150},{\"@type\":\"BreadcrumbList\",\"@id\":\"https:\/\/www.sts-education.com\/pl\/szkola-srednia\/uczniowie-na-wymianie\/historie-uczniow\/petra-byla-na-wymianie-w-usa\/#breadcrumb\",\"itemListElement\":[{\"@type\":\"ListItem\",\"position\":1,\"name\":\"Home\",\"item\":\"https:\/\/www.sts-education.com\/pl\/\"},{\"@type\":\"ListItem\",\"position\":2,\"name\":\"Petra Byla Na Wymianie W Usa\"}]},{\"@type\":\"WebSite\",\"@id\":\"https:\/\/www.sts-education.com\/pl\/#website\",\"url\":\"https:\/\/www.sts-education.com\/pl\/\",\"name\":\"STS Education\",\"description\":\"\",\"potentialAction\":[{\"@type\":\"SearchAction\",\"target\":{\"@type\":\"EntryPoint\",\"urlTemplate\":\"https:\/\/www.sts-education.com\/pl\/?s={search_term_string}\"},\"query-input\":{\"@type\":\"PropertyValueSpecification\",\"valueRequired\":true,\"valueName\":\"search_term_string\"}}],\"inLanguage\":\"pl-PL\"},{\"@type\":\"Person\",\"@id\":\"https:\/\/www.sts-education.com\/pl\/#\/schema\/person\/8b82f3a2e45f020b8f296d7a85d9a97c\",\"name\":\"syncreadwrite\",\"image\":{\"@type\":\"ImageObject\",\"inLanguage\":\"pl-PL\",\"@id\":\"https:\/\/secure.gravatar.com\/avatar\/6ed1007e4f6f43f22e3df41d9fce4365533cba47fef64bb359b8e629abbc2ea6?s=96&d=mm&r=g\",\"url\":\"https:\/\/secure.gravatar.com\/avatar\/6ed1007e4f6f43f22e3df41d9fce4365533cba47fef64bb359b8e629abbc2ea6?s=96&d=mm&r=g\",\"contentUrl\":\"https:\/\/secure.gravatar.com\/avatar\/6ed1007e4f6f43f22e3df41d9fce4365533cba47fef64bb359b8e629abbc2ea6?s=96&d=mm&r=g\",\"caption\":\"syncreadwrite\"},\"url\":\"https:\/\/www.sts-education.com\/pl\/author\/syncreadwrite\/\"}]}<\/script>\n<!-- \/ Yoast SEO Premium plugin. -->","yoast_head_json":{"title":"Petra by\u0142a na wymianie we USA","description":"Gdy mia\u0142em 17 lat, w roku szkolnym 2000\/2001 by\u0142am uczestniczk\u0105 wymiany uczniowskiej w ma\u0142ym miasteczku North Fond du Lac w stanie Wisconsin, w USA.","robots":{"index":"index","follow":"follow","max-snippet":"max-snippet:-1","max-image-preview":"max-image-preview:large","max-video-preview":"max-video-preview:-1"},"canonical":"https:\/\/www.sts-education.com\/pl\/szkola-srednia\/uczniowie-na-wymianie\/historie-uczniow\/petra-byla-na-wymianie-w-usa\/","og_locale":"pl_PL","og_type":"article","og_title":"Petra Byla Na Wymianie W Usa","og_description":"Gdy mia\u0142em 17 lat, w roku szkolnym 2000\/2001 by\u0142am uczestniczk\u0105 wymiany uczniowskiej w ma\u0142ym miasteczku North Fond du Lac w stanie Wisconsin, w USA.","og_url":"https:\/\/www.sts-education.com\/pl\/szkola-srednia\/uczniowie-na-wymianie\/historie-uczniow\/petra-byla-na-wymianie-w-usa\/","og_site_name":"STS Education","article_published_time":"2024-05-13T09:00:00+00:00","article_modified_time":"2026-04-14T10:23:23+00:00","og_image":[{"width":150,"height":150,"url":"https:\/\/powered-by.qbank.se\/educatius\/sts\/\/d641a61027e21d4a41dc2e2e8f16d0b7_1-1-thumb.webp","type":"image\/jpeg"}],"author":"syncreadwrite","twitter_card":"summary_large_image","twitter_misc":{"Napisane przez":"syncreadwrite","Szacowany czas czytania":"3 minuty"},"schema":{"@context":"https:\/\/schema.org","@graph":[{"@type":"Article","@id":"https:\/\/www.sts-education.com\/pl\/szkola-srednia\/uczniowie-na-wymianie\/historie-uczniow\/petra-byla-na-wymianie-w-usa\/#article","isPartOf":{"@id":"https:\/\/www.sts-education.com\/pl\/szkola-srednia\/uczniowie-na-wymianie\/historie-uczniow\/petra-byla-na-wymianie-w-usa\/"},"author":{"name":"syncreadwrite","@id":"https:\/\/www.sts-education.com\/pl\/#\/schema\/person\/8b82f3a2e45f020b8f296d7a85d9a97c"},"headline":"Petra Byla Na Wymianie W Usa","datePublished":"2024-05-13T09:00:00+00:00","dateModified":"2026-04-14T10:23:23+00:00","mainEntityOfPage":{"@id":"https:\/\/www.sts-education.com\/pl\/szkola-srednia\/uczniowie-na-wymianie\/historie-uczniow\/petra-byla-na-wymianie-w-usa\/"},"wordCount":669,"commentCount":0,"image":{"@id":"https:\/\/www.sts-education.com\/pl\/szkola-srednia\/uczniowie-na-wymianie\/historie-uczniow\/petra-byla-na-wymianie-w-usa\/#primaryimage"},"thumbnailUrl":"https:\/\/powered-by.qbank.se\/educatius\/sts\/\/d641a61027e21d4a41dc2e2e8f16d0b7_1-1-thumb.webp","keywords":["USA"],"inLanguage":"pl-PL","potentialAction":[{"@type":"CommentAction","name":"Comment","target":["https:\/\/www.sts-education.com\/pl\/szkola-srednia\/uczniowie-na-wymianie\/historie-uczniow\/petra-byla-na-wymianie-w-usa\/#respond"]}]},{"@type":"WebPage","@id":"https:\/\/www.sts-education.com\/pl\/szkola-srednia\/uczniowie-na-wymianie\/historie-uczniow\/petra-byla-na-wymianie-w-usa\/","url":"https:\/\/www.sts-education.com\/pl\/szkola-srednia\/uczniowie-na-wymianie\/historie-uczniow\/petra-byla-na-wymianie-w-usa\/","name":"Petra by\u0142a na wymianie we USA","isPartOf":{"@id":"https:\/\/www.sts-education.com\/pl\/#website"},"primaryImageOfPage":{"@id":"https:\/\/www.sts-education.com\/pl\/szkola-srednia\/uczniowie-na-wymianie\/historie-uczniow\/petra-byla-na-wymianie-w-usa\/#primaryimage"},"image":{"@id":"https:\/\/www.sts-education.com\/pl\/szkola-srednia\/uczniowie-na-wymianie\/historie-uczniow\/petra-byla-na-wymianie-w-usa\/#primaryimage"},"thumbnailUrl":"https:\/\/powered-by.qbank.se\/educatius\/sts\/\/d641a61027e21d4a41dc2e2e8f16d0b7_1-1-thumb.webp","datePublished":"2024-05-13T09:00:00+00:00","dateModified":"2026-04-14T10:23:23+00:00","author":{"@id":"https:\/\/www.sts-education.com\/pl\/#\/schema\/person\/8b82f3a2e45f020b8f296d7a85d9a97c"},"description":"Gdy mia\u0142em 17 lat, w roku szkolnym 2000\/2001 by\u0142am uczestniczk\u0105 wymiany uczniowskiej w ma\u0142ym miasteczku North Fond du Lac w stanie Wisconsin, w USA.","breadcrumb":{"@id":"https:\/\/www.sts-education.com\/pl\/szkola-srednia\/uczniowie-na-wymianie\/historie-uczniow\/petra-byla-na-wymianie-w-usa\/#breadcrumb"},"inLanguage":"pl-PL","potentialAction":[{"@type":"ReadAction","target":["https:\/\/www.sts-education.com\/pl\/szkola-srednia\/uczniowie-na-wymianie\/historie-uczniow\/petra-byla-na-wymianie-w-usa\/"]}]},{"@type":"ImageObject","inLanguage":"pl-PL","@id":"https:\/\/www.sts-education.com\/pl\/szkola-srednia\/uczniowie-na-wymianie\/historie-uczniow\/petra-byla-na-wymianie-w-usa\/#primaryimage","url":"https:\/\/powered-by.qbank.se\/educatius\/sts\/\/d641a61027e21d4a41dc2e2e8f16d0b7_1-1-thumb.webp","contentUrl":"https:\/\/powered-by.qbank.se\/educatius\/sts\/\/d641a61027e21d4a41dc2e2e8f16d0b7_1-1-thumb.webp","width":150,"height":150},{"@type":"BreadcrumbList","@id":"https:\/\/www.sts-education.com\/pl\/szkola-srednia\/uczniowie-na-wymianie\/historie-uczniow\/petra-byla-na-wymianie-w-usa\/#breadcrumb","itemListElement":[{"@type":"ListItem","position":1,"name":"Home","item":"https:\/\/www.sts-education.com\/pl\/"},{"@type":"ListItem","position":2,"name":"Petra Byla Na Wymianie W Usa"}]},{"@type":"WebSite","@id":"https:\/\/www.sts-education.com\/pl\/#website","url":"https:\/\/www.sts-education.com\/pl\/","name":"STS Education","description":"","potentialAction":[{"@type":"SearchAction","target":{"@type":"EntryPoint","urlTemplate":"https:\/\/www.sts-education.com\/pl\/?s={search_term_string}"},"query-input":{"@type":"PropertyValueSpecification","valueRequired":true,"valueName":"search_term_string"}}],"inLanguage":"pl-PL"},{"@type":"Person","@id":"https:\/\/www.sts-education.com\/pl\/#\/schema\/person\/8b82f3a2e45f020b8f296d7a85d9a97c","name":"syncreadwrite","image":{"@type":"ImageObject","inLanguage":"pl-PL","@id":"https:\/\/secure.gravatar.com\/avatar\/6ed1007e4f6f43f22e3df41d9fce4365533cba47fef64bb359b8e629abbc2ea6?s=96&d=mm&r=g","url":"https:\/\/secure.gravatar.com\/avatar\/6ed1007e4f6f43f22e3df41d9fce4365533cba47fef64bb359b8e629abbc2ea6?s=96&d=mm&r=g","contentUrl":"https:\/\/secure.gravatar.com\/avatar\/6ed1007e4f6f43f22e3df41d9fce4365533cba47fef64bb359b8e629abbc2ea6?s=96&d=mm&r=g","caption":"syncreadwrite"},"url":"https:\/\/www.sts-education.com\/pl\/author\/syncreadwrite\/"}]}},"_links":{"self":[{"href":"https:\/\/www.sts-education.com\/pl\/wp-json\/wp\/v2\/posts\/11116","targetHints":{"allow":["GET"]}}],"collection":[{"href":"https:\/\/www.sts-education.com\/pl\/wp-json\/wp\/v2\/posts"}],"about":[{"href":"https:\/\/www.sts-education.com\/pl\/wp-json\/wp\/v2\/types\/post"}],"author":[{"embeddable":true,"href":"https:\/\/www.sts-education.com\/pl\/wp-json\/wp\/v2\/users\/20"}],"replies":[{"embeddable":true,"href":"https:\/\/www.sts-education.com\/pl\/wp-json\/wp\/v2\/comments?post=11116"}],"version-history":[{"count":4,"href":"https:\/\/www.sts-education.com\/pl\/wp-json\/wp\/v2\/posts\/11116\/revisions"}],"predecessor-version":[{"id":34421,"href":"https:\/\/www.sts-education.com\/pl\/wp-json\/wp\/v2\/posts\/11116\/revisions\/34421"}],"wp:featuredmedia":[{"embeddable":true,"href":"https:\/\/www.sts-education.com\/pl\/wp-json\/wp\/v2\/media\/14428"}],"wp:attachment":[{"href":"https:\/\/www.sts-education.com\/pl\/wp-json\/wp\/v2\/media?parent=11116"}],"wp:term":[{"taxonomy":"category","embeddable":true,"href":"https:\/\/www.sts-education.com\/pl\/wp-json\/wp\/v2\/categories?post=11116"},{"taxonomy":"post_tag","embeddable":true,"href":"https:\/\/www.sts-education.com\/pl\/wp-json\/wp\/v2\/tags?post=11116"},{"taxonomy":"wpw_post_folders","embeddable":true,"href":"https:\/\/www.sts-education.com\/pl\/wp-json\/wp\/v2\/wpw_post_folders?post=11116"}],"curies":[{"name":"wp","href":"https:\/\/api.w.org\/{rel}","templated":true}]}}