{"id":11119,"date":"2024-03-15T09:00:00","date_gmt":"2024-03-15T07:00:00","guid":{"rendered":"https:\/\/preprod.sts-education.com\/blog\/2026\/03\/05\/ada-uczeszczala-do-szkoly-sredniej-w-usa\/"},"modified":"2026-04-29T10:11:06","modified_gmt":"2026-04-29T08:11:06","slug":"ada-uczeszczala-do-szkoly-sredniej-w-usa","status":"publish","type":"post","link":"https:\/\/www.sts-education.com\/pl\/szkola-srednia\/uczniowie-na-wymianie\/historie-uczniow\/ada-uczeszczala-do-szkoly-sredniej-w-usa\/","title":{"rendered":"Ada Uczeszczala Do Szkoly Sredniej W Usa"},"content":{"rendered":"\n<div class=\"wp-block-sts-text sts-text-editor has-max-width-md\"><div class=\"sts-text-editor__content\"><div class=\"sts-text-editor__content-inner\">\n<h1 style=\"text-align:center\">Ada ucz\u0119szcza\u0142a do szko\u0142y \u015bredniej w USA<\/h1>\n<\/div><\/div><\/div>\n\n\n\n<figure class=\"wp-block-sts-image sts-block-image sts-block-image--count-1 has-max-width-lg\" data-count=\"1\"><div class=\"sts-block-image__grid\"><div class=\"sts-block-image__item\"><picture class=\"sts-responsive-image has-fit-cover has-pos-top is-skeleton\"><source media=\"(max-width: 834.98px)\" srcset=\"https:\/\/powered-by.qbank.se\/educatius\/sts\/e6b0fea91389c78aeda5659015055106_1-1-thumb.webp 150w, https:\/\/powered-by.qbank.se\/educatius\/sts\/e6b0fea91389c78aeda5659015055106_1-1-xsmall.webp 500w, https:\/\/powered-by.qbank.se\/educatius\/sts\/e6b0fea91389c78aeda5659015055106_1-1-small.webp 800w, https:\/\/powered-by.qbank.se\/educatius\/sts\/e6b0fea91389c78aeda5659015055106_1-1-medium.webp 1024w, https:\/\/powered-by.qbank.se\/educatius\/sts\/e6b0fea91389c78aeda5659015055106_1-1-large.webp 1536w\" sizes=\"(max-width: 768px) 100vw, (max-width: 1200px) 100vw, 1200px\" type=\"image\/webp\"\/><source media=\"(min-width: 835px)\" srcset=\"https:\/\/powered-by.qbank.se\/educatius\/sts\/e6b0fea91389c78aeda5659015055106_16-9-small.webp 800w, https:\/\/powered-by.qbank.se\/educatius\/sts\/e6b0fea91389c78aeda5659015055106_16-9-medium.webp 1024w, https:\/\/powered-by.qbank.se\/educatius\/sts\/e6b0fea91389c78aeda5659015055106_16-9-large.webp 1536w\" sizes=\"(max-width: 768px) 100vw, (max-width: 1200px) 100vw, 1200px\" type=\"image\/webp\"\/><img src=\"https:\/\/powered-by.qbank.se\/educatius\/sts\/e6b0fea91389c78aeda5659015055106_1-1-thumb.webp\" alt=\"Ada ucz\u0119szcza\u0142a do szko\u0142y \u015bredniej w USA\" loading=\"lazy\" decoding=\"async\" fetchpriority=\"low\" style=\"object-position:top\"\/><\/picture><\/div><\/div><\/figure>\n\n\n\n<div class=\"wp-block-sts-text sts-text-editor has-max-width-md\"><div class=\"sts-text-editor__content\"><div class=\"sts-text-editor__content-inner\">\n<p><em>Ada z Finlandii sp\u0119dza swoj\u0105 wymian\u0119 w Arizonie, USA.<\/em><\/p>\n<\/div><\/div><\/div>\n\n\n\n<div class=\"wp-block-sts-text sts-text-editor has-max-width-md\"><div class=\"sts-text-editor__content\"><div class=\"sts-text-editor__content-inner\">\n<h2>Cze\u015b\u0107! Pozdrowienia ze s\u0142onecznej Arizony<\/h2>\n<p>Marzy\u0142am o wymianie od lat i 3 miesi\u0105ce temu moje marzenie w ko\u0144cu si\u0119 spe\u0142ni\u0142o po d\u0142ugim oczekiwaniu. Przeprowadzi\u0142am si\u0119 do Arizony! By\u0142o naprawd\u0119 gor\u0105co (ponad 100\u00b0F\/38\u00b0C), ale teraz robi si\u0119 ch\u0142odniej i absolutnie uwielbiam tutejsz\u0105 pogod\u0119!<\/p>\n<p>Wszyscy m\u00f3wi\u0105, \u017ce rok wymiany to rollercoaster i nie mog\u0142o to by\u0107 bardziej prawdziwe&#8230; W ci\u0105gu ostatnich trzech miesi\u0119cy do\u015bwiadczy\u0142am rzeczy, o kt\u00f3rych nigdy bym nie pomy\u015bla\u0142a. Spotka\u0142am tak wielu niesamowitych ludzi z ca\u0142ego \u015bwiata i pozna\u0142am tak wiele kultur. Mimo \u017ce spe\u0142niam swoje marzenie, miewam gorsze dni i jest to ca\u0142kowicie normalne. Ale co\u015b, o czym naprawd\u0119 chcia\u0142abym porozmawia\u0107, to co\u015b, z czym naprawd\u0119 zmaga\u0142am si\u0119 przez pierwsze 2 miesi\u0105ce; t\u0119sknota za domem.<\/p>\n<p>Nigdy wcze\u015bniej nie t\u0119skni\u0142am za domem. Du\u017co podr\u00f3\u017cowa\u0142am bez rodzic\u00f3w i zawsze szybko przystosowywa\u0142am si\u0119 do zmian. Przed przyjazdem tutaj by\u0142am bardzo podekscytowana tym, \u017ce w ko\u0144cu rozpoczynam rok wymiany, a t\u0119sknota za domem by\u0142a najmniejszym z moich zmartwie\u0144. Nigdy nie my\u015bla\u0142am, \u017ce b\u0119d\u0119 t\u0119skni\u0107 za domem. Zacz\u0119\u0142am t\u0119skni\u0107 za domem ju\u017c drugiego dnia. Mo\u017cesz w to uwierzy\u0107? To powinna by\u0107 &quot;faza miesi\u0105ca miodowego&quot;; w ko\u0144cu zacz\u0119\u0142a\u015b rok wymiany i wszystko jest idealne. Naprawd\u0119 nie wiem, dlaczego od drugiego dnia tak bardzo t\u0119skni\u0142am za domem. Nie mia\u0142am &quot;\u017cadnego powodu&quot;, by t\u0119skni\u0107 za domem. W zasadzie przez pierwsze dwa miesi\u0105ce mojej wymiany t\u0119skni\u0142am za domem prawie ka\u017cdego dnia. To uczucie by\u0142o dziwne. Chcia\u0142am wr\u00f3ci\u0107 do domu, ale nie chcia\u0142am si\u0119 podda\u0107 i opu\u015bci\u0107 Ameryki.<\/p>\n<p>Postanowi\u0142am si\u0119 NIE poddawa\u0107 i teraz dziel\u0119 si\u0119 kilkoma moimi najlepszymi wskaz\u00f3wkami, jak radzi\u0107 sobie z t\u0119sknot\u0105 za domem:<\/p>\n<ol><li>Do\u0142\u0105cz do czat\u00f3w grupowych student\u00f3w z wymiany. Mo\u017cesz znale\u017a\u0107 innych student\u00f3w z wymiany w mediach spo\u0142eczno\u015bciowych. Napisz do nich i stw\u00f3rz\/do\u0142\u0105cz do grupy, w kt\u00f3rej mo\u017cesz dzieli\u0107 si\u0119 swoimi przemy\u015bleniami, zmartwieniami i rado\u015bci\u0105 z innymi studentami z wymiany. Zaufaj mi, nie tylko Ty zmagasz si\u0119 z t\u0119sknot\u0105 za domem (lub innymi problemami).<\/li>\n<li>Stw\u00f3rz album ze zdj\u0119ciami\/filmami z domu. Kiedy t\u0119skni\u0142em za domem, stara\u0142em si\u0119 unika\u0107 codziennego kontaktu z rodzin\u0105 i przyjaci\u00f3\u0142mi w domu. Zamiast z nimi rozmawia\u0107, stworzy\u0142am album pe\u0142en film\u00f3w i zdj\u0119\u0107 z domu.<\/li>\n<li>Niech rodzina i przyjaciele pisz\u0105 do Ciebie listy. Moi przyjaciele i rodzina napisali do mnie listy, kt\u00f3re nadal czytam, gdy mam z\u0142y dzie\u0144. Nawet po przeczytaniu ich kilka razy, nadal sprawiaj\u0105, \u017ce czuj\u0119 si\u0119 lepiej!<\/li>\n<li>Pewnie cz\u0119sto to s\u0142yszysz, ale to prawda: B\u0105d\u017a zaj\u0119ty!!! A kiedy to m\u00f3wi\u0119, chc\u0119 wyja\u015bni\u0107, \u017ce to ca\u0142kowicie normalne, \u017ce chcesz by\u0107 sama, gdy t\u0119sknisz za domem lub masz z\u0142y dzie\u0144. Ale nie sied\u017a za du\u017co w swoim pokoju. Popro\u015b rodzic\u00f3w goszcz\u0105cych, by poszli z Tob\u0105 do sklepu spo\u017cywczego, na spacer, spr\u00f3buj nowego sportu, popro\u015b kogo\u015b o sp\u0119dzenie czasu, ugotuj co\u015b lub po prostu usi\u0105d\u017a w salonie.<\/li><\/ol>\n<p>T\u0119sknota za domem to uczucie, kt\u00f3re w pewnym momencie odczuwa prawie ka\u017cdy student z wymiany. Powiedzia\u0142abym, \u017ce to co\u015b, co jest cz\u0119\u015bci\u0105 twojego do\u015bwiadczenia. Pami\u0119taj: nie jeste\u015b sama. Za ka\u017cdym razem, gdy czujesz t\u0119sknot\u0119 za domem, dowiadujesz si\u0119 wi\u0119cej o sobie i stajesz si\u0119 silniejsz\u0105 osob\u0105!<\/p>\n<h2>Dowiedz si\u0119 wi\u0119cej<\/h2>\n<ul><li>Przeczytaj wi\u0119cej <a href=\"https:\/\/www.sts-education.com\/pl\/szkola-srednia\/uczniowie-na-wymianie\/historie-uczniow\/?hashtag=USA\">historii uczni\u00f3w z USA<\/a><\/li>\n<li>Przeczytaj wi\u0119cej o <a href=\"https:\/\/www.sts-education.com\/pl\/szkola-srednia\/kierunki-wyjazdowe\/ameryka-polnocna\/usa\/\">wymianie licealnej w USA<\/a><\/li>\n<li>Zobacz <a href=\"\/pl\/high-school\/tripfinder\/\">wszystkie miejsca docelowe naszych wymian licealnych<\/a><\/li><\/ul>\n<\/div><\/div><\/div>\n","protected":false},"excerpt":{"rendered":"","protected":false},"author":20,"featured_media":14434,"comment_status":"open","ping_status":"open","sticky":false,"template":"","format":"standard","meta":{"_acf_changed":false,"_yoast_wpseo_title":"Ada ucz\u0119szcza\u0142a do szko\u0142y \u015bredniej w USA","_yoast_wpseo_metadesc":"Marzy\u0142am o wymianie od lat i 3 miesi\u0105ce temu moje marzenie w ko\u0144cu si\u0119 spe\u0142ni\u0142o po d\u0142ugim oczekiwaniu. Przeprowadzi\u0142am si\u0119 do Arizony!","footnotes":""},"categories":[265],"tags":[1029],"wpw_post_folders":[],"class_list":["post-11119","post","type-post","status-publish","format-standard","has-post-thumbnail","hentry","category-bez-kategorii","tag-usa"],"acf":[],"yoast_head":"<!-- This site is optimized with the Yoast SEO Premium plugin v27.2 (Yoast SEO v27.2) - https:\/\/yoast.com\/product\/yoast-seo-premium-wordpress\/ -->\n<title>Ada ucz\u0119szcza\u0142a do szko\u0142y \u015bredniej w USA<\/title>\n<meta name=\"description\" content=\"Marzy\u0142am o wymianie od lat i 3 miesi\u0105ce temu moje marzenie w ko\u0144cu si\u0119 spe\u0142ni\u0142o po d\u0142ugim oczekiwaniu. Przeprowadzi\u0142am si\u0119 do Arizony!\" \/>\n<meta name=\"robots\" content=\"index, follow, max-snippet:-1, max-image-preview:large, max-video-preview:-1\" \/>\n<link rel=\"canonical\" href=\"https:\/\/www.sts-education.com\/pl\/szkola-srednia\/uczniowie-na-wymianie\/historie-uczniow\/ada-uczeszczala-do-szkoly-sredniej-w-usa\/\" \/>\n<meta property=\"og:locale\" content=\"pl_PL\" \/>\n<meta property=\"og:type\" content=\"article\" \/>\n<meta property=\"og:title\" content=\"Ada Uczeszczala Do Szkoly Sredniej W Usa\" \/>\n<meta property=\"og:description\" content=\"Marzy\u0142am o wymianie od lat i 3 miesi\u0105ce temu moje marzenie w ko\u0144cu si\u0119 spe\u0142ni\u0142o po d\u0142ugim oczekiwaniu. Przeprowadzi\u0142am si\u0119 do Arizony!\" \/>\n<meta property=\"og:url\" content=\"https:\/\/www.sts-education.com\/pl\/szkola-srednia\/uczniowie-na-wymianie\/historie-uczniow\/ada-uczeszczala-do-szkoly-sredniej-w-usa\/\" \/>\n<meta property=\"og:site_name\" content=\"STS Education\" \/>\n<meta property=\"article:published_time\" content=\"2024-03-15T07:00:00+00:00\" \/>\n<meta property=\"article:modified_time\" content=\"2026-04-29T08:11:06+00:00\" \/>\n<meta property=\"og:image\" content=\"https:\/\/powered-by.qbank.se\/educatius\/sts\/\/e6b0fea91389c78aeda5659015055106_1-1-thumb.webp\" \/>\n\t<meta property=\"og:image:width\" content=\"150\" \/>\n\t<meta property=\"og:image:height\" content=\"150\" \/>\n\t<meta property=\"og:image:type\" content=\"image\/jpeg\" \/>\n<meta name=\"author\" content=\"syncreadwrite\" \/>\n<meta name=\"twitter:card\" content=\"summary_large_image\" \/>\n<meta name=\"twitter:label1\" content=\"Napisane przez\" \/>\n\t<meta name=\"twitter:data1\" content=\"syncreadwrite\" \/>\n\t<meta name=\"twitter:label2\" content=\"Szacowany czas czytania\" \/>\n\t<meta name=\"twitter:data2\" content=\"3 minuty\" \/>\n<script type=\"application\/ld+json\" class=\"yoast-schema-graph\">{\"@context\":\"https:\/\/schema.org\",\"@graph\":[{\"@type\":\"Article\",\"@id\":\"https:\/\/www.sts-education.com\/pl\/szkola-srednia\/uczniowie-na-wymianie\/historie-uczniow\/ada-uczeszczala-do-szkoly-sredniej-w-usa\/#article\",\"isPartOf\":{\"@id\":\"https:\/\/www.sts-education.com\/pl\/szkola-srednia\/uczniowie-na-wymianie\/historie-uczniow\/ada-uczeszczala-do-szkoly-sredniej-w-usa\/\"},\"author\":{\"name\":\"syncreadwrite\",\"@id\":\"https:\/\/www.sts-education.com\/pl\/#\/schema\/person\/8b82f3a2e45f020b8f296d7a85d9a97c\"},\"headline\":\"Ada Uczeszczala Do Szkoly Sredniej W Usa\",\"datePublished\":\"2024-03-15T07:00:00+00:00\",\"dateModified\":\"2026-04-29T08:11:06+00:00\",\"mainEntityOfPage\":{\"@id\":\"https:\/\/www.sts-education.com\/pl\/szkola-srednia\/uczniowie-na-wymianie\/historie-uczniow\/ada-uczeszczala-do-szkoly-sredniej-w-usa\/\"},\"wordCount\":668,\"commentCount\":0,\"image\":{\"@id\":\"https:\/\/www.sts-education.com\/pl\/szkola-srednia\/uczniowie-na-wymianie\/historie-uczniow\/ada-uczeszczala-do-szkoly-sredniej-w-usa\/#primaryimage\"},\"thumbnailUrl\":\"https:\/\/powered-by.qbank.se\/educatius\/sts\/\/e6b0fea91389c78aeda5659015055106_1-1-thumb.webp\",\"keywords\":[\"USA\"],\"inLanguage\":\"pl-PL\",\"potentialAction\":[{\"@type\":\"CommentAction\",\"name\":\"Comment\",\"target\":[\"https:\/\/www.sts-education.com\/pl\/szkola-srednia\/uczniowie-na-wymianie\/historie-uczniow\/ada-uczeszczala-do-szkoly-sredniej-w-usa\/#respond\"]}]},{\"@type\":\"WebPage\",\"@id\":\"https:\/\/www.sts-education.com\/pl\/szkola-srednia\/uczniowie-na-wymianie\/historie-uczniow\/ada-uczeszczala-do-szkoly-sredniej-w-usa\/\",\"url\":\"https:\/\/www.sts-education.com\/pl\/szkola-srednia\/uczniowie-na-wymianie\/historie-uczniow\/ada-uczeszczala-do-szkoly-sredniej-w-usa\/\",\"name\":\"Ada ucz\u0119szcza\u0142a do szko\u0142y \u015bredniej w USA\",\"isPartOf\":{\"@id\":\"https:\/\/www.sts-education.com\/pl\/#website\"},\"primaryImageOfPage\":{\"@id\":\"https:\/\/www.sts-education.com\/pl\/szkola-srednia\/uczniowie-na-wymianie\/historie-uczniow\/ada-uczeszczala-do-szkoly-sredniej-w-usa\/#primaryimage\"},\"image\":{\"@id\":\"https:\/\/www.sts-education.com\/pl\/szkola-srednia\/uczniowie-na-wymianie\/historie-uczniow\/ada-uczeszczala-do-szkoly-sredniej-w-usa\/#primaryimage\"},\"thumbnailUrl\":\"https:\/\/powered-by.qbank.se\/educatius\/sts\/\/e6b0fea91389c78aeda5659015055106_1-1-thumb.webp\",\"datePublished\":\"2024-03-15T07:00:00+00:00\",\"dateModified\":\"2026-04-29T08:11:06+00:00\",\"author\":{\"@id\":\"https:\/\/www.sts-education.com\/pl\/#\/schema\/person\/8b82f3a2e45f020b8f296d7a85d9a97c\"},\"description\":\"Marzy\u0142am o wymianie od lat i 3 miesi\u0105ce temu moje marzenie w ko\u0144cu si\u0119 spe\u0142ni\u0142o po d\u0142ugim oczekiwaniu. Przeprowadzi\u0142am si\u0119 do Arizony!\",\"breadcrumb\":{\"@id\":\"https:\/\/www.sts-education.com\/pl\/szkola-srednia\/uczniowie-na-wymianie\/historie-uczniow\/ada-uczeszczala-do-szkoly-sredniej-w-usa\/#breadcrumb\"},\"inLanguage\":\"pl-PL\",\"potentialAction\":[{\"@type\":\"ReadAction\",\"target\":[\"https:\/\/www.sts-education.com\/pl\/szkola-srednia\/uczniowie-na-wymianie\/historie-uczniow\/ada-uczeszczala-do-szkoly-sredniej-w-usa\/\"]}]},{\"@type\":\"ImageObject\",\"inLanguage\":\"pl-PL\",\"@id\":\"https:\/\/www.sts-education.com\/pl\/szkola-srednia\/uczniowie-na-wymianie\/historie-uczniow\/ada-uczeszczala-do-szkoly-sredniej-w-usa\/#primaryimage\",\"url\":\"https:\/\/powered-by.qbank.se\/educatius\/sts\/\/e6b0fea91389c78aeda5659015055106_1-1-thumb.webp\",\"contentUrl\":\"https:\/\/powered-by.qbank.se\/educatius\/sts\/\/e6b0fea91389c78aeda5659015055106_1-1-thumb.webp\",\"width\":150,\"height\":150},{\"@type\":\"BreadcrumbList\",\"@id\":\"https:\/\/www.sts-education.com\/pl\/szkola-srednia\/uczniowie-na-wymianie\/historie-uczniow\/ada-uczeszczala-do-szkoly-sredniej-w-usa\/#breadcrumb\",\"itemListElement\":[{\"@type\":\"ListItem\",\"position\":1,\"name\":\"Home\",\"item\":\"https:\/\/www.sts-education.com\/pl\/\"},{\"@type\":\"ListItem\",\"position\":2,\"name\":\"Ada Uczeszczala Do Szkoly Sredniej W Usa\"}]},{\"@type\":\"WebSite\",\"@id\":\"https:\/\/www.sts-education.com\/pl\/#website\",\"url\":\"https:\/\/www.sts-education.com\/pl\/\",\"name\":\"STS Education\",\"description\":\"\",\"potentialAction\":[{\"@type\":\"SearchAction\",\"target\":{\"@type\":\"EntryPoint\",\"urlTemplate\":\"https:\/\/www.sts-education.com\/pl\/?s={search_term_string}\"},\"query-input\":{\"@type\":\"PropertyValueSpecification\",\"valueRequired\":true,\"valueName\":\"search_term_string\"}}],\"inLanguage\":\"pl-PL\"},{\"@type\":\"Person\",\"@id\":\"https:\/\/www.sts-education.com\/pl\/#\/schema\/person\/8b82f3a2e45f020b8f296d7a85d9a97c\",\"name\":\"syncreadwrite\",\"image\":{\"@type\":\"ImageObject\",\"inLanguage\":\"pl-PL\",\"@id\":\"https:\/\/secure.gravatar.com\/avatar\/6ed1007e4f6f43f22e3df41d9fce4365533cba47fef64bb359b8e629abbc2ea6?s=96&d=mm&r=g\",\"url\":\"https:\/\/secure.gravatar.com\/avatar\/6ed1007e4f6f43f22e3df41d9fce4365533cba47fef64bb359b8e629abbc2ea6?s=96&d=mm&r=g\",\"contentUrl\":\"https:\/\/secure.gravatar.com\/avatar\/6ed1007e4f6f43f22e3df41d9fce4365533cba47fef64bb359b8e629abbc2ea6?s=96&d=mm&r=g\",\"caption\":\"syncreadwrite\"},\"url\":\"https:\/\/www.sts-education.com\/pl\/author\/syncreadwrite\/\"}]}<\/script>\n<!-- \/ Yoast SEO Premium plugin. -->","yoast_head_json":{"title":"Ada ucz\u0119szcza\u0142a do szko\u0142y \u015bredniej w USA","description":"Marzy\u0142am o wymianie od lat i 3 miesi\u0105ce temu moje marzenie w ko\u0144cu si\u0119 spe\u0142ni\u0142o po d\u0142ugim oczekiwaniu. Przeprowadzi\u0142am si\u0119 do Arizony!","robots":{"index":"index","follow":"follow","max-snippet":"max-snippet:-1","max-image-preview":"max-image-preview:large","max-video-preview":"max-video-preview:-1"},"canonical":"https:\/\/www.sts-education.com\/pl\/szkola-srednia\/uczniowie-na-wymianie\/historie-uczniow\/ada-uczeszczala-do-szkoly-sredniej-w-usa\/","og_locale":"pl_PL","og_type":"article","og_title":"Ada Uczeszczala Do Szkoly Sredniej W Usa","og_description":"Marzy\u0142am o wymianie od lat i 3 miesi\u0105ce temu moje marzenie w ko\u0144cu si\u0119 spe\u0142ni\u0142o po d\u0142ugim oczekiwaniu. Przeprowadzi\u0142am si\u0119 do Arizony!","og_url":"https:\/\/www.sts-education.com\/pl\/szkola-srednia\/uczniowie-na-wymianie\/historie-uczniow\/ada-uczeszczala-do-szkoly-sredniej-w-usa\/","og_site_name":"STS Education","article_published_time":"2024-03-15T07:00:00+00:00","article_modified_time":"2026-04-29T08:11:06+00:00","og_image":[{"width":150,"height":150,"url":"https:\/\/powered-by.qbank.se\/educatius\/sts\/\/e6b0fea91389c78aeda5659015055106_1-1-thumb.webp","type":"image\/jpeg"}],"author":"syncreadwrite","twitter_card":"summary_large_image","twitter_misc":{"Napisane przez":"syncreadwrite","Szacowany czas czytania":"3 minuty"},"schema":{"@context":"https:\/\/schema.org","@graph":[{"@type":"Article","@id":"https:\/\/www.sts-education.com\/pl\/szkola-srednia\/uczniowie-na-wymianie\/historie-uczniow\/ada-uczeszczala-do-szkoly-sredniej-w-usa\/#article","isPartOf":{"@id":"https:\/\/www.sts-education.com\/pl\/szkola-srednia\/uczniowie-na-wymianie\/historie-uczniow\/ada-uczeszczala-do-szkoly-sredniej-w-usa\/"},"author":{"name":"syncreadwrite","@id":"https:\/\/www.sts-education.com\/pl\/#\/schema\/person\/8b82f3a2e45f020b8f296d7a85d9a97c"},"headline":"Ada Uczeszczala Do Szkoly Sredniej W Usa","datePublished":"2024-03-15T07:00:00+00:00","dateModified":"2026-04-29T08:11:06+00:00","mainEntityOfPage":{"@id":"https:\/\/www.sts-education.com\/pl\/szkola-srednia\/uczniowie-na-wymianie\/historie-uczniow\/ada-uczeszczala-do-szkoly-sredniej-w-usa\/"},"wordCount":668,"commentCount":0,"image":{"@id":"https:\/\/www.sts-education.com\/pl\/szkola-srednia\/uczniowie-na-wymianie\/historie-uczniow\/ada-uczeszczala-do-szkoly-sredniej-w-usa\/#primaryimage"},"thumbnailUrl":"https:\/\/powered-by.qbank.se\/educatius\/sts\/\/e6b0fea91389c78aeda5659015055106_1-1-thumb.webp","keywords":["USA"],"inLanguage":"pl-PL","potentialAction":[{"@type":"CommentAction","name":"Comment","target":["https:\/\/www.sts-education.com\/pl\/szkola-srednia\/uczniowie-na-wymianie\/historie-uczniow\/ada-uczeszczala-do-szkoly-sredniej-w-usa\/#respond"]}]},{"@type":"WebPage","@id":"https:\/\/www.sts-education.com\/pl\/szkola-srednia\/uczniowie-na-wymianie\/historie-uczniow\/ada-uczeszczala-do-szkoly-sredniej-w-usa\/","url":"https:\/\/www.sts-education.com\/pl\/szkola-srednia\/uczniowie-na-wymianie\/historie-uczniow\/ada-uczeszczala-do-szkoly-sredniej-w-usa\/","name":"Ada ucz\u0119szcza\u0142a do szko\u0142y \u015bredniej w USA","isPartOf":{"@id":"https:\/\/www.sts-education.com\/pl\/#website"},"primaryImageOfPage":{"@id":"https:\/\/www.sts-education.com\/pl\/szkola-srednia\/uczniowie-na-wymianie\/historie-uczniow\/ada-uczeszczala-do-szkoly-sredniej-w-usa\/#primaryimage"},"image":{"@id":"https:\/\/www.sts-education.com\/pl\/szkola-srednia\/uczniowie-na-wymianie\/historie-uczniow\/ada-uczeszczala-do-szkoly-sredniej-w-usa\/#primaryimage"},"thumbnailUrl":"https:\/\/powered-by.qbank.se\/educatius\/sts\/\/e6b0fea91389c78aeda5659015055106_1-1-thumb.webp","datePublished":"2024-03-15T07:00:00+00:00","dateModified":"2026-04-29T08:11:06+00:00","author":{"@id":"https:\/\/www.sts-education.com\/pl\/#\/schema\/person\/8b82f3a2e45f020b8f296d7a85d9a97c"},"description":"Marzy\u0142am o wymianie od lat i 3 miesi\u0105ce temu moje marzenie w ko\u0144cu si\u0119 spe\u0142ni\u0142o po d\u0142ugim oczekiwaniu. Przeprowadzi\u0142am si\u0119 do Arizony!","breadcrumb":{"@id":"https:\/\/www.sts-education.com\/pl\/szkola-srednia\/uczniowie-na-wymianie\/historie-uczniow\/ada-uczeszczala-do-szkoly-sredniej-w-usa\/#breadcrumb"},"inLanguage":"pl-PL","potentialAction":[{"@type":"ReadAction","target":["https:\/\/www.sts-education.com\/pl\/szkola-srednia\/uczniowie-na-wymianie\/historie-uczniow\/ada-uczeszczala-do-szkoly-sredniej-w-usa\/"]}]},{"@type":"ImageObject","inLanguage":"pl-PL","@id":"https:\/\/www.sts-education.com\/pl\/szkola-srednia\/uczniowie-na-wymianie\/historie-uczniow\/ada-uczeszczala-do-szkoly-sredniej-w-usa\/#primaryimage","url":"https:\/\/powered-by.qbank.se\/educatius\/sts\/\/e6b0fea91389c78aeda5659015055106_1-1-thumb.webp","contentUrl":"https:\/\/powered-by.qbank.se\/educatius\/sts\/\/e6b0fea91389c78aeda5659015055106_1-1-thumb.webp","width":150,"height":150},{"@type":"BreadcrumbList","@id":"https:\/\/www.sts-education.com\/pl\/szkola-srednia\/uczniowie-na-wymianie\/historie-uczniow\/ada-uczeszczala-do-szkoly-sredniej-w-usa\/#breadcrumb","itemListElement":[{"@type":"ListItem","position":1,"name":"Home","item":"https:\/\/www.sts-education.com\/pl\/"},{"@type":"ListItem","position":2,"name":"Ada Uczeszczala Do Szkoly Sredniej W Usa"}]},{"@type":"WebSite","@id":"https:\/\/www.sts-education.com\/pl\/#website","url":"https:\/\/www.sts-education.com\/pl\/","name":"STS Education","description":"","potentialAction":[{"@type":"SearchAction","target":{"@type":"EntryPoint","urlTemplate":"https:\/\/www.sts-education.com\/pl\/?s={search_term_string}"},"query-input":{"@type":"PropertyValueSpecification","valueRequired":true,"valueName":"search_term_string"}}],"inLanguage":"pl-PL"},{"@type":"Person","@id":"https:\/\/www.sts-education.com\/pl\/#\/schema\/person\/8b82f3a2e45f020b8f296d7a85d9a97c","name":"syncreadwrite","image":{"@type":"ImageObject","inLanguage":"pl-PL","@id":"https:\/\/secure.gravatar.com\/avatar\/6ed1007e4f6f43f22e3df41d9fce4365533cba47fef64bb359b8e629abbc2ea6?s=96&d=mm&r=g","url":"https:\/\/secure.gravatar.com\/avatar\/6ed1007e4f6f43f22e3df41d9fce4365533cba47fef64bb359b8e629abbc2ea6?s=96&d=mm&r=g","contentUrl":"https:\/\/secure.gravatar.com\/avatar\/6ed1007e4f6f43f22e3df41d9fce4365533cba47fef64bb359b8e629abbc2ea6?s=96&d=mm&r=g","caption":"syncreadwrite"},"url":"https:\/\/www.sts-education.com\/pl\/author\/syncreadwrite\/"}]}},"_links":{"self":[{"href":"https:\/\/www.sts-education.com\/pl\/wp-json\/wp\/v2\/posts\/11119","targetHints":{"allow":["GET"]}}],"collection":[{"href":"https:\/\/www.sts-education.com\/pl\/wp-json\/wp\/v2\/posts"}],"about":[{"href":"https:\/\/www.sts-education.com\/pl\/wp-json\/wp\/v2\/types\/post"}],"author":[{"embeddable":true,"href":"https:\/\/www.sts-education.com\/pl\/wp-json\/wp\/v2\/users\/20"}],"replies":[{"embeddable":true,"href":"https:\/\/www.sts-education.com\/pl\/wp-json\/wp\/v2\/comments?post=11119"}],"version-history":[{"count":5,"href":"https:\/\/www.sts-education.com\/pl\/wp-json\/wp\/v2\/posts\/11119\/revisions"}],"predecessor-version":[{"id":43678,"href":"https:\/\/www.sts-education.com\/pl\/wp-json\/wp\/v2\/posts\/11119\/revisions\/43678"}],"wp:featuredmedia":[{"embeddable":true,"href":"https:\/\/www.sts-education.com\/pl\/wp-json\/wp\/v2\/media\/14434"}],"wp:attachment":[{"href":"https:\/\/www.sts-education.com\/pl\/wp-json\/wp\/v2\/media?parent=11119"}],"wp:term":[{"taxonomy":"category","embeddable":true,"href":"https:\/\/www.sts-education.com\/pl\/wp-json\/wp\/v2\/categories?post=11119"},{"taxonomy":"post_tag","embeddable":true,"href":"https:\/\/www.sts-education.com\/pl\/wp-json\/wp\/v2\/tags?post=11119"},{"taxonomy":"wpw_post_folders","embeddable":true,"href":"https:\/\/www.sts-education.com\/pl\/wp-json\/wp\/v2\/wpw_post_folders?post=11119"}],"curies":[{"name":"wp","href":"https:\/\/api.w.org\/{rel}","templated":true}]}}