{"id":11122,"date":"2024-03-05T09:00:00","date_gmt":"2024-03-05T07:00:00","guid":{"rendered":"https:\/\/preprod.sts-education.com\/blog\/2026\/03\/05\/valentina-wyjechala-na-wymiane-do-danii\/"},"modified":"2026-04-29T10:11:51","modified_gmt":"2026-04-29T08:11:51","slug":"valentina-wyjechala-na-wymiane-do-danii","status":"publish","type":"post","link":"https:\/\/www.sts-education.com\/pl\/szkola-srednia\/uczniowie-na-wymianie\/historie-uczniow\/valentina-wyjechala-na-wymiane-do-danii\/","title":{"rendered":"Valentina Wyjechala Na Wymiane Do Danii"},"content":{"rendered":"\n<div class=\"wp-block-sts-text sts-text-editor has-max-width-md\"><div class=\"sts-text-editor__content\"><div class=\"sts-text-editor__content-inner\">\n<h1 style=\"text-align:center\">Valentina wyjecha\u0142a na wymian\u0119 do Danii<\/h1>\n<\/div><\/div><\/div>\n\n\n\n<figure class=\"wp-block-sts-image sts-block-image sts-block-image--count-1 has-max-width-lg\" data-count=\"1\"><div class=\"sts-block-image__grid\"><div class=\"sts-block-image__item\"><picture class=\"sts-responsive-image has-fit-cover has-pos-top is-skeleton\"><source media=\"(max-width: 834.98px)\" srcset=\"https:\/\/powered-by.qbank.se\/educatius\/sts\/10ec77fb512899574dd4287ae81171ca_1-1-thumb.webp 150w, https:\/\/powered-by.qbank.se\/educatius\/sts\/10ec77fb512899574dd4287ae81171ca_1-1-xsmall.webp 500w, https:\/\/powered-by.qbank.se\/educatius\/sts\/10ec77fb512899574dd4287ae81171ca_1-1-small.webp 800w, https:\/\/powered-by.qbank.se\/educatius\/sts\/10ec77fb512899574dd4287ae81171ca_1-1-medium.webp 1024w, https:\/\/powered-by.qbank.se\/educatius\/sts\/10ec77fb512899574dd4287ae81171ca_1-1-large.webp 1536w\" sizes=\"(max-width: 768px) 100vw, (max-width: 1200px) 100vw, 1200px\" type=\"image\/webp\"\/><source media=\"(min-width: 835px)\" srcset=\"https:\/\/powered-by.qbank.se\/educatius\/sts\/10ec77fb512899574dd4287ae81171ca_16-9-small.webp 800w, https:\/\/powered-by.qbank.se\/educatius\/sts\/10ec77fb512899574dd4287ae81171ca_16-9-medium.webp 1024w, https:\/\/powered-by.qbank.se\/educatius\/sts\/10ec77fb512899574dd4287ae81171ca_16-9-large.webp 1536w\" sizes=\"(max-width: 768px) 100vw, (max-width: 1200px) 100vw, 1200px\" type=\"image\/webp\"\/><img src=\"https:\/\/powered-by.qbank.se\/educatius\/sts\/10ec77fb512899574dd4287ae81171ca_1-1-thumb.webp\" alt=\"Valentina wyjecha\u0142a na wymian\u0119 do Danii\" loading=\"lazy\" decoding=\"async\" fetchpriority=\"low\" style=\"object-position:top\"\/><\/picture><\/div><\/div><\/figure>\n\n\n\n<div class=\"wp-block-sts-text sts-text-editor has-max-width-md\"><div class=\"sts-text-editor__content\"><div class=\"sts-text-editor__content-inner\">\n<p><em>Valentina ze Szwajcarii sp\u0119dzi\u0142a swoj\u0105 wymian\u0119 w Danii.<\/em><\/p>\n<\/div><\/div><\/div>\n\n\n\n<div class=\"wp-block-sts-text sts-text-editor has-max-width-md\"><div class=\"sts-text-editor__content\"><div class=\"sts-text-editor__content-inner\">\n<h2>Jak to si\u0119 wszystko zacz\u0119\u0142o<\/h2>\n<p>W kwietniu 2018 roku moja mama i ja wybra\u0142y\u015bmy si\u0119 na wycieczk\u0119 do Kopenhagi podczas przerwy wielkanocnej. Zakocha\u0142am si\u0119 w tym kraju i ostatniego dnia w ko\u0144cu zebra\u0142am si\u0119 na odwag\u0119, by zada\u0107 jej wa\u017cne pytanie:<\/p>\n<p>&quot;Mamo&#8230; a gdybym wyjecha\u0142a na semestr na wymian\u0119?&quot;.<\/p>\n<p>Nie zareagowa\u0142a w og\u00f3le, przez co\u015b, co wydawa\u0142o mi si\u0119 wieczno\u015bci\u0105, ale tak naprawd\u0119 trwa\u0142o tylko minut\u0119, a potem spojrza\u0142a na mnie i odpowiedzia\u0142a w\u0142asnym pytaniem:<\/p>\n<p>&quot;Gdzie?&quot;.<\/p>\n<p>&quot;Tutaj?&quot;<\/p>\n<h2>Jak to posz\u0142o<\/h2>\n<p>I tak w\u0142a\u015bnie by\u0142o. Osiem miesi\u0119cy p\u00f3\u017aniej lecia\u0142am do Danii, do mojej rodziny goszcz\u0105cej. Zamiast w Kopenhadze, znalaz\u0142em si\u0119 w ma\u0142ej wiosce z zaledwie 500 mieszka\u0144cami. O dziwo, ostatecznie spodoba\u0142o mi si\u0119 to bardziej. Da\u0142o mi to wi\u0119cej szans na nawi\u0105zanie wi\u0119zi z moj\u0105 rodzin\u0105 goszcz\u0105c\u0105. Zacz\u0119\u0142am nawet ta\u0144czy\u0107 z goszcz\u0105c\u0105 mnie mam\u0105 w ka\u017cdy poniedzia\u0142ek i od czasu do czasu odbiera\u0142am goszcz\u0105ce mnie rodze\u0144stwo ze szko\u0142y i przedszkola. To by\u0142o zdecydowanie wyj\u0105tkowe do\u015bwiadczenie, zw\u0142aszcza \u017ce jestem jedynaczk\u0105 w domu. Posiadanie m\u0142odszego rodze\u0144stwa by\u0142o dla mnie zupe\u0142nie nowym \u015bwiatem, ale bardzo mi si\u0119 to podoba\u0142o. Wi\u0119\u017a, jak\u0105 nawi\u0105za\u0142am z rodzin\u0105 goszcz\u0105c\u0105, by\u0142a wyj\u0105tkowa i odwiedzam j\u0105 co roku.<\/p>\n<h2>Wymiana zmieni\u0142a moje \u017cycie i by\u0142a pocz\u0105tkiem czego\u015b nowego<\/h2>\n<p>Pi\u0119\u0107 lat p\u00f3\u017aniej wymiana zmieni\u0142a moje \u017cycie. To by\u0142 pocz\u0105tek czego\u015b nowego. Zawsze powtarzam, \u017ce nie zmieni\u0142am si\u0119 tak bardzo w trakcie, ale bardziej w czasie po wymianie. Zmieni\u0142am szko\u0142\u0119 i zacz\u0119\u0142am wk\u0142ada\u0107 coraz wi\u0119cej wysi\u0142ku w spe\u0142nianie mojego dzieci\u0119cego marzenia &#8211; podr\u00f3\u017cowania po \u015bwiecie.<\/p>\n<p>Op\u0142aci\u0142o si\u0119. Zim\u0105 2022 roku wyruszy\u0142am w sze\u015bciomiesi\u0119czn\u0105 podr\u00f3\u017c po Azji Po\u0142udniowo-Wschodniej, a teraz siedz\u0119 w kawiarni w \u015brodku Rio de Janeiro, dwa miesi\u0105ce przed kolejn\u0105 przygod\u0105.<\/p>\n<p>Ten semestr wymiany nie by\u0142 tylko punktem zwrotnym w moim \u017cyciu; przygotowa\u0142 grunt pod zupe\u0142nie nowy rozdzia\u0142 wype\u0142niony eksploracj\u0105 i odkrywaniem siebie.<\/p>\n<p><strong>Dzi\u0119kuj\u0119, STS!<\/strong><\/p>\n<h2>Dowiedz si\u0119 wi\u0119cej<\/h2>\n<ul><li>Przeczytaj wi\u0119cej <a href=\"https:\/\/www.sts-education.com\/pl\/szkola-srednia\/uczniowie-na-wymianie\/historie-uczniow\/?hashtag=Dania\">historii uczni\u00f3w z Danii<\/a><\/li>\n<li>Przeczytaj wi\u0119cej o <a href=\"https:\/\/www.sts-education.com\/pl\/szkola-srednia\/kierunki-wyjazdowe\/europa\/dania\/\">wymianie licealnej w Danii<\/a><\/li>\n<li>Zobacz <a href=\"\/pl\/high-school\/tripfinder\/\">wszystkie miejsca docelowe naszych wymian licealnych<\/a><\/li><\/ul>\n<\/div><\/div><\/div>\n","protected":false},"excerpt":{"rendered":"","protected":false},"author":20,"featured_media":14440,"comment_status":"open","ping_status":"open","sticky":false,"template":"","format":"standard","meta":{"_acf_changed":false,"_yoast_wpseo_title":"Valentina wyjecha\u0142a na wymian\u0119 do Danii","_yoast_wpseo_metadesc":"W kwietniu 2018 roku moja mama i ja wybra\u0142y\u015bmy si\u0119 na wycieczk\u0119 do Kopenhagi. Ostatniego dnia w ko\u0144cu zebra\u0142am si\u0119 na odwag\u0119, by zada\u0107 jej: \"Mamo... a gdybym wyjecha\u0142a na semestr na wymian\u0119?\".","footnotes":""},"categories":[265],"tags":[1017],"wpw_post_folders":[],"class_list":["post-11122","post","type-post","status-publish","format-standard","has-post-thumbnail","hentry","category-bez-kategorii","tag-dania"],"acf":[],"yoast_head":"<!-- This site is optimized with the Yoast SEO Premium plugin v27.2 (Yoast SEO v27.2) - https:\/\/yoast.com\/product\/yoast-seo-premium-wordpress\/ -->\n<title>Valentina wyjecha\u0142a na wymian\u0119 do Danii<\/title>\n<meta name=\"description\" content=\"W kwietniu 2018 roku moja mama i ja wybra\u0142y\u015bmy si\u0119 na wycieczk\u0119 do Kopenhagi. Ostatniego dnia w ko\u0144cu zebra\u0142am si\u0119 na odwag\u0119, by zada\u0107 jej: &quot;Mamo... a gdybym wyjecha\u0142a na semestr na wymian\u0119?&quot;.\" \/>\n<meta name=\"robots\" content=\"index, follow, max-snippet:-1, max-image-preview:large, max-video-preview:-1\" \/>\n<link rel=\"canonical\" href=\"https:\/\/www.sts-education.com\/pl\/szkola-srednia\/uczniowie-na-wymianie\/historie-uczniow\/valentina-wyjechala-na-wymiane-do-danii\/\" \/>\n<meta property=\"og:locale\" content=\"pl_PL\" \/>\n<meta property=\"og:type\" content=\"article\" \/>\n<meta property=\"og:title\" content=\"Valentina Wyjechala Na Wymiane Do Danii\" \/>\n<meta property=\"og:description\" content=\"W kwietniu 2018 roku moja mama i ja wybra\u0142y\u015bmy si\u0119 na wycieczk\u0119 do Kopenhagi. Ostatniego dnia w ko\u0144cu zebra\u0142am si\u0119 na odwag\u0119, by zada\u0107 jej: &quot;Mamo... a gdybym wyjecha\u0142a na semestr na wymian\u0119?&quot;.\" \/>\n<meta property=\"og:url\" content=\"https:\/\/www.sts-education.com\/pl\/szkola-srednia\/uczniowie-na-wymianie\/historie-uczniow\/valentina-wyjechala-na-wymiane-do-danii\/\" \/>\n<meta property=\"og:site_name\" content=\"STS Education\" \/>\n<meta property=\"article:published_time\" content=\"2024-03-05T07:00:00+00:00\" \/>\n<meta property=\"article:modified_time\" content=\"2026-04-29T08:11:51+00:00\" \/>\n<meta property=\"og:image\" content=\"https:\/\/powered-by.qbank.se\/educatius\/sts\/\/10ec77fb512899574dd4287ae81171ca_1-1-thumb.webp\" \/>\n\t<meta property=\"og:image:width\" content=\"150\" \/>\n\t<meta property=\"og:image:height\" content=\"150\" \/>\n\t<meta property=\"og:image:type\" content=\"image\/jpeg\" \/>\n<meta name=\"author\" content=\"syncreadwrite\" \/>\n<meta name=\"twitter:card\" content=\"summary_large_image\" \/>\n<meta name=\"twitter:label1\" content=\"Napisane przez\" \/>\n\t<meta name=\"twitter:data1\" content=\"syncreadwrite\" \/>\n\t<meta name=\"twitter:label2\" content=\"Szacowany czas czytania\" \/>\n\t<meta name=\"twitter:data2\" content=\"2 minuty\" \/>\n<script type=\"application\/ld+json\" class=\"yoast-schema-graph\">{\"@context\":\"https:\/\/schema.org\",\"@graph\":[{\"@type\":\"Article\",\"@id\":\"https:\/\/www.sts-education.com\/pl\/szkola-srednia\/uczniowie-na-wymianie\/historie-uczniow\/valentina-wyjechala-na-wymiane-do-danii\/#article\",\"isPartOf\":{\"@id\":\"https:\/\/www.sts-education.com\/pl\/szkola-srednia\/uczniowie-na-wymianie\/historie-uczniow\/valentina-wyjechala-na-wymiane-do-danii\/\"},\"author\":{\"name\":\"syncreadwrite\",\"@id\":\"https:\/\/www.sts-education.com\/pl\/#\/schema\/person\/8b82f3a2e45f020b8f296d7a85d9a97c\"},\"headline\":\"Valentina Wyjechala Na Wymiane Do Danii\",\"datePublished\":\"2024-03-05T07:00:00+00:00\",\"dateModified\":\"2026-04-29T08:11:51+00:00\",\"mainEntityOfPage\":{\"@id\":\"https:\/\/www.sts-education.com\/pl\/szkola-srednia\/uczniowie-na-wymianie\/historie-uczniow\/valentina-wyjechala-na-wymiane-do-danii\/\"},\"wordCount\":427,\"commentCount\":0,\"image\":{\"@id\":\"https:\/\/www.sts-education.com\/pl\/szkola-srednia\/uczniowie-na-wymianie\/historie-uczniow\/valentina-wyjechala-na-wymiane-do-danii\/#primaryimage\"},\"thumbnailUrl\":\"https:\/\/powered-by.qbank.se\/educatius\/sts\/\/10ec77fb512899574dd4287ae81171ca_1-1-thumb.webp\",\"keywords\":[\"Dania\"],\"inLanguage\":\"pl-PL\",\"potentialAction\":[{\"@type\":\"CommentAction\",\"name\":\"Comment\",\"target\":[\"https:\/\/www.sts-education.com\/pl\/szkola-srednia\/uczniowie-na-wymianie\/historie-uczniow\/valentina-wyjechala-na-wymiane-do-danii\/#respond\"]}]},{\"@type\":\"WebPage\",\"@id\":\"https:\/\/www.sts-education.com\/pl\/szkola-srednia\/uczniowie-na-wymianie\/historie-uczniow\/valentina-wyjechala-na-wymiane-do-danii\/\",\"url\":\"https:\/\/www.sts-education.com\/pl\/szkola-srednia\/uczniowie-na-wymianie\/historie-uczniow\/valentina-wyjechala-na-wymiane-do-danii\/\",\"name\":\"Valentina wyjecha\u0142a na wymian\u0119 do Danii\",\"isPartOf\":{\"@id\":\"https:\/\/www.sts-education.com\/pl\/#website\"},\"primaryImageOfPage\":{\"@id\":\"https:\/\/www.sts-education.com\/pl\/szkola-srednia\/uczniowie-na-wymianie\/historie-uczniow\/valentina-wyjechala-na-wymiane-do-danii\/#primaryimage\"},\"image\":{\"@id\":\"https:\/\/www.sts-education.com\/pl\/szkola-srednia\/uczniowie-na-wymianie\/historie-uczniow\/valentina-wyjechala-na-wymiane-do-danii\/#primaryimage\"},\"thumbnailUrl\":\"https:\/\/powered-by.qbank.se\/educatius\/sts\/\/10ec77fb512899574dd4287ae81171ca_1-1-thumb.webp\",\"datePublished\":\"2024-03-05T07:00:00+00:00\",\"dateModified\":\"2026-04-29T08:11:51+00:00\",\"author\":{\"@id\":\"https:\/\/www.sts-education.com\/pl\/#\/schema\/person\/8b82f3a2e45f020b8f296d7a85d9a97c\"},\"description\":\"W kwietniu 2018 roku moja mama i ja wybra\u0142y\u015bmy si\u0119 na wycieczk\u0119 do Kopenhagi. Ostatniego dnia w ko\u0144cu zebra\u0142am si\u0119 na odwag\u0119, by zada\u0107 jej: \\\"Mamo... a gdybym wyjecha\u0142a na semestr na wymian\u0119?\\\".\",\"breadcrumb\":{\"@id\":\"https:\/\/www.sts-education.com\/pl\/szkola-srednia\/uczniowie-na-wymianie\/historie-uczniow\/valentina-wyjechala-na-wymiane-do-danii\/#breadcrumb\"},\"inLanguage\":\"pl-PL\",\"potentialAction\":[{\"@type\":\"ReadAction\",\"target\":[\"https:\/\/www.sts-education.com\/pl\/szkola-srednia\/uczniowie-na-wymianie\/historie-uczniow\/valentina-wyjechala-na-wymiane-do-danii\/\"]}]},{\"@type\":\"ImageObject\",\"inLanguage\":\"pl-PL\",\"@id\":\"https:\/\/www.sts-education.com\/pl\/szkola-srednia\/uczniowie-na-wymianie\/historie-uczniow\/valentina-wyjechala-na-wymiane-do-danii\/#primaryimage\",\"url\":\"https:\/\/powered-by.qbank.se\/educatius\/sts\/\/10ec77fb512899574dd4287ae81171ca_1-1-thumb.webp\",\"contentUrl\":\"https:\/\/powered-by.qbank.se\/educatius\/sts\/\/10ec77fb512899574dd4287ae81171ca_1-1-thumb.webp\",\"width\":150,\"height\":150},{\"@type\":\"BreadcrumbList\",\"@id\":\"https:\/\/www.sts-education.com\/pl\/szkola-srednia\/uczniowie-na-wymianie\/historie-uczniow\/valentina-wyjechala-na-wymiane-do-danii\/#breadcrumb\",\"itemListElement\":[{\"@type\":\"ListItem\",\"position\":1,\"name\":\"Home\",\"item\":\"https:\/\/www.sts-education.com\/pl\/\"},{\"@type\":\"ListItem\",\"position\":2,\"name\":\"Valentina Wyjechala Na Wymiane Do Danii\"}]},{\"@type\":\"WebSite\",\"@id\":\"https:\/\/www.sts-education.com\/pl\/#website\",\"url\":\"https:\/\/www.sts-education.com\/pl\/\",\"name\":\"STS Education\",\"description\":\"\",\"potentialAction\":[{\"@type\":\"SearchAction\",\"target\":{\"@type\":\"EntryPoint\",\"urlTemplate\":\"https:\/\/www.sts-education.com\/pl\/?s={search_term_string}\"},\"query-input\":{\"@type\":\"PropertyValueSpecification\",\"valueRequired\":true,\"valueName\":\"search_term_string\"}}],\"inLanguage\":\"pl-PL\"},{\"@type\":\"Person\",\"@id\":\"https:\/\/www.sts-education.com\/pl\/#\/schema\/person\/8b82f3a2e45f020b8f296d7a85d9a97c\",\"name\":\"syncreadwrite\",\"image\":{\"@type\":\"ImageObject\",\"inLanguage\":\"pl-PL\",\"@id\":\"https:\/\/secure.gravatar.com\/avatar\/6ed1007e4f6f43f22e3df41d9fce4365533cba47fef64bb359b8e629abbc2ea6?s=96&d=mm&r=g\",\"url\":\"https:\/\/secure.gravatar.com\/avatar\/6ed1007e4f6f43f22e3df41d9fce4365533cba47fef64bb359b8e629abbc2ea6?s=96&d=mm&r=g\",\"contentUrl\":\"https:\/\/secure.gravatar.com\/avatar\/6ed1007e4f6f43f22e3df41d9fce4365533cba47fef64bb359b8e629abbc2ea6?s=96&d=mm&r=g\",\"caption\":\"syncreadwrite\"},\"url\":\"https:\/\/www.sts-education.com\/pl\/author\/syncreadwrite\/\"}]}<\/script>\n<!-- \/ Yoast SEO Premium plugin. -->","yoast_head_json":{"title":"Valentina wyjecha\u0142a na wymian\u0119 do Danii","description":"W kwietniu 2018 roku moja mama i ja wybra\u0142y\u015bmy si\u0119 na wycieczk\u0119 do Kopenhagi. Ostatniego dnia w ko\u0144cu zebra\u0142am si\u0119 na odwag\u0119, by zada\u0107 jej: \"Mamo... a gdybym wyjecha\u0142a na semestr na wymian\u0119?\".","robots":{"index":"index","follow":"follow","max-snippet":"max-snippet:-1","max-image-preview":"max-image-preview:large","max-video-preview":"max-video-preview:-1"},"canonical":"https:\/\/www.sts-education.com\/pl\/szkola-srednia\/uczniowie-na-wymianie\/historie-uczniow\/valentina-wyjechala-na-wymiane-do-danii\/","og_locale":"pl_PL","og_type":"article","og_title":"Valentina Wyjechala Na Wymiane Do Danii","og_description":"W kwietniu 2018 roku moja mama i ja wybra\u0142y\u015bmy si\u0119 na wycieczk\u0119 do Kopenhagi. Ostatniego dnia w ko\u0144cu zebra\u0142am si\u0119 na odwag\u0119, by zada\u0107 jej: \"Mamo... a gdybym wyjecha\u0142a na semestr na wymian\u0119?\".","og_url":"https:\/\/www.sts-education.com\/pl\/szkola-srednia\/uczniowie-na-wymianie\/historie-uczniow\/valentina-wyjechala-na-wymiane-do-danii\/","og_site_name":"STS Education","article_published_time":"2024-03-05T07:00:00+00:00","article_modified_time":"2026-04-29T08:11:51+00:00","og_image":[{"width":150,"height":150,"url":"https:\/\/powered-by.qbank.se\/educatius\/sts\/\/10ec77fb512899574dd4287ae81171ca_1-1-thumb.webp","type":"image\/jpeg"}],"author":"syncreadwrite","twitter_card":"summary_large_image","twitter_misc":{"Napisane przez":"syncreadwrite","Szacowany czas czytania":"2 minuty"},"schema":{"@context":"https:\/\/schema.org","@graph":[{"@type":"Article","@id":"https:\/\/www.sts-education.com\/pl\/szkola-srednia\/uczniowie-na-wymianie\/historie-uczniow\/valentina-wyjechala-na-wymiane-do-danii\/#article","isPartOf":{"@id":"https:\/\/www.sts-education.com\/pl\/szkola-srednia\/uczniowie-na-wymianie\/historie-uczniow\/valentina-wyjechala-na-wymiane-do-danii\/"},"author":{"name":"syncreadwrite","@id":"https:\/\/www.sts-education.com\/pl\/#\/schema\/person\/8b82f3a2e45f020b8f296d7a85d9a97c"},"headline":"Valentina Wyjechala Na Wymiane Do Danii","datePublished":"2024-03-05T07:00:00+00:00","dateModified":"2026-04-29T08:11:51+00:00","mainEntityOfPage":{"@id":"https:\/\/www.sts-education.com\/pl\/szkola-srednia\/uczniowie-na-wymianie\/historie-uczniow\/valentina-wyjechala-na-wymiane-do-danii\/"},"wordCount":427,"commentCount":0,"image":{"@id":"https:\/\/www.sts-education.com\/pl\/szkola-srednia\/uczniowie-na-wymianie\/historie-uczniow\/valentina-wyjechala-na-wymiane-do-danii\/#primaryimage"},"thumbnailUrl":"https:\/\/powered-by.qbank.se\/educatius\/sts\/\/10ec77fb512899574dd4287ae81171ca_1-1-thumb.webp","keywords":["Dania"],"inLanguage":"pl-PL","potentialAction":[{"@type":"CommentAction","name":"Comment","target":["https:\/\/www.sts-education.com\/pl\/szkola-srednia\/uczniowie-na-wymianie\/historie-uczniow\/valentina-wyjechala-na-wymiane-do-danii\/#respond"]}]},{"@type":"WebPage","@id":"https:\/\/www.sts-education.com\/pl\/szkola-srednia\/uczniowie-na-wymianie\/historie-uczniow\/valentina-wyjechala-na-wymiane-do-danii\/","url":"https:\/\/www.sts-education.com\/pl\/szkola-srednia\/uczniowie-na-wymianie\/historie-uczniow\/valentina-wyjechala-na-wymiane-do-danii\/","name":"Valentina wyjecha\u0142a na wymian\u0119 do Danii","isPartOf":{"@id":"https:\/\/www.sts-education.com\/pl\/#website"},"primaryImageOfPage":{"@id":"https:\/\/www.sts-education.com\/pl\/szkola-srednia\/uczniowie-na-wymianie\/historie-uczniow\/valentina-wyjechala-na-wymiane-do-danii\/#primaryimage"},"image":{"@id":"https:\/\/www.sts-education.com\/pl\/szkola-srednia\/uczniowie-na-wymianie\/historie-uczniow\/valentina-wyjechala-na-wymiane-do-danii\/#primaryimage"},"thumbnailUrl":"https:\/\/powered-by.qbank.se\/educatius\/sts\/\/10ec77fb512899574dd4287ae81171ca_1-1-thumb.webp","datePublished":"2024-03-05T07:00:00+00:00","dateModified":"2026-04-29T08:11:51+00:00","author":{"@id":"https:\/\/www.sts-education.com\/pl\/#\/schema\/person\/8b82f3a2e45f020b8f296d7a85d9a97c"},"description":"W kwietniu 2018 roku moja mama i ja wybra\u0142y\u015bmy si\u0119 na wycieczk\u0119 do Kopenhagi. Ostatniego dnia w ko\u0144cu zebra\u0142am si\u0119 na odwag\u0119, by zada\u0107 jej: \"Mamo... a gdybym wyjecha\u0142a na semestr na wymian\u0119?\".","breadcrumb":{"@id":"https:\/\/www.sts-education.com\/pl\/szkola-srednia\/uczniowie-na-wymianie\/historie-uczniow\/valentina-wyjechala-na-wymiane-do-danii\/#breadcrumb"},"inLanguage":"pl-PL","potentialAction":[{"@type":"ReadAction","target":["https:\/\/www.sts-education.com\/pl\/szkola-srednia\/uczniowie-na-wymianie\/historie-uczniow\/valentina-wyjechala-na-wymiane-do-danii\/"]}]},{"@type":"ImageObject","inLanguage":"pl-PL","@id":"https:\/\/www.sts-education.com\/pl\/szkola-srednia\/uczniowie-na-wymianie\/historie-uczniow\/valentina-wyjechala-na-wymiane-do-danii\/#primaryimage","url":"https:\/\/powered-by.qbank.se\/educatius\/sts\/\/10ec77fb512899574dd4287ae81171ca_1-1-thumb.webp","contentUrl":"https:\/\/powered-by.qbank.se\/educatius\/sts\/\/10ec77fb512899574dd4287ae81171ca_1-1-thumb.webp","width":150,"height":150},{"@type":"BreadcrumbList","@id":"https:\/\/www.sts-education.com\/pl\/szkola-srednia\/uczniowie-na-wymianie\/historie-uczniow\/valentina-wyjechala-na-wymiane-do-danii\/#breadcrumb","itemListElement":[{"@type":"ListItem","position":1,"name":"Home","item":"https:\/\/www.sts-education.com\/pl\/"},{"@type":"ListItem","position":2,"name":"Valentina Wyjechala Na Wymiane Do Danii"}]},{"@type":"WebSite","@id":"https:\/\/www.sts-education.com\/pl\/#website","url":"https:\/\/www.sts-education.com\/pl\/","name":"STS Education","description":"","potentialAction":[{"@type":"SearchAction","target":{"@type":"EntryPoint","urlTemplate":"https:\/\/www.sts-education.com\/pl\/?s={search_term_string}"},"query-input":{"@type":"PropertyValueSpecification","valueRequired":true,"valueName":"search_term_string"}}],"inLanguage":"pl-PL"},{"@type":"Person","@id":"https:\/\/www.sts-education.com\/pl\/#\/schema\/person\/8b82f3a2e45f020b8f296d7a85d9a97c","name":"syncreadwrite","image":{"@type":"ImageObject","inLanguage":"pl-PL","@id":"https:\/\/secure.gravatar.com\/avatar\/6ed1007e4f6f43f22e3df41d9fce4365533cba47fef64bb359b8e629abbc2ea6?s=96&d=mm&r=g","url":"https:\/\/secure.gravatar.com\/avatar\/6ed1007e4f6f43f22e3df41d9fce4365533cba47fef64bb359b8e629abbc2ea6?s=96&d=mm&r=g","contentUrl":"https:\/\/secure.gravatar.com\/avatar\/6ed1007e4f6f43f22e3df41d9fce4365533cba47fef64bb359b8e629abbc2ea6?s=96&d=mm&r=g","caption":"syncreadwrite"},"url":"https:\/\/www.sts-education.com\/pl\/author\/syncreadwrite\/"}]}},"_links":{"self":[{"href":"https:\/\/www.sts-education.com\/pl\/wp-json\/wp\/v2\/posts\/11122","targetHints":{"allow":["GET"]}}],"collection":[{"href":"https:\/\/www.sts-education.com\/pl\/wp-json\/wp\/v2\/posts"}],"about":[{"href":"https:\/\/www.sts-education.com\/pl\/wp-json\/wp\/v2\/types\/post"}],"author":[{"embeddable":true,"href":"https:\/\/www.sts-education.com\/pl\/wp-json\/wp\/v2\/users\/20"}],"replies":[{"embeddable":true,"href":"https:\/\/www.sts-education.com\/pl\/wp-json\/wp\/v2\/comments?post=11122"}],"version-history":[{"count":5,"href":"https:\/\/www.sts-education.com\/pl\/wp-json\/wp\/v2\/posts\/11122\/revisions"}],"predecessor-version":[{"id":43702,"href":"https:\/\/www.sts-education.com\/pl\/wp-json\/wp\/v2\/posts\/11122\/revisions\/43702"}],"wp:featuredmedia":[{"embeddable":true,"href":"https:\/\/www.sts-education.com\/pl\/wp-json\/wp\/v2\/media\/14440"}],"wp:attachment":[{"href":"https:\/\/www.sts-education.com\/pl\/wp-json\/wp\/v2\/media?parent=11122"}],"wp:term":[{"taxonomy":"category","embeddable":true,"href":"https:\/\/www.sts-education.com\/pl\/wp-json\/wp\/v2\/categories?post=11122"},{"taxonomy":"post_tag","embeddable":true,"href":"https:\/\/www.sts-education.com\/pl\/wp-json\/wp\/v2\/tags?post=11122"},{"taxonomy":"wpw_post_folders","embeddable":true,"href":"https:\/\/www.sts-education.com\/pl\/wp-json\/wp\/v2\/wpw_post_folders?post=11122"}],"curies":[{"name":"wp","href":"https:\/\/api.w.org\/{rel}","templated":true}]}}