{"id":11130,"date":"2023-05-02T10:00:00","date_gmt":"2023-05-02T10:00:00","guid":{"rendered":"https:\/\/preprod.sts-education.com\/blog\/2026\/03\/05\/emilia-byla-na-wymianie-w-kanadzie\/"},"modified":"2026-04-14T10:23:45","modified_gmt":"2026-04-14T10:23:45","slug":"emilia-byla-na-wymianie-w-kanadzie","status":"publish","type":"post","link":"https:\/\/www.sts-education.com\/pl\/szkola-srednia\/uczniowie-na-wymianie\/historie-uczniow\/emilia-byla-na-wymianie-w-kanadzie\/","title":{"rendered":"Emilia Byla Na Wymianie W Kanadzie"},"content":{"rendered":"\n<div class=\"wp-block-sts-text sts-text-editor has-max-width-md\"><div class=\"sts-text-editor__content\"><div class=\"sts-text-editor__content-inner\">\n<h1 style=\"text-align:center\">Emilia by\u0142a na wymianie w Kanadzie<\/h1>\n<\/div><\/div><\/div>\n\n\n\n<div class=\"wp-block-sts-text sts-text-editor has-max-width-md\"><div class=\"sts-text-editor__content\"><div class=\"sts-text-editor__content-inner\">\n<p><em>Emilia z Austrii wyjecha\u0142a na wymian\u0119 do Vancouver w Kanadzie.<\/em><\/p>\n<h2>Dlaczego Kanada i Vancouver?<\/h2>\n<p>Poniewa\u017c jest to &quot;wi\u0119ksza wersja mojego rodzinnego miasta w Austrii&quot; &#8211; morze, jeziora, g\u00f3ry i miasto razem wzi\u0119te. Liczba oferowanych tam zaj\u0119\u0107 jest niesamowita: jazda na nartach, p\u0142ywanie, siatk\u00f3wka pla\u017cowa, w\u0119dr\u00f3wki i odkrywanie r\u00f3\u017cnych miejsc z jedzeniem i zakupami. By\u0142o to dla mnie optymalne miejsce, aby wyj\u015b\u0107 ze swojej strefy komfortu i poprawi\u0107 sw\u00f3j angielski, chocia\u017c zdecydowanie nie by\u0142a to najwi\u0119ksza motywacja.<\/p>\n<h2>Jak to by\u0142o mieszka\u0107 z rodzin\u0105 goszcz\u0105c\u0105?<\/h2>\n<p>Na pocz\u0105tku mia\u0142am pewne problemy z moj\u0105 rodzin\u0105 goszcz\u0105c\u0105, ale zosta\u0142y one rozwi\u0105zane w ci\u0105gu kilku tygodni. Mieszka\u0142em ze wspania\u0142\u0105, troskliw\u0105 rodzin\u0105. Na pocz\u0105tku wydaje si\u0119, \u017ce trudno jest zaaklimatyzowa\u0107 si\u0119 w nowym domu, ale zdecydowanie warto. Buduje si\u0119 tam wi\u0119zi na ca\u0142e \u017cycie.<\/p>\n<h2>Co robi\u0142a\u015b w wolnym czasie? Jakie\u015b nowe hobby?<\/h2>\n<p>Po szkole zawsze wychodzi\u0142am z przyjaci\u00f3\u0142mi i zwiedza\u0142am r\u00f3\u017cne dzielnice Vancouver. Do\u0142\u0105czy\u0142am r\u00f3wnie\u017c do klubu siatkarskiego i pojecha\u0142am na wiele turniej\u00f3w poza Vancouver. Do\u0142\u0105czenie do tego klubu i bycie cz\u0119\u015bci\u0105 tego niesamowitego, zmotywowanego zespo\u0142u by\u0142o jedn\u0105 z najlepszych mo\u017cliwo\u015bci, jakie tam otrzyma\u0142am.<\/p>\n<h2>Co by\u0142o dla ciebie du\u017cym wyzwaniem? Jak sobie z nim poradzi\u0142a\u015b?<\/h2>\n<p>Na pocz\u0105tku trudno jest budowa\u0107 relacje spo\u0142eczne, ale to si\u0119 rozwija. Trzeba po prostu po\u015bwi\u0119ci\u0107 troch\u0119 czasu i &quot;zaufa\u0107 procesowi&quot;. Moim najwi\u0119kszym wyzwaniem by\u0142a rodzina goszcz\u0105ca, ale jak ju\u017c wspomnia\u0142am, uda\u0142o mi si\u0119 rozwi\u0105za\u0107 wszystkie trudno\u015bci z pomoc\u0105 mojego lokalnego koordynatora.<\/p>\n<h2>Jakie jest Twoje najlepsze wspomnienie?<\/h2>\n<p>Absolutnie najlepszym momentem by\u0142a wycieczka w G\u00f3ry Skaliste z wieloma innymi mi\u0119dzynarodowymi studentami. Mogli\u015bmy odkrywa\u0107 wszystkie turystyczne, pi\u0119kne miejsca i pozna\u0142am tam ludzi, kt\u00f3rzy stali mi si\u0119 (w ci\u0105gu czterech dni!) tak bliscy, jakbym zna\u0142a ich przez ca\u0142e \u017cycie.<\/p>\n<h2>Czy mo\u017cesz poleci\u0107 wyjazd?<\/h2>\n<p>Moje \u017cycie na chwil\u0119 wywr\u00f3ci\u0142o si\u0119 do g\u00f3ry nogami. Konieczne by\u0142o wyj\u015bcie z mojej strefy komfortu. Ale je\u015bli ja mog\u0142am to zrobi\u0107, Ty te\u017c mo\u017cesz! Je\u015bli masz tak\u0105 mo\u017cliwo\u015b\u0107 i wsparcie rodzic\u00f3w, jed\u017a!<\/p>\n<p>Tylko rada, je\u015bli ju\u017c pojedziesz, nigdy nie zapomnij tego doceni\u0107. To do\u015bwiadczenie, na kt\u00f3re niewielu ma szans\u0119.<\/p>\n<h2>Czy mo\u017cesz poleci\u0107 wymian\u0119 w Kanadzie?<\/h2>\n<p>Tak! Zw\u0142aszcza je\u015bli lubisz przyrod\u0119 i jazd\u0119 na nartach. Ludzie m\u00f3wi\u0105, \u017ce przyroda Kanady jest niesamowita&#8230; nie mogliby mie\u0107 wi\u0119kszej racji. A dzi\u0119ki nieko\u0144cz\u0105cym si\u0119 lasom i g\u00f3rom jazda na nartach by\u0142a tam jedn\u0105 z najbardziej niesamowitych przyg\u00f3d.<\/p>\n<h2>Twoja najlepsza rada?<\/h2>\n<p>Chocia\u017c wiele si\u0119 nauczysz o nowych ludziach, nowym stylu \u017cycia i oczywi\u015bcie nowym j\u0119zyku, wa\u017cne jest, aby zrozumie\u0107, \u017ce najwa\u017cniejsz\u0105 nauk\u0105 jest umiej\u0119tno\u015b\u0107 przystosowania si\u0119 do innych. Nic nie dzieje si\u0119 samo; to Ty jeste\u015b odpowiedzialny za to, by wymiana sta\u0142a si\u0119 niezapomnian\u0105 cz\u0119\u015bci\u0105 Twojego \u017cycia. Nie mo\u017cesz oczekiwa\u0107, \u017ce zrobi\u0105 to inni. Nie pozw\u00f3l, aby miesi\u0105ce mija\u0142y tak sobie. Przed tob\u0105 ogromne wyzwanie, dlatego pami\u0119taj- daj sobie troch\u0119 czasu na oswojenie si\u0119 z tym wszystkim, co nowe.<\/p>\n<h2>Dlaczego wybra\u0142a\u015b STS?<\/h2>\n<p>Wybra\u0142am STS, poniewa\u017c jest to firma, kt\u00f3ra istnieje od dziesi\u0119cioleci i dlatego, \u017ce ma du\u017ce do\u015bwiadczenie. Ponadto oferuje wiele r\u00f3\u017cnych kraj\u00f3w, co jest mi\u0142e na pocz\u0105tku, je\u015bli nie masz jeszcze poj\u0119cia, dok\u0105d si\u0119 uda\u0107. Od Kostaryki po USA i Australi\u0119 mo\u017cna znale\u017a\u0107 wszystko.<\/p>\n<h2>Czy by\u0142a\u015b zadowolona z STS?<\/h2>\n<p>Je\u015bli chodzi o STS, mog\u0119 z przyjemno\u015bci\u0105 powiedzie\u0107, \u017ce wyb\u00f3r tej organizacji by\u0142 wart ka\u017cdego euro. Od dni przygotowawczych w moim kraju po ob\u00f3z powitalny i lokalne wsparcie w kraju goszcz\u0105cym, wszystko zawsze dzia\u0142a\u0142o dobrze.<\/p>\n<h2>Czego si\u0119 nauczy\u0142a\u015b?<\/h2>\n<p>Chocia\u017c przed przyjazdem tutaj by\u0142am do\u015b\u0107 towarzysk\u0105 osob\u0105, mog\u0119 powiedzie\u0107, \u017ce dzi\u0119ki temu sta\u0142am si\u0119 jeszcze bardziej ekstrawertyczna i otwarta na nowe rzeczy. Jednak poszerzy\u0142o to r\u00f3wnie\u017c moje horyzonty, poniewa\u017c do\u015bwiadczy\u0142am p\u00f3\u0142nocnoameryka\u0144skiego stylu \u017cycia, kt\u00f3ry znacznie r\u00f3\u017cni si\u0119 od europejskiego.<\/p>\n<h2>Jak wymiana wp\u0142yn\u0119\u0142a na Twoj\u0105 przysz\u0142o\u015b\u0107?<\/h2>\n<p>Wr\u00f3ci\u0142am z otwartym umys\u0142em. Z poczuciem, \u017ce reszta \u015bwiata czeka na mnie, \u017ce mog\u0119 to wszystko odkry\u0107. \u017be to by\u0142 dopiero pocz\u0105tek, wielkie otwarcie nowego \u017cycia.<\/p>\n<h2>Dowiedz si\u0119 wi\u0119cej<\/h2>\n<ul><li>Przeczytaj wi\u0119cej <a href=\"https:\/\/www.sts-education.com\/pl\/szkola-srednia\/uczniowie-na-wymianie\/historie-uczniow\/?hashtag=Kanada\">historii uczni\u00f3w z Kanady<\/a><\/li>\n<li>Przeczytaj wi\u0119cej o <a href=\"https:\/\/www.sts-education.com\/pl\/szkola-srednia\/kierunki-wyjazdowe\/ameryka-polnocna\/kanada\/\">wymianie licealnej w Kanadzie<\/a><\/li>\n<li>Zobacz <a href=\"\/pl\/high-school\/tripfinder\/\">wszystkie miejsca docelowe naszych wymian licealnyc<\/a><\/li><\/ul>\n<\/div><\/div><\/div>\n","protected":false},"excerpt":{"rendered":"","protected":false},"author":20,"featured_media":14456,"comment_status":"open","ping_status":"open","sticky":false,"template":"","format":"standard","meta":{"_acf_changed":false,"_yoast_wpseo_title":"Emilia by\u0142a na wymianie w Kanadzie","_yoast_wpseo_metadesc":"Dlaczego Kanada i Vancouver? Poniewa\u017c jest to \"wi\u0119ksza wersja mojego rodzinnego miasta w Austrii\" - morze, jeziora, g\u00f3ry i miasto razem wzi\u0119te.","footnotes":""},"categories":[265],"tags":[1014],"wpw_post_folders":[],"class_list":["post-11130","post","type-post","status-publish","format-standard","has-post-thumbnail","hentry","category-bez-kategorii","tag-kanada"],"acf":[],"yoast_head":"<!-- This site is optimized with the Yoast SEO Premium plugin v27.2 (Yoast SEO v27.2) - https:\/\/yoast.com\/product\/yoast-seo-premium-wordpress\/ -->\n<title>Emilia by\u0142a na wymianie w Kanadzie<\/title>\n<meta name=\"description\" content=\"Dlaczego Kanada i Vancouver? Poniewa\u017c jest to &quot;wi\u0119ksza wersja mojego rodzinnego miasta w Austrii&quot; - morze, jeziora, g\u00f3ry i miasto razem wzi\u0119te.\" \/>\n<meta name=\"robots\" content=\"index, follow, max-snippet:-1, max-image-preview:large, max-video-preview:-1\" \/>\n<link rel=\"canonical\" href=\"https:\/\/www.sts-education.com\/pl\/szkola-srednia\/uczniowie-na-wymianie\/historie-uczniow\/emilia-byla-na-wymianie-w-kanadzie\/\" \/>\n<meta property=\"og:locale\" content=\"pl_PL\" \/>\n<meta property=\"og:type\" content=\"article\" \/>\n<meta property=\"og:title\" content=\"Emilia Byla Na Wymianie W Kanadzie\" \/>\n<meta property=\"og:description\" content=\"Dlaczego Kanada i Vancouver? Poniewa\u017c jest to &quot;wi\u0119ksza wersja mojego rodzinnego miasta w Austrii&quot; - morze, jeziora, g\u00f3ry i miasto razem wzi\u0119te.\" \/>\n<meta property=\"og:url\" content=\"https:\/\/www.sts-education.com\/pl\/szkola-srednia\/uczniowie-na-wymianie\/historie-uczniow\/emilia-byla-na-wymianie-w-kanadzie\/\" \/>\n<meta property=\"og:site_name\" content=\"STS Education\" \/>\n<meta property=\"article:published_time\" content=\"2023-05-02T10:00:00+00:00\" \/>\n<meta property=\"article:modified_time\" content=\"2026-04-14T10:23:45+00:00\" \/>\n<meta property=\"og:image\" content=\"https:\/\/powered-by.qbank.se\/educatius\/sts\/\/2daf64162521b454bbf048f88fecc0a5_1-1-thumb.webp\" \/>\n\t<meta property=\"og:image:width\" content=\"150\" \/>\n\t<meta property=\"og:image:height\" content=\"150\" \/>\n\t<meta property=\"og:image:type\" content=\"image\/jpeg\" \/>\n<meta name=\"author\" content=\"syncreadwrite\" \/>\n<meta name=\"twitter:card\" content=\"summary_large_image\" \/>\n<meta name=\"twitter:label1\" content=\"Napisane przez\" \/>\n\t<meta name=\"twitter:data1\" content=\"syncreadwrite\" \/>\n\t<meta name=\"twitter:label2\" content=\"Szacowany czas czytania\" \/>\n\t<meta name=\"twitter:data2\" content=\"4 minuty\" \/>\n<script type=\"application\/ld+json\" class=\"yoast-schema-graph\">{\"@context\":\"https:\/\/schema.org\",\"@graph\":[{\"@type\":\"Article\",\"@id\":\"https:\/\/www.sts-education.com\/pl\/szkola-srednia\/uczniowie-na-wymianie\/historie-uczniow\/emilia-byla-na-wymianie-w-kanadzie\/#article\",\"isPartOf\":{\"@id\":\"https:\/\/www.sts-education.com\/pl\/szkola-srednia\/uczniowie-na-wymianie\/historie-uczniow\/emilia-byla-na-wymianie-w-kanadzie\/\"},\"author\":{\"name\":\"syncreadwrite\",\"@id\":\"https:\/\/www.sts-education.com\/pl\/#\/schema\/person\/8b82f3a2e45f020b8f296d7a85d9a97c\"},\"headline\":\"Emilia Byla Na Wymianie W Kanadzie\",\"datePublished\":\"2023-05-02T10:00:00+00:00\",\"dateModified\":\"2026-04-14T10:23:45+00:00\",\"mainEntityOfPage\":{\"@id\":\"https:\/\/www.sts-education.com\/pl\/szkola-srednia\/uczniowie-na-wymianie\/historie-uczniow\/emilia-byla-na-wymianie-w-kanadzie\/\"},\"wordCount\":804,\"commentCount\":0,\"image\":{\"@id\":\"https:\/\/www.sts-education.com\/pl\/szkola-srednia\/uczniowie-na-wymianie\/historie-uczniow\/emilia-byla-na-wymianie-w-kanadzie\/#primaryimage\"},\"thumbnailUrl\":\"https:\/\/powered-by.qbank.se\/educatius\/sts\/\/2daf64162521b454bbf048f88fecc0a5_1-1-thumb.webp\",\"keywords\":[\"Kanada\"],\"inLanguage\":\"pl-PL\",\"potentialAction\":[{\"@type\":\"CommentAction\",\"name\":\"Comment\",\"target\":[\"https:\/\/www.sts-education.com\/pl\/szkola-srednia\/uczniowie-na-wymianie\/historie-uczniow\/emilia-byla-na-wymianie-w-kanadzie\/#respond\"]}]},{\"@type\":\"WebPage\",\"@id\":\"https:\/\/www.sts-education.com\/pl\/szkola-srednia\/uczniowie-na-wymianie\/historie-uczniow\/emilia-byla-na-wymianie-w-kanadzie\/\",\"url\":\"https:\/\/www.sts-education.com\/pl\/szkola-srednia\/uczniowie-na-wymianie\/historie-uczniow\/emilia-byla-na-wymianie-w-kanadzie\/\",\"name\":\"Emilia by\u0142a na wymianie w Kanadzie\",\"isPartOf\":{\"@id\":\"https:\/\/www.sts-education.com\/pl\/#website\"},\"primaryImageOfPage\":{\"@id\":\"https:\/\/www.sts-education.com\/pl\/szkola-srednia\/uczniowie-na-wymianie\/historie-uczniow\/emilia-byla-na-wymianie-w-kanadzie\/#primaryimage\"},\"image\":{\"@id\":\"https:\/\/www.sts-education.com\/pl\/szkola-srednia\/uczniowie-na-wymianie\/historie-uczniow\/emilia-byla-na-wymianie-w-kanadzie\/#primaryimage\"},\"thumbnailUrl\":\"https:\/\/powered-by.qbank.se\/educatius\/sts\/\/2daf64162521b454bbf048f88fecc0a5_1-1-thumb.webp\",\"datePublished\":\"2023-05-02T10:00:00+00:00\",\"dateModified\":\"2026-04-14T10:23:45+00:00\",\"author\":{\"@id\":\"https:\/\/www.sts-education.com\/pl\/#\/schema\/person\/8b82f3a2e45f020b8f296d7a85d9a97c\"},\"description\":\"Dlaczego Kanada i Vancouver? Poniewa\u017c jest to \\\"wi\u0119ksza wersja mojego rodzinnego miasta w Austrii\\\" - morze, jeziora, g\u00f3ry i miasto razem wzi\u0119te.\",\"breadcrumb\":{\"@id\":\"https:\/\/www.sts-education.com\/pl\/szkola-srednia\/uczniowie-na-wymianie\/historie-uczniow\/emilia-byla-na-wymianie-w-kanadzie\/#breadcrumb\"},\"inLanguage\":\"pl-PL\",\"potentialAction\":[{\"@type\":\"ReadAction\",\"target\":[\"https:\/\/www.sts-education.com\/pl\/szkola-srednia\/uczniowie-na-wymianie\/historie-uczniow\/emilia-byla-na-wymianie-w-kanadzie\/\"]}]},{\"@type\":\"ImageObject\",\"inLanguage\":\"pl-PL\",\"@id\":\"https:\/\/www.sts-education.com\/pl\/szkola-srednia\/uczniowie-na-wymianie\/historie-uczniow\/emilia-byla-na-wymianie-w-kanadzie\/#primaryimage\",\"url\":\"https:\/\/powered-by.qbank.se\/educatius\/sts\/\/2daf64162521b454bbf048f88fecc0a5_1-1-thumb.webp\",\"contentUrl\":\"https:\/\/powered-by.qbank.se\/educatius\/sts\/\/2daf64162521b454bbf048f88fecc0a5_1-1-thumb.webp\",\"width\":150,\"height\":150},{\"@type\":\"BreadcrumbList\",\"@id\":\"https:\/\/www.sts-education.com\/pl\/szkola-srednia\/uczniowie-na-wymianie\/historie-uczniow\/emilia-byla-na-wymianie-w-kanadzie\/#breadcrumb\",\"itemListElement\":[{\"@type\":\"ListItem\",\"position\":1,\"name\":\"Home\",\"item\":\"https:\/\/www.sts-education.com\/pl\/\"},{\"@type\":\"ListItem\",\"position\":2,\"name\":\"Emilia Byla Na Wymianie W Kanadzie\"}]},{\"@type\":\"WebSite\",\"@id\":\"https:\/\/www.sts-education.com\/pl\/#website\",\"url\":\"https:\/\/www.sts-education.com\/pl\/\",\"name\":\"STS Education\",\"description\":\"\",\"potentialAction\":[{\"@type\":\"SearchAction\",\"target\":{\"@type\":\"EntryPoint\",\"urlTemplate\":\"https:\/\/www.sts-education.com\/pl\/?s={search_term_string}\"},\"query-input\":{\"@type\":\"PropertyValueSpecification\",\"valueRequired\":true,\"valueName\":\"search_term_string\"}}],\"inLanguage\":\"pl-PL\"},{\"@type\":\"Person\",\"@id\":\"https:\/\/www.sts-education.com\/pl\/#\/schema\/person\/8b82f3a2e45f020b8f296d7a85d9a97c\",\"name\":\"syncreadwrite\",\"image\":{\"@type\":\"ImageObject\",\"inLanguage\":\"pl-PL\",\"@id\":\"https:\/\/secure.gravatar.com\/avatar\/6ed1007e4f6f43f22e3df41d9fce4365533cba47fef64bb359b8e629abbc2ea6?s=96&d=mm&r=g\",\"url\":\"https:\/\/secure.gravatar.com\/avatar\/6ed1007e4f6f43f22e3df41d9fce4365533cba47fef64bb359b8e629abbc2ea6?s=96&d=mm&r=g\",\"contentUrl\":\"https:\/\/secure.gravatar.com\/avatar\/6ed1007e4f6f43f22e3df41d9fce4365533cba47fef64bb359b8e629abbc2ea6?s=96&d=mm&r=g\",\"caption\":\"syncreadwrite\"},\"url\":\"https:\/\/www.sts-education.com\/pl\/author\/syncreadwrite\/\"}]}<\/script>\n<!-- \/ Yoast SEO Premium plugin. -->","yoast_head_json":{"title":"Emilia by\u0142a na wymianie w Kanadzie","description":"Dlaczego Kanada i Vancouver? Poniewa\u017c jest to \"wi\u0119ksza wersja mojego rodzinnego miasta w Austrii\" - morze, jeziora, g\u00f3ry i miasto razem wzi\u0119te.","robots":{"index":"index","follow":"follow","max-snippet":"max-snippet:-1","max-image-preview":"max-image-preview:large","max-video-preview":"max-video-preview:-1"},"canonical":"https:\/\/www.sts-education.com\/pl\/szkola-srednia\/uczniowie-na-wymianie\/historie-uczniow\/emilia-byla-na-wymianie-w-kanadzie\/","og_locale":"pl_PL","og_type":"article","og_title":"Emilia Byla Na Wymianie W Kanadzie","og_description":"Dlaczego Kanada i Vancouver? Poniewa\u017c jest to \"wi\u0119ksza wersja mojego rodzinnego miasta w Austrii\" - morze, jeziora, g\u00f3ry i miasto razem wzi\u0119te.","og_url":"https:\/\/www.sts-education.com\/pl\/szkola-srednia\/uczniowie-na-wymianie\/historie-uczniow\/emilia-byla-na-wymianie-w-kanadzie\/","og_site_name":"STS Education","article_published_time":"2023-05-02T10:00:00+00:00","article_modified_time":"2026-04-14T10:23:45+00:00","og_image":[{"width":150,"height":150,"url":"https:\/\/powered-by.qbank.se\/educatius\/sts\/\/2daf64162521b454bbf048f88fecc0a5_1-1-thumb.webp","type":"image\/jpeg"}],"author":"syncreadwrite","twitter_card":"summary_large_image","twitter_misc":{"Napisane przez":"syncreadwrite","Szacowany czas czytania":"4 minuty"},"schema":{"@context":"https:\/\/schema.org","@graph":[{"@type":"Article","@id":"https:\/\/www.sts-education.com\/pl\/szkola-srednia\/uczniowie-na-wymianie\/historie-uczniow\/emilia-byla-na-wymianie-w-kanadzie\/#article","isPartOf":{"@id":"https:\/\/www.sts-education.com\/pl\/szkola-srednia\/uczniowie-na-wymianie\/historie-uczniow\/emilia-byla-na-wymianie-w-kanadzie\/"},"author":{"name":"syncreadwrite","@id":"https:\/\/www.sts-education.com\/pl\/#\/schema\/person\/8b82f3a2e45f020b8f296d7a85d9a97c"},"headline":"Emilia Byla Na Wymianie W Kanadzie","datePublished":"2023-05-02T10:00:00+00:00","dateModified":"2026-04-14T10:23:45+00:00","mainEntityOfPage":{"@id":"https:\/\/www.sts-education.com\/pl\/szkola-srednia\/uczniowie-na-wymianie\/historie-uczniow\/emilia-byla-na-wymianie-w-kanadzie\/"},"wordCount":804,"commentCount":0,"image":{"@id":"https:\/\/www.sts-education.com\/pl\/szkola-srednia\/uczniowie-na-wymianie\/historie-uczniow\/emilia-byla-na-wymianie-w-kanadzie\/#primaryimage"},"thumbnailUrl":"https:\/\/powered-by.qbank.se\/educatius\/sts\/\/2daf64162521b454bbf048f88fecc0a5_1-1-thumb.webp","keywords":["Kanada"],"inLanguage":"pl-PL","potentialAction":[{"@type":"CommentAction","name":"Comment","target":["https:\/\/www.sts-education.com\/pl\/szkola-srednia\/uczniowie-na-wymianie\/historie-uczniow\/emilia-byla-na-wymianie-w-kanadzie\/#respond"]}]},{"@type":"WebPage","@id":"https:\/\/www.sts-education.com\/pl\/szkola-srednia\/uczniowie-na-wymianie\/historie-uczniow\/emilia-byla-na-wymianie-w-kanadzie\/","url":"https:\/\/www.sts-education.com\/pl\/szkola-srednia\/uczniowie-na-wymianie\/historie-uczniow\/emilia-byla-na-wymianie-w-kanadzie\/","name":"Emilia by\u0142a na wymianie w Kanadzie","isPartOf":{"@id":"https:\/\/www.sts-education.com\/pl\/#website"},"primaryImageOfPage":{"@id":"https:\/\/www.sts-education.com\/pl\/szkola-srednia\/uczniowie-na-wymianie\/historie-uczniow\/emilia-byla-na-wymianie-w-kanadzie\/#primaryimage"},"image":{"@id":"https:\/\/www.sts-education.com\/pl\/szkola-srednia\/uczniowie-na-wymianie\/historie-uczniow\/emilia-byla-na-wymianie-w-kanadzie\/#primaryimage"},"thumbnailUrl":"https:\/\/powered-by.qbank.se\/educatius\/sts\/\/2daf64162521b454bbf048f88fecc0a5_1-1-thumb.webp","datePublished":"2023-05-02T10:00:00+00:00","dateModified":"2026-04-14T10:23:45+00:00","author":{"@id":"https:\/\/www.sts-education.com\/pl\/#\/schema\/person\/8b82f3a2e45f020b8f296d7a85d9a97c"},"description":"Dlaczego Kanada i Vancouver? Poniewa\u017c jest to \"wi\u0119ksza wersja mojego rodzinnego miasta w Austrii\" - morze, jeziora, g\u00f3ry i miasto razem wzi\u0119te.","breadcrumb":{"@id":"https:\/\/www.sts-education.com\/pl\/szkola-srednia\/uczniowie-na-wymianie\/historie-uczniow\/emilia-byla-na-wymianie-w-kanadzie\/#breadcrumb"},"inLanguage":"pl-PL","potentialAction":[{"@type":"ReadAction","target":["https:\/\/www.sts-education.com\/pl\/szkola-srednia\/uczniowie-na-wymianie\/historie-uczniow\/emilia-byla-na-wymianie-w-kanadzie\/"]}]},{"@type":"ImageObject","inLanguage":"pl-PL","@id":"https:\/\/www.sts-education.com\/pl\/szkola-srednia\/uczniowie-na-wymianie\/historie-uczniow\/emilia-byla-na-wymianie-w-kanadzie\/#primaryimage","url":"https:\/\/powered-by.qbank.se\/educatius\/sts\/\/2daf64162521b454bbf048f88fecc0a5_1-1-thumb.webp","contentUrl":"https:\/\/powered-by.qbank.se\/educatius\/sts\/\/2daf64162521b454bbf048f88fecc0a5_1-1-thumb.webp","width":150,"height":150},{"@type":"BreadcrumbList","@id":"https:\/\/www.sts-education.com\/pl\/szkola-srednia\/uczniowie-na-wymianie\/historie-uczniow\/emilia-byla-na-wymianie-w-kanadzie\/#breadcrumb","itemListElement":[{"@type":"ListItem","position":1,"name":"Home","item":"https:\/\/www.sts-education.com\/pl\/"},{"@type":"ListItem","position":2,"name":"Emilia Byla Na Wymianie W Kanadzie"}]},{"@type":"WebSite","@id":"https:\/\/www.sts-education.com\/pl\/#website","url":"https:\/\/www.sts-education.com\/pl\/","name":"STS Education","description":"","potentialAction":[{"@type":"SearchAction","target":{"@type":"EntryPoint","urlTemplate":"https:\/\/www.sts-education.com\/pl\/?s={search_term_string}"},"query-input":{"@type":"PropertyValueSpecification","valueRequired":true,"valueName":"search_term_string"}}],"inLanguage":"pl-PL"},{"@type":"Person","@id":"https:\/\/www.sts-education.com\/pl\/#\/schema\/person\/8b82f3a2e45f020b8f296d7a85d9a97c","name":"syncreadwrite","image":{"@type":"ImageObject","inLanguage":"pl-PL","@id":"https:\/\/secure.gravatar.com\/avatar\/6ed1007e4f6f43f22e3df41d9fce4365533cba47fef64bb359b8e629abbc2ea6?s=96&d=mm&r=g","url":"https:\/\/secure.gravatar.com\/avatar\/6ed1007e4f6f43f22e3df41d9fce4365533cba47fef64bb359b8e629abbc2ea6?s=96&d=mm&r=g","contentUrl":"https:\/\/secure.gravatar.com\/avatar\/6ed1007e4f6f43f22e3df41d9fce4365533cba47fef64bb359b8e629abbc2ea6?s=96&d=mm&r=g","caption":"syncreadwrite"},"url":"https:\/\/www.sts-education.com\/pl\/author\/syncreadwrite\/"}]}},"_links":{"self":[{"href":"https:\/\/www.sts-education.com\/pl\/wp-json\/wp\/v2\/posts\/11130","targetHints":{"allow":["GET"]}}],"collection":[{"href":"https:\/\/www.sts-education.com\/pl\/wp-json\/wp\/v2\/posts"}],"about":[{"href":"https:\/\/www.sts-education.com\/pl\/wp-json\/wp\/v2\/types\/post"}],"author":[{"embeddable":true,"href":"https:\/\/www.sts-education.com\/pl\/wp-json\/wp\/v2\/users\/20"}],"replies":[{"embeddable":true,"href":"https:\/\/www.sts-education.com\/pl\/wp-json\/wp\/v2\/comments?post=11130"}],"version-history":[{"count":4,"href":"https:\/\/www.sts-education.com\/pl\/wp-json\/wp\/v2\/posts\/11130\/revisions"}],"predecessor-version":[{"id":34436,"href":"https:\/\/www.sts-education.com\/pl\/wp-json\/wp\/v2\/posts\/11130\/revisions\/34436"}],"wp:featuredmedia":[{"embeddable":true,"href":"https:\/\/www.sts-education.com\/pl\/wp-json\/wp\/v2\/media\/14456"}],"wp:attachment":[{"href":"https:\/\/www.sts-education.com\/pl\/wp-json\/wp\/v2\/media?parent=11130"}],"wp:term":[{"taxonomy":"category","embeddable":true,"href":"https:\/\/www.sts-education.com\/pl\/wp-json\/wp\/v2\/categories?post=11130"},{"taxonomy":"post_tag","embeddable":true,"href":"https:\/\/www.sts-education.com\/pl\/wp-json\/wp\/v2\/tags?post=11130"},{"taxonomy":"wpw_post_folders","embeddable":true,"href":"https:\/\/www.sts-education.com\/pl\/wp-json\/wp\/v2\/wpw_post_folders?post=11130"}],"curies":[{"name":"wp","href":"https:\/\/api.w.org\/{rel}","templated":true}]}}