{"id":11131,"date":"2023-05-02T10:00:00","date_gmt":"2023-05-02T10:00:00","guid":{"rendered":"https:\/\/preprod.sts-education.com\/blog\/2026\/03\/05\/vittoria-wyjechala-na-wymiane-w-niemczech\/"},"modified":"2026-04-14T10:23:43","modified_gmt":"2026-04-14T10:23:43","slug":"vittoria-wyjechala-na-wymiane-w-niemczech","status":"publish","type":"post","link":"https:\/\/www.sts-education.com\/pl\/szkola-srednia\/uczniowie-na-wymianie\/historie-uczniow\/vittoria-wyjechala-na-wymiane-w-niemczech\/","title":{"rendered":"Vittoria Wyjechala Na Wymiane W Niemczech"},"content":{"rendered":"\n<div class=\"wp-block-sts-text sts-text-editor has-max-width-md\"><div class=\"sts-text-editor__content\"><div class=\"sts-text-editor__content-inner\">\n<h1 style=\"text-align:center\">Vittoria wyjecha\u0142a na wymian\u0119 w Niemczech<\/h1>\n<\/div><\/div><\/div>\n\n\n\n<div class=\"wp-block-sts-text sts-text-editor has-max-width-md\"><div class=\"sts-text-editor__content\"><div class=\"sts-text-editor__content-inner\">\n<p><em>Vittoria z W\u0142och sp\u0119dzi\u0142a swoj\u0105 wymian\u0119 w Niemczech.<\/em><\/p>\n<h2>Gdzie pojecha\u0142a\u015b?<\/h2>\n<p>Sp\u0119dzi\u0142am 11 miesi\u0119cy w Starnbergu, ma\u0142ym miasteczku po\u0142o\u017conym 30 minut od Monachium w Bawarii. To by\u0142o najlepsze do\u015bwiadczenie w moim dotychczasowym \u017cyciu.<\/p>\n<h2>Dlaczego Niemcy?<\/h2>\n<p>Ucz\u0119szczam do liceum j\u0119zykowego i kiedy wybra\u0142am Niemcy, uczy\u0142am si\u0119 niemieckiego ju\u017c od trzech lat. Nie by\u0142am zbyt dobra z niemieckiego; w og\u00f3le go nie lubi\u0142am. Pomy\u015bla\u0142am wi\u0119c, \u017ce najlepszym sposobem na pokonanie tej przeszkody b\u0119dzie po prostu pojechanie tam i doskonalenie j\u0119zyka.<\/p>\n<h2>Jak to by\u0142o mieszka\u0107 z rodzin\u0105 goszcz\u0105c\u0105?<\/h2>\n<p>Moje do\u015bwiadczenie z rodzin\u0105 goszcz\u0105c\u0105 by\u0142o wyj\u0105tkowe. W rzeczywisto\u015bci mia\u0142am dwie rodziny goszcz\u0105ce. Po pierwszych trzech miesi\u0105cach razem, moja pierwsza rodzina goszcz\u0105ca i ja zdali\u015bmy sobie spraw\u0119, \u017ce to nie by\u0142o w\u0142a\u015bciwe dopasowanie. W ci\u0105gu dw\u00f3ch tygodni STS zdo\u0142a\u0142 znale\u017a\u0107 mi drug\u0105 rodzin\u0119 goszcz\u0105c\u0105: najlepsz\u0105 rodzin\u0119, jak\u0105 kiedykolwiek spotka\u0142am! Mia\u0142am z nimi wiele wsp\u00f3\u0142nego. Po raz pierwszy w \u017cyciu pojecha\u0142am na narty, oprowadzili mnie po Monachium i wielu innych miejscach w Niemczech. \u017bycie w rodzinie, kt\u00f3ra nie jest twoj\u0105 w\u0142asn\u0105, mo\u017ce by\u0107 trudne na pocz\u0105tku, ale z czasem poznajesz si\u0119 nawzajem i nawi\u0105zujesz prawdziw\u0105 relacj\u0119 opart\u0105 na zaufaniu i uczuciu. Jestem teraz w bardzo dobrych stosunkach z obiema rodzinami i nawet odwiedzi\u0142am je ju\u017c po powrocie do domu.<\/p>\n<h2>Czy \u0142atwo\/trudno by\u0142o zdoby\u0107 przyjaci\u00f3\u0142?<\/h2>\n<p>Podobnie jak moja rodzina goszcz\u0105ca, moi przyjaciele r\u00f3wnie\u017c byli kluczow\u0105 cz\u0119\u015bci\u0105 tego roku za granic\u0105. Nie mia\u0142am szczeg\u00f3lnych problem\u00f3w z nawi\u0105zywaniem znajomo\u015bci; jestem bardzo towarzysk\u0105 osob\u0105, zawsze otwart\u0105 na nowe znajomo\u015bci. Mia\u0142am r\u00f3wnie\u017c szcz\u0119\u015bcie, poniewa\u017c ludzie, kt\u00f3rych pozna\u0142am, byli bardzo przyja\u017ani od samego pocz\u0105tku. Pomogli mi zintegrowa\u0107 si\u0119 w szkole, a zw\u0142aszcza podczas lekcji, naprawd\u0119 zach\u0119cali mnie do m\u00f3wienia po niemiecku i nauki tego j\u0119zyka, kt\u00f3ry wcze\u015bniej by\u0142 dla mnie straszny.<\/p>\n<h2>Jak by\u0142o w szkole?<\/h2>\n<p>System bardzo r\u00f3\u017cni si\u0119 od tego, do kt\u00f3rego przywyk\u0142am we W\u0142oszech. To by\u0142a super zorganizowana szko\u0142a. Da\u0142a mi mo\u017cliwo\u015b\u0107 uprawiania tak wielu zaj\u0119\u0107: r\u00f3\u017cnych sport\u00f3w, kurs\u00f3w j\u0119zykowych, praktycznych warsztat\u00f3w z dziennikarstwa, fotografii, sztuki, matematyki i geografii, mo\u017cliwo\u015b\u0107 wyst\u0119pu na koncercie na koniec roku, bior\u0105c udzia\u0142 w lekcjach \u015bpiewu i muzyki, i wiele wi\u0119cej! Bra\u0142am udzia\u0142 w kursie dziennikarskim i fotograficznym, a tak\u017ce w lekcjach siatk\u00f3wki i ta\u0144ca.<\/p>\n<h2>Jakie jest Twoje najlepsze wspomnienie?<\/h2>\n<p>Gdybym mia\u0142a m\u00f3wi\u0107 o najlepszych wspomnieniach z mojego roku za granic\u0105, musia\u0142abym stworzy\u0107 bardzo d\u0142ug\u0105 list\u0119. M\u00f3g\u0142abym m\u00f3wi\u0107 o wycieczce szkolnej do Berlina z moj\u0105 klas\u0105, wakacjach w Berlinie z moj\u0105 rodzin\u0105 goszcz\u0105c\u0105 lub obozie STS w Pary\u017cu. Jednym z moment\u00f3w, kt\u00f3re najbardziej utkwi\u0142y mi w sercu, by\u0142y moje 18. urodziny. By\u0142am troch\u0119 smutna, poniewa\u017c we W\u0142oszech jest to bardzo wa\u017cne \u015bwi\u0119to i t\u0119skni\u0142am za przyjaci\u00f3\u0142mi, a zw\u0142aszcza za rodzin\u0105. Ale dzi\u0119ki moim przyjacio\u0142om i fantastycznej rodzinie goszcz\u0105cej mia\u0142am przyj\u0119cie urodzinowe, o kt\u00f3rym zawsze marzy\u0142am, z lud\u017ami, na kt\u00f3rych najbardziej mi zale\u017ca\u0142o.<\/p>\n<h2>Jak wymiana wp\u0142ynie na Twoj\u0105 przysz\u0142o\u015b\u0107?<\/h2>\n<p>Dzi\u0119ki temu rokowi za granic\u0105 odkry\u0142am siebie na nowo i zrozumia\u0142am, co chc\u0119 robi\u0107 w przysz\u0142o\u015bci. Po powrocie z Niemiec zacz\u0119\u0142am ostatni rok liceum, zda\u0142am certyfikaty z j\u0119zyka niemieckiego B1 i B2 w Instytucie Goethego, a za nieca\u0142e dwa miesi\u0105ce zdam matur\u0119. We wrze\u015bniu wr\u00f3c\u0119 do Niemiec, gdzie sp\u0119dz\u0119 rok jako Au Pair. W mi\u0119dzyczasie b\u0119d\u0119 uczy\u0107 si\u0119 do certyfikatu C1 z j\u0119zyka niemieckiego, kt\u00f3ry pomo\u017ce mi dosta\u0107 si\u0119 na uniwersytet, na kt\u00f3ry chcia\u0142abym ucz\u0119szcza\u0107 w Monachium. Jestem bardzo zdeterminowana, aby osi\u0105gn\u0105\u0107 ten cel i je\u015bli osi\u0105gn\u0119\u0142am ten punkt teraz, to g\u0142\u00f3wnie dzi\u0119ki mojej rodzinie i wszystkim pracownikom STS, kt\u00f3rzy spe\u0142nili moje najwi\u0119ksze marzenie i zawsze mnie wspierali.<\/p>\n<h2>Twoja najlepsza rada?<\/h2>\n<ol><li>To jest do\u015bwiadczenie raz w \u017cyciu, wi\u0119c zr\u00f3b to! Nie b\u00f3j si\u0119, wsi\u0105d\u017a do samolotu i spe\u0142nij swoje marzenie. To sprawi, \u017ce si\u0119 rozwiniesz; staniesz si\u0119 bardziej dojrza\u0142a i odpowiedzialna, nauczysz si\u0119 \u017cy\u0107 i szanowa\u0107 zwyczaje i tradycje inne ni\u017c twoje, zyskasz drug\u0105 rodzin\u0119 i poznasz wielu nowych przyjaci\u00f3\u0142. Jestem teraz zakochana w Niemczech i t\u0119skni\u0119 za nimi coraz bardziej ka\u017cdego dnia, odk\u0105d wyjecha\u0142am.<\/li>\n<li>Gor\u0105co polecam przysz\u0142ym uczniom z wymiany aktywny udzia\u0142 w zaj\u0119ciach szkolnych, zw\u0142aszcza je\u015bli wyniki w nauce nie mog\u0105 by\u0107 wysokie z powodu trudno\u015bci j\u0119zykowych. Udzia\u0142 i zainteresowanie na pewno zostan\u0105 docenione i nagrodzone!<\/li>\n<li>Nie postrzegaj ko\u0144ca roku wymiany jako smutnej rzeczy, ale raczej doceniaj to do\u015bwiadczenie, kt\u00f3re z pewno\u015bci\u0105 otworzy przed Tob\u0105 wiele mo\u017cliwo\u015bci w przysz\u0142o\u015bci!<\/li><\/ol>\n<h2>Dowiedz si\u0119 wi\u0119cej<\/h2>\n<ul><li>Przeczytaj wi\u0119cej <a href=\"https:\/\/www.sts-education.com\/pl\/szkola-srednia\/uczniowie-na-wymianie\/historie-uczniow\/?hashtag=Niemcy\">historii uczni\u00f3w z Niemiec<\/a><\/li>\n<li>Przeczytaj wi\u0119cej o <a href=\"https:\/\/www.sts-education.com\/pl\/szkola-srednia\/kierunki-wyjazdowe\/europa\/niemcy\/\">wymianie licealnej w Niemczech<\/a><\/li>\n<li>Zobacz <a href=\"\/pl\/high-school\/tripfinder\/\">wszystkie miejsca docelowe naszych wymian licealnych<\/a><\/li><\/ul>\n<\/div><\/div><\/div>\n","protected":false},"excerpt":{"rendered":"","protected":false},"author":20,"featured_media":14458,"comment_status":"open","ping_status":"open","sticky":false,"template":"","format":"standard","meta":{"_acf_changed":false,"_yoast_wpseo_title":"Vittoria wyjecha\u0142a na wymian\u0119 w Niemczech","_yoast_wpseo_metadesc":"Sp\u0119dzi\u0142am 11 miesi\u0119cy w Starnbergu, ma\u0142ym miasteczku po\u0142o\u017conym 30 minut od Monachium w Bawarii. To by\u0142o najlepsze do\u015bwiadczenie w moim dotychczasowym \u017cyciu.","footnotes":""},"categories":[265],"tags":[1020],"wpw_post_folders":[],"class_list":["post-11131","post","type-post","status-publish","format-standard","has-post-thumbnail","hentry","category-bez-kategorii","tag-niemcy"],"acf":[],"yoast_head":"<!-- This site is optimized with the Yoast SEO Premium plugin v27.2 (Yoast SEO v27.2) - https:\/\/yoast.com\/product\/yoast-seo-premium-wordpress\/ -->\n<title>Vittoria wyjecha\u0142a na wymian\u0119 w Niemczech<\/title>\n<meta name=\"description\" content=\"Sp\u0119dzi\u0142am 11 miesi\u0119cy w Starnbergu, ma\u0142ym miasteczku po\u0142o\u017conym 30 minut od Monachium w Bawarii. To by\u0142o najlepsze do\u015bwiadczenie w moim dotychczasowym \u017cyciu.\" \/>\n<meta name=\"robots\" content=\"index, follow, max-snippet:-1, max-image-preview:large, max-video-preview:-1\" \/>\n<link rel=\"canonical\" href=\"https:\/\/www.sts-education.com\/pl\/szkola-srednia\/uczniowie-na-wymianie\/historie-uczniow\/vittoria-wyjechala-na-wymiane-w-niemczech\/\" \/>\n<meta property=\"og:locale\" content=\"pl_PL\" \/>\n<meta property=\"og:type\" content=\"article\" \/>\n<meta property=\"og:title\" content=\"Vittoria Wyjechala Na Wymiane W Niemczech\" \/>\n<meta property=\"og:description\" content=\"Sp\u0119dzi\u0142am 11 miesi\u0119cy w Starnbergu, ma\u0142ym miasteczku po\u0142o\u017conym 30 minut od Monachium w Bawarii. To by\u0142o najlepsze do\u015bwiadczenie w moim dotychczasowym \u017cyciu.\" \/>\n<meta property=\"og:url\" content=\"https:\/\/www.sts-education.com\/pl\/szkola-srednia\/uczniowie-na-wymianie\/historie-uczniow\/vittoria-wyjechala-na-wymiane-w-niemczech\/\" \/>\n<meta property=\"og:site_name\" content=\"STS Education\" \/>\n<meta property=\"article:published_time\" content=\"2023-05-02T10:00:00+00:00\" \/>\n<meta property=\"article:modified_time\" content=\"2026-04-14T10:23:43+00:00\" \/>\n<meta property=\"og:image\" content=\"https:\/\/powered-by.qbank.se\/educatius\/sts\/\/ca9fb1d01fb6c899ef4095abc2d3ea13_1-1-thumb.webp\" \/>\n\t<meta property=\"og:image:width\" content=\"150\" \/>\n\t<meta property=\"og:image:height\" content=\"150\" \/>\n\t<meta property=\"og:image:type\" content=\"image\/jpeg\" \/>\n<meta name=\"author\" content=\"syncreadwrite\" \/>\n<meta name=\"twitter:card\" content=\"summary_large_image\" \/>\n<meta name=\"twitter:label1\" content=\"Napisane przez\" \/>\n\t<meta name=\"twitter:data1\" content=\"syncreadwrite\" \/>\n\t<meta name=\"twitter:label2\" content=\"Szacowany czas czytania\" \/>\n\t<meta name=\"twitter:data2\" content=\"5 minut\" \/>\n<script type=\"application\/ld+json\" class=\"yoast-schema-graph\">{\"@context\":\"https:\/\/schema.org\",\"@graph\":[{\"@type\":\"Article\",\"@id\":\"https:\/\/www.sts-education.com\/pl\/szkola-srednia\/uczniowie-na-wymianie\/historie-uczniow\/vittoria-wyjechala-na-wymiane-w-niemczech\/#article\",\"isPartOf\":{\"@id\":\"https:\/\/www.sts-education.com\/pl\/szkola-srednia\/uczniowie-na-wymianie\/historie-uczniow\/vittoria-wyjechala-na-wymiane-w-niemczech\/\"},\"author\":{\"name\":\"syncreadwrite\",\"@id\":\"https:\/\/www.sts-education.com\/pl\/#\/schema\/person\/8b82f3a2e45f020b8f296d7a85d9a97c\"},\"headline\":\"Vittoria Wyjechala Na Wymiane W Niemczech\",\"datePublished\":\"2023-05-02T10:00:00+00:00\",\"dateModified\":\"2026-04-14T10:23:43+00:00\",\"mainEntityOfPage\":{\"@id\":\"https:\/\/www.sts-education.com\/pl\/szkola-srednia\/uczniowie-na-wymianie\/historie-uczniow\/vittoria-wyjechala-na-wymiane-w-niemczech\/\"},\"wordCount\":909,\"commentCount\":0,\"image\":{\"@id\":\"https:\/\/www.sts-education.com\/pl\/szkola-srednia\/uczniowie-na-wymianie\/historie-uczniow\/vittoria-wyjechala-na-wymiane-w-niemczech\/#primaryimage\"},\"thumbnailUrl\":\"https:\/\/powered-by.qbank.se\/educatius\/sts\/\/ca9fb1d01fb6c899ef4095abc2d3ea13_1-1-thumb.webp\",\"keywords\":[\"Niemcy\"],\"inLanguage\":\"pl-PL\",\"potentialAction\":[{\"@type\":\"CommentAction\",\"name\":\"Comment\",\"target\":[\"https:\/\/www.sts-education.com\/pl\/szkola-srednia\/uczniowie-na-wymianie\/historie-uczniow\/vittoria-wyjechala-na-wymiane-w-niemczech\/#respond\"]}]},{\"@type\":\"WebPage\",\"@id\":\"https:\/\/www.sts-education.com\/pl\/szkola-srednia\/uczniowie-na-wymianie\/historie-uczniow\/vittoria-wyjechala-na-wymiane-w-niemczech\/\",\"url\":\"https:\/\/www.sts-education.com\/pl\/szkola-srednia\/uczniowie-na-wymianie\/historie-uczniow\/vittoria-wyjechala-na-wymiane-w-niemczech\/\",\"name\":\"Vittoria wyjecha\u0142a na wymian\u0119 w Niemczech\",\"isPartOf\":{\"@id\":\"https:\/\/www.sts-education.com\/pl\/#website\"},\"primaryImageOfPage\":{\"@id\":\"https:\/\/www.sts-education.com\/pl\/szkola-srednia\/uczniowie-na-wymianie\/historie-uczniow\/vittoria-wyjechala-na-wymiane-w-niemczech\/#primaryimage\"},\"image\":{\"@id\":\"https:\/\/www.sts-education.com\/pl\/szkola-srednia\/uczniowie-na-wymianie\/historie-uczniow\/vittoria-wyjechala-na-wymiane-w-niemczech\/#primaryimage\"},\"thumbnailUrl\":\"https:\/\/powered-by.qbank.se\/educatius\/sts\/\/ca9fb1d01fb6c899ef4095abc2d3ea13_1-1-thumb.webp\",\"datePublished\":\"2023-05-02T10:00:00+00:00\",\"dateModified\":\"2026-04-14T10:23:43+00:00\",\"author\":{\"@id\":\"https:\/\/www.sts-education.com\/pl\/#\/schema\/person\/8b82f3a2e45f020b8f296d7a85d9a97c\"},\"description\":\"Sp\u0119dzi\u0142am 11 miesi\u0119cy w Starnbergu, ma\u0142ym miasteczku po\u0142o\u017conym 30 minut od Monachium w Bawarii. To by\u0142o najlepsze do\u015bwiadczenie w moim dotychczasowym \u017cyciu.\",\"breadcrumb\":{\"@id\":\"https:\/\/www.sts-education.com\/pl\/szkola-srednia\/uczniowie-na-wymianie\/historie-uczniow\/vittoria-wyjechala-na-wymiane-w-niemczech\/#breadcrumb\"},\"inLanguage\":\"pl-PL\",\"potentialAction\":[{\"@type\":\"ReadAction\",\"target\":[\"https:\/\/www.sts-education.com\/pl\/szkola-srednia\/uczniowie-na-wymianie\/historie-uczniow\/vittoria-wyjechala-na-wymiane-w-niemczech\/\"]}]},{\"@type\":\"ImageObject\",\"inLanguage\":\"pl-PL\",\"@id\":\"https:\/\/www.sts-education.com\/pl\/szkola-srednia\/uczniowie-na-wymianie\/historie-uczniow\/vittoria-wyjechala-na-wymiane-w-niemczech\/#primaryimage\",\"url\":\"https:\/\/powered-by.qbank.se\/educatius\/sts\/\/ca9fb1d01fb6c899ef4095abc2d3ea13_1-1-thumb.webp\",\"contentUrl\":\"https:\/\/powered-by.qbank.se\/educatius\/sts\/\/ca9fb1d01fb6c899ef4095abc2d3ea13_1-1-thumb.webp\",\"width\":150,\"height\":150},{\"@type\":\"BreadcrumbList\",\"@id\":\"https:\/\/www.sts-education.com\/pl\/szkola-srednia\/uczniowie-na-wymianie\/historie-uczniow\/vittoria-wyjechala-na-wymiane-w-niemczech\/#breadcrumb\",\"itemListElement\":[{\"@type\":\"ListItem\",\"position\":1,\"name\":\"Home\",\"item\":\"https:\/\/www.sts-education.com\/pl\/\"},{\"@type\":\"ListItem\",\"position\":2,\"name\":\"Vittoria Wyjechala Na Wymiane W Niemczech\"}]},{\"@type\":\"WebSite\",\"@id\":\"https:\/\/www.sts-education.com\/pl\/#website\",\"url\":\"https:\/\/www.sts-education.com\/pl\/\",\"name\":\"STS Education\",\"description\":\"\",\"potentialAction\":[{\"@type\":\"SearchAction\",\"target\":{\"@type\":\"EntryPoint\",\"urlTemplate\":\"https:\/\/www.sts-education.com\/pl\/?s={search_term_string}\"},\"query-input\":{\"@type\":\"PropertyValueSpecification\",\"valueRequired\":true,\"valueName\":\"search_term_string\"}}],\"inLanguage\":\"pl-PL\"},{\"@type\":\"Person\",\"@id\":\"https:\/\/www.sts-education.com\/pl\/#\/schema\/person\/8b82f3a2e45f020b8f296d7a85d9a97c\",\"name\":\"syncreadwrite\",\"image\":{\"@type\":\"ImageObject\",\"inLanguage\":\"pl-PL\",\"@id\":\"https:\/\/secure.gravatar.com\/avatar\/6ed1007e4f6f43f22e3df41d9fce4365533cba47fef64bb359b8e629abbc2ea6?s=96&d=mm&r=g\",\"url\":\"https:\/\/secure.gravatar.com\/avatar\/6ed1007e4f6f43f22e3df41d9fce4365533cba47fef64bb359b8e629abbc2ea6?s=96&d=mm&r=g\",\"contentUrl\":\"https:\/\/secure.gravatar.com\/avatar\/6ed1007e4f6f43f22e3df41d9fce4365533cba47fef64bb359b8e629abbc2ea6?s=96&d=mm&r=g\",\"caption\":\"syncreadwrite\"},\"url\":\"https:\/\/www.sts-education.com\/pl\/author\/syncreadwrite\/\"}]}<\/script>\n<!-- \/ Yoast SEO Premium plugin. -->","yoast_head_json":{"title":"Vittoria wyjecha\u0142a na wymian\u0119 w Niemczech","description":"Sp\u0119dzi\u0142am 11 miesi\u0119cy w Starnbergu, ma\u0142ym miasteczku po\u0142o\u017conym 30 minut od Monachium w Bawarii. To by\u0142o najlepsze do\u015bwiadczenie w moim dotychczasowym \u017cyciu.","robots":{"index":"index","follow":"follow","max-snippet":"max-snippet:-1","max-image-preview":"max-image-preview:large","max-video-preview":"max-video-preview:-1"},"canonical":"https:\/\/www.sts-education.com\/pl\/szkola-srednia\/uczniowie-na-wymianie\/historie-uczniow\/vittoria-wyjechala-na-wymiane-w-niemczech\/","og_locale":"pl_PL","og_type":"article","og_title":"Vittoria Wyjechala Na Wymiane W Niemczech","og_description":"Sp\u0119dzi\u0142am 11 miesi\u0119cy w Starnbergu, ma\u0142ym miasteczku po\u0142o\u017conym 30 minut od Monachium w Bawarii. To by\u0142o najlepsze do\u015bwiadczenie w moim dotychczasowym \u017cyciu.","og_url":"https:\/\/www.sts-education.com\/pl\/szkola-srednia\/uczniowie-na-wymianie\/historie-uczniow\/vittoria-wyjechala-na-wymiane-w-niemczech\/","og_site_name":"STS Education","article_published_time":"2023-05-02T10:00:00+00:00","article_modified_time":"2026-04-14T10:23:43+00:00","og_image":[{"width":150,"height":150,"url":"https:\/\/powered-by.qbank.se\/educatius\/sts\/\/ca9fb1d01fb6c899ef4095abc2d3ea13_1-1-thumb.webp","type":"image\/jpeg"}],"author":"syncreadwrite","twitter_card":"summary_large_image","twitter_misc":{"Napisane przez":"syncreadwrite","Szacowany czas czytania":"5 minut"},"schema":{"@context":"https:\/\/schema.org","@graph":[{"@type":"Article","@id":"https:\/\/www.sts-education.com\/pl\/szkola-srednia\/uczniowie-na-wymianie\/historie-uczniow\/vittoria-wyjechala-na-wymiane-w-niemczech\/#article","isPartOf":{"@id":"https:\/\/www.sts-education.com\/pl\/szkola-srednia\/uczniowie-na-wymianie\/historie-uczniow\/vittoria-wyjechala-na-wymiane-w-niemczech\/"},"author":{"name":"syncreadwrite","@id":"https:\/\/www.sts-education.com\/pl\/#\/schema\/person\/8b82f3a2e45f020b8f296d7a85d9a97c"},"headline":"Vittoria Wyjechala Na Wymiane W Niemczech","datePublished":"2023-05-02T10:00:00+00:00","dateModified":"2026-04-14T10:23:43+00:00","mainEntityOfPage":{"@id":"https:\/\/www.sts-education.com\/pl\/szkola-srednia\/uczniowie-na-wymianie\/historie-uczniow\/vittoria-wyjechala-na-wymiane-w-niemczech\/"},"wordCount":909,"commentCount":0,"image":{"@id":"https:\/\/www.sts-education.com\/pl\/szkola-srednia\/uczniowie-na-wymianie\/historie-uczniow\/vittoria-wyjechala-na-wymiane-w-niemczech\/#primaryimage"},"thumbnailUrl":"https:\/\/powered-by.qbank.se\/educatius\/sts\/\/ca9fb1d01fb6c899ef4095abc2d3ea13_1-1-thumb.webp","keywords":["Niemcy"],"inLanguage":"pl-PL","potentialAction":[{"@type":"CommentAction","name":"Comment","target":["https:\/\/www.sts-education.com\/pl\/szkola-srednia\/uczniowie-na-wymianie\/historie-uczniow\/vittoria-wyjechala-na-wymiane-w-niemczech\/#respond"]}]},{"@type":"WebPage","@id":"https:\/\/www.sts-education.com\/pl\/szkola-srednia\/uczniowie-na-wymianie\/historie-uczniow\/vittoria-wyjechala-na-wymiane-w-niemczech\/","url":"https:\/\/www.sts-education.com\/pl\/szkola-srednia\/uczniowie-na-wymianie\/historie-uczniow\/vittoria-wyjechala-na-wymiane-w-niemczech\/","name":"Vittoria wyjecha\u0142a na wymian\u0119 w Niemczech","isPartOf":{"@id":"https:\/\/www.sts-education.com\/pl\/#website"},"primaryImageOfPage":{"@id":"https:\/\/www.sts-education.com\/pl\/szkola-srednia\/uczniowie-na-wymianie\/historie-uczniow\/vittoria-wyjechala-na-wymiane-w-niemczech\/#primaryimage"},"image":{"@id":"https:\/\/www.sts-education.com\/pl\/szkola-srednia\/uczniowie-na-wymianie\/historie-uczniow\/vittoria-wyjechala-na-wymiane-w-niemczech\/#primaryimage"},"thumbnailUrl":"https:\/\/powered-by.qbank.se\/educatius\/sts\/\/ca9fb1d01fb6c899ef4095abc2d3ea13_1-1-thumb.webp","datePublished":"2023-05-02T10:00:00+00:00","dateModified":"2026-04-14T10:23:43+00:00","author":{"@id":"https:\/\/www.sts-education.com\/pl\/#\/schema\/person\/8b82f3a2e45f020b8f296d7a85d9a97c"},"description":"Sp\u0119dzi\u0142am 11 miesi\u0119cy w Starnbergu, ma\u0142ym miasteczku po\u0142o\u017conym 30 minut od Monachium w Bawarii. To by\u0142o najlepsze do\u015bwiadczenie w moim dotychczasowym \u017cyciu.","breadcrumb":{"@id":"https:\/\/www.sts-education.com\/pl\/szkola-srednia\/uczniowie-na-wymianie\/historie-uczniow\/vittoria-wyjechala-na-wymiane-w-niemczech\/#breadcrumb"},"inLanguage":"pl-PL","potentialAction":[{"@type":"ReadAction","target":["https:\/\/www.sts-education.com\/pl\/szkola-srednia\/uczniowie-na-wymianie\/historie-uczniow\/vittoria-wyjechala-na-wymiane-w-niemczech\/"]}]},{"@type":"ImageObject","inLanguage":"pl-PL","@id":"https:\/\/www.sts-education.com\/pl\/szkola-srednia\/uczniowie-na-wymianie\/historie-uczniow\/vittoria-wyjechala-na-wymiane-w-niemczech\/#primaryimage","url":"https:\/\/powered-by.qbank.se\/educatius\/sts\/\/ca9fb1d01fb6c899ef4095abc2d3ea13_1-1-thumb.webp","contentUrl":"https:\/\/powered-by.qbank.se\/educatius\/sts\/\/ca9fb1d01fb6c899ef4095abc2d3ea13_1-1-thumb.webp","width":150,"height":150},{"@type":"BreadcrumbList","@id":"https:\/\/www.sts-education.com\/pl\/szkola-srednia\/uczniowie-na-wymianie\/historie-uczniow\/vittoria-wyjechala-na-wymiane-w-niemczech\/#breadcrumb","itemListElement":[{"@type":"ListItem","position":1,"name":"Home","item":"https:\/\/www.sts-education.com\/pl\/"},{"@type":"ListItem","position":2,"name":"Vittoria Wyjechala Na Wymiane W Niemczech"}]},{"@type":"WebSite","@id":"https:\/\/www.sts-education.com\/pl\/#website","url":"https:\/\/www.sts-education.com\/pl\/","name":"STS Education","description":"","potentialAction":[{"@type":"SearchAction","target":{"@type":"EntryPoint","urlTemplate":"https:\/\/www.sts-education.com\/pl\/?s={search_term_string}"},"query-input":{"@type":"PropertyValueSpecification","valueRequired":true,"valueName":"search_term_string"}}],"inLanguage":"pl-PL"},{"@type":"Person","@id":"https:\/\/www.sts-education.com\/pl\/#\/schema\/person\/8b82f3a2e45f020b8f296d7a85d9a97c","name":"syncreadwrite","image":{"@type":"ImageObject","inLanguage":"pl-PL","@id":"https:\/\/secure.gravatar.com\/avatar\/6ed1007e4f6f43f22e3df41d9fce4365533cba47fef64bb359b8e629abbc2ea6?s=96&d=mm&r=g","url":"https:\/\/secure.gravatar.com\/avatar\/6ed1007e4f6f43f22e3df41d9fce4365533cba47fef64bb359b8e629abbc2ea6?s=96&d=mm&r=g","contentUrl":"https:\/\/secure.gravatar.com\/avatar\/6ed1007e4f6f43f22e3df41d9fce4365533cba47fef64bb359b8e629abbc2ea6?s=96&d=mm&r=g","caption":"syncreadwrite"},"url":"https:\/\/www.sts-education.com\/pl\/author\/syncreadwrite\/"}]}},"_links":{"self":[{"href":"https:\/\/www.sts-education.com\/pl\/wp-json\/wp\/v2\/posts\/11131","targetHints":{"allow":["GET"]}}],"collection":[{"href":"https:\/\/www.sts-education.com\/pl\/wp-json\/wp\/v2\/posts"}],"about":[{"href":"https:\/\/www.sts-education.com\/pl\/wp-json\/wp\/v2\/types\/post"}],"author":[{"embeddable":true,"href":"https:\/\/www.sts-education.com\/pl\/wp-json\/wp\/v2\/users\/20"}],"replies":[{"embeddable":true,"href":"https:\/\/www.sts-education.com\/pl\/wp-json\/wp\/v2\/comments?post=11131"}],"version-history":[{"count":4,"href":"https:\/\/www.sts-education.com\/pl\/wp-json\/wp\/v2\/posts\/11131\/revisions"}],"predecessor-version":[{"id":34435,"href":"https:\/\/www.sts-education.com\/pl\/wp-json\/wp\/v2\/posts\/11131\/revisions\/34435"}],"wp:featuredmedia":[{"embeddable":true,"href":"https:\/\/www.sts-education.com\/pl\/wp-json\/wp\/v2\/media\/14458"}],"wp:attachment":[{"href":"https:\/\/www.sts-education.com\/pl\/wp-json\/wp\/v2\/media?parent=11131"}],"wp:term":[{"taxonomy":"category","embeddable":true,"href":"https:\/\/www.sts-education.com\/pl\/wp-json\/wp\/v2\/categories?post=11131"},{"taxonomy":"post_tag","embeddable":true,"href":"https:\/\/www.sts-education.com\/pl\/wp-json\/wp\/v2\/tags?post=11131"},{"taxonomy":"wpw_post_folders","embeddable":true,"href":"https:\/\/www.sts-education.com\/pl\/wp-json\/wp\/v2\/wpw_post_folders?post=11131"}],"curies":[{"name":"wp","href":"https:\/\/api.w.org\/{rel}","templated":true}]}}