{"id":11132,"date":"2023-05-02T10:00:00","date_gmt":"2023-05-02T10:00:00","guid":{"rendered":"https:\/\/preprod.sts-education.com\/blog\/2026\/03\/05\/jenny-wybrala-studia-w-kostaryce\/"},"modified":"2026-04-14T10:23:42","modified_gmt":"2026-04-14T10:23:42","slug":"jenny-wybrala-studia-w-kostaryce","status":"publish","type":"post","link":"https:\/\/www.sts-education.com\/pl\/szkola-srednia\/uczniowie-na-wymianie\/historie-uczniow\/jenny-wybrala-studia-w-kostaryce\/","title":{"rendered":"Jenny Wybrala Studia W Kostaryce"},"content":{"rendered":"\n<div class=\"wp-block-sts-text sts-text-editor has-max-width-md\"><div class=\"sts-text-editor__content\"><div class=\"sts-text-editor__content-inner\">\n<h1 style=\"text-align:center\">Jenny wybra\u0142 studia w Kostaryce<\/h1>\n<\/div><\/div><\/div>\n\n\n\n<div class=\"wp-block-sts-text sts-text-editor has-max-width-md\"><div class=\"sts-text-editor__content\"><div class=\"sts-text-editor__content-inner\">\n<p><em>Jenny z Norwegii wyjecha\u0142a na wymian\u0119 do Kostaryki. Zapytali\u015bmy j\u0105 o jej do\u015bwiadczenia.<\/em><\/p>\n<h2>Dlaczego pojecha\u0142a\u015b na wymian\u0119?<\/h2>\n<p>Zawsze chcia\u0142am pojecha\u0107 na wymian\u0119, zacz\u0119\u0142o si\u0119 to, gdy by\u0142am ma\u0142a. Moje siostry opowiada\u0142y mi o swoich wymianach i do\u015bwiadczeniach zwi\u0105zanych z podr\u00f3\u017cowaniem po \u015bwiecie. Moim marzeniem zawsze by\u0142o podr\u00f3\u017cowanie, a rok na wymianie to idealny spos\u00f3b, aby to zrobi\u0107. Da\u0142o mi to r\u00f3wnie\u017c mo\u017cliwo\u015b\u0107 zobaczenia, jak wygl\u0105da szko\u0142a \u015brednia w innym kraju i jak r\u00f3\u017cne \u017cycie prowadz\u0105 inni nastolatkowie. Rok na wymianie nauczy\u0142 mnie o \u015bwiecie w inny spos\u00f3b ni\u017c siedzenie w szkolnej \u0142awce w Norwegii.<\/p>\n<h2>Gdzie pojecha\u0142a\u015b i dlaczego?<\/h2>\n<p>Pojecha\u0142am do Kostaryki, poniewa\u017c chcia\u0142am nauczy\u0107 si\u0119 hiszpa\u0144skiego orazze wzgl\u0119du na pi\u0119kn\u0105 przyrod\u0119 i kultur\u0119, kt\u00f3ra tak bardzo r\u00f3\u017cni si\u0119 od mojej ojczyzny (Norwegii).<\/p>\n<h2>Jak to by\u0142o mieszka\u0107 z rodzin\u0105 goszcz\u0105c\u0105?<\/h2>\n<p>Moja rodzina goszcz\u0105ca by\u0142a bardzo du\u017ca i ciep\u0142o mnie przywita\u0142a. Nadal utrzymuj\u0119 z nimi kontakt i planujemy, \u017ce ich odwiedz\u0119. Oczywi\u015bcie mieli\u015bmy nieporozumienia z powodu du\u017cych r\u00f3\u017cnic kulturowych, ale og\u00f3lnie wszystko posz\u0142o dobrze i jestem bardzo wdzi\u0119czna, \u017ce mia\u0142am t\u0119 rodzin\u0119 goszcz\u0105c\u0105.<\/p>\n<h2>Jak by\u0142o w szkole?<\/h2>\n<p>Szko\u0142a by\u0142a \u015bwietn\u0105 zabaw\u0105! W mojej szkole by\u0142o mn\u00f3stwo zwierz\u0105t, od krokodyli po szopy. Trafi\u0142am do najlepszej klasy, a moi koledzy z klasy stali si\u0119 moimi najlepszymi przyjaci\u00f3\u0142mi. Wszyscy byli bardzo go\u015bcinni i integracyjni, a w szkole nauczy\u0142am si\u0119hiszpa\u0144skiego. Chodzi\u0142am do szko\u0142y publicznej, a poziom edukacji nie by\u0142 zbyt wysoki, ale wystarczy\u0142, aby nauczy\u0107 si\u0119 j\u0119zyka, du\u017co o kraju i ludziach, kt\u00f3rzy tam mieszkaj\u0105.<\/p>\n<h2>Co robi\u0142a\u015b w wolnym czasie? Jakie\u015b nowe hobby?<\/h2>\n<p>W wolnym czasie pr\u00f3bowa\u0142am wielu zaj\u0119\u0107, takich jak p\u0142ywanie i Tae Bo. Pomaga\u0142am r\u00f3wnie\u017c moim rodzicom goszcz\u0105cym w opiece nad dzie\u0107mi i sp\u0119dza\u0142am du\u017co czasu z rodzin\u0105. Czasami chodzi\u0142am do domu mojego przyjaciela, aby si\u0119 uczy\u0107, poniewa\u017c byli\u015bmy prawie s\u0105siadami.<\/p>\n<h2>Czy \u0142atwo\/trudno by\u0142o zdoby\u0107 przyjaci\u00f3\u0142?<\/h2>\n<p>Dla mnie bardzo \u0142atwo by\u0142o zdoby\u0107 przyjaci\u00f3\u0142. Mia\u0142am szcz\u0119\u015bcie, \u017ce trafi\u0142am do \u015bwietnej klasy, a moi koledzy byli bardzo integracyjni. Nawi\u0105zanie g\u0142\u0119bszych relacji by\u0142o troch\u0119 trudne ze wzgl\u0119du na barier\u0119 j\u0119zykow\u0105. Ale po kilku miesi\u0105cach wszystko sta\u0142o si\u0119 \u0142atwiejsze i nigdy nie mia\u0142em prawdziwych problem\u00f3w z nawi\u0105zywaniem znajomo\u015bci.<\/p>\n<h2>Co by\u0142o dla Ciebie du\u017cym wyzwaniem? Jak sobie z nim poradzi\u0142a\u015b?<\/h2>\n<p>Najwi\u0119kszym wyzwaniem by\u0142 dla mnie j\u0119zyk, ale stopniowo uczy\u0142am si\u0119 hiszpa\u0144skiego. Moja rodzina goszcz\u0105ca i przyjaciele nie znali angielskiego, co &quot;zmusi\u0142o&quot; mnie do nauki j\u0119zyka, poniewa\u017c nie by\u0142o innej opcji. Jestem bardzo dumna z tego, \u017ce nauczy\u0142am si\u0119 j\u0119zyka w ci\u0105gu 10 miesi\u0119cy, a teraz m\u00f3j hiszpa\u0144ski jest lepszy ni\u017c m\u00f3j angielski.<\/p>\n<h2>Co by\u0142o najlepsze w Twoim roku wymiany?<\/h2>\n<p>Najlepsz\u0105 rzecz\u0105 w moim roku wymiany by\u0142o rozwijanie si\u0119 jako osoba i poznawanie \u015bwiata w nowy spos\u00f3b.<\/p>\n<h2>Jakie jest Twoje najlepsze wspomnienie?<\/h2>\n<p>Moim najlepszym wspomnieniem by\u0142a pierwsza wycieczka z innymi studentami z wymiany. Pojechali\u015bmy do Ostional w Guanacaste, jednej z najpi\u0119kniejszych cz\u0119\u015bci kraju. Obudzili\u015bmy si\u0119 o 4 nad ranem, aby zobaczy\u0107 ma\u0142e \u017c\u00f3\u0142wie wchodz\u0105ce do morza. To by\u0142a najlepsza wycieczka w moim \u017cyciu.<\/p>\n<h2>Czego najwi\u0119cej si\u0119 nauczy\u0142a\u015b?<\/h2>\n<p>Moj\u0105 g\u0142\u00f3wn\u0105 nauk\u0105 jest j\u0119zyk i to, \u017ce ludzie s\u0105 r\u00f3\u017cni i to jest w porz\u0105dku. Mo\u017ce by\u0107 trudno dyskutowa\u0107 z lud\u017ami, zw\u0142aszcza ze starszym pokoleniem, kt\u00f3re ma tendencj\u0119 do bycia bardziej tradycyjnym i nie chce s\u0142ysze\u0107 innych opinii. Nauczy\u0142am si\u0119, \u017ce nie jest konieczne dyskutowanie ze wszystkimi, \u017ce nie ka\u017cdy chce zobaczy\u0107 tw\u00f3j punkt widzenia i \u017ce jest to w porz\u0105dku.<\/p>\n<h2>Czy mo\u017cesz poleci\u0107 wyjazd?<\/h2>\n<p>Zdecydowanie tak. Wymiana jest \u015bwietna dla prawie ka\u017cdego, ale polecam Kostaryk\u0119 osobom, kt\u00f3re s\u0105 cierpliwe i ostro\u017cne. Kostaryka to pi\u0119kny kraj, ale niezwykle wa\u017cne jest, aby by\u0107 ostro\u017cnym i przestrzega\u0107 zasad bezpiecze\u0144stwa. Ponadto ludzie mog\u0105 mie\u0107 zupe\u0142nie inne opinie ni\u017c Ty, a r\u00f3\u017cnice kulturowe mog\u0105 by\u0107 bardzo du\u017ce.<\/p>\n<h2>Dlaczego warto wyjecha\u0107 na wymian\u0119?<\/h2>\n<p>Wymiana pomaga lepiej zrozumie\u0107 \u015bwiat, pokazuje pi\u0119kne miejsca i pozwala pozna\u0107 wspania\u0142ych ludzi. Uczysz si\u0119 o \u015bwiecie i jest to jedyne w swoim rodzaju do\u015bwiadczenie.<\/p>\n<h2>Jakie\u015b rady?<\/h2>\n<p>S\u0142uchaj rodziny goszcz\u0105cej i ich rad. Znaj\u0105 kraj i wiedz\u0105, co jest bezpieczne, a co nie.<\/p>\n<h2>Jak wymiana wp\u0142ynie na Twoj\u0105 przysz\u0142o\u015b\u0107?<\/h2>\n<p>C\u00f3\u017c, w\u0142a\u015bnie wr\u00f3ci\u0142am z dwumiesi\u0119cznej wymiany Erasmus do Hiszpanii. Nie s\u0105dz\u0119, \u017ceby tak si\u0119 sta\u0142o bez mojego pobytu w Kostaryce! Teraz jestem w Norwegii przez trzy miesi\u0105ce, aby zda\u0107 egzaminy i uko\u0144czy\u0107 studia. Po uko\u0144czeniu studi\u00f3w w czerwcu wr\u00f3c\u0119 do Kostaryki.<\/p>\n<p>Moja wymiana sprawi\u0142a, \u017ce dojrza\u0142am jako osoba i nawi\u0105za\u0142am kontakt z wieloma lud\u017ami, kt\u00f3rych nie mog\u0119 si\u0119 doczeka\u0107, aby spotka\u0107 ponownie. Moja wymiana da\u0142a mi r\u00f3wnie\u017c poczucie niezale\u017cno\u015bci i czuj\u0119 si\u0119 o wiele pewniej.<\/p>\n<h2>Dlaczego wybra\u0142a\u015b STS?<\/h2>\n<p>Wybra\u0142am STS, poniewa\u017c mieli wiele kraj\u00f3w do wyboru, byli bardzo uprzejmi w sytuacji Covid-19 i pozwolili mi anulowa\u0107 i odzyska\u0107 pieni\u0105dze, na co nie pozwoli\u0142y mi inne organizacje. Podczas rozmowy kwalifikacyjnej odnios\u0142am r\u00f3wnie\u017c bardzo dobre wra\u017cenie o STS. R\u00f3wnie\u017c moja siostra podr\u00f3\u017cowa\u0142a z STS i mia\u0142a dobre do\u015bwiadczenia.<\/p>\n<h2>Czy by\u0142a\u015b zadowolona z STS?<\/h2>\n<p>By\u0142am bardzo zadowolona z STS, tak szcz\u0119\u015bliwa, \u017ce teraz go\u015bcimy studenta z wymiany STS z Meksyku.<\/p>\n<h2>Dowiedz si\u0119 wi\u0119cej<\/h2>\n<ul><li>Przeczytaj wi\u0119cej <a href=\"https:\/\/www.sts-education.com\/pl\/szkola-srednia\/uczniowie-na-wymianie\/historie-uczniow\/?hashtag=Kostaryka\">historii uczni\u00f3w z Kostaryki<\/a><\/li>\n<li>Przeczytaj wi\u0119cej o <a href=\"https:\/\/www.sts-education.com\/pl\/szkola-srednia\/kierunki-wyjazdowe\/ameryka-poludniowa\/kostaryka\/\">wymianie licealnej w Kostaryce<\/a><\/li>\n<li>Zobacz <a href=\"\/pl\/high-school\/tripfinder\/\">wszystkie miejsca docelowe naszych wymian licealnych<\/a><\/li><\/ul>\n<\/div><\/div><\/div>\n","protected":false},"excerpt":{"rendered":"","protected":false},"author":20,"featured_media":14460,"comment_status":"open","ping_status":"open","sticky":false,"template":"","format":"standard","meta":{"_acf_changed":false,"_yoast_wpseo_title":"Jenny wybra\u0142 studia w Kostaryce","_yoast_wpseo_metadesc":"Zawsze chcia\u0142am pojecha\u0107 na wymian\u0119, zacz\u0119\u0142o si\u0119 to, gdy by\u0142am ma\u0142a. Moje siostry opowiada\u0142y mi o swoich wymianach i do\u015bwiadczeniach zwi\u0105zanych z podr\u00f3\u017cowaniem po \u015bwiecie.","footnotes":""},"categories":[265],"tags":[1016],"wpw_post_folders":[],"class_list":["post-11132","post","type-post","status-publish","format-standard","has-post-thumbnail","hentry","category-bez-kategorii","tag-kostaryka"],"acf":[],"yoast_head":"<!-- This site is optimized with the Yoast SEO Premium plugin v27.2 (Yoast SEO v27.2) - https:\/\/yoast.com\/product\/yoast-seo-premium-wordpress\/ -->\n<title>Jenny wybra\u0142 studia w Kostaryce<\/title>\n<meta name=\"description\" content=\"Zawsze chcia\u0142am pojecha\u0107 na wymian\u0119, zacz\u0119\u0142o si\u0119 to, gdy by\u0142am ma\u0142a. Moje siostry opowiada\u0142y mi o swoich wymianach i do\u015bwiadczeniach zwi\u0105zanych z podr\u00f3\u017cowaniem po \u015bwiecie.\" \/>\n<meta name=\"robots\" content=\"index, follow, max-snippet:-1, max-image-preview:large, max-video-preview:-1\" \/>\n<link rel=\"canonical\" href=\"https:\/\/www.sts-education.com\/pl\/szkola-srednia\/uczniowie-na-wymianie\/historie-uczniow\/jenny-wybrala-studia-w-kostaryce\/\" \/>\n<meta property=\"og:locale\" content=\"pl_PL\" \/>\n<meta property=\"og:type\" content=\"article\" \/>\n<meta property=\"og:title\" content=\"Jenny Wybrala Studia W Kostaryce\" \/>\n<meta property=\"og:description\" content=\"Zawsze chcia\u0142am pojecha\u0107 na wymian\u0119, zacz\u0119\u0142o si\u0119 to, gdy by\u0142am ma\u0142a. Moje siostry opowiada\u0142y mi o swoich wymianach i do\u015bwiadczeniach zwi\u0105zanych z podr\u00f3\u017cowaniem po \u015bwiecie.\" \/>\n<meta property=\"og:url\" content=\"https:\/\/www.sts-education.com\/pl\/szkola-srednia\/uczniowie-na-wymianie\/historie-uczniow\/jenny-wybrala-studia-w-kostaryce\/\" \/>\n<meta property=\"og:site_name\" content=\"STS Education\" \/>\n<meta property=\"article:published_time\" content=\"2023-05-02T10:00:00+00:00\" \/>\n<meta property=\"article:modified_time\" content=\"2026-04-14T10:23:42+00:00\" \/>\n<meta property=\"og:image\" content=\"https:\/\/powered-by.qbank.se\/educatius\/sts\/\/c05556c0b8b22d19da665af35946abf7_1-1-thumb.webp\" \/>\n\t<meta property=\"og:image:width\" content=\"150\" \/>\n\t<meta property=\"og:image:height\" content=\"150\" \/>\n\t<meta property=\"og:image:type\" content=\"image\/jpeg\" \/>\n<meta name=\"author\" content=\"syncreadwrite\" \/>\n<meta name=\"twitter:card\" content=\"summary_large_image\" \/>\n<meta name=\"twitter:label1\" content=\"Napisane przez\" \/>\n\t<meta name=\"twitter:data1\" content=\"syncreadwrite\" \/>\n\t<meta name=\"twitter:label2\" content=\"Szacowany czas czytania\" \/>\n\t<meta name=\"twitter:data2\" content=\"5 minut\" \/>\n<script type=\"application\/ld+json\" class=\"yoast-schema-graph\">{\"@context\":\"https:\/\/schema.org\",\"@graph\":[{\"@type\":\"Article\",\"@id\":\"https:\/\/www.sts-education.com\/pl\/szkola-srednia\/uczniowie-na-wymianie\/historie-uczniow\/jenny-wybrala-studia-w-kostaryce\/#article\",\"isPartOf\":{\"@id\":\"https:\/\/www.sts-education.com\/pl\/szkola-srednia\/uczniowie-na-wymianie\/historie-uczniow\/jenny-wybrala-studia-w-kostaryce\/\"},\"author\":{\"name\":\"syncreadwrite\",\"@id\":\"https:\/\/www.sts-education.com\/pl\/#\/schema\/person\/8b82f3a2e45f020b8f296d7a85d9a97c\"},\"headline\":\"Jenny Wybrala Studia W Kostaryce\",\"datePublished\":\"2023-05-02T10:00:00+00:00\",\"dateModified\":\"2026-04-14T10:23:42+00:00\",\"mainEntityOfPage\":{\"@id\":\"https:\/\/www.sts-education.com\/pl\/szkola-srednia\/uczniowie-na-wymianie\/historie-uczniow\/jenny-wybrala-studia-w-kostaryce\/\"},\"wordCount\":1024,\"commentCount\":0,\"image\":{\"@id\":\"https:\/\/www.sts-education.com\/pl\/szkola-srednia\/uczniowie-na-wymianie\/historie-uczniow\/jenny-wybrala-studia-w-kostaryce\/#primaryimage\"},\"thumbnailUrl\":\"https:\/\/powered-by.qbank.se\/educatius\/sts\/\/c05556c0b8b22d19da665af35946abf7_1-1-thumb.webp\",\"keywords\":[\"Kostaryka\"],\"inLanguage\":\"pl-PL\",\"potentialAction\":[{\"@type\":\"CommentAction\",\"name\":\"Comment\",\"target\":[\"https:\/\/www.sts-education.com\/pl\/szkola-srednia\/uczniowie-na-wymianie\/historie-uczniow\/jenny-wybrala-studia-w-kostaryce\/#respond\"]}]},{\"@type\":\"WebPage\",\"@id\":\"https:\/\/www.sts-education.com\/pl\/szkola-srednia\/uczniowie-na-wymianie\/historie-uczniow\/jenny-wybrala-studia-w-kostaryce\/\",\"url\":\"https:\/\/www.sts-education.com\/pl\/szkola-srednia\/uczniowie-na-wymianie\/historie-uczniow\/jenny-wybrala-studia-w-kostaryce\/\",\"name\":\"Jenny wybra\u0142 studia w Kostaryce\",\"isPartOf\":{\"@id\":\"https:\/\/www.sts-education.com\/pl\/#website\"},\"primaryImageOfPage\":{\"@id\":\"https:\/\/www.sts-education.com\/pl\/szkola-srednia\/uczniowie-na-wymianie\/historie-uczniow\/jenny-wybrala-studia-w-kostaryce\/#primaryimage\"},\"image\":{\"@id\":\"https:\/\/www.sts-education.com\/pl\/szkola-srednia\/uczniowie-na-wymianie\/historie-uczniow\/jenny-wybrala-studia-w-kostaryce\/#primaryimage\"},\"thumbnailUrl\":\"https:\/\/powered-by.qbank.se\/educatius\/sts\/\/c05556c0b8b22d19da665af35946abf7_1-1-thumb.webp\",\"datePublished\":\"2023-05-02T10:00:00+00:00\",\"dateModified\":\"2026-04-14T10:23:42+00:00\",\"author\":{\"@id\":\"https:\/\/www.sts-education.com\/pl\/#\/schema\/person\/8b82f3a2e45f020b8f296d7a85d9a97c\"},\"description\":\"Zawsze chcia\u0142am pojecha\u0107 na wymian\u0119, zacz\u0119\u0142o si\u0119 to, gdy by\u0142am ma\u0142a. Moje siostry opowiada\u0142y mi o swoich wymianach i do\u015bwiadczeniach zwi\u0105zanych z podr\u00f3\u017cowaniem po \u015bwiecie.\",\"breadcrumb\":{\"@id\":\"https:\/\/www.sts-education.com\/pl\/szkola-srednia\/uczniowie-na-wymianie\/historie-uczniow\/jenny-wybrala-studia-w-kostaryce\/#breadcrumb\"},\"inLanguage\":\"pl-PL\",\"potentialAction\":[{\"@type\":\"ReadAction\",\"target\":[\"https:\/\/www.sts-education.com\/pl\/szkola-srednia\/uczniowie-na-wymianie\/historie-uczniow\/jenny-wybrala-studia-w-kostaryce\/\"]}]},{\"@type\":\"ImageObject\",\"inLanguage\":\"pl-PL\",\"@id\":\"https:\/\/www.sts-education.com\/pl\/szkola-srednia\/uczniowie-na-wymianie\/historie-uczniow\/jenny-wybrala-studia-w-kostaryce\/#primaryimage\",\"url\":\"https:\/\/powered-by.qbank.se\/educatius\/sts\/\/c05556c0b8b22d19da665af35946abf7_1-1-thumb.webp\",\"contentUrl\":\"https:\/\/powered-by.qbank.se\/educatius\/sts\/\/c05556c0b8b22d19da665af35946abf7_1-1-thumb.webp\",\"width\":150,\"height\":150},{\"@type\":\"BreadcrumbList\",\"@id\":\"https:\/\/www.sts-education.com\/pl\/szkola-srednia\/uczniowie-na-wymianie\/historie-uczniow\/jenny-wybrala-studia-w-kostaryce\/#breadcrumb\",\"itemListElement\":[{\"@type\":\"ListItem\",\"position\":1,\"name\":\"Home\",\"item\":\"https:\/\/www.sts-education.com\/pl\/\"},{\"@type\":\"ListItem\",\"position\":2,\"name\":\"Jenny Wybrala Studia W Kostaryce\"}]},{\"@type\":\"WebSite\",\"@id\":\"https:\/\/www.sts-education.com\/pl\/#website\",\"url\":\"https:\/\/www.sts-education.com\/pl\/\",\"name\":\"STS Education\",\"description\":\"\",\"potentialAction\":[{\"@type\":\"SearchAction\",\"target\":{\"@type\":\"EntryPoint\",\"urlTemplate\":\"https:\/\/www.sts-education.com\/pl\/?s={search_term_string}\"},\"query-input\":{\"@type\":\"PropertyValueSpecification\",\"valueRequired\":true,\"valueName\":\"search_term_string\"}}],\"inLanguage\":\"pl-PL\"},{\"@type\":\"Person\",\"@id\":\"https:\/\/www.sts-education.com\/pl\/#\/schema\/person\/8b82f3a2e45f020b8f296d7a85d9a97c\",\"name\":\"syncreadwrite\",\"image\":{\"@type\":\"ImageObject\",\"inLanguage\":\"pl-PL\",\"@id\":\"https:\/\/secure.gravatar.com\/avatar\/6ed1007e4f6f43f22e3df41d9fce4365533cba47fef64bb359b8e629abbc2ea6?s=96&d=mm&r=g\",\"url\":\"https:\/\/secure.gravatar.com\/avatar\/6ed1007e4f6f43f22e3df41d9fce4365533cba47fef64bb359b8e629abbc2ea6?s=96&d=mm&r=g\",\"contentUrl\":\"https:\/\/secure.gravatar.com\/avatar\/6ed1007e4f6f43f22e3df41d9fce4365533cba47fef64bb359b8e629abbc2ea6?s=96&d=mm&r=g\",\"caption\":\"syncreadwrite\"},\"url\":\"https:\/\/www.sts-education.com\/pl\/author\/syncreadwrite\/\"}]}<\/script>\n<!-- \/ Yoast SEO Premium plugin. -->","yoast_head_json":{"title":"Jenny wybra\u0142 studia w Kostaryce","description":"Zawsze chcia\u0142am pojecha\u0107 na wymian\u0119, zacz\u0119\u0142o si\u0119 to, gdy by\u0142am ma\u0142a. Moje siostry opowiada\u0142y mi o swoich wymianach i do\u015bwiadczeniach zwi\u0105zanych z podr\u00f3\u017cowaniem po \u015bwiecie.","robots":{"index":"index","follow":"follow","max-snippet":"max-snippet:-1","max-image-preview":"max-image-preview:large","max-video-preview":"max-video-preview:-1"},"canonical":"https:\/\/www.sts-education.com\/pl\/szkola-srednia\/uczniowie-na-wymianie\/historie-uczniow\/jenny-wybrala-studia-w-kostaryce\/","og_locale":"pl_PL","og_type":"article","og_title":"Jenny Wybrala Studia W Kostaryce","og_description":"Zawsze chcia\u0142am pojecha\u0107 na wymian\u0119, zacz\u0119\u0142o si\u0119 to, gdy by\u0142am ma\u0142a. Moje siostry opowiada\u0142y mi o swoich wymianach i do\u015bwiadczeniach zwi\u0105zanych z podr\u00f3\u017cowaniem po \u015bwiecie.","og_url":"https:\/\/www.sts-education.com\/pl\/szkola-srednia\/uczniowie-na-wymianie\/historie-uczniow\/jenny-wybrala-studia-w-kostaryce\/","og_site_name":"STS Education","article_published_time":"2023-05-02T10:00:00+00:00","article_modified_time":"2026-04-14T10:23:42+00:00","og_image":[{"width":150,"height":150,"url":"https:\/\/powered-by.qbank.se\/educatius\/sts\/\/c05556c0b8b22d19da665af35946abf7_1-1-thumb.webp","type":"image\/jpeg"}],"author":"syncreadwrite","twitter_card":"summary_large_image","twitter_misc":{"Napisane przez":"syncreadwrite","Szacowany czas czytania":"5 minut"},"schema":{"@context":"https:\/\/schema.org","@graph":[{"@type":"Article","@id":"https:\/\/www.sts-education.com\/pl\/szkola-srednia\/uczniowie-na-wymianie\/historie-uczniow\/jenny-wybrala-studia-w-kostaryce\/#article","isPartOf":{"@id":"https:\/\/www.sts-education.com\/pl\/szkola-srednia\/uczniowie-na-wymianie\/historie-uczniow\/jenny-wybrala-studia-w-kostaryce\/"},"author":{"name":"syncreadwrite","@id":"https:\/\/www.sts-education.com\/pl\/#\/schema\/person\/8b82f3a2e45f020b8f296d7a85d9a97c"},"headline":"Jenny Wybrala Studia W Kostaryce","datePublished":"2023-05-02T10:00:00+00:00","dateModified":"2026-04-14T10:23:42+00:00","mainEntityOfPage":{"@id":"https:\/\/www.sts-education.com\/pl\/szkola-srednia\/uczniowie-na-wymianie\/historie-uczniow\/jenny-wybrala-studia-w-kostaryce\/"},"wordCount":1024,"commentCount":0,"image":{"@id":"https:\/\/www.sts-education.com\/pl\/szkola-srednia\/uczniowie-na-wymianie\/historie-uczniow\/jenny-wybrala-studia-w-kostaryce\/#primaryimage"},"thumbnailUrl":"https:\/\/powered-by.qbank.se\/educatius\/sts\/\/c05556c0b8b22d19da665af35946abf7_1-1-thumb.webp","keywords":["Kostaryka"],"inLanguage":"pl-PL","potentialAction":[{"@type":"CommentAction","name":"Comment","target":["https:\/\/www.sts-education.com\/pl\/szkola-srednia\/uczniowie-na-wymianie\/historie-uczniow\/jenny-wybrala-studia-w-kostaryce\/#respond"]}]},{"@type":"WebPage","@id":"https:\/\/www.sts-education.com\/pl\/szkola-srednia\/uczniowie-na-wymianie\/historie-uczniow\/jenny-wybrala-studia-w-kostaryce\/","url":"https:\/\/www.sts-education.com\/pl\/szkola-srednia\/uczniowie-na-wymianie\/historie-uczniow\/jenny-wybrala-studia-w-kostaryce\/","name":"Jenny wybra\u0142 studia w Kostaryce","isPartOf":{"@id":"https:\/\/www.sts-education.com\/pl\/#website"},"primaryImageOfPage":{"@id":"https:\/\/www.sts-education.com\/pl\/szkola-srednia\/uczniowie-na-wymianie\/historie-uczniow\/jenny-wybrala-studia-w-kostaryce\/#primaryimage"},"image":{"@id":"https:\/\/www.sts-education.com\/pl\/szkola-srednia\/uczniowie-na-wymianie\/historie-uczniow\/jenny-wybrala-studia-w-kostaryce\/#primaryimage"},"thumbnailUrl":"https:\/\/powered-by.qbank.se\/educatius\/sts\/\/c05556c0b8b22d19da665af35946abf7_1-1-thumb.webp","datePublished":"2023-05-02T10:00:00+00:00","dateModified":"2026-04-14T10:23:42+00:00","author":{"@id":"https:\/\/www.sts-education.com\/pl\/#\/schema\/person\/8b82f3a2e45f020b8f296d7a85d9a97c"},"description":"Zawsze chcia\u0142am pojecha\u0107 na wymian\u0119, zacz\u0119\u0142o si\u0119 to, gdy by\u0142am ma\u0142a. Moje siostry opowiada\u0142y mi o swoich wymianach i do\u015bwiadczeniach zwi\u0105zanych z podr\u00f3\u017cowaniem po \u015bwiecie.","breadcrumb":{"@id":"https:\/\/www.sts-education.com\/pl\/szkola-srednia\/uczniowie-na-wymianie\/historie-uczniow\/jenny-wybrala-studia-w-kostaryce\/#breadcrumb"},"inLanguage":"pl-PL","potentialAction":[{"@type":"ReadAction","target":["https:\/\/www.sts-education.com\/pl\/szkola-srednia\/uczniowie-na-wymianie\/historie-uczniow\/jenny-wybrala-studia-w-kostaryce\/"]}]},{"@type":"ImageObject","inLanguage":"pl-PL","@id":"https:\/\/www.sts-education.com\/pl\/szkola-srednia\/uczniowie-na-wymianie\/historie-uczniow\/jenny-wybrala-studia-w-kostaryce\/#primaryimage","url":"https:\/\/powered-by.qbank.se\/educatius\/sts\/\/c05556c0b8b22d19da665af35946abf7_1-1-thumb.webp","contentUrl":"https:\/\/powered-by.qbank.se\/educatius\/sts\/\/c05556c0b8b22d19da665af35946abf7_1-1-thumb.webp","width":150,"height":150},{"@type":"BreadcrumbList","@id":"https:\/\/www.sts-education.com\/pl\/szkola-srednia\/uczniowie-na-wymianie\/historie-uczniow\/jenny-wybrala-studia-w-kostaryce\/#breadcrumb","itemListElement":[{"@type":"ListItem","position":1,"name":"Home","item":"https:\/\/www.sts-education.com\/pl\/"},{"@type":"ListItem","position":2,"name":"Jenny Wybrala Studia W Kostaryce"}]},{"@type":"WebSite","@id":"https:\/\/www.sts-education.com\/pl\/#website","url":"https:\/\/www.sts-education.com\/pl\/","name":"STS Education","description":"","potentialAction":[{"@type":"SearchAction","target":{"@type":"EntryPoint","urlTemplate":"https:\/\/www.sts-education.com\/pl\/?s={search_term_string}"},"query-input":{"@type":"PropertyValueSpecification","valueRequired":true,"valueName":"search_term_string"}}],"inLanguage":"pl-PL"},{"@type":"Person","@id":"https:\/\/www.sts-education.com\/pl\/#\/schema\/person\/8b82f3a2e45f020b8f296d7a85d9a97c","name":"syncreadwrite","image":{"@type":"ImageObject","inLanguage":"pl-PL","@id":"https:\/\/secure.gravatar.com\/avatar\/6ed1007e4f6f43f22e3df41d9fce4365533cba47fef64bb359b8e629abbc2ea6?s=96&d=mm&r=g","url":"https:\/\/secure.gravatar.com\/avatar\/6ed1007e4f6f43f22e3df41d9fce4365533cba47fef64bb359b8e629abbc2ea6?s=96&d=mm&r=g","contentUrl":"https:\/\/secure.gravatar.com\/avatar\/6ed1007e4f6f43f22e3df41d9fce4365533cba47fef64bb359b8e629abbc2ea6?s=96&d=mm&r=g","caption":"syncreadwrite"},"url":"https:\/\/www.sts-education.com\/pl\/author\/syncreadwrite\/"}]}},"_links":{"self":[{"href":"https:\/\/www.sts-education.com\/pl\/wp-json\/wp\/v2\/posts\/11132","targetHints":{"allow":["GET"]}}],"collection":[{"href":"https:\/\/www.sts-education.com\/pl\/wp-json\/wp\/v2\/posts"}],"about":[{"href":"https:\/\/www.sts-education.com\/pl\/wp-json\/wp\/v2\/types\/post"}],"author":[{"embeddable":true,"href":"https:\/\/www.sts-education.com\/pl\/wp-json\/wp\/v2\/users\/20"}],"replies":[{"embeddable":true,"href":"https:\/\/www.sts-education.com\/pl\/wp-json\/wp\/v2\/comments?post=11132"}],"version-history":[{"count":4,"href":"https:\/\/www.sts-education.com\/pl\/wp-json\/wp\/v2\/posts\/11132\/revisions"}],"predecessor-version":[{"id":34434,"href":"https:\/\/www.sts-education.com\/pl\/wp-json\/wp\/v2\/posts\/11132\/revisions\/34434"}],"wp:featuredmedia":[{"embeddable":true,"href":"https:\/\/www.sts-education.com\/pl\/wp-json\/wp\/v2\/media\/14460"}],"wp:attachment":[{"href":"https:\/\/www.sts-education.com\/pl\/wp-json\/wp\/v2\/media?parent=11132"}],"wp:term":[{"taxonomy":"category","embeddable":true,"href":"https:\/\/www.sts-education.com\/pl\/wp-json\/wp\/v2\/categories?post=11132"},{"taxonomy":"post_tag","embeddable":true,"href":"https:\/\/www.sts-education.com\/pl\/wp-json\/wp\/v2\/tags?post=11132"},{"taxonomy":"wpw_post_folders","embeddable":true,"href":"https:\/\/www.sts-education.com\/pl\/wp-json\/wp\/v2\/wpw_post_folders?post=11132"}],"curies":[{"name":"wp","href":"https:\/\/api.w.org\/{rel}","templated":true}]}}