{"id":11134,"date":"2023-04-26T10:00:00","date_gmt":"2023-04-26T10:00:00","guid":{"rendered":"https:\/\/preprod.sts-education.com\/blog\/2026\/03\/05\/eliza-wyjechala-na-wymiane-do-szwecji\/"},"modified":"2026-04-14T10:23:47","modified_gmt":"2026-04-14T10:23:47","slug":"eliza-wyjechala-na-wymiane-do-szwecji","status":"publish","type":"post","link":"https:\/\/www.sts-education.com\/pl\/szkola-srednia\/uczniowie-na-wymianie\/historie-uczniow\/eliza-wyjechala-na-wymiane-do-szwecji\/","title":{"rendered":"Eliza Wyjechala Na Wymiane Do Szwecji"},"content":{"rendered":"\n<div class=\"wp-block-sts-text sts-text-editor has-max-width-md\"><div class=\"sts-text-editor__content\"><div class=\"sts-text-editor__content-inner\">\n<h1 style=\"text-align:center\">Eliza wyjecha\u0142a na wymian\u0119 do Szwecji<\/h1>\n<\/div><\/div><\/div>\n\n\n\n<div class=\"wp-block-sts-text sts-text-editor has-max-width-md\"><div class=\"sts-text-editor__content\"><div class=\"sts-text-editor__content-inner\">\n<p><em>Eliza z Holandii by\u0142a na wymianie w Szwecji.<\/em><\/p>\n<h2>Dlaczego wyjecha\u0142a\u015b na wymian\u0119?<\/h2>\n<p>Chcia\u0142am prze\u017cy\u0107 co\u015b w\u0142asnego, z dala od wszystkiego, co uwa\u017ca\u0142am za normalne w domu. Chcia\u0142am pozna\u0107 nowe rzeczy i kultury.<\/p>\n<h2>Jak to by\u0142o mieszka\u0107 z rodzin\u0105 goszcz\u0105c\u0105?<\/h2>\n<p>Moja rodzina goszcz\u0105ca by\u0142a niesamowita, dogadywali\u015bmy si\u0119 od samego pocz\u0105tku i zabra\u0142a mnie na wiele przyg\u00f3d.<\/p>\n<h2>Czy trudno by\u0142o pozna\u0107 nowych przyjaci\u00f3\u0142?<\/h2>\n<p>Nawi\u0105zywanie przyja\u017ani by\u0142o \u0142atwe, zajmuje troch\u0119 wi\u0119cej czasu, aby Szwedzi si\u0119 otworzyli, ale kiedy ju\u017c to zrobi\u0105, s\u0105 najmilszymi lud\u017ami, jakich kiedykolwiek spotkasz.<\/p>\n<h2>Czego nauczy\u0142a\u015b si\u0119 podczas pobytu za granic\u0105?<\/h2>\n<p>Nauczy\u0142am si\u0119 tak\u017ce m\u00f3wi\u0107 po szwedzku i pozna\u0142am kultur\u0119 szwedzk\u0105 i lapo\u0144sk\u0105. Najwa\u017cniejsze, czego si\u0119 nauczy\u0142am, to jak sta\u0107 si\u0119 bardziej niezale\u017cnym i pewnym siebie.<\/p>\n<h2>Co by\u0142o najlepsze w twojej wymianie?<\/h2>\n<p>Powiedzia\u0142abym, \u017ce najlepsz\u0105 rzecz\u0105 w moim roku wymiany by\u0142o poznanie wielu innych student\u00f3w z wymiany podczas weekendowych zaj\u0119\u0107 organizowanych przez STS. Przez dwa dni spotyka\u0142am ludzi, kt\u00f3rzy stali si\u0119 moimi najlepszymi przyjaci\u00f3\u0142mi.<\/p>\n<h2>Twoje najlepsze wspomnienie?<\/h2>\n<p>Najlepiej wspominam by\u0142\u0105 studentk\u0119 z wymiany, kt\u00f3r\u0105 go\u015bci\u0142a moja rodzina goszcz\u0105ca, i jej rodzin\u0119, kt\u00f3ra przyjecha\u0142a w odwiedziny podczas przerwy wielkanocnej. Sp\u0119dzili\u015bmy noc w domku mojej rodziny goszcz\u0105cej i wybrali\u015bmy si\u0119 na ma\u0142\u0105 wycieczk\u0119 do Norwegii.<\/p>\n<h2>Czy mo\u017cesz poleci\u0107 wyjazd na wymian\u0119?<\/h2>\n<p>Tak! To \u015bwietny spos\u00f3b, aby sta\u0107 si\u0119 bardziej niezale\u017cnym, pozna\u0107 innych ludzi i kultury, nauczy\u0107 si\u0119 nowego j\u0119zyka i zobaczy\u0107 \u015bwiat w innym \u015bwietle ni\u017c w domu.<\/p>\n<h2>Czy mo\u017cesz poleci\u0107 wyjazd do Szwecji?<\/h2>\n<p>Tak. Poleci\u0142abym wyjazd ka\u017cdemu, kto chce nauczy\u0107 si\u0119 nowego j\u0119zyka i kultury oraz lubi troch\u0119 zimnej pogody. D\u0142ugie zimy mog\u0105 by\u0107 sporym wyzwaniem, ale wszystkie aktywno\u015bci na \u015bniegu, kt\u00f3re robili\u015bmy w weekendy i zorza polarna sprawi\u0142y, \u017ce by\u0142am zmotywowana i szcz\u0119\u015bliwa.<\/p>\n<h2>Dlaczego wybra\u0142a\u015b STS?<\/h2>\n<p>Wybra\u0142am STS, poniewa\u017c mia\u0142em dobre przeczucia podczas rozmowy z nimi. Wyja\u015bnili mi wszystko bardzo dobrze, byli bardzo otwarci poinformowali mnie o wszystkich aspektach roku wymiany i pomogli mi przej\u015b\u0107 przez proces aplikacji. Zawsze szybko rozwi\u0105zywali wszelkie problemy i sprawili, \u017ce moja wymiana przebieg\u0142a bardzo sprawnie. Jestem bardzo szcz\u0119\u015bliwa, \u017ce wybra\u0142am STS.<\/p>\n<h2>Jakie masz plany na przysz\u0142o\u015b\u0107?<\/h2>\n<p>Teraz rozwa\u017cam studiowanie za granic\u0105 na uniwersytecie, mo\u017ce w Szwecji. Rok sp\u0119dzony na wymianie bardzo wp\u0142yn\u0105\u0142 na moj\u0105 przysz\u0142o\u015b\u0107, przed wymian\u0105 nigdy nie rozwa\u017ca\u0142abym studiowania za granic\u0105 na uniwersytecie, ale rok sp\u0119dzony na wymianie da\u0142 mi pewno\u015b\u0107, \u017ce mog\u0119 to zrobi\u0107.<\/p>\n<h2>Jakie\u015b wskaz\u00f3wki dla przysz\u0142ych student\u00f3w z wymiany?<\/h2>\n<ol><li>Zacznij m\u00f3wi\u0107 w danym j\u0119zyku tak szybko, jak to mo\u017cliwe. To \u015bwietna zabawa i o wiele \u0142atwiej jest si\u0119 uczy\u0107 m\u00f3wi\u0105c!<\/li>\n<li>Korzystaj z ka\u017cdej okazji, aby pr\u00f3bowa\u0107 nowych rzeczy. Wybierz przedmiot w szkole, kt\u00f3rego nie m\u00f3g\u0142by\u015b wybra\u0107 w domu, do\u0142\u0105cz do klubu, spr\u00f3buj nowych sport\u00f3w i aktywno\u015bci. Masz tak\u0105 szans\u0119 tylko raz w \u017cyciu.<\/li>\n<li>Wskaz\u00f3wka dotycz\u0105ca jedzenia: jedz jak najwi\u0119cej &quot;k\u00f6ttbullar med lingonsylt&quot; (klopsik\u00f3w z d\u017cemem)!<\/li><\/ol>\n<h2>Dowiedz si\u0119 wi\u0119cej<\/h2>\n<ul><li>Przeczytaj wi\u0119cej <a href=\"https:\/\/www.sts-education.com\/pl\/szkola-srednia\/uczniowie-na-wymianie\/historie-uczniow\/?hashtag=Szwecja\">historii uczni\u00f3w ze Szwecji<\/a><\/li>\n<li>Przeczytaj wi\u0119cej o <a href=\"https:\/\/www.sts-education.com\/pl\/szkola-srednia\/kierunki-wyjazdowe\/europa\/szwecja\/\">wymianie licealnej w Szwecji<\/a><\/li>\n<li>Zobacz <a href=\"\/pl\/high-school\/tripfinder\/\">wszystkie miejsca docelowe naszych wymian licealnych<\/a><\/li><\/ul>\n<\/div><\/div><\/div>\n","protected":false},"excerpt":{"rendered":"","protected":false},"author":20,"featured_media":14464,"comment_status":"open","ping_status":"open","sticky":false,"template":"","format":"standard","meta":{"_acf_changed":false,"_yoast_wpseo_title":"Eliza wyjecha\u0142a na wymian\u0119 do Szwecji","_yoast_wpseo_metadesc":"Chcia\u0142am prze\u017cy\u0107 co\u015b w\u0142asnego, z dala od wszystkiego, co uwa\u017ca\u0142am za normalne w domu. Chcia\u0142am pozna\u0107 nowe rzeczy i kultury.","footnotes":""},"categories":[265],"tags":[1028],"wpw_post_folders":[],"class_list":["post-11134","post","type-post","status-publish","format-standard","has-post-thumbnail","hentry","category-bez-kategorii","tag-szwecja"],"acf":[],"yoast_head":"<!-- This site is optimized with the Yoast SEO Premium plugin v27.2 (Yoast SEO v27.2) - https:\/\/yoast.com\/product\/yoast-seo-premium-wordpress\/ -->\n<title>Eliza wyjecha\u0142a na wymian\u0119 do Szwecji<\/title>\n<meta name=\"description\" content=\"Chcia\u0142am prze\u017cy\u0107 co\u015b w\u0142asnego, z dala od wszystkiego, co uwa\u017ca\u0142am za normalne w domu. Chcia\u0142am pozna\u0107 nowe rzeczy i kultury.\" \/>\n<meta name=\"robots\" content=\"index, follow, max-snippet:-1, max-image-preview:large, max-video-preview:-1\" \/>\n<link rel=\"canonical\" href=\"https:\/\/www.sts-education.com\/pl\/szkola-srednia\/uczniowie-na-wymianie\/historie-uczniow\/eliza-wyjechala-na-wymiane-do-szwecji\/\" \/>\n<meta property=\"og:locale\" content=\"pl_PL\" \/>\n<meta property=\"og:type\" content=\"article\" \/>\n<meta property=\"og:title\" content=\"Eliza Wyjechala Na Wymiane Do Szwecji\" \/>\n<meta property=\"og:description\" content=\"Chcia\u0142am prze\u017cy\u0107 co\u015b w\u0142asnego, z dala od wszystkiego, co uwa\u017ca\u0142am za normalne w domu. Chcia\u0142am pozna\u0107 nowe rzeczy i kultury.\" \/>\n<meta property=\"og:url\" content=\"https:\/\/www.sts-education.com\/pl\/szkola-srednia\/uczniowie-na-wymianie\/historie-uczniow\/eliza-wyjechala-na-wymiane-do-szwecji\/\" \/>\n<meta property=\"og:site_name\" content=\"STS Education\" \/>\n<meta property=\"article:published_time\" content=\"2023-04-26T10:00:00+00:00\" \/>\n<meta property=\"article:modified_time\" content=\"2026-04-14T10:23:47+00:00\" \/>\n<meta property=\"og:image\" content=\"https:\/\/powered-by.qbank.se\/educatius\/sts\/\/03f297d7a2bf59726aeee7116dff5ffd_1-1-thumb.webp\" \/>\n\t<meta property=\"og:image:width\" content=\"150\" \/>\n\t<meta property=\"og:image:height\" content=\"150\" \/>\n\t<meta property=\"og:image:type\" content=\"image\/jpeg\" \/>\n<meta name=\"author\" content=\"syncreadwrite\" \/>\n<meta name=\"twitter:card\" content=\"summary_large_image\" \/>\n<meta name=\"twitter:label1\" content=\"Napisane przez\" \/>\n\t<meta name=\"twitter:data1\" content=\"syncreadwrite\" \/>\n\t<meta name=\"twitter:label2\" content=\"Szacowany czas czytania\" \/>\n\t<meta name=\"twitter:data2\" content=\"3 minuty\" \/>\n<script type=\"application\/ld+json\" class=\"yoast-schema-graph\">{\"@context\":\"https:\/\/schema.org\",\"@graph\":[{\"@type\":\"Article\",\"@id\":\"https:\/\/www.sts-education.com\/pl\/szkola-srednia\/uczniowie-na-wymianie\/historie-uczniow\/eliza-wyjechala-na-wymiane-do-szwecji\/#article\",\"isPartOf\":{\"@id\":\"https:\/\/www.sts-education.com\/pl\/szkola-srednia\/uczniowie-na-wymianie\/historie-uczniow\/eliza-wyjechala-na-wymiane-do-szwecji\/\"},\"author\":{\"name\":\"syncreadwrite\",\"@id\":\"https:\/\/www.sts-education.com\/pl\/#\/schema\/person\/8b82f3a2e45f020b8f296d7a85d9a97c\"},\"headline\":\"Eliza Wyjechala Na Wymiane Do Szwecji\",\"datePublished\":\"2023-04-26T10:00:00+00:00\",\"dateModified\":\"2026-04-14T10:23:47+00:00\",\"mainEntityOfPage\":{\"@id\":\"https:\/\/www.sts-education.com\/pl\/szkola-srednia\/uczniowie-na-wymianie\/historie-uczniow\/eliza-wyjechala-na-wymiane-do-szwecji\/\"},\"wordCount\":591,\"commentCount\":0,\"image\":{\"@id\":\"https:\/\/www.sts-education.com\/pl\/szkola-srednia\/uczniowie-na-wymianie\/historie-uczniow\/eliza-wyjechala-na-wymiane-do-szwecji\/#primaryimage\"},\"thumbnailUrl\":\"https:\/\/powered-by.qbank.se\/educatius\/sts\/\/03f297d7a2bf59726aeee7116dff5ffd_1-1-thumb.webp\",\"keywords\":[\"Szwecja\"],\"inLanguage\":\"pl-PL\",\"potentialAction\":[{\"@type\":\"CommentAction\",\"name\":\"Comment\",\"target\":[\"https:\/\/www.sts-education.com\/pl\/szkola-srednia\/uczniowie-na-wymianie\/historie-uczniow\/eliza-wyjechala-na-wymiane-do-szwecji\/#respond\"]}]},{\"@type\":\"WebPage\",\"@id\":\"https:\/\/www.sts-education.com\/pl\/szkola-srednia\/uczniowie-na-wymianie\/historie-uczniow\/eliza-wyjechala-na-wymiane-do-szwecji\/\",\"url\":\"https:\/\/www.sts-education.com\/pl\/szkola-srednia\/uczniowie-na-wymianie\/historie-uczniow\/eliza-wyjechala-na-wymiane-do-szwecji\/\",\"name\":\"Eliza wyjecha\u0142a na wymian\u0119 do Szwecji\",\"isPartOf\":{\"@id\":\"https:\/\/www.sts-education.com\/pl\/#website\"},\"primaryImageOfPage\":{\"@id\":\"https:\/\/www.sts-education.com\/pl\/szkola-srednia\/uczniowie-na-wymianie\/historie-uczniow\/eliza-wyjechala-na-wymiane-do-szwecji\/#primaryimage\"},\"image\":{\"@id\":\"https:\/\/www.sts-education.com\/pl\/szkola-srednia\/uczniowie-na-wymianie\/historie-uczniow\/eliza-wyjechala-na-wymiane-do-szwecji\/#primaryimage\"},\"thumbnailUrl\":\"https:\/\/powered-by.qbank.se\/educatius\/sts\/\/03f297d7a2bf59726aeee7116dff5ffd_1-1-thumb.webp\",\"datePublished\":\"2023-04-26T10:00:00+00:00\",\"dateModified\":\"2026-04-14T10:23:47+00:00\",\"author\":{\"@id\":\"https:\/\/www.sts-education.com\/pl\/#\/schema\/person\/8b82f3a2e45f020b8f296d7a85d9a97c\"},\"description\":\"Chcia\u0142am prze\u017cy\u0107 co\u015b w\u0142asnego, z dala od wszystkiego, co uwa\u017ca\u0142am za normalne w domu. Chcia\u0142am pozna\u0107 nowe rzeczy i kultury.\",\"breadcrumb\":{\"@id\":\"https:\/\/www.sts-education.com\/pl\/szkola-srednia\/uczniowie-na-wymianie\/historie-uczniow\/eliza-wyjechala-na-wymiane-do-szwecji\/#breadcrumb\"},\"inLanguage\":\"pl-PL\",\"potentialAction\":[{\"@type\":\"ReadAction\",\"target\":[\"https:\/\/www.sts-education.com\/pl\/szkola-srednia\/uczniowie-na-wymianie\/historie-uczniow\/eliza-wyjechala-na-wymiane-do-szwecji\/\"]}]},{\"@type\":\"ImageObject\",\"inLanguage\":\"pl-PL\",\"@id\":\"https:\/\/www.sts-education.com\/pl\/szkola-srednia\/uczniowie-na-wymianie\/historie-uczniow\/eliza-wyjechala-na-wymiane-do-szwecji\/#primaryimage\",\"url\":\"https:\/\/powered-by.qbank.se\/educatius\/sts\/\/03f297d7a2bf59726aeee7116dff5ffd_1-1-thumb.webp\",\"contentUrl\":\"https:\/\/powered-by.qbank.se\/educatius\/sts\/\/03f297d7a2bf59726aeee7116dff5ffd_1-1-thumb.webp\",\"width\":150,\"height\":150},{\"@type\":\"BreadcrumbList\",\"@id\":\"https:\/\/www.sts-education.com\/pl\/szkola-srednia\/uczniowie-na-wymianie\/historie-uczniow\/eliza-wyjechala-na-wymiane-do-szwecji\/#breadcrumb\",\"itemListElement\":[{\"@type\":\"ListItem\",\"position\":1,\"name\":\"Home\",\"item\":\"https:\/\/www.sts-education.com\/pl\/\"},{\"@type\":\"ListItem\",\"position\":2,\"name\":\"Eliza Wyjechala Na Wymiane Do Szwecji\"}]},{\"@type\":\"WebSite\",\"@id\":\"https:\/\/www.sts-education.com\/pl\/#website\",\"url\":\"https:\/\/www.sts-education.com\/pl\/\",\"name\":\"STS Education\",\"description\":\"\",\"potentialAction\":[{\"@type\":\"SearchAction\",\"target\":{\"@type\":\"EntryPoint\",\"urlTemplate\":\"https:\/\/www.sts-education.com\/pl\/?s={search_term_string}\"},\"query-input\":{\"@type\":\"PropertyValueSpecification\",\"valueRequired\":true,\"valueName\":\"search_term_string\"}}],\"inLanguage\":\"pl-PL\"},{\"@type\":\"Person\",\"@id\":\"https:\/\/www.sts-education.com\/pl\/#\/schema\/person\/8b82f3a2e45f020b8f296d7a85d9a97c\",\"name\":\"syncreadwrite\",\"image\":{\"@type\":\"ImageObject\",\"inLanguage\":\"pl-PL\",\"@id\":\"https:\/\/secure.gravatar.com\/avatar\/6ed1007e4f6f43f22e3df41d9fce4365533cba47fef64bb359b8e629abbc2ea6?s=96&d=mm&r=g\",\"url\":\"https:\/\/secure.gravatar.com\/avatar\/6ed1007e4f6f43f22e3df41d9fce4365533cba47fef64bb359b8e629abbc2ea6?s=96&d=mm&r=g\",\"contentUrl\":\"https:\/\/secure.gravatar.com\/avatar\/6ed1007e4f6f43f22e3df41d9fce4365533cba47fef64bb359b8e629abbc2ea6?s=96&d=mm&r=g\",\"caption\":\"syncreadwrite\"},\"url\":\"https:\/\/www.sts-education.com\/pl\/author\/syncreadwrite\/\"}]}<\/script>\n<!-- \/ Yoast SEO Premium plugin. -->","yoast_head_json":{"title":"Eliza wyjecha\u0142a na wymian\u0119 do Szwecji","description":"Chcia\u0142am prze\u017cy\u0107 co\u015b w\u0142asnego, z dala od wszystkiego, co uwa\u017ca\u0142am za normalne w domu. Chcia\u0142am pozna\u0107 nowe rzeczy i kultury.","robots":{"index":"index","follow":"follow","max-snippet":"max-snippet:-1","max-image-preview":"max-image-preview:large","max-video-preview":"max-video-preview:-1"},"canonical":"https:\/\/www.sts-education.com\/pl\/szkola-srednia\/uczniowie-na-wymianie\/historie-uczniow\/eliza-wyjechala-na-wymiane-do-szwecji\/","og_locale":"pl_PL","og_type":"article","og_title":"Eliza Wyjechala Na Wymiane Do Szwecji","og_description":"Chcia\u0142am prze\u017cy\u0107 co\u015b w\u0142asnego, z dala od wszystkiego, co uwa\u017ca\u0142am za normalne w domu. Chcia\u0142am pozna\u0107 nowe rzeczy i kultury.","og_url":"https:\/\/www.sts-education.com\/pl\/szkola-srednia\/uczniowie-na-wymianie\/historie-uczniow\/eliza-wyjechala-na-wymiane-do-szwecji\/","og_site_name":"STS Education","article_published_time":"2023-04-26T10:00:00+00:00","article_modified_time":"2026-04-14T10:23:47+00:00","og_image":[{"width":150,"height":150,"url":"https:\/\/powered-by.qbank.se\/educatius\/sts\/\/03f297d7a2bf59726aeee7116dff5ffd_1-1-thumb.webp","type":"image\/jpeg"}],"author":"syncreadwrite","twitter_card":"summary_large_image","twitter_misc":{"Napisane przez":"syncreadwrite","Szacowany czas czytania":"3 minuty"},"schema":{"@context":"https:\/\/schema.org","@graph":[{"@type":"Article","@id":"https:\/\/www.sts-education.com\/pl\/szkola-srednia\/uczniowie-na-wymianie\/historie-uczniow\/eliza-wyjechala-na-wymiane-do-szwecji\/#article","isPartOf":{"@id":"https:\/\/www.sts-education.com\/pl\/szkola-srednia\/uczniowie-na-wymianie\/historie-uczniow\/eliza-wyjechala-na-wymiane-do-szwecji\/"},"author":{"name":"syncreadwrite","@id":"https:\/\/www.sts-education.com\/pl\/#\/schema\/person\/8b82f3a2e45f020b8f296d7a85d9a97c"},"headline":"Eliza Wyjechala Na Wymiane Do Szwecji","datePublished":"2023-04-26T10:00:00+00:00","dateModified":"2026-04-14T10:23:47+00:00","mainEntityOfPage":{"@id":"https:\/\/www.sts-education.com\/pl\/szkola-srednia\/uczniowie-na-wymianie\/historie-uczniow\/eliza-wyjechala-na-wymiane-do-szwecji\/"},"wordCount":591,"commentCount":0,"image":{"@id":"https:\/\/www.sts-education.com\/pl\/szkola-srednia\/uczniowie-na-wymianie\/historie-uczniow\/eliza-wyjechala-na-wymiane-do-szwecji\/#primaryimage"},"thumbnailUrl":"https:\/\/powered-by.qbank.se\/educatius\/sts\/\/03f297d7a2bf59726aeee7116dff5ffd_1-1-thumb.webp","keywords":["Szwecja"],"inLanguage":"pl-PL","potentialAction":[{"@type":"CommentAction","name":"Comment","target":["https:\/\/www.sts-education.com\/pl\/szkola-srednia\/uczniowie-na-wymianie\/historie-uczniow\/eliza-wyjechala-na-wymiane-do-szwecji\/#respond"]}]},{"@type":"WebPage","@id":"https:\/\/www.sts-education.com\/pl\/szkola-srednia\/uczniowie-na-wymianie\/historie-uczniow\/eliza-wyjechala-na-wymiane-do-szwecji\/","url":"https:\/\/www.sts-education.com\/pl\/szkola-srednia\/uczniowie-na-wymianie\/historie-uczniow\/eliza-wyjechala-na-wymiane-do-szwecji\/","name":"Eliza wyjecha\u0142a na wymian\u0119 do Szwecji","isPartOf":{"@id":"https:\/\/www.sts-education.com\/pl\/#website"},"primaryImageOfPage":{"@id":"https:\/\/www.sts-education.com\/pl\/szkola-srednia\/uczniowie-na-wymianie\/historie-uczniow\/eliza-wyjechala-na-wymiane-do-szwecji\/#primaryimage"},"image":{"@id":"https:\/\/www.sts-education.com\/pl\/szkola-srednia\/uczniowie-na-wymianie\/historie-uczniow\/eliza-wyjechala-na-wymiane-do-szwecji\/#primaryimage"},"thumbnailUrl":"https:\/\/powered-by.qbank.se\/educatius\/sts\/\/03f297d7a2bf59726aeee7116dff5ffd_1-1-thumb.webp","datePublished":"2023-04-26T10:00:00+00:00","dateModified":"2026-04-14T10:23:47+00:00","author":{"@id":"https:\/\/www.sts-education.com\/pl\/#\/schema\/person\/8b82f3a2e45f020b8f296d7a85d9a97c"},"description":"Chcia\u0142am prze\u017cy\u0107 co\u015b w\u0142asnego, z dala od wszystkiego, co uwa\u017ca\u0142am za normalne w domu. Chcia\u0142am pozna\u0107 nowe rzeczy i kultury.","breadcrumb":{"@id":"https:\/\/www.sts-education.com\/pl\/szkola-srednia\/uczniowie-na-wymianie\/historie-uczniow\/eliza-wyjechala-na-wymiane-do-szwecji\/#breadcrumb"},"inLanguage":"pl-PL","potentialAction":[{"@type":"ReadAction","target":["https:\/\/www.sts-education.com\/pl\/szkola-srednia\/uczniowie-na-wymianie\/historie-uczniow\/eliza-wyjechala-na-wymiane-do-szwecji\/"]}]},{"@type":"ImageObject","inLanguage":"pl-PL","@id":"https:\/\/www.sts-education.com\/pl\/szkola-srednia\/uczniowie-na-wymianie\/historie-uczniow\/eliza-wyjechala-na-wymiane-do-szwecji\/#primaryimage","url":"https:\/\/powered-by.qbank.se\/educatius\/sts\/\/03f297d7a2bf59726aeee7116dff5ffd_1-1-thumb.webp","contentUrl":"https:\/\/powered-by.qbank.se\/educatius\/sts\/\/03f297d7a2bf59726aeee7116dff5ffd_1-1-thumb.webp","width":150,"height":150},{"@type":"BreadcrumbList","@id":"https:\/\/www.sts-education.com\/pl\/szkola-srednia\/uczniowie-na-wymianie\/historie-uczniow\/eliza-wyjechala-na-wymiane-do-szwecji\/#breadcrumb","itemListElement":[{"@type":"ListItem","position":1,"name":"Home","item":"https:\/\/www.sts-education.com\/pl\/"},{"@type":"ListItem","position":2,"name":"Eliza Wyjechala Na Wymiane Do Szwecji"}]},{"@type":"WebSite","@id":"https:\/\/www.sts-education.com\/pl\/#website","url":"https:\/\/www.sts-education.com\/pl\/","name":"STS Education","description":"","potentialAction":[{"@type":"SearchAction","target":{"@type":"EntryPoint","urlTemplate":"https:\/\/www.sts-education.com\/pl\/?s={search_term_string}"},"query-input":{"@type":"PropertyValueSpecification","valueRequired":true,"valueName":"search_term_string"}}],"inLanguage":"pl-PL"},{"@type":"Person","@id":"https:\/\/www.sts-education.com\/pl\/#\/schema\/person\/8b82f3a2e45f020b8f296d7a85d9a97c","name":"syncreadwrite","image":{"@type":"ImageObject","inLanguage":"pl-PL","@id":"https:\/\/secure.gravatar.com\/avatar\/6ed1007e4f6f43f22e3df41d9fce4365533cba47fef64bb359b8e629abbc2ea6?s=96&d=mm&r=g","url":"https:\/\/secure.gravatar.com\/avatar\/6ed1007e4f6f43f22e3df41d9fce4365533cba47fef64bb359b8e629abbc2ea6?s=96&d=mm&r=g","contentUrl":"https:\/\/secure.gravatar.com\/avatar\/6ed1007e4f6f43f22e3df41d9fce4365533cba47fef64bb359b8e629abbc2ea6?s=96&d=mm&r=g","caption":"syncreadwrite"},"url":"https:\/\/www.sts-education.com\/pl\/author\/syncreadwrite\/"}]}},"_links":{"self":[{"href":"https:\/\/www.sts-education.com\/pl\/wp-json\/wp\/v2\/posts\/11134","targetHints":{"allow":["GET"]}}],"collection":[{"href":"https:\/\/www.sts-education.com\/pl\/wp-json\/wp\/v2\/posts"}],"about":[{"href":"https:\/\/www.sts-education.com\/pl\/wp-json\/wp\/v2\/types\/post"}],"author":[{"embeddable":true,"href":"https:\/\/www.sts-education.com\/pl\/wp-json\/wp\/v2\/users\/20"}],"replies":[{"embeddable":true,"href":"https:\/\/www.sts-education.com\/pl\/wp-json\/wp\/v2\/comments?post=11134"}],"version-history":[{"count":4,"href":"https:\/\/www.sts-education.com\/pl\/wp-json\/wp\/v2\/posts\/11134\/revisions"}],"predecessor-version":[{"id":34438,"href":"https:\/\/www.sts-education.com\/pl\/wp-json\/wp\/v2\/posts\/11134\/revisions\/34438"}],"wp:featuredmedia":[{"embeddable":true,"href":"https:\/\/www.sts-education.com\/pl\/wp-json\/wp\/v2\/media\/14464"}],"wp:attachment":[{"href":"https:\/\/www.sts-education.com\/pl\/wp-json\/wp\/v2\/media?parent=11134"}],"wp:term":[{"taxonomy":"category","embeddable":true,"href":"https:\/\/www.sts-education.com\/pl\/wp-json\/wp\/v2\/categories?post=11134"},{"taxonomy":"post_tag","embeddable":true,"href":"https:\/\/www.sts-education.com\/pl\/wp-json\/wp\/v2\/tags?post=11134"},{"taxonomy":"wpw_post_folders","embeddable":true,"href":"https:\/\/www.sts-education.com\/pl\/wp-json\/wp\/v2\/wpw_post_folders?post=11134"}],"curies":[{"name":"wp","href":"https:\/\/api.w.org\/{rel}","templated":true}]}}