{"id":11135,"date":"2023-04-26T11:00:00","date_gmt":"2023-04-26T11:00:00","guid":{"rendered":"https:\/\/preprod.sts-education.com\/blog\/2026\/03\/05\/cedric-spedzil-rok-za-granica-w-kanadzie\/"},"modified":"2026-04-14T10:23:46","modified_gmt":"2026-04-14T10:23:46","slug":"cedric-spedzil-rok-za-granica-w-kanadzie","status":"publish","type":"post","link":"https:\/\/www.sts-education.com\/pl\/szkola-srednia\/uczniowie-na-wymianie\/historie-uczniow\/cedric-spedzil-rok-za-granica-w-kanadzie\/","title":{"rendered":"Cedric Spedzil Rok Za Granica W Kanadzie"},"content":{"rendered":"\n<div class=\"wp-block-sts-text sts-text-editor has-max-width-md\"><div class=\"sts-text-editor__content\"><div class=\"sts-text-editor__content-inner\">\n<h1 style=\"text-align:center\">Cedric sp\u0119dzi\u0142a rok za granic\u0105 w Kanadzie<\/h1>\n<\/div><\/div><\/div>\n\n\n\n<div class=\"wp-block-sts-text sts-text-editor has-max-width-md\"><div class=\"sts-text-editor__content\"><div class=\"sts-text-editor__content-inner\">\n<p><em>Cedrik ze Szwajcarii by\u0142 na wymianie w Kanadzie.<\/em><\/p>\n<h2>Gdzie pojecha\u0142e\u015b i dlaczego?<\/h2>\n<p>Pojecha\u0142em do Kanady, g\u0142\u00f3wnie dlatego, \u017ce moi rodzice uznali j\u0105 za bezpieczniejsz\u0105 alternatyw\u0119 dla USA, gdzie pierwotnie chcia\u0142em pojecha\u0107. Nie \u017ca\u0142uj\u0119 jednak wyjazdu do Kanady. Jest bardzo podobna do USA.<\/p>\n<h2>Dlaczego pojecha\u0142e\u015b na wymian\u0119?<\/h2>\n<p>G\u0142\u00f3wnie dlatego, \u017ce chcia\u0142em do\u015bwiadczy\u0107 wi\u0119cej tego, co \u015bwiat ma do zaoferowania, b\u0119d\u0105c jeszcze m\u0142odym, a tak\u017ce poprawi\u0107 sw\u00f3j angielski.<\/p>\n<h2>Jak to by\u0142o mieszka\u0107 z rodzin\u0105 goszcz\u0105c\u0105?<\/h2>\n<p>To by\u0142o ca\u0142kiem fajne do\u015bwiadczenie! Je\u015bli jeste\u015b blisko z rodzin\u0105 goszcz\u0105c\u0105, to tak jakby\u015b mieszka\u0142 w domu z najlepszymi przyjaci\u00f3\u0142mi. T\u0119skni\u0142em jednak za moj\u0105 szwajcarsk\u0105 rodzin\u0105.<\/p>\n<h2>Jak by\u0142o w szkole?<\/h2>\n<p>Szko\u0142a by\u0142a bardzo interesuj\u0105ca. Jest o wiele \u0142atwiej ni\u017c w Szwajcarii, poniewa\u017c mo\u017cesz stworzy\u0107 sw\u00f3j w\u0142asny harmonogram zgodnie ze swoimi zainteresowaniami. Testy nie s\u0105 tak trudne i masz wi\u0119cej wolnego czasu, co pozwala ci odkrywa\u0107 kraj i jego kultur\u0119.<\/p>\n<h2>Co robi\u0142e\u015b w wolnym czasie? Jakie\u015b nowe hobby?<\/h2>\n<p>Poniewa\u017c mieszka\u0142em do\u015b\u0107 daleko, zacz\u0105\u0142em uprawia\u0107 turystyk\u0119 piesz\u0105. Chodzi\u0142em na godzinne spacery na \u0142onie natury. Z przyjaci\u00f3\u0142mi cz\u0119sto je\u017adzi\u0142em do miasta, aby p\u00f3j\u015b\u0107 do centrum handlowego lub wyj\u015b\u0107 co\u015b zje\u015b\u0107.<\/p>\n<h2>Czy \u0142atwo\/trudno by\u0142o zdoby\u0107 przyjaci\u00f3\u0142?<\/h2>\n<p>Znalezienie przyjaci\u00f3\u0142 by\u0142o dla mnie bardzo \u0142atwe, poniewa\u017c jestem ekstrawertyczn\u0105 osob\u0105. Kanadyjczycy i tak s\u0105 bardzo przyja\u017ani, wi\u0119c podchodzenie do ludzi i rozpoczynanie rozm\u00f3w cz\u0119sto tworzy\u0142o nowe przyja\u017anie.<\/p>\n<h2>Co by\u0142o dla ciebie du\u017cym wyzwaniem? Jak je pokona\u0142e\u015b?<\/h2>\n<p>Du\u017cym wyzwaniem by\u0142o dla mnie \u017cycie na odludziu. Nic nie by\u0142o w zasi\u0119gu spaceru. Miasto by\u0142o oddalone tylko o 30 minut jazdy samochodem, ale poniewa\u017c nie by\u0142o tam transportu publicznego, zawsze musia\u0142am korzysta\u0107 z pomocy przyjaci\u00f3\u0142 lub rodziny goszcz\u0105cej. Poniewa\u017c wszyscy moi znajomi byli w 12 klasie, nie by\u0142o to problemem, poniewa\u017c wszyscy posiadali prawo jazdy. By\u0142o to jednak pewne wyzwanie, gdy przyjecha\u0142em i nie mia\u0142em jeszcze wielu przyjaci\u00f3\u0142. Kolejnym wyzwaniem by\u0142a ekstremalnie zimna pogoda. Czasami pogoda zamyka\u0142a nas na kilka dni, poniewa\u017c stan dr\u00f3g by\u0142 tak z\u0142y, \u017ce trzeba by\u0142o odwo\u0142a\u0107 lekcje.<\/p>\n<h2>Co by\u0142o najlepsze w Twojej wymianie?<\/h2>\n<p>Najwa\u017cniejsz\u0105 rzecz\u0105 z mojego roku wymiany s\u0105 wszyscy przyjaciele, kt\u00f3rych pozna\u0142em. Nadal jestem z nimi w kontakcie i zamierzam odwiedzi\u0107 ich tego lata.<\/p>\n<h2>Jakie jest Twoje najlepsze wspomnienie?<\/h2>\n<p>Moim najlepszym wspomnieniem jest Dzie\u0144 Kanady, 1 lipca. To by\u0142a ostatnia noc, kt\u00f3r\u0105 sp\u0119dzi\u0142am w Kanadzie, by\u0142em ze wszystkimi moimi przyjaci\u00f3\u0142mi i musia\u0142em si\u0119 z nimi po\u017cegna\u0107. To by\u0142o niesamowicie smutne, ale te\u017c bardzo pi\u0119kne, poniewa\u017c by\u0142y fajerwerki i og\u00f3lnie \u015bwietna atmosfera.<\/p>\n<h2>Czego si\u0119 nauczy\u0142e\u015b?<\/h2>\n<p>Nigdy nie m\u00f3w &quot;nie&quot; nowym do\u015bwiadczeniom, a po\u017cegnania nie trwaj\u0105 wiecznie.<\/p>\n<h2>Czy mo\u017cesz poleci\u0107 wyjazd?<\/h2>\n<p>Tak, jak najbardziej!<\/p>\n<h2>Dlaczego warto pojecha\u0107 na wymian\u0119?<\/h2>\n<p>Aby do\u015bwiadczy\u0107 wi\u0119cej tego, co \u015bwiat ma do zaoferowania i uczy\u0107 si\u0119 j\u0119zyk\u00f3w obcych.<\/p>\n<h2>Twoja najlepsza rada?<\/h2>\n<ol><li>Nie staraj si\u0119 szuka\u0107 dziewczyny, poniewa\u017c twoja relacja si\u0119 sko\u0144czy, gdy tylko wyjedziesz, co jest nieuniknione.<\/li>\n<li>Sp\u0119dzaj jak najwi\u0119cej czasu z przyjaci\u00f3\u0142mi i rodzin\u0105 goszcz\u0105c\u0105.<\/li>\n<li>Od\u0142\u0105cz si\u0119 od telefonu.<\/li><\/ol>\n<h2>Dlaczego wybra\u0142e\u015b STS?<\/h2>\n<p>Poniewa\u017c moi znajomi polecili mi STS i oferowali wymian\u0119 licealn\u0105 w Kanadzie.<\/p>\n<h2>Czy by\u0142e\u015b zadowolony z STS?<\/h2>\n<p>Tak, bardzo. Zawsze odpowiadano na wszystkie moje pytania i wszystko odbywa\u0142o si\u0119 profesjonalnie.<\/p>\n<h2>Co teraz robisz?<\/h2>\n<p>Nadal chodz\u0119 do szko\u0142y w Szwajcarii i uko\u0144cz\u0119 j\u0105 latem 2024 roku.<\/p>\n<h2>Jak wymiana wp\u0142ynie na Twoj\u0105 przysz\u0142o\u015b\u0107?<\/h2>\n<p>Na kilka sposob\u00f3w. Poprawi\u0142em sw\u00f3j angielski, co jest bardzo wa\u017cne w kontek\u015bcie tego, co chcia\u0142bym robi\u0107 w przysz\u0142o\u015bci. Pozna\u0142em te\u017c kilku przyjaci\u00f3\u0142, kt\u00f3rych prawdopodobnie b\u0119d\u0105 nimi ju\u017c ca\u0142e \u017cycie. Dzi\u0119ki wymianie sta\u0142em si\u0119 te\u017c bardziej dojrza\u0142y, poniewa\u017c nie mia\u0142em rodzic\u00f3w przy sobie przez ca\u0142y czas.<\/p>\n<h2>Dowiedz si\u0119 wi\u0119cej<\/h2>\n<ul><li>Przeczytaj wi\u0119cej <a href=\"https:\/\/www.sts-education.com\/pl\/szkola-srednia\/uczniowie-na-wymianie\/historie-uczniow\/?hashtag=Kanada\">historii uczni\u00f3w z Kanady<\/a><\/li>\n<li>Przeczytaj wi\u0119cej o <a href=\"https:\/\/www.sts-education.com\/pl\/szkola-srednia\/kierunki-wyjazdowe\/ameryka-polnocna\/kanada\/\">wymianie licealnej w Kanadzie<\/a><\/li>\n<li>Zobacz <a href=\"\/pl\/high-school\/tripfinder\/\">wszystkie miejsca docelowe naszych wymian licealnych<\/a><\/li><\/ul>\n<\/div><\/div><\/div>\n","protected":false},"excerpt":{"rendered":"","protected":false},"author":20,"featured_media":14466,"comment_status":"open","ping_status":"open","sticky":false,"template":"","format":"standard","meta":{"_acf_changed":false,"_yoast_wpseo_title":"Cedric sp\u0119dzi\u0142a rok za granic\u0105 w Kanadzie","_yoast_wpseo_metadesc":"Pojecha\u0142em do Kanady, g\u0142\u00f3wnie dlatego, \u017ce moi rodzice uznali j\u0105 za bezpieczniejsz\u0105 alternatyw\u0119 dla USA, gdzie pierwotnie chcia\u0142em pojecha\u0107.","footnotes":""},"categories":[265],"tags":[1014],"wpw_post_folders":[],"class_list":["post-11135","post","type-post","status-publish","format-standard","has-post-thumbnail","hentry","category-bez-kategorii","tag-kanada"],"acf":[],"yoast_head":"<!-- This site is optimized with the Yoast SEO Premium plugin v27.2 (Yoast SEO v27.2) - https:\/\/yoast.com\/product\/yoast-seo-premium-wordpress\/ -->\n<title>Cedric sp\u0119dzi\u0142a rok za granic\u0105 w Kanadzie<\/title>\n<meta name=\"description\" content=\"Pojecha\u0142em do Kanady, g\u0142\u00f3wnie dlatego, \u017ce moi rodzice uznali j\u0105 za bezpieczniejsz\u0105 alternatyw\u0119 dla USA, gdzie pierwotnie chcia\u0142em pojecha\u0107.\" \/>\n<meta name=\"robots\" content=\"index, follow, max-snippet:-1, max-image-preview:large, max-video-preview:-1\" \/>\n<link rel=\"canonical\" href=\"https:\/\/www.sts-education.com\/pl\/szkola-srednia\/uczniowie-na-wymianie\/historie-uczniow\/cedric-spedzil-rok-za-granica-w-kanadzie\/\" \/>\n<meta property=\"og:locale\" content=\"pl_PL\" \/>\n<meta property=\"og:type\" content=\"article\" \/>\n<meta property=\"og:title\" content=\"Cedric Spedzil Rok Za Granica W Kanadzie\" \/>\n<meta property=\"og:description\" content=\"Pojecha\u0142em do Kanady, g\u0142\u00f3wnie dlatego, \u017ce moi rodzice uznali j\u0105 za bezpieczniejsz\u0105 alternatyw\u0119 dla USA, gdzie pierwotnie chcia\u0142em pojecha\u0107.\" \/>\n<meta property=\"og:url\" content=\"https:\/\/www.sts-education.com\/pl\/szkola-srednia\/uczniowie-na-wymianie\/historie-uczniow\/cedric-spedzil-rok-za-granica-w-kanadzie\/\" \/>\n<meta property=\"og:site_name\" content=\"STS Education\" \/>\n<meta property=\"article:published_time\" content=\"2023-04-26T11:00:00+00:00\" \/>\n<meta property=\"article:modified_time\" content=\"2026-04-14T10:23:46+00:00\" \/>\n<meta property=\"og:image\" content=\"https:\/\/powered-by.qbank.se\/educatius\/sts\/\/3d2c58b49ad56f76a00a991fdb283798_1-1-thumb.webp\" \/>\n\t<meta property=\"og:image:width\" content=\"150\" \/>\n\t<meta property=\"og:image:height\" content=\"150\" \/>\n\t<meta property=\"og:image:type\" content=\"image\/jpeg\" \/>\n<meta name=\"author\" content=\"syncreadwrite\" \/>\n<meta name=\"twitter:card\" content=\"summary_large_image\" \/>\n<meta name=\"twitter:label1\" content=\"Napisane przez\" \/>\n\t<meta name=\"twitter:data1\" content=\"syncreadwrite\" \/>\n\t<meta name=\"twitter:label2\" content=\"Szacowany czas czytania\" \/>\n\t<meta name=\"twitter:data2\" content=\"4 minuty\" \/>\n<script type=\"application\/ld+json\" class=\"yoast-schema-graph\">{\"@context\":\"https:\/\/schema.org\",\"@graph\":[{\"@type\":\"Article\",\"@id\":\"https:\/\/www.sts-education.com\/pl\/szkola-srednia\/uczniowie-na-wymianie\/historie-uczniow\/cedric-spedzil-rok-za-granica-w-kanadzie\/#article\",\"isPartOf\":{\"@id\":\"https:\/\/www.sts-education.com\/pl\/szkola-srednia\/uczniowie-na-wymianie\/historie-uczniow\/cedric-spedzil-rok-za-granica-w-kanadzie\/\"},\"author\":{\"name\":\"syncreadwrite\",\"@id\":\"https:\/\/www.sts-education.com\/pl\/#\/schema\/person\/8b82f3a2e45f020b8f296d7a85d9a97c\"},\"headline\":\"Cedric Spedzil Rok Za Granica W Kanadzie\",\"datePublished\":\"2023-04-26T11:00:00+00:00\",\"dateModified\":\"2026-04-14T10:23:46+00:00\",\"mainEntityOfPage\":{\"@id\":\"https:\/\/www.sts-education.com\/pl\/szkola-srednia\/uczniowie-na-wymianie\/historie-uczniow\/cedric-spedzil-rok-za-granica-w-kanadzie\/\"},\"wordCount\":731,\"commentCount\":0,\"image\":{\"@id\":\"https:\/\/www.sts-education.com\/pl\/szkola-srednia\/uczniowie-na-wymianie\/historie-uczniow\/cedric-spedzil-rok-za-granica-w-kanadzie\/#primaryimage\"},\"thumbnailUrl\":\"https:\/\/powered-by.qbank.se\/educatius\/sts\/\/3d2c58b49ad56f76a00a991fdb283798_1-1-thumb.webp\",\"keywords\":[\"Kanada\"],\"inLanguage\":\"pl-PL\",\"potentialAction\":[{\"@type\":\"CommentAction\",\"name\":\"Comment\",\"target\":[\"https:\/\/www.sts-education.com\/pl\/szkola-srednia\/uczniowie-na-wymianie\/historie-uczniow\/cedric-spedzil-rok-za-granica-w-kanadzie\/#respond\"]}]},{\"@type\":\"WebPage\",\"@id\":\"https:\/\/www.sts-education.com\/pl\/szkola-srednia\/uczniowie-na-wymianie\/historie-uczniow\/cedric-spedzil-rok-za-granica-w-kanadzie\/\",\"url\":\"https:\/\/www.sts-education.com\/pl\/szkola-srednia\/uczniowie-na-wymianie\/historie-uczniow\/cedric-spedzil-rok-za-granica-w-kanadzie\/\",\"name\":\"Cedric sp\u0119dzi\u0142a rok za granic\u0105 w Kanadzie\",\"isPartOf\":{\"@id\":\"https:\/\/www.sts-education.com\/pl\/#website\"},\"primaryImageOfPage\":{\"@id\":\"https:\/\/www.sts-education.com\/pl\/szkola-srednia\/uczniowie-na-wymianie\/historie-uczniow\/cedric-spedzil-rok-za-granica-w-kanadzie\/#primaryimage\"},\"image\":{\"@id\":\"https:\/\/www.sts-education.com\/pl\/szkola-srednia\/uczniowie-na-wymianie\/historie-uczniow\/cedric-spedzil-rok-za-granica-w-kanadzie\/#primaryimage\"},\"thumbnailUrl\":\"https:\/\/powered-by.qbank.se\/educatius\/sts\/\/3d2c58b49ad56f76a00a991fdb283798_1-1-thumb.webp\",\"datePublished\":\"2023-04-26T11:00:00+00:00\",\"dateModified\":\"2026-04-14T10:23:46+00:00\",\"author\":{\"@id\":\"https:\/\/www.sts-education.com\/pl\/#\/schema\/person\/8b82f3a2e45f020b8f296d7a85d9a97c\"},\"description\":\"Pojecha\u0142em do Kanady, g\u0142\u00f3wnie dlatego, \u017ce moi rodzice uznali j\u0105 za bezpieczniejsz\u0105 alternatyw\u0119 dla USA, gdzie pierwotnie chcia\u0142em pojecha\u0107.\",\"breadcrumb\":{\"@id\":\"https:\/\/www.sts-education.com\/pl\/szkola-srednia\/uczniowie-na-wymianie\/historie-uczniow\/cedric-spedzil-rok-za-granica-w-kanadzie\/#breadcrumb\"},\"inLanguage\":\"pl-PL\",\"potentialAction\":[{\"@type\":\"ReadAction\",\"target\":[\"https:\/\/www.sts-education.com\/pl\/szkola-srednia\/uczniowie-na-wymianie\/historie-uczniow\/cedric-spedzil-rok-za-granica-w-kanadzie\/\"]}]},{\"@type\":\"ImageObject\",\"inLanguage\":\"pl-PL\",\"@id\":\"https:\/\/www.sts-education.com\/pl\/szkola-srednia\/uczniowie-na-wymianie\/historie-uczniow\/cedric-spedzil-rok-za-granica-w-kanadzie\/#primaryimage\",\"url\":\"https:\/\/powered-by.qbank.se\/educatius\/sts\/\/3d2c58b49ad56f76a00a991fdb283798_1-1-thumb.webp\",\"contentUrl\":\"https:\/\/powered-by.qbank.se\/educatius\/sts\/\/3d2c58b49ad56f76a00a991fdb283798_1-1-thumb.webp\",\"width\":150,\"height\":150},{\"@type\":\"BreadcrumbList\",\"@id\":\"https:\/\/www.sts-education.com\/pl\/szkola-srednia\/uczniowie-na-wymianie\/historie-uczniow\/cedric-spedzil-rok-za-granica-w-kanadzie\/#breadcrumb\",\"itemListElement\":[{\"@type\":\"ListItem\",\"position\":1,\"name\":\"Home\",\"item\":\"https:\/\/www.sts-education.com\/pl\/\"},{\"@type\":\"ListItem\",\"position\":2,\"name\":\"Cedric Spedzil Rok Za Granica W Kanadzie\"}]},{\"@type\":\"WebSite\",\"@id\":\"https:\/\/www.sts-education.com\/pl\/#website\",\"url\":\"https:\/\/www.sts-education.com\/pl\/\",\"name\":\"STS Education\",\"description\":\"\",\"potentialAction\":[{\"@type\":\"SearchAction\",\"target\":{\"@type\":\"EntryPoint\",\"urlTemplate\":\"https:\/\/www.sts-education.com\/pl\/?s={search_term_string}\"},\"query-input\":{\"@type\":\"PropertyValueSpecification\",\"valueRequired\":true,\"valueName\":\"search_term_string\"}}],\"inLanguage\":\"pl-PL\"},{\"@type\":\"Person\",\"@id\":\"https:\/\/www.sts-education.com\/pl\/#\/schema\/person\/8b82f3a2e45f020b8f296d7a85d9a97c\",\"name\":\"syncreadwrite\",\"image\":{\"@type\":\"ImageObject\",\"inLanguage\":\"pl-PL\",\"@id\":\"https:\/\/secure.gravatar.com\/avatar\/6ed1007e4f6f43f22e3df41d9fce4365533cba47fef64bb359b8e629abbc2ea6?s=96&d=mm&r=g\",\"url\":\"https:\/\/secure.gravatar.com\/avatar\/6ed1007e4f6f43f22e3df41d9fce4365533cba47fef64bb359b8e629abbc2ea6?s=96&d=mm&r=g\",\"contentUrl\":\"https:\/\/secure.gravatar.com\/avatar\/6ed1007e4f6f43f22e3df41d9fce4365533cba47fef64bb359b8e629abbc2ea6?s=96&d=mm&r=g\",\"caption\":\"syncreadwrite\"},\"url\":\"https:\/\/www.sts-education.com\/pl\/author\/syncreadwrite\/\"}]}<\/script>\n<!-- \/ Yoast SEO Premium plugin. -->","yoast_head_json":{"title":"Cedric sp\u0119dzi\u0142a rok za granic\u0105 w Kanadzie","description":"Pojecha\u0142em do Kanady, g\u0142\u00f3wnie dlatego, \u017ce moi rodzice uznali j\u0105 za bezpieczniejsz\u0105 alternatyw\u0119 dla USA, gdzie pierwotnie chcia\u0142em pojecha\u0107.","robots":{"index":"index","follow":"follow","max-snippet":"max-snippet:-1","max-image-preview":"max-image-preview:large","max-video-preview":"max-video-preview:-1"},"canonical":"https:\/\/www.sts-education.com\/pl\/szkola-srednia\/uczniowie-na-wymianie\/historie-uczniow\/cedric-spedzil-rok-za-granica-w-kanadzie\/","og_locale":"pl_PL","og_type":"article","og_title":"Cedric Spedzil Rok Za Granica W Kanadzie","og_description":"Pojecha\u0142em do Kanady, g\u0142\u00f3wnie dlatego, \u017ce moi rodzice uznali j\u0105 za bezpieczniejsz\u0105 alternatyw\u0119 dla USA, gdzie pierwotnie chcia\u0142em pojecha\u0107.","og_url":"https:\/\/www.sts-education.com\/pl\/szkola-srednia\/uczniowie-na-wymianie\/historie-uczniow\/cedric-spedzil-rok-za-granica-w-kanadzie\/","og_site_name":"STS Education","article_published_time":"2023-04-26T11:00:00+00:00","article_modified_time":"2026-04-14T10:23:46+00:00","og_image":[{"width":150,"height":150,"url":"https:\/\/powered-by.qbank.se\/educatius\/sts\/\/3d2c58b49ad56f76a00a991fdb283798_1-1-thumb.webp","type":"image\/jpeg"}],"author":"syncreadwrite","twitter_card":"summary_large_image","twitter_misc":{"Napisane przez":"syncreadwrite","Szacowany czas czytania":"4 minuty"},"schema":{"@context":"https:\/\/schema.org","@graph":[{"@type":"Article","@id":"https:\/\/www.sts-education.com\/pl\/szkola-srednia\/uczniowie-na-wymianie\/historie-uczniow\/cedric-spedzil-rok-za-granica-w-kanadzie\/#article","isPartOf":{"@id":"https:\/\/www.sts-education.com\/pl\/szkola-srednia\/uczniowie-na-wymianie\/historie-uczniow\/cedric-spedzil-rok-za-granica-w-kanadzie\/"},"author":{"name":"syncreadwrite","@id":"https:\/\/www.sts-education.com\/pl\/#\/schema\/person\/8b82f3a2e45f020b8f296d7a85d9a97c"},"headline":"Cedric Spedzil Rok Za Granica W Kanadzie","datePublished":"2023-04-26T11:00:00+00:00","dateModified":"2026-04-14T10:23:46+00:00","mainEntityOfPage":{"@id":"https:\/\/www.sts-education.com\/pl\/szkola-srednia\/uczniowie-na-wymianie\/historie-uczniow\/cedric-spedzil-rok-za-granica-w-kanadzie\/"},"wordCount":731,"commentCount":0,"image":{"@id":"https:\/\/www.sts-education.com\/pl\/szkola-srednia\/uczniowie-na-wymianie\/historie-uczniow\/cedric-spedzil-rok-za-granica-w-kanadzie\/#primaryimage"},"thumbnailUrl":"https:\/\/powered-by.qbank.se\/educatius\/sts\/\/3d2c58b49ad56f76a00a991fdb283798_1-1-thumb.webp","keywords":["Kanada"],"inLanguage":"pl-PL","potentialAction":[{"@type":"CommentAction","name":"Comment","target":["https:\/\/www.sts-education.com\/pl\/szkola-srednia\/uczniowie-na-wymianie\/historie-uczniow\/cedric-spedzil-rok-za-granica-w-kanadzie\/#respond"]}]},{"@type":"WebPage","@id":"https:\/\/www.sts-education.com\/pl\/szkola-srednia\/uczniowie-na-wymianie\/historie-uczniow\/cedric-spedzil-rok-za-granica-w-kanadzie\/","url":"https:\/\/www.sts-education.com\/pl\/szkola-srednia\/uczniowie-na-wymianie\/historie-uczniow\/cedric-spedzil-rok-za-granica-w-kanadzie\/","name":"Cedric sp\u0119dzi\u0142a rok za granic\u0105 w Kanadzie","isPartOf":{"@id":"https:\/\/www.sts-education.com\/pl\/#website"},"primaryImageOfPage":{"@id":"https:\/\/www.sts-education.com\/pl\/szkola-srednia\/uczniowie-na-wymianie\/historie-uczniow\/cedric-spedzil-rok-za-granica-w-kanadzie\/#primaryimage"},"image":{"@id":"https:\/\/www.sts-education.com\/pl\/szkola-srednia\/uczniowie-na-wymianie\/historie-uczniow\/cedric-spedzil-rok-za-granica-w-kanadzie\/#primaryimage"},"thumbnailUrl":"https:\/\/powered-by.qbank.se\/educatius\/sts\/\/3d2c58b49ad56f76a00a991fdb283798_1-1-thumb.webp","datePublished":"2023-04-26T11:00:00+00:00","dateModified":"2026-04-14T10:23:46+00:00","author":{"@id":"https:\/\/www.sts-education.com\/pl\/#\/schema\/person\/8b82f3a2e45f020b8f296d7a85d9a97c"},"description":"Pojecha\u0142em do Kanady, g\u0142\u00f3wnie dlatego, \u017ce moi rodzice uznali j\u0105 za bezpieczniejsz\u0105 alternatyw\u0119 dla USA, gdzie pierwotnie chcia\u0142em pojecha\u0107.","breadcrumb":{"@id":"https:\/\/www.sts-education.com\/pl\/szkola-srednia\/uczniowie-na-wymianie\/historie-uczniow\/cedric-spedzil-rok-za-granica-w-kanadzie\/#breadcrumb"},"inLanguage":"pl-PL","potentialAction":[{"@type":"ReadAction","target":["https:\/\/www.sts-education.com\/pl\/szkola-srednia\/uczniowie-na-wymianie\/historie-uczniow\/cedric-spedzil-rok-za-granica-w-kanadzie\/"]}]},{"@type":"ImageObject","inLanguage":"pl-PL","@id":"https:\/\/www.sts-education.com\/pl\/szkola-srednia\/uczniowie-na-wymianie\/historie-uczniow\/cedric-spedzil-rok-za-granica-w-kanadzie\/#primaryimage","url":"https:\/\/powered-by.qbank.se\/educatius\/sts\/\/3d2c58b49ad56f76a00a991fdb283798_1-1-thumb.webp","contentUrl":"https:\/\/powered-by.qbank.se\/educatius\/sts\/\/3d2c58b49ad56f76a00a991fdb283798_1-1-thumb.webp","width":150,"height":150},{"@type":"BreadcrumbList","@id":"https:\/\/www.sts-education.com\/pl\/szkola-srednia\/uczniowie-na-wymianie\/historie-uczniow\/cedric-spedzil-rok-za-granica-w-kanadzie\/#breadcrumb","itemListElement":[{"@type":"ListItem","position":1,"name":"Home","item":"https:\/\/www.sts-education.com\/pl\/"},{"@type":"ListItem","position":2,"name":"Cedric Spedzil Rok Za Granica W Kanadzie"}]},{"@type":"WebSite","@id":"https:\/\/www.sts-education.com\/pl\/#website","url":"https:\/\/www.sts-education.com\/pl\/","name":"STS Education","description":"","potentialAction":[{"@type":"SearchAction","target":{"@type":"EntryPoint","urlTemplate":"https:\/\/www.sts-education.com\/pl\/?s={search_term_string}"},"query-input":{"@type":"PropertyValueSpecification","valueRequired":true,"valueName":"search_term_string"}}],"inLanguage":"pl-PL"},{"@type":"Person","@id":"https:\/\/www.sts-education.com\/pl\/#\/schema\/person\/8b82f3a2e45f020b8f296d7a85d9a97c","name":"syncreadwrite","image":{"@type":"ImageObject","inLanguage":"pl-PL","@id":"https:\/\/secure.gravatar.com\/avatar\/6ed1007e4f6f43f22e3df41d9fce4365533cba47fef64bb359b8e629abbc2ea6?s=96&d=mm&r=g","url":"https:\/\/secure.gravatar.com\/avatar\/6ed1007e4f6f43f22e3df41d9fce4365533cba47fef64bb359b8e629abbc2ea6?s=96&d=mm&r=g","contentUrl":"https:\/\/secure.gravatar.com\/avatar\/6ed1007e4f6f43f22e3df41d9fce4365533cba47fef64bb359b8e629abbc2ea6?s=96&d=mm&r=g","caption":"syncreadwrite"},"url":"https:\/\/www.sts-education.com\/pl\/author\/syncreadwrite\/"}]}},"_links":{"self":[{"href":"https:\/\/www.sts-education.com\/pl\/wp-json\/wp\/v2\/posts\/11135","targetHints":{"allow":["GET"]}}],"collection":[{"href":"https:\/\/www.sts-education.com\/pl\/wp-json\/wp\/v2\/posts"}],"about":[{"href":"https:\/\/www.sts-education.com\/pl\/wp-json\/wp\/v2\/types\/post"}],"author":[{"embeddable":true,"href":"https:\/\/www.sts-education.com\/pl\/wp-json\/wp\/v2\/users\/20"}],"replies":[{"embeddable":true,"href":"https:\/\/www.sts-education.com\/pl\/wp-json\/wp\/v2\/comments?post=11135"}],"version-history":[{"count":4,"href":"https:\/\/www.sts-education.com\/pl\/wp-json\/wp\/v2\/posts\/11135\/revisions"}],"predecessor-version":[{"id":34437,"href":"https:\/\/www.sts-education.com\/pl\/wp-json\/wp\/v2\/posts\/11135\/revisions\/34437"}],"wp:featuredmedia":[{"embeddable":true,"href":"https:\/\/www.sts-education.com\/pl\/wp-json\/wp\/v2\/media\/14466"}],"wp:attachment":[{"href":"https:\/\/www.sts-education.com\/pl\/wp-json\/wp\/v2\/media?parent=11135"}],"wp:term":[{"taxonomy":"category","embeddable":true,"href":"https:\/\/www.sts-education.com\/pl\/wp-json\/wp\/v2\/categories?post=11135"},{"taxonomy":"post_tag","embeddable":true,"href":"https:\/\/www.sts-education.com\/pl\/wp-json\/wp\/v2\/tags?post=11135"},{"taxonomy":"wpw_post_folders","embeddable":true,"href":"https:\/\/www.sts-education.com\/pl\/wp-json\/wp\/v2\/wpw_post_folders?post=11135"}],"curies":[{"name":"wp","href":"https:\/\/api.w.org\/{rel}","templated":true}]}}