{"id":11138,"date":"2023-03-30T12:00:00","date_gmt":"2023-03-30T10:00:00","guid":{"rendered":"https:\/\/preprod.sts-education.com\/blog\/2026\/03\/05\/johan-zdecydowal-sie-na-nauke-w-japonii\/"},"modified":"2026-04-14T10:23:57","modified_gmt":"2026-04-14T10:23:57","slug":"johan-zdecydowal-sie-na-nauke-w-japonii","status":"publish","type":"post","link":"https:\/\/www.sts-education.com\/pl\/szkola-srednia\/uczniowie-na-wymianie\/historie-uczniow\/johan-zdecydowal-sie-na-nauke-w-japonii\/","title":{"rendered":"Johan Zdecydowal Sie Na Nauke W Japonii"},"content":{"rendered":"\n<div class=\"wp-block-sts-text sts-text-editor has-max-width-md\"><div class=\"sts-text-editor__content\"><div class=\"sts-text-editor__content-inner\">\n<h1 style=\"text-align:center\">Johan zdecydowa\u0142 si\u0119 na nauk\u0119 w Japonii<\/h1>\n<\/div><\/div><\/div>\n\n\n\n<div class=\"wp-block-sts-text sts-text-editor has-max-width-md\"><div class=\"sts-text-editor__content\"><div class=\"sts-text-editor__content-inner\">\n<p><em>Johan z Norwegii jest na wymianie w Tokio w Japonii. Oto jego historia.<\/em><\/p>\n<h2>Nie spodziewa\u0142am si\u0119 takiej ilo\u015bci do\u015bwiadcze\u0144<\/h2>\n<p>Opuszcza\u0142am Norwegi\u0119 z mglistym wyobra\u017ceniem tego, czego si\u0119 naucz\u0119 i czego do\u015bwiadcz\u0119. S\u0142ysza\u0142am od innych uczestnik\u00f3w wymiany, \u017ce dzi\u0119ki wyjazdowi mo\u017cna si\u0119 rozwin\u0105\u0107 i pozna\u0107 nowych przyjaci\u00f3\u0142, ale nie by\u0142em przygotowany na tak dog\u0142\u0119bn\u0105 wiedz\u0119 o japo\u0144skiej kulturze, ludziach i o samym sobie. W ci\u0105gu ostatnich 6 miesi\u0119cy rozwin\u0105\u0142em si\u0119, nauczy\u0142em si\u0119 i osi\u0105gn\u0105\u0142em wi\u0119cej ni\u017c przez 3 lata w domu. Do tego etapu w mojej podr\u00f3\u017cy mia\u0142em okazj\u0119 podzieli\u0107 si\u0119 mn\u00f3stwem niesamowitych, dobrych, z\u0142ych i smutnych wspomnie\u0144 z lud\u017ami, kt\u00f3rzy na zawsze pozostan\u0105 w mojej pami\u0119ci. Znalaz\u0142em przyjaci\u00f3\u0142 na ca\u0142e \u017cycie; ludzi, kt\u00f3rych teraz mog\u0119 nazwa\u0107 cz\u0119\u015bci\u0105 mojej rodziny.<\/p>\n<h2>Japo\u0144czycy naprawd\u0119 zmienili m\u00f3j spos\u00f3b my\u015blenia<\/h2>\n<p>Kiedy pierwszy raz przyjecha\u0142em do Japonii, obieca\u0142em sobie, \u017ce spr\u00f3buj\u0119 robi\u0107 rzeczy wykraczaj\u0105ce poza moj\u0105 stref\u0119 komfortu. Codziennie wychodz\u0119 z domu, \u017ceby odwiedzi\u0107 kolejn\u0105 restauracj\u0119 lub s\u0142ynny budynek, spotka\u0107 si\u0119 z kim\u015b lub podj\u0105\u0107 si\u0119 jakich\u015b drobnych zaj\u0119\u0107, np. nauczania j\u0119zyka angielskiego, pracy na plantacji winoro\u015bli lub pomocy przy japo\u0144skim festiwalu. Japo\u0144czycy naprawd\u0119 zmienili moje podej\u015bcie do wielu r\u00f3\u017cnych kwestii. Ich pogl\u0105dy na temat szcz\u0119\u015bcia, szko\u0142y, wolno\u015bci, tego, jak post\u0119powa\u0107 wobec innych i wielu innych kwestii, s\u0105 niezwykle fascynuj\u0105ce i ca\u0142kowicie mnie odmieni\u0142y. Oczywi\u015bcie, \u017cycie samemu w obcym kraju nie zawsze jest \u0142atwe i musia\u0142em stawi\u0107 czo\u0142a wielu wyzwaniom. Ale dzi\u0119ki cierpliwo\u015bci i wsparciu uda\u0142o mi si\u0119 przezwyci\u0119\u017cy\u0107 trudno\u015bci i rozwin\u0105\u0107 si\u0119.<\/p>\n<p>Ludzie reprezentuj\u0105cy inne kultury cz\u0119sto my\u015bl\u0105 inaczej ni\u017c ty. Moja rada dla przysz\u0142ych uczestnik\u00f3w wymiany to nauczy\u0107 si\u0119 rozumie\u0107, na czym polega ten spos\u00f3b my\u015blenia, pozna\u0107 ludzi, zrozumie\u0107 ich i na pewno du\u017co zyskasz.<\/p>\n<h2>Ciesz\u0119 si\u0119, \u017ce mog\u0142em pojecha\u0107 na t\u0119 wymian\u0119<\/h2>\n<p>Gdybym dwa lata temu cofn\u0105\u0142 si\u0119 w czasie i powiedzia\u0142 sobie, \u017ce dzi\u015b b\u0119d\u0119 na wymianie w Japonii, prze\u017cyj\u0119 przygod\u0119 \u017cycia, b\u0119d\u0119 m\u00f3wi\u0107 po japo\u0144sku, mie\u0107 wspania\u0142ych przyjaci\u00f3\u0142 i marzenia, kt\u00f3re staram si\u0119 spe\u0142nia\u0107, a przy tym b\u0119d\u0119 czu\u0142 g\u0142\u0119bok\u0105 wdzi\u0119czno\u015b\u0107 i mi\u0142o\u015b\u0107 do mojej rodziny i przyjaci\u00f3\u0142, nie uwierzy\u0142abym w to, co w\u0142a\u015bnie wysz\u0142o z moich ust. Ciesz\u0119 si\u0119, \u017ce mog\u0142em pojecha\u0107 na t\u0119 wymian\u0119. To fascynuj\u0105ce miejsce na Ziemi, kt\u00f3rego kultura, spos\u00f3b my\u015blenia i j\u0119zyk s\u0105 zupe\u0142nie inne od moich, odmieni\u0142o moje \u017cycie na lepsze. Bardzo dzi\u0119kuj\u0119.<\/p>\n<h2>Dowiedz si\u0119 wi\u0119cej<\/h2>\n<ul><li>Przeczytaj wi\u0119cej <a href=\"https:\/\/www.sts-education.com\/pl\/szkola-srednia\/uczniowie-na-wymianie\/historie-uczniow\/?hashtag=Japonia\">historii uczni\u00f3w z Japonii<\/a><\/li>\n<li>Przeczytaj wi\u0119cej o <a href=\"https:\/\/www.sts-education.com\/pl\/szkola-srednia\/kierunki-wyjazdowe\/azja\/japonia\/\">wymianie licealnej w Japonii<\/a><\/li>\n<li>Zobacz <a href=\"\/pl\/high-school\/tripfinder\/\">wszystkie miejsca docelowe naszych wymian licealnych<\/a><\/li><\/ul>\n<\/div><\/div><\/div>\n","protected":false},"excerpt":{"rendered":"","protected":false},"author":20,"featured_media":14472,"comment_status":"open","ping_status":"open","sticky":false,"template":"","format":"standard","meta":{"_acf_changed":false,"_yoast_wpseo_title":"Johan zdecydowa\u0142 si\u0119 na nauk\u0119 w Japonii","_yoast_wpseo_metadesc":"S\u0142ysza\u0142am od innych uczestnik\u00f3w wymiany, \u017ce dzi\u0119ki wyjazdowi mo\u017cna si\u0119 rozwin\u0105\u0107 i pozna\u0107 nowych przyjaci\u00f3\u0142, ale nie by\u0142em przygotowany na tak dog\u0142\u0119bn\u0105 wiedz\u0119 o japo\u0144skiej kulturze, ludziach i o samym sobie.","footnotes":""},"categories":[265],"tags":[1023],"wpw_post_folders":[],"class_list":["post-11138","post","type-post","status-publish","format-standard","has-post-thumbnail","hentry","category-bez-kategorii","tag-japonia"],"acf":[],"yoast_head":"<!-- This site is optimized with the Yoast SEO Premium plugin v27.2 (Yoast SEO v27.2) - https:\/\/yoast.com\/product\/yoast-seo-premium-wordpress\/ -->\n<title>Johan zdecydowa\u0142 si\u0119 na nauk\u0119 w Japonii<\/title>\n<meta name=\"description\" content=\"S\u0142ysza\u0142am od innych uczestnik\u00f3w wymiany, \u017ce dzi\u0119ki wyjazdowi mo\u017cna si\u0119 rozwin\u0105\u0107 i pozna\u0107 nowych przyjaci\u00f3\u0142, ale nie by\u0142em przygotowany na tak dog\u0142\u0119bn\u0105 wiedz\u0119 o japo\u0144skiej kulturze, ludziach i o samym sobie.\" \/>\n<meta name=\"robots\" content=\"index, follow, max-snippet:-1, max-image-preview:large, max-video-preview:-1\" \/>\n<link rel=\"canonical\" href=\"https:\/\/www.sts-education.com\/pl\/szkola-srednia\/uczniowie-na-wymianie\/historie-uczniow\/johan-zdecydowal-sie-na-nauke-w-japonii\/\" \/>\n<meta property=\"og:locale\" content=\"pl_PL\" \/>\n<meta property=\"og:type\" content=\"article\" \/>\n<meta property=\"og:title\" content=\"Johan Zdecydowal Sie Na Nauke W Japonii\" \/>\n<meta property=\"og:description\" content=\"S\u0142ysza\u0142am od innych uczestnik\u00f3w wymiany, \u017ce dzi\u0119ki wyjazdowi mo\u017cna si\u0119 rozwin\u0105\u0107 i pozna\u0107 nowych przyjaci\u00f3\u0142, ale nie by\u0142em przygotowany na tak dog\u0142\u0119bn\u0105 wiedz\u0119 o japo\u0144skiej kulturze, ludziach i o samym sobie.\" \/>\n<meta property=\"og:url\" content=\"https:\/\/www.sts-education.com\/pl\/szkola-srednia\/uczniowie-na-wymianie\/historie-uczniow\/johan-zdecydowal-sie-na-nauke-w-japonii\/\" \/>\n<meta property=\"og:site_name\" content=\"STS Education\" \/>\n<meta property=\"article:published_time\" content=\"2023-03-30T10:00:00+00:00\" \/>\n<meta property=\"article:modified_time\" content=\"2026-04-14T10:23:57+00:00\" \/>\n<meta property=\"og:image\" content=\"https:\/\/powered-by.qbank.se\/educatius\/sts\/\/d668b2ff5c6d1765a4a8eaa31e665e8d_1-1-thumb.webp\" \/>\n\t<meta property=\"og:image:width\" content=\"150\" \/>\n\t<meta property=\"og:image:height\" content=\"150\" \/>\n\t<meta property=\"og:image:type\" content=\"image\/jpeg\" \/>\n<meta name=\"author\" content=\"syncreadwrite\" \/>\n<meta name=\"twitter:card\" content=\"summary_large_image\" \/>\n<meta name=\"twitter:label1\" content=\"Napisane przez\" \/>\n\t<meta name=\"twitter:data1\" content=\"syncreadwrite\" \/>\n\t<meta name=\"twitter:label2\" content=\"Szacowany czas czytania\" \/>\n\t<meta name=\"twitter:data2\" content=\"2 minuty\" \/>\n<script type=\"application\/ld+json\" class=\"yoast-schema-graph\">{\"@context\":\"https:\/\/schema.org\",\"@graph\":[{\"@type\":\"Article\",\"@id\":\"https:\/\/www.sts-education.com\/pl\/szkola-srednia\/uczniowie-na-wymianie\/historie-uczniow\/johan-zdecydowal-sie-na-nauke-w-japonii\/#article\",\"isPartOf\":{\"@id\":\"https:\/\/www.sts-education.com\/pl\/szkola-srednia\/uczniowie-na-wymianie\/historie-uczniow\/johan-zdecydowal-sie-na-nauke-w-japonii\/\"},\"author\":{\"name\":\"syncreadwrite\",\"@id\":\"https:\/\/www.sts-education.com\/pl\/#\/schema\/person\/8b82f3a2e45f020b8f296d7a85d9a97c\"},\"headline\":\"Johan Zdecydowal Sie Na Nauke W Japonii\",\"datePublished\":\"2023-03-30T10:00:00+00:00\",\"dateModified\":\"2026-04-14T10:23:57+00:00\",\"mainEntityOfPage\":{\"@id\":\"https:\/\/www.sts-education.com\/pl\/szkola-srednia\/uczniowie-na-wymianie\/historie-uczniow\/johan-zdecydowal-sie-na-nauke-w-japonii\/\"},\"wordCount\":504,\"commentCount\":0,\"image\":{\"@id\":\"https:\/\/www.sts-education.com\/pl\/szkola-srednia\/uczniowie-na-wymianie\/historie-uczniow\/johan-zdecydowal-sie-na-nauke-w-japonii\/#primaryimage\"},\"thumbnailUrl\":\"https:\/\/powered-by.qbank.se\/educatius\/sts\/\/d668b2ff5c6d1765a4a8eaa31e665e8d_1-1-thumb.webp\",\"keywords\":[\"Japonia\"],\"inLanguage\":\"pl-PL\",\"potentialAction\":[{\"@type\":\"CommentAction\",\"name\":\"Comment\",\"target\":[\"https:\/\/www.sts-education.com\/pl\/szkola-srednia\/uczniowie-na-wymianie\/historie-uczniow\/johan-zdecydowal-sie-na-nauke-w-japonii\/#respond\"]}]},{\"@type\":\"WebPage\",\"@id\":\"https:\/\/www.sts-education.com\/pl\/szkola-srednia\/uczniowie-na-wymianie\/historie-uczniow\/johan-zdecydowal-sie-na-nauke-w-japonii\/\",\"url\":\"https:\/\/www.sts-education.com\/pl\/szkola-srednia\/uczniowie-na-wymianie\/historie-uczniow\/johan-zdecydowal-sie-na-nauke-w-japonii\/\",\"name\":\"Johan zdecydowa\u0142 si\u0119 na nauk\u0119 w Japonii\",\"isPartOf\":{\"@id\":\"https:\/\/www.sts-education.com\/pl\/#website\"},\"primaryImageOfPage\":{\"@id\":\"https:\/\/www.sts-education.com\/pl\/szkola-srednia\/uczniowie-na-wymianie\/historie-uczniow\/johan-zdecydowal-sie-na-nauke-w-japonii\/#primaryimage\"},\"image\":{\"@id\":\"https:\/\/www.sts-education.com\/pl\/szkola-srednia\/uczniowie-na-wymianie\/historie-uczniow\/johan-zdecydowal-sie-na-nauke-w-japonii\/#primaryimage\"},\"thumbnailUrl\":\"https:\/\/powered-by.qbank.se\/educatius\/sts\/\/d668b2ff5c6d1765a4a8eaa31e665e8d_1-1-thumb.webp\",\"datePublished\":\"2023-03-30T10:00:00+00:00\",\"dateModified\":\"2026-04-14T10:23:57+00:00\",\"author\":{\"@id\":\"https:\/\/www.sts-education.com\/pl\/#\/schema\/person\/8b82f3a2e45f020b8f296d7a85d9a97c\"},\"description\":\"S\u0142ysza\u0142am od innych uczestnik\u00f3w wymiany, \u017ce dzi\u0119ki wyjazdowi mo\u017cna si\u0119 rozwin\u0105\u0107 i pozna\u0107 nowych przyjaci\u00f3\u0142, ale nie by\u0142em przygotowany na tak dog\u0142\u0119bn\u0105 wiedz\u0119 o japo\u0144skiej kulturze, ludziach i o samym sobie.\",\"breadcrumb\":{\"@id\":\"https:\/\/www.sts-education.com\/pl\/szkola-srednia\/uczniowie-na-wymianie\/historie-uczniow\/johan-zdecydowal-sie-na-nauke-w-japonii\/#breadcrumb\"},\"inLanguage\":\"pl-PL\",\"potentialAction\":[{\"@type\":\"ReadAction\",\"target\":[\"https:\/\/www.sts-education.com\/pl\/szkola-srednia\/uczniowie-na-wymianie\/historie-uczniow\/johan-zdecydowal-sie-na-nauke-w-japonii\/\"]}]},{\"@type\":\"ImageObject\",\"inLanguage\":\"pl-PL\",\"@id\":\"https:\/\/www.sts-education.com\/pl\/szkola-srednia\/uczniowie-na-wymianie\/historie-uczniow\/johan-zdecydowal-sie-na-nauke-w-japonii\/#primaryimage\",\"url\":\"https:\/\/powered-by.qbank.se\/educatius\/sts\/\/d668b2ff5c6d1765a4a8eaa31e665e8d_1-1-thumb.webp\",\"contentUrl\":\"https:\/\/powered-by.qbank.se\/educatius\/sts\/\/d668b2ff5c6d1765a4a8eaa31e665e8d_1-1-thumb.webp\",\"width\":150,\"height\":150},{\"@type\":\"BreadcrumbList\",\"@id\":\"https:\/\/www.sts-education.com\/pl\/szkola-srednia\/uczniowie-na-wymianie\/historie-uczniow\/johan-zdecydowal-sie-na-nauke-w-japonii\/#breadcrumb\",\"itemListElement\":[{\"@type\":\"ListItem\",\"position\":1,\"name\":\"Home\",\"item\":\"https:\/\/www.sts-education.com\/pl\/\"},{\"@type\":\"ListItem\",\"position\":2,\"name\":\"Johan Zdecydowal Sie Na Nauke W Japonii\"}]},{\"@type\":\"WebSite\",\"@id\":\"https:\/\/www.sts-education.com\/pl\/#website\",\"url\":\"https:\/\/www.sts-education.com\/pl\/\",\"name\":\"STS Education\",\"description\":\"\",\"potentialAction\":[{\"@type\":\"SearchAction\",\"target\":{\"@type\":\"EntryPoint\",\"urlTemplate\":\"https:\/\/www.sts-education.com\/pl\/?s={search_term_string}\"},\"query-input\":{\"@type\":\"PropertyValueSpecification\",\"valueRequired\":true,\"valueName\":\"search_term_string\"}}],\"inLanguage\":\"pl-PL\"},{\"@type\":\"Person\",\"@id\":\"https:\/\/www.sts-education.com\/pl\/#\/schema\/person\/8b82f3a2e45f020b8f296d7a85d9a97c\",\"name\":\"syncreadwrite\",\"image\":{\"@type\":\"ImageObject\",\"inLanguage\":\"pl-PL\",\"@id\":\"https:\/\/secure.gravatar.com\/avatar\/6ed1007e4f6f43f22e3df41d9fce4365533cba47fef64bb359b8e629abbc2ea6?s=96&d=mm&r=g\",\"url\":\"https:\/\/secure.gravatar.com\/avatar\/6ed1007e4f6f43f22e3df41d9fce4365533cba47fef64bb359b8e629abbc2ea6?s=96&d=mm&r=g\",\"contentUrl\":\"https:\/\/secure.gravatar.com\/avatar\/6ed1007e4f6f43f22e3df41d9fce4365533cba47fef64bb359b8e629abbc2ea6?s=96&d=mm&r=g\",\"caption\":\"syncreadwrite\"},\"url\":\"https:\/\/www.sts-education.com\/pl\/author\/syncreadwrite\/\"}]}<\/script>\n<!-- \/ Yoast SEO Premium plugin. -->","yoast_head_json":{"title":"Johan zdecydowa\u0142 si\u0119 na nauk\u0119 w Japonii","description":"S\u0142ysza\u0142am od innych uczestnik\u00f3w wymiany, \u017ce dzi\u0119ki wyjazdowi mo\u017cna si\u0119 rozwin\u0105\u0107 i pozna\u0107 nowych przyjaci\u00f3\u0142, ale nie by\u0142em przygotowany na tak dog\u0142\u0119bn\u0105 wiedz\u0119 o japo\u0144skiej kulturze, ludziach i o samym sobie.","robots":{"index":"index","follow":"follow","max-snippet":"max-snippet:-1","max-image-preview":"max-image-preview:large","max-video-preview":"max-video-preview:-1"},"canonical":"https:\/\/www.sts-education.com\/pl\/szkola-srednia\/uczniowie-na-wymianie\/historie-uczniow\/johan-zdecydowal-sie-na-nauke-w-japonii\/","og_locale":"pl_PL","og_type":"article","og_title":"Johan Zdecydowal Sie Na Nauke W Japonii","og_description":"S\u0142ysza\u0142am od innych uczestnik\u00f3w wymiany, \u017ce dzi\u0119ki wyjazdowi mo\u017cna si\u0119 rozwin\u0105\u0107 i pozna\u0107 nowych przyjaci\u00f3\u0142, ale nie by\u0142em przygotowany na tak dog\u0142\u0119bn\u0105 wiedz\u0119 o japo\u0144skiej kulturze, ludziach i o samym sobie.","og_url":"https:\/\/www.sts-education.com\/pl\/szkola-srednia\/uczniowie-na-wymianie\/historie-uczniow\/johan-zdecydowal-sie-na-nauke-w-japonii\/","og_site_name":"STS Education","article_published_time":"2023-03-30T10:00:00+00:00","article_modified_time":"2026-04-14T10:23:57+00:00","og_image":[{"width":150,"height":150,"url":"https:\/\/powered-by.qbank.se\/educatius\/sts\/\/d668b2ff5c6d1765a4a8eaa31e665e8d_1-1-thumb.webp","type":"image\/jpeg"}],"author":"syncreadwrite","twitter_card":"summary_large_image","twitter_misc":{"Napisane przez":"syncreadwrite","Szacowany czas czytania":"2 minuty"},"schema":{"@context":"https:\/\/schema.org","@graph":[{"@type":"Article","@id":"https:\/\/www.sts-education.com\/pl\/szkola-srednia\/uczniowie-na-wymianie\/historie-uczniow\/johan-zdecydowal-sie-na-nauke-w-japonii\/#article","isPartOf":{"@id":"https:\/\/www.sts-education.com\/pl\/szkola-srednia\/uczniowie-na-wymianie\/historie-uczniow\/johan-zdecydowal-sie-na-nauke-w-japonii\/"},"author":{"name":"syncreadwrite","@id":"https:\/\/www.sts-education.com\/pl\/#\/schema\/person\/8b82f3a2e45f020b8f296d7a85d9a97c"},"headline":"Johan Zdecydowal Sie Na Nauke W Japonii","datePublished":"2023-03-30T10:00:00+00:00","dateModified":"2026-04-14T10:23:57+00:00","mainEntityOfPage":{"@id":"https:\/\/www.sts-education.com\/pl\/szkola-srednia\/uczniowie-na-wymianie\/historie-uczniow\/johan-zdecydowal-sie-na-nauke-w-japonii\/"},"wordCount":504,"commentCount":0,"image":{"@id":"https:\/\/www.sts-education.com\/pl\/szkola-srednia\/uczniowie-na-wymianie\/historie-uczniow\/johan-zdecydowal-sie-na-nauke-w-japonii\/#primaryimage"},"thumbnailUrl":"https:\/\/powered-by.qbank.se\/educatius\/sts\/\/d668b2ff5c6d1765a4a8eaa31e665e8d_1-1-thumb.webp","keywords":["Japonia"],"inLanguage":"pl-PL","potentialAction":[{"@type":"CommentAction","name":"Comment","target":["https:\/\/www.sts-education.com\/pl\/szkola-srednia\/uczniowie-na-wymianie\/historie-uczniow\/johan-zdecydowal-sie-na-nauke-w-japonii\/#respond"]}]},{"@type":"WebPage","@id":"https:\/\/www.sts-education.com\/pl\/szkola-srednia\/uczniowie-na-wymianie\/historie-uczniow\/johan-zdecydowal-sie-na-nauke-w-japonii\/","url":"https:\/\/www.sts-education.com\/pl\/szkola-srednia\/uczniowie-na-wymianie\/historie-uczniow\/johan-zdecydowal-sie-na-nauke-w-japonii\/","name":"Johan zdecydowa\u0142 si\u0119 na nauk\u0119 w Japonii","isPartOf":{"@id":"https:\/\/www.sts-education.com\/pl\/#website"},"primaryImageOfPage":{"@id":"https:\/\/www.sts-education.com\/pl\/szkola-srednia\/uczniowie-na-wymianie\/historie-uczniow\/johan-zdecydowal-sie-na-nauke-w-japonii\/#primaryimage"},"image":{"@id":"https:\/\/www.sts-education.com\/pl\/szkola-srednia\/uczniowie-na-wymianie\/historie-uczniow\/johan-zdecydowal-sie-na-nauke-w-japonii\/#primaryimage"},"thumbnailUrl":"https:\/\/powered-by.qbank.se\/educatius\/sts\/\/d668b2ff5c6d1765a4a8eaa31e665e8d_1-1-thumb.webp","datePublished":"2023-03-30T10:00:00+00:00","dateModified":"2026-04-14T10:23:57+00:00","author":{"@id":"https:\/\/www.sts-education.com\/pl\/#\/schema\/person\/8b82f3a2e45f020b8f296d7a85d9a97c"},"description":"S\u0142ysza\u0142am od innych uczestnik\u00f3w wymiany, \u017ce dzi\u0119ki wyjazdowi mo\u017cna si\u0119 rozwin\u0105\u0107 i pozna\u0107 nowych przyjaci\u00f3\u0142, ale nie by\u0142em przygotowany na tak dog\u0142\u0119bn\u0105 wiedz\u0119 o japo\u0144skiej kulturze, ludziach i o samym sobie.","breadcrumb":{"@id":"https:\/\/www.sts-education.com\/pl\/szkola-srednia\/uczniowie-na-wymianie\/historie-uczniow\/johan-zdecydowal-sie-na-nauke-w-japonii\/#breadcrumb"},"inLanguage":"pl-PL","potentialAction":[{"@type":"ReadAction","target":["https:\/\/www.sts-education.com\/pl\/szkola-srednia\/uczniowie-na-wymianie\/historie-uczniow\/johan-zdecydowal-sie-na-nauke-w-japonii\/"]}]},{"@type":"ImageObject","inLanguage":"pl-PL","@id":"https:\/\/www.sts-education.com\/pl\/szkola-srednia\/uczniowie-na-wymianie\/historie-uczniow\/johan-zdecydowal-sie-na-nauke-w-japonii\/#primaryimage","url":"https:\/\/powered-by.qbank.se\/educatius\/sts\/\/d668b2ff5c6d1765a4a8eaa31e665e8d_1-1-thumb.webp","contentUrl":"https:\/\/powered-by.qbank.se\/educatius\/sts\/\/d668b2ff5c6d1765a4a8eaa31e665e8d_1-1-thumb.webp","width":150,"height":150},{"@type":"BreadcrumbList","@id":"https:\/\/www.sts-education.com\/pl\/szkola-srednia\/uczniowie-na-wymianie\/historie-uczniow\/johan-zdecydowal-sie-na-nauke-w-japonii\/#breadcrumb","itemListElement":[{"@type":"ListItem","position":1,"name":"Home","item":"https:\/\/www.sts-education.com\/pl\/"},{"@type":"ListItem","position":2,"name":"Johan Zdecydowal Sie Na Nauke W Japonii"}]},{"@type":"WebSite","@id":"https:\/\/www.sts-education.com\/pl\/#website","url":"https:\/\/www.sts-education.com\/pl\/","name":"STS Education","description":"","potentialAction":[{"@type":"SearchAction","target":{"@type":"EntryPoint","urlTemplate":"https:\/\/www.sts-education.com\/pl\/?s={search_term_string}"},"query-input":{"@type":"PropertyValueSpecification","valueRequired":true,"valueName":"search_term_string"}}],"inLanguage":"pl-PL"},{"@type":"Person","@id":"https:\/\/www.sts-education.com\/pl\/#\/schema\/person\/8b82f3a2e45f020b8f296d7a85d9a97c","name":"syncreadwrite","image":{"@type":"ImageObject","inLanguage":"pl-PL","@id":"https:\/\/secure.gravatar.com\/avatar\/6ed1007e4f6f43f22e3df41d9fce4365533cba47fef64bb359b8e629abbc2ea6?s=96&d=mm&r=g","url":"https:\/\/secure.gravatar.com\/avatar\/6ed1007e4f6f43f22e3df41d9fce4365533cba47fef64bb359b8e629abbc2ea6?s=96&d=mm&r=g","contentUrl":"https:\/\/secure.gravatar.com\/avatar\/6ed1007e4f6f43f22e3df41d9fce4365533cba47fef64bb359b8e629abbc2ea6?s=96&d=mm&r=g","caption":"syncreadwrite"},"url":"https:\/\/www.sts-education.com\/pl\/author\/syncreadwrite\/"}]}},"_links":{"self":[{"href":"https:\/\/www.sts-education.com\/pl\/wp-json\/wp\/v2\/posts\/11138","targetHints":{"allow":["GET"]}}],"collection":[{"href":"https:\/\/www.sts-education.com\/pl\/wp-json\/wp\/v2\/posts"}],"about":[{"href":"https:\/\/www.sts-education.com\/pl\/wp-json\/wp\/v2\/types\/post"}],"author":[{"embeddable":true,"href":"https:\/\/www.sts-education.com\/pl\/wp-json\/wp\/v2\/users\/20"}],"replies":[{"embeddable":true,"href":"https:\/\/www.sts-education.com\/pl\/wp-json\/wp\/v2\/comments?post=11138"}],"version-history":[{"count":4,"href":"https:\/\/www.sts-education.com\/pl\/wp-json\/wp\/v2\/posts\/11138\/revisions"}],"predecessor-version":[{"id":34445,"href":"https:\/\/www.sts-education.com\/pl\/wp-json\/wp\/v2\/posts\/11138\/revisions\/34445"}],"wp:featuredmedia":[{"embeddable":true,"href":"https:\/\/www.sts-education.com\/pl\/wp-json\/wp\/v2\/media\/14472"}],"wp:attachment":[{"href":"https:\/\/www.sts-education.com\/pl\/wp-json\/wp\/v2\/media?parent=11138"}],"wp:term":[{"taxonomy":"category","embeddable":true,"href":"https:\/\/www.sts-education.com\/pl\/wp-json\/wp\/v2\/categories?post=11138"},{"taxonomy":"post_tag","embeddable":true,"href":"https:\/\/www.sts-education.com\/pl\/wp-json\/wp\/v2\/tags?post=11138"},{"taxonomy":"wpw_post_folders","embeddable":true,"href":"https:\/\/www.sts-education.com\/pl\/wp-json\/wp\/v2\/wpw_post_folders?post=11138"}],"curies":[{"name":"wp","href":"https:\/\/api.w.org\/{rel}","templated":true}]}}