{"id":11173,"date":"2025-12-11T10:00:00","date_gmt":"2025-12-11T08:00:00","guid":{"rendered":"https:\/\/preprod.sts-education.com\/blog\/2026\/03\/05\/vera-akte-pa-high-school-utbyte-till-costa-rica\/"},"modified":"2026-04-29T09:20:19","modified_gmt":"2026-04-29T07:20:19","slug":"vera-akte-pa-high-school-utbyte-till-costa-rica","status":"publish","type":"post","link":"https:\/\/www.sts-education.com\/se\/high-school\/vara-utbytesstudenter\/studentberattelser\/vera-akte-pa-high-school-utbyte-till-costa-rica\/","title":{"rendered":"Vera \u00e5kte p\u00e5 high school-utbyte till Costa Rica"},"content":{"rendered":"\n<div class=\"wp-block-sts-text sts-text-editor has-max-width-md\"><div class=\"sts-text-editor__content\"><div class=\"sts-text-editor__content-inner\">\n<h1 style=\"text-align:center\">Vera \u00e5kte p\u00e5 high school-utbyte till Costa Rica<\/h1>\n<\/div><\/div><\/div>\n\n\n\n<figure class=\"wp-block-sts-image sts-block-image sts-block-image--count-1 has-max-width-lg\" data-count=\"1\"><div class=\"sts-block-image__grid\"><div class=\"sts-block-image__item\"><picture class=\"sts-responsive-image has-fit-cover has-pos-top is-skeleton\"><source media=\"(max-width: 834.98px)\" srcset=\"https:\/\/powered-by.qbank.se\/educatius\/sts\/1d86f9bc16adda5618ee040cbb860951_1-1-thumb.webp 150w, https:\/\/powered-by.qbank.se\/educatius\/sts\/1d86f9bc16adda5618ee040cbb860951_1-1-xsmall.webp 500w, https:\/\/powered-by.qbank.se\/educatius\/sts\/1d86f9bc16adda5618ee040cbb860951_1-1-small.webp 800w, https:\/\/powered-by.qbank.se\/educatius\/sts\/1d86f9bc16adda5618ee040cbb860951_1-1-medium.webp 1024w, https:\/\/powered-by.qbank.se\/educatius\/sts\/1d86f9bc16adda5618ee040cbb860951_1-1-large.webp 1536w\" sizes=\"(max-width: 768px) 100vw, (max-width: 1200px) 100vw, 1200px\" type=\"image\/webp\"\/><source media=\"(min-width: 835px)\" srcset=\"https:\/\/powered-by.qbank.se\/educatius\/sts\/1d86f9bc16adda5618ee040cbb860951_16-9-small.webp 800w, https:\/\/powered-by.qbank.se\/educatius\/sts\/1d86f9bc16adda5618ee040cbb860951_16-9-medium.webp 1024w, https:\/\/powered-by.qbank.se\/educatius\/sts\/1d86f9bc16adda5618ee040cbb860951_16-9-large.webp 1536w\" sizes=\"(max-width: 768px) 100vw, (max-width: 1200px) 100vw, 1200px\" type=\"image\/webp\"\/><img src=\"https:\/\/powered-by.qbank.se\/educatius\/sts\/1d86f9bc16adda5618ee040cbb860951_1-1-thumb.webp\" alt=\"Vera \u00e5kte p\u00e5 high school-utbyte till Costa Rica\" loading=\"lazy\" decoding=\"async\" fetchpriority=\"low\" style=\"object-position:top\"\/><\/picture><\/div><\/div><\/figure>\n\n\n\n<div class=\"wp-block-sts-text sts-text-editor has-max-width-md\"><div class=\"sts-text-editor__content\"><div class=\"sts-text-editor__content-inner\">\n<p><em>Vera fr\u00e5n Sverige tillbringade sitt high school-utbyte i Costa Rica.<\/em><\/p>\n<\/div><\/div><\/div>\n\n\n\n<div class=\"wp-block-sts-text sts-text-editor has-max-width-md\"><div class=\"sts-text-editor__content\"><div class=\"sts-text-editor__content-inner\">\n<p>Jag kan inte nog rekommendera Costa Rica som destination f\u00f6r high school-utbyte! Om du letar efter n\u00e5got helt annorlunda och ett stort \u00e4ventyr&#8230; s\u00e5 \u00e4r det h\u00e4r r\u00e4tt plats!!!<\/p>\n<h2>Bo hos en v\u00e4rdfamilj i Costa Rica<\/h2>\n<p>Att bo hos en v\u00e4rdfamilj kan k\u00e4nnas skr\u00e4mmande, s\u00e4rskilt i ett land som \u00e4r s\u00e5 kulturellt annorlunda j\u00e4mf\u00f6rt med ditt eget och d\u00e4r kommunikationen kan vara sv\u00e5rare. Men oroa dig inte, costaricanerna \u00e4r de trevligaste m\u00e4nniskor jag n\u00e5gonsin tr\u00e4ffat och du kommer att v\u00e4lkomnas direkt in i deras familj. De har ofta stora familjer och du kommer att delta i m\u00e5nga stora sammankomster med hela deras sl\u00e4kt, och alla kommer att f\u00e5 dig att k\u00e4nna dig som hemma.<\/p>\n<h2>Skolan i Costa Rica<\/h2>\n<p>Skolan var inte alls som den jag var van vid hemma i Sverige. Det gjorde den s\u00e5 mycket roligare. Skoldagarna i Costa Rica \u00e4r ganska l\u00e5nga, men det ger dig bara mer tid att knyta band med dina klasskamrater. Som sagt, costaricanerna \u00e4r otroligt trevliga och de kommer att v\u00e4lkomna dig direkt. Mina klasskamrater hj\u00e4lpte mig alltid om jag gick vilse och de var v\u00e4ldigt t\u00e5lmodiga n\u00e4r de \u00f6vade spanska med mig.<\/p>\n<h2>Mina b\u00e4sta minnen<\/h2>\n<p>N\u00e5gra av mina b\u00e4sta minnen fr\u00e5n Costa Rica \u00e4r fr\u00e5n de m\u00e5nga resor som STS partnerorganisation anordnade. De var alla ett utm\u00e4rkt tillf\u00e4lle att se mer av Costa Rica och jag fick umg\u00e5s med de andra utbytesstudenterna.<\/p>\n<h2>V\u00e4nner<\/h2>\n<p>Man blir l\u00e4tt n\u00e4ra v\u00e4n med de andra utbytesstudenterna. Man inser att de \u00e4r de enda som verkligen kan relatera till vad man g\u00e5r igenom under utbytet. Jag har fortfarande kontakt med m\u00e5nga av de utbytesstudenter jag tr\u00e4ffade i Costa Rica.<\/p>\n<h2>Hur utbytet p\u00e5verkade mig<\/h2>\n<p>Jag \u00e4r \u00f6vertygad om att mitt utbyte under gymnasietiden har haft en enorm inverkan p\u00e5 den jag \u00e4r idag. P\u00e5 b\u00e4sta m\u00f6jliga s\u00e4tt. Jag kom hem mer mogen, sj\u00e4lvst\u00e4ndig och med nya perspektiv p\u00e5 livet.<\/p>\n<h2>Vill du veta mer?<\/h2>\n<ul>\n<li>L\u00e4s fler <a href=\"https:\/\/www.sts-education.com\/se\/high-school\/vara-utbytesstudenter\/studentberattelser\/?hashtag=Costa+Rica\">studentber\u00e4ttelser fr\u00e5n Costa Rica<\/a><\/li>\n<li>L\u00e4s mer om ett <a href=\"https:\/\/www.sts-education.com\/se\/high-school\/destinationer\/syd-och-central-america\/costa-rica\/\">high school-utbyte i Costa Rica<\/a><\/li>\n<li>Se alla v\u00e5ra <a href=\"\/se\/high-school\/tripfinder\/\">utbytesdestinationer f\u00f6r high school<\/a><\/li>\n<\/ul>\n<\/div><\/div><\/div>\n","protected":false},"excerpt":{"rendered":"","protected":false},"author":20,"featured_media":40331,"comment_status":"open","ping_status":"open","sticky":false,"template":"","format":"standard","meta":{"_acf_changed":false,"_yoast_wpseo_title":"Vera \u00e5kte p\u00e5 high school-utbyte till Costa Rica","_yoast_wpseo_metadesc":"Jag kan inte nog rekommendera Costa Rica som destination f\u00f6r high school-utbyte! Om du letar efter n\u00e5got helt annorlunda och ett stort \u00e4ventyr... s\u00e5 \u00e4r det h\u00e4r r\u00e4tt plats!!!","footnotes":""},"categories":[326],"tags":[1035],"wpw_post_folders":[],"class_list":["post-11173","post","type-post","status-publish","format-standard","has-post-thumbnail","hentry","category-okategoriserad","tag-costa-rica"],"acf":[],"yoast_head":"<!-- This site is optimized with the Yoast SEO Premium plugin v27.2 (Yoast SEO v27.2) - https:\/\/yoast.com\/product\/yoast-seo-premium-wordpress\/ -->\n<title>Vera \u00e5kte p\u00e5 high school-utbyte till Costa Rica<\/title>\n<meta name=\"description\" content=\"Jag kan inte nog rekommendera Costa Rica som destination f\u00f6r high school-utbyte! Om du letar efter n\u00e5got helt annorlunda och ett stort \u00e4ventyr... s\u00e5 \u00e4r det h\u00e4r r\u00e4tt plats!!!\" \/>\n<meta name=\"robots\" content=\"index, follow, max-snippet:-1, max-image-preview:large, max-video-preview:-1\" \/>\n<link rel=\"canonical\" href=\"https:\/\/www.sts-education.com\/se\/high-school\/vara-utbytesstudenter\/studentberattelser\/vera-akte-pa-high-school-utbyte-till-costa-rica\/\" \/>\n<meta property=\"og:locale\" content=\"sv_SE\" \/>\n<meta property=\"og:type\" content=\"article\" \/>\n<meta property=\"og:title\" content=\"Vera \u00e5kte p\u00e5 high school-utbyte till Costa Rica\" \/>\n<meta property=\"og:description\" content=\"Jag kan inte nog rekommendera Costa Rica som destination f\u00f6r high school-utbyte! Om du letar efter n\u00e5got helt annorlunda och ett stort \u00e4ventyr... s\u00e5 \u00e4r det h\u00e4r r\u00e4tt plats!!!\" \/>\n<meta property=\"og:url\" content=\"https:\/\/www.sts-education.com\/se\/high-school\/vara-utbytesstudenter\/studentberattelser\/vera-akte-pa-high-school-utbyte-till-costa-rica\/\" \/>\n<meta property=\"og:site_name\" content=\"STS Education\" \/>\n<meta property=\"article:published_time\" content=\"2025-12-11T08:00:00+00:00\" \/>\n<meta property=\"article:modified_time\" content=\"2026-04-29T07:20:19+00:00\" \/>\n<meta property=\"og:image\" content=\"https:\/\/powered-by.qbank.se\/educatius\/sts\/\/1d86f9bc16adda5618ee040cbb860951_1-1-thumb.webp\" \/>\n\t<meta property=\"og:image:width\" content=\"150\" \/>\n\t<meta property=\"og:image:height\" content=\"150\" \/>\n\t<meta property=\"og:image:type\" content=\"image\/jpeg\" \/>\n<meta name=\"author\" content=\"syncreadwrite\" \/>\n<meta name=\"twitter:card\" content=\"summary_large_image\" \/>\n<meta name=\"twitter:label1\" content=\"Skriven av\" \/>\n\t<meta name=\"twitter:data1\" content=\"syncreadwrite\" \/>\n\t<meta name=\"twitter:label2\" content=\"Ber\u00e4knad l\u00e4stid\" \/>\n\t<meta name=\"twitter:data2\" content=\"2 minuter\" \/>\n<script type=\"application\/ld+json\" class=\"yoast-schema-graph\">{\"@context\":\"https:\/\/schema.org\",\"@graph\":[{\"@type\":\"Article\",\"@id\":\"https:\/\/www.sts-education.com\/se\/high-school\/vara-utbytesstudenter\/studentberattelser\/vera-akte-pa-high-school-utbyte-till-costa-rica\/#article\",\"isPartOf\":{\"@id\":\"https:\/\/www.sts-education.com\/se\/high-school\/vara-utbytesstudenter\/studentberattelser\/vera-akte-pa-high-school-utbyte-till-costa-rica\/\"},\"author\":{\"name\":\"syncreadwrite\",\"@id\":\"https:\/\/www.sts-education.com\/se\/#\/schema\/person\/8b82f3a2e45f020b8f296d7a85d9a97c\"},\"headline\":\"Vera \u00e5kte p\u00e5 high school-utbyte till Costa Rica\",\"datePublished\":\"2025-12-11T08:00:00+00:00\",\"dateModified\":\"2026-04-29T07:20:19+00:00\",\"mainEntityOfPage\":{\"@id\":\"https:\/\/www.sts-education.com\/se\/high-school\/vara-utbytesstudenter\/studentberattelser\/vera-akte-pa-high-school-utbyte-till-costa-rica\/\"},\"wordCount\":418,\"commentCount\":0,\"image\":{\"@id\":\"https:\/\/www.sts-education.com\/se\/high-school\/vara-utbytesstudenter\/studentberattelser\/vera-akte-pa-high-school-utbyte-till-costa-rica\/#primaryimage\"},\"thumbnailUrl\":\"https:\/\/powered-by.qbank.se\/educatius\/sts\/\/1d86f9bc16adda5618ee040cbb860951_1-1-thumb.webp\",\"keywords\":[\"Costa Rica\"],\"articleSection\":[\"Okategoriserad\"],\"inLanguage\":\"sv-SE\",\"potentialAction\":[{\"@type\":\"CommentAction\",\"name\":\"Comment\",\"target\":[\"https:\/\/www.sts-education.com\/se\/high-school\/vara-utbytesstudenter\/studentberattelser\/vera-akte-pa-high-school-utbyte-till-costa-rica\/#respond\"]}]},{\"@type\":\"WebPage\",\"@id\":\"https:\/\/www.sts-education.com\/se\/high-school\/vara-utbytesstudenter\/studentberattelser\/vera-akte-pa-high-school-utbyte-till-costa-rica\/\",\"url\":\"https:\/\/www.sts-education.com\/se\/high-school\/vara-utbytesstudenter\/studentberattelser\/vera-akte-pa-high-school-utbyte-till-costa-rica\/\",\"name\":\"Vera \u00e5kte p\u00e5 high school-utbyte till Costa Rica\",\"isPartOf\":{\"@id\":\"https:\/\/www.sts-education.com\/se\/#website\"},\"primaryImageOfPage\":{\"@id\":\"https:\/\/www.sts-education.com\/se\/high-school\/vara-utbytesstudenter\/studentberattelser\/vera-akte-pa-high-school-utbyte-till-costa-rica\/#primaryimage\"},\"image\":{\"@id\":\"https:\/\/www.sts-education.com\/se\/high-school\/vara-utbytesstudenter\/studentberattelser\/vera-akte-pa-high-school-utbyte-till-costa-rica\/#primaryimage\"},\"thumbnailUrl\":\"https:\/\/powered-by.qbank.se\/educatius\/sts\/\/1d86f9bc16adda5618ee040cbb860951_1-1-thumb.webp\",\"datePublished\":\"2025-12-11T08:00:00+00:00\",\"dateModified\":\"2026-04-29T07:20:19+00:00\",\"author\":{\"@id\":\"https:\/\/www.sts-education.com\/se\/#\/schema\/person\/8b82f3a2e45f020b8f296d7a85d9a97c\"},\"description\":\"Jag kan inte nog rekommendera Costa Rica som destination f\u00f6r high school-utbyte! Om du letar efter n\u00e5got helt annorlunda och ett stort \u00e4ventyr... s\u00e5 \u00e4r det h\u00e4r r\u00e4tt plats!!!\",\"breadcrumb\":{\"@id\":\"https:\/\/www.sts-education.com\/se\/high-school\/vara-utbytesstudenter\/studentberattelser\/vera-akte-pa-high-school-utbyte-till-costa-rica\/#breadcrumb\"},\"inLanguage\":\"sv-SE\",\"potentialAction\":[{\"@type\":\"ReadAction\",\"target\":[\"https:\/\/www.sts-education.com\/se\/high-school\/vara-utbytesstudenter\/studentberattelser\/vera-akte-pa-high-school-utbyte-till-costa-rica\/\"]}]},{\"@type\":\"ImageObject\",\"inLanguage\":\"sv-SE\",\"@id\":\"https:\/\/www.sts-education.com\/se\/high-school\/vara-utbytesstudenter\/studentberattelser\/vera-akte-pa-high-school-utbyte-till-costa-rica\/#primaryimage\",\"url\":\"https:\/\/powered-by.qbank.se\/educatius\/sts\/\/1d86f9bc16adda5618ee040cbb860951_1-1-thumb.webp\",\"contentUrl\":\"https:\/\/powered-by.qbank.se\/educatius\/sts\/\/1d86f9bc16adda5618ee040cbb860951_1-1-thumb.webp\",\"width\":150,\"height\":150},{\"@type\":\"BreadcrumbList\",\"@id\":\"https:\/\/www.sts-education.com\/se\/high-school\/vara-utbytesstudenter\/studentberattelser\/vera-akte-pa-high-school-utbyte-till-costa-rica\/#breadcrumb\",\"itemListElement\":[{\"@type\":\"ListItem\",\"position\":1,\"name\":\"Home\",\"item\":\"https:\/\/www.sts-education.com\/se\/\"},{\"@type\":\"ListItem\",\"position\":2,\"name\":\"Vera \u00e5kte p\u00e5 high school-utbyte till Costa Rica\"}]},{\"@type\":\"WebSite\",\"@id\":\"https:\/\/www.sts-education.com\/se\/#website\",\"url\":\"https:\/\/www.sts-education.com\/se\/\",\"name\":\"STS Education\",\"description\":\"\",\"potentialAction\":[{\"@type\":\"SearchAction\",\"target\":{\"@type\":\"EntryPoint\",\"urlTemplate\":\"https:\/\/www.sts-education.com\/se\/?s={search_term_string}\"},\"query-input\":{\"@type\":\"PropertyValueSpecification\",\"valueRequired\":true,\"valueName\":\"search_term_string\"}}],\"inLanguage\":\"sv-SE\"},{\"@type\":\"Person\",\"@id\":\"https:\/\/www.sts-education.com\/se\/#\/schema\/person\/8b82f3a2e45f020b8f296d7a85d9a97c\",\"name\":\"syncreadwrite\",\"image\":{\"@type\":\"ImageObject\",\"inLanguage\":\"sv-SE\",\"@id\":\"https:\/\/secure.gravatar.com\/avatar\/6ed1007e4f6f43f22e3df41d9fce4365533cba47fef64bb359b8e629abbc2ea6?s=96&d=mm&r=g\",\"url\":\"https:\/\/secure.gravatar.com\/avatar\/6ed1007e4f6f43f22e3df41d9fce4365533cba47fef64bb359b8e629abbc2ea6?s=96&d=mm&r=g\",\"contentUrl\":\"https:\/\/secure.gravatar.com\/avatar\/6ed1007e4f6f43f22e3df41d9fce4365533cba47fef64bb359b8e629abbc2ea6?s=96&d=mm&r=g\",\"caption\":\"syncreadwrite\"},\"url\":\"https:\/\/www.sts-education.com\/se\/author\/syncreadwrite\/\"}]}<\/script>\n<!-- \/ Yoast SEO Premium plugin. -->","yoast_head_json":{"title":"Vera \u00e5kte p\u00e5 high school-utbyte till Costa Rica","description":"Jag kan inte nog rekommendera Costa Rica som destination f\u00f6r high school-utbyte! Om du letar efter n\u00e5got helt annorlunda och ett stort \u00e4ventyr... s\u00e5 \u00e4r det h\u00e4r r\u00e4tt plats!!!","robots":{"index":"index","follow":"follow","max-snippet":"max-snippet:-1","max-image-preview":"max-image-preview:large","max-video-preview":"max-video-preview:-1"},"canonical":"https:\/\/www.sts-education.com\/se\/high-school\/vara-utbytesstudenter\/studentberattelser\/vera-akte-pa-high-school-utbyte-till-costa-rica\/","og_locale":"sv_SE","og_type":"article","og_title":"Vera \u00e5kte p\u00e5 high school-utbyte till Costa Rica","og_description":"Jag kan inte nog rekommendera Costa Rica som destination f\u00f6r high school-utbyte! Om du letar efter n\u00e5got helt annorlunda och ett stort \u00e4ventyr... s\u00e5 \u00e4r det h\u00e4r r\u00e4tt plats!!!","og_url":"https:\/\/www.sts-education.com\/se\/high-school\/vara-utbytesstudenter\/studentberattelser\/vera-akte-pa-high-school-utbyte-till-costa-rica\/","og_site_name":"STS Education","article_published_time":"2025-12-11T08:00:00+00:00","article_modified_time":"2026-04-29T07:20:19+00:00","og_image":[{"width":150,"height":150,"url":"https:\/\/powered-by.qbank.se\/educatius\/sts\/\/1d86f9bc16adda5618ee040cbb860951_1-1-thumb.webp","type":"image\/jpeg"}],"author":"syncreadwrite","twitter_card":"summary_large_image","twitter_misc":{"Skriven av":"syncreadwrite","Ber\u00e4knad l\u00e4stid":"2 minuter"},"schema":{"@context":"https:\/\/schema.org","@graph":[{"@type":"Article","@id":"https:\/\/www.sts-education.com\/se\/high-school\/vara-utbytesstudenter\/studentberattelser\/vera-akte-pa-high-school-utbyte-till-costa-rica\/#article","isPartOf":{"@id":"https:\/\/www.sts-education.com\/se\/high-school\/vara-utbytesstudenter\/studentberattelser\/vera-akte-pa-high-school-utbyte-till-costa-rica\/"},"author":{"name":"syncreadwrite","@id":"https:\/\/www.sts-education.com\/se\/#\/schema\/person\/8b82f3a2e45f020b8f296d7a85d9a97c"},"headline":"Vera \u00e5kte p\u00e5 high school-utbyte till Costa Rica","datePublished":"2025-12-11T08:00:00+00:00","dateModified":"2026-04-29T07:20:19+00:00","mainEntityOfPage":{"@id":"https:\/\/www.sts-education.com\/se\/high-school\/vara-utbytesstudenter\/studentberattelser\/vera-akte-pa-high-school-utbyte-till-costa-rica\/"},"wordCount":418,"commentCount":0,"image":{"@id":"https:\/\/www.sts-education.com\/se\/high-school\/vara-utbytesstudenter\/studentberattelser\/vera-akte-pa-high-school-utbyte-till-costa-rica\/#primaryimage"},"thumbnailUrl":"https:\/\/powered-by.qbank.se\/educatius\/sts\/\/1d86f9bc16adda5618ee040cbb860951_1-1-thumb.webp","keywords":["Costa Rica"],"articleSection":["Okategoriserad"],"inLanguage":"sv-SE","potentialAction":[{"@type":"CommentAction","name":"Comment","target":["https:\/\/www.sts-education.com\/se\/high-school\/vara-utbytesstudenter\/studentberattelser\/vera-akte-pa-high-school-utbyte-till-costa-rica\/#respond"]}]},{"@type":"WebPage","@id":"https:\/\/www.sts-education.com\/se\/high-school\/vara-utbytesstudenter\/studentberattelser\/vera-akte-pa-high-school-utbyte-till-costa-rica\/","url":"https:\/\/www.sts-education.com\/se\/high-school\/vara-utbytesstudenter\/studentberattelser\/vera-akte-pa-high-school-utbyte-till-costa-rica\/","name":"Vera \u00e5kte p\u00e5 high school-utbyte till Costa Rica","isPartOf":{"@id":"https:\/\/www.sts-education.com\/se\/#website"},"primaryImageOfPage":{"@id":"https:\/\/www.sts-education.com\/se\/high-school\/vara-utbytesstudenter\/studentberattelser\/vera-akte-pa-high-school-utbyte-till-costa-rica\/#primaryimage"},"image":{"@id":"https:\/\/www.sts-education.com\/se\/high-school\/vara-utbytesstudenter\/studentberattelser\/vera-akte-pa-high-school-utbyte-till-costa-rica\/#primaryimage"},"thumbnailUrl":"https:\/\/powered-by.qbank.se\/educatius\/sts\/\/1d86f9bc16adda5618ee040cbb860951_1-1-thumb.webp","datePublished":"2025-12-11T08:00:00+00:00","dateModified":"2026-04-29T07:20:19+00:00","author":{"@id":"https:\/\/www.sts-education.com\/se\/#\/schema\/person\/8b82f3a2e45f020b8f296d7a85d9a97c"},"description":"Jag kan inte nog rekommendera Costa Rica som destination f\u00f6r high school-utbyte! Om du letar efter n\u00e5got helt annorlunda och ett stort \u00e4ventyr... s\u00e5 \u00e4r det h\u00e4r r\u00e4tt plats!!!","breadcrumb":{"@id":"https:\/\/www.sts-education.com\/se\/high-school\/vara-utbytesstudenter\/studentberattelser\/vera-akte-pa-high-school-utbyte-till-costa-rica\/#breadcrumb"},"inLanguage":"sv-SE","potentialAction":[{"@type":"ReadAction","target":["https:\/\/www.sts-education.com\/se\/high-school\/vara-utbytesstudenter\/studentberattelser\/vera-akte-pa-high-school-utbyte-till-costa-rica\/"]}]},{"@type":"ImageObject","inLanguage":"sv-SE","@id":"https:\/\/www.sts-education.com\/se\/high-school\/vara-utbytesstudenter\/studentberattelser\/vera-akte-pa-high-school-utbyte-till-costa-rica\/#primaryimage","url":"https:\/\/powered-by.qbank.se\/educatius\/sts\/\/1d86f9bc16adda5618ee040cbb860951_1-1-thumb.webp","contentUrl":"https:\/\/powered-by.qbank.se\/educatius\/sts\/\/1d86f9bc16adda5618ee040cbb860951_1-1-thumb.webp","width":150,"height":150},{"@type":"BreadcrumbList","@id":"https:\/\/www.sts-education.com\/se\/high-school\/vara-utbytesstudenter\/studentberattelser\/vera-akte-pa-high-school-utbyte-till-costa-rica\/#breadcrumb","itemListElement":[{"@type":"ListItem","position":1,"name":"Home","item":"https:\/\/www.sts-education.com\/se\/"},{"@type":"ListItem","position":2,"name":"Vera \u00e5kte p\u00e5 high school-utbyte till Costa Rica"}]},{"@type":"WebSite","@id":"https:\/\/www.sts-education.com\/se\/#website","url":"https:\/\/www.sts-education.com\/se\/","name":"STS Education","description":"","potentialAction":[{"@type":"SearchAction","target":{"@type":"EntryPoint","urlTemplate":"https:\/\/www.sts-education.com\/se\/?s={search_term_string}"},"query-input":{"@type":"PropertyValueSpecification","valueRequired":true,"valueName":"search_term_string"}}],"inLanguage":"sv-SE"},{"@type":"Person","@id":"https:\/\/www.sts-education.com\/se\/#\/schema\/person\/8b82f3a2e45f020b8f296d7a85d9a97c","name":"syncreadwrite","image":{"@type":"ImageObject","inLanguage":"sv-SE","@id":"https:\/\/secure.gravatar.com\/avatar\/6ed1007e4f6f43f22e3df41d9fce4365533cba47fef64bb359b8e629abbc2ea6?s=96&d=mm&r=g","url":"https:\/\/secure.gravatar.com\/avatar\/6ed1007e4f6f43f22e3df41d9fce4365533cba47fef64bb359b8e629abbc2ea6?s=96&d=mm&r=g","contentUrl":"https:\/\/secure.gravatar.com\/avatar\/6ed1007e4f6f43f22e3df41d9fce4365533cba47fef64bb359b8e629abbc2ea6?s=96&d=mm&r=g","caption":"syncreadwrite"},"url":"https:\/\/www.sts-education.com\/se\/author\/syncreadwrite\/"}]}},"_links":{"self":[{"href":"https:\/\/www.sts-education.com\/se\/wp-json\/wp\/v2\/posts\/11173","targetHints":{"allow":["GET"]}}],"collection":[{"href":"https:\/\/www.sts-education.com\/se\/wp-json\/wp\/v2\/posts"}],"about":[{"href":"https:\/\/www.sts-education.com\/se\/wp-json\/wp\/v2\/types\/post"}],"author":[{"embeddable":true,"href":"https:\/\/www.sts-education.com\/se\/wp-json\/wp\/v2\/users\/20"}],"replies":[{"embeddable":true,"href":"https:\/\/www.sts-education.com\/se\/wp-json\/wp\/v2\/comments?post=11173"}],"version-history":[{"count":8,"href":"https:\/\/www.sts-education.com\/se\/wp-json\/wp\/v2\/posts\/11173\/revisions"}],"predecessor-version":[{"id":42979,"href":"https:\/\/www.sts-education.com\/se\/wp-json\/wp\/v2\/posts\/11173\/revisions\/42979"}],"wp:featuredmedia":[{"embeddable":true,"href":"https:\/\/www.sts-education.com\/se\/wp-json\/wp\/v2\/media\/40331"}],"wp:attachment":[{"href":"https:\/\/www.sts-education.com\/se\/wp-json\/wp\/v2\/media?parent=11173"}],"wp:term":[{"taxonomy":"category","embeddable":true,"href":"https:\/\/www.sts-education.com\/se\/wp-json\/wp\/v2\/categories?post=11173"},{"taxonomy":"post_tag","embeddable":true,"href":"https:\/\/www.sts-education.com\/se\/wp-json\/wp\/v2\/tags?post=11173"},{"taxonomy":"wpw_post_folders","embeddable":true,"href":"https:\/\/www.sts-education.com\/se\/wp-json\/wp\/v2\/wpw_post_folders?post=11173"}],"curies":[{"name":"wp","href":"https:\/\/api.w.org\/{rel}","templated":true}]}}