{"id":11179,"date":"2025-09-23T13:00:00","date_gmt":"2025-09-23T11:00:00","guid":{"rendered":"https:\/\/preprod.sts-education.com\/blog\/2026\/03\/05\/mathildas-utbytesar-i-italien\/"},"modified":"2026-04-29T09:27:10","modified_gmt":"2026-04-29T07:27:10","slug":"mathildas-utbytesar-i-italien","status":"publish","type":"post","link":"https:\/\/www.sts-education.com\/se\/high-school\/vara-utbytesstudenter\/studentberattelser\/mathildas-utbytesar-i-italien\/","title":{"rendered":"Mathildas utbytes\u00e5r i Italien"},"content":{"rendered":"\n<div class=\"wp-block-sts-text sts-text-editor has-max-width-md\"><div class=\"sts-text-editor__content\"><div class=\"sts-text-editor__content-inner\">\n<h1 style=\"text-align:center\">Mathildas utbytes\u00e5r i Italien<\/h1>\n<\/div><\/div><\/div>\n\n\n\n<figure class=\"wp-block-sts-image sts-block-image sts-block-image--count-1 has-max-width-lg\" data-count=\"1\"><div class=\"sts-block-image__grid\"><div class=\"sts-block-image__item\"><picture class=\"sts-responsive-image has-fit-cover has-pos-top is-skeleton\"><source media=\"(max-width: 834.98px)\" srcset=\"https:\/\/powered-by.qbank.se\/educatius\/sts\/ad009cfd9d10e52d8d59334c4d32c43e_1-1-thumb.webp 150w, https:\/\/powered-by.qbank.se\/educatius\/sts\/ad009cfd9d10e52d8d59334c4d32c43e_1-1-xsmall.webp 500w, https:\/\/powered-by.qbank.se\/educatius\/sts\/ad009cfd9d10e52d8d59334c4d32c43e_1-1-small.webp 800w, https:\/\/powered-by.qbank.se\/educatius\/sts\/ad009cfd9d10e52d8d59334c4d32c43e_1-1-medium.webp 1024w, https:\/\/powered-by.qbank.se\/educatius\/sts\/ad009cfd9d10e52d8d59334c4d32c43e_1-1-large.webp 1536w\" sizes=\"(max-width: 768px) 100vw, (max-width: 1200px) 100vw, 1200px\" type=\"image\/webp\"\/><source media=\"(min-width: 835px)\" srcset=\"https:\/\/powered-by.qbank.se\/educatius\/sts\/ad009cfd9d10e52d8d59334c4d32c43e_16-9-small.webp 800w, https:\/\/powered-by.qbank.se\/educatius\/sts\/ad009cfd9d10e52d8d59334c4d32c43e_16-9-medium.webp 1024w, https:\/\/powered-by.qbank.se\/educatius\/sts\/ad009cfd9d10e52d8d59334c4d32c43e_16-9-large.webp 1536w\" sizes=\"(max-width: 768px) 100vw, (max-width: 1200px) 100vw, 1200px\" type=\"image\/webp\"\/><img src=\"https:\/\/powered-by.qbank.se\/educatius\/sts\/ad009cfd9d10e52d8d59334c4d32c43e_1-1-thumb.webp\" alt=\"Mathildas utbytes\u00e5r i Italien\" loading=\"lazy\" decoding=\"async\" fetchpriority=\"low\" style=\"object-position:top\"\/><\/picture><\/div><\/div><\/figure>\n\n\n\n<div class=\"wp-block-sts-text sts-text-editor has-max-width-md\"><div class=\"sts-text-editor__content\"><div class=\"sts-text-editor__content-inner\">\n<p><em>Ciao, jag heter Mathilda och jag \u00e4r 17 \u00e5r gammal. Jag kommer fr\u00e5n Finland och tillbringade mitt utbytes\u00e5r i Italien under l\u00e4s\u00e5ret 24\/25. Jag placerades i det vackra norra Italien, n\u00e4ra Lago Maggiore.<\/em><\/p>\n<\/div><\/div><\/div>\n\n\n\n<div class=\"wp-block-sts-text sts-text-editor has-max-width-md\"><div class=\"sts-text-editor__content\"><div class=\"sts-text-editor__content-inner\">\n<h2>Varf\u00f6r jag valde Italien?<\/h2>\n<p>Jag visste alltid att jag ville g\u00f6ra ett utbytes\u00e5r n\u00e4r tiden skulle komma, men f\u00f6r n\u00e5gra \u00e5r sedan funderade jag fortfarande p\u00e5 vilket land som skulle passa mig. Jag visste fr\u00e5n b\u00f6rjan att jag inte var intresserad av USA som m\u00e5nga andra \u00e4r, men som tur var hade STS m\u00e5nga andra l\u00e4nder runt om i v\u00e4rlden att v\u00e4lja mellan. Jag best\u00e4mde mig f\u00f6r att stanna i Europa och uppleva en annan kultur \u00e4n min egen. Jag tittade p\u00e5 Spanien och Italien och best\u00e4mde mig f\u00f6r Italien p\u00e5 grund av: den uts\u00f6kta maten, den m\u00e5ngsidiga naturen, roliga m\u00e4nniskor och det underbara spr\u00e5ket. Jag t\u00e4nkte att Italien hade s\u00e5 mycket att erbjuda, vilket det verkligen hade!<\/p>\n<h2>Skolan i Italien<\/h2>\n<p>Jag var s\u00e4ker p\u00e5 att skolan skulle vara mycket sv\u00e5rare \u00e4n hemma, och det st\u00e4mde. Italienska elever har mycket arbete b\u00e5de hemma och i skolan, d\u00e4r de mest lyssnar p\u00e5 l\u00e4rarna. Men sj\u00e4lvklart, f\u00f6r mig som utbytesstudent som inte beh\u00f6ver n\u00e5gra betyg fr\u00e5n \u00e5ret, gav l\u00e4rarna mig inte samma arbete som de andra fick. Jag fick anpassa mitt schema lite f\u00f6r att f\u00e5 mer italienska och \u00e4mnen jag var intresserad av. P\u00e5 italienska gymnasier finns det olika \u201clinjer\u201d, till exempel spr\u00e5klinje, naturvetenskaplig linje, konstlinje och m\u00e5nga andra.<\/p>\n<h2>Skolaktiviteter<\/h2>\n<p>Att hitta n\u00e5got att g\u00f6ra efter skolan \u00e4r v\u00e4ldigt viktigt f\u00f6r att h\u00e5lla sig sysselsatt och tr\u00e4ffa nya m\u00e4nniskor. I mitt omr\u00e5de var det inte m\u00f6jligt att forts\u00e4tta med min sport hemifr\u00e5n, s\u00e5 det var ett utm\u00e4rkt tillf\u00e4lle att prova en ny sport. Jag valde tennis och jag \u00e4r glad \u00f6ver mitt beslut. Jag l\u00e4rde mig en ny sport som jag nu forts\u00e4tter med hemma och fick nya v\u00e4nner. Jag spelade i en liten grupp med tjejer i min \u00e5lder. Ut\u00f6ver tennis undervisade jag engelska som volont\u00e4r p\u00e5 min v\u00e4rdsysters grundskola. Denna erfarenhet l\u00e4rde mig mycket och de sm\u00e5 barnen var bed\u00e5rande. Varje fredag gick jag p\u00e5 italienskalektioner med n\u00e5gra andra utbytesstudenter och vissa dagar gick jag p\u00e5 lunch med klasskamrater.<\/p>\n<h2>Min v\u00e4rdfamilj<\/h2>\n<p>Att ha en bra relation med sin v\u00e4rdfamilj och bygga v\u00e4nskaper \u00e4r viktigt under utbytet, men det kan vara sv\u00e5rt. Det \u00e4r viktigt att spendera tid med sin v\u00e4rdfamilj, till exempel laga mat tillsammans, spela spel eller g\u00e5 ut. Jag tyckte detta var v\u00e4ldigt l\u00e4tt eftersom italienare \u00e4lskar att umg\u00e5s med m\u00e4nniskor. Jag hittade min b\u00e4sta v\u00e4n i min klass. Vi hade pratat lite och sedan v\u00e5gade jag fr\u00e5ga henne om vi skulle \u00e4ta lunch tillsammans efter skolan \u2013 d\u00e5 b\u00f6rjade vi komma n\u00e4rmare som v\u00e4nner. Man kan inte f\u00f6rv\u00e4nta sig att alla kommer att ta kontakt, s\u00e5 som utbytesstudent m\u00e5ste man sj\u00e4lv l\u00e4gga ner lite arbete f\u00f6r att bygga starka relationer.<\/p>\n<h2>L\u00e4ra sig ett nytt spr\u00e5k<\/h2>\n<p>Detta var l\u00e4tt det st\u00f6rsta jag var r\u00e4dd f\u00f6r innan mitt utbytes\u00e5r \u2013 att beh\u00f6va l\u00e4ra mig ett nytt spr\u00e5k fr\u00e5n grunden. Jag kunde n\u00e5gra ord innan, s\u00e5 under de f\u00f6rsta dagarna uppfattade jag ibland m\u00e4nniskor s\u00e4ga just de orden, men lite i taget b\u00f6rjade jag f\u00f6rst\u00e5 spr\u00e5ket och memorera fler ord och fraser. Till slut \u00e4r det ganska l\u00e4tt att l\u00e4ra sig ett spr\u00e5k eftersom man h\u00f6r det i skolan, p\u00e5 fritidsaktiviteter, hemma och i aff\u00e4rer. Runt juletid k\u00e4nde jag mig mer bekv\u00e4m och b\u00f6rjade tala enbart italienska. Det \u00e4r en resa som kr\u00e4ver tid och t\u00e5lamod, men det \u00e4r v\u00e4rt det!<\/p>\n<h2>H\u00f6jdpunkter under \u00e5ret<\/h2>\n<p>Under mitt \u00e5r hade jag turen att bes\u00f6ka m\u00e5nga vackra platser i Italien. Min utbytesorganisation i Italien ordnade resor under \u00e5ret och jag deltog p\u00e5 resor till Florens och Venedig. Med min v\u00e4rdfamilj \u00e5kte vi skidor i en vecka i bergen och under p\u00e5sk bes\u00f6kte vi Kroatien. Jag tyckte ocks\u00e5 mycket om att ofta bes\u00f6ka Milano.<\/p>\n<h2>Varf\u00f6r valde jag STS<\/h2>\n<p>Jag k\u00e4nde mig v\u00e4ldigt trygg med att v\u00e4lja STS eftersom jag visste att de \u00e4r p\u00e5litliga och bryr sig om varje student. De vill verkligen ge varje utbytesstudent en s\u00e4ker och rolig upplevelse. Det var ocks\u00e5 trevligt att de h\u00f6ll kontakt med mig under utbytes\u00e5ret och fr\u00e5gade hur det gick f\u00f6r mig.<\/p>\n<h2>Vill du veta mer?<\/h2>\n<ul>\n<li>L\u00e4s fler <a href=\"https:\/\/www.sts-education.com\/se\/high-school\/vara-utbytesstudenter\/studentberattelser\/?hashtag=Italien\">studentber\u00e4ttelser fr\u00e5n Italien<\/a><\/li>\n<li>L\u00e4s mer om ett <a href=\"https:\/\/www.sts-education.com\/se\/high-school\/destinationer\/europa\/italien\/\">high school-utbyte i Italien<\/a><\/li>\n<li>Se alla v\u00e5ra <a href=\"\/se\/high-school\/tripfinder\/\">utbytesdestinationer f\u00f6r high school<\/a><\/li>\n<\/ul>\n<\/div><\/div><\/div>\n","protected":false},"excerpt":{"rendered":"","protected":false},"author":20,"featured_media":40380,"comment_status":"open","ping_status":"open","sticky":false,"template":"","format":"standard","meta":{"_acf_changed":false,"_yoast_wpseo_title":"Mathildas utbytes\u00e5r i Italien","_yoast_wpseo_metadesc":"Ciao, jag heter Mathilda och jag \u00e4r 17 \u00e5r gammal. Jag kommer fr\u00e5n Finland och tillbringade mitt utbytes\u00e5r i Italien under l\u00e4s\u00e5ret 24\/25.","footnotes":""},"categories":[326],"tags":[1041],"wpw_post_folders":[],"class_list":["post-11179","post","type-post","status-publish","format-standard","has-post-thumbnail","hentry","category-okategoriserad","tag-italien"],"acf":[],"yoast_head":"<!-- This site is optimized with the Yoast SEO Premium plugin v27.2 (Yoast SEO v27.2) - https:\/\/yoast.com\/product\/yoast-seo-premium-wordpress\/ -->\n<title>Mathildas utbytes\u00e5r i Italien<\/title>\n<meta name=\"description\" content=\"Ciao, jag heter Mathilda och jag \u00e4r 17 \u00e5r gammal. Jag kommer fr\u00e5n Finland och tillbringade mitt utbytes\u00e5r i Italien under l\u00e4s\u00e5ret 24\/25.\" \/>\n<meta name=\"robots\" content=\"index, follow, max-snippet:-1, max-image-preview:large, max-video-preview:-1\" \/>\n<link rel=\"canonical\" href=\"https:\/\/www.sts-education.com\/se\/high-school\/vara-utbytesstudenter\/studentberattelser\/mathildas-utbytesar-i-italien\/\" \/>\n<meta property=\"og:locale\" content=\"sv_SE\" \/>\n<meta property=\"og:type\" content=\"article\" \/>\n<meta property=\"og:title\" content=\"Mathildas utbytes\u00e5r i Italien\" \/>\n<meta property=\"og:description\" content=\"Ciao, jag heter Mathilda och jag \u00e4r 17 \u00e5r gammal. Jag kommer fr\u00e5n Finland och tillbringade mitt utbytes\u00e5r i Italien under l\u00e4s\u00e5ret 24\/25.\" \/>\n<meta property=\"og:url\" content=\"https:\/\/www.sts-education.com\/se\/high-school\/vara-utbytesstudenter\/studentberattelser\/mathildas-utbytesar-i-italien\/\" \/>\n<meta property=\"og:site_name\" content=\"STS Education\" \/>\n<meta property=\"article:published_time\" content=\"2025-09-23T11:00:00+00:00\" \/>\n<meta property=\"article:modified_time\" content=\"2026-04-29T07:27:10+00:00\" \/>\n<meta property=\"og:image\" content=\"https:\/\/powered-by.qbank.se\/educatius\/sts\/\/ad009cfd9d10e52d8d59334c4d32c43e_1-1-thumb.webp\" \/>\n\t<meta property=\"og:image:width\" content=\"150\" \/>\n\t<meta property=\"og:image:height\" content=\"150\" \/>\n\t<meta property=\"og:image:type\" content=\"image\/png\" \/>\n<meta name=\"author\" content=\"syncreadwrite\" \/>\n<meta name=\"twitter:card\" content=\"summary_large_image\" \/>\n<meta name=\"twitter:label1\" content=\"Skriven av\" \/>\n\t<meta name=\"twitter:data1\" content=\"syncreadwrite\" \/>\n\t<meta name=\"twitter:label2\" content=\"Ber\u00e4knad l\u00e4stid\" \/>\n\t<meta name=\"twitter:data2\" content=\"4 minuter\" \/>\n<script type=\"application\/ld+json\" class=\"yoast-schema-graph\">{\"@context\":\"https:\/\/schema.org\",\"@graph\":[{\"@type\":\"Article\",\"@id\":\"https:\/\/www.sts-education.com\/se\/high-school\/vara-utbytesstudenter\/studentberattelser\/mathildas-utbytesar-i-italien\/#article\",\"isPartOf\":{\"@id\":\"https:\/\/www.sts-education.com\/se\/high-school\/vara-utbytesstudenter\/studentberattelser\/mathildas-utbytesar-i-italien\/\"},\"author\":{\"name\":\"syncreadwrite\",\"@id\":\"https:\/\/www.sts-education.com\/se\/#\/schema\/person\/8b82f3a2e45f020b8f296d7a85d9a97c\"},\"headline\":\"Mathildas utbytes\u00e5r i Italien\",\"datePublished\":\"2025-09-23T11:00:00+00:00\",\"dateModified\":\"2026-04-29T07:27:10+00:00\",\"mainEntityOfPage\":{\"@id\":\"https:\/\/www.sts-education.com\/se\/high-school\/vara-utbytesstudenter\/studentberattelser\/mathildas-utbytesar-i-italien\/\"},\"wordCount\":868,\"commentCount\":0,\"image\":{\"@id\":\"https:\/\/www.sts-education.com\/se\/high-school\/vara-utbytesstudenter\/studentberattelser\/mathildas-utbytesar-i-italien\/#primaryimage\"},\"thumbnailUrl\":\"https:\/\/powered-by.qbank.se\/educatius\/sts\/\/ad009cfd9d10e52d8d59334c4d32c43e_1-1-thumb.webp\",\"keywords\":[\"Italien\"],\"articleSection\":[\"Okategoriserad\"],\"inLanguage\":\"sv-SE\",\"potentialAction\":[{\"@type\":\"CommentAction\",\"name\":\"Comment\",\"target\":[\"https:\/\/www.sts-education.com\/se\/high-school\/vara-utbytesstudenter\/studentberattelser\/mathildas-utbytesar-i-italien\/#respond\"]}]},{\"@type\":\"WebPage\",\"@id\":\"https:\/\/www.sts-education.com\/se\/high-school\/vara-utbytesstudenter\/studentberattelser\/mathildas-utbytesar-i-italien\/\",\"url\":\"https:\/\/www.sts-education.com\/se\/high-school\/vara-utbytesstudenter\/studentberattelser\/mathildas-utbytesar-i-italien\/\",\"name\":\"Mathildas utbytes\u00e5r i Italien\",\"isPartOf\":{\"@id\":\"https:\/\/www.sts-education.com\/se\/#website\"},\"primaryImageOfPage\":{\"@id\":\"https:\/\/www.sts-education.com\/se\/high-school\/vara-utbytesstudenter\/studentberattelser\/mathildas-utbytesar-i-italien\/#primaryimage\"},\"image\":{\"@id\":\"https:\/\/www.sts-education.com\/se\/high-school\/vara-utbytesstudenter\/studentberattelser\/mathildas-utbytesar-i-italien\/#primaryimage\"},\"thumbnailUrl\":\"https:\/\/powered-by.qbank.se\/educatius\/sts\/\/ad009cfd9d10e52d8d59334c4d32c43e_1-1-thumb.webp\",\"datePublished\":\"2025-09-23T11:00:00+00:00\",\"dateModified\":\"2026-04-29T07:27:10+00:00\",\"author\":{\"@id\":\"https:\/\/www.sts-education.com\/se\/#\/schema\/person\/8b82f3a2e45f020b8f296d7a85d9a97c\"},\"description\":\"Ciao, jag heter Mathilda och jag \u00e4r 17 \u00e5r gammal. Jag kommer fr\u00e5n Finland och tillbringade mitt utbytes\u00e5r i Italien under l\u00e4s\u00e5ret 24\/25.\",\"breadcrumb\":{\"@id\":\"https:\/\/www.sts-education.com\/se\/high-school\/vara-utbytesstudenter\/studentberattelser\/mathildas-utbytesar-i-italien\/#breadcrumb\"},\"inLanguage\":\"sv-SE\",\"potentialAction\":[{\"@type\":\"ReadAction\",\"target\":[\"https:\/\/www.sts-education.com\/se\/high-school\/vara-utbytesstudenter\/studentberattelser\/mathildas-utbytesar-i-italien\/\"]}]},{\"@type\":\"ImageObject\",\"inLanguage\":\"sv-SE\",\"@id\":\"https:\/\/www.sts-education.com\/se\/high-school\/vara-utbytesstudenter\/studentberattelser\/mathildas-utbytesar-i-italien\/#primaryimage\",\"url\":\"https:\/\/powered-by.qbank.se\/educatius\/sts\/\/ad009cfd9d10e52d8d59334c4d32c43e_1-1-thumb.webp\",\"contentUrl\":\"https:\/\/powered-by.qbank.se\/educatius\/sts\/\/ad009cfd9d10e52d8d59334c4d32c43e_1-1-thumb.webp\",\"width\":150,\"height\":150},{\"@type\":\"BreadcrumbList\",\"@id\":\"https:\/\/www.sts-education.com\/se\/high-school\/vara-utbytesstudenter\/studentberattelser\/mathildas-utbytesar-i-italien\/#breadcrumb\",\"itemListElement\":[{\"@type\":\"ListItem\",\"position\":1,\"name\":\"Home\",\"item\":\"https:\/\/www.sts-education.com\/se\/\"},{\"@type\":\"ListItem\",\"position\":2,\"name\":\"Mathildas utbytes\u00e5r i Italien\"}]},{\"@type\":\"WebSite\",\"@id\":\"https:\/\/www.sts-education.com\/se\/#website\",\"url\":\"https:\/\/www.sts-education.com\/se\/\",\"name\":\"STS Education\",\"description\":\"\",\"potentialAction\":[{\"@type\":\"SearchAction\",\"target\":{\"@type\":\"EntryPoint\",\"urlTemplate\":\"https:\/\/www.sts-education.com\/se\/?s={search_term_string}\"},\"query-input\":{\"@type\":\"PropertyValueSpecification\",\"valueRequired\":true,\"valueName\":\"search_term_string\"}}],\"inLanguage\":\"sv-SE\"},{\"@type\":\"Person\",\"@id\":\"https:\/\/www.sts-education.com\/se\/#\/schema\/person\/8b82f3a2e45f020b8f296d7a85d9a97c\",\"name\":\"syncreadwrite\",\"image\":{\"@type\":\"ImageObject\",\"inLanguage\":\"sv-SE\",\"@id\":\"https:\/\/secure.gravatar.com\/avatar\/6ed1007e4f6f43f22e3df41d9fce4365533cba47fef64bb359b8e629abbc2ea6?s=96&d=mm&r=g\",\"url\":\"https:\/\/secure.gravatar.com\/avatar\/6ed1007e4f6f43f22e3df41d9fce4365533cba47fef64bb359b8e629abbc2ea6?s=96&d=mm&r=g\",\"contentUrl\":\"https:\/\/secure.gravatar.com\/avatar\/6ed1007e4f6f43f22e3df41d9fce4365533cba47fef64bb359b8e629abbc2ea6?s=96&d=mm&r=g\",\"caption\":\"syncreadwrite\"},\"url\":\"https:\/\/www.sts-education.com\/se\/author\/syncreadwrite\/\"}]}<\/script>\n<!-- \/ Yoast SEO Premium plugin. -->","yoast_head_json":{"title":"Mathildas utbytes\u00e5r i Italien","description":"Ciao, jag heter Mathilda och jag \u00e4r 17 \u00e5r gammal. Jag kommer fr\u00e5n Finland och tillbringade mitt utbytes\u00e5r i Italien under l\u00e4s\u00e5ret 24\/25.","robots":{"index":"index","follow":"follow","max-snippet":"max-snippet:-1","max-image-preview":"max-image-preview:large","max-video-preview":"max-video-preview:-1"},"canonical":"https:\/\/www.sts-education.com\/se\/high-school\/vara-utbytesstudenter\/studentberattelser\/mathildas-utbytesar-i-italien\/","og_locale":"sv_SE","og_type":"article","og_title":"Mathildas utbytes\u00e5r i Italien","og_description":"Ciao, jag heter Mathilda och jag \u00e4r 17 \u00e5r gammal. Jag kommer fr\u00e5n Finland och tillbringade mitt utbytes\u00e5r i Italien under l\u00e4s\u00e5ret 24\/25.","og_url":"https:\/\/www.sts-education.com\/se\/high-school\/vara-utbytesstudenter\/studentberattelser\/mathildas-utbytesar-i-italien\/","og_site_name":"STS Education","article_published_time":"2025-09-23T11:00:00+00:00","article_modified_time":"2026-04-29T07:27:10+00:00","og_image":[{"width":150,"height":150,"url":"https:\/\/powered-by.qbank.se\/educatius\/sts\/\/ad009cfd9d10e52d8d59334c4d32c43e_1-1-thumb.webp","type":"image\/png"}],"author":"syncreadwrite","twitter_card":"summary_large_image","twitter_misc":{"Skriven av":"syncreadwrite","Ber\u00e4knad l\u00e4stid":"4 minuter"},"schema":{"@context":"https:\/\/schema.org","@graph":[{"@type":"Article","@id":"https:\/\/www.sts-education.com\/se\/high-school\/vara-utbytesstudenter\/studentberattelser\/mathildas-utbytesar-i-italien\/#article","isPartOf":{"@id":"https:\/\/www.sts-education.com\/se\/high-school\/vara-utbytesstudenter\/studentberattelser\/mathildas-utbytesar-i-italien\/"},"author":{"name":"syncreadwrite","@id":"https:\/\/www.sts-education.com\/se\/#\/schema\/person\/8b82f3a2e45f020b8f296d7a85d9a97c"},"headline":"Mathildas utbytes\u00e5r i Italien","datePublished":"2025-09-23T11:00:00+00:00","dateModified":"2026-04-29T07:27:10+00:00","mainEntityOfPage":{"@id":"https:\/\/www.sts-education.com\/se\/high-school\/vara-utbytesstudenter\/studentberattelser\/mathildas-utbytesar-i-italien\/"},"wordCount":868,"commentCount":0,"image":{"@id":"https:\/\/www.sts-education.com\/se\/high-school\/vara-utbytesstudenter\/studentberattelser\/mathildas-utbytesar-i-italien\/#primaryimage"},"thumbnailUrl":"https:\/\/powered-by.qbank.se\/educatius\/sts\/\/ad009cfd9d10e52d8d59334c4d32c43e_1-1-thumb.webp","keywords":["Italien"],"articleSection":["Okategoriserad"],"inLanguage":"sv-SE","potentialAction":[{"@type":"CommentAction","name":"Comment","target":["https:\/\/www.sts-education.com\/se\/high-school\/vara-utbytesstudenter\/studentberattelser\/mathildas-utbytesar-i-italien\/#respond"]}]},{"@type":"WebPage","@id":"https:\/\/www.sts-education.com\/se\/high-school\/vara-utbytesstudenter\/studentberattelser\/mathildas-utbytesar-i-italien\/","url":"https:\/\/www.sts-education.com\/se\/high-school\/vara-utbytesstudenter\/studentberattelser\/mathildas-utbytesar-i-italien\/","name":"Mathildas utbytes\u00e5r i Italien","isPartOf":{"@id":"https:\/\/www.sts-education.com\/se\/#website"},"primaryImageOfPage":{"@id":"https:\/\/www.sts-education.com\/se\/high-school\/vara-utbytesstudenter\/studentberattelser\/mathildas-utbytesar-i-italien\/#primaryimage"},"image":{"@id":"https:\/\/www.sts-education.com\/se\/high-school\/vara-utbytesstudenter\/studentberattelser\/mathildas-utbytesar-i-italien\/#primaryimage"},"thumbnailUrl":"https:\/\/powered-by.qbank.se\/educatius\/sts\/\/ad009cfd9d10e52d8d59334c4d32c43e_1-1-thumb.webp","datePublished":"2025-09-23T11:00:00+00:00","dateModified":"2026-04-29T07:27:10+00:00","author":{"@id":"https:\/\/www.sts-education.com\/se\/#\/schema\/person\/8b82f3a2e45f020b8f296d7a85d9a97c"},"description":"Ciao, jag heter Mathilda och jag \u00e4r 17 \u00e5r gammal. Jag kommer fr\u00e5n Finland och tillbringade mitt utbytes\u00e5r i Italien under l\u00e4s\u00e5ret 24\/25.","breadcrumb":{"@id":"https:\/\/www.sts-education.com\/se\/high-school\/vara-utbytesstudenter\/studentberattelser\/mathildas-utbytesar-i-italien\/#breadcrumb"},"inLanguage":"sv-SE","potentialAction":[{"@type":"ReadAction","target":["https:\/\/www.sts-education.com\/se\/high-school\/vara-utbytesstudenter\/studentberattelser\/mathildas-utbytesar-i-italien\/"]}]},{"@type":"ImageObject","inLanguage":"sv-SE","@id":"https:\/\/www.sts-education.com\/se\/high-school\/vara-utbytesstudenter\/studentberattelser\/mathildas-utbytesar-i-italien\/#primaryimage","url":"https:\/\/powered-by.qbank.se\/educatius\/sts\/\/ad009cfd9d10e52d8d59334c4d32c43e_1-1-thumb.webp","contentUrl":"https:\/\/powered-by.qbank.se\/educatius\/sts\/\/ad009cfd9d10e52d8d59334c4d32c43e_1-1-thumb.webp","width":150,"height":150},{"@type":"BreadcrumbList","@id":"https:\/\/www.sts-education.com\/se\/high-school\/vara-utbytesstudenter\/studentberattelser\/mathildas-utbytesar-i-italien\/#breadcrumb","itemListElement":[{"@type":"ListItem","position":1,"name":"Home","item":"https:\/\/www.sts-education.com\/se\/"},{"@type":"ListItem","position":2,"name":"Mathildas utbytes\u00e5r i Italien"}]},{"@type":"WebSite","@id":"https:\/\/www.sts-education.com\/se\/#website","url":"https:\/\/www.sts-education.com\/se\/","name":"STS Education","description":"","potentialAction":[{"@type":"SearchAction","target":{"@type":"EntryPoint","urlTemplate":"https:\/\/www.sts-education.com\/se\/?s={search_term_string}"},"query-input":{"@type":"PropertyValueSpecification","valueRequired":true,"valueName":"search_term_string"}}],"inLanguage":"sv-SE"},{"@type":"Person","@id":"https:\/\/www.sts-education.com\/se\/#\/schema\/person\/8b82f3a2e45f020b8f296d7a85d9a97c","name":"syncreadwrite","image":{"@type":"ImageObject","inLanguage":"sv-SE","@id":"https:\/\/secure.gravatar.com\/avatar\/6ed1007e4f6f43f22e3df41d9fce4365533cba47fef64bb359b8e629abbc2ea6?s=96&d=mm&r=g","url":"https:\/\/secure.gravatar.com\/avatar\/6ed1007e4f6f43f22e3df41d9fce4365533cba47fef64bb359b8e629abbc2ea6?s=96&d=mm&r=g","contentUrl":"https:\/\/secure.gravatar.com\/avatar\/6ed1007e4f6f43f22e3df41d9fce4365533cba47fef64bb359b8e629abbc2ea6?s=96&d=mm&r=g","caption":"syncreadwrite"},"url":"https:\/\/www.sts-education.com\/se\/author\/syncreadwrite\/"}]}},"_links":{"self":[{"href":"https:\/\/www.sts-education.com\/se\/wp-json\/wp\/v2\/posts\/11179","targetHints":{"allow":["GET"]}}],"collection":[{"href":"https:\/\/www.sts-education.com\/se\/wp-json\/wp\/v2\/posts"}],"about":[{"href":"https:\/\/www.sts-education.com\/se\/wp-json\/wp\/v2\/types\/post"}],"author":[{"embeddable":true,"href":"https:\/\/www.sts-education.com\/se\/wp-json\/wp\/v2\/users\/20"}],"replies":[{"embeddable":true,"href":"https:\/\/www.sts-education.com\/se\/wp-json\/wp\/v2\/comments?post=11179"}],"version-history":[{"count":7,"href":"https:\/\/www.sts-education.com\/se\/wp-json\/wp\/v2\/posts\/11179\/revisions"}],"predecessor-version":[{"id":43066,"href":"https:\/\/www.sts-education.com\/se\/wp-json\/wp\/v2\/posts\/11179\/revisions\/43066"}],"wp:featuredmedia":[{"embeddable":true,"href":"https:\/\/www.sts-education.com\/se\/wp-json\/wp\/v2\/media\/40380"}],"wp:attachment":[{"href":"https:\/\/www.sts-education.com\/se\/wp-json\/wp\/v2\/media?parent=11179"}],"wp:term":[{"taxonomy":"category","embeddable":true,"href":"https:\/\/www.sts-education.com\/se\/wp-json\/wp\/v2\/categories?post=11179"},{"taxonomy":"post_tag","embeddable":true,"href":"https:\/\/www.sts-education.com\/se\/wp-json\/wp\/v2\/tags?post=11179"},{"taxonomy":"wpw_post_folders","embeddable":true,"href":"https:\/\/www.sts-education.com\/se\/wp-json\/wp\/v2\/wpw_post_folders?post=11179"}],"curies":[{"name":"wp","href":"https:\/\/api.w.org\/{rel}","templated":true}]}}