{"id":11181,"date":"2025-08-04T13:00:00","date_gmt":"2025-08-04T11:00:00","guid":{"rendered":"https:\/\/preprod.sts-education.com\/blog\/2026\/03\/05\/tamara-pluggade-utomlands-i-tyskland\/"},"modified":"2026-04-29T09:30:00","modified_gmt":"2026-04-29T07:30:00","slug":"tamara-pluggade-utomlands-i-tyskland","status":"publish","type":"post","link":"https:\/\/www.sts-education.com\/se\/high-school\/vara-utbytesstudenter\/studentberattelser\/tamara-pluggade-utomlands-i-tyskland\/","title":{"rendered":"Tamara pluggade utomlands i Tyskland"},"content":{"rendered":"\n<div class=\"wp-block-sts-text sts-text-editor has-max-width-md\"><div class=\"sts-text-editor__content\"><div class=\"sts-text-editor__content-inner\">\n<h1 style=\"text-align:center\">Tamara pluggade utomlands i Tyskland<\/h1>\n<\/div><\/div><\/div>\n\n\n\n<figure class=\"wp-block-sts-image sts-block-image sts-block-image--count-1 has-max-width-lg\" data-count=\"1\"><div class=\"sts-block-image__grid\"><div class=\"sts-block-image__item\"><picture class=\"sts-responsive-image has-fit-cover has-pos-top is-skeleton\"><source media=\"(max-width: 834.98px)\" srcset=\"https:\/\/powered-by.qbank.se\/educatius\/sts\/3e1f0c948d7559c0884b1c664382618b_1-1-thumb.webp 150w, https:\/\/powered-by.qbank.se\/educatius\/sts\/3e1f0c948d7559c0884b1c664382618b_1-1-xsmall.webp 500w, https:\/\/powered-by.qbank.se\/educatius\/sts\/3e1f0c948d7559c0884b1c664382618b_1-1-small.webp 800w, https:\/\/powered-by.qbank.se\/educatius\/sts\/3e1f0c948d7559c0884b1c664382618b_1-1-medium.webp 1024w, https:\/\/powered-by.qbank.se\/educatius\/sts\/3e1f0c948d7559c0884b1c664382618b_1-1-large.webp 1536w\" sizes=\"(max-width: 768px) 100vw, (max-width: 1200px) 100vw, 1200px\" type=\"image\/webp\"\/><source media=\"(min-width: 835px)\" srcset=\"https:\/\/powered-by.qbank.se\/educatius\/sts\/3e1f0c948d7559c0884b1c664382618b_16-9-small.webp 800w, https:\/\/powered-by.qbank.se\/educatius\/sts\/3e1f0c948d7559c0884b1c664382618b_16-9-medium.webp 1024w, https:\/\/powered-by.qbank.se\/educatius\/sts\/3e1f0c948d7559c0884b1c664382618b_16-9-large.webp 1536w\" sizes=\"(max-width: 768px) 100vw, (max-width: 1200px) 100vw, 1200px\" type=\"image\/webp\"\/><img src=\"https:\/\/powered-by.qbank.se\/educatius\/sts\/3e1f0c948d7559c0884b1c664382618b_1-1-thumb.webp\" alt=\"Tamara pluggade utomlands i Tyskland\" loading=\"lazy\" decoding=\"async\" fetchpriority=\"low\" style=\"object-position:top\"\/><\/picture><\/div><\/div><\/figure>\n\n\n\n<div class=\"wp-block-sts-text sts-text-editor has-max-width-md\"><div class=\"sts-text-editor__content\"><div class=\"sts-text-editor__content-inner\">\n<p><em>Tamara fr\u00e5n Slovakien var p\u00e5 utbyte i Tyskland.<\/em><\/p>\n<\/div><\/div><\/div>\n\n\n\n<div class=\"wp-block-sts-text sts-text-editor has-max-width-md\"><div class=\"sts-text-editor__content\"><div class=\"sts-text-editor__content-inner\">\n<h2>N\u00e5got som har f\u00f6r\u00e4ndrat mitt liv f\u00f6r alltid!<\/h2>\n<p>Mitt utbytes\u00e5r i Tyskland har nu n\u00e5tt sitt slut. Och \u00e4ven om jag visste att detta \u00f6gonblick skulle komma, var jag aldrig riktigt beredd p\u00e5 det. N\u00e4r jag kom till Tyskland var jag bara en tjej fr\u00e5n ett annat land med en resv\u00e4ska full av f\u00f6rv\u00e4ntningar, os\u00e4kerheter och fr\u00e5gor. Nu \u00e4r jag tillbaka hemma \u2013 med en resv\u00e4ska full av minnen, kramar, skratt, v\u00e4nskap och alla de till synes vardagliga \u00f6gonblicken som pl\u00f6tsligt har blivit de mest dyrbara.<\/p>\n<h2>Det mest v\u00e4rdefulla<\/h2>\n<p>Det h\u00e4r \u00e5ret har gett mig s\u00e5 mycket mer \u00e4n jag n\u00e5gonsin kunde ha f\u00f6rest\u00e4llt mig. Jag har l\u00e4rt mig mycket om v\u00e4rlden och om mig sj\u00e4lv. Men det mest v\u00e4rdefulla jag har tagit med mig \u00e4r ett nytt \u201dhem\u201d som min v\u00e4rdfamilj gav mig. De var mitt st\u00f6d, min stabilitet, min trygga plats. De gav mig mycket mer \u00e4n bara tak \u00f6ver huvudet. De gav mig utrymme att vara mig sj\u00e4lv, att k\u00e4nna mig fri, accepterad och f\u00f6rst\u00e5dd. Jag vet att detta \u00e5r aldrig skulle ha blivit vad det blev utan dem. Och \u00e4ven om vi redan har sagt adj\u00f6, kommer de att f\u00f6rbli i mitt hj\u00e4rta f\u00f6r alltid.<\/p>\n<h2>Tack STS<\/h2>\n<p>Jag vill ocks\u00e5 uttrycka min djupaste tacksamhet till STS \u2013 f\u00f6r att ni har f\u00f6ljt mig p\u00e5 denna resa, f\u00f6r att ni alltid har varit ett p\u00e5litligt st\u00f6d i bakgrunden. F\u00f6r att jag alltid kunde v\u00e4nda mig till er n\u00e4r jag beh\u00f6vde hj\u00e4lp. Ert st\u00f6d gav mig k\u00e4nslan av att jag inte var ensam. Det var ocks\u00e5 tack vare er som jag kunde njuta av detta speciella \u00e5r till fullo och bem\u00e4stra allt som kom med det \u2013 med all gl\u00e4dje, men ocks\u00e5 med de utmaningar som gjorde att jag kunde v\u00e4xa.<\/p>\n<p><strong>Tack f\u00f6r att jag fick vara en del av n\u00e5got s\u00e5 speciellt!<\/strong><\/p>\n<h2>Vill du veta mer?<\/h2>\n<ul><li>L\u00e4s fler <a href=\"https:\/\/www.sts-education.com\/se\/high-school\/vara-utbytesstudenter\/studentberattelser\/?hashtag=Tyskland\">studentber\u00e4ttelser fr\u00e5n Tyskland<\/a><\/li>\n<li>L\u00e4s mer om ett <a href=\"https:\/\/www.sts-education.com\/se\/high-school\/destinationer\/europa\/tyskland\/\">high school-utbyte i Tyskland<\/a><\/li>\n<li>Se alla v\u00e5ra <a href=\"\/se\/high-school\/tripfinder\/\">utbytesdestinationer f\u00f6r high school<\/a><\/li><\/ul>\n<\/div><\/div><\/div>\n","protected":false},"excerpt":{"rendered":"","protected":false},"author":20,"featured_media":40404,"comment_status":"open","ping_status":"open","sticky":false,"template":"","format":"standard","meta":{"_acf_changed":false,"_yoast_wpseo_title":"Tamara pluggade utomlands i Tyskland","_yoast_wpseo_metadesc":"Det h\u00e4r \u00e5ret har gett mig s\u00e5 mycket mer \u00e4n jag n\u00e5gonsin kunde ha f\u00f6rest\u00e4llt mig. Jag har l\u00e4rt mig mycket om v\u00e4rlden och om mig sj\u00e4lv.","footnotes":""},"categories":[326],"tags":[1039],"wpw_post_folders":[],"class_list":["post-11181","post","type-post","status-publish","format-standard","has-post-thumbnail","hentry","category-okategoriserad","tag-tyskland"],"acf":[],"yoast_head":"<!-- This site is optimized with the Yoast SEO Premium plugin v27.2 (Yoast SEO v27.2) - https:\/\/yoast.com\/product\/yoast-seo-premium-wordpress\/ -->\n<title>Tamara pluggade utomlands i Tyskland<\/title>\n<meta name=\"description\" content=\"Det h\u00e4r \u00e5ret har gett mig s\u00e5 mycket mer \u00e4n jag n\u00e5gonsin kunde ha f\u00f6rest\u00e4llt mig. Jag har l\u00e4rt mig mycket om v\u00e4rlden och om mig sj\u00e4lv.\" \/>\n<meta name=\"robots\" content=\"index, follow, max-snippet:-1, max-image-preview:large, max-video-preview:-1\" \/>\n<link rel=\"canonical\" href=\"https:\/\/www.sts-education.com\/se\/high-school\/vara-utbytesstudenter\/studentberattelser\/tamara-pluggade-utomlands-i-tyskland\/\" \/>\n<meta property=\"og:locale\" content=\"sv_SE\" \/>\n<meta property=\"og:type\" content=\"article\" \/>\n<meta property=\"og:title\" content=\"Tamara pluggade utomlands i Tyskland\" \/>\n<meta property=\"og:description\" content=\"Det h\u00e4r \u00e5ret har gett mig s\u00e5 mycket mer \u00e4n jag n\u00e5gonsin kunde ha f\u00f6rest\u00e4llt mig. Jag har l\u00e4rt mig mycket om v\u00e4rlden och om mig sj\u00e4lv.\" \/>\n<meta property=\"og:url\" content=\"https:\/\/www.sts-education.com\/se\/high-school\/vara-utbytesstudenter\/studentberattelser\/tamara-pluggade-utomlands-i-tyskland\/\" \/>\n<meta property=\"og:site_name\" content=\"STS Education\" \/>\n<meta property=\"article:published_time\" content=\"2025-08-04T11:00:00+00:00\" \/>\n<meta property=\"article:modified_time\" content=\"2026-04-29T07:30:00+00:00\" \/>\n<meta property=\"og:image\" content=\"https:\/\/powered-by.qbank.se\/educatius\/sts\/\/3e1f0c948d7559c0884b1c664382618b_1-1-thumb.webp\" \/>\n\t<meta property=\"og:image:width\" content=\"150\" \/>\n\t<meta property=\"og:image:height\" content=\"150\" \/>\n\t<meta property=\"og:image:type\" content=\"image\/png\" \/>\n<meta name=\"author\" content=\"syncreadwrite\" \/>\n<meta name=\"twitter:card\" content=\"summary_large_image\" \/>\n<meta name=\"twitter:label1\" content=\"Skriven av\" \/>\n\t<meta name=\"twitter:data1\" content=\"syncreadwrite\" \/>\n\t<meta name=\"twitter:label2\" content=\"Ber\u00e4knad l\u00e4stid\" \/>\n\t<meta name=\"twitter:data2\" content=\"2 minuter\" \/>\n<script type=\"application\/ld+json\" class=\"yoast-schema-graph\">{\"@context\":\"https:\/\/schema.org\",\"@graph\":[{\"@type\":\"Article\",\"@id\":\"https:\/\/www.sts-education.com\/se\/high-school\/vara-utbytesstudenter\/studentberattelser\/tamara-pluggade-utomlands-i-tyskland\/#article\",\"isPartOf\":{\"@id\":\"https:\/\/www.sts-education.com\/se\/high-school\/vara-utbytesstudenter\/studentberattelser\/tamara-pluggade-utomlands-i-tyskland\/\"},\"author\":{\"name\":\"syncreadwrite\",\"@id\":\"https:\/\/www.sts-education.com\/se\/#\/schema\/person\/8b82f3a2e45f020b8f296d7a85d9a97c\"},\"headline\":\"Tamara pluggade utomlands i Tyskland\",\"datePublished\":\"2025-08-04T11:00:00+00:00\",\"dateModified\":\"2026-04-29T07:30:00+00:00\",\"mainEntityOfPage\":{\"@id\":\"https:\/\/www.sts-education.com\/se\/high-school\/vara-utbytesstudenter\/studentberattelser\/tamara-pluggade-utomlands-i-tyskland\/\"},\"wordCount\":402,\"commentCount\":0,\"image\":{\"@id\":\"https:\/\/www.sts-education.com\/se\/high-school\/vara-utbytesstudenter\/studentberattelser\/tamara-pluggade-utomlands-i-tyskland\/#primaryimage\"},\"thumbnailUrl\":\"https:\/\/powered-by.qbank.se\/educatius\/sts\/\/3e1f0c948d7559c0884b1c664382618b_1-1-thumb.webp\",\"keywords\":[\"Tyskland\"],\"articleSection\":[\"Okategoriserad\"],\"inLanguage\":\"sv-SE\",\"potentialAction\":[{\"@type\":\"CommentAction\",\"name\":\"Comment\",\"target\":[\"https:\/\/www.sts-education.com\/se\/high-school\/vara-utbytesstudenter\/studentberattelser\/tamara-pluggade-utomlands-i-tyskland\/#respond\"]}]},{\"@type\":\"WebPage\",\"@id\":\"https:\/\/www.sts-education.com\/se\/high-school\/vara-utbytesstudenter\/studentberattelser\/tamara-pluggade-utomlands-i-tyskland\/\",\"url\":\"https:\/\/www.sts-education.com\/se\/high-school\/vara-utbytesstudenter\/studentberattelser\/tamara-pluggade-utomlands-i-tyskland\/\",\"name\":\"Tamara pluggade utomlands i Tyskland\",\"isPartOf\":{\"@id\":\"https:\/\/www.sts-education.com\/se\/#website\"},\"primaryImageOfPage\":{\"@id\":\"https:\/\/www.sts-education.com\/se\/high-school\/vara-utbytesstudenter\/studentberattelser\/tamara-pluggade-utomlands-i-tyskland\/#primaryimage\"},\"image\":{\"@id\":\"https:\/\/www.sts-education.com\/se\/high-school\/vara-utbytesstudenter\/studentberattelser\/tamara-pluggade-utomlands-i-tyskland\/#primaryimage\"},\"thumbnailUrl\":\"https:\/\/powered-by.qbank.se\/educatius\/sts\/\/3e1f0c948d7559c0884b1c664382618b_1-1-thumb.webp\",\"datePublished\":\"2025-08-04T11:00:00+00:00\",\"dateModified\":\"2026-04-29T07:30:00+00:00\",\"author\":{\"@id\":\"https:\/\/www.sts-education.com\/se\/#\/schema\/person\/8b82f3a2e45f020b8f296d7a85d9a97c\"},\"description\":\"Det h\u00e4r \u00e5ret har gett mig s\u00e5 mycket mer \u00e4n jag n\u00e5gonsin kunde ha f\u00f6rest\u00e4llt mig. Jag har l\u00e4rt mig mycket om v\u00e4rlden och om mig sj\u00e4lv.\",\"breadcrumb\":{\"@id\":\"https:\/\/www.sts-education.com\/se\/high-school\/vara-utbytesstudenter\/studentberattelser\/tamara-pluggade-utomlands-i-tyskland\/#breadcrumb\"},\"inLanguage\":\"sv-SE\",\"potentialAction\":[{\"@type\":\"ReadAction\",\"target\":[\"https:\/\/www.sts-education.com\/se\/high-school\/vara-utbytesstudenter\/studentberattelser\/tamara-pluggade-utomlands-i-tyskland\/\"]}]},{\"@type\":\"ImageObject\",\"inLanguage\":\"sv-SE\",\"@id\":\"https:\/\/www.sts-education.com\/se\/high-school\/vara-utbytesstudenter\/studentberattelser\/tamara-pluggade-utomlands-i-tyskland\/#primaryimage\",\"url\":\"https:\/\/powered-by.qbank.se\/educatius\/sts\/\/3e1f0c948d7559c0884b1c664382618b_1-1-thumb.webp\",\"contentUrl\":\"https:\/\/powered-by.qbank.se\/educatius\/sts\/\/3e1f0c948d7559c0884b1c664382618b_1-1-thumb.webp\",\"width\":150,\"height\":150},{\"@type\":\"BreadcrumbList\",\"@id\":\"https:\/\/www.sts-education.com\/se\/high-school\/vara-utbytesstudenter\/studentberattelser\/tamara-pluggade-utomlands-i-tyskland\/#breadcrumb\",\"itemListElement\":[{\"@type\":\"ListItem\",\"position\":1,\"name\":\"Home\",\"item\":\"https:\/\/www.sts-education.com\/se\/\"},{\"@type\":\"ListItem\",\"position\":2,\"name\":\"Tamara pluggade utomlands i Tyskland\"}]},{\"@type\":\"WebSite\",\"@id\":\"https:\/\/www.sts-education.com\/se\/#website\",\"url\":\"https:\/\/www.sts-education.com\/se\/\",\"name\":\"STS Education\",\"description\":\"\",\"potentialAction\":[{\"@type\":\"SearchAction\",\"target\":{\"@type\":\"EntryPoint\",\"urlTemplate\":\"https:\/\/www.sts-education.com\/se\/?s={search_term_string}\"},\"query-input\":{\"@type\":\"PropertyValueSpecification\",\"valueRequired\":true,\"valueName\":\"search_term_string\"}}],\"inLanguage\":\"sv-SE\"},{\"@type\":\"Person\",\"@id\":\"https:\/\/www.sts-education.com\/se\/#\/schema\/person\/8b82f3a2e45f020b8f296d7a85d9a97c\",\"name\":\"syncreadwrite\",\"image\":{\"@type\":\"ImageObject\",\"inLanguage\":\"sv-SE\",\"@id\":\"https:\/\/secure.gravatar.com\/avatar\/6ed1007e4f6f43f22e3df41d9fce4365533cba47fef64bb359b8e629abbc2ea6?s=96&d=mm&r=g\",\"url\":\"https:\/\/secure.gravatar.com\/avatar\/6ed1007e4f6f43f22e3df41d9fce4365533cba47fef64bb359b8e629abbc2ea6?s=96&d=mm&r=g\",\"contentUrl\":\"https:\/\/secure.gravatar.com\/avatar\/6ed1007e4f6f43f22e3df41d9fce4365533cba47fef64bb359b8e629abbc2ea6?s=96&d=mm&r=g\",\"caption\":\"syncreadwrite\"},\"url\":\"https:\/\/www.sts-education.com\/se\/author\/syncreadwrite\/\"}]}<\/script>\n<!-- \/ Yoast SEO Premium plugin. -->","yoast_head_json":{"title":"Tamara pluggade utomlands i Tyskland","description":"Det h\u00e4r \u00e5ret har gett mig s\u00e5 mycket mer \u00e4n jag n\u00e5gonsin kunde ha f\u00f6rest\u00e4llt mig. Jag har l\u00e4rt mig mycket om v\u00e4rlden och om mig sj\u00e4lv.","robots":{"index":"index","follow":"follow","max-snippet":"max-snippet:-1","max-image-preview":"max-image-preview:large","max-video-preview":"max-video-preview:-1"},"canonical":"https:\/\/www.sts-education.com\/se\/high-school\/vara-utbytesstudenter\/studentberattelser\/tamara-pluggade-utomlands-i-tyskland\/","og_locale":"sv_SE","og_type":"article","og_title":"Tamara pluggade utomlands i Tyskland","og_description":"Det h\u00e4r \u00e5ret har gett mig s\u00e5 mycket mer \u00e4n jag n\u00e5gonsin kunde ha f\u00f6rest\u00e4llt mig. Jag har l\u00e4rt mig mycket om v\u00e4rlden och om mig sj\u00e4lv.","og_url":"https:\/\/www.sts-education.com\/se\/high-school\/vara-utbytesstudenter\/studentberattelser\/tamara-pluggade-utomlands-i-tyskland\/","og_site_name":"STS Education","article_published_time":"2025-08-04T11:00:00+00:00","article_modified_time":"2026-04-29T07:30:00+00:00","og_image":[{"width":150,"height":150,"url":"https:\/\/powered-by.qbank.se\/educatius\/sts\/\/3e1f0c948d7559c0884b1c664382618b_1-1-thumb.webp","type":"image\/png"}],"author":"syncreadwrite","twitter_card":"summary_large_image","twitter_misc":{"Skriven av":"syncreadwrite","Ber\u00e4knad l\u00e4stid":"2 minuter"},"schema":{"@context":"https:\/\/schema.org","@graph":[{"@type":"Article","@id":"https:\/\/www.sts-education.com\/se\/high-school\/vara-utbytesstudenter\/studentberattelser\/tamara-pluggade-utomlands-i-tyskland\/#article","isPartOf":{"@id":"https:\/\/www.sts-education.com\/se\/high-school\/vara-utbytesstudenter\/studentberattelser\/tamara-pluggade-utomlands-i-tyskland\/"},"author":{"name":"syncreadwrite","@id":"https:\/\/www.sts-education.com\/se\/#\/schema\/person\/8b82f3a2e45f020b8f296d7a85d9a97c"},"headline":"Tamara pluggade utomlands i Tyskland","datePublished":"2025-08-04T11:00:00+00:00","dateModified":"2026-04-29T07:30:00+00:00","mainEntityOfPage":{"@id":"https:\/\/www.sts-education.com\/se\/high-school\/vara-utbytesstudenter\/studentberattelser\/tamara-pluggade-utomlands-i-tyskland\/"},"wordCount":402,"commentCount":0,"image":{"@id":"https:\/\/www.sts-education.com\/se\/high-school\/vara-utbytesstudenter\/studentberattelser\/tamara-pluggade-utomlands-i-tyskland\/#primaryimage"},"thumbnailUrl":"https:\/\/powered-by.qbank.se\/educatius\/sts\/\/3e1f0c948d7559c0884b1c664382618b_1-1-thumb.webp","keywords":["Tyskland"],"articleSection":["Okategoriserad"],"inLanguage":"sv-SE","potentialAction":[{"@type":"CommentAction","name":"Comment","target":["https:\/\/www.sts-education.com\/se\/high-school\/vara-utbytesstudenter\/studentberattelser\/tamara-pluggade-utomlands-i-tyskland\/#respond"]}]},{"@type":"WebPage","@id":"https:\/\/www.sts-education.com\/se\/high-school\/vara-utbytesstudenter\/studentberattelser\/tamara-pluggade-utomlands-i-tyskland\/","url":"https:\/\/www.sts-education.com\/se\/high-school\/vara-utbytesstudenter\/studentberattelser\/tamara-pluggade-utomlands-i-tyskland\/","name":"Tamara pluggade utomlands i Tyskland","isPartOf":{"@id":"https:\/\/www.sts-education.com\/se\/#website"},"primaryImageOfPage":{"@id":"https:\/\/www.sts-education.com\/se\/high-school\/vara-utbytesstudenter\/studentberattelser\/tamara-pluggade-utomlands-i-tyskland\/#primaryimage"},"image":{"@id":"https:\/\/www.sts-education.com\/se\/high-school\/vara-utbytesstudenter\/studentberattelser\/tamara-pluggade-utomlands-i-tyskland\/#primaryimage"},"thumbnailUrl":"https:\/\/powered-by.qbank.se\/educatius\/sts\/\/3e1f0c948d7559c0884b1c664382618b_1-1-thumb.webp","datePublished":"2025-08-04T11:00:00+00:00","dateModified":"2026-04-29T07:30:00+00:00","author":{"@id":"https:\/\/www.sts-education.com\/se\/#\/schema\/person\/8b82f3a2e45f020b8f296d7a85d9a97c"},"description":"Det h\u00e4r \u00e5ret har gett mig s\u00e5 mycket mer \u00e4n jag n\u00e5gonsin kunde ha f\u00f6rest\u00e4llt mig. Jag har l\u00e4rt mig mycket om v\u00e4rlden och om mig sj\u00e4lv.","breadcrumb":{"@id":"https:\/\/www.sts-education.com\/se\/high-school\/vara-utbytesstudenter\/studentberattelser\/tamara-pluggade-utomlands-i-tyskland\/#breadcrumb"},"inLanguage":"sv-SE","potentialAction":[{"@type":"ReadAction","target":["https:\/\/www.sts-education.com\/se\/high-school\/vara-utbytesstudenter\/studentberattelser\/tamara-pluggade-utomlands-i-tyskland\/"]}]},{"@type":"ImageObject","inLanguage":"sv-SE","@id":"https:\/\/www.sts-education.com\/se\/high-school\/vara-utbytesstudenter\/studentberattelser\/tamara-pluggade-utomlands-i-tyskland\/#primaryimage","url":"https:\/\/powered-by.qbank.se\/educatius\/sts\/\/3e1f0c948d7559c0884b1c664382618b_1-1-thumb.webp","contentUrl":"https:\/\/powered-by.qbank.se\/educatius\/sts\/\/3e1f0c948d7559c0884b1c664382618b_1-1-thumb.webp","width":150,"height":150},{"@type":"BreadcrumbList","@id":"https:\/\/www.sts-education.com\/se\/high-school\/vara-utbytesstudenter\/studentberattelser\/tamara-pluggade-utomlands-i-tyskland\/#breadcrumb","itemListElement":[{"@type":"ListItem","position":1,"name":"Home","item":"https:\/\/www.sts-education.com\/se\/"},{"@type":"ListItem","position":2,"name":"Tamara pluggade utomlands i Tyskland"}]},{"@type":"WebSite","@id":"https:\/\/www.sts-education.com\/se\/#website","url":"https:\/\/www.sts-education.com\/se\/","name":"STS Education","description":"","potentialAction":[{"@type":"SearchAction","target":{"@type":"EntryPoint","urlTemplate":"https:\/\/www.sts-education.com\/se\/?s={search_term_string}"},"query-input":{"@type":"PropertyValueSpecification","valueRequired":true,"valueName":"search_term_string"}}],"inLanguage":"sv-SE"},{"@type":"Person","@id":"https:\/\/www.sts-education.com\/se\/#\/schema\/person\/8b82f3a2e45f020b8f296d7a85d9a97c","name":"syncreadwrite","image":{"@type":"ImageObject","inLanguage":"sv-SE","@id":"https:\/\/secure.gravatar.com\/avatar\/6ed1007e4f6f43f22e3df41d9fce4365533cba47fef64bb359b8e629abbc2ea6?s=96&d=mm&r=g","url":"https:\/\/secure.gravatar.com\/avatar\/6ed1007e4f6f43f22e3df41d9fce4365533cba47fef64bb359b8e629abbc2ea6?s=96&d=mm&r=g","contentUrl":"https:\/\/secure.gravatar.com\/avatar\/6ed1007e4f6f43f22e3df41d9fce4365533cba47fef64bb359b8e629abbc2ea6?s=96&d=mm&r=g","caption":"syncreadwrite"},"url":"https:\/\/www.sts-education.com\/se\/author\/syncreadwrite\/"}]}},"_links":{"self":[{"href":"https:\/\/www.sts-education.com\/se\/wp-json\/wp\/v2\/posts\/11181","targetHints":{"allow":["GET"]}}],"collection":[{"href":"https:\/\/www.sts-education.com\/se\/wp-json\/wp\/v2\/posts"}],"about":[{"href":"https:\/\/www.sts-education.com\/se\/wp-json\/wp\/v2\/types\/post"}],"author":[{"embeddable":true,"href":"https:\/\/www.sts-education.com\/se\/wp-json\/wp\/v2\/users\/20"}],"replies":[{"embeddable":true,"href":"https:\/\/www.sts-education.com\/se\/wp-json\/wp\/v2\/comments?post=11181"}],"version-history":[{"count":8,"href":"https:\/\/www.sts-education.com\/se\/wp-json\/wp\/v2\/posts\/11181\/revisions"}],"predecessor-version":[{"id":43091,"href":"https:\/\/www.sts-education.com\/se\/wp-json\/wp\/v2\/posts\/11181\/revisions\/43091"}],"wp:featuredmedia":[{"embeddable":true,"href":"https:\/\/www.sts-education.com\/se\/wp-json\/wp\/v2\/media\/40404"}],"wp:attachment":[{"href":"https:\/\/www.sts-education.com\/se\/wp-json\/wp\/v2\/media?parent=11181"}],"wp:term":[{"taxonomy":"category","embeddable":true,"href":"https:\/\/www.sts-education.com\/se\/wp-json\/wp\/v2\/categories?post=11181"},{"taxonomy":"post_tag","embeddable":true,"href":"https:\/\/www.sts-education.com\/se\/wp-json\/wp\/v2\/tags?post=11181"},{"taxonomy":"wpw_post_folders","embeddable":true,"href":"https:\/\/www.sts-education.com\/se\/wp-json\/wp\/v2\/wpw_post_folders?post=11181"}],"curies":[{"name":"wp","href":"https:\/\/api.w.org\/{rel}","templated":true}]}}