{"id":11187,"date":"2025-06-04T10:00:00","date_gmt":"2025-06-04T10:00:00","guid":{"rendered":"https:\/\/preprod.sts-education.com\/blog\/2026\/03\/05\/elena-pluggade-utomlands-i-norge\/"},"modified":"2026-04-27T11:54:51","modified_gmt":"2026-04-27T11:54:51","slug":"elena-pluggade-utomlands-i-norge","status":"publish","type":"post","link":"https:\/\/www.sts-education.com\/se\/high-school\/vara-utbytesstudenter\/studentberattelser\/elena-pluggade-utomlands-i-norge\/","title":{"rendered":"Elena pluggade utomlands i Norge"},"content":{"rendered":"\n<div class=\"wp-block-sts-text sts-text-editor has-max-width-md\"><div class=\"sts-text-editor__content\"><div class=\"sts-text-editor__content-inner\">\n<h1 style=\"text-align:center\">Elena pluggade utomlands i Norge<\/h1>\n<\/div><\/div><\/div>\n\n\n\n<figure class=\"wp-block-sts-image sts-block-image sts-block-image--count-1 has-max-width-md\" data-count=\"1\"><div class=\"sts-block-image__grid\"><div class=\"sts-block-image__item\"><picture class=\"sts-responsive-image has-fit-cover has-pos-top is-skeleton\"><img src=\"https:\/\/cdn.sts-education.com\/13692_hero_md.jpg\" alt=\"Elena pluggade utomlands i Norge\" loading=\"lazy\" decoding=\"async\" fetchpriority=\"low\" sizes=\"(max-width: 736px) 100vw, 736px\" style=\"object-position:top\"\/><\/picture><\/div><\/div><\/figure>\n\n\n\n<div class=\"wp-block-sts-text sts-text-editor has-max-width-md\"><div class=\"sts-text-editor__content\"><div class=\"sts-text-editor__content-inner\">\n<p><em>Hej, jag heter Elena, \u00e4r 17 \u00e5r gammal och jag tillbringade mitt utbytes\u00e5r i s\u00f6dra Norge.\u00a0Jag \u00e5kte under skol\u00e5ret 24\/25. <\/em><\/p>\n<\/div><\/div><\/div>\n\n\n\n<div class=\"wp-block-sts-text sts-text-editor has-max-width-md\"><div class=\"sts-text-editor__content\"><div class=\"sts-text-editor__content-inner\">\n<p>Jag har alltid velat \u00e5ka p\u00e5 utbyte f\u00f6r att l\u00e4ra k\u00e4nna en ny kultur, se n\u00e5got annat \u00e4n det tyska skolsystemet och f\u00e5 ett roligt \u00e5r innan de tuffa skol\u00e5ren b\u00f6rjar.<\/p>\n<p>Jag valde Norge som utbytesland p\u00e5 grund av skolsystemet och f\u00f6r att det finns fler m\u00f6jligheter \u00e4n i Tyskland. Jag \u00e4r ocks\u00e5 ett stort fan av naturen, och jag blev verkligen inte besviken. Norge har verkligen en av de vackraste naturerna som finns. Dessutom ligger Norge inte s\u00e5 l\u00e5ngt bort fr\u00e5n mitt hem, s\u00e5 det \u00e4r l\u00e4ttare f\u00f6r mig att \u00e5ka tillbaka och h\u00e4lsa p\u00e5 v\u00e4nner och familj.<\/p>\n<h2>Skolan i Norge<\/h2>\n<p>Skolan h\u00e4r \u00e4r b\u00e4ttre \u00e4n den i Tyskland. Vi har f\u00e4rre \u00e4mnen och mer frihet att v\u00e4lja vad vi vill l\u00e4sa. Jag k\u00e4nner att jag blir mycket b\u00e4ttre f\u00f6rberedd f\u00f6r livet i framtiden, och jag hade verkligen velat stanna ett \u00e5r till h\u00e4r i Norge.<\/p>\n<h2>Min v\u00e4rdfamilj<\/h2>\n<p>Min v\u00e4rdfamilj var v\u00e4ldigt sn\u00e4ll och \u00f6ppen. Min v\u00e4rdsyster var lika gammal som jag, s\u00e5 vi kom v\u00e4ldigt bra \u00f6verens. Min v\u00e4rdpappa kommer fr\u00e5n Nya Zeeland, s\u00e5 hemma pratade vi b\u00e5de engelska och norska. Det gjorde kommunikationen v\u00e4ldigt enkel. Vi gjorde m\u00e5nga sm\u00e5 utflykter i n\u00e4romr\u00e5det och lite l\u00e4ngre bort. De visade mig alla platser runt Kristiansand. Jag skulle s\u00e4ga att jag hittade en andra familj. En skillnad jag m\u00e4rkte ganska tidigt var att arbetstiderna f\u00f6r vuxna \u00e4r mycket kortare. Mina v\u00e4rdf\u00f6r\u00e4ldrar var hemma senast klockan 16, och d\u00e5 \u00e5t vi oftast varm middag. I b\u00f6rjan k\u00e4ndes det som en konstig tid, men jag har vant mig.<\/p>\n<h2>V\u00e4nner<\/h2>\n<p>Norrm\u00e4n \u00e4r ganska tysta och introverta. S\u00e5 det var inte det l\u00e4ttaste att hitta v\u00e4nner. Att ta sig \u00f6ver spr\u00e5kbarri\u00e4ren var en stor utmaning f\u00f6r mig. Alla skolb\u00f6cker var p\u00e5 norska, s\u00e5 det var sv\u00e5rt i b\u00f6rjan att f\u00f6rst\u00e5 vad vi gjorde p\u00e5 lektionerna. Jag f\u00f6rs\u00f6kte bara f\u00f6rst\u00e5 s\u00e5 mycket som m\u00f6jligt, och Google Translate var en stor hj\u00e4lp. Mina v\u00e4nner var b\u00e5de andra utbytesstudenter och norska elever som jag tr\u00e4ffade i skolan. Vi gick en sykurs tillsammans och jag sydde min egen folkdr\u00e4kt. H\u00e4r i Norge \u00e4r s\u00e5dana aktiviteter gratis! Jag var mycket med mina v\u00e4nner, och vi lagade mat fr\u00e5n olika l\u00e4nder f\u00f6r att dela med oss av v\u00e5ra kulturer.<\/p>\n<h2>F\u00f6rv\u00e4ntningar<\/h2>\n<p>Mitt utbytes\u00e5r blev precis som jag hade f\u00f6rv\u00e4ntat mig, kanske till och med b\u00e4ttre! Jag gick in i det hela med v\u00e4ldigt l\u00e5ga f\u00f6rv\u00e4ntningar, och det \u00e4r nog det b\u00e4sta man kan g\u00f6ra, s\u00e5 att man inte blir besviken. Jag har f\u00e5tt uppleva s\u00e5 m\u00e5nga fantastiska saker och jag \u00e4r glad \u00f6ver mitt val. Jag har f\u00e5tt l\u00e4ra k\u00e4nna m\u00e5nga nya m\u00e4nniskor som kommer att bli v\u00e4nner f\u00f6r livet. Man l\u00e4r sig s\u00e5 mycket mer om sig sj\u00e4lv och v\u00e4xer ur sin komfortzon. Man f\u00e5r en b\u00e4ttre f\u00f6rst\u00e5else f\u00f6r andra kulturer och b\u00f6rjar respektera dem mer.<\/p>\n<h2>Varf\u00f6r STS?<\/h2>\n<p>Jag valde STS fr\u00e4mst f\u00f6r att det var den enda organisationen som var redo att ta emot mig n\u00e4r jag ans\u00f6kte. De gav mig en trygg k\u00e4nsla och f\u00f6rklarade processen ganska bra. Mellan ans\u00f6kan och placeringen fick jag v\u00e4nta ganska l\u00e4nge. Jag fick ingen information under tiden, vilket var ganska stressande. Men STS hade ett bra v\u00e4lkomstl\u00e4ger. Tyv\u00e4rr var alla andra resor f\u00f6r dyra och inte planerade vid tider som passade mitt schema. Det var v\u00e4ldigt tr\u00e5kigt.<\/p>\n<h2>Om jag f\u00e5r ge n\u00e5gra tips till framtida utbytesstudenter, s\u00e5 skulle jag s\u00e4ga:<\/h2>\n<ul>\n<li>Att s\u00e4ga ja och vara \u00f6ppen \u00e4r det b\u00e4sta s\u00e4ttet att f\u00e5 uppleva nya och fantastiska saker.<\/li>\n<li>Ha inte superh\u00f6ga f\u00f6rv\u00e4ntningar p\u00e5 allt. Det kan h\u00e4nda att du inte upplever exakt det du hoppats p\u00e5, och d\u00e5 kan du bli besviken.<\/li>\n<li>Allting kommer att ordna sig, och det slutar alltid bra. Oroa dig inte f\u00f6r mycket.<\/li>\n<\/ul>\n<h2>Vill du veta mer?<\/h2>\n<ul>\n<li>L\u00e4s fler <a href=\"https:\/\/www.sts-education.com\/se\/high-school\/vara-utbytesstudenter\/studentberattelser\/?hashtag=Norge\">studentber\u00e4ttelser fr\u00e5n Norge<\/a><\/li>\n<li>L\u00e4s mer om ett <a href=\"https:\/\/www.sts-education.com\/se\/high-school\/destinationer\/europa\/norge\/\">high school-utbyte i Norge<\/a><\/li>\n<li>Se alla v\u00e5ra <a href=\"\/se\/high-school\/tripfinder\/\">utbytesdestinationer f\u00f6r high school<\/a><\/li>\n<\/ul>\n<\/div><\/div><\/div>\n","protected":false},"excerpt":{"rendered":"","protected":false},"author":20,"featured_media":14524,"comment_status":"open","ping_status":"open","sticky":false,"template":"","format":"standard","meta":{"_acf_changed":false,"_yoast_wpseo_title":"Elena pluggade utomlands i Norge","_yoast_wpseo_metadesc":"Hej, jag heter Elena, \u00e4r 17 \u00e5r gammal och jag tillbringade mitt utbytes\u00e5r i s\u00f6dra Norge. Jag \u00e5kte under skol\u00e5ret 24\/25.","footnotes":""},"categories":[326],"tags":[1045],"wpw_post_folders":[],"class_list":["post-11187","post","type-post","status-publish","format-standard","has-post-thumbnail","hentry","category-okategoriserad","tag-norge"],"acf":[],"yoast_head":"<!-- This site is optimized with the Yoast SEO Premium plugin v27.2 (Yoast SEO v27.2) - https:\/\/yoast.com\/product\/yoast-seo-premium-wordpress\/ -->\n<title>Elena pluggade utomlands i Norge<\/title>\n<meta name=\"description\" content=\"Hej, jag heter Elena, \u00e4r 17 \u00e5r gammal och jag tillbringade mitt utbytes\u00e5r i s\u00f6dra Norge. Jag \u00e5kte under skol\u00e5ret 24\/25.\" \/>\n<meta name=\"robots\" content=\"index, follow, max-snippet:-1, max-image-preview:large, max-video-preview:-1\" \/>\n<link rel=\"canonical\" href=\"https:\/\/www.sts-education.com\/se\/high-school\/vara-utbytesstudenter\/studentberattelser\/elena-pluggade-utomlands-i-norge\/\" \/>\n<meta property=\"og:locale\" content=\"sv_SE\" \/>\n<meta property=\"og:type\" content=\"article\" \/>\n<meta property=\"og:title\" content=\"Elena pluggade utomlands i Norge\" \/>\n<meta property=\"og:description\" content=\"Hej, jag heter Elena, \u00e4r 17 \u00e5r gammal och jag tillbringade mitt utbytes\u00e5r i s\u00f6dra Norge. Jag \u00e5kte under skol\u00e5ret 24\/25.\" \/>\n<meta property=\"og:url\" content=\"https:\/\/www.sts-education.com\/se\/high-school\/vara-utbytesstudenter\/studentberattelser\/elena-pluggade-utomlands-i-norge\/\" \/>\n<meta property=\"og:site_name\" content=\"STS Education\" \/>\n<meta property=\"article:published_time\" content=\"2025-06-04T10:00:00+00:00\" \/>\n<meta property=\"article:modified_time\" content=\"2026-04-27T11:54:51+00:00\" \/>\n<meta property=\"og:image\" content=\"https:\/\/powered-by.qbank.se\/educatius\/sts\/\/5d9c1505039e949cee6f2fdf85a33a3d_1-1-thumb.webp\" \/>\n\t<meta property=\"og:image:width\" content=\"150\" \/>\n\t<meta property=\"og:image:height\" content=\"150\" \/>\n\t<meta property=\"og:image:type\" content=\"image\/png\" \/>\n<meta name=\"author\" content=\"syncreadwrite\" \/>\n<meta name=\"twitter:card\" content=\"summary_large_image\" \/>\n<meta name=\"twitter:label1\" content=\"Skriven av\" \/>\n\t<meta name=\"twitter:data1\" content=\"syncreadwrite\" \/>\n\t<meta name=\"twitter:label2\" content=\"Ber\u00e4knad l\u00e4stid\" \/>\n\t<meta name=\"twitter:data2\" content=\"4 minuter\" \/>\n<script type=\"application\/ld+json\" class=\"yoast-schema-graph\">{\"@context\":\"https:\/\/schema.org\",\"@graph\":[{\"@type\":\"Article\",\"@id\":\"https:\/\/www.sts-education.com\/se\/high-school\/vara-utbytesstudenter\/studentberattelser\/elena-pluggade-utomlands-i-norge\/#article\",\"isPartOf\":{\"@id\":\"https:\/\/www.sts-education.com\/se\/high-school\/vara-utbytesstudenter\/studentberattelser\/elena-pluggade-utomlands-i-norge\/\"},\"author\":{\"name\":\"syncreadwrite\",\"@id\":\"https:\/\/www.sts-education.com\/se\/#\/schema\/person\/8b82f3a2e45f020b8f296d7a85d9a97c\"},\"headline\":\"Elena pluggade utomlands i Norge\",\"datePublished\":\"2025-06-04T10:00:00+00:00\",\"dateModified\":\"2026-04-27T11:54:51+00:00\",\"mainEntityOfPage\":{\"@id\":\"https:\/\/www.sts-education.com\/se\/high-school\/vara-utbytesstudenter\/studentberattelser\/elena-pluggade-utomlands-i-norge\/\"},\"wordCount\":805,\"commentCount\":0,\"image\":{\"@id\":\"https:\/\/www.sts-education.com\/se\/high-school\/vara-utbytesstudenter\/studentberattelser\/elena-pluggade-utomlands-i-norge\/#primaryimage\"},\"thumbnailUrl\":\"https:\/\/powered-by.qbank.se\/educatius\/sts\/\/5d9c1505039e949cee6f2fdf85a33a3d_1-1-thumb.webp\",\"keywords\":[\"Norge\"],\"articleSection\":[\"Okategoriserad\"],\"inLanguage\":\"sv-SE\",\"potentialAction\":[{\"@type\":\"CommentAction\",\"name\":\"Comment\",\"target\":[\"https:\/\/www.sts-education.com\/se\/high-school\/vara-utbytesstudenter\/studentberattelser\/elena-pluggade-utomlands-i-norge\/#respond\"]}]},{\"@type\":\"WebPage\",\"@id\":\"https:\/\/www.sts-education.com\/se\/high-school\/vara-utbytesstudenter\/studentberattelser\/elena-pluggade-utomlands-i-norge\/\",\"url\":\"https:\/\/www.sts-education.com\/se\/high-school\/vara-utbytesstudenter\/studentberattelser\/elena-pluggade-utomlands-i-norge\/\",\"name\":\"Elena pluggade utomlands i Norge\",\"isPartOf\":{\"@id\":\"https:\/\/www.sts-education.com\/se\/#website\"},\"primaryImageOfPage\":{\"@id\":\"https:\/\/www.sts-education.com\/se\/high-school\/vara-utbytesstudenter\/studentberattelser\/elena-pluggade-utomlands-i-norge\/#primaryimage\"},\"image\":{\"@id\":\"https:\/\/www.sts-education.com\/se\/high-school\/vara-utbytesstudenter\/studentberattelser\/elena-pluggade-utomlands-i-norge\/#primaryimage\"},\"thumbnailUrl\":\"https:\/\/powered-by.qbank.se\/educatius\/sts\/\/5d9c1505039e949cee6f2fdf85a33a3d_1-1-thumb.webp\",\"datePublished\":\"2025-06-04T10:00:00+00:00\",\"dateModified\":\"2026-04-27T11:54:51+00:00\",\"author\":{\"@id\":\"https:\/\/www.sts-education.com\/se\/#\/schema\/person\/8b82f3a2e45f020b8f296d7a85d9a97c\"},\"description\":\"Hej, jag heter Elena, \u00e4r 17 \u00e5r gammal och jag tillbringade mitt utbytes\u00e5r i s\u00f6dra Norge. Jag \u00e5kte under skol\u00e5ret 24\/25.\",\"breadcrumb\":{\"@id\":\"https:\/\/www.sts-education.com\/se\/high-school\/vara-utbytesstudenter\/studentberattelser\/elena-pluggade-utomlands-i-norge\/#breadcrumb\"},\"inLanguage\":\"sv-SE\",\"potentialAction\":[{\"@type\":\"ReadAction\",\"target\":[\"https:\/\/www.sts-education.com\/se\/high-school\/vara-utbytesstudenter\/studentberattelser\/elena-pluggade-utomlands-i-norge\/\"]}]},{\"@type\":\"ImageObject\",\"inLanguage\":\"sv-SE\",\"@id\":\"https:\/\/www.sts-education.com\/se\/high-school\/vara-utbytesstudenter\/studentberattelser\/elena-pluggade-utomlands-i-norge\/#primaryimage\",\"url\":\"https:\/\/powered-by.qbank.se\/educatius\/sts\/\/5d9c1505039e949cee6f2fdf85a33a3d_1-1-thumb.webp\",\"contentUrl\":\"https:\/\/powered-by.qbank.se\/educatius\/sts\/\/5d9c1505039e949cee6f2fdf85a33a3d_1-1-thumb.webp\",\"width\":150,\"height\":150},{\"@type\":\"BreadcrumbList\",\"@id\":\"https:\/\/www.sts-education.com\/se\/high-school\/vara-utbytesstudenter\/studentberattelser\/elena-pluggade-utomlands-i-norge\/#breadcrumb\",\"itemListElement\":[{\"@type\":\"ListItem\",\"position\":1,\"name\":\"Home\",\"item\":\"https:\/\/www.sts-education.com\/se\/\"},{\"@type\":\"ListItem\",\"position\":2,\"name\":\"Elena pluggade utomlands i Norge\"}]},{\"@type\":\"WebSite\",\"@id\":\"https:\/\/www.sts-education.com\/se\/#website\",\"url\":\"https:\/\/www.sts-education.com\/se\/\",\"name\":\"STS Education\",\"description\":\"\",\"potentialAction\":[{\"@type\":\"SearchAction\",\"target\":{\"@type\":\"EntryPoint\",\"urlTemplate\":\"https:\/\/www.sts-education.com\/se\/?s={search_term_string}\"},\"query-input\":{\"@type\":\"PropertyValueSpecification\",\"valueRequired\":true,\"valueName\":\"search_term_string\"}}],\"inLanguage\":\"sv-SE\"},{\"@type\":\"Person\",\"@id\":\"https:\/\/www.sts-education.com\/se\/#\/schema\/person\/8b82f3a2e45f020b8f296d7a85d9a97c\",\"name\":\"syncreadwrite\",\"image\":{\"@type\":\"ImageObject\",\"inLanguage\":\"sv-SE\",\"@id\":\"https:\/\/secure.gravatar.com\/avatar\/6ed1007e4f6f43f22e3df41d9fce4365533cba47fef64bb359b8e629abbc2ea6?s=96&d=mm&r=g\",\"url\":\"https:\/\/secure.gravatar.com\/avatar\/6ed1007e4f6f43f22e3df41d9fce4365533cba47fef64bb359b8e629abbc2ea6?s=96&d=mm&r=g\",\"contentUrl\":\"https:\/\/secure.gravatar.com\/avatar\/6ed1007e4f6f43f22e3df41d9fce4365533cba47fef64bb359b8e629abbc2ea6?s=96&d=mm&r=g\",\"caption\":\"syncreadwrite\"},\"url\":\"https:\/\/www.sts-education.com\/se\/author\/syncreadwrite\/\"}]}<\/script>\n<!-- \/ Yoast SEO Premium plugin. -->","yoast_head_json":{"title":"Elena pluggade utomlands i Norge","description":"Hej, jag heter Elena, \u00e4r 17 \u00e5r gammal och jag tillbringade mitt utbytes\u00e5r i s\u00f6dra Norge. Jag \u00e5kte under skol\u00e5ret 24\/25.","robots":{"index":"index","follow":"follow","max-snippet":"max-snippet:-1","max-image-preview":"max-image-preview:large","max-video-preview":"max-video-preview:-1"},"canonical":"https:\/\/www.sts-education.com\/se\/high-school\/vara-utbytesstudenter\/studentberattelser\/elena-pluggade-utomlands-i-norge\/","og_locale":"sv_SE","og_type":"article","og_title":"Elena pluggade utomlands i Norge","og_description":"Hej, jag heter Elena, \u00e4r 17 \u00e5r gammal och jag tillbringade mitt utbytes\u00e5r i s\u00f6dra Norge. Jag \u00e5kte under skol\u00e5ret 24\/25.","og_url":"https:\/\/www.sts-education.com\/se\/high-school\/vara-utbytesstudenter\/studentberattelser\/elena-pluggade-utomlands-i-norge\/","og_site_name":"STS Education","article_published_time":"2025-06-04T10:00:00+00:00","article_modified_time":"2026-04-27T11:54:51+00:00","og_image":[{"width":150,"height":150,"url":"https:\/\/powered-by.qbank.se\/educatius\/sts\/\/5d9c1505039e949cee6f2fdf85a33a3d_1-1-thumb.webp","type":"image\/png"}],"author":"syncreadwrite","twitter_card":"summary_large_image","twitter_misc":{"Skriven av":"syncreadwrite","Ber\u00e4knad l\u00e4stid":"4 minuter"},"schema":{"@context":"https:\/\/schema.org","@graph":[{"@type":"Article","@id":"https:\/\/www.sts-education.com\/se\/high-school\/vara-utbytesstudenter\/studentberattelser\/elena-pluggade-utomlands-i-norge\/#article","isPartOf":{"@id":"https:\/\/www.sts-education.com\/se\/high-school\/vara-utbytesstudenter\/studentberattelser\/elena-pluggade-utomlands-i-norge\/"},"author":{"name":"syncreadwrite","@id":"https:\/\/www.sts-education.com\/se\/#\/schema\/person\/8b82f3a2e45f020b8f296d7a85d9a97c"},"headline":"Elena pluggade utomlands i Norge","datePublished":"2025-06-04T10:00:00+00:00","dateModified":"2026-04-27T11:54:51+00:00","mainEntityOfPage":{"@id":"https:\/\/www.sts-education.com\/se\/high-school\/vara-utbytesstudenter\/studentberattelser\/elena-pluggade-utomlands-i-norge\/"},"wordCount":805,"commentCount":0,"image":{"@id":"https:\/\/www.sts-education.com\/se\/high-school\/vara-utbytesstudenter\/studentberattelser\/elena-pluggade-utomlands-i-norge\/#primaryimage"},"thumbnailUrl":"https:\/\/powered-by.qbank.se\/educatius\/sts\/\/5d9c1505039e949cee6f2fdf85a33a3d_1-1-thumb.webp","keywords":["Norge"],"articleSection":["Okategoriserad"],"inLanguage":"sv-SE","potentialAction":[{"@type":"CommentAction","name":"Comment","target":["https:\/\/www.sts-education.com\/se\/high-school\/vara-utbytesstudenter\/studentberattelser\/elena-pluggade-utomlands-i-norge\/#respond"]}]},{"@type":"WebPage","@id":"https:\/\/www.sts-education.com\/se\/high-school\/vara-utbytesstudenter\/studentberattelser\/elena-pluggade-utomlands-i-norge\/","url":"https:\/\/www.sts-education.com\/se\/high-school\/vara-utbytesstudenter\/studentberattelser\/elena-pluggade-utomlands-i-norge\/","name":"Elena pluggade utomlands i Norge","isPartOf":{"@id":"https:\/\/www.sts-education.com\/se\/#website"},"primaryImageOfPage":{"@id":"https:\/\/www.sts-education.com\/se\/high-school\/vara-utbytesstudenter\/studentberattelser\/elena-pluggade-utomlands-i-norge\/#primaryimage"},"image":{"@id":"https:\/\/www.sts-education.com\/se\/high-school\/vara-utbytesstudenter\/studentberattelser\/elena-pluggade-utomlands-i-norge\/#primaryimage"},"thumbnailUrl":"https:\/\/powered-by.qbank.se\/educatius\/sts\/\/5d9c1505039e949cee6f2fdf85a33a3d_1-1-thumb.webp","datePublished":"2025-06-04T10:00:00+00:00","dateModified":"2026-04-27T11:54:51+00:00","author":{"@id":"https:\/\/www.sts-education.com\/se\/#\/schema\/person\/8b82f3a2e45f020b8f296d7a85d9a97c"},"description":"Hej, jag heter Elena, \u00e4r 17 \u00e5r gammal och jag tillbringade mitt utbytes\u00e5r i s\u00f6dra Norge. Jag \u00e5kte under skol\u00e5ret 24\/25.","breadcrumb":{"@id":"https:\/\/www.sts-education.com\/se\/high-school\/vara-utbytesstudenter\/studentberattelser\/elena-pluggade-utomlands-i-norge\/#breadcrumb"},"inLanguage":"sv-SE","potentialAction":[{"@type":"ReadAction","target":["https:\/\/www.sts-education.com\/se\/high-school\/vara-utbytesstudenter\/studentberattelser\/elena-pluggade-utomlands-i-norge\/"]}]},{"@type":"ImageObject","inLanguage":"sv-SE","@id":"https:\/\/www.sts-education.com\/se\/high-school\/vara-utbytesstudenter\/studentberattelser\/elena-pluggade-utomlands-i-norge\/#primaryimage","url":"https:\/\/powered-by.qbank.se\/educatius\/sts\/\/5d9c1505039e949cee6f2fdf85a33a3d_1-1-thumb.webp","contentUrl":"https:\/\/powered-by.qbank.se\/educatius\/sts\/\/5d9c1505039e949cee6f2fdf85a33a3d_1-1-thumb.webp","width":150,"height":150},{"@type":"BreadcrumbList","@id":"https:\/\/www.sts-education.com\/se\/high-school\/vara-utbytesstudenter\/studentberattelser\/elena-pluggade-utomlands-i-norge\/#breadcrumb","itemListElement":[{"@type":"ListItem","position":1,"name":"Home","item":"https:\/\/www.sts-education.com\/se\/"},{"@type":"ListItem","position":2,"name":"Elena pluggade utomlands i Norge"}]},{"@type":"WebSite","@id":"https:\/\/www.sts-education.com\/se\/#website","url":"https:\/\/www.sts-education.com\/se\/","name":"STS Education","description":"","potentialAction":[{"@type":"SearchAction","target":{"@type":"EntryPoint","urlTemplate":"https:\/\/www.sts-education.com\/se\/?s={search_term_string}"},"query-input":{"@type":"PropertyValueSpecification","valueRequired":true,"valueName":"search_term_string"}}],"inLanguage":"sv-SE"},{"@type":"Person","@id":"https:\/\/www.sts-education.com\/se\/#\/schema\/person\/8b82f3a2e45f020b8f296d7a85d9a97c","name":"syncreadwrite","image":{"@type":"ImageObject","inLanguage":"sv-SE","@id":"https:\/\/secure.gravatar.com\/avatar\/6ed1007e4f6f43f22e3df41d9fce4365533cba47fef64bb359b8e629abbc2ea6?s=96&d=mm&r=g","url":"https:\/\/secure.gravatar.com\/avatar\/6ed1007e4f6f43f22e3df41d9fce4365533cba47fef64bb359b8e629abbc2ea6?s=96&d=mm&r=g","contentUrl":"https:\/\/secure.gravatar.com\/avatar\/6ed1007e4f6f43f22e3df41d9fce4365533cba47fef64bb359b8e629abbc2ea6?s=96&d=mm&r=g","caption":"syncreadwrite"},"url":"https:\/\/www.sts-education.com\/se\/author\/syncreadwrite\/"}]}},"_links":{"self":[{"href":"https:\/\/www.sts-education.com\/se\/wp-json\/wp\/v2\/posts\/11187","targetHints":{"allow":["GET"]}}],"collection":[{"href":"https:\/\/www.sts-education.com\/se\/wp-json\/wp\/v2\/posts"}],"about":[{"href":"https:\/\/www.sts-education.com\/se\/wp-json\/wp\/v2\/types\/post"}],"author":[{"embeddable":true,"href":"https:\/\/www.sts-education.com\/se\/wp-json\/wp\/v2\/users\/20"}],"replies":[{"embeddable":true,"href":"https:\/\/www.sts-education.com\/se\/wp-json\/wp\/v2\/comments?post=11187"}],"version-history":[{"count":7,"href":"https:\/\/www.sts-education.com\/se\/wp-json\/wp\/v2\/posts\/11187\/revisions"}],"predecessor-version":[{"id":41856,"href":"https:\/\/www.sts-education.com\/se\/wp-json\/wp\/v2\/posts\/11187\/revisions\/41856"}],"wp:featuredmedia":[{"embeddable":true,"href":"https:\/\/www.sts-education.com\/se\/wp-json\/wp\/v2\/media\/14524"}],"wp:attachment":[{"href":"https:\/\/www.sts-education.com\/se\/wp-json\/wp\/v2\/media?parent=11187"}],"wp:term":[{"taxonomy":"category","embeddable":true,"href":"https:\/\/www.sts-education.com\/se\/wp-json\/wp\/v2\/categories?post=11187"},{"taxonomy":"post_tag","embeddable":true,"href":"https:\/\/www.sts-education.com\/se\/wp-json\/wp\/v2\/tags?post=11187"},{"taxonomy":"wpw_post_folders","embeddable":true,"href":"https:\/\/www.sts-education.com\/se\/wp-json\/wp\/v2\/wpw_post_folders?post=11187"}],"curies":[{"name":"wp","href":"https:\/\/api.w.org\/{rel}","templated":true}]}}