{"id":11189,"date":"2025-05-20T12:00:00","date_gmt":"2025-05-20T10:00:00","guid":{"rendered":"https:\/\/preprod.sts-education.com\/blog\/2026\/03\/05\/lucas-valde-att-studera-i-usa\/"},"modified":"2026-04-29T09:40:05","modified_gmt":"2026-04-29T07:40:05","slug":"lucas-valde-att-studera-i-usa","status":"publish","type":"post","link":"https:\/\/www.sts-education.com\/se\/high-school\/vara-utbytesstudenter\/studentberattelser\/lucas-valde-att-studera-i-usa\/","title":{"rendered":"Lucas valde att studera i USA"},"content":{"rendered":"\n<div class=\"wp-block-sts-text sts-text-editor has-max-width-md\"><div class=\"sts-text-editor__content\"><div class=\"sts-text-editor__content-inner\">\n<h1 style=\"text-align:center\">Lucas valde att studera i USA<\/h1>\n<\/div><\/div><\/div>\n\n\n\n<figure class=\"wp-block-sts-image sts-block-image sts-block-image--count-1 has-max-width-lg\" data-count=\"1\"><div class=\"sts-block-image__grid\"><div class=\"sts-block-image__item\"><picture class=\"sts-responsive-image has-fit-cover has-pos-top is-skeleton\"><source media=\"(max-width: 834.98px)\" srcset=\"https:\/\/powered-by.qbank.se\/educatius\/sts\/a17b4ec59e767fb4ec5ae3dd565ae1f1_1-1-thumb.webp 150w, https:\/\/powered-by.qbank.se\/educatius\/sts\/a17b4ec59e767fb4ec5ae3dd565ae1f1_1-1-xsmall.webp 500w, https:\/\/powered-by.qbank.se\/educatius\/sts\/a17b4ec59e767fb4ec5ae3dd565ae1f1_1-1-small.webp 800w, https:\/\/powered-by.qbank.se\/educatius\/sts\/a17b4ec59e767fb4ec5ae3dd565ae1f1_1-1-medium.webp 1024w, https:\/\/powered-by.qbank.se\/educatius\/sts\/a17b4ec59e767fb4ec5ae3dd565ae1f1_1-1-large.webp 1536w\" sizes=\"(max-width: 768px) 100vw, (max-width: 1200px) 100vw, 1200px\" type=\"image\/webp\"\/><source media=\"(min-width: 835px)\" srcset=\"https:\/\/powered-by.qbank.se\/educatius\/sts\/a17b4ec59e767fb4ec5ae3dd565ae1f1_16-9-small.webp 800w, https:\/\/powered-by.qbank.se\/educatius\/sts\/a17b4ec59e767fb4ec5ae3dd565ae1f1_16-9-medium.webp 1024w, https:\/\/powered-by.qbank.se\/educatius\/sts\/a17b4ec59e767fb4ec5ae3dd565ae1f1_16-9-large.webp 1536w\" sizes=\"(max-width: 768px) 100vw, (max-width: 1200px) 100vw, 1200px\" type=\"image\/webp\"\/><img src=\"https:\/\/powered-by.qbank.se\/educatius\/sts\/a17b4ec59e767fb4ec5ae3dd565ae1f1_1-1-thumb.webp\" alt=\"Lucas valde att studera i USA\" loading=\"lazy\" decoding=\"async\" fetchpriority=\"low\" style=\"object-position:top\"\/><\/picture><\/div><\/div><\/figure>\n\n\n\n<div class=\"wp-block-sts-text sts-text-editor has-max-width-md\"><div class=\"sts-text-editor__content\"><div class=\"sts-text-editor__content-inner\">\n<p><em>Mitt utbytes\u00e5r var \u00e4rligt talat en av de b\u00e4sta upplevelserna i mitt liv. Jag hade s\u00e5 roligt och fick se och g\u00f6ra s\u00e5 m\u00e5nga coola saker.<\/em><\/p>\n<\/div><\/div><\/div>\n\n\n\n<div class=\"wp-block-sts-text sts-text-editor has-max-width-md\"><div class=\"sts-text-editor__content\"><div class=\"sts-text-editor__content-inner\">\n<h2>Mina favoritupplevelser<\/h2>\n<p>En av mina favoritdelar var allt resande. Jag \u00e5kte p\u00e5 n\u00e5gra fantastiska resor! Jag bes\u00f6kte Dauphin Island i Alabama, som var superavslappnat och vackert. Jag fick ocks\u00e5 bes\u00f6ka st\u00f6rre st\u00e4der som Saint Louis, d\u00e4r jag gick p\u00e5 zoo och l\u00e4rde mig lite om stadens historia \u2013 vilket faktiskt var riktigt intressant. En av de st\u00f6rsta h\u00f6jdpunkterna var att \u00e5ka till Grand Canyon \u2013 att se det i verkligheten var helt galet!<\/p>\n<h2>Att prova massor av nya saker<\/h2>\n<p>F\u00f6rutom att resa, provade jag massor av nya saker. Jag l\u00e4rde mig vattenskidor, vilket var sv\u00e5rt i b\u00f6rjan men riktigt kul n\u00e4r jag v\u00e4l fick kl\u00e4m p\u00e5 det. Jag spelade ocks\u00e5 pickleball f\u00f6r f\u00f6rsta g\u00e5ngen. Jag hade aldrig ens h\u00f6rt talas om det tidigare, men det visade sig vara superkul. Jag b\u00f6rjade \u00e4ven l\u00e4ra mig gitarr, vilket jag verkligen gillade och vill forts\u00e4tta med. Och jag testade till och med golf, vilket jag inte trodde jag skulle gilla s\u00e5 mycket, men det \u00f6verraskade mig. Det var faktiskt superavkopplande, och jag gick till och med med i skolans golfteam!<\/p>\n<h2>Varf\u00f6r USA?<\/h2>\n<p>Jag valde USA f\u00f6r att det ofta syns i filmer. Fr\u00e5n b\u00f6rjan drogs jag till id\u00e9n om stora skolor och allt det d\u00e4r, men jag hamnade i en liten stad med en liten skola. \u00c4rligt talat blev det den b\u00e4sta upplevelsen i mitt liv. Jag tr\u00e4ffade s\u00e5 m\u00e5nga m\u00e4nniskor, och alla k\u00e4nner varandra. L\u00e4rarna k\u00e4nner dig, och du k\u00e4nner dem \u2013 inte bara i skolan, utan \u00e4ven utanf\u00f6r. Du tr\u00e4ffar folk du kanske aldrig skulle tr\u00e4ffa i en storstad. P\u00e5 grund av det fick jag till och med flyga i ett litet flygplan!<\/p>\n<h2>Varf\u00f6r STS?<\/h2>\n<p>Jag valde STS f\u00f6r att de hade v\u00e4ldigt bra recensioner och verkade superp\u00e5litliga. Jag pratade ocks\u00e5 med min studie- och yrkesv\u00e4gledare p\u00e5 min hemskola om olika utbytesprogram, och hon sa att hon k\u00e4nde till STS och hade h\u00f6rt bra saker om dem. Efter det b\u00f6rjade jag kolla upp det mer och pratade med mina f\u00f6r\u00e4ldrar, och av alla alternativ k\u00e4ndes STS helt enkelt r\u00e4tt. Det fick mig att k\u00e4nna mig mest trygg och peppad inf\u00f6r att g\u00f6ra ett utbytes\u00e5r.<\/p>\n<h2>Mina b\u00e4sta tips!<\/h2>\n<ul>\n<li>Det kanske l\u00e5ter l\u00f6jligt, men packa inte f\u00f6r mycket grejer. Du kommer att k\u00f6pa och f\u00e5 massor av kl\u00e4der och andra saker medan du \u00e4r h\u00e4r.<\/li>\n<li>Ta med vakuump\u00e5sar f\u00f6r att f\u00e5 plats med mer i resv\u00e4skan.<\/li>\n<li>G\u00f6r ett fotoalbum med dina favoritplatser, saker att g\u00f6ra, upplevelser och v\u00e4nner.<\/li>\n<\/ul>\n<p>Var inte r\u00e4dd f\u00f6r att vara den nya \u2013 folk \u00e4r nyfikna p\u00e5 att h\u00f6ra om ditt land! \u00d6verlag var mitt utbytes\u00e5r fullt av nya upplevelser, h\u00e4rliga m\u00e4nniskor och minnen som jag aldrig kommer gl\u00f6mma!<\/p>\n<h2>Vill du veta mer?<\/h2>\n<ul>\n<ul>\n<li>L\u00e4s fler <a href=\"https:\/\/www.sts-education.com\/se\/high-school\/vara-utbytesstudenter\/studentberattelser\/?hashtag=USA\">studentber\u00e4ttelser fr\u00e5n USA<\/a><\/li>\n<li>L\u00e4s mer om ett <a href=\"https:\/\/www.sts-education.com\/se\/high-school\/destinationer\/nordamerika\/usa\/\">high school-utbyte i USA<\/a><\/li>\n<li>Se alla v\u00e5ra <a href=\"\/se\/high-school\/tripfinder\/\">utbytesdestinationer f\u00f6r high school<\/a><\/li>\n<\/ul>\n<\/div><\/div><\/div>\n","protected":false},"excerpt":{"rendered":"","protected":false},"author":20,"featured_media":14528,"comment_status":"open","ping_status":"open","sticky":false,"template":"","format":"standard","meta":{"_acf_changed":false,"_yoast_wpseo_title":"Lucas valde att studera i USA","_yoast_wpseo_metadesc":"Mitt utbytes\u00e5r var \u00e4rligt talat en av de b\u00e4sta upplevelserna i mitt liv. Jag hade s\u00e5 roligt och fick se och g\u00f6ra s\u00e5 m\u00e5nga coola saker.","footnotes":""},"categories":[326],"tags":[1048],"wpw_post_folders":[],"class_list":["post-11189","post","type-post","status-publish","format-standard","has-post-thumbnail","hentry","category-okategoriserad","tag-usa"],"acf":[],"yoast_head":"<!-- This site is optimized with the Yoast SEO Premium plugin v27.2 (Yoast SEO v27.2) - https:\/\/yoast.com\/product\/yoast-seo-premium-wordpress\/ -->\n<title>Lucas valde att studera i USA<\/title>\n<meta name=\"description\" content=\"Mitt utbytes\u00e5r var \u00e4rligt talat en av de b\u00e4sta upplevelserna i mitt liv. Jag hade s\u00e5 roligt och fick se och g\u00f6ra s\u00e5 m\u00e5nga coola saker.\" \/>\n<meta name=\"robots\" content=\"index, follow, max-snippet:-1, max-image-preview:large, max-video-preview:-1\" \/>\n<link rel=\"canonical\" href=\"https:\/\/www.sts-education.com\/se\/high-school\/vara-utbytesstudenter\/studentberattelser\/lucas-valde-att-studera-i-usa\/\" \/>\n<meta property=\"og:locale\" content=\"sv_SE\" \/>\n<meta property=\"og:type\" content=\"article\" \/>\n<meta property=\"og:title\" content=\"Lucas valde att studera i USA\" \/>\n<meta property=\"og:description\" content=\"Mitt utbytes\u00e5r var \u00e4rligt talat en av de b\u00e4sta upplevelserna i mitt liv. Jag hade s\u00e5 roligt och fick se och g\u00f6ra s\u00e5 m\u00e5nga coola saker.\" \/>\n<meta property=\"og:url\" content=\"https:\/\/www.sts-education.com\/se\/high-school\/vara-utbytesstudenter\/studentberattelser\/lucas-valde-att-studera-i-usa\/\" \/>\n<meta property=\"og:site_name\" content=\"STS Education\" \/>\n<meta property=\"article:published_time\" content=\"2025-05-20T10:00:00+00:00\" \/>\n<meta property=\"article:modified_time\" content=\"2026-04-29T07:40:05+00:00\" \/>\n<meta property=\"og:image\" content=\"https:\/\/powered-by.qbank.se\/educatius\/sts\/\/a17b4ec59e767fb4ec5ae3dd565ae1f1_1-1-thumb.webp\" \/>\n\t<meta property=\"og:image:width\" content=\"150\" \/>\n\t<meta property=\"og:image:height\" content=\"150\" \/>\n\t<meta property=\"og:image:type\" content=\"image\/jpeg\" \/>\n<meta name=\"author\" content=\"syncreadwrite\" \/>\n<meta name=\"twitter:card\" content=\"summary_large_image\" \/>\n<meta name=\"twitter:label1\" content=\"Skriven av\" \/>\n\t<meta name=\"twitter:data1\" content=\"syncreadwrite\" \/>\n\t<meta name=\"twitter:label2\" content=\"Ber\u00e4knad l\u00e4stid\" \/>\n\t<meta name=\"twitter:data2\" content=\"3 minuter\" \/>\n<script type=\"application\/ld+json\" class=\"yoast-schema-graph\">{\"@context\":\"https:\/\/schema.org\",\"@graph\":[{\"@type\":\"Article\",\"@id\":\"https:\/\/www.sts-education.com\/se\/high-school\/vara-utbytesstudenter\/studentberattelser\/lucas-valde-att-studera-i-usa\/#article\",\"isPartOf\":{\"@id\":\"https:\/\/www.sts-education.com\/se\/high-school\/vara-utbytesstudenter\/studentberattelser\/lucas-valde-att-studera-i-usa\/\"},\"author\":{\"name\":\"syncreadwrite\",\"@id\":\"https:\/\/www.sts-education.com\/se\/#\/schema\/person\/8b82f3a2e45f020b8f296d7a85d9a97c\"},\"headline\":\"Lucas valde att studera i USA\",\"datePublished\":\"2025-05-20T10:00:00+00:00\",\"dateModified\":\"2026-04-29T07:40:05+00:00\",\"mainEntityOfPage\":{\"@id\":\"https:\/\/www.sts-education.com\/se\/high-school\/vara-utbytesstudenter\/studentberattelser\/lucas-valde-att-studera-i-usa\/\"},\"wordCount\":584,\"commentCount\":0,\"image\":{\"@id\":\"https:\/\/www.sts-education.com\/se\/high-school\/vara-utbytesstudenter\/studentberattelser\/lucas-valde-att-studera-i-usa\/#primaryimage\"},\"thumbnailUrl\":\"https:\/\/powered-by.qbank.se\/educatius\/sts\/\/a17b4ec59e767fb4ec5ae3dd565ae1f1_1-1-thumb.webp\",\"keywords\":[\"USA\"],\"articleSection\":[\"Okategoriserad\"],\"inLanguage\":\"sv-SE\",\"potentialAction\":[{\"@type\":\"CommentAction\",\"name\":\"Comment\",\"target\":[\"https:\/\/www.sts-education.com\/se\/high-school\/vara-utbytesstudenter\/studentberattelser\/lucas-valde-att-studera-i-usa\/#respond\"]}]},{\"@type\":\"WebPage\",\"@id\":\"https:\/\/www.sts-education.com\/se\/high-school\/vara-utbytesstudenter\/studentberattelser\/lucas-valde-att-studera-i-usa\/\",\"url\":\"https:\/\/www.sts-education.com\/se\/high-school\/vara-utbytesstudenter\/studentberattelser\/lucas-valde-att-studera-i-usa\/\",\"name\":\"Lucas valde att studera i USA\",\"isPartOf\":{\"@id\":\"https:\/\/www.sts-education.com\/se\/#website\"},\"primaryImageOfPage\":{\"@id\":\"https:\/\/www.sts-education.com\/se\/high-school\/vara-utbytesstudenter\/studentberattelser\/lucas-valde-att-studera-i-usa\/#primaryimage\"},\"image\":{\"@id\":\"https:\/\/www.sts-education.com\/se\/high-school\/vara-utbytesstudenter\/studentberattelser\/lucas-valde-att-studera-i-usa\/#primaryimage\"},\"thumbnailUrl\":\"https:\/\/powered-by.qbank.se\/educatius\/sts\/\/a17b4ec59e767fb4ec5ae3dd565ae1f1_1-1-thumb.webp\",\"datePublished\":\"2025-05-20T10:00:00+00:00\",\"dateModified\":\"2026-04-29T07:40:05+00:00\",\"author\":{\"@id\":\"https:\/\/www.sts-education.com\/se\/#\/schema\/person\/8b82f3a2e45f020b8f296d7a85d9a97c\"},\"description\":\"Mitt utbytes\u00e5r var \u00e4rligt talat en av de b\u00e4sta upplevelserna i mitt liv. Jag hade s\u00e5 roligt och fick se och g\u00f6ra s\u00e5 m\u00e5nga coola saker.\",\"breadcrumb\":{\"@id\":\"https:\/\/www.sts-education.com\/se\/high-school\/vara-utbytesstudenter\/studentberattelser\/lucas-valde-att-studera-i-usa\/#breadcrumb\"},\"inLanguage\":\"sv-SE\",\"potentialAction\":[{\"@type\":\"ReadAction\",\"target\":[\"https:\/\/www.sts-education.com\/se\/high-school\/vara-utbytesstudenter\/studentberattelser\/lucas-valde-att-studera-i-usa\/\"]}]},{\"@type\":\"ImageObject\",\"inLanguage\":\"sv-SE\",\"@id\":\"https:\/\/www.sts-education.com\/se\/high-school\/vara-utbytesstudenter\/studentberattelser\/lucas-valde-att-studera-i-usa\/#primaryimage\",\"url\":\"https:\/\/powered-by.qbank.se\/educatius\/sts\/\/a17b4ec59e767fb4ec5ae3dd565ae1f1_1-1-thumb.webp\",\"contentUrl\":\"https:\/\/powered-by.qbank.se\/educatius\/sts\/\/a17b4ec59e767fb4ec5ae3dd565ae1f1_1-1-thumb.webp\",\"width\":150,\"height\":150},{\"@type\":\"BreadcrumbList\",\"@id\":\"https:\/\/www.sts-education.com\/se\/high-school\/vara-utbytesstudenter\/studentberattelser\/lucas-valde-att-studera-i-usa\/#breadcrumb\",\"itemListElement\":[{\"@type\":\"ListItem\",\"position\":1,\"name\":\"Home\",\"item\":\"https:\/\/www.sts-education.com\/se\/\"},{\"@type\":\"ListItem\",\"position\":2,\"name\":\"Lucas valde att studera i USA\"}]},{\"@type\":\"WebSite\",\"@id\":\"https:\/\/www.sts-education.com\/se\/#website\",\"url\":\"https:\/\/www.sts-education.com\/se\/\",\"name\":\"STS Education\",\"description\":\"\",\"potentialAction\":[{\"@type\":\"SearchAction\",\"target\":{\"@type\":\"EntryPoint\",\"urlTemplate\":\"https:\/\/www.sts-education.com\/se\/?s={search_term_string}\"},\"query-input\":{\"@type\":\"PropertyValueSpecification\",\"valueRequired\":true,\"valueName\":\"search_term_string\"}}],\"inLanguage\":\"sv-SE\"},{\"@type\":\"Person\",\"@id\":\"https:\/\/www.sts-education.com\/se\/#\/schema\/person\/8b82f3a2e45f020b8f296d7a85d9a97c\",\"name\":\"syncreadwrite\",\"image\":{\"@type\":\"ImageObject\",\"inLanguage\":\"sv-SE\",\"@id\":\"https:\/\/secure.gravatar.com\/avatar\/6ed1007e4f6f43f22e3df41d9fce4365533cba47fef64bb359b8e629abbc2ea6?s=96&d=mm&r=g\",\"url\":\"https:\/\/secure.gravatar.com\/avatar\/6ed1007e4f6f43f22e3df41d9fce4365533cba47fef64bb359b8e629abbc2ea6?s=96&d=mm&r=g\",\"contentUrl\":\"https:\/\/secure.gravatar.com\/avatar\/6ed1007e4f6f43f22e3df41d9fce4365533cba47fef64bb359b8e629abbc2ea6?s=96&d=mm&r=g\",\"caption\":\"syncreadwrite\"},\"url\":\"https:\/\/www.sts-education.com\/se\/author\/syncreadwrite\/\"}]}<\/script>\n<!-- \/ Yoast SEO Premium plugin. -->","yoast_head_json":{"title":"Lucas valde att studera i USA","description":"Mitt utbytes\u00e5r var \u00e4rligt talat en av de b\u00e4sta upplevelserna i mitt liv. Jag hade s\u00e5 roligt och fick se och g\u00f6ra s\u00e5 m\u00e5nga coola saker.","robots":{"index":"index","follow":"follow","max-snippet":"max-snippet:-1","max-image-preview":"max-image-preview:large","max-video-preview":"max-video-preview:-1"},"canonical":"https:\/\/www.sts-education.com\/se\/high-school\/vara-utbytesstudenter\/studentberattelser\/lucas-valde-att-studera-i-usa\/","og_locale":"sv_SE","og_type":"article","og_title":"Lucas valde att studera i USA","og_description":"Mitt utbytes\u00e5r var \u00e4rligt talat en av de b\u00e4sta upplevelserna i mitt liv. Jag hade s\u00e5 roligt och fick se och g\u00f6ra s\u00e5 m\u00e5nga coola saker.","og_url":"https:\/\/www.sts-education.com\/se\/high-school\/vara-utbytesstudenter\/studentberattelser\/lucas-valde-att-studera-i-usa\/","og_site_name":"STS Education","article_published_time":"2025-05-20T10:00:00+00:00","article_modified_time":"2026-04-29T07:40:05+00:00","og_image":[{"width":150,"height":150,"url":"https:\/\/powered-by.qbank.se\/educatius\/sts\/\/a17b4ec59e767fb4ec5ae3dd565ae1f1_1-1-thumb.webp","type":"image\/jpeg"}],"author":"syncreadwrite","twitter_card":"summary_large_image","twitter_misc":{"Skriven av":"syncreadwrite","Ber\u00e4knad l\u00e4stid":"3 minuter"},"schema":{"@context":"https:\/\/schema.org","@graph":[{"@type":"Article","@id":"https:\/\/www.sts-education.com\/se\/high-school\/vara-utbytesstudenter\/studentberattelser\/lucas-valde-att-studera-i-usa\/#article","isPartOf":{"@id":"https:\/\/www.sts-education.com\/se\/high-school\/vara-utbytesstudenter\/studentberattelser\/lucas-valde-att-studera-i-usa\/"},"author":{"name":"syncreadwrite","@id":"https:\/\/www.sts-education.com\/se\/#\/schema\/person\/8b82f3a2e45f020b8f296d7a85d9a97c"},"headline":"Lucas valde att studera i USA","datePublished":"2025-05-20T10:00:00+00:00","dateModified":"2026-04-29T07:40:05+00:00","mainEntityOfPage":{"@id":"https:\/\/www.sts-education.com\/se\/high-school\/vara-utbytesstudenter\/studentberattelser\/lucas-valde-att-studera-i-usa\/"},"wordCount":584,"commentCount":0,"image":{"@id":"https:\/\/www.sts-education.com\/se\/high-school\/vara-utbytesstudenter\/studentberattelser\/lucas-valde-att-studera-i-usa\/#primaryimage"},"thumbnailUrl":"https:\/\/powered-by.qbank.se\/educatius\/sts\/\/a17b4ec59e767fb4ec5ae3dd565ae1f1_1-1-thumb.webp","keywords":["USA"],"articleSection":["Okategoriserad"],"inLanguage":"sv-SE","potentialAction":[{"@type":"CommentAction","name":"Comment","target":["https:\/\/www.sts-education.com\/se\/high-school\/vara-utbytesstudenter\/studentberattelser\/lucas-valde-att-studera-i-usa\/#respond"]}]},{"@type":"WebPage","@id":"https:\/\/www.sts-education.com\/se\/high-school\/vara-utbytesstudenter\/studentberattelser\/lucas-valde-att-studera-i-usa\/","url":"https:\/\/www.sts-education.com\/se\/high-school\/vara-utbytesstudenter\/studentberattelser\/lucas-valde-att-studera-i-usa\/","name":"Lucas valde att studera i USA","isPartOf":{"@id":"https:\/\/www.sts-education.com\/se\/#website"},"primaryImageOfPage":{"@id":"https:\/\/www.sts-education.com\/se\/high-school\/vara-utbytesstudenter\/studentberattelser\/lucas-valde-att-studera-i-usa\/#primaryimage"},"image":{"@id":"https:\/\/www.sts-education.com\/se\/high-school\/vara-utbytesstudenter\/studentberattelser\/lucas-valde-att-studera-i-usa\/#primaryimage"},"thumbnailUrl":"https:\/\/powered-by.qbank.se\/educatius\/sts\/\/a17b4ec59e767fb4ec5ae3dd565ae1f1_1-1-thumb.webp","datePublished":"2025-05-20T10:00:00+00:00","dateModified":"2026-04-29T07:40:05+00:00","author":{"@id":"https:\/\/www.sts-education.com\/se\/#\/schema\/person\/8b82f3a2e45f020b8f296d7a85d9a97c"},"description":"Mitt utbytes\u00e5r var \u00e4rligt talat en av de b\u00e4sta upplevelserna i mitt liv. Jag hade s\u00e5 roligt och fick se och g\u00f6ra s\u00e5 m\u00e5nga coola saker.","breadcrumb":{"@id":"https:\/\/www.sts-education.com\/se\/high-school\/vara-utbytesstudenter\/studentberattelser\/lucas-valde-att-studera-i-usa\/#breadcrumb"},"inLanguage":"sv-SE","potentialAction":[{"@type":"ReadAction","target":["https:\/\/www.sts-education.com\/se\/high-school\/vara-utbytesstudenter\/studentberattelser\/lucas-valde-att-studera-i-usa\/"]}]},{"@type":"ImageObject","inLanguage":"sv-SE","@id":"https:\/\/www.sts-education.com\/se\/high-school\/vara-utbytesstudenter\/studentberattelser\/lucas-valde-att-studera-i-usa\/#primaryimage","url":"https:\/\/powered-by.qbank.se\/educatius\/sts\/\/a17b4ec59e767fb4ec5ae3dd565ae1f1_1-1-thumb.webp","contentUrl":"https:\/\/powered-by.qbank.se\/educatius\/sts\/\/a17b4ec59e767fb4ec5ae3dd565ae1f1_1-1-thumb.webp","width":150,"height":150},{"@type":"BreadcrumbList","@id":"https:\/\/www.sts-education.com\/se\/high-school\/vara-utbytesstudenter\/studentberattelser\/lucas-valde-att-studera-i-usa\/#breadcrumb","itemListElement":[{"@type":"ListItem","position":1,"name":"Home","item":"https:\/\/www.sts-education.com\/se\/"},{"@type":"ListItem","position":2,"name":"Lucas valde att studera i USA"}]},{"@type":"WebSite","@id":"https:\/\/www.sts-education.com\/se\/#website","url":"https:\/\/www.sts-education.com\/se\/","name":"STS Education","description":"","potentialAction":[{"@type":"SearchAction","target":{"@type":"EntryPoint","urlTemplate":"https:\/\/www.sts-education.com\/se\/?s={search_term_string}"},"query-input":{"@type":"PropertyValueSpecification","valueRequired":true,"valueName":"search_term_string"}}],"inLanguage":"sv-SE"},{"@type":"Person","@id":"https:\/\/www.sts-education.com\/se\/#\/schema\/person\/8b82f3a2e45f020b8f296d7a85d9a97c","name":"syncreadwrite","image":{"@type":"ImageObject","inLanguage":"sv-SE","@id":"https:\/\/secure.gravatar.com\/avatar\/6ed1007e4f6f43f22e3df41d9fce4365533cba47fef64bb359b8e629abbc2ea6?s=96&d=mm&r=g","url":"https:\/\/secure.gravatar.com\/avatar\/6ed1007e4f6f43f22e3df41d9fce4365533cba47fef64bb359b8e629abbc2ea6?s=96&d=mm&r=g","contentUrl":"https:\/\/secure.gravatar.com\/avatar\/6ed1007e4f6f43f22e3df41d9fce4365533cba47fef64bb359b8e629abbc2ea6?s=96&d=mm&r=g","caption":"syncreadwrite"},"url":"https:\/\/www.sts-education.com\/se\/author\/syncreadwrite\/"}]}},"_links":{"self":[{"href":"https:\/\/www.sts-education.com\/se\/wp-json\/wp\/v2\/posts\/11189","targetHints":{"allow":["GET"]}}],"collection":[{"href":"https:\/\/www.sts-education.com\/se\/wp-json\/wp\/v2\/posts"}],"about":[{"href":"https:\/\/www.sts-education.com\/se\/wp-json\/wp\/v2\/types\/post"}],"author":[{"embeddable":true,"href":"https:\/\/www.sts-education.com\/se\/wp-json\/wp\/v2\/users\/20"}],"replies":[{"embeddable":true,"href":"https:\/\/www.sts-education.com\/se\/wp-json\/wp\/v2\/comments?post=11189"}],"version-history":[{"count":8,"href":"https:\/\/www.sts-education.com\/se\/wp-json\/wp\/v2\/posts\/11189\/revisions"}],"predecessor-version":[{"id":43232,"href":"https:\/\/www.sts-education.com\/se\/wp-json\/wp\/v2\/posts\/11189\/revisions\/43232"}],"wp:featuredmedia":[{"embeddable":true,"href":"https:\/\/www.sts-education.com\/se\/wp-json\/wp\/v2\/media\/14528"}],"wp:attachment":[{"href":"https:\/\/www.sts-education.com\/se\/wp-json\/wp\/v2\/media?parent=11189"}],"wp:term":[{"taxonomy":"category","embeddable":true,"href":"https:\/\/www.sts-education.com\/se\/wp-json\/wp\/v2\/categories?post=11189"},{"taxonomy":"post_tag","embeddable":true,"href":"https:\/\/www.sts-education.com\/se\/wp-json\/wp\/v2\/tags?post=11189"},{"taxonomy":"wpw_post_folders","embeddable":true,"href":"https:\/\/www.sts-education.com\/se\/wp-json\/wp\/v2\/wpw_post_folders?post=11189"}],"curies":[{"name":"wp","href":"https:\/\/api.w.org\/{rel}","templated":true}]}}