{"id":11190,"date":"2025-04-29T12:00:00","date_gmt":"2025-04-29T10:00:00","guid":{"rendered":"https:\/\/preprod.sts-education.com\/blog\/2026\/03\/05\/santiago-tillbringade-ett-ar-utomlands-i-tyskland\/"},"modified":"2026-04-29T09:40:37","modified_gmt":"2026-04-29T07:40:37","slug":"santiago-tillbringade-ett-ar-utomlands-i-tyskland","status":"publish","type":"post","link":"https:\/\/www.sts-education.com\/se\/high-school\/vara-utbytesstudenter\/studentberattelser\/santiago-tillbringade-ett-ar-utomlands-i-tyskland\/","title":{"rendered":"Santiago tillbringade ett \u00e5r utomlands i Tyskland"},"content":{"rendered":"\n<div class=\"wp-block-sts-text sts-text-editor has-max-width-md\"><div class=\"sts-text-editor__content\"><div class=\"sts-text-editor__content-inner\">\n<h1 style=\"text-align:center\">Santiago tillbringade ett \u00e5r utomlands i Tyskland<\/h1>\n<\/div><\/div><\/div>\n\n\n\n<figure class=\"wp-block-sts-image sts-block-image sts-block-image--count-1 has-max-width-lg\" data-count=\"1\"><div class=\"sts-block-image__grid\"><div class=\"sts-block-image__item\"><picture class=\"sts-responsive-image has-fit-cover has-pos-top is-skeleton\"><source media=\"(max-width: 834.98px)\" srcset=\"https:\/\/powered-by.qbank.se\/educatius\/sts\/43e68672be7254d15af7e5ab3b6ccc65_1-1-thumb.webp 150w, https:\/\/powered-by.qbank.se\/educatius\/sts\/43e68672be7254d15af7e5ab3b6ccc65_1-1-xsmall.webp 500w, https:\/\/powered-by.qbank.se\/educatius\/sts\/43e68672be7254d15af7e5ab3b6ccc65_1-1-small.webp 800w, https:\/\/powered-by.qbank.se\/educatius\/sts\/43e68672be7254d15af7e5ab3b6ccc65_1-1-medium.webp 1024w, https:\/\/powered-by.qbank.se\/educatius\/sts\/43e68672be7254d15af7e5ab3b6ccc65_1-1-large.webp 1536w\" sizes=\"(max-width: 768px) 100vw, (max-width: 1200px) 100vw, 1200px\" type=\"image\/webp\"\/><source media=\"(min-width: 835px)\" srcset=\"https:\/\/powered-by.qbank.se\/educatius\/sts\/43e68672be7254d15af7e5ab3b6ccc65_16-9-small.webp 800w, https:\/\/powered-by.qbank.se\/educatius\/sts\/43e68672be7254d15af7e5ab3b6ccc65_16-9-medium.webp 1024w, https:\/\/powered-by.qbank.se\/educatius\/sts\/43e68672be7254d15af7e5ab3b6ccc65_16-9-large.webp 1536w\" sizes=\"(max-width: 768px) 100vw, (max-width: 1200px) 100vw, 1200px\" type=\"image\/webp\"\/><img src=\"https:\/\/powered-by.qbank.se\/educatius\/sts\/43e68672be7254d15af7e5ab3b6ccc65_1-1-thumb.webp\" alt=\"Santiago tillbringade ett \u00e5r utomlands i Tyskland\" loading=\"lazy\" decoding=\"async\" fetchpriority=\"low\" style=\"object-position:top\"\/><\/picture><\/div><\/div><\/figure>\n\n\n\n<div class=\"wp-block-sts-text sts-text-editor has-max-width-md\"><div class=\"sts-text-editor__content\"><div class=\"sts-text-editor__content-inner\">\n<p><em>Santiago fr\u00e5n Mexiko tillbringade ett skol\u00e5r i Tyskland.<\/em><\/p>\n<\/div><\/div><\/div>\n\n\n\n<div class=\"wp-block-sts-text sts-text-editor has-max-width-md\"><div class=\"sts-text-editor__content\"><div class=\"sts-text-editor__content-inner\">\n<h2>Santiago fr\u00e5n Mexiko tillbringade ett skol\u00e5r i Tyskland.<\/h2>\n<p>F\u00f6rra skol\u00e5ret tillbringade jag ett helt utbytes\u00e5r i Tyskland med STS. Jag valde att \u00e5ka utomlands eftersom jag ville uppleva en ny kultur, f\u00f6rb\u00e4ttra mina spr\u00e5kkunskaper och utmana mig sj\u00e4lv genom att l\u00e4mna min trygghetszon. Tyskland verkade vara det perfekta hemmet f\u00f6r mig under det \u00e5ret, och det var det verkligen. Jag ville l\u00e4ra mig spr\u00e5ket, l\u00e4ra mig mer om kulturen och utforska allt som landet hade att erbjuda, och jag fick g\u00f6ra allt det och mycket mer. I b\u00f6rjan var det lite \u00f6verv\u00e4ldigande att anpassa sig till en ny skola och en ny livsstil, fr\u00e4mst p\u00e5 grund av alla kulturkrockar, men med tiden hittade jag min rytm och kunde v\u00e4nja mig. Det h\u00e4r \u00e4r min korta ber\u00e4ttelse om \u00e5ret jag bodde i Fulda i Tyskland.<\/p>\n<h2>Min STORA v\u00e4rdfamilj<\/h2>\n<p>Fr\u00e5n det \u00f6gonblick jag anl\u00e4nde till flygplatsen och v\u00e4lkomnades av mina v\u00e4rdf\u00f6r\u00e4ldrar k\u00e4nde jag en s\u00e5dan v\u00e4rme fr\u00e5n dem. De kom med en ballong och familjens hund och med ett mycket v\u00e4lkomnande leende som jag verkligen uppskattade fr\u00e5n b\u00f6rjan. Att bo hos en v\u00e4rdfamilj var en unik upplevelse. \u00c5h, vilken \u00f6verraskning n\u00e4r jag blev mottagen av en familj p\u00e5 sex personer! Jag \u00e4r van vid att bara ha en yngre bror, vilket utan tvekan gjorde detta \u00e5r till en unik m\u00f6jlighet. Jag v\u00e4nde mig s\u00e5 sm\u00e5ningom till deras liv, och \u00e4ven om det var n\u00e5gra sm\u00e5 problem p\u00e5 v\u00e4gen var det bara en del av resan.<\/p>\n<p>De l\u00e4rde mig mycket om tysk kultur och vardagsliv. Jag v\u00e4nde mig till att \u00e4ta middag vid en f\u00f6r mig ovanlig tid och att dricka kaffe och \u00e4ta kaka med Oma und Opa n\u00e4stan varje s\u00f6ndag. Min v\u00e4rdfamilj var den b\u00e4sta jag kunde \u00f6nska mig. Jag blev verkligen f\u00e4st vid var och en av dem, inklusive familjens v\u00e4nner och n\u00e4ra sl\u00e4ktingar. Vi reste tillsammans till Grekland under h\u00f6stlovet och till de \u00f6sterrikiska Alperna under en hel vecka p\u00e5 vintern. Det var f\u00f6rsta g\u00e5ngen jag \u00e5kte skidor, s\u00e5 det var definitivt en h\u00f6jdpunkt att minnas. Jag fick ocks\u00e5 njuta av fotbollsmatcher p\u00e5 n\u00e5gra av Tysklands b\u00e4sta arenor och uppleva minnesv\u00e4rda dagar tillsammans med alla.<\/p>\n<h2>Min tyska skola<\/h2>\n<p>Min skola i Fulda var ganska annorlunda j\u00e4mf\u00f6rt med vad jag var van vid hemma i Mexiko. Det var en \u00f6verraskning f\u00f6r mig n\u00e4r jag kom till gymnasiet och uppt\u00e4ckte att alla fr\u00e5n \u00e5rskurs 5 till \u00e5rskurs 13 var samlade i samma byggnad. Jag m\u00e4rkte ocks\u00e5 att st\u00e4mningen var mycket mer seri\u00f6s och att eleverna var mycket mer formella mot l\u00e4rarna. Det var inte s\u00e5 mycket l\u00e4xor eller grupparbeten, utan allt ersattes av prov. Efter ett par veckor kom jag dock in i det och s\u00e5g det som en m\u00f6jlighet att f\u00f6rb\u00e4ttra min tyska och l\u00e4ra mig nya saker i de olika \u00e4mnena.<\/p>\n<p>\u00d6verraskande nog tyckte jag att DSP (teaterkursen) var det roligaste av allt. Det var en stor utmaning, men ocks\u00e5 roligt att spela teater p\u00e5 ett helt annat spr\u00e5k (\u00e4ven om jag inte \u00e4r s\u00e4rskilt bra p\u00e5 det) och jag har m\u00e5nga roliga minnen med mina klasskamrater. Det var i skolan jag fick mina f\u00f6rsta b\u00e4sta v\u00e4nner, som jag umgicks med under hela skol\u00e5ret. Jag \u00e4r verkligen tacksam f\u00f6r att de var modiga och sn\u00e4lla nog att prata med mig under de f\u00f6rsta dagarna, och \u00e4ven om de i b\u00f6rjan ofta var tvungna att prata engelska hade de inga problem med det. Efter mina f\u00f6rsta veckor, n\u00e4r jag hade kommit in i spr\u00e5ket, kunde vi prata om samma saker helt p\u00e5 tyska!<\/p>\n<h2>V\u00e4nner och livet i Tyskland<\/h2>\n<p>Genom mina f\u00f6rsta v\u00e4nner i skolan kunde jag hitta alla mina andra v\u00e4nner som jag tillbringade n\u00e4stan varje helg med. (H\u00e4lsningar till Luca, Bene, Nele och Aurora, som jag sj\u00e4lvklart fortfarande har kontakt med och tr\u00e4ffar s\u00e5 ofta jag kan). Vi \u00e5kte ofta in till stan efter skolan eller h\u00e4ngde bara som Dorfkinder eller hemma. P\u00e5 helgerna \u00e5kte vi till Frankfurt eller gick ut och festade. Livet i Tyskland som ton\u00e5ring \u00e4r fantastiskt. De m\u00e5nga kollektivtrafikf\u00f6rbindelserna gjorde det extremt enkelt att ta sig runt och det gjorde stort intryck p\u00e5 mig eftersom jag \u00e4r van att beh\u00f6va bil f\u00f6r allt i min hemstad. Jag fick uppleva saker jag aldrig sett f\u00f6rut, som sn\u00f6 p\u00e5 julmarknaderna och Fasching, den stora karnevalen som \u00e4ger rum i staden. Jag uppt\u00e4ckte ocks\u00e5 nya hobbyer, som bouldering, som blev min favoritaktivitet 3\u20134 eftermiddagar i veckan.<\/p>\n<h2>STS-resor och internationella v\u00e4nner<\/h2>\n<p>De tv\u00e5 resorna som STS organiserade till Hamburg och Berlin var h\u00f6jdpunkter i sig. Jag tr\u00e4ffade en massa studenter i samma situation som jag och vi fick chansen att tillbringa tv\u00e5 helger tillsammans, ber\u00e4tta om v\u00e5ra erfarenheter, l\u00e4ra k\u00e4nna varandra och skapa underbara minnen. Jag har tr\u00e4ffat fantastiska v\u00e4nner fr\u00e5n Italien och Slovakien och n\u00e5gra andra fr\u00e5n Mexiko ocks\u00e5. Jag skulle g\u00e4rna vilja vara med om det igen.<\/p>\n<h2>Jag ser tillbaka \u2013 och fram\u00e5t<\/h2>\n<p>N\u00e4r jag ser tillbaka var mitt utbytes\u00e5r en of\u00f6rgl\u00f6mlig upplevelse som hj\u00e4lpte mig att v\u00e4xa och mogna s\u00e5 mycket. Jag blev mer sj\u00e4lvst\u00e4ndig och f\u00f6rb\u00e4ttrade mina tyskkunskaper enormt, vilket \u00f6ppnade d\u00f6rrar till m\u00e5nga m\u00f6jligheter. Jag bor och studerar fortfarande i Tyskland och jag \u00e4lskar det, och allt tack vare detta utbytes\u00e5r d\u00e5 jag verkligen fick chansen att fundera \u00f6ver min framtid och se till att jag gjorde det b\u00e4sta valet f\u00f6r mig sj\u00e4lv. Jag har ocks\u00e5 bes\u00f6kt min v\u00e4rdfamilj tv\u00e5 g\u00e5nger sedan dess och hade \u00e5terigen en av de trevligaste jularna jag kan minnas.<\/p>\n<h2>Min rekommendation<\/h2>\n<p>Om n\u00e5gon funderar p\u00e5 att prova, skulle jag starkt rekommendera det \u2013 det \u00e4r en once-in-a-lifetime-chans att utforska nya m\u00f6jligheter, tr\u00e4ffa fantastiska m\u00e4nniskor och l\u00e4ra sig mer om sig sj\u00e4lv och om sina passioner och dr\u00f6mmar.<\/p>\n<h2>Vill du veta mer?<\/h2>\n<ul>\n<li>L\u00e4s fler <a href=\"https:\/\/www.sts-education.com\/se\/high-school\/vara-utbytesstudenter\/studentberattelser\/?hashtag=Tyskland\">studentber\u00e4ttelser fr\u00e5n Tyskland<\/a><\/li>\n<li>L\u00e4s mer om ett <a href=\"https:\/\/www.sts-education.com\/se\/high-school\/destinationer\/europa\/tyskland\/\">high school-utbyte i Tyskland<\/a><\/li>\n<li>Se alla v\u00e5ra <a href=\"\/se\/high-school\/tripfinder\/\">utbytesdestinationer f\u00f6r high school<\/a><\/li>\n<\/ul>\n<\/div><\/div><\/div>\n","protected":false},"excerpt":{"rendered":"","protected":false},"author":20,"featured_media":14530,"comment_status":"open","ping_status":"open","sticky":false,"template":"","format":"standard","meta":{"_acf_changed":false,"_yoast_wpseo_title":"Santiago tillbringade ett \u00e5r utomlands i Tyskland","_yoast_wpseo_metadesc":"Jag valde att \u00e5ka utomlands eftersom jag ville uppleva en ny kultur, f\u00f6rb\u00e4ttra mina spr\u00e5kkunskaper och utmana mig sj\u00e4lv genom att l\u00e4mna min trygghetszon.","footnotes":""},"categories":[326],"tags":[1039],"wpw_post_folders":[],"class_list":["post-11190","post","type-post","status-publish","format-standard","has-post-thumbnail","hentry","category-okategoriserad","tag-tyskland"],"acf":[],"yoast_head":"<!-- This site is optimized with the Yoast SEO Premium plugin v27.2 (Yoast SEO v27.2) - https:\/\/yoast.com\/product\/yoast-seo-premium-wordpress\/ -->\n<title>Santiago tillbringade ett \u00e5r utomlands i Tyskland<\/title>\n<meta name=\"description\" content=\"Jag valde att \u00e5ka utomlands eftersom jag ville uppleva en ny kultur, f\u00f6rb\u00e4ttra mina spr\u00e5kkunskaper och utmana mig sj\u00e4lv genom att l\u00e4mna min trygghetszon.\" \/>\n<meta name=\"robots\" content=\"index, follow, max-snippet:-1, max-image-preview:large, max-video-preview:-1\" \/>\n<link rel=\"canonical\" href=\"https:\/\/www.sts-education.com\/se\/high-school\/vara-utbytesstudenter\/studentberattelser\/santiago-tillbringade-ett-ar-utomlands-i-tyskland\/\" \/>\n<meta property=\"og:locale\" content=\"sv_SE\" \/>\n<meta property=\"og:type\" content=\"article\" \/>\n<meta property=\"og:title\" content=\"Santiago tillbringade ett \u00e5r utomlands i Tyskland\" \/>\n<meta property=\"og:description\" content=\"Jag valde att \u00e5ka utomlands eftersom jag ville uppleva en ny kultur, f\u00f6rb\u00e4ttra mina spr\u00e5kkunskaper och utmana mig sj\u00e4lv genom att l\u00e4mna min trygghetszon.\" \/>\n<meta property=\"og:url\" content=\"https:\/\/www.sts-education.com\/se\/high-school\/vara-utbytesstudenter\/studentberattelser\/santiago-tillbringade-ett-ar-utomlands-i-tyskland\/\" \/>\n<meta property=\"og:site_name\" content=\"STS Education\" \/>\n<meta property=\"article:published_time\" content=\"2025-04-29T10:00:00+00:00\" \/>\n<meta property=\"article:modified_time\" content=\"2026-04-29T07:40:37+00:00\" \/>\n<meta property=\"og:image\" content=\"https:\/\/powered-by.qbank.se\/educatius\/sts\/\/43e68672be7254d15af7e5ab3b6ccc65_1-1-thumb.webp\" \/>\n\t<meta property=\"og:image:width\" content=\"150\" \/>\n\t<meta property=\"og:image:height\" content=\"150\" \/>\n\t<meta property=\"og:image:type\" content=\"image\/png\" \/>\n<meta name=\"author\" content=\"syncreadwrite\" \/>\n<meta name=\"twitter:card\" content=\"summary_large_image\" \/>\n<meta name=\"twitter:label1\" content=\"Skriven av\" \/>\n\t<meta name=\"twitter:data1\" content=\"syncreadwrite\" \/>\n\t<meta name=\"twitter:label2\" content=\"Ber\u00e4knad l\u00e4stid\" \/>\n\t<meta name=\"twitter:data2\" content=\"5 minuter\" \/>\n<script type=\"application\/ld+json\" class=\"yoast-schema-graph\">{\"@context\":\"https:\/\/schema.org\",\"@graph\":[{\"@type\":\"Article\",\"@id\":\"https:\/\/www.sts-education.com\/se\/high-school\/vara-utbytesstudenter\/studentberattelser\/santiago-tillbringade-ett-ar-utomlands-i-tyskland\/#article\",\"isPartOf\":{\"@id\":\"https:\/\/www.sts-education.com\/se\/high-school\/vara-utbytesstudenter\/studentberattelser\/santiago-tillbringade-ett-ar-utomlands-i-tyskland\/\"},\"author\":{\"name\":\"syncreadwrite\",\"@id\":\"https:\/\/www.sts-education.com\/se\/#\/schema\/person\/8b82f3a2e45f020b8f296d7a85d9a97c\"},\"headline\":\"Santiago tillbringade ett \u00e5r utomlands i Tyskland\",\"datePublished\":\"2025-04-29T10:00:00+00:00\",\"dateModified\":\"2026-04-29T07:40:37+00:00\",\"mainEntityOfPage\":{\"@id\":\"https:\/\/www.sts-education.com\/se\/high-school\/vara-utbytesstudenter\/studentberattelser\/santiago-tillbringade-ett-ar-utomlands-i-tyskland\/\"},\"wordCount\":1134,\"commentCount\":0,\"image\":{\"@id\":\"https:\/\/www.sts-education.com\/se\/high-school\/vara-utbytesstudenter\/studentberattelser\/santiago-tillbringade-ett-ar-utomlands-i-tyskland\/#primaryimage\"},\"thumbnailUrl\":\"https:\/\/powered-by.qbank.se\/educatius\/sts\/\/43e68672be7254d15af7e5ab3b6ccc65_1-1-thumb.webp\",\"keywords\":[\"Tyskland\"],\"articleSection\":[\"Okategoriserad\"],\"inLanguage\":\"sv-SE\",\"potentialAction\":[{\"@type\":\"CommentAction\",\"name\":\"Comment\",\"target\":[\"https:\/\/www.sts-education.com\/se\/high-school\/vara-utbytesstudenter\/studentberattelser\/santiago-tillbringade-ett-ar-utomlands-i-tyskland\/#respond\"]}]},{\"@type\":\"WebPage\",\"@id\":\"https:\/\/www.sts-education.com\/se\/high-school\/vara-utbytesstudenter\/studentberattelser\/santiago-tillbringade-ett-ar-utomlands-i-tyskland\/\",\"url\":\"https:\/\/www.sts-education.com\/se\/high-school\/vara-utbytesstudenter\/studentberattelser\/santiago-tillbringade-ett-ar-utomlands-i-tyskland\/\",\"name\":\"Santiago tillbringade ett \u00e5r utomlands i Tyskland\",\"isPartOf\":{\"@id\":\"https:\/\/www.sts-education.com\/se\/#website\"},\"primaryImageOfPage\":{\"@id\":\"https:\/\/www.sts-education.com\/se\/high-school\/vara-utbytesstudenter\/studentberattelser\/santiago-tillbringade-ett-ar-utomlands-i-tyskland\/#primaryimage\"},\"image\":{\"@id\":\"https:\/\/www.sts-education.com\/se\/high-school\/vara-utbytesstudenter\/studentberattelser\/santiago-tillbringade-ett-ar-utomlands-i-tyskland\/#primaryimage\"},\"thumbnailUrl\":\"https:\/\/powered-by.qbank.se\/educatius\/sts\/\/43e68672be7254d15af7e5ab3b6ccc65_1-1-thumb.webp\",\"datePublished\":\"2025-04-29T10:00:00+00:00\",\"dateModified\":\"2026-04-29T07:40:37+00:00\",\"author\":{\"@id\":\"https:\/\/www.sts-education.com\/se\/#\/schema\/person\/8b82f3a2e45f020b8f296d7a85d9a97c\"},\"description\":\"Jag valde att \u00e5ka utomlands eftersom jag ville uppleva en ny kultur, f\u00f6rb\u00e4ttra mina spr\u00e5kkunskaper och utmana mig sj\u00e4lv genom att l\u00e4mna min trygghetszon.\",\"breadcrumb\":{\"@id\":\"https:\/\/www.sts-education.com\/se\/high-school\/vara-utbytesstudenter\/studentberattelser\/santiago-tillbringade-ett-ar-utomlands-i-tyskland\/#breadcrumb\"},\"inLanguage\":\"sv-SE\",\"potentialAction\":[{\"@type\":\"ReadAction\",\"target\":[\"https:\/\/www.sts-education.com\/se\/high-school\/vara-utbytesstudenter\/studentberattelser\/santiago-tillbringade-ett-ar-utomlands-i-tyskland\/\"]}]},{\"@type\":\"ImageObject\",\"inLanguage\":\"sv-SE\",\"@id\":\"https:\/\/www.sts-education.com\/se\/high-school\/vara-utbytesstudenter\/studentberattelser\/santiago-tillbringade-ett-ar-utomlands-i-tyskland\/#primaryimage\",\"url\":\"https:\/\/powered-by.qbank.se\/educatius\/sts\/\/43e68672be7254d15af7e5ab3b6ccc65_1-1-thumb.webp\",\"contentUrl\":\"https:\/\/powered-by.qbank.se\/educatius\/sts\/\/43e68672be7254d15af7e5ab3b6ccc65_1-1-thumb.webp\",\"width\":150,\"height\":150},{\"@type\":\"BreadcrumbList\",\"@id\":\"https:\/\/www.sts-education.com\/se\/high-school\/vara-utbytesstudenter\/studentberattelser\/santiago-tillbringade-ett-ar-utomlands-i-tyskland\/#breadcrumb\",\"itemListElement\":[{\"@type\":\"ListItem\",\"position\":1,\"name\":\"Home\",\"item\":\"https:\/\/www.sts-education.com\/se\/\"},{\"@type\":\"ListItem\",\"position\":2,\"name\":\"Santiago tillbringade ett \u00e5r utomlands i Tyskland\"}]},{\"@type\":\"WebSite\",\"@id\":\"https:\/\/www.sts-education.com\/se\/#website\",\"url\":\"https:\/\/www.sts-education.com\/se\/\",\"name\":\"STS Education\",\"description\":\"\",\"potentialAction\":[{\"@type\":\"SearchAction\",\"target\":{\"@type\":\"EntryPoint\",\"urlTemplate\":\"https:\/\/www.sts-education.com\/se\/?s={search_term_string}\"},\"query-input\":{\"@type\":\"PropertyValueSpecification\",\"valueRequired\":true,\"valueName\":\"search_term_string\"}}],\"inLanguage\":\"sv-SE\"},{\"@type\":\"Person\",\"@id\":\"https:\/\/www.sts-education.com\/se\/#\/schema\/person\/8b82f3a2e45f020b8f296d7a85d9a97c\",\"name\":\"syncreadwrite\",\"image\":{\"@type\":\"ImageObject\",\"inLanguage\":\"sv-SE\",\"@id\":\"https:\/\/secure.gravatar.com\/avatar\/6ed1007e4f6f43f22e3df41d9fce4365533cba47fef64bb359b8e629abbc2ea6?s=96&d=mm&r=g\",\"url\":\"https:\/\/secure.gravatar.com\/avatar\/6ed1007e4f6f43f22e3df41d9fce4365533cba47fef64bb359b8e629abbc2ea6?s=96&d=mm&r=g\",\"contentUrl\":\"https:\/\/secure.gravatar.com\/avatar\/6ed1007e4f6f43f22e3df41d9fce4365533cba47fef64bb359b8e629abbc2ea6?s=96&d=mm&r=g\",\"caption\":\"syncreadwrite\"},\"url\":\"https:\/\/www.sts-education.com\/se\/author\/syncreadwrite\/\"}]}<\/script>\n<!-- \/ Yoast SEO Premium plugin. -->","yoast_head_json":{"title":"Santiago tillbringade ett \u00e5r utomlands i Tyskland","description":"Jag valde att \u00e5ka utomlands eftersom jag ville uppleva en ny kultur, f\u00f6rb\u00e4ttra mina spr\u00e5kkunskaper och utmana mig sj\u00e4lv genom att l\u00e4mna min trygghetszon.","robots":{"index":"index","follow":"follow","max-snippet":"max-snippet:-1","max-image-preview":"max-image-preview:large","max-video-preview":"max-video-preview:-1"},"canonical":"https:\/\/www.sts-education.com\/se\/high-school\/vara-utbytesstudenter\/studentberattelser\/santiago-tillbringade-ett-ar-utomlands-i-tyskland\/","og_locale":"sv_SE","og_type":"article","og_title":"Santiago tillbringade ett \u00e5r utomlands i Tyskland","og_description":"Jag valde att \u00e5ka utomlands eftersom jag ville uppleva en ny kultur, f\u00f6rb\u00e4ttra mina spr\u00e5kkunskaper och utmana mig sj\u00e4lv genom att l\u00e4mna min trygghetszon.","og_url":"https:\/\/www.sts-education.com\/se\/high-school\/vara-utbytesstudenter\/studentberattelser\/santiago-tillbringade-ett-ar-utomlands-i-tyskland\/","og_site_name":"STS Education","article_published_time":"2025-04-29T10:00:00+00:00","article_modified_time":"2026-04-29T07:40:37+00:00","og_image":[{"width":150,"height":150,"url":"https:\/\/powered-by.qbank.se\/educatius\/sts\/\/43e68672be7254d15af7e5ab3b6ccc65_1-1-thumb.webp","type":"image\/png"}],"author":"syncreadwrite","twitter_card":"summary_large_image","twitter_misc":{"Skriven av":"syncreadwrite","Ber\u00e4knad l\u00e4stid":"5 minuter"},"schema":{"@context":"https:\/\/schema.org","@graph":[{"@type":"Article","@id":"https:\/\/www.sts-education.com\/se\/high-school\/vara-utbytesstudenter\/studentberattelser\/santiago-tillbringade-ett-ar-utomlands-i-tyskland\/#article","isPartOf":{"@id":"https:\/\/www.sts-education.com\/se\/high-school\/vara-utbytesstudenter\/studentberattelser\/santiago-tillbringade-ett-ar-utomlands-i-tyskland\/"},"author":{"name":"syncreadwrite","@id":"https:\/\/www.sts-education.com\/se\/#\/schema\/person\/8b82f3a2e45f020b8f296d7a85d9a97c"},"headline":"Santiago tillbringade ett \u00e5r utomlands i Tyskland","datePublished":"2025-04-29T10:00:00+00:00","dateModified":"2026-04-29T07:40:37+00:00","mainEntityOfPage":{"@id":"https:\/\/www.sts-education.com\/se\/high-school\/vara-utbytesstudenter\/studentberattelser\/santiago-tillbringade-ett-ar-utomlands-i-tyskland\/"},"wordCount":1134,"commentCount":0,"image":{"@id":"https:\/\/www.sts-education.com\/se\/high-school\/vara-utbytesstudenter\/studentberattelser\/santiago-tillbringade-ett-ar-utomlands-i-tyskland\/#primaryimage"},"thumbnailUrl":"https:\/\/powered-by.qbank.se\/educatius\/sts\/\/43e68672be7254d15af7e5ab3b6ccc65_1-1-thumb.webp","keywords":["Tyskland"],"articleSection":["Okategoriserad"],"inLanguage":"sv-SE","potentialAction":[{"@type":"CommentAction","name":"Comment","target":["https:\/\/www.sts-education.com\/se\/high-school\/vara-utbytesstudenter\/studentberattelser\/santiago-tillbringade-ett-ar-utomlands-i-tyskland\/#respond"]}]},{"@type":"WebPage","@id":"https:\/\/www.sts-education.com\/se\/high-school\/vara-utbytesstudenter\/studentberattelser\/santiago-tillbringade-ett-ar-utomlands-i-tyskland\/","url":"https:\/\/www.sts-education.com\/se\/high-school\/vara-utbytesstudenter\/studentberattelser\/santiago-tillbringade-ett-ar-utomlands-i-tyskland\/","name":"Santiago tillbringade ett \u00e5r utomlands i Tyskland","isPartOf":{"@id":"https:\/\/www.sts-education.com\/se\/#website"},"primaryImageOfPage":{"@id":"https:\/\/www.sts-education.com\/se\/high-school\/vara-utbytesstudenter\/studentberattelser\/santiago-tillbringade-ett-ar-utomlands-i-tyskland\/#primaryimage"},"image":{"@id":"https:\/\/www.sts-education.com\/se\/high-school\/vara-utbytesstudenter\/studentberattelser\/santiago-tillbringade-ett-ar-utomlands-i-tyskland\/#primaryimage"},"thumbnailUrl":"https:\/\/powered-by.qbank.se\/educatius\/sts\/\/43e68672be7254d15af7e5ab3b6ccc65_1-1-thumb.webp","datePublished":"2025-04-29T10:00:00+00:00","dateModified":"2026-04-29T07:40:37+00:00","author":{"@id":"https:\/\/www.sts-education.com\/se\/#\/schema\/person\/8b82f3a2e45f020b8f296d7a85d9a97c"},"description":"Jag valde att \u00e5ka utomlands eftersom jag ville uppleva en ny kultur, f\u00f6rb\u00e4ttra mina spr\u00e5kkunskaper och utmana mig sj\u00e4lv genom att l\u00e4mna min trygghetszon.","breadcrumb":{"@id":"https:\/\/www.sts-education.com\/se\/high-school\/vara-utbytesstudenter\/studentberattelser\/santiago-tillbringade-ett-ar-utomlands-i-tyskland\/#breadcrumb"},"inLanguage":"sv-SE","potentialAction":[{"@type":"ReadAction","target":["https:\/\/www.sts-education.com\/se\/high-school\/vara-utbytesstudenter\/studentberattelser\/santiago-tillbringade-ett-ar-utomlands-i-tyskland\/"]}]},{"@type":"ImageObject","inLanguage":"sv-SE","@id":"https:\/\/www.sts-education.com\/se\/high-school\/vara-utbytesstudenter\/studentberattelser\/santiago-tillbringade-ett-ar-utomlands-i-tyskland\/#primaryimage","url":"https:\/\/powered-by.qbank.se\/educatius\/sts\/\/43e68672be7254d15af7e5ab3b6ccc65_1-1-thumb.webp","contentUrl":"https:\/\/powered-by.qbank.se\/educatius\/sts\/\/43e68672be7254d15af7e5ab3b6ccc65_1-1-thumb.webp","width":150,"height":150},{"@type":"BreadcrumbList","@id":"https:\/\/www.sts-education.com\/se\/high-school\/vara-utbytesstudenter\/studentberattelser\/santiago-tillbringade-ett-ar-utomlands-i-tyskland\/#breadcrumb","itemListElement":[{"@type":"ListItem","position":1,"name":"Home","item":"https:\/\/www.sts-education.com\/se\/"},{"@type":"ListItem","position":2,"name":"Santiago tillbringade ett \u00e5r utomlands i Tyskland"}]},{"@type":"WebSite","@id":"https:\/\/www.sts-education.com\/se\/#website","url":"https:\/\/www.sts-education.com\/se\/","name":"STS Education","description":"","potentialAction":[{"@type":"SearchAction","target":{"@type":"EntryPoint","urlTemplate":"https:\/\/www.sts-education.com\/se\/?s={search_term_string}"},"query-input":{"@type":"PropertyValueSpecification","valueRequired":true,"valueName":"search_term_string"}}],"inLanguage":"sv-SE"},{"@type":"Person","@id":"https:\/\/www.sts-education.com\/se\/#\/schema\/person\/8b82f3a2e45f020b8f296d7a85d9a97c","name":"syncreadwrite","image":{"@type":"ImageObject","inLanguage":"sv-SE","@id":"https:\/\/secure.gravatar.com\/avatar\/6ed1007e4f6f43f22e3df41d9fce4365533cba47fef64bb359b8e629abbc2ea6?s=96&d=mm&r=g","url":"https:\/\/secure.gravatar.com\/avatar\/6ed1007e4f6f43f22e3df41d9fce4365533cba47fef64bb359b8e629abbc2ea6?s=96&d=mm&r=g","contentUrl":"https:\/\/secure.gravatar.com\/avatar\/6ed1007e4f6f43f22e3df41d9fce4365533cba47fef64bb359b8e629abbc2ea6?s=96&d=mm&r=g","caption":"syncreadwrite"},"url":"https:\/\/www.sts-education.com\/se\/author\/syncreadwrite\/"}]}},"_links":{"self":[{"href":"https:\/\/www.sts-education.com\/se\/wp-json\/wp\/v2\/posts\/11190","targetHints":{"allow":["GET"]}}],"collection":[{"href":"https:\/\/www.sts-education.com\/se\/wp-json\/wp\/v2\/posts"}],"about":[{"href":"https:\/\/www.sts-education.com\/se\/wp-json\/wp\/v2\/types\/post"}],"author":[{"embeddable":true,"href":"https:\/\/www.sts-education.com\/se\/wp-json\/wp\/v2\/users\/20"}],"replies":[{"embeddable":true,"href":"https:\/\/www.sts-education.com\/se\/wp-json\/wp\/v2\/comments?post=11190"}],"version-history":[{"count":8,"href":"https:\/\/www.sts-education.com\/se\/wp-json\/wp\/v2\/posts\/11190\/revisions"}],"predecessor-version":[{"id":43244,"href":"https:\/\/www.sts-education.com\/se\/wp-json\/wp\/v2\/posts\/11190\/revisions\/43244"}],"wp:featuredmedia":[{"embeddable":true,"href":"https:\/\/www.sts-education.com\/se\/wp-json\/wp\/v2\/media\/14530"}],"wp:attachment":[{"href":"https:\/\/www.sts-education.com\/se\/wp-json\/wp\/v2\/media?parent=11190"}],"wp:term":[{"taxonomy":"category","embeddable":true,"href":"https:\/\/www.sts-education.com\/se\/wp-json\/wp\/v2\/categories?post=11190"},{"taxonomy":"post_tag","embeddable":true,"href":"https:\/\/www.sts-education.com\/se\/wp-json\/wp\/v2\/tags?post=11190"},{"taxonomy":"wpw_post_folders","embeddable":true,"href":"https:\/\/www.sts-education.com\/se\/wp-json\/wp\/v2\/wpw_post_folders?post=11190"}],"curies":[{"name":"wp","href":"https:\/\/api.w.org\/{rel}","templated":true}]}}