{"id":11194,"date":"2025-01-14T12:00:00","date_gmt":"2025-01-14T10:00:00","guid":{"rendered":"https:\/\/preprod.sts-education.com\/blog\/2026\/03\/05\/marta-valde-att-studera-i-tyskland\/"},"modified":"2026-04-29T09:45:40","modified_gmt":"2026-04-29T07:45:40","slug":"marta-valde-att-studera-i-tyskland","status":"publish","type":"post","link":"https:\/\/www.sts-education.com\/se\/high-school\/vara-utbytesstudenter\/studentberattelser\/marta-valde-att-studera-i-tyskland\/","title":{"rendered":"Marta valde att studera i Tyskland"},"content":{"rendered":"\n<div class=\"wp-block-sts-text sts-text-editor has-max-width-md\"><div class=\"sts-text-editor__content\"><div class=\"sts-text-editor__content-inner\">\n<h1 style=\"text-align:center\">Marta valde att studera i Tyskland<\/h1>\n<\/div><\/div><\/div>\n\n\n\n<figure class=\"wp-block-sts-image sts-block-image sts-block-image--count-1 has-max-width-lg\" data-count=\"1\"><div class=\"sts-block-image__grid\"><div class=\"sts-block-image__item\"><picture class=\"sts-responsive-image has-fit-cover has-pos-top is-skeleton\"><source media=\"(max-width: 834.98px)\" srcset=\"https:\/\/powered-by.qbank.se\/educatius\/sts\/9c2bee71286d52b7611051a8229b911b_1-1-thumb.webp 150w, https:\/\/powered-by.qbank.se\/educatius\/sts\/9c2bee71286d52b7611051a8229b911b_1-1-xsmall.webp 500w, https:\/\/powered-by.qbank.se\/educatius\/sts\/9c2bee71286d52b7611051a8229b911b_1-1-small.webp 800w, https:\/\/powered-by.qbank.se\/educatius\/sts\/9c2bee71286d52b7611051a8229b911b_1-1-medium.webp 1024w, https:\/\/powered-by.qbank.se\/educatius\/sts\/9c2bee71286d52b7611051a8229b911b_1-1-large.webp 1536w\" sizes=\"(max-width: 768px) 100vw, (max-width: 1200px) 100vw, 1200px\" type=\"image\/webp\"\/><source media=\"(min-width: 835px)\" srcset=\"https:\/\/powered-by.qbank.se\/educatius\/sts\/9c2bee71286d52b7611051a8229b911b_16-9-small.webp 800w, https:\/\/powered-by.qbank.se\/educatius\/sts\/9c2bee71286d52b7611051a8229b911b_16-9-medium.webp 1024w, https:\/\/powered-by.qbank.se\/educatius\/sts\/9c2bee71286d52b7611051a8229b911b_16-9-large.webp 1536w\" sizes=\"(max-width: 768px) 100vw, (max-width: 1200px) 100vw, 1200px\" type=\"image\/webp\"\/><img src=\"https:\/\/powered-by.qbank.se\/educatius\/sts\/9c2bee71286d52b7611051a8229b911b_1-1-thumb.webp\" alt=\"Marta valde att studera i Tyskland\" loading=\"lazy\" decoding=\"async\" fetchpriority=\"low\" style=\"object-position:top\"\/><\/picture><\/div><\/div><\/figure>\n\n\n\n<div class=\"wp-block-sts-text sts-text-editor has-max-width-md\"><div class=\"sts-text-editor__content\"><div class=\"sts-text-editor__content-inner\">\n<p><em>Marta fr\u00e5n Italien tillbringade 3 m\u00e5nader i Tyskland.<\/em><\/p>\n<p>Jag var i Tyskland som utbytesstudent i tre m\u00e5nader, en kort men intensiv upplevelse som gjorde att jag kunde v\u00e4xa och l\u00e4ra mig mycket. Jag valde att g\u00f6ra detta eftersom jag ville testa mig sj\u00e4lv, komma ut ur min komfortzon och uppt\u00e4cka en ny kultur.<\/p>\n<\/div><\/div><\/div>\n\n\n\n<div class=\"wp-block-sts-text sts-text-editor has-max-width-md\"><div class=\"sts-text-editor__content\"><div class=\"sts-text-editor__content-inner\">\n<h2>Varf\u00f6r Tyskland<\/h2>\n<p>Jag valde Tyskland f\u00f6r att jag \u00e4r fascinerad av landets kultur, historia och spr\u00e5k. Jag ville ocks\u00e5 f\u00f6rb\u00e4ttra min tyska och komma in i en helt annan skolmilj\u00f6.<\/p>\n<h2>Skolan och v\u00e4nnerna<\/h2>\n<p>I skolan hade jag alltid v\u00e4ldigt roligt. F\u00f6rst k\u00e4nde jag mig lite vilsen, men l\u00e4rarna och skolkamraterna var mycket v\u00e4lkomnande.<\/p>\n<p>Det var lite sv\u00e5rt i b\u00f6rjan, mest p\u00e5 grund av spr\u00e5ket, men jag uppt\u00e4ckte att det hj\u00e4lpte mig mycket att vara nyfiken och visa entusiasm. Med tiden har jag f\u00e5tt v\u00e4nner som jag hoppas kommer att vara f\u00f6r evigt.<\/p>\n<h2>Att bo hos en v\u00e4rdfamilj<\/h2>\n<p>Att bo hos min v\u00e4rdfamilj var underbart. De fick mig att k\u00e4nna mig som hemma fr\u00e5n dag ett och hj\u00e4lpte mig genom de f\u00f6rsta sv\u00e5righeterna. Jag \u00e4lskade den tid jag tillbringade med dem och vi h\u00e5ller fortfarande kontakten \u00e4ven efter min hemresa. Det b\u00e4sta var deras \u00f6ppenhet och v\u00e4rme. De fick mig att k\u00e4nna mig som en del av familjen och l\u00e4rde mig mycket om den tyska kulturen, fr\u00e5n traditioner till sm\u00e5 vardagsvanor.<\/p>\n<p>Ett roligt minne var n\u00e4r jag f\u00f6rs\u00f6kte laga en typisk matr\u00e4tt fr\u00e5n mitt hemland till min v\u00e4rdfamilj. Det blev inte riktigt som jag hade hoppats, men vi skrattade mycket och i slut\u00e4ndan var det ett v\u00e4ldigt trevligt tillf\u00e4lle att dela med sig av sina erfarenheter.<\/p>\n<h2>Vad jag l\u00e4rde mig och vad utbytet gav mig<\/h2>\n<ul>\n<li>Jag har l\u00e4rt mig att anpassa mig till nya situationer, att lita mer p\u00e5 mig sj\u00e4lv och att se saker ur ett annat perspektiv. Jag har f\u00f6rst\u00e5tt hur viktigt det \u00e4r att vara \u00f6ppen och nyfiken p\u00e5 v\u00e4rlden.<\/li>\n<li>Ett skol\u00e5r utomlands \u00e4r en livsomv\u00e4lvande upplevelse. Det l\u00e4r dig s\u00e5 mycket och ger dig minnen och v\u00e4nskap som varar f\u00f6r evigt. Att studera utomlands l\u00e5ter dig v\u00e4xa som person. Det hj\u00e4lper dig att utveckla sj\u00e4lvst\u00e4ndighet, sj\u00e4lvf\u00f6rtroende och anpassningsf\u00f6rm\u00e5ga. Det ger dig ocks\u00e5 m\u00f6jlighet att uppleva en annan kultur, f\u00f6rb\u00e4ttra ett fr\u00e4mmande spr\u00e5k och skapa meningsfulla kontakter med m\u00e4nniskor fr\u00e5n hela v\u00e4rlden. Det \u00e4r en unik upplevelse som berikar dig p\u00e5 alla s\u00e4tt.<\/li>\n<li>Jag tror att den h\u00e4r erfarenheten har gjort mig mer sj\u00e4lvs\u00e4ker och \u00f6ppen f\u00f6r v\u00e4rlden. Jag har l\u00e4rt mig att hantera nya situationer och att arbeta med m\u00e4nniskor fr\u00e5n olika kulturer, egenskaper som kommer att vara anv\u00e4ndbara i min karri\u00e4r. Dessutom kan goda kunskaper i tyska \u00f6ppna upp nya yrkesm\u00f6jligheter f\u00f6r mig i framtiden.<\/li>\n<\/ul>\n<h2>Mitt b\u00e4sta r\u00e5d<\/h2>\n<p>Mitt r\u00e5d \u00e4r att ta sig an upplevelsen med entusiasm och ett \u00f6ppet sinne. Det \u00e4r viktigt att inte vara r\u00e4dd f\u00f6r att g\u00f6ra misstag och att ta varje tillf\u00e4lle i akt att l\u00e4ra sig. Om jag kunde g\u00e5 tillbaka skulle jag f\u00f6rs\u00f6ka vara \u00e4nnu modigare fr\u00e5n b\u00f6rjan, s\u00e4rskilt n\u00e4r det g\u00e4ller att tala spr\u00e5ket, utan att oroa mig f\u00f6r mycket f\u00f6r att g\u00f6ra misstag.<\/p>\n<h2>Vill du veta mer?<\/h2>\n<ul>\n<li>L\u00e4s fler <a href=\"https:\/\/www.sts-education.com\/se\/high-school\/vara-utbytesstudenter\/studentberattelser\/?hashtag=Tyskland\">studentber\u00e4ttelser fr\u00e5n Tyskland<\/a><\/li>\n<li>L\u00e4s mer om ett <a href=\"https:\/\/www.sts-education.com\/se\/high-school\/destinationer\/europa\/tyskland\/\">high school-utbyte i Tyskland<\/a><\/li>\n<li>Se alla v\u00e5ra <a href=\"\/se\/high-school\/tripfinder\/\">utbytesdestinationer f\u00f6r high school<\/a><\/li>\n<\/ul>\n<\/div><\/div><\/div>\n","protected":false},"excerpt":{"rendered":"","protected":false},"author":20,"featured_media":14538,"comment_status":"open","ping_status":"open","sticky":false,"template":"","format":"standard","meta":{"_acf_changed":false,"_yoast_wpseo_title":"Marta valde att studera i Tyskland","_yoast_wpseo_metadesc":"Jag valde Tyskland eftersom jag \u00e4r fascinerad av landets kultur, historia och spr\u00e5k. Jag ville ocks\u00e5 f\u00f6rb\u00e4ttra min tyska och komma in i en helt annan skolmilj\u00f6.","footnotes":""},"categories":[326],"tags":[1039],"wpw_post_folders":[],"class_list":["post-11194","post","type-post","status-publish","format-standard","has-post-thumbnail","hentry","category-okategoriserad","tag-tyskland"],"acf":[],"yoast_head":"<!-- This site is optimized with the Yoast SEO Premium plugin v27.2 (Yoast SEO v27.2) - https:\/\/yoast.com\/product\/yoast-seo-premium-wordpress\/ -->\n<title>Marta valde att studera i Tyskland<\/title>\n<meta name=\"description\" content=\"Jag valde Tyskland eftersom jag \u00e4r fascinerad av landets kultur, historia och spr\u00e5k. Jag ville ocks\u00e5 f\u00f6rb\u00e4ttra min tyska och komma in i en helt annan skolmilj\u00f6.\" \/>\n<meta name=\"robots\" content=\"index, follow, max-snippet:-1, max-image-preview:large, max-video-preview:-1\" \/>\n<link rel=\"canonical\" href=\"https:\/\/www.sts-education.com\/se\/high-school\/vara-utbytesstudenter\/studentberattelser\/marta-valde-att-studera-i-tyskland\/\" \/>\n<meta property=\"og:locale\" content=\"sv_SE\" \/>\n<meta property=\"og:type\" content=\"article\" \/>\n<meta property=\"og:title\" content=\"Marta valde att studera i Tyskland\" \/>\n<meta property=\"og:description\" content=\"Jag valde Tyskland eftersom jag \u00e4r fascinerad av landets kultur, historia och spr\u00e5k. Jag ville ocks\u00e5 f\u00f6rb\u00e4ttra min tyska och komma in i en helt annan skolmilj\u00f6.\" \/>\n<meta property=\"og:url\" content=\"https:\/\/www.sts-education.com\/se\/high-school\/vara-utbytesstudenter\/studentberattelser\/marta-valde-att-studera-i-tyskland\/\" \/>\n<meta property=\"og:site_name\" content=\"STS Education\" \/>\n<meta property=\"article:published_time\" content=\"2025-01-14T10:00:00+00:00\" \/>\n<meta property=\"article:modified_time\" content=\"2026-04-29T07:45:40+00:00\" \/>\n<meta property=\"og:image\" content=\"https:\/\/powered-by.qbank.se\/educatius\/sts\/\/9c2bee71286d52b7611051a8229b911b_1-1-thumb.webp\" \/>\n\t<meta property=\"og:image:width\" content=\"150\" \/>\n\t<meta property=\"og:image:height\" content=\"150\" \/>\n\t<meta property=\"og:image:type\" content=\"image\/png\" \/>\n<meta name=\"author\" content=\"syncreadwrite\" \/>\n<meta name=\"twitter:card\" content=\"summary_large_image\" \/>\n<meta name=\"twitter:label1\" content=\"Skriven av\" \/>\n\t<meta name=\"twitter:data1\" content=\"syncreadwrite\" \/>\n\t<meta name=\"twitter:label2\" content=\"Ber\u00e4knad l\u00e4stid\" \/>\n\t<meta name=\"twitter:data2\" content=\"3 minuter\" \/>\n<script type=\"application\/ld+json\" class=\"yoast-schema-graph\">{\"@context\":\"https:\/\/schema.org\",\"@graph\":[{\"@type\":\"Article\",\"@id\":\"https:\/\/www.sts-education.com\/se\/high-school\/vara-utbytesstudenter\/studentberattelser\/marta-valde-att-studera-i-tyskland\/#article\",\"isPartOf\":{\"@id\":\"https:\/\/www.sts-education.com\/se\/high-school\/vara-utbytesstudenter\/studentberattelser\/marta-valde-att-studera-i-tyskland\/\"},\"author\":{\"name\":\"syncreadwrite\",\"@id\":\"https:\/\/www.sts-education.com\/se\/#\/schema\/person\/8b82f3a2e45f020b8f296d7a85d9a97c\"},\"headline\":\"Marta valde att studera i Tyskland\",\"datePublished\":\"2025-01-14T10:00:00+00:00\",\"dateModified\":\"2026-04-29T07:45:40+00:00\",\"mainEntityOfPage\":{\"@id\":\"https:\/\/www.sts-education.com\/se\/high-school\/vara-utbytesstudenter\/studentberattelser\/marta-valde-att-studera-i-tyskland\/\"},\"wordCount\":660,\"commentCount\":0,\"image\":{\"@id\":\"https:\/\/www.sts-education.com\/se\/high-school\/vara-utbytesstudenter\/studentberattelser\/marta-valde-att-studera-i-tyskland\/#primaryimage\"},\"thumbnailUrl\":\"https:\/\/powered-by.qbank.se\/educatius\/sts\/\/9c2bee71286d52b7611051a8229b911b_1-1-thumb.webp\",\"keywords\":[\"Tyskland\"],\"articleSection\":[\"Okategoriserad\"],\"inLanguage\":\"sv-SE\",\"potentialAction\":[{\"@type\":\"CommentAction\",\"name\":\"Comment\",\"target\":[\"https:\/\/www.sts-education.com\/se\/high-school\/vara-utbytesstudenter\/studentberattelser\/marta-valde-att-studera-i-tyskland\/#respond\"]}]},{\"@type\":\"WebPage\",\"@id\":\"https:\/\/www.sts-education.com\/se\/high-school\/vara-utbytesstudenter\/studentberattelser\/marta-valde-att-studera-i-tyskland\/\",\"url\":\"https:\/\/www.sts-education.com\/se\/high-school\/vara-utbytesstudenter\/studentberattelser\/marta-valde-att-studera-i-tyskland\/\",\"name\":\"Marta valde att studera i Tyskland\",\"isPartOf\":{\"@id\":\"https:\/\/www.sts-education.com\/se\/#website\"},\"primaryImageOfPage\":{\"@id\":\"https:\/\/www.sts-education.com\/se\/high-school\/vara-utbytesstudenter\/studentberattelser\/marta-valde-att-studera-i-tyskland\/#primaryimage\"},\"image\":{\"@id\":\"https:\/\/www.sts-education.com\/se\/high-school\/vara-utbytesstudenter\/studentberattelser\/marta-valde-att-studera-i-tyskland\/#primaryimage\"},\"thumbnailUrl\":\"https:\/\/powered-by.qbank.se\/educatius\/sts\/\/9c2bee71286d52b7611051a8229b911b_1-1-thumb.webp\",\"datePublished\":\"2025-01-14T10:00:00+00:00\",\"dateModified\":\"2026-04-29T07:45:40+00:00\",\"author\":{\"@id\":\"https:\/\/www.sts-education.com\/se\/#\/schema\/person\/8b82f3a2e45f020b8f296d7a85d9a97c\"},\"description\":\"Jag valde Tyskland eftersom jag \u00e4r fascinerad av landets kultur, historia och spr\u00e5k. Jag ville ocks\u00e5 f\u00f6rb\u00e4ttra min tyska och komma in i en helt annan skolmilj\u00f6.\",\"breadcrumb\":{\"@id\":\"https:\/\/www.sts-education.com\/se\/high-school\/vara-utbytesstudenter\/studentberattelser\/marta-valde-att-studera-i-tyskland\/#breadcrumb\"},\"inLanguage\":\"sv-SE\",\"potentialAction\":[{\"@type\":\"ReadAction\",\"target\":[\"https:\/\/www.sts-education.com\/se\/high-school\/vara-utbytesstudenter\/studentberattelser\/marta-valde-att-studera-i-tyskland\/\"]}]},{\"@type\":\"ImageObject\",\"inLanguage\":\"sv-SE\",\"@id\":\"https:\/\/www.sts-education.com\/se\/high-school\/vara-utbytesstudenter\/studentberattelser\/marta-valde-att-studera-i-tyskland\/#primaryimage\",\"url\":\"https:\/\/powered-by.qbank.se\/educatius\/sts\/\/9c2bee71286d52b7611051a8229b911b_1-1-thumb.webp\",\"contentUrl\":\"https:\/\/powered-by.qbank.se\/educatius\/sts\/\/9c2bee71286d52b7611051a8229b911b_1-1-thumb.webp\",\"width\":150,\"height\":150},{\"@type\":\"BreadcrumbList\",\"@id\":\"https:\/\/www.sts-education.com\/se\/high-school\/vara-utbytesstudenter\/studentberattelser\/marta-valde-att-studera-i-tyskland\/#breadcrumb\",\"itemListElement\":[{\"@type\":\"ListItem\",\"position\":1,\"name\":\"Home\",\"item\":\"https:\/\/www.sts-education.com\/se\/\"},{\"@type\":\"ListItem\",\"position\":2,\"name\":\"Marta valde att studera i Tyskland\"}]},{\"@type\":\"WebSite\",\"@id\":\"https:\/\/www.sts-education.com\/se\/#website\",\"url\":\"https:\/\/www.sts-education.com\/se\/\",\"name\":\"STS Education\",\"description\":\"\",\"potentialAction\":[{\"@type\":\"SearchAction\",\"target\":{\"@type\":\"EntryPoint\",\"urlTemplate\":\"https:\/\/www.sts-education.com\/se\/?s={search_term_string}\"},\"query-input\":{\"@type\":\"PropertyValueSpecification\",\"valueRequired\":true,\"valueName\":\"search_term_string\"}}],\"inLanguage\":\"sv-SE\"},{\"@type\":\"Person\",\"@id\":\"https:\/\/www.sts-education.com\/se\/#\/schema\/person\/8b82f3a2e45f020b8f296d7a85d9a97c\",\"name\":\"syncreadwrite\",\"image\":{\"@type\":\"ImageObject\",\"inLanguage\":\"sv-SE\",\"@id\":\"https:\/\/secure.gravatar.com\/avatar\/6ed1007e4f6f43f22e3df41d9fce4365533cba47fef64bb359b8e629abbc2ea6?s=96&d=mm&r=g\",\"url\":\"https:\/\/secure.gravatar.com\/avatar\/6ed1007e4f6f43f22e3df41d9fce4365533cba47fef64bb359b8e629abbc2ea6?s=96&d=mm&r=g\",\"contentUrl\":\"https:\/\/secure.gravatar.com\/avatar\/6ed1007e4f6f43f22e3df41d9fce4365533cba47fef64bb359b8e629abbc2ea6?s=96&d=mm&r=g\",\"caption\":\"syncreadwrite\"},\"url\":\"https:\/\/www.sts-education.com\/se\/author\/syncreadwrite\/\"}]}<\/script>\n<!-- \/ Yoast SEO Premium plugin. -->","yoast_head_json":{"title":"Marta valde att studera i Tyskland","description":"Jag valde Tyskland eftersom jag \u00e4r fascinerad av landets kultur, historia och spr\u00e5k. Jag ville ocks\u00e5 f\u00f6rb\u00e4ttra min tyska och komma in i en helt annan skolmilj\u00f6.","robots":{"index":"index","follow":"follow","max-snippet":"max-snippet:-1","max-image-preview":"max-image-preview:large","max-video-preview":"max-video-preview:-1"},"canonical":"https:\/\/www.sts-education.com\/se\/high-school\/vara-utbytesstudenter\/studentberattelser\/marta-valde-att-studera-i-tyskland\/","og_locale":"sv_SE","og_type":"article","og_title":"Marta valde att studera i Tyskland","og_description":"Jag valde Tyskland eftersom jag \u00e4r fascinerad av landets kultur, historia och spr\u00e5k. Jag ville ocks\u00e5 f\u00f6rb\u00e4ttra min tyska och komma in i en helt annan skolmilj\u00f6.","og_url":"https:\/\/www.sts-education.com\/se\/high-school\/vara-utbytesstudenter\/studentberattelser\/marta-valde-att-studera-i-tyskland\/","og_site_name":"STS Education","article_published_time":"2025-01-14T10:00:00+00:00","article_modified_time":"2026-04-29T07:45:40+00:00","og_image":[{"width":150,"height":150,"url":"https:\/\/powered-by.qbank.se\/educatius\/sts\/\/9c2bee71286d52b7611051a8229b911b_1-1-thumb.webp","type":"image\/png"}],"author":"syncreadwrite","twitter_card":"summary_large_image","twitter_misc":{"Skriven av":"syncreadwrite","Ber\u00e4knad l\u00e4stid":"3 minuter"},"schema":{"@context":"https:\/\/schema.org","@graph":[{"@type":"Article","@id":"https:\/\/www.sts-education.com\/se\/high-school\/vara-utbytesstudenter\/studentberattelser\/marta-valde-att-studera-i-tyskland\/#article","isPartOf":{"@id":"https:\/\/www.sts-education.com\/se\/high-school\/vara-utbytesstudenter\/studentberattelser\/marta-valde-att-studera-i-tyskland\/"},"author":{"name":"syncreadwrite","@id":"https:\/\/www.sts-education.com\/se\/#\/schema\/person\/8b82f3a2e45f020b8f296d7a85d9a97c"},"headline":"Marta valde att studera i Tyskland","datePublished":"2025-01-14T10:00:00+00:00","dateModified":"2026-04-29T07:45:40+00:00","mainEntityOfPage":{"@id":"https:\/\/www.sts-education.com\/se\/high-school\/vara-utbytesstudenter\/studentberattelser\/marta-valde-att-studera-i-tyskland\/"},"wordCount":660,"commentCount":0,"image":{"@id":"https:\/\/www.sts-education.com\/se\/high-school\/vara-utbytesstudenter\/studentberattelser\/marta-valde-att-studera-i-tyskland\/#primaryimage"},"thumbnailUrl":"https:\/\/powered-by.qbank.se\/educatius\/sts\/\/9c2bee71286d52b7611051a8229b911b_1-1-thumb.webp","keywords":["Tyskland"],"articleSection":["Okategoriserad"],"inLanguage":"sv-SE","potentialAction":[{"@type":"CommentAction","name":"Comment","target":["https:\/\/www.sts-education.com\/se\/high-school\/vara-utbytesstudenter\/studentberattelser\/marta-valde-att-studera-i-tyskland\/#respond"]}]},{"@type":"WebPage","@id":"https:\/\/www.sts-education.com\/se\/high-school\/vara-utbytesstudenter\/studentberattelser\/marta-valde-att-studera-i-tyskland\/","url":"https:\/\/www.sts-education.com\/se\/high-school\/vara-utbytesstudenter\/studentberattelser\/marta-valde-att-studera-i-tyskland\/","name":"Marta valde att studera i Tyskland","isPartOf":{"@id":"https:\/\/www.sts-education.com\/se\/#website"},"primaryImageOfPage":{"@id":"https:\/\/www.sts-education.com\/se\/high-school\/vara-utbytesstudenter\/studentberattelser\/marta-valde-att-studera-i-tyskland\/#primaryimage"},"image":{"@id":"https:\/\/www.sts-education.com\/se\/high-school\/vara-utbytesstudenter\/studentberattelser\/marta-valde-att-studera-i-tyskland\/#primaryimage"},"thumbnailUrl":"https:\/\/powered-by.qbank.se\/educatius\/sts\/\/9c2bee71286d52b7611051a8229b911b_1-1-thumb.webp","datePublished":"2025-01-14T10:00:00+00:00","dateModified":"2026-04-29T07:45:40+00:00","author":{"@id":"https:\/\/www.sts-education.com\/se\/#\/schema\/person\/8b82f3a2e45f020b8f296d7a85d9a97c"},"description":"Jag valde Tyskland eftersom jag \u00e4r fascinerad av landets kultur, historia och spr\u00e5k. Jag ville ocks\u00e5 f\u00f6rb\u00e4ttra min tyska och komma in i en helt annan skolmilj\u00f6.","breadcrumb":{"@id":"https:\/\/www.sts-education.com\/se\/high-school\/vara-utbytesstudenter\/studentberattelser\/marta-valde-att-studera-i-tyskland\/#breadcrumb"},"inLanguage":"sv-SE","potentialAction":[{"@type":"ReadAction","target":["https:\/\/www.sts-education.com\/se\/high-school\/vara-utbytesstudenter\/studentberattelser\/marta-valde-att-studera-i-tyskland\/"]}]},{"@type":"ImageObject","inLanguage":"sv-SE","@id":"https:\/\/www.sts-education.com\/se\/high-school\/vara-utbytesstudenter\/studentberattelser\/marta-valde-att-studera-i-tyskland\/#primaryimage","url":"https:\/\/powered-by.qbank.se\/educatius\/sts\/\/9c2bee71286d52b7611051a8229b911b_1-1-thumb.webp","contentUrl":"https:\/\/powered-by.qbank.se\/educatius\/sts\/\/9c2bee71286d52b7611051a8229b911b_1-1-thumb.webp","width":150,"height":150},{"@type":"BreadcrumbList","@id":"https:\/\/www.sts-education.com\/se\/high-school\/vara-utbytesstudenter\/studentberattelser\/marta-valde-att-studera-i-tyskland\/#breadcrumb","itemListElement":[{"@type":"ListItem","position":1,"name":"Home","item":"https:\/\/www.sts-education.com\/se\/"},{"@type":"ListItem","position":2,"name":"Marta valde att studera i Tyskland"}]},{"@type":"WebSite","@id":"https:\/\/www.sts-education.com\/se\/#website","url":"https:\/\/www.sts-education.com\/se\/","name":"STS Education","description":"","potentialAction":[{"@type":"SearchAction","target":{"@type":"EntryPoint","urlTemplate":"https:\/\/www.sts-education.com\/se\/?s={search_term_string}"},"query-input":{"@type":"PropertyValueSpecification","valueRequired":true,"valueName":"search_term_string"}}],"inLanguage":"sv-SE"},{"@type":"Person","@id":"https:\/\/www.sts-education.com\/se\/#\/schema\/person\/8b82f3a2e45f020b8f296d7a85d9a97c","name":"syncreadwrite","image":{"@type":"ImageObject","inLanguage":"sv-SE","@id":"https:\/\/secure.gravatar.com\/avatar\/6ed1007e4f6f43f22e3df41d9fce4365533cba47fef64bb359b8e629abbc2ea6?s=96&d=mm&r=g","url":"https:\/\/secure.gravatar.com\/avatar\/6ed1007e4f6f43f22e3df41d9fce4365533cba47fef64bb359b8e629abbc2ea6?s=96&d=mm&r=g","contentUrl":"https:\/\/secure.gravatar.com\/avatar\/6ed1007e4f6f43f22e3df41d9fce4365533cba47fef64bb359b8e629abbc2ea6?s=96&d=mm&r=g","caption":"syncreadwrite"},"url":"https:\/\/www.sts-education.com\/se\/author\/syncreadwrite\/"}]}},"_links":{"self":[{"href":"https:\/\/www.sts-education.com\/se\/wp-json\/wp\/v2\/posts\/11194","targetHints":{"allow":["GET"]}}],"collection":[{"href":"https:\/\/www.sts-education.com\/se\/wp-json\/wp\/v2\/posts"}],"about":[{"href":"https:\/\/www.sts-education.com\/se\/wp-json\/wp\/v2\/types\/post"}],"author":[{"embeddable":true,"href":"https:\/\/www.sts-education.com\/se\/wp-json\/wp\/v2\/users\/20"}],"replies":[{"embeddable":true,"href":"https:\/\/www.sts-education.com\/se\/wp-json\/wp\/v2\/comments?post=11194"}],"version-history":[{"count":8,"href":"https:\/\/www.sts-education.com\/se\/wp-json\/wp\/v2\/posts\/11194\/revisions"}],"predecessor-version":[{"id":43295,"href":"https:\/\/www.sts-education.com\/se\/wp-json\/wp\/v2\/posts\/11194\/revisions\/43295"}],"wp:featuredmedia":[{"embeddable":true,"href":"https:\/\/www.sts-education.com\/se\/wp-json\/wp\/v2\/media\/14538"}],"wp:attachment":[{"href":"https:\/\/www.sts-education.com\/se\/wp-json\/wp\/v2\/media?parent=11194"}],"wp:term":[{"taxonomy":"category","embeddable":true,"href":"https:\/\/www.sts-education.com\/se\/wp-json\/wp\/v2\/categories?post=11194"},{"taxonomy":"post_tag","embeddable":true,"href":"https:\/\/www.sts-education.com\/se\/wp-json\/wp\/v2\/tags?post=11194"},{"taxonomy":"wpw_post_folders","embeddable":true,"href":"https:\/\/www.sts-education.com\/se\/wp-json\/wp\/v2\/wpw_post_folders?post=11194"}],"curies":[{"name":"wp","href":"https:\/\/api.w.org\/{rel}","templated":true}]}}