{"id":11200,"date":"2024-10-24T13:00:00","date_gmt":"2024-10-24T11:00:00","guid":{"rendered":"https:\/\/preprod.sts-education.com\/blog\/2026\/03\/05\/muki-valde-att-studera-i-spanien\/"},"modified":"2026-04-29T09:49:52","modified_gmt":"2026-04-29T07:49:52","slug":"muki-valde-att-studera-i-spanien","status":"publish","type":"post","link":"https:\/\/www.sts-education.com\/se\/high-school\/vara-utbytesstudenter\/studentberattelser\/muki-valde-att-studera-i-spanien\/","title":{"rendered":"Muki valde att studera i Spanien"},"content":{"rendered":"\n<div class=\"wp-block-sts-text sts-text-editor has-max-width-md\"><div class=\"sts-text-editor__content\"><div class=\"sts-text-editor__content-inner\">\n<h1 style=\"text-align:center\">Muki valde att studera i Spanien<\/h1>\n<\/div><\/div><\/div>\n\n\n\n<figure class=\"wp-block-sts-image sts-block-image sts-block-image--count-1 has-max-width-lg\" data-count=\"1\"><div class=\"sts-block-image__grid\"><div class=\"sts-block-image__item\"><picture class=\"sts-responsive-image has-fit-cover has-pos-top is-skeleton\"><source media=\"(max-width: 834.98px)\" srcset=\"https:\/\/powered-by.qbank.se\/educatius\/sts\/450d86718b4b3697ccf2f66f3c051f56_1-1-thumb.webp 150w, https:\/\/powered-by.qbank.se\/educatius\/sts\/450d86718b4b3697ccf2f66f3c051f56_1-1-xsmall.webp 500w, https:\/\/powered-by.qbank.se\/educatius\/sts\/450d86718b4b3697ccf2f66f3c051f56_1-1-small.webp 800w, https:\/\/powered-by.qbank.se\/educatius\/sts\/450d86718b4b3697ccf2f66f3c051f56_1-1-medium.webp 1024w, https:\/\/powered-by.qbank.se\/educatius\/sts\/450d86718b4b3697ccf2f66f3c051f56_1-1-large.webp 1536w\" sizes=\"(max-width: 768px) 100vw, (max-width: 1200px) 100vw, 1200px\" type=\"image\/webp\"\/><source media=\"(min-width: 835px)\" srcset=\"https:\/\/powered-by.qbank.se\/educatius\/sts\/450d86718b4b3697ccf2f66f3c051f56_16-9-small.webp 800w, https:\/\/powered-by.qbank.se\/educatius\/sts\/450d86718b4b3697ccf2f66f3c051f56_16-9-medium.webp 1024w, https:\/\/powered-by.qbank.se\/educatius\/sts\/450d86718b4b3697ccf2f66f3c051f56_16-9-large.webp 1536w\" sizes=\"(max-width: 768px) 100vw, (max-width: 1200px) 100vw, 1200px\" type=\"image\/webp\"\/><img src=\"https:\/\/powered-by.qbank.se\/educatius\/sts\/450d86718b4b3697ccf2f66f3c051f56_1-1-thumb.webp\" alt=\"Muki valde att studera i Spanien\" loading=\"lazy\" decoding=\"async\" fetchpriority=\"low\" style=\"object-position:top\"\/><\/picture><\/div><\/div><\/figure>\n\n\n\n<div class=\"wp-block-sts-text sts-text-editor has-max-width-md\"><div class=\"sts-text-editor__content\"><div class=\"sts-text-editor__content-inner\">\n<p><em>Jag heter Muki, \u00e4r 16 \u00e5r gammal och kommer fr\u00e5n \u00d6sterrike. Jag tillbringar just nu 5 m\u00e5nader i Spanien i en mindre stad n\u00e4ra Madrid som heter Rivas Vaciamadrid.<\/em><\/p>\n<\/div><\/div><\/div>\n\n\n\n<div class=\"wp-block-sts-text sts-text-editor has-max-width-md\"><div class=\"sts-text-editor__content\"><div class=\"sts-text-editor__content-inner\">\n<p>Jag har varit h\u00e4r i n\u00e4stan 2 m\u00e5nader nu och det har varit helt fantastiskt. Jag hade n\u00e4stan inga f\u00f6rv\u00e4ntningar n\u00e4r jag gick in i det h\u00e4r men alla de jag hade har \u00f6vertr\u00e4ffats. Jag tror att det var det b\u00e4sta beslutet att kliva ut ur min komfortzon och best\u00e4mma mig f\u00f6r att bo i ett fr\u00e4mmande land och familj d\u00e4r jag absolut inte k\u00e4nner n\u00e5gon eller n\u00e5gonting. Jag \u00e4r redan s\u00e4ker p\u00e5 att jag alltid kommer att minnas de h\u00e4r fem m\u00e5naderna som en fantastisk tid, om inte den b\u00e4sta.<\/p>\n<h2>Varf\u00f6r just Spanien?<\/h2>\n<p>Jag \u00e4lskar sommaren och allt man kan g\u00f6ra n\u00e4r det \u00e4r varmt, s\u00e5 det l\u00e4t fantastiskt f\u00f6r mig att bo i ett land d\u00e4r det \u00e4r varmt och soligt mycket l\u00e4ngre \u00e4n det \u00e4r i mitt hemland. Det var nog en av de fr\u00e4msta anledningarna till att jag valde att \u00e5ka till Spanien.<\/p>\n<h2>V\u00e4nner och skola<\/h2>\n<p>Fr\u00e5n den f\u00f6rsta dagen i Spanien med welcome camp och fram till nu har varje dag varit fantastisk. Jag tr\u00e4ffade nya v\u00e4nner ganska snabbt, b\u00e5de andra utbytesstudenter som bor i min stad och lokala inv\u00e5nare, s\u00e4rskilt fr\u00e5n min skola. Skolan, mina klasskamrater och l\u00e4rare \u00e4r alla trevliga.<\/p>\n<h2>V\u00e4rdfamiljen<\/h2>\n<p>Min familj \u00e4r j\u00e4ttetrevlig och jag \u00e4lskar att umg\u00e5s med mina tre v\u00e4rdsyskon och min hund. Jag har ett trevligt rum och min familj bryr sig om mig. Jag bor h\u00e4r som om jag var en del av deras familj.<\/p>\n<h2>Spanska spr\u00e5ket<\/h2>\n<p>Min spanska har f\u00f6rb\u00e4ttrats mycket! Jag f\u00f6rst\u00e5r mer och mer f\u00f6r varje dag. Nu, efter bara tv\u00e5 m\u00e5nader, f\u00f6rst\u00e5r jag mycket och kan kommunicera ganska bra.<\/p>\n<h2>Fritid p\u00e5 fritiden<\/h2>\n<p>P\u00e5 eftermiddagarna g\u00e5r jag oftast till gymmet eller tr\u00e4ffar mina v\u00e4nner f\u00f6r att umg\u00e5s eller spela fotboll. P\u00e5 helgerna \u00e4lskar vi att \u00e5ka till Madrid, som ligger cirka 40 minuter bort med tunnelbanan. Vi utforskar staden, shoppar och har kul. Det h\u00e4r \u00e4r f\u00f6rmodligen min favoritsyssels\u00e4ttning och jag ser alltid fram emot det. Jag och mina v\u00e4nner \u00e4lskar verkligen Madrid och allt man kan se och g\u00f6ra d\u00e4r.<\/p>\n<h2>Min rekommendation<\/h2>\n<p>Jag kan bara rekommendera att \u00e5ka p\u00e5 ett utbyte, och STS har varit fantastiskt. Allt har varit v\u00e4l och bekv\u00e4mt organiserat. Jag har inget att klaga p\u00e5! Om du sj\u00e4lv best\u00e4mmer dig f\u00f6r att \u00e5ka p\u00e5 ett utbytes\u00e5r \u00e4r mitt r\u00e5d att f\u00f6rv\u00e4nta dig s\u00e5 lite som m\u00f6jligt innan du b\u00f6rjar och l\u00e5ta dig \u00f6verraskas av de saker du upplever. D\u00e5 kan du inte bli besviken!<\/p>\n<h2>Vill du veta mer?<\/h2>\n<ul>\n<li>L\u00e4s fler <a href=\"https:\/\/www.sts-education.com\/se\/high-school\/vara-utbytesstudenter\/studentberattelser\/?hashtag=Spanien\">studentber\u00e4ttelser fr\u00e5n Spanien<\/a><\/li>\n<li>L\u00e4s mer om ett <a href=\"https:\/\/www.sts-education.com\/se\/high-school\/destinationer\/europa\/spanien\/\">high school-utbyte i Spanien<\/a><\/li>\n<li>Se alla v\u00e5ra <a href=\"\/se\/high-school\/tripfinder\/\">utbytesdestinationer f\u00f6r high school<\/a><\/li>\n<\/ul>\n<\/div><\/div><\/div>\n","protected":false},"excerpt":{"rendered":"","protected":false},"author":20,"featured_media":14550,"comment_status":"open","ping_status":"open","sticky":false,"template":"","format":"standard","meta":{"_acf_changed":false,"_yoast_wpseo_title":"Muki valde att studera i Spanien","_yoast_wpseo_metadesc":"Jag tror att det var det b\u00e4sta beslutet att ta ett steg ut ur min bekv\u00e4mlighetszon och best\u00e4mma mig f\u00f6r att bo i ett fr\u00e4mmande land och en fr\u00e4mmande familj d\u00e4r jag inte k\u00e4nner n\u00e5gon eller n\u00e5gonting.","footnotes":""},"categories":[326],"tags":[1046],"wpw_post_folders":[],"class_list":["post-11200","post","type-post","status-publish","format-standard","has-post-thumbnail","hentry","category-okategoriserad","tag-spanien"],"acf":[],"yoast_head":"<!-- This site is optimized with the Yoast SEO Premium plugin v27.2 (Yoast SEO v27.2) - https:\/\/yoast.com\/product\/yoast-seo-premium-wordpress\/ -->\n<title>Muki valde att studera i Spanien<\/title>\n<meta name=\"description\" content=\"Jag tror att det var det b\u00e4sta beslutet att ta ett steg ut ur min bekv\u00e4mlighetszon och best\u00e4mma mig f\u00f6r att bo i ett fr\u00e4mmande land och en fr\u00e4mmande familj d\u00e4r jag inte k\u00e4nner n\u00e5gon eller n\u00e5gonting.\" \/>\n<meta name=\"robots\" content=\"index, follow, max-snippet:-1, max-image-preview:large, max-video-preview:-1\" \/>\n<link rel=\"canonical\" href=\"https:\/\/www.sts-education.com\/se\/high-school\/vara-utbytesstudenter\/studentberattelser\/muki-valde-att-studera-i-spanien\/\" \/>\n<meta property=\"og:locale\" content=\"sv_SE\" \/>\n<meta property=\"og:type\" content=\"article\" \/>\n<meta property=\"og:title\" content=\"Muki valde att studera i Spanien\" \/>\n<meta property=\"og:description\" content=\"Jag tror att det var det b\u00e4sta beslutet att ta ett steg ut ur min bekv\u00e4mlighetszon och best\u00e4mma mig f\u00f6r att bo i ett fr\u00e4mmande land och en fr\u00e4mmande familj d\u00e4r jag inte k\u00e4nner n\u00e5gon eller n\u00e5gonting.\" \/>\n<meta property=\"og:url\" content=\"https:\/\/www.sts-education.com\/se\/high-school\/vara-utbytesstudenter\/studentberattelser\/muki-valde-att-studera-i-spanien\/\" \/>\n<meta property=\"og:site_name\" content=\"STS Education\" \/>\n<meta property=\"article:published_time\" content=\"2024-10-24T11:00:00+00:00\" \/>\n<meta property=\"article:modified_time\" content=\"2026-04-29T07:49:52+00:00\" \/>\n<meta property=\"og:image\" content=\"https:\/\/powered-by.qbank.se\/educatius\/sts\/\/450d86718b4b3697ccf2f66f3c051f56_1-1-thumb.webp\" \/>\n\t<meta property=\"og:image:width\" content=\"150\" \/>\n\t<meta property=\"og:image:height\" content=\"150\" \/>\n\t<meta property=\"og:image:type\" content=\"image\/png\" \/>\n<meta name=\"author\" content=\"syncreadwrite\" \/>\n<meta name=\"twitter:card\" content=\"summary_large_image\" \/>\n<meta name=\"twitter:label1\" content=\"Skriven av\" \/>\n\t<meta name=\"twitter:data1\" content=\"syncreadwrite\" \/>\n\t<meta name=\"twitter:label2\" content=\"Ber\u00e4knad l\u00e4stid\" \/>\n\t<meta name=\"twitter:data2\" content=\"3 minuter\" \/>\n<script type=\"application\/ld+json\" class=\"yoast-schema-graph\">{\"@context\":\"https:\/\/schema.org\",\"@graph\":[{\"@type\":\"Article\",\"@id\":\"https:\/\/www.sts-education.com\/se\/high-school\/vara-utbytesstudenter\/studentberattelser\/muki-valde-att-studera-i-spanien\/#article\",\"isPartOf\":{\"@id\":\"https:\/\/www.sts-education.com\/se\/high-school\/vara-utbytesstudenter\/studentberattelser\/muki-valde-att-studera-i-spanien\/\"},\"author\":{\"name\":\"syncreadwrite\",\"@id\":\"https:\/\/www.sts-education.com\/se\/#\/schema\/person\/8b82f3a2e45f020b8f296d7a85d9a97c\"},\"headline\":\"Muki valde att studera i Spanien\",\"datePublished\":\"2024-10-24T11:00:00+00:00\",\"dateModified\":\"2026-04-29T07:49:52+00:00\",\"mainEntityOfPage\":{\"@id\":\"https:\/\/www.sts-education.com\/se\/high-school\/vara-utbytesstudenter\/studentberattelser\/muki-valde-att-studera-i-spanien\/\"},\"wordCount\":551,\"commentCount\":0,\"image\":{\"@id\":\"https:\/\/www.sts-education.com\/se\/high-school\/vara-utbytesstudenter\/studentberattelser\/muki-valde-att-studera-i-spanien\/#primaryimage\"},\"thumbnailUrl\":\"https:\/\/powered-by.qbank.se\/educatius\/sts\/\/450d86718b4b3697ccf2f66f3c051f56_1-1-thumb.webp\",\"keywords\":[\"Spanien\"],\"articleSection\":[\"Okategoriserad\"],\"inLanguage\":\"sv-SE\",\"potentialAction\":[{\"@type\":\"CommentAction\",\"name\":\"Comment\",\"target\":[\"https:\/\/www.sts-education.com\/se\/high-school\/vara-utbytesstudenter\/studentberattelser\/muki-valde-att-studera-i-spanien\/#respond\"]}]},{\"@type\":\"WebPage\",\"@id\":\"https:\/\/www.sts-education.com\/se\/high-school\/vara-utbytesstudenter\/studentberattelser\/muki-valde-att-studera-i-spanien\/\",\"url\":\"https:\/\/www.sts-education.com\/se\/high-school\/vara-utbytesstudenter\/studentberattelser\/muki-valde-att-studera-i-spanien\/\",\"name\":\"Muki valde att studera i Spanien\",\"isPartOf\":{\"@id\":\"https:\/\/www.sts-education.com\/se\/#website\"},\"primaryImageOfPage\":{\"@id\":\"https:\/\/www.sts-education.com\/se\/high-school\/vara-utbytesstudenter\/studentberattelser\/muki-valde-att-studera-i-spanien\/#primaryimage\"},\"image\":{\"@id\":\"https:\/\/www.sts-education.com\/se\/high-school\/vara-utbytesstudenter\/studentberattelser\/muki-valde-att-studera-i-spanien\/#primaryimage\"},\"thumbnailUrl\":\"https:\/\/powered-by.qbank.se\/educatius\/sts\/\/450d86718b4b3697ccf2f66f3c051f56_1-1-thumb.webp\",\"datePublished\":\"2024-10-24T11:00:00+00:00\",\"dateModified\":\"2026-04-29T07:49:52+00:00\",\"author\":{\"@id\":\"https:\/\/www.sts-education.com\/se\/#\/schema\/person\/8b82f3a2e45f020b8f296d7a85d9a97c\"},\"description\":\"Jag tror att det var det b\u00e4sta beslutet att ta ett steg ut ur min bekv\u00e4mlighetszon och best\u00e4mma mig f\u00f6r att bo i ett fr\u00e4mmande land och en fr\u00e4mmande familj d\u00e4r jag inte k\u00e4nner n\u00e5gon eller n\u00e5gonting.\",\"breadcrumb\":{\"@id\":\"https:\/\/www.sts-education.com\/se\/high-school\/vara-utbytesstudenter\/studentberattelser\/muki-valde-att-studera-i-spanien\/#breadcrumb\"},\"inLanguage\":\"sv-SE\",\"potentialAction\":[{\"@type\":\"ReadAction\",\"target\":[\"https:\/\/www.sts-education.com\/se\/high-school\/vara-utbytesstudenter\/studentberattelser\/muki-valde-att-studera-i-spanien\/\"]}]},{\"@type\":\"ImageObject\",\"inLanguage\":\"sv-SE\",\"@id\":\"https:\/\/www.sts-education.com\/se\/high-school\/vara-utbytesstudenter\/studentberattelser\/muki-valde-att-studera-i-spanien\/#primaryimage\",\"url\":\"https:\/\/powered-by.qbank.se\/educatius\/sts\/\/450d86718b4b3697ccf2f66f3c051f56_1-1-thumb.webp\",\"contentUrl\":\"https:\/\/powered-by.qbank.se\/educatius\/sts\/\/450d86718b4b3697ccf2f66f3c051f56_1-1-thumb.webp\",\"width\":150,\"height\":150},{\"@type\":\"BreadcrumbList\",\"@id\":\"https:\/\/www.sts-education.com\/se\/high-school\/vara-utbytesstudenter\/studentberattelser\/muki-valde-att-studera-i-spanien\/#breadcrumb\",\"itemListElement\":[{\"@type\":\"ListItem\",\"position\":1,\"name\":\"Home\",\"item\":\"https:\/\/www.sts-education.com\/se\/\"},{\"@type\":\"ListItem\",\"position\":2,\"name\":\"Muki valde att studera i Spanien\"}]},{\"@type\":\"WebSite\",\"@id\":\"https:\/\/www.sts-education.com\/se\/#website\",\"url\":\"https:\/\/www.sts-education.com\/se\/\",\"name\":\"STS Education\",\"description\":\"\",\"potentialAction\":[{\"@type\":\"SearchAction\",\"target\":{\"@type\":\"EntryPoint\",\"urlTemplate\":\"https:\/\/www.sts-education.com\/se\/?s={search_term_string}\"},\"query-input\":{\"@type\":\"PropertyValueSpecification\",\"valueRequired\":true,\"valueName\":\"search_term_string\"}}],\"inLanguage\":\"sv-SE\"},{\"@type\":\"Person\",\"@id\":\"https:\/\/www.sts-education.com\/se\/#\/schema\/person\/8b82f3a2e45f020b8f296d7a85d9a97c\",\"name\":\"syncreadwrite\",\"image\":{\"@type\":\"ImageObject\",\"inLanguage\":\"sv-SE\",\"@id\":\"https:\/\/secure.gravatar.com\/avatar\/6ed1007e4f6f43f22e3df41d9fce4365533cba47fef64bb359b8e629abbc2ea6?s=96&d=mm&r=g\",\"url\":\"https:\/\/secure.gravatar.com\/avatar\/6ed1007e4f6f43f22e3df41d9fce4365533cba47fef64bb359b8e629abbc2ea6?s=96&d=mm&r=g\",\"contentUrl\":\"https:\/\/secure.gravatar.com\/avatar\/6ed1007e4f6f43f22e3df41d9fce4365533cba47fef64bb359b8e629abbc2ea6?s=96&d=mm&r=g\",\"caption\":\"syncreadwrite\"},\"url\":\"https:\/\/www.sts-education.com\/se\/author\/syncreadwrite\/\"}]}<\/script>\n<!-- \/ Yoast SEO Premium plugin. -->","yoast_head_json":{"title":"Muki valde att studera i Spanien","description":"Jag tror att det var det b\u00e4sta beslutet att ta ett steg ut ur min bekv\u00e4mlighetszon och best\u00e4mma mig f\u00f6r att bo i ett fr\u00e4mmande land och en fr\u00e4mmande familj d\u00e4r jag inte k\u00e4nner n\u00e5gon eller n\u00e5gonting.","robots":{"index":"index","follow":"follow","max-snippet":"max-snippet:-1","max-image-preview":"max-image-preview:large","max-video-preview":"max-video-preview:-1"},"canonical":"https:\/\/www.sts-education.com\/se\/high-school\/vara-utbytesstudenter\/studentberattelser\/muki-valde-att-studera-i-spanien\/","og_locale":"sv_SE","og_type":"article","og_title":"Muki valde att studera i Spanien","og_description":"Jag tror att det var det b\u00e4sta beslutet att ta ett steg ut ur min bekv\u00e4mlighetszon och best\u00e4mma mig f\u00f6r att bo i ett fr\u00e4mmande land och en fr\u00e4mmande familj d\u00e4r jag inte k\u00e4nner n\u00e5gon eller n\u00e5gonting.","og_url":"https:\/\/www.sts-education.com\/se\/high-school\/vara-utbytesstudenter\/studentberattelser\/muki-valde-att-studera-i-spanien\/","og_site_name":"STS Education","article_published_time":"2024-10-24T11:00:00+00:00","article_modified_time":"2026-04-29T07:49:52+00:00","og_image":[{"width":150,"height":150,"url":"https:\/\/powered-by.qbank.se\/educatius\/sts\/\/450d86718b4b3697ccf2f66f3c051f56_1-1-thumb.webp","type":"image\/png"}],"author":"syncreadwrite","twitter_card":"summary_large_image","twitter_misc":{"Skriven av":"syncreadwrite","Ber\u00e4knad l\u00e4stid":"3 minuter"},"schema":{"@context":"https:\/\/schema.org","@graph":[{"@type":"Article","@id":"https:\/\/www.sts-education.com\/se\/high-school\/vara-utbytesstudenter\/studentberattelser\/muki-valde-att-studera-i-spanien\/#article","isPartOf":{"@id":"https:\/\/www.sts-education.com\/se\/high-school\/vara-utbytesstudenter\/studentberattelser\/muki-valde-att-studera-i-spanien\/"},"author":{"name":"syncreadwrite","@id":"https:\/\/www.sts-education.com\/se\/#\/schema\/person\/8b82f3a2e45f020b8f296d7a85d9a97c"},"headline":"Muki valde att studera i Spanien","datePublished":"2024-10-24T11:00:00+00:00","dateModified":"2026-04-29T07:49:52+00:00","mainEntityOfPage":{"@id":"https:\/\/www.sts-education.com\/se\/high-school\/vara-utbytesstudenter\/studentberattelser\/muki-valde-att-studera-i-spanien\/"},"wordCount":551,"commentCount":0,"image":{"@id":"https:\/\/www.sts-education.com\/se\/high-school\/vara-utbytesstudenter\/studentberattelser\/muki-valde-att-studera-i-spanien\/#primaryimage"},"thumbnailUrl":"https:\/\/powered-by.qbank.se\/educatius\/sts\/\/450d86718b4b3697ccf2f66f3c051f56_1-1-thumb.webp","keywords":["Spanien"],"articleSection":["Okategoriserad"],"inLanguage":"sv-SE","potentialAction":[{"@type":"CommentAction","name":"Comment","target":["https:\/\/www.sts-education.com\/se\/high-school\/vara-utbytesstudenter\/studentberattelser\/muki-valde-att-studera-i-spanien\/#respond"]}]},{"@type":"WebPage","@id":"https:\/\/www.sts-education.com\/se\/high-school\/vara-utbytesstudenter\/studentberattelser\/muki-valde-att-studera-i-spanien\/","url":"https:\/\/www.sts-education.com\/se\/high-school\/vara-utbytesstudenter\/studentberattelser\/muki-valde-att-studera-i-spanien\/","name":"Muki valde att studera i Spanien","isPartOf":{"@id":"https:\/\/www.sts-education.com\/se\/#website"},"primaryImageOfPage":{"@id":"https:\/\/www.sts-education.com\/se\/high-school\/vara-utbytesstudenter\/studentberattelser\/muki-valde-att-studera-i-spanien\/#primaryimage"},"image":{"@id":"https:\/\/www.sts-education.com\/se\/high-school\/vara-utbytesstudenter\/studentberattelser\/muki-valde-att-studera-i-spanien\/#primaryimage"},"thumbnailUrl":"https:\/\/powered-by.qbank.se\/educatius\/sts\/\/450d86718b4b3697ccf2f66f3c051f56_1-1-thumb.webp","datePublished":"2024-10-24T11:00:00+00:00","dateModified":"2026-04-29T07:49:52+00:00","author":{"@id":"https:\/\/www.sts-education.com\/se\/#\/schema\/person\/8b82f3a2e45f020b8f296d7a85d9a97c"},"description":"Jag tror att det var det b\u00e4sta beslutet att ta ett steg ut ur min bekv\u00e4mlighetszon och best\u00e4mma mig f\u00f6r att bo i ett fr\u00e4mmande land och en fr\u00e4mmande familj d\u00e4r jag inte k\u00e4nner n\u00e5gon eller n\u00e5gonting.","breadcrumb":{"@id":"https:\/\/www.sts-education.com\/se\/high-school\/vara-utbytesstudenter\/studentberattelser\/muki-valde-att-studera-i-spanien\/#breadcrumb"},"inLanguage":"sv-SE","potentialAction":[{"@type":"ReadAction","target":["https:\/\/www.sts-education.com\/se\/high-school\/vara-utbytesstudenter\/studentberattelser\/muki-valde-att-studera-i-spanien\/"]}]},{"@type":"ImageObject","inLanguage":"sv-SE","@id":"https:\/\/www.sts-education.com\/se\/high-school\/vara-utbytesstudenter\/studentberattelser\/muki-valde-att-studera-i-spanien\/#primaryimage","url":"https:\/\/powered-by.qbank.se\/educatius\/sts\/\/450d86718b4b3697ccf2f66f3c051f56_1-1-thumb.webp","contentUrl":"https:\/\/powered-by.qbank.se\/educatius\/sts\/\/450d86718b4b3697ccf2f66f3c051f56_1-1-thumb.webp","width":150,"height":150},{"@type":"BreadcrumbList","@id":"https:\/\/www.sts-education.com\/se\/high-school\/vara-utbytesstudenter\/studentberattelser\/muki-valde-att-studera-i-spanien\/#breadcrumb","itemListElement":[{"@type":"ListItem","position":1,"name":"Home","item":"https:\/\/www.sts-education.com\/se\/"},{"@type":"ListItem","position":2,"name":"Muki valde att studera i Spanien"}]},{"@type":"WebSite","@id":"https:\/\/www.sts-education.com\/se\/#website","url":"https:\/\/www.sts-education.com\/se\/","name":"STS Education","description":"","potentialAction":[{"@type":"SearchAction","target":{"@type":"EntryPoint","urlTemplate":"https:\/\/www.sts-education.com\/se\/?s={search_term_string}"},"query-input":{"@type":"PropertyValueSpecification","valueRequired":true,"valueName":"search_term_string"}}],"inLanguage":"sv-SE"},{"@type":"Person","@id":"https:\/\/www.sts-education.com\/se\/#\/schema\/person\/8b82f3a2e45f020b8f296d7a85d9a97c","name":"syncreadwrite","image":{"@type":"ImageObject","inLanguage":"sv-SE","@id":"https:\/\/secure.gravatar.com\/avatar\/6ed1007e4f6f43f22e3df41d9fce4365533cba47fef64bb359b8e629abbc2ea6?s=96&d=mm&r=g","url":"https:\/\/secure.gravatar.com\/avatar\/6ed1007e4f6f43f22e3df41d9fce4365533cba47fef64bb359b8e629abbc2ea6?s=96&d=mm&r=g","contentUrl":"https:\/\/secure.gravatar.com\/avatar\/6ed1007e4f6f43f22e3df41d9fce4365533cba47fef64bb359b8e629abbc2ea6?s=96&d=mm&r=g","caption":"syncreadwrite"},"url":"https:\/\/www.sts-education.com\/se\/author\/syncreadwrite\/"}]}},"_links":{"self":[{"href":"https:\/\/www.sts-education.com\/se\/wp-json\/wp\/v2\/posts\/11200","targetHints":{"allow":["GET"]}}],"collection":[{"href":"https:\/\/www.sts-education.com\/se\/wp-json\/wp\/v2\/posts"}],"about":[{"href":"https:\/\/www.sts-education.com\/se\/wp-json\/wp\/v2\/types\/post"}],"author":[{"embeddable":true,"href":"https:\/\/www.sts-education.com\/se\/wp-json\/wp\/v2\/users\/20"}],"replies":[{"embeddable":true,"href":"https:\/\/www.sts-education.com\/se\/wp-json\/wp\/v2\/comments?post=11200"}],"version-history":[{"count":8,"href":"https:\/\/www.sts-education.com\/se\/wp-json\/wp\/v2\/posts\/11200\/revisions"}],"predecessor-version":[{"id":43367,"href":"https:\/\/www.sts-education.com\/se\/wp-json\/wp\/v2\/posts\/11200\/revisions\/43367"}],"wp:featuredmedia":[{"embeddable":true,"href":"https:\/\/www.sts-education.com\/se\/wp-json\/wp\/v2\/media\/14550"}],"wp:attachment":[{"href":"https:\/\/www.sts-education.com\/se\/wp-json\/wp\/v2\/media?parent=11200"}],"wp:term":[{"taxonomy":"category","embeddable":true,"href":"https:\/\/www.sts-education.com\/se\/wp-json\/wp\/v2\/categories?post=11200"},{"taxonomy":"post_tag","embeddable":true,"href":"https:\/\/www.sts-education.com\/se\/wp-json\/wp\/v2\/tags?post=11200"},{"taxonomy":"wpw_post_folders","embeddable":true,"href":"https:\/\/www.sts-education.com\/se\/wp-json\/wp\/v2\/wpw_post_folders?post=11200"}],"curies":[{"name":"wp","href":"https:\/\/api.w.org\/{rel}","templated":true}]}}