{"id":11201,"date":"2024-10-24T13:00:00","date_gmt":"2024-10-24T11:00:00","guid":{"rendered":"https:\/\/preprod.sts-education.com\/blog\/2026\/03\/05\/emma-studied-abroad-in-spain\/"},"modified":"2026-04-29T09:50:17","modified_gmt":"2026-04-29T07:50:17","slug":"emma-studied-abroad-in-spain","status":"publish","type":"post","link":"https:\/\/www.sts-education.com\/se\/high-school\/vara-utbytesstudenter\/studentberattelser\/emma-studied-abroad-in-spain\/","title":{"rendered":"Emma pluggade utomlands i Spanien"},"content":{"rendered":"\n<div class=\"wp-block-sts-text sts-text-editor has-max-width-md\"><div class=\"sts-text-editor__content\"><div class=\"sts-text-editor__content-inner\">\n<h1 style=\"text-align:center\">Emma pluggade utomlands i Spanien<\/h1>\n<\/div><\/div><\/div>\n\n\n\n<figure class=\"wp-block-sts-image sts-block-image sts-block-image--count-1 has-max-width-lg\" data-count=\"1\"><div class=\"sts-block-image__grid\"><div class=\"sts-block-image__item\"><picture class=\"sts-responsive-image has-fit-cover has-pos-top is-skeleton\"><source media=\"(max-width: 834.98px)\" srcset=\"https:\/\/powered-by.qbank.se\/educatius\/sts\/696335a2cf406496356646f34ddd1b25_1-1-thumb.webp 150w, https:\/\/powered-by.qbank.se\/educatius\/sts\/696335a2cf406496356646f34ddd1b25_1-1-xsmall.webp 500w, https:\/\/powered-by.qbank.se\/educatius\/sts\/696335a2cf406496356646f34ddd1b25_1-1-small.webp 800w, https:\/\/powered-by.qbank.se\/educatius\/sts\/696335a2cf406496356646f34ddd1b25_1-1-medium.webp 1024w, https:\/\/powered-by.qbank.se\/educatius\/sts\/696335a2cf406496356646f34ddd1b25_1-1-large.webp 1536w\" sizes=\"(max-width: 768px) 100vw, (max-width: 1200px) 100vw, 1200px\" type=\"image\/webp\"\/><source media=\"(min-width: 835px)\" srcset=\"https:\/\/powered-by.qbank.se\/educatius\/sts\/696335a2cf406496356646f34ddd1b25_16-9-small.webp 800w, https:\/\/powered-by.qbank.se\/educatius\/sts\/696335a2cf406496356646f34ddd1b25_16-9-medium.webp 1024w, https:\/\/powered-by.qbank.se\/educatius\/sts\/696335a2cf406496356646f34ddd1b25_16-9-large.webp 1536w\" sizes=\"(max-width: 768px) 100vw, (max-width: 1200px) 100vw, 1200px\" type=\"image\/webp\"\/><img src=\"https:\/\/powered-by.qbank.se\/educatius\/sts\/696335a2cf406496356646f34ddd1b25_1-1-thumb.webp\" alt=\"Emma pluggade utomlands i Spanien\" loading=\"lazy\" decoding=\"async\" fetchpriority=\"low\" style=\"object-position:top\"\/><\/picture><\/div><\/div><\/figure>\n\n\n\n<div class=\"wp-block-sts-text sts-text-editor has-max-width-md\"><div class=\"sts-text-editor__content\"><div class=\"sts-text-editor__content-inner\">\n<p><em>Jag \u00e4lskar att resa och nya upplevelser, s\u00e5 jag best\u00e4mde mig f\u00f6r att \u00e5ka p\u00e5 ett utbytes\u00e5r i Spanien, vilket har gett mig en fantastisk m\u00f6jlighet att b\u00e5de l\u00e4ra mig och f\u00f6rb\u00e4ttra min spanska.<\/em><\/p>\n<\/div><\/div><\/div>\n\n\n\n<div class=\"wp-block-sts-text sts-text-editor has-max-width-md\"><div class=\"sts-text-editor__content\"><div class=\"sts-text-editor__content-inner\">\n<h2>V\u00e4nner och familj<\/h2>\n<p>Naturligtvis var det en utmaning i b\u00f6rjan, eftersom min spanska var mycket begr\u00e4nsad. Men m\u00e4nniskorna runt omkring mig har varit ett otroligt st\u00f6d. Jag hade turen att bli placerad hos en underbar familj och att f\u00e5 g\u00e5 i samma skola som tre andra utbytesstudenter, som snabbt blev mina v\u00e4nner. Jag har ocks\u00e5 f\u00e5tt n\u00e5gra v\u00e4nner i min klass som hj\u00e4lper mig att \u00f6vers\u00e4tta och f\u00f6rst\u00e5 olika \u00e4mnen. Jag \u00e4r verkligen tacksam f\u00f6r varje ny person jag tr\u00e4ffar och tillbringar tid med. Jag vet redan att jag har f\u00e5tt v\u00e4nner f\u00f6r livet fr\u00e5n m\u00e5nga olika l\u00e4nder, vilket ocks\u00e5 har gjort det m\u00f6jligt f\u00f6r mig att l\u00e4ra mig och prova p\u00e5 s\u00e5 m\u00e5nga nya saker.<\/p>\n<h2>Skolan<\/h2>\n<p>Skolan var tuff i b\u00f6rjan, eftersom jag knappt kunde f\u00f6lja med i vad l\u00e4rarna sa. \u00c4n idag finns det \u00e4mnen som jag fortfarande har sv\u00e5rt att f\u00f6rst\u00e5. Men de flesta l\u00e4rarna \u00e4r t\u00e5lmodiga och mina klasskamrater \u00e4r v\u00e4nliga och hj\u00e4lpsamma. Jag har f\u00e4rre \u00e4mnen och mycket f\u00e4rre skoltimmar \u00e4n jag \u00e4r van vid i \u00d6sterrike, vilket jag tycker \u00e4r bra eftersom det ger mig tid att studera p\u00e5 eftermiddagarna eller umg\u00e5s med familj och v\u00e4nner. Min skola \u00e4r ganska stor men ligger bara fem minuters promenad fr\u00e5n mitt hus, vilket jag verkligen uppskattar.<\/p>\n<h2>Madrid \u00e4r en vacker plats<\/h2>\n<p>Jag \u00e4lskar ocks\u00e5 att utforska staden tillsammans med v\u00e4nner eller familj. Det finns s\u00e5 mycket att l\u00e4ra sig, prova p\u00e5 och se, och Madrid slutar aldrig att imponera p\u00e5 mig. Det \u00e4r verkligen en vacker plats och jag kunde inte vara n\u00f6jdare med min placering.<\/p>\n<h2>Mina r\u00e5d till dig<\/h2>\n<p>T\u00e4nk inte f\u00f6r mycket p\u00e5 saker och ting och j\u00e4mf\u00f6r dig inte med andra. Fokusera p\u00e5 dig sj\u00e4lv, det kommer att vara v\u00e4rt det. Var alltid \u00f6ppen f\u00f6r att prova nya saker. Varenda dag h\u00e4r har gett mig otroliga minnen som kommer att vara livet ut, och jag tror verkligen att det har hj\u00e4lpt mig att bli en b\u00e4ttre version av mig sj\u00e4lv p\u00e5 s\u00e5 m\u00e5nga s\u00e4tt. Jag \u00e4r v\u00e4ldigt f\u00f6rv\u00e4ntansfull inf\u00f6r de kommande m\u00e5naderna och alla nya upplevelser som v\u00e4ntar mig.<\/p>\n<h2>Vill du veta mer?<\/h2>\n<ul>\n<li>L\u00e4s fler <a href=\"https:\/\/www.sts-education.com\/se\/high-school\/vara-utbytesstudenter\/studentberattelser\/?hashtag=Spanien\">studentber\u00e4ttelser fr\u00e5n Spanien<\/a><\/li>\n<li>L\u00e4s mer om ett <a href=\"https:\/\/www.sts-education.com\/se\/high-school\/destinationer\/europa\/spanien\/\">high school-utbyte i Spanien<\/a><\/li>\n<li>Se alla v\u00e5ra <a href=\"\/se\/high-school\/tripfinder\/\">utbytesdestinationer f\u00f6r high school<\/a><\/li>\n<\/ul>\n<\/div><\/div><\/div>\n","protected":false},"excerpt":{"rendered":"","protected":false},"author":20,"featured_media":14552,"comment_status":"open","ping_status":"open","sticky":false,"template":"","format":"standard","meta":{"_acf_changed":false,"_yoast_wpseo_title":"Emma pluggade utomlands i Spanien","_yoast_wpseo_metadesc":"Varenda dag h\u00e4r har gett mig otroliga minnen som kommer att vara livet ut, och jag tror verkligen att det har hj\u00e4lpt mig att bli en b\u00e4ttre version av mig sj\u00e4lv p\u00e5 m\u00e5nga s\u00e4tt.","footnotes":""},"categories":[326],"tags":[1046],"wpw_post_folders":[],"class_list":["post-11201","post","type-post","status-publish","format-standard","has-post-thumbnail","hentry","category-okategoriserad","tag-spanien"],"acf":[],"yoast_head":"<!-- This site is optimized with the Yoast SEO Premium plugin v27.2 (Yoast SEO v27.2) - https:\/\/yoast.com\/product\/yoast-seo-premium-wordpress\/ -->\n<title>Emma pluggade utomlands i Spanien<\/title>\n<meta name=\"description\" content=\"Varenda dag h\u00e4r har gett mig otroliga minnen som kommer att vara livet ut, och jag tror verkligen att det har hj\u00e4lpt mig att bli en b\u00e4ttre version av mig sj\u00e4lv p\u00e5 m\u00e5nga s\u00e4tt.\" \/>\n<meta name=\"robots\" content=\"index, follow, max-snippet:-1, max-image-preview:large, max-video-preview:-1\" \/>\n<link rel=\"canonical\" href=\"https:\/\/www.sts-education.com\/se\/high-school\/vara-utbytesstudenter\/studentberattelser\/emma-studied-abroad-in-spain\/\" \/>\n<meta property=\"og:locale\" content=\"sv_SE\" \/>\n<meta property=\"og:type\" content=\"article\" \/>\n<meta property=\"og:title\" content=\"Emma pluggade utomlands i Spanien\" \/>\n<meta property=\"og:description\" content=\"Varenda dag h\u00e4r har gett mig otroliga minnen som kommer att vara livet ut, och jag tror verkligen att det har hj\u00e4lpt mig att bli en b\u00e4ttre version av mig sj\u00e4lv p\u00e5 m\u00e5nga s\u00e4tt.\" \/>\n<meta property=\"og:url\" content=\"https:\/\/www.sts-education.com\/se\/high-school\/vara-utbytesstudenter\/studentberattelser\/emma-studied-abroad-in-spain\/\" \/>\n<meta property=\"og:site_name\" content=\"STS Education\" \/>\n<meta property=\"article:published_time\" content=\"2024-10-24T11:00:00+00:00\" \/>\n<meta property=\"article:modified_time\" content=\"2026-04-29T07:50:17+00:00\" \/>\n<meta property=\"og:image\" content=\"https:\/\/powered-by.qbank.se\/educatius\/sts\/\/696335a2cf406496356646f34ddd1b25_1-1-thumb.webp\" \/>\n\t<meta property=\"og:image:width\" content=\"150\" \/>\n\t<meta property=\"og:image:height\" content=\"150\" \/>\n\t<meta property=\"og:image:type\" content=\"image\/png\" \/>\n<meta name=\"author\" content=\"syncreadwrite\" \/>\n<meta name=\"twitter:card\" content=\"summary_large_image\" \/>\n<meta name=\"twitter:label1\" content=\"Skriven av\" \/>\n\t<meta name=\"twitter:data1\" content=\"syncreadwrite\" \/>\n\t<meta name=\"twitter:label2\" content=\"Ber\u00e4knad l\u00e4stid\" \/>\n\t<meta name=\"twitter:data2\" content=\"3 minuter\" \/>\n<script type=\"application\/ld+json\" class=\"yoast-schema-graph\">{\"@context\":\"https:\/\/schema.org\",\"@graph\":[{\"@type\":\"Article\",\"@id\":\"https:\/\/www.sts-education.com\/se\/high-school\/vara-utbytesstudenter\/studentberattelser\/emma-studied-abroad-in-spain\/#article\",\"isPartOf\":{\"@id\":\"https:\/\/www.sts-education.com\/se\/high-school\/vara-utbytesstudenter\/studentberattelser\/emma-studied-abroad-in-spain\/\"},\"author\":{\"name\":\"syncreadwrite\",\"@id\":\"https:\/\/www.sts-education.com\/se\/#\/schema\/person\/8b82f3a2e45f020b8f296d7a85d9a97c\"},\"headline\":\"Emma pluggade utomlands i Spanien\",\"datePublished\":\"2024-10-24T11:00:00+00:00\",\"dateModified\":\"2026-04-29T07:50:17+00:00\",\"mainEntityOfPage\":{\"@id\":\"https:\/\/www.sts-education.com\/se\/high-school\/vara-utbytesstudenter\/studentberattelser\/emma-studied-abroad-in-spain\/\"},\"wordCount\":489,\"commentCount\":0,\"image\":{\"@id\":\"https:\/\/www.sts-education.com\/se\/high-school\/vara-utbytesstudenter\/studentberattelser\/emma-studied-abroad-in-spain\/#primaryimage\"},\"thumbnailUrl\":\"https:\/\/powered-by.qbank.se\/educatius\/sts\/\/696335a2cf406496356646f34ddd1b25_1-1-thumb.webp\",\"keywords\":[\"Spanien\"],\"articleSection\":[\"Okategoriserad\"],\"inLanguage\":\"sv-SE\",\"potentialAction\":[{\"@type\":\"CommentAction\",\"name\":\"Comment\",\"target\":[\"https:\/\/www.sts-education.com\/se\/high-school\/vara-utbytesstudenter\/studentberattelser\/emma-studied-abroad-in-spain\/#respond\"]}]},{\"@type\":\"WebPage\",\"@id\":\"https:\/\/www.sts-education.com\/se\/high-school\/vara-utbytesstudenter\/studentberattelser\/emma-studied-abroad-in-spain\/\",\"url\":\"https:\/\/www.sts-education.com\/se\/high-school\/vara-utbytesstudenter\/studentberattelser\/emma-studied-abroad-in-spain\/\",\"name\":\"Emma pluggade utomlands i Spanien\",\"isPartOf\":{\"@id\":\"https:\/\/www.sts-education.com\/se\/#website\"},\"primaryImageOfPage\":{\"@id\":\"https:\/\/www.sts-education.com\/se\/high-school\/vara-utbytesstudenter\/studentberattelser\/emma-studied-abroad-in-spain\/#primaryimage\"},\"image\":{\"@id\":\"https:\/\/www.sts-education.com\/se\/high-school\/vara-utbytesstudenter\/studentberattelser\/emma-studied-abroad-in-spain\/#primaryimage\"},\"thumbnailUrl\":\"https:\/\/powered-by.qbank.se\/educatius\/sts\/\/696335a2cf406496356646f34ddd1b25_1-1-thumb.webp\",\"datePublished\":\"2024-10-24T11:00:00+00:00\",\"dateModified\":\"2026-04-29T07:50:17+00:00\",\"author\":{\"@id\":\"https:\/\/www.sts-education.com\/se\/#\/schema\/person\/8b82f3a2e45f020b8f296d7a85d9a97c\"},\"description\":\"Varenda dag h\u00e4r har gett mig otroliga minnen som kommer att vara livet ut, och jag tror verkligen att det har hj\u00e4lpt mig att bli en b\u00e4ttre version av mig sj\u00e4lv p\u00e5 m\u00e5nga s\u00e4tt.\",\"breadcrumb\":{\"@id\":\"https:\/\/www.sts-education.com\/se\/high-school\/vara-utbytesstudenter\/studentberattelser\/emma-studied-abroad-in-spain\/#breadcrumb\"},\"inLanguage\":\"sv-SE\",\"potentialAction\":[{\"@type\":\"ReadAction\",\"target\":[\"https:\/\/www.sts-education.com\/se\/high-school\/vara-utbytesstudenter\/studentberattelser\/emma-studied-abroad-in-spain\/\"]}]},{\"@type\":\"ImageObject\",\"inLanguage\":\"sv-SE\",\"@id\":\"https:\/\/www.sts-education.com\/se\/high-school\/vara-utbytesstudenter\/studentberattelser\/emma-studied-abroad-in-spain\/#primaryimage\",\"url\":\"https:\/\/powered-by.qbank.se\/educatius\/sts\/\/696335a2cf406496356646f34ddd1b25_1-1-thumb.webp\",\"contentUrl\":\"https:\/\/powered-by.qbank.se\/educatius\/sts\/\/696335a2cf406496356646f34ddd1b25_1-1-thumb.webp\",\"width\":150,\"height\":150},{\"@type\":\"BreadcrumbList\",\"@id\":\"https:\/\/www.sts-education.com\/se\/high-school\/vara-utbytesstudenter\/studentberattelser\/emma-studied-abroad-in-spain\/#breadcrumb\",\"itemListElement\":[{\"@type\":\"ListItem\",\"position\":1,\"name\":\"Home\",\"item\":\"https:\/\/www.sts-education.com\/se\/\"},{\"@type\":\"ListItem\",\"position\":2,\"name\":\"Emma pluggade utomlands i Spanien\"}]},{\"@type\":\"WebSite\",\"@id\":\"https:\/\/www.sts-education.com\/se\/#website\",\"url\":\"https:\/\/www.sts-education.com\/se\/\",\"name\":\"STS Education\",\"description\":\"\",\"potentialAction\":[{\"@type\":\"SearchAction\",\"target\":{\"@type\":\"EntryPoint\",\"urlTemplate\":\"https:\/\/www.sts-education.com\/se\/?s={search_term_string}\"},\"query-input\":{\"@type\":\"PropertyValueSpecification\",\"valueRequired\":true,\"valueName\":\"search_term_string\"}}],\"inLanguage\":\"sv-SE\"},{\"@type\":\"Person\",\"@id\":\"https:\/\/www.sts-education.com\/se\/#\/schema\/person\/8b82f3a2e45f020b8f296d7a85d9a97c\",\"name\":\"syncreadwrite\",\"image\":{\"@type\":\"ImageObject\",\"inLanguage\":\"sv-SE\",\"@id\":\"https:\/\/secure.gravatar.com\/avatar\/6ed1007e4f6f43f22e3df41d9fce4365533cba47fef64bb359b8e629abbc2ea6?s=96&d=mm&r=g\",\"url\":\"https:\/\/secure.gravatar.com\/avatar\/6ed1007e4f6f43f22e3df41d9fce4365533cba47fef64bb359b8e629abbc2ea6?s=96&d=mm&r=g\",\"contentUrl\":\"https:\/\/secure.gravatar.com\/avatar\/6ed1007e4f6f43f22e3df41d9fce4365533cba47fef64bb359b8e629abbc2ea6?s=96&d=mm&r=g\",\"caption\":\"syncreadwrite\"},\"url\":\"https:\/\/www.sts-education.com\/se\/author\/syncreadwrite\/\"}]}<\/script>\n<!-- \/ Yoast SEO Premium plugin. -->","yoast_head_json":{"title":"Emma pluggade utomlands i Spanien","description":"Varenda dag h\u00e4r har gett mig otroliga minnen som kommer att vara livet ut, och jag tror verkligen att det har hj\u00e4lpt mig att bli en b\u00e4ttre version av mig sj\u00e4lv p\u00e5 m\u00e5nga s\u00e4tt.","robots":{"index":"index","follow":"follow","max-snippet":"max-snippet:-1","max-image-preview":"max-image-preview:large","max-video-preview":"max-video-preview:-1"},"canonical":"https:\/\/www.sts-education.com\/se\/high-school\/vara-utbytesstudenter\/studentberattelser\/emma-studied-abroad-in-spain\/","og_locale":"sv_SE","og_type":"article","og_title":"Emma pluggade utomlands i Spanien","og_description":"Varenda dag h\u00e4r har gett mig otroliga minnen som kommer att vara livet ut, och jag tror verkligen att det har hj\u00e4lpt mig att bli en b\u00e4ttre version av mig sj\u00e4lv p\u00e5 m\u00e5nga s\u00e4tt.","og_url":"https:\/\/www.sts-education.com\/se\/high-school\/vara-utbytesstudenter\/studentberattelser\/emma-studied-abroad-in-spain\/","og_site_name":"STS Education","article_published_time":"2024-10-24T11:00:00+00:00","article_modified_time":"2026-04-29T07:50:17+00:00","og_image":[{"width":150,"height":150,"url":"https:\/\/powered-by.qbank.se\/educatius\/sts\/\/696335a2cf406496356646f34ddd1b25_1-1-thumb.webp","type":"image\/png"}],"author":"syncreadwrite","twitter_card":"summary_large_image","twitter_misc":{"Skriven av":"syncreadwrite","Ber\u00e4knad l\u00e4stid":"3 minuter"},"schema":{"@context":"https:\/\/schema.org","@graph":[{"@type":"Article","@id":"https:\/\/www.sts-education.com\/se\/high-school\/vara-utbytesstudenter\/studentberattelser\/emma-studied-abroad-in-spain\/#article","isPartOf":{"@id":"https:\/\/www.sts-education.com\/se\/high-school\/vara-utbytesstudenter\/studentberattelser\/emma-studied-abroad-in-spain\/"},"author":{"name":"syncreadwrite","@id":"https:\/\/www.sts-education.com\/se\/#\/schema\/person\/8b82f3a2e45f020b8f296d7a85d9a97c"},"headline":"Emma pluggade utomlands i Spanien","datePublished":"2024-10-24T11:00:00+00:00","dateModified":"2026-04-29T07:50:17+00:00","mainEntityOfPage":{"@id":"https:\/\/www.sts-education.com\/se\/high-school\/vara-utbytesstudenter\/studentberattelser\/emma-studied-abroad-in-spain\/"},"wordCount":489,"commentCount":0,"image":{"@id":"https:\/\/www.sts-education.com\/se\/high-school\/vara-utbytesstudenter\/studentberattelser\/emma-studied-abroad-in-spain\/#primaryimage"},"thumbnailUrl":"https:\/\/powered-by.qbank.se\/educatius\/sts\/\/696335a2cf406496356646f34ddd1b25_1-1-thumb.webp","keywords":["Spanien"],"articleSection":["Okategoriserad"],"inLanguage":"sv-SE","potentialAction":[{"@type":"CommentAction","name":"Comment","target":["https:\/\/www.sts-education.com\/se\/high-school\/vara-utbytesstudenter\/studentberattelser\/emma-studied-abroad-in-spain\/#respond"]}]},{"@type":"WebPage","@id":"https:\/\/www.sts-education.com\/se\/high-school\/vara-utbytesstudenter\/studentberattelser\/emma-studied-abroad-in-spain\/","url":"https:\/\/www.sts-education.com\/se\/high-school\/vara-utbytesstudenter\/studentberattelser\/emma-studied-abroad-in-spain\/","name":"Emma pluggade utomlands i Spanien","isPartOf":{"@id":"https:\/\/www.sts-education.com\/se\/#website"},"primaryImageOfPage":{"@id":"https:\/\/www.sts-education.com\/se\/high-school\/vara-utbytesstudenter\/studentberattelser\/emma-studied-abroad-in-spain\/#primaryimage"},"image":{"@id":"https:\/\/www.sts-education.com\/se\/high-school\/vara-utbytesstudenter\/studentberattelser\/emma-studied-abroad-in-spain\/#primaryimage"},"thumbnailUrl":"https:\/\/powered-by.qbank.se\/educatius\/sts\/\/696335a2cf406496356646f34ddd1b25_1-1-thumb.webp","datePublished":"2024-10-24T11:00:00+00:00","dateModified":"2026-04-29T07:50:17+00:00","author":{"@id":"https:\/\/www.sts-education.com\/se\/#\/schema\/person\/8b82f3a2e45f020b8f296d7a85d9a97c"},"description":"Varenda dag h\u00e4r har gett mig otroliga minnen som kommer att vara livet ut, och jag tror verkligen att det har hj\u00e4lpt mig att bli en b\u00e4ttre version av mig sj\u00e4lv p\u00e5 m\u00e5nga s\u00e4tt.","breadcrumb":{"@id":"https:\/\/www.sts-education.com\/se\/high-school\/vara-utbytesstudenter\/studentberattelser\/emma-studied-abroad-in-spain\/#breadcrumb"},"inLanguage":"sv-SE","potentialAction":[{"@type":"ReadAction","target":["https:\/\/www.sts-education.com\/se\/high-school\/vara-utbytesstudenter\/studentberattelser\/emma-studied-abroad-in-spain\/"]}]},{"@type":"ImageObject","inLanguage":"sv-SE","@id":"https:\/\/www.sts-education.com\/se\/high-school\/vara-utbytesstudenter\/studentberattelser\/emma-studied-abroad-in-spain\/#primaryimage","url":"https:\/\/powered-by.qbank.se\/educatius\/sts\/\/696335a2cf406496356646f34ddd1b25_1-1-thumb.webp","contentUrl":"https:\/\/powered-by.qbank.se\/educatius\/sts\/\/696335a2cf406496356646f34ddd1b25_1-1-thumb.webp","width":150,"height":150},{"@type":"BreadcrumbList","@id":"https:\/\/www.sts-education.com\/se\/high-school\/vara-utbytesstudenter\/studentberattelser\/emma-studied-abroad-in-spain\/#breadcrumb","itemListElement":[{"@type":"ListItem","position":1,"name":"Home","item":"https:\/\/www.sts-education.com\/se\/"},{"@type":"ListItem","position":2,"name":"Emma pluggade utomlands i Spanien"}]},{"@type":"WebSite","@id":"https:\/\/www.sts-education.com\/se\/#website","url":"https:\/\/www.sts-education.com\/se\/","name":"STS Education","description":"","potentialAction":[{"@type":"SearchAction","target":{"@type":"EntryPoint","urlTemplate":"https:\/\/www.sts-education.com\/se\/?s={search_term_string}"},"query-input":{"@type":"PropertyValueSpecification","valueRequired":true,"valueName":"search_term_string"}}],"inLanguage":"sv-SE"},{"@type":"Person","@id":"https:\/\/www.sts-education.com\/se\/#\/schema\/person\/8b82f3a2e45f020b8f296d7a85d9a97c","name":"syncreadwrite","image":{"@type":"ImageObject","inLanguage":"sv-SE","@id":"https:\/\/secure.gravatar.com\/avatar\/6ed1007e4f6f43f22e3df41d9fce4365533cba47fef64bb359b8e629abbc2ea6?s=96&d=mm&r=g","url":"https:\/\/secure.gravatar.com\/avatar\/6ed1007e4f6f43f22e3df41d9fce4365533cba47fef64bb359b8e629abbc2ea6?s=96&d=mm&r=g","contentUrl":"https:\/\/secure.gravatar.com\/avatar\/6ed1007e4f6f43f22e3df41d9fce4365533cba47fef64bb359b8e629abbc2ea6?s=96&d=mm&r=g","caption":"syncreadwrite"},"url":"https:\/\/www.sts-education.com\/se\/author\/syncreadwrite\/"}]}},"_links":{"self":[{"href":"https:\/\/www.sts-education.com\/se\/wp-json\/wp\/v2\/posts\/11201","targetHints":{"allow":["GET"]}}],"collection":[{"href":"https:\/\/www.sts-education.com\/se\/wp-json\/wp\/v2\/posts"}],"about":[{"href":"https:\/\/www.sts-education.com\/se\/wp-json\/wp\/v2\/types\/post"}],"author":[{"embeddable":true,"href":"https:\/\/www.sts-education.com\/se\/wp-json\/wp\/v2\/users\/20"}],"replies":[{"embeddable":true,"href":"https:\/\/www.sts-education.com\/se\/wp-json\/wp\/v2\/comments?post=11201"}],"version-history":[{"count":8,"href":"https:\/\/www.sts-education.com\/se\/wp-json\/wp\/v2\/posts\/11201\/revisions"}],"predecessor-version":[{"id":43379,"href":"https:\/\/www.sts-education.com\/se\/wp-json\/wp\/v2\/posts\/11201\/revisions\/43379"}],"wp:featuredmedia":[{"embeddable":true,"href":"https:\/\/www.sts-education.com\/se\/wp-json\/wp\/v2\/media\/14552"}],"wp:attachment":[{"href":"https:\/\/www.sts-education.com\/se\/wp-json\/wp\/v2\/media?parent=11201"}],"wp:term":[{"taxonomy":"category","embeddable":true,"href":"https:\/\/www.sts-education.com\/se\/wp-json\/wp\/v2\/categories?post=11201"},{"taxonomy":"post_tag","embeddable":true,"href":"https:\/\/www.sts-education.com\/se\/wp-json\/wp\/v2\/tags?post=11201"},{"taxonomy":"wpw_post_folders","embeddable":true,"href":"https:\/\/www.sts-education.com\/se\/wp-json\/wp\/v2\/wpw_post_folders?post=11201"}],"curies":[{"name":"wp","href":"https:\/\/api.w.org\/{rel}","templated":true}]}}