{"id":11204,"date":"2024-10-08T14:00:00","date_gmt":"2024-10-08T12:00:00","guid":{"rendered":"https:\/\/preprod.sts-education.com\/blog\/2026\/03\/05\/paula-valde-att-studera-i-italien\/"},"modified":"2026-04-29T09:51:41","modified_gmt":"2026-04-29T07:51:41","slug":"paula-valde-att-studera-i-italien","status":"publish","type":"post","link":"https:\/\/www.sts-education.com\/se\/high-school\/vara-utbytesstudenter\/studentberattelser\/paula-valde-att-studera-i-italien\/","title":{"rendered":"Paula valde att studera i Italien"},"content":{"rendered":"\n<div class=\"wp-block-sts-text sts-text-editor has-max-width-md\"><div class=\"sts-text-editor__content\"><div class=\"sts-text-editor__content-inner\">\n<h1 style=\"text-align:center\">Paula valde att studera i Italien<\/h1>\n<\/div><\/div><\/div>\n\n\n\n<figure class=\"wp-block-sts-image sts-block-image sts-block-image--count-1 has-max-width-lg\" data-count=\"1\"><div class=\"sts-block-image__grid\"><div class=\"sts-block-image__item\"><picture class=\"sts-responsive-image has-fit-cover has-pos-top is-skeleton\"><source media=\"(max-width: 834.98px)\" srcset=\"https:\/\/powered-by.qbank.se\/educatius\/sts\/b59afec3c8a23ac3fe9ad100261fa291_1-1-thumb.webp 150w, https:\/\/powered-by.qbank.se\/educatius\/sts\/b59afec3c8a23ac3fe9ad100261fa291_1-1-xsmall.webp 500w, https:\/\/powered-by.qbank.se\/educatius\/sts\/b59afec3c8a23ac3fe9ad100261fa291_1-1-small.webp 800w, https:\/\/powered-by.qbank.se\/educatius\/sts\/b59afec3c8a23ac3fe9ad100261fa291_1-1-medium.webp 1024w, https:\/\/powered-by.qbank.se\/educatius\/sts\/b59afec3c8a23ac3fe9ad100261fa291_1-1-large.webp 1536w\" sizes=\"(max-width: 768px) 100vw, (max-width: 1200px) 100vw, 1200px\" type=\"image\/webp\"\/><source media=\"(min-width: 835px)\" srcset=\"https:\/\/powered-by.qbank.se\/educatius\/sts\/b59afec3c8a23ac3fe9ad100261fa291_16-9-small.webp 800w, https:\/\/powered-by.qbank.se\/educatius\/sts\/b59afec3c8a23ac3fe9ad100261fa291_16-9-medium.webp 1024w, https:\/\/powered-by.qbank.se\/educatius\/sts\/b59afec3c8a23ac3fe9ad100261fa291_16-9-large.webp 1536w\" sizes=\"(max-width: 768px) 100vw, (max-width: 1200px) 100vw, 1200px\" type=\"image\/webp\"\/><img src=\"https:\/\/powered-by.qbank.se\/educatius\/sts\/b59afec3c8a23ac3fe9ad100261fa291_1-1-thumb.webp\" alt=\"Paula valde att studera i Italien\" loading=\"lazy\" decoding=\"async\" fetchpriority=\"low\" style=\"object-position:top\"\/><\/picture><\/div><\/div><\/figure>\n\n\n\n<div class=\"wp-block-sts-text sts-text-editor has-max-width-md\"><div class=\"sts-text-editor__content\"><div class=\"sts-text-editor__content-inner\">\n<p><em>Paula Binder fr\u00e5n \u00d6sterrike \u00e5kte p\u00e5 high school-utbyte till Italien f\u00f6r 5 \u00e5r sedan.<\/em><\/p>\n<\/div><\/div><\/div>\n\n\n\n<div class=\"wp-block-sts-text sts-text-editor has-max-width-md\"><div class=\"sts-text-editor__content\"><div class=\"sts-text-editor__content-inner\">\n<p>F\u00f6r fem \u00e5r sedan best\u00e4mde jag mig f\u00f6r att \u00e5ka p\u00e5 ett high school-utbyte i Trento i Italien under en termin. Det var ett stort beslut f\u00f6r mig, eftersom jag vanligtvis fick heml\u00e4ngtan efter bara n\u00e5gra dagar hemifr\u00e5n. En hel termin k\u00e4ndes som en evighet.<\/p>\n<p>Men..: Det var det absolut b\u00e4sta beslut jag kunde ha fattat! Jag hade den b\u00e4sta tiden i mitt liv, i ett land som jag redan \u00e4lskade s\u00e5 mycket. Att studera v\u00e4rldens vackraste spr\u00e5k och tr\u00e4ffa s\u00e5 m\u00e5nga fantastiska m\u00e4nniskor, samtidigt som jag fick uppleva k\u00e4nslan av det italienska livet, var verkligen fantastiskt. Trento kommer alltid att ha en speciell plats i mitt hj\u00e4rta som mitt hem l\u00e5ngt hemifr\u00e5n.<\/p>\n<p>Att l\u00e4ra sig ett nytt spr\u00e5k \u00e4r en av de mest utvecklande saker man kan g\u00f6ra. Visst kan det vara v\u00e4ldigt tufft i b\u00f6rjan. Men du kommer snart att inse hur mycket du har f\u00f6rb\u00e4ttrat dig sedan du kom hit.<\/p>\n<p>F\u00f6rutom att jag f\u00f6rb\u00e4ttrade min italienska blev jag ocks\u00e5 mer sj\u00e4lvs\u00e4ker och sj\u00e4lvst\u00e4ndig tack vare min erfarenhet utomlands.<\/p>\n<p>Att v\u00e4lja STS var det b\u00e4sta beslutet. Tack ska ni ha, STS!<\/p>\n<h2>Vill du veta mer?<\/h2>\n<ul>\n<li>L\u00e4s fler <a href=\"https:\/\/www.sts-education.com\/se\/high-school\/vara-utbytesstudenter\/studentberattelser\/?hashtag=Italien\">studentber\u00e4ttelser fr\u00e5n Italien<\/a><\/li>\n<li>L\u00e4s mer om ett <a href=\"https:\/\/www.sts-education.com\/se\/high-school\/destinationer\/europa\/italien\/\">high school-utbyte i Italien<\/a><\/li>\n<li>Se alla v\u00e5ra <a href=\"\/se\/high-school\/tripfinder\/\">utbytesdestinationer f\u00f6r high school<\/a><\/li>\n<\/ul>\n<\/div><\/div><\/div>\n","protected":false},"excerpt":{"rendered":"","protected":false},"author":20,"featured_media":14558,"comment_status":"open","ping_status":"open","sticky":false,"template":"","format":"standard","meta":{"_acf_changed":false,"_yoast_wpseo_title":"Paula valde att studera i Italien","_yoast_wpseo_metadesc":"Att studera v\u00e4rldens vackraste spr\u00e5k och tr\u00e4ffa s\u00e5 m\u00e5nga fantastiska m\u00e4nniskor, samtidigt som man fick uppleva k\u00e4nslan av det italienska livet, var verkligen fantastiskt.","footnotes":""},"categories":[326],"tags":[1041],"wpw_post_folders":[],"class_list":["post-11204","post","type-post","status-publish","format-standard","has-post-thumbnail","hentry","category-okategoriserad","tag-italien"],"acf":[],"yoast_head":"<!-- This site is optimized with the Yoast SEO Premium plugin v27.2 (Yoast SEO v27.2) - https:\/\/yoast.com\/product\/yoast-seo-premium-wordpress\/ -->\n<title>Paula valde att studera i Italien<\/title>\n<meta name=\"description\" content=\"Att studera v\u00e4rldens vackraste spr\u00e5k och tr\u00e4ffa s\u00e5 m\u00e5nga fantastiska m\u00e4nniskor, samtidigt som man fick uppleva k\u00e4nslan av det italienska livet, var verkligen fantastiskt.\" \/>\n<meta name=\"robots\" content=\"index, follow, max-snippet:-1, max-image-preview:large, max-video-preview:-1\" \/>\n<link rel=\"canonical\" href=\"https:\/\/www.sts-education.com\/se\/high-school\/vara-utbytesstudenter\/studentberattelser\/paula-valde-att-studera-i-italien\/\" \/>\n<meta property=\"og:locale\" content=\"sv_SE\" \/>\n<meta property=\"og:type\" content=\"article\" \/>\n<meta property=\"og:title\" content=\"Paula valde att studera i Italien\" \/>\n<meta property=\"og:description\" content=\"Att studera v\u00e4rldens vackraste spr\u00e5k och tr\u00e4ffa s\u00e5 m\u00e5nga fantastiska m\u00e4nniskor, samtidigt som man fick uppleva k\u00e4nslan av det italienska livet, var verkligen fantastiskt.\" \/>\n<meta property=\"og:url\" content=\"https:\/\/www.sts-education.com\/se\/high-school\/vara-utbytesstudenter\/studentberattelser\/paula-valde-att-studera-i-italien\/\" \/>\n<meta property=\"og:site_name\" content=\"STS Education\" \/>\n<meta property=\"article:published_time\" content=\"2024-10-08T12:00:00+00:00\" \/>\n<meta property=\"article:modified_time\" content=\"2026-04-29T07:51:41+00:00\" \/>\n<meta property=\"og:image\" content=\"https:\/\/powered-by.qbank.se\/educatius\/sts\/\/b59afec3c8a23ac3fe9ad100261fa291_1-1-thumb.webp\" \/>\n\t<meta property=\"og:image:width\" content=\"150\" \/>\n\t<meta property=\"og:image:height\" content=\"150\" \/>\n\t<meta property=\"og:image:type\" content=\"image\/png\" \/>\n<meta name=\"author\" content=\"syncreadwrite\" \/>\n<meta name=\"twitter:card\" content=\"summary_large_image\" \/>\n<meta name=\"twitter:label1\" content=\"Skriven av\" \/>\n\t<meta name=\"twitter:data1\" content=\"syncreadwrite\" \/>\n\t<meta name=\"twitter:label2\" content=\"Ber\u00e4knad l\u00e4stid\" \/>\n\t<meta name=\"twitter:data2\" content=\"2 minuter\" \/>\n<script type=\"application\/ld+json\" class=\"yoast-schema-graph\">{\"@context\":\"https:\/\/schema.org\",\"@graph\":[{\"@type\":\"Article\",\"@id\":\"https:\/\/www.sts-education.com\/se\/high-school\/vara-utbytesstudenter\/studentberattelser\/paula-valde-att-studera-i-italien\/#article\",\"isPartOf\":{\"@id\":\"https:\/\/www.sts-education.com\/se\/high-school\/vara-utbytesstudenter\/studentberattelser\/paula-valde-att-studera-i-italien\/\"},\"author\":{\"name\":\"syncreadwrite\",\"@id\":\"https:\/\/www.sts-education.com\/se\/#\/schema\/person\/8b82f3a2e45f020b8f296d7a85d9a97c\"},\"headline\":\"Paula valde att studera i Italien\",\"datePublished\":\"2024-10-08T12:00:00+00:00\",\"dateModified\":\"2026-04-29T07:51:41+00:00\",\"mainEntityOfPage\":{\"@id\":\"https:\/\/www.sts-education.com\/se\/high-school\/vara-utbytesstudenter\/studentberattelser\/paula-valde-att-studera-i-italien\/\"},\"wordCount\":275,\"commentCount\":0,\"image\":{\"@id\":\"https:\/\/www.sts-education.com\/se\/high-school\/vara-utbytesstudenter\/studentberattelser\/paula-valde-att-studera-i-italien\/#primaryimage\"},\"thumbnailUrl\":\"https:\/\/powered-by.qbank.se\/educatius\/sts\/\/b59afec3c8a23ac3fe9ad100261fa291_1-1-thumb.webp\",\"keywords\":[\"Italien\"],\"articleSection\":[\"Okategoriserad\"],\"inLanguage\":\"sv-SE\",\"potentialAction\":[{\"@type\":\"CommentAction\",\"name\":\"Comment\",\"target\":[\"https:\/\/www.sts-education.com\/se\/high-school\/vara-utbytesstudenter\/studentberattelser\/paula-valde-att-studera-i-italien\/#respond\"]}]},{\"@type\":\"WebPage\",\"@id\":\"https:\/\/www.sts-education.com\/se\/high-school\/vara-utbytesstudenter\/studentberattelser\/paula-valde-att-studera-i-italien\/\",\"url\":\"https:\/\/www.sts-education.com\/se\/high-school\/vara-utbytesstudenter\/studentberattelser\/paula-valde-att-studera-i-italien\/\",\"name\":\"Paula valde att studera i Italien\",\"isPartOf\":{\"@id\":\"https:\/\/www.sts-education.com\/se\/#website\"},\"primaryImageOfPage\":{\"@id\":\"https:\/\/www.sts-education.com\/se\/high-school\/vara-utbytesstudenter\/studentberattelser\/paula-valde-att-studera-i-italien\/#primaryimage\"},\"image\":{\"@id\":\"https:\/\/www.sts-education.com\/se\/high-school\/vara-utbytesstudenter\/studentberattelser\/paula-valde-att-studera-i-italien\/#primaryimage\"},\"thumbnailUrl\":\"https:\/\/powered-by.qbank.se\/educatius\/sts\/\/b59afec3c8a23ac3fe9ad100261fa291_1-1-thumb.webp\",\"datePublished\":\"2024-10-08T12:00:00+00:00\",\"dateModified\":\"2026-04-29T07:51:41+00:00\",\"author\":{\"@id\":\"https:\/\/www.sts-education.com\/se\/#\/schema\/person\/8b82f3a2e45f020b8f296d7a85d9a97c\"},\"description\":\"Att studera v\u00e4rldens vackraste spr\u00e5k och tr\u00e4ffa s\u00e5 m\u00e5nga fantastiska m\u00e4nniskor, samtidigt som man fick uppleva k\u00e4nslan av det italienska livet, var verkligen fantastiskt.\",\"breadcrumb\":{\"@id\":\"https:\/\/www.sts-education.com\/se\/high-school\/vara-utbytesstudenter\/studentberattelser\/paula-valde-att-studera-i-italien\/#breadcrumb\"},\"inLanguage\":\"sv-SE\",\"potentialAction\":[{\"@type\":\"ReadAction\",\"target\":[\"https:\/\/www.sts-education.com\/se\/high-school\/vara-utbytesstudenter\/studentberattelser\/paula-valde-att-studera-i-italien\/\"]}]},{\"@type\":\"ImageObject\",\"inLanguage\":\"sv-SE\",\"@id\":\"https:\/\/www.sts-education.com\/se\/high-school\/vara-utbytesstudenter\/studentberattelser\/paula-valde-att-studera-i-italien\/#primaryimage\",\"url\":\"https:\/\/powered-by.qbank.se\/educatius\/sts\/\/b59afec3c8a23ac3fe9ad100261fa291_1-1-thumb.webp\",\"contentUrl\":\"https:\/\/powered-by.qbank.se\/educatius\/sts\/\/b59afec3c8a23ac3fe9ad100261fa291_1-1-thumb.webp\",\"width\":150,\"height\":150},{\"@type\":\"BreadcrumbList\",\"@id\":\"https:\/\/www.sts-education.com\/se\/high-school\/vara-utbytesstudenter\/studentberattelser\/paula-valde-att-studera-i-italien\/#breadcrumb\",\"itemListElement\":[{\"@type\":\"ListItem\",\"position\":1,\"name\":\"Home\",\"item\":\"https:\/\/www.sts-education.com\/se\/\"},{\"@type\":\"ListItem\",\"position\":2,\"name\":\"Paula valde att studera i Italien\"}]},{\"@type\":\"WebSite\",\"@id\":\"https:\/\/www.sts-education.com\/se\/#website\",\"url\":\"https:\/\/www.sts-education.com\/se\/\",\"name\":\"STS Education\",\"description\":\"\",\"potentialAction\":[{\"@type\":\"SearchAction\",\"target\":{\"@type\":\"EntryPoint\",\"urlTemplate\":\"https:\/\/www.sts-education.com\/se\/?s={search_term_string}\"},\"query-input\":{\"@type\":\"PropertyValueSpecification\",\"valueRequired\":true,\"valueName\":\"search_term_string\"}}],\"inLanguage\":\"sv-SE\"},{\"@type\":\"Person\",\"@id\":\"https:\/\/www.sts-education.com\/se\/#\/schema\/person\/8b82f3a2e45f020b8f296d7a85d9a97c\",\"name\":\"syncreadwrite\",\"image\":{\"@type\":\"ImageObject\",\"inLanguage\":\"sv-SE\",\"@id\":\"https:\/\/secure.gravatar.com\/avatar\/6ed1007e4f6f43f22e3df41d9fce4365533cba47fef64bb359b8e629abbc2ea6?s=96&d=mm&r=g\",\"url\":\"https:\/\/secure.gravatar.com\/avatar\/6ed1007e4f6f43f22e3df41d9fce4365533cba47fef64bb359b8e629abbc2ea6?s=96&d=mm&r=g\",\"contentUrl\":\"https:\/\/secure.gravatar.com\/avatar\/6ed1007e4f6f43f22e3df41d9fce4365533cba47fef64bb359b8e629abbc2ea6?s=96&d=mm&r=g\",\"caption\":\"syncreadwrite\"},\"url\":\"https:\/\/www.sts-education.com\/se\/author\/syncreadwrite\/\"}]}<\/script>\n<!-- \/ Yoast SEO Premium plugin. -->","yoast_head_json":{"title":"Paula valde att studera i Italien","description":"Att studera v\u00e4rldens vackraste spr\u00e5k och tr\u00e4ffa s\u00e5 m\u00e5nga fantastiska m\u00e4nniskor, samtidigt som man fick uppleva k\u00e4nslan av det italienska livet, var verkligen fantastiskt.","robots":{"index":"index","follow":"follow","max-snippet":"max-snippet:-1","max-image-preview":"max-image-preview:large","max-video-preview":"max-video-preview:-1"},"canonical":"https:\/\/www.sts-education.com\/se\/high-school\/vara-utbytesstudenter\/studentberattelser\/paula-valde-att-studera-i-italien\/","og_locale":"sv_SE","og_type":"article","og_title":"Paula valde att studera i Italien","og_description":"Att studera v\u00e4rldens vackraste spr\u00e5k och tr\u00e4ffa s\u00e5 m\u00e5nga fantastiska m\u00e4nniskor, samtidigt som man fick uppleva k\u00e4nslan av det italienska livet, var verkligen fantastiskt.","og_url":"https:\/\/www.sts-education.com\/se\/high-school\/vara-utbytesstudenter\/studentberattelser\/paula-valde-att-studera-i-italien\/","og_site_name":"STS Education","article_published_time":"2024-10-08T12:00:00+00:00","article_modified_time":"2026-04-29T07:51:41+00:00","og_image":[{"width":150,"height":150,"url":"https:\/\/powered-by.qbank.se\/educatius\/sts\/\/b59afec3c8a23ac3fe9ad100261fa291_1-1-thumb.webp","type":"image\/png"}],"author":"syncreadwrite","twitter_card":"summary_large_image","twitter_misc":{"Skriven av":"syncreadwrite","Ber\u00e4knad l\u00e4stid":"2 minuter"},"schema":{"@context":"https:\/\/schema.org","@graph":[{"@type":"Article","@id":"https:\/\/www.sts-education.com\/se\/high-school\/vara-utbytesstudenter\/studentberattelser\/paula-valde-att-studera-i-italien\/#article","isPartOf":{"@id":"https:\/\/www.sts-education.com\/se\/high-school\/vara-utbytesstudenter\/studentberattelser\/paula-valde-att-studera-i-italien\/"},"author":{"name":"syncreadwrite","@id":"https:\/\/www.sts-education.com\/se\/#\/schema\/person\/8b82f3a2e45f020b8f296d7a85d9a97c"},"headline":"Paula valde att studera i Italien","datePublished":"2024-10-08T12:00:00+00:00","dateModified":"2026-04-29T07:51:41+00:00","mainEntityOfPage":{"@id":"https:\/\/www.sts-education.com\/se\/high-school\/vara-utbytesstudenter\/studentberattelser\/paula-valde-att-studera-i-italien\/"},"wordCount":275,"commentCount":0,"image":{"@id":"https:\/\/www.sts-education.com\/se\/high-school\/vara-utbytesstudenter\/studentberattelser\/paula-valde-att-studera-i-italien\/#primaryimage"},"thumbnailUrl":"https:\/\/powered-by.qbank.se\/educatius\/sts\/\/b59afec3c8a23ac3fe9ad100261fa291_1-1-thumb.webp","keywords":["Italien"],"articleSection":["Okategoriserad"],"inLanguage":"sv-SE","potentialAction":[{"@type":"CommentAction","name":"Comment","target":["https:\/\/www.sts-education.com\/se\/high-school\/vara-utbytesstudenter\/studentberattelser\/paula-valde-att-studera-i-italien\/#respond"]}]},{"@type":"WebPage","@id":"https:\/\/www.sts-education.com\/se\/high-school\/vara-utbytesstudenter\/studentberattelser\/paula-valde-att-studera-i-italien\/","url":"https:\/\/www.sts-education.com\/se\/high-school\/vara-utbytesstudenter\/studentberattelser\/paula-valde-att-studera-i-italien\/","name":"Paula valde att studera i Italien","isPartOf":{"@id":"https:\/\/www.sts-education.com\/se\/#website"},"primaryImageOfPage":{"@id":"https:\/\/www.sts-education.com\/se\/high-school\/vara-utbytesstudenter\/studentberattelser\/paula-valde-att-studera-i-italien\/#primaryimage"},"image":{"@id":"https:\/\/www.sts-education.com\/se\/high-school\/vara-utbytesstudenter\/studentberattelser\/paula-valde-att-studera-i-italien\/#primaryimage"},"thumbnailUrl":"https:\/\/powered-by.qbank.se\/educatius\/sts\/\/b59afec3c8a23ac3fe9ad100261fa291_1-1-thumb.webp","datePublished":"2024-10-08T12:00:00+00:00","dateModified":"2026-04-29T07:51:41+00:00","author":{"@id":"https:\/\/www.sts-education.com\/se\/#\/schema\/person\/8b82f3a2e45f020b8f296d7a85d9a97c"},"description":"Att studera v\u00e4rldens vackraste spr\u00e5k och tr\u00e4ffa s\u00e5 m\u00e5nga fantastiska m\u00e4nniskor, samtidigt som man fick uppleva k\u00e4nslan av det italienska livet, var verkligen fantastiskt.","breadcrumb":{"@id":"https:\/\/www.sts-education.com\/se\/high-school\/vara-utbytesstudenter\/studentberattelser\/paula-valde-att-studera-i-italien\/#breadcrumb"},"inLanguage":"sv-SE","potentialAction":[{"@type":"ReadAction","target":["https:\/\/www.sts-education.com\/se\/high-school\/vara-utbytesstudenter\/studentberattelser\/paula-valde-att-studera-i-italien\/"]}]},{"@type":"ImageObject","inLanguage":"sv-SE","@id":"https:\/\/www.sts-education.com\/se\/high-school\/vara-utbytesstudenter\/studentberattelser\/paula-valde-att-studera-i-italien\/#primaryimage","url":"https:\/\/powered-by.qbank.se\/educatius\/sts\/\/b59afec3c8a23ac3fe9ad100261fa291_1-1-thumb.webp","contentUrl":"https:\/\/powered-by.qbank.se\/educatius\/sts\/\/b59afec3c8a23ac3fe9ad100261fa291_1-1-thumb.webp","width":150,"height":150},{"@type":"BreadcrumbList","@id":"https:\/\/www.sts-education.com\/se\/high-school\/vara-utbytesstudenter\/studentberattelser\/paula-valde-att-studera-i-italien\/#breadcrumb","itemListElement":[{"@type":"ListItem","position":1,"name":"Home","item":"https:\/\/www.sts-education.com\/se\/"},{"@type":"ListItem","position":2,"name":"Paula valde att studera i Italien"}]},{"@type":"WebSite","@id":"https:\/\/www.sts-education.com\/se\/#website","url":"https:\/\/www.sts-education.com\/se\/","name":"STS Education","description":"","potentialAction":[{"@type":"SearchAction","target":{"@type":"EntryPoint","urlTemplate":"https:\/\/www.sts-education.com\/se\/?s={search_term_string}"},"query-input":{"@type":"PropertyValueSpecification","valueRequired":true,"valueName":"search_term_string"}}],"inLanguage":"sv-SE"},{"@type":"Person","@id":"https:\/\/www.sts-education.com\/se\/#\/schema\/person\/8b82f3a2e45f020b8f296d7a85d9a97c","name":"syncreadwrite","image":{"@type":"ImageObject","inLanguage":"sv-SE","@id":"https:\/\/secure.gravatar.com\/avatar\/6ed1007e4f6f43f22e3df41d9fce4365533cba47fef64bb359b8e629abbc2ea6?s=96&d=mm&r=g","url":"https:\/\/secure.gravatar.com\/avatar\/6ed1007e4f6f43f22e3df41d9fce4365533cba47fef64bb359b8e629abbc2ea6?s=96&d=mm&r=g","contentUrl":"https:\/\/secure.gravatar.com\/avatar\/6ed1007e4f6f43f22e3df41d9fce4365533cba47fef64bb359b8e629abbc2ea6?s=96&d=mm&r=g","caption":"syncreadwrite"},"url":"https:\/\/www.sts-education.com\/se\/author\/syncreadwrite\/"}]}},"_links":{"self":[{"href":"https:\/\/www.sts-education.com\/se\/wp-json\/wp\/v2\/posts\/11204","targetHints":{"allow":["GET"]}}],"collection":[{"href":"https:\/\/www.sts-education.com\/se\/wp-json\/wp\/v2\/posts"}],"about":[{"href":"https:\/\/www.sts-education.com\/se\/wp-json\/wp\/v2\/types\/post"}],"author":[{"embeddable":true,"href":"https:\/\/www.sts-education.com\/se\/wp-json\/wp\/v2\/users\/20"}],"replies":[{"embeddable":true,"href":"https:\/\/www.sts-education.com\/se\/wp-json\/wp\/v2\/comments?post=11204"}],"version-history":[{"count":8,"href":"https:\/\/www.sts-education.com\/se\/wp-json\/wp\/v2\/posts\/11204\/revisions"}],"predecessor-version":[{"id":43415,"href":"https:\/\/www.sts-education.com\/se\/wp-json\/wp\/v2\/posts\/11204\/revisions\/43415"}],"wp:featuredmedia":[{"embeddable":true,"href":"https:\/\/www.sts-education.com\/se\/wp-json\/wp\/v2\/media\/14558"}],"wp:attachment":[{"href":"https:\/\/www.sts-education.com\/se\/wp-json\/wp\/v2\/media?parent=11204"}],"wp:term":[{"taxonomy":"category","embeddable":true,"href":"https:\/\/www.sts-education.com\/se\/wp-json\/wp\/v2\/categories?post=11204"},{"taxonomy":"post_tag","embeddable":true,"href":"https:\/\/www.sts-education.com\/se\/wp-json\/wp\/v2\/tags?post=11204"},{"taxonomy":"wpw_post_folders","embeddable":true,"href":"https:\/\/www.sts-education.com\/se\/wp-json\/wp\/v2\/wpw_post_folders?post=11204"}],"curies":[{"name":"wp","href":"https:\/\/api.w.org\/{rel}","templated":true}]}}