{"id":11206,"date":"2024-10-01T14:00:00","date_gmt":"2024-10-01T14:00:00","guid":{"rendered":"https:\/\/preprod.sts-education.com\/blog\/2026\/03\/05\/franziska-gick-pa-high-school-i-nederlanderna\/"},"modified":"2026-04-15T09:56:52","modified_gmt":"2026-04-15T09:56:52","slug":"franziska-gick-pa-high-school-i-nederlanderna","status":"publish","type":"post","link":"https:\/\/www.sts-education.com\/se\/high-school\/vara-utbytesstudenter\/studentberattelser\/franziska-gick-pa-high-school-i-nederlanderna\/","title":{"rendered":"Franziska Gick Pa High School I Nederlanderna"},"content":{"rendered":"\n<div class=\"wp-block-sts-text sts-text-editor has-max-width-md\"><div class=\"sts-text-editor__content\"><div class=\"sts-text-editor__content-inner\">\n<h1 style=\"text-align:center\">Franziska gick p\u00e5 high school i Nederl\u00e4nderna<\/h1>\n<\/div><\/div><\/div>\n\n\n\n<figure class=\"wp-block-sts-image sts-block-image sts-block-image--count-1 has-max-width-md\" data-count=\"1\"><div class=\"sts-block-image__grid\"><div class=\"sts-block-image__item\"><picture class=\"sts-responsive-image has-fit-cover has-pos-top is-skeleton\"><img src=\"https:\/\/cdn.sts-education.com\/13277_hero_md.jpg\" alt=\"Franziska gick p\u00e5 high school i Nederl\u00e4nderna\" loading=\"lazy\" decoding=\"async\" fetchpriority=\"low\" sizes=\"(max-width: 736px) 100vw, 736px\"\/><\/picture><\/div><\/div><\/figure>\n\n\n\n<div class=\"wp-block-sts-text sts-text-editor has-max-width-md\"><div class=\"sts-text-editor__content\"><div class=\"sts-text-editor__content-inner\">\n<p><em>Franziska fr\u00e5n \u00d6sterrike tillbringade ett \u00e5r utomlands i Nederl\u00e4nderna.<\/em><\/p>\n<\/div><\/div><\/div>\n\n\n\n<div class=\"wp-block-sts-text sts-text-editor has-max-width-md\"><div class=\"sts-text-editor__content\"><div class=\"sts-text-editor__content-inner\">\n<p>Jag valde Nederl\u00e4nderna eftersom jag redan fr\u00e5n b\u00f6rjan k\u00e4nde mig lockad av det landet och ville veta vad det var f\u00f6r n\u00e5got.<\/p>\n<h2>Min v\u00e4rdfamilj<\/h2>\n<p>Jag kom genast bra \u00f6verens med min v\u00e4rdfamilj och fick vara med i familjens vardag och p\u00e5 alla utflykter. Efter en kort tid k\u00e4nde jag mig som hemma hos dem och det var en mycket familj\u00e4r milj\u00f6. Min v\u00e4rdfamilj hj\u00e4lpte mig ocks\u00e5 mycket med att l\u00e4ra mig spr\u00e5ket och de var mycket t\u00e5lmodiga med mig. N\u00e4r jag till slut kunde tala holl\u00e4ndska flytande var de mycket stolta \u00f6ver mig. \u00c4ven efter mitt utlands\u00e5r har jag fortfarande mycket kontakt med min v\u00e4rdfamilj.<\/p>\n<h2>Om skolan<\/h2>\n<p>Mina l\u00e4rare var mycket f\u00f6rst\u00e5ende f\u00f6r att jag inte hade samma niv\u00e5 som resten av mina klasskamrater i b\u00f6rjan och f\u00f6rs\u00f6kte ge mig b\u00e4sta m\u00f6jliga st\u00f6d. Eftersom allt var p\u00e5 holl\u00e4ndska tog det n\u00e5gra veckor att v\u00e4nja sig vid det.<\/p>\n<h2>Mina v\u00e4nner<\/h2>\n<p>Redan innan jag fl\u00f6g till Nederl\u00e4nderna hade jag kontakt med n\u00e5gra klasskamrater, och de f\u00f6ljde med mig de f\u00f6rsta veckorna. Det slutade med att de blev mina b\u00e4sta v\u00e4nner. Jag tr\u00e4ffade ocks\u00e5 andra studenter fr\u00e5n STS i Nederl\u00e4nderna och gjorde en hel del tillsammans med dem!<\/p>\n<h2>Jag rekommenderar att \u00e5ka!<\/h2>\n<p>Jag skulle rekommendera alla att \u00e5ka p\u00e5 ett high school-\u00e5r f\u00f6r att g\u00e5 p\u00e5 en lokal skola och bo hos en v\u00e4rdfamilj. Inte bara l\u00e4r du k\u00e4nna en ny kultur, utan du l\u00e4r dig ocks\u00e5 mycket om dig sj\u00e4lv och utvecklas vidare.<\/p>\n<h2>Vill du veta mer?<\/h2>\n<ul><li>L\u00e4s fler <a href=\"https:\/\/www.sts-education.com\/se\/high-school\/vara-utbytesstudenter\/studentberattelser\/?hashtag=Nederl%c3%a4nderna\">studentber\u00e4ttelser fr\u00e5n Nederl\u00e4nderna<\/a><\/li>\n<li>L\u00e4s mer om ett <a href=\"https:\/\/www.sts-education.com\/se\/high-school\/destinationer\/europa\/nederlanderna\/\">high school-utbyte i Nederl\u00e4nderna<\/a><\/li>\n<li>Se alla v\u00e5ra <a href=\"\/se\/high-school\/tripfinder\/\">utbytesdestinationer f\u00f6r high school<\/a><\/li><\/ul>\n<\/div><\/div><\/div>\n","protected":false},"excerpt":{"rendered":"","protected":false},"author":20,"featured_media":14562,"comment_status":"open","ping_status":"open","sticky":false,"template":"","format":"standard","meta":{"_acf_changed":false,"_yoast_wpseo_title":"Franziska gick p\u00e5 high school i Nederl\u00e4nderna","_yoast_wpseo_metadesc":"Jag skulle rekommendera alla att \u00e5ka p\u00e5 ett high school-\u00e5r f\u00f6r att g\u00e5 p\u00e5 en lokal skola och bo hos en v\u00e4rdfamilj.","footnotes":""},"categories":[326],"tags":[1043],"wpw_post_folders":[],"class_list":["post-11206","post","type-post","status-publish","format-standard","has-post-thumbnail","hentry","category-okategoriserad","tag-nederlanderna"],"acf":[],"yoast_head":"<!-- This site is optimized with the Yoast SEO Premium plugin v27.2 (Yoast SEO v27.2) - https:\/\/yoast.com\/product\/yoast-seo-premium-wordpress\/ -->\n<title>Franziska gick p\u00e5 high school i Nederl\u00e4nderna<\/title>\n<meta name=\"description\" content=\"Jag skulle rekommendera alla att \u00e5ka p\u00e5 ett high school-\u00e5r f\u00f6r att g\u00e5 p\u00e5 en lokal skola och bo hos en v\u00e4rdfamilj.\" \/>\n<meta name=\"robots\" content=\"index, follow, max-snippet:-1, max-image-preview:large, max-video-preview:-1\" \/>\n<link rel=\"canonical\" href=\"https:\/\/www.sts-education.com\/se\/high-school\/vara-utbytesstudenter\/studentberattelser\/franziska-gick-pa-high-school-i-nederlanderna\/\" \/>\n<meta property=\"og:locale\" content=\"sv_SE\" \/>\n<meta property=\"og:type\" content=\"article\" \/>\n<meta property=\"og:title\" content=\"Franziska Gick Pa High School I Nederlanderna\" \/>\n<meta property=\"og:description\" content=\"Jag skulle rekommendera alla att \u00e5ka p\u00e5 ett high school-\u00e5r f\u00f6r att g\u00e5 p\u00e5 en lokal skola och bo hos en v\u00e4rdfamilj.\" \/>\n<meta property=\"og:url\" content=\"https:\/\/www.sts-education.com\/se\/high-school\/vara-utbytesstudenter\/studentberattelser\/franziska-gick-pa-high-school-i-nederlanderna\/\" \/>\n<meta property=\"og:site_name\" content=\"STS Education\" \/>\n<meta property=\"article:published_time\" content=\"2024-10-01T14:00:00+00:00\" \/>\n<meta property=\"article:modified_time\" content=\"2026-04-15T09:56:52+00:00\" \/>\n<meta property=\"og:image\" content=\"https:\/\/powered-by.qbank.se\/educatius\/sts\/\/004cbc35eed8995456a63ec720fe63c7_1-1-thumb.webp\" \/>\n\t<meta property=\"og:image:width\" content=\"150\" \/>\n\t<meta property=\"og:image:height\" content=\"150\" \/>\n\t<meta property=\"og:image:type\" content=\"image\/jpeg\" \/>\n<meta name=\"author\" content=\"syncreadwrite\" \/>\n<meta name=\"twitter:card\" content=\"summary_large_image\" \/>\n<meta name=\"twitter:label1\" content=\"Skriven av\" \/>\n\t<meta name=\"twitter:data1\" content=\"syncreadwrite\" \/>\n\t<meta name=\"twitter:label2\" content=\"Ber\u00e4knad l\u00e4stid\" \/>\n\t<meta name=\"twitter:data2\" content=\"2 minuter\" \/>\n<script type=\"application\/ld+json\" class=\"yoast-schema-graph\">{\"@context\":\"https:\/\/schema.org\",\"@graph\":[{\"@type\":\"Article\",\"@id\":\"https:\/\/www.sts-education.com\/se\/high-school\/vara-utbytesstudenter\/studentberattelser\/franziska-gick-pa-high-school-i-nederlanderna\/#article\",\"isPartOf\":{\"@id\":\"https:\/\/www.sts-education.com\/se\/high-school\/vara-utbytesstudenter\/studentberattelser\/franziska-gick-pa-high-school-i-nederlanderna\/\"},\"author\":{\"name\":\"syncreadwrite\",\"@id\":\"https:\/\/www.sts-education.com\/se\/#\/schema\/person\/8b82f3a2e45f020b8f296d7a85d9a97c\"},\"headline\":\"Franziska Gick Pa High School I Nederlanderna\",\"datePublished\":\"2024-10-01T14:00:00+00:00\",\"dateModified\":\"2026-04-15T09:56:52+00:00\",\"mainEntityOfPage\":{\"@id\":\"https:\/\/www.sts-education.com\/se\/high-school\/vara-utbytesstudenter\/studentberattelser\/franziska-gick-pa-high-school-i-nederlanderna\/\"},\"wordCount\":349,\"commentCount\":0,\"image\":{\"@id\":\"https:\/\/www.sts-education.com\/se\/high-school\/vara-utbytesstudenter\/studentberattelser\/franziska-gick-pa-high-school-i-nederlanderna\/#primaryimage\"},\"thumbnailUrl\":\"https:\/\/powered-by.qbank.se\/educatius\/sts\/\/004cbc35eed8995456a63ec720fe63c7_1-1-thumb.webp\",\"keywords\":[\"Nederl\u00e4nderna\"],\"articleSection\":[\"Okategoriserad\"],\"inLanguage\":\"sv-SE\",\"potentialAction\":[{\"@type\":\"CommentAction\",\"name\":\"Comment\",\"target\":[\"https:\/\/www.sts-education.com\/se\/high-school\/vara-utbytesstudenter\/studentberattelser\/franziska-gick-pa-high-school-i-nederlanderna\/#respond\"]}]},{\"@type\":\"WebPage\",\"@id\":\"https:\/\/www.sts-education.com\/se\/high-school\/vara-utbytesstudenter\/studentberattelser\/franziska-gick-pa-high-school-i-nederlanderna\/\",\"url\":\"https:\/\/www.sts-education.com\/se\/high-school\/vara-utbytesstudenter\/studentberattelser\/franziska-gick-pa-high-school-i-nederlanderna\/\",\"name\":\"Franziska gick p\u00e5 high school i Nederl\u00e4nderna\",\"isPartOf\":{\"@id\":\"https:\/\/www.sts-education.com\/se\/#website\"},\"primaryImageOfPage\":{\"@id\":\"https:\/\/www.sts-education.com\/se\/high-school\/vara-utbytesstudenter\/studentberattelser\/franziska-gick-pa-high-school-i-nederlanderna\/#primaryimage\"},\"image\":{\"@id\":\"https:\/\/www.sts-education.com\/se\/high-school\/vara-utbytesstudenter\/studentberattelser\/franziska-gick-pa-high-school-i-nederlanderna\/#primaryimage\"},\"thumbnailUrl\":\"https:\/\/powered-by.qbank.se\/educatius\/sts\/\/004cbc35eed8995456a63ec720fe63c7_1-1-thumb.webp\",\"datePublished\":\"2024-10-01T14:00:00+00:00\",\"dateModified\":\"2026-04-15T09:56:52+00:00\",\"author\":{\"@id\":\"https:\/\/www.sts-education.com\/se\/#\/schema\/person\/8b82f3a2e45f020b8f296d7a85d9a97c\"},\"description\":\"Jag skulle rekommendera alla att \u00e5ka p\u00e5 ett high school-\u00e5r f\u00f6r att g\u00e5 p\u00e5 en lokal skola och bo hos en v\u00e4rdfamilj.\",\"breadcrumb\":{\"@id\":\"https:\/\/www.sts-education.com\/se\/high-school\/vara-utbytesstudenter\/studentberattelser\/franziska-gick-pa-high-school-i-nederlanderna\/#breadcrumb\"},\"inLanguage\":\"sv-SE\",\"potentialAction\":[{\"@type\":\"ReadAction\",\"target\":[\"https:\/\/www.sts-education.com\/se\/high-school\/vara-utbytesstudenter\/studentberattelser\/franziska-gick-pa-high-school-i-nederlanderna\/\"]}]},{\"@type\":\"ImageObject\",\"inLanguage\":\"sv-SE\",\"@id\":\"https:\/\/www.sts-education.com\/se\/high-school\/vara-utbytesstudenter\/studentberattelser\/franziska-gick-pa-high-school-i-nederlanderna\/#primaryimage\",\"url\":\"https:\/\/powered-by.qbank.se\/educatius\/sts\/\/004cbc35eed8995456a63ec720fe63c7_1-1-thumb.webp\",\"contentUrl\":\"https:\/\/powered-by.qbank.se\/educatius\/sts\/\/004cbc35eed8995456a63ec720fe63c7_1-1-thumb.webp\",\"width\":150,\"height\":150},{\"@type\":\"BreadcrumbList\",\"@id\":\"https:\/\/www.sts-education.com\/se\/high-school\/vara-utbytesstudenter\/studentberattelser\/franziska-gick-pa-high-school-i-nederlanderna\/#breadcrumb\",\"itemListElement\":[{\"@type\":\"ListItem\",\"position\":1,\"name\":\"Home\",\"item\":\"https:\/\/www.sts-education.com\/se\/\"},{\"@type\":\"ListItem\",\"position\":2,\"name\":\"Franziska Gick Pa High School I Nederlanderna\"}]},{\"@type\":\"WebSite\",\"@id\":\"https:\/\/www.sts-education.com\/se\/#website\",\"url\":\"https:\/\/www.sts-education.com\/se\/\",\"name\":\"STS Education\",\"description\":\"\",\"potentialAction\":[{\"@type\":\"SearchAction\",\"target\":{\"@type\":\"EntryPoint\",\"urlTemplate\":\"https:\/\/www.sts-education.com\/se\/?s={search_term_string}\"},\"query-input\":{\"@type\":\"PropertyValueSpecification\",\"valueRequired\":true,\"valueName\":\"search_term_string\"}}],\"inLanguage\":\"sv-SE\"},{\"@type\":\"Person\",\"@id\":\"https:\/\/www.sts-education.com\/se\/#\/schema\/person\/8b82f3a2e45f020b8f296d7a85d9a97c\",\"name\":\"syncreadwrite\",\"image\":{\"@type\":\"ImageObject\",\"inLanguage\":\"sv-SE\",\"@id\":\"https:\/\/secure.gravatar.com\/avatar\/6ed1007e4f6f43f22e3df41d9fce4365533cba47fef64bb359b8e629abbc2ea6?s=96&d=mm&r=g\",\"url\":\"https:\/\/secure.gravatar.com\/avatar\/6ed1007e4f6f43f22e3df41d9fce4365533cba47fef64bb359b8e629abbc2ea6?s=96&d=mm&r=g\",\"contentUrl\":\"https:\/\/secure.gravatar.com\/avatar\/6ed1007e4f6f43f22e3df41d9fce4365533cba47fef64bb359b8e629abbc2ea6?s=96&d=mm&r=g\",\"caption\":\"syncreadwrite\"},\"url\":\"https:\/\/www.sts-education.com\/se\/author\/syncreadwrite\/\"}]}<\/script>\n<!-- \/ Yoast SEO Premium plugin. -->","yoast_head_json":{"title":"Franziska gick p\u00e5 high school i Nederl\u00e4nderna","description":"Jag skulle rekommendera alla att \u00e5ka p\u00e5 ett high school-\u00e5r f\u00f6r att g\u00e5 p\u00e5 en lokal skola och bo hos en v\u00e4rdfamilj.","robots":{"index":"index","follow":"follow","max-snippet":"max-snippet:-1","max-image-preview":"max-image-preview:large","max-video-preview":"max-video-preview:-1"},"canonical":"https:\/\/www.sts-education.com\/se\/high-school\/vara-utbytesstudenter\/studentberattelser\/franziska-gick-pa-high-school-i-nederlanderna\/","og_locale":"sv_SE","og_type":"article","og_title":"Franziska Gick Pa High School I Nederlanderna","og_description":"Jag skulle rekommendera alla att \u00e5ka p\u00e5 ett high school-\u00e5r f\u00f6r att g\u00e5 p\u00e5 en lokal skola och bo hos en v\u00e4rdfamilj.","og_url":"https:\/\/www.sts-education.com\/se\/high-school\/vara-utbytesstudenter\/studentberattelser\/franziska-gick-pa-high-school-i-nederlanderna\/","og_site_name":"STS Education","article_published_time":"2024-10-01T14:00:00+00:00","article_modified_time":"2026-04-15T09:56:52+00:00","og_image":[{"width":150,"height":150,"url":"https:\/\/powered-by.qbank.se\/educatius\/sts\/\/004cbc35eed8995456a63ec720fe63c7_1-1-thumb.webp","type":"image\/jpeg"}],"author":"syncreadwrite","twitter_card":"summary_large_image","twitter_misc":{"Skriven av":"syncreadwrite","Ber\u00e4knad l\u00e4stid":"2 minuter"},"schema":{"@context":"https:\/\/schema.org","@graph":[{"@type":"Article","@id":"https:\/\/www.sts-education.com\/se\/high-school\/vara-utbytesstudenter\/studentberattelser\/franziska-gick-pa-high-school-i-nederlanderna\/#article","isPartOf":{"@id":"https:\/\/www.sts-education.com\/se\/high-school\/vara-utbytesstudenter\/studentberattelser\/franziska-gick-pa-high-school-i-nederlanderna\/"},"author":{"name":"syncreadwrite","@id":"https:\/\/www.sts-education.com\/se\/#\/schema\/person\/8b82f3a2e45f020b8f296d7a85d9a97c"},"headline":"Franziska Gick Pa High School I Nederlanderna","datePublished":"2024-10-01T14:00:00+00:00","dateModified":"2026-04-15T09:56:52+00:00","mainEntityOfPage":{"@id":"https:\/\/www.sts-education.com\/se\/high-school\/vara-utbytesstudenter\/studentberattelser\/franziska-gick-pa-high-school-i-nederlanderna\/"},"wordCount":349,"commentCount":0,"image":{"@id":"https:\/\/www.sts-education.com\/se\/high-school\/vara-utbytesstudenter\/studentberattelser\/franziska-gick-pa-high-school-i-nederlanderna\/#primaryimage"},"thumbnailUrl":"https:\/\/powered-by.qbank.se\/educatius\/sts\/\/004cbc35eed8995456a63ec720fe63c7_1-1-thumb.webp","keywords":["Nederl\u00e4nderna"],"articleSection":["Okategoriserad"],"inLanguage":"sv-SE","potentialAction":[{"@type":"CommentAction","name":"Comment","target":["https:\/\/www.sts-education.com\/se\/high-school\/vara-utbytesstudenter\/studentberattelser\/franziska-gick-pa-high-school-i-nederlanderna\/#respond"]}]},{"@type":"WebPage","@id":"https:\/\/www.sts-education.com\/se\/high-school\/vara-utbytesstudenter\/studentberattelser\/franziska-gick-pa-high-school-i-nederlanderna\/","url":"https:\/\/www.sts-education.com\/se\/high-school\/vara-utbytesstudenter\/studentberattelser\/franziska-gick-pa-high-school-i-nederlanderna\/","name":"Franziska gick p\u00e5 high school i Nederl\u00e4nderna","isPartOf":{"@id":"https:\/\/www.sts-education.com\/se\/#website"},"primaryImageOfPage":{"@id":"https:\/\/www.sts-education.com\/se\/high-school\/vara-utbytesstudenter\/studentberattelser\/franziska-gick-pa-high-school-i-nederlanderna\/#primaryimage"},"image":{"@id":"https:\/\/www.sts-education.com\/se\/high-school\/vara-utbytesstudenter\/studentberattelser\/franziska-gick-pa-high-school-i-nederlanderna\/#primaryimage"},"thumbnailUrl":"https:\/\/powered-by.qbank.se\/educatius\/sts\/\/004cbc35eed8995456a63ec720fe63c7_1-1-thumb.webp","datePublished":"2024-10-01T14:00:00+00:00","dateModified":"2026-04-15T09:56:52+00:00","author":{"@id":"https:\/\/www.sts-education.com\/se\/#\/schema\/person\/8b82f3a2e45f020b8f296d7a85d9a97c"},"description":"Jag skulle rekommendera alla att \u00e5ka p\u00e5 ett high school-\u00e5r f\u00f6r att g\u00e5 p\u00e5 en lokal skola och bo hos en v\u00e4rdfamilj.","breadcrumb":{"@id":"https:\/\/www.sts-education.com\/se\/high-school\/vara-utbytesstudenter\/studentberattelser\/franziska-gick-pa-high-school-i-nederlanderna\/#breadcrumb"},"inLanguage":"sv-SE","potentialAction":[{"@type":"ReadAction","target":["https:\/\/www.sts-education.com\/se\/high-school\/vara-utbytesstudenter\/studentberattelser\/franziska-gick-pa-high-school-i-nederlanderna\/"]}]},{"@type":"ImageObject","inLanguage":"sv-SE","@id":"https:\/\/www.sts-education.com\/se\/high-school\/vara-utbytesstudenter\/studentberattelser\/franziska-gick-pa-high-school-i-nederlanderna\/#primaryimage","url":"https:\/\/powered-by.qbank.se\/educatius\/sts\/\/004cbc35eed8995456a63ec720fe63c7_1-1-thumb.webp","contentUrl":"https:\/\/powered-by.qbank.se\/educatius\/sts\/\/004cbc35eed8995456a63ec720fe63c7_1-1-thumb.webp","width":150,"height":150},{"@type":"BreadcrumbList","@id":"https:\/\/www.sts-education.com\/se\/high-school\/vara-utbytesstudenter\/studentberattelser\/franziska-gick-pa-high-school-i-nederlanderna\/#breadcrumb","itemListElement":[{"@type":"ListItem","position":1,"name":"Home","item":"https:\/\/www.sts-education.com\/se\/"},{"@type":"ListItem","position":2,"name":"Franziska Gick Pa High School I Nederlanderna"}]},{"@type":"WebSite","@id":"https:\/\/www.sts-education.com\/se\/#website","url":"https:\/\/www.sts-education.com\/se\/","name":"STS Education","description":"","potentialAction":[{"@type":"SearchAction","target":{"@type":"EntryPoint","urlTemplate":"https:\/\/www.sts-education.com\/se\/?s={search_term_string}"},"query-input":{"@type":"PropertyValueSpecification","valueRequired":true,"valueName":"search_term_string"}}],"inLanguage":"sv-SE"},{"@type":"Person","@id":"https:\/\/www.sts-education.com\/se\/#\/schema\/person\/8b82f3a2e45f020b8f296d7a85d9a97c","name":"syncreadwrite","image":{"@type":"ImageObject","inLanguage":"sv-SE","@id":"https:\/\/secure.gravatar.com\/avatar\/6ed1007e4f6f43f22e3df41d9fce4365533cba47fef64bb359b8e629abbc2ea6?s=96&d=mm&r=g","url":"https:\/\/secure.gravatar.com\/avatar\/6ed1007e4f6f43f22e3df41d9fce4365533cba47fef64bb359b8e629abbc2ea6?s=96&d=mm&r=g","contentUrl":"https:\/\/secure.gravatar.com\/avatar\/6ed1007e4f6f43f22e3df41d9fce4365533cba47fef64bb359b8e629abbc2ea6?s=96&d=mm&r=g","caption":"syncreadwrite"},"url":"https:\/\/www.sts-education.com\/se\/author\/syncreadwrite\/"}]}},"_links":{"self":[{"href":"https:\/\/www.sts-education.com\/se\/wp-json\/wp\/v2\/posts\/11206","targetHints":{"allow":["GET"]}}],"collection":[{"href":"https:\/\/www.sts-education.com\/se\/wp-json\/wp\/v2\/posts"}],"about":[{"href":"https:\/\/www.sts-education.com\/se\/wp-json\/wp\/v2\/types\/post"}],"author":[{"embeddable":true,"href":"https:\/\/www.sts-education.com\/se\/wp-json\/wp\/v2\/users\/20"}],"replies":[{"embeddable":true,"href":"https:\/\/www.sts-education.com\/se\/wp-json\/wp\/v2\/comments?post=11206"}],"version-history":[{"count":6,"href":"https:\/\/www.sts-education.com\/se\/wp-json\/wp\/v2\/posts\/11206\/revisions"}],"predecessor-version":[{"id":36621,"href":"https:\/\/www.sts-education.com\/se\/wp-json\/wp\/v2\/posts\/11206\/revisions\/36621"}],"wp:featuredmedia":[{"embeddable":true,"href":"https:\/\/www.sts-education.com\/se\/wp-json\/wp\/v2\/media\/14562"}],"wp:attachment":[{"href":"https:\/\/www.sts-education.com\/se\/wp-json\/wp\/v2\/media?parent=11206"}],"wp:term":[{"taxonomy":"category","embeddable":true,"href":"https:\/\/www.sts-education.com\/se\/wp-json\/wp\/v2\/categories?post=11206"},{"taxonomy":"post_tag","embeddable":true,"href":"https:\/\/www.sts-education.com\/se\/wp-json\/wp\/v2\/tags?post=11206"},{"taxonomy":"wpw_post_folders","embeddable":true,"href":"https:\/\/www.sts-education.com\/se\/wp-json\/wp\/v2\/wpw_post_folders?post=11206"}],"curies":[{"name":"wp","href":"https:\/\/api.w.org\/{rel}","templated":true}]}}