{"id":11209,"date":"2024-09-16T15:00:00","date_gmt":"2024-09-16T15:00:00","guid":{"rendered":"https:\/\/preprod.sts-education.com\/blog\/2026\/03\/05\/celina-akte-pa-high-school-utbyte-till-tyskland\/"},"modified":"2026-04-15T09:56:55","modified_gmt":"2026-04-15T09:56:55","slug":"celina-akte-pa-high-school-utbyte-till-tyskland","status":"publish","type":"post","link":"https:\/\/www.sts-education.com\/se\/high-school\/vara-utbytesstudenter\/studentberattelser\/celina-akte-pa-high-school-utbyte-till-tyskland\/","title":{"rendered":"Celina Akte Pa High School Utbyte Till Tyskland"},"content":{"rendered":"\n<div class=\"wp-block-sts-text sts-text-editor has-max-width-md\"><div class=\"sts-text-editor__content\"><div class=\"sts-text-editor__content-inner\">\n<h1 style=\"text-align:center\">Celina \u00e5kte p\u00e5 high school-utbyte till Tyskland<\/h1>\n<\/div><\/div><\/div>\n\n\n\n<figure class=\"wp-block-sts-image sts-block-image sts-block-image--count-1 has-max-width-md\" data-count=\"1\"><div class=\"sts-block-image__grid\"><div class=\"sts-block-image__item\"><picture class=\"sts-responsive-image has-fit-cover has-pos-top is-skeleton\"><img src=\"https:\/\/cdn.sts-education.com\/13178_hero_md.jpg\" alt=\"Celina \u00e5kte p\u00e5 high school-utbyte till Tyskland\" loading=\"lazy\" decoding=\"async\" fetchpriority=\"low\" sizes=\"(max-width: 736px) 100vw, 736px\"\/><\/picture><\/div><\/div><\/figure>\n\n\n\n<div class=\"wp-block-sts-text sts-text-editor has-max-width-md\"><div class=\"sts-text-editor__content\"><div class=\"sts-text-editor__content-inner\">\n<p><em>Celina fr\u00e5n Brasilien tillbringade ett l\u00e4s\u00e5r i Tyskland.<\/em><\/p>\n<\/div><\/div><\/div>\n\n\n\n<div class=\"wp-block-sts-text sts-text-editor has-max-width-md\"><div class=\"sts-text-editor__content\"><div class=\"sts-text-editor__content-inner\">\n<p>Jag var p\u00e5 utbyte i Tyskland i tio m\u00e5nader. Jag valde Tyskland f\u00f6r att det \u00e4r en s\u00e5 annorlunda kultur j\u00e4mf\u00f6rt med Brasilien.<\/p>\n<h2>Skolan och v\u00e4nnerna<\/h2>\n<p>Min tyska skola var mycket tillm\u00f6tesg\u00e5ende och v\u00e4lkomnande. Det var ganska l\u00e4tt att f\u00e5 nya v\u00e4nner i Tyskland, \u00e4ven om de var lite reserverade i b\u00f6rjan. Men med tiden kom vi bra \u00f6verens.<\/p>\n<h2>Min v\u00e4rdfamilj<\/h2>\n<p>Jag och min v\u00e4rdfamilj kom mycket bra \u00f6verens, de kom till och med \u00f6ver till Brasilien i \u00e5r. De fick mig att k\u00e4nna mig som en del av familjen. Mina v\u00e4rdf\u00f6r\u00e4ldrar \u00e4r mycket t\u00e5lmodiga och eftersom jag hade tv\u00e5 v\u00e4rdbr\u00f6der som ocks\u00e5 hade gjort ett utbytes\u00e5r kom vi mycket bra \u00f6verens och blev v\u00e4nner p\u00e5 nolltid.<\/p>\n<h2>L\u00e4rdomar<\/h2>\n<p>Som brasilianska \u00e4r min viktigaste l\u00e4rdom fr\u00e5n min tid utomlands att vara punktlig och att vara mycket organiserad med min tid. Den skillnad mellan Brasilien och Tyskland som p\u00e5verkade mig mest, och som jag hade mest problem med, var v\u00e4dret. Jag hade mentalt f\u00f6rberett mig p\u00e5 kylan, men vindarna var brutala!<\/p>\n<h2>Alla mina f\u00f6rv\u00e4ntningar \u00f6vertr\u00e4ffades<\/h2>\n<p>Jag hade h\u00f6ga f\u00f6rv\u00e4ntningar p\u00e5 mitt utbytes\u00e5r, och de \u00f6vertr\u00e4ffades verkligen. Jag k\u00e4nde att STS-teamet verkligen brydde sig om mig och att de gjorde sitt b\u00e4sta f\u00f6r att jag skulle f\u00e5 ett fantastiskt \u00e5r!<\/p>\n<p>P\u00e5 det hela taget var mitt \u00e5r fantastiskt och jag fick v\u00e4nner fr\u00e5n hela v\u00e4rlden. Jag fick ocks\u00e5 massor av fantastiska minnen. Ett som sticker ut mest var n\u00e4r jag m\u00e5lade p\u00e5sk\u00e4gg f\u00f6r f\u00f6rsta g\u00e5ngen. De blev inte s\u00e4rskilt vackra, men jag hade v\u00e4ldigt roligt.<\/p>\n<h2>Rekommendationer<\/h2>\n<p>Jag skulle rekommendera alla att \u00e5ka utomlands, det f\u00f6r\u00e4ndrar din v\u00e4rldsbild och det kan \u00f6ppna m\u00e5nga d\u00f6rrar i framtiden. N\u00e5gra r\u00e5d till dem som ska \u00e5ka \u00e4r att prova lite av allt och inte vara r\u00e4dd f\u00f6r att \u00e5ka. Kasta dig in i den nya kulturen, lita p\u00e5 mig, du kommer att l\u00e4ra dig mycket av det!<\/p>\n<h2>Vill du veta mer?<\/h2>\n<ul><li>L\u00e4s fler <a href=\"https:\/\/www.sts-education.com\/se\/high-school\/vara-utbytesstudenter\/studentberattelser\/?hashtag=Tyskland\">studentber\u00e4ttelser fr\u00e5n Tyskland<\/a><\/li>\n<li>L\u00e4s mer om ett <a href=\"https:\/\/www.sts-education.com\/se\/high-school\/destinationer\/europa\/tyskland\/\">high school-utbyte i Tyskland<\/a><\/li>\n<li>Se alla v\u00e5ra <a href=\"\/se\/high-school\/tripfinder\/\">utbytesdestinationer f\u00f6r high school<\/a><\/li><\/ul>\n<\/div><\/div><\/div>\n","protected":false},"excerpt":{"rendered":"","protected":false},"author":20,"featured_media":14568,"comment_status":"open","ping_status":"open","sticky":false,"template":"","format":"standard","meta":{"_acf_changed":false,"_yoast_wpseo_title":"Celina \u00e5kte p\u00e5 high school-utbyte till Tyskland","_yoast_wpseo_metadesc":"Min tyska skola var mycket tillm\u00f6tesg\u00e5ende och v\u00e4lkomnande. Det var ganska l\u00e4tt att f\u00e5 nya v\u00e4nner i Tyskland, \u00e4ven om de var lite reserverade i b\u00f6rjan. Men med tiden kom vi bra \u00f6verens.","footnotes":""},"categories":[326],"tags":[1039],"wpw_post_folders":[],"class_list":["post-11209","post","type-post","status-publish","format-standard","has-post-thumbnail","hentry","category-okategoriserad","tag-tyskland"],"acf":[],"yoast_head":"<!-- This site is optimized with the Yoast SEO Premium plugin v27.2 (Yoast SEO v27.2) - https:\/\/yoast.com\/product\/yoast-seo-premium-wordpress\/ -->\n<title>Celina \u00e5kte p\u00e5 high school-utbyte till Tyskland<\/title>\n<meta name=\"description\" content=\"Min tyska skola var mycket tillm\u00f6tesg\u00e5ende och v\u00e4lkomnande. Det var ganska l\u00e4tt att f\u00e5 nya v\u00e4nner i Tyskland, \u00e4ven om de var lite reserverade i b\u00f6rjan. Men med tiden kom vi bra \u00f6verens.\" \/>\n<meta name=\"robots\" content=\"index, follow, max-snippet:-1, max-image-preview:large, max-video-preview:-1\" \/>\n<link rel=\"canonical\" href=\"https:\/\/www.sts-education.com\/se\/high-school\/vara-utbytesstudenter\/studentberattelser\/celina-akte-pa-high-school-utbyte-till-tyskland\/\" \/>\n<meta property=\"og:locale\" content=\"sv_SE\" \/>\n<meta property=\"og:type\" content=\"article\" \/>\n<meta property=\"og:title\" content=\"Celina Akte Pa High School Utbyte Till Tyskland\" \/>\n<meta property=\"og:description\" content=\"Min tyska skola var mycket tillm\u00f6tesg\u00e5ende och v\u00e4lkomnande. Det var ganska l\u00e4tt att f\u00e5 nya v\u00e4nner i Tyskland, \u00e4ven om de var lite reserverade i b\u00f6rjan. Men med tiden kom vi bra \u00f6verens.\" \/>\n<meta property=\"og:url\" content=\"https:\/\/www.sts-education.com\/se\/high-school\/vara-utbytesstudenter\/studentberattelser\/celina-akte-pa-high-school-utbyte-till-tyskland\/\" \/>\n<meta property=\"og:site_name\" content=\"STS Education\" \/>\n<meta property=\"article:published_time\" content=\"2024-09-16T15:00:00+00:00\" \/>\n<meta property=\"article:modified_time\" content=\"2026-04-15T09:56:55+00:00\" \/>\n<meta property=\"og:image\" content=\"https:\/\/powered-by.qbank.se\/educatius\/sts\/\/28bde6c83b6239dbd65137fe015fbf21_1-1-thumb.webp\" \/>\n\t<meta property=\"og:image:width\" content=\"150\" \/>\n\t<meta property=\"og:image:height\" content=\"150\" \/>\n\t<meta property=\"og:image:type\" content=\"image\/jpeg\" \/>\n<meta name=\"author\" content=\"syncreadwrite\" \/>\n<meta name=\"twitter:card\" content=\"summary_large_image\" \/>\n<meta name=\"twitter:label1\" content=\"Skriven av\" \/>\n\t<meta name=\"twitter:data1\" content=\"syncreadwrite\" \/>\n\t<meta name=\"twitter:label2\" content=\"Ber\u00e4knad l\u00e4stid\" \/>\n\t<meta name=\"twitter:data2\" content=\"2 minuter\" \/>\n<script type=\"application\/ld+json\" class=\"yoast-schema-graph\">{\"@context\":\"https:\/\/schema.org\",\"@graph\":[{\"@type\":\"Article\",\"@id\":\"https:\/\/www.sts-education.com\/se\/high-school\/vara-utbytesstudenter\/studentberattelser\/celina-akte-pa-high-school-utbyte-till-tyskland\/#article\",\"isPartOf\":{\"@id\":\"https:\/\/www.sts-education.com\/se\/high-school\/vara-utbytesstudenter\/studentberattelser\/celina-akte-pa-high-school-utbyte-till-tyskland\/\"},\"author\":{\"name\":\"syncreadwrite\",\"@id\":\"https:\/\/www.sts-education.com\/se\/#\/schema\/person\/8b82f3a2e45f020b8f296d7a85d9a97c\"},\"headline\":\"Celina Akte Pa High School Utbyte Till Tyskland\",\"datePublished\":\"2024-09-16T15:00:00+00:00\",\"dateModified\":\"2026-04-15T09:56:55+00:00\",\"mainEntityOfPage\":{\"@id\":\"https:\/\/www.sts-education.com\/se\/high-school\/vara-utbytesstudenter\/studentberattelser\/celina-akte-pa-high-school-utbyte-till-tyskland\/\"},\"wordCount\":427,\"commentCount\":0,\"image\":{\"@id\":\"https:\/\/www.sts-education.com\/se\/high-school\/vara-utbytesstudenter\/studentberattelser\/celina-akte-pa-high-school-utbyte-till-tyskland\/#primaryimage\"},\"thumbnailUrl\":\"https:\/\/powered-by.qbank.se\/educatius\/sts\/\/28bde6c83b6239dbd65137fe015fbf21_1-1-thumb.webp\",\"keywords\":[\"Tyskland\"],\"articleSection\":[\"Okategoriserad\"],\"inLanguage\":\"sv-SE\",\"potentialAction\":[{\"@type\":\"CommentAction\",\"name\":\"Comment\",\"target\":[\"https:\/\/www.sts-education.com\/se\/high-school\/vara-utbytesstudenter\/studentberattelser\/celina-akte-pa-high-school-utbyte-till-tyskland\/#respond\"]}]},{\"@type\":\"WebPage\",\"@id\":\"https:\/\/www.sts-education.com\/se\/high-school\/vara-utbytesstudenter\/studentberattelser\/celina-akte-pa-high-school-utbyte-till-tyskland\/\",\"url\":\"https:\/\/www.sts-education.com\/se\/high-school\/vara-utbytesstudenter\/studentberattelser\/celina-akte-pa-high-school-utbyte-till-tyskland\/\",\"name\":\"Celina \u00e5kte p\u00e5 high school-utbyte till Tyskland\",\"isPartOf\":{\"@id\":\"https:\/\/www.sts-education.com\/se\/#website\"},\"primaryImageOfPage\":{\"@id\":\"https:\/\/www.sts-education.com\/se\/high-school\/vara-utbytesstudenter\/studentberattelser\/celina-akte-pa-high-school-utbyte-till-tyskland\/#primaryimage\"},\"image\":{\"@id\":\"https:\/\/www.sts-education.com\/se\/high-school\/vara-utbytesstudenter\/studentberattelser\/celina-akte-pa-high-school-utbyte-till-tyskland\/#primaryimage\"},\"thumbnailUrl\":\"https:\/\/powered-by.qbank.se\/educatius\/sts\/\/28bde6c83b6239dbd65137fe015fbf21_1-1-thumb.webp\",\"datePublished\":\"2024-09-16T15:00:00+00:00\",\"dateModified\":\"2026-04-15T09:56:55+00:00\",\"author\":{\"@id\":\"https:\/\/www.sts-education.com\/se\/#\/schema\/person\/8b82f3a2e45f020b8f296d7a85d9a97c\"},\"description\":\"Min tyska skola var mycket tillm\u00f6tesg\u00e5ende och v\u00e4lkomnande. Det var ganska l\u00e4tt att f\u00e5 nya v\u00e4nner i Tyskland, \u00e4ven om de var lite reserverade i b\u00f6rjan. Men med tiden kom vi bra \u00f6verens.\",\"breadcrumb\":{\"@id\":\"https:\/\/www.sts-education.com\/se\/high-school\/vara-utbytesstudenter\/studentberattelser\/celina-akte-pa-high-school-utbyte-till-tyskland\/#breadcrumb\"},\"inLanguage\":\"sv-SE\",\"potentialAction\":[{\"@type\":\"ReadAction\",\"target\":[\"https:\/\/www.sts-education.com\/se\/high-school\/vara-utbytesstudenter\/studentberattelser\/celina-akte-pa-high-school-utbyte-till-tyskland\/\"]}]},{\"@type\":\"ImageObject\",\"inLanguage\":\"sv-SE\",\"@id\":\"https:\/\/www.sts-education.com\/se\/high-school\/vara-utbytesstudenter\/studentberattelser\/celina-akte-pa-high-school-utbyte-till-tyskland\/#primaryimage\",\"url\":\"https:\/\/powered-by.qbank.se\/educatius\/sts\/\/28bde6c83b6239dbd65137fe015fbf21_1-1-thumb.webp\",\"contentUrl\":\"https:\/\/powered-by.qbank.se\/educatius\/sts\/\/28bde6c83b6239dbd65137fe015fbf21_1-1-thumb.webp\",\"width\":150,\"height\":150},{\"@type\":\"BreadcrumbList\",\"@id\":\"https:\/\/www.sts-education.com\/se\/high-school\/vara-utbytesstudenter\/studentberattelser\/celina-akte-pa-high-school-utbyte-till-tyskland\/#breadcrumb\",\"itemListElement\":[{\"@type\":\"ListItem\",\"position\":1,\"name\":\"Home\",\"item\":\"https:\/\/www.sts-education.com\/se\/\"},{\"@type\":\"ListItem\",\"position\":2,\"name\":\"Celina Akte Pa High School Utbyte Till Tyskland\"}]},{\"@type\":\"WebSite\",\"@id\":\"https:\/\/www.sts-education.com\/se\/#website\",\"url\":\"https:\/\/www.sts-education.com\/se\/\",\"name\":\"STS Education\",\"description\":\"\",\"potentialAction\":[{\"@type\":\"SearchAction\",\"target\":{\"@type\":\"EntryPoint\",\"urlTemplate\":\"https:\/\/www.sts-education.com\/se\/?s={search_term_string}\"},\"query-input\":{\"@type\":\"PropertyValueSpecification\",\"valueRequired\":true,\"valueName\":\"search_term_string\"}}],\"inLanguage\":\"sv-SE\"},{\"@type\":\"Person\",\"@id\":\"https:\/\/www.sts-education.com\/se\/#\/schema\/person\/8b82f3a2e45f020b8f296d7a85d9a97c\",\"name\":\"syncreadwrite\",\"image\":{\"@type\":\"ImageObject\",\"inLanguage\":\"sv-SE\",\"@id\":\"https:\/\/secure.gravatar.com\/avatar\/6ed1007e4f6f43f22e3df41d9fce4365533cba47fef64bb359b8e629abbc2ea6?s=96&d=mm&r=g\",\"url\":\"https:\/\/secure.gravatar.com\/avatar\/6ed1007e4f6f43f22e3df41d9fce4365533cba47fef64bb359b8e629abbc2ea6?s=96&d=mm&r=g\",\"contentUrl\":\"https:\/\/secure.gravatar.com\/avatar\/6ed1007e4f6f43f22e3df41d9fce4365533cba47fef64bb359b8e629abbc2ea6?s=96&d=mm&r=g\",\"caption\":\"syncreadwrite\"},\"url\":\"https:\/\/www.sts-education.com\/se\/author\/syncreadwrite\/\"}]}<\/script>\n<!-- \/ Yoast SEO Premium plugin. -->","yoast_head_json":{"title":"Celina \u00e5kte p\u00e5 high school-utbyte till Tyskland","description":"Min tyska skola var mycket tillm\u00f6tesg\u00e5ende och v\u00e4lkomnande. Det var ganska l\u00e4tt att f\u00e5 nya v\u00e4nner i Tyskland, \u00e4ven om de var lite reserverade i b\u00f6rjan. Men med tiden kom vi bra \u00f6verens.","robots":{"index":"index","follow":"follow","max-snippet":"max-snippet:-1","max-image-preview":"max-image-preview:large","max-video-preview":"max-video-preview:-1"},"canonical":"https:\/\/www.sts-education.com\/se\/high-school\/vara-utbytesstudenter\/studentberattelser\/celina-akte-pa-high-school-utbyte-till-tyskland\/","og_locale":"sv_SE","og_type":"article","og_title":"Celina Akte Pa High School Utbyte Till Tyskland","og_description":"Min tyska skola var mycket tillm\u00f6tesg\u00e5ende och v\u00e4lkomnande. Det var ganska l\u00e4tt att f\u00e5 nya v\u00e4nner i Tyskland, \u00e4ven om de var lite reserverade i b\u00f6rjan. Men med tiden kom vi bra \u00f6verens.","og_url":"https:\/\/www.sts-education.com\/se\/high-school\/vara-utbytesstudenter\/studentberattelser\/celina-akte-pa-high-school-utbyte-till-tyskland\/","og_site_name":"STS Education","article_published_time":"2024-09-16T15:00:00+00:00","article_modified_time":"2026-04-15T09:56:55+00:00","og_image":[{"width":150,"height":150,"url":"https:\/\/powered-by.qbank.se\/educatius\/sts\/\/28bde6c83b6239dbd65137fe015fbf21_1-1-thumb.webp","type":"image\/jpeg"}],"author":"syncreadwrite","twitter_card":"summary_large_image","twitter_misc":{"Skriven av":"syncreadwrite","Ber\u00e4knad l\u00e4stid":"2 minuter"},"schema":{"@context":"https:\/\/schema.org","@graph":[{"@type":"Article","@id":"https:\/\/www.sts-education.com\/se\/high-school\/vara-utbytesstudenter\/studentberattelser\/celina-akte-pa-high-school-utbyte-till-tyskland\/#article","isPartOf":{"@id":"https:\/\/www.sts-education.com\/se\/high-school\/vara-utbytesstudenter\/studentberattelser\/celina-akte-pa-high-school-utbyte-till-tyskland\/"},"author":{"name":"syncreadwrite","@id":"https:\/\/www.sts-education.com\/se\/#\/schema\/person\/8b82f3a2e45f020b8f296d7a85d9a97c"},"headline":"Celina Akte Pa High School Utbyte Till Tyskland","datePublished":"2024-09-16T15:00:00+00:00","dateModified":"2026-04-15T09:56:55+00:00","mainEntityOfPage":{"@id":"https:\/\/www.sts-education.com\/se\/high-school\/vara-utbytesstudenter\/studentberattelser\/celina-akte-pa-high-school-utbyte-till-tyskland\/"},"wordCount":427,"commentCount":0,"image":{"@id":"https:\/\/www.sts-education.com\/se\/high-school\/vara-utbytesstudenter\/studentberattelser\/celina-akte-pa-high-school-utbyte-till-tyskland\/#primaryimage"},"thumbnailUrl":"https:\/\/powered-by.qbank.se\/educatius\/sts\/\/28bde6c83b6239dbd65137fe015fbf21_1-1-thumb.webp","keywords":["Tyskland"],"articleSection":["Okategoriserad"],"inLanguage":"sv-SE","potentialAction":[{"@type":"CommentAction","name":"Comment","target":["https:\/\/www.sts-education.com\/se\/high-school\/vara-utbytesstudenter\/studentberattelser\/celina-akte-pa-high-school-utbyte-till-tyskland\/#respond"]}]},{"@type":"WebPage","@id":"https:\/\/www.sts-education.com\/se\/high-school\/vara-utbytesstudenter\/studentberattelser\/celina-akte-pa-high-school-utbyte-till-tyskland\/","url":"https:\/\/www.sts-education.com\/se\/high-school\/vara-utbytesstudenter\/studentberattelser\/celina-akte-pa-high-school-utbyte-till-tyskland\/","name":"Celina \u00e5kte p\u00e5 high school-utbyte till Tyskland","isPartOf":{"@id":"https:\/\/www.sts-education.com\/se\/#website"},"primaryImageOfPage":{"@id":"https:\/\/www.sts-education.com\/se\/high-school\/vara-utbytesstudenter\/studentberattelser\/celina-akte-pa-high-school-utbyte-till-tyskland\/#primaryimage"},"image":{"@id":"https:\/\/www.sts-education.com\/se\/high-school\/vara-utbytesstudenter\/studentberattelser\/celina-akte-pa-high-school-utbyte-till-tyskland\/#primaryimage"},"thumbnailUrl":"https:\/\/powered-by.qbank.se\/educatius\/sts\/\/28bde6c83b6239dbd65137fe015fbf21_1-1-thumb.webp","datePublished":"2024-09-16T15:00:00+00:00","dateModified":"2026-04-15T09:56:55+00:00","author":{"@id":"https:\/\/www.sts-education.com\/se\/#\/schema\/person\/8b82f3a2e45f020b8f296d7a85d9a97c"},"description":"Min tyska skola var mycket tillm\u00f6tesg\u00e5ende och v\u00e4lkomnande. Det var ganska l\u00e4tt att f\u00e5 nya v\u00e4nner i Tyskland, \u00e4ven om de var lite reserverade i b\u00f6rjan. Men med tiden kom vi bra \u00f6verens.","breadcrumb":{"@id":"https:\/\/www.sts-education.com\/se\/high-school\/vara-utbytesstudenter\/studentberattelser\/celina-akte-pa-high-school-utbyte-till-tyskland\/#breadcrumb"},"inLanguage":"sv-SE","potentialAction":[{"@type":"ReadAction","target":["https:\/\/www.sts-education.com\/se\/high-school\/vara-utbytesstudenter\/studentberattelser\/celina-akte-pa-high-school-utbyte-till-tyskland\/"]}]},{"@type":"ImageObject","inLanguage":"sv-SE","@id":"https:\/\/www.sts-education.com\/se\/high-school\/vara-utbytesstudenter\/studentberattelser\/celina-akte-pa-high-school-utbyte-till-tyskland\/#primaryimage","url":"https:\/\/powered-by.qbank.se\/educatius\/sts\/\/28bde6c83b6239dbd65137fe015fbf21_1-1-thumb.webp","contentUrl":"https:\/\/powered-by.qbank.se\/educatius\/sts\/\/28bde6c83b6239dbd65137fe015fbf21_1-1-thumb.webp","width":150,"height":150},{"@type":"BreadcrumbList","@id":"https:\/\/www.sts-education.com\/se\/high-school\/vara-utbytesstudenter\/studentberattelser\/celina-akte-pa-high-school-utbyte-till-tyskland\/#breadcrumb","itemListElement":[{"@type":"ListItem","position":1,"name":"Home","item":"https:\/\/www.sts-education.com\/se\/"},{"@type":"ListItem","position":2,"name":"Celina Akte Pa High School Utbyte Till Tyskland"}]},{"@type":"WebSite","@id":"https:\/\/www.sts-education.com\/se\/#website","url":"https:\/\/www.sts-education.com\/se\/","name":"STS Education","description":"","potentialAction":[{"@type":"SearchAction","target":{"@type":"EntryPoint","urlTemplate":"https:\/\/www.sts-education.com\/se\/?s={search_term_string}"},"query-input":{"@type":"PropertyValueSpecification","valueRequired":true,"valueName":"search_term_string"}}],"inLanguage":"sv-SE"},{"@type":"Person","@id":"https:\/\/www.sts-education.com\/se\/#\/schema\/person\/8b82f3a2e45f020b8f296d7a85d9a97c","name":"syncreadwrite","image":{"@type":"ImageObject","inLanguage":"sv-SE","@id":"https:\/\/secure.gravatar.com\/avatar\/6ed1007e4f6f43f22e3df41d9fce4365533cba47fef64bb359b8e629abbc2ea6?s=96&d=mm&r=g","url":"https:\/\/secure.gravatar.com\/avatar\/6ed1007e4f6f43f22e3df41d9fce4365533cba47fef64bb359b8e629abbc2ea6?s=96&d=mm&r=g","contentUrl":"https:\/\/secure.gravatar.com\/avatar\/6ed1007e4f6f43f22e3df41d9fce4365533cba47fef64bb359b8e629abbc2ea6?s=96&d=mm&r=g","caption":"syncreadwrite"},"url":"https:\/\/www.sts-education.com\/se\/author\/syncreadwrite\/"}]}},"_links":{"self":[{"href":"https:\/\/www.sts-education.com\/se\/wp-json\/wp\/v2\/posts\/11209","targetHints":{"allow":["GET"]}}],"collection":[{"href":"https:\/\/www.sts-education.com\/se\/wp-json\/wp\/v2\/posts"}],"about":[{"href":"https:\/\/www.sts-education.com\/se\/wp-json\/wp\/v2\/types\/post"}],"author":[{"embeddable":true,"href":"https:\/\/www.sts-education.com\/se\/wp-json\/wp\/v2\/users\/20"}],"replies":[{"embeddable":true,"href":"https:\/\/www.sts-education.com\/se\/wp-json\/wp\/v2\/comments?post=11209"}],"version-history":[{"count":6,"href":"https:\/\/www.sts-education.com\/se\/wp-json\/wp\/v2\/posts\/11209\/revisions"}],"predecessor-version":[{"id":36625,"href":"https:\/\/www.sts-education.com\/se\/wp-json\/wp\/v2\/posts\/11209\/revisions\/36625"}],"wp:featuredmedia":[{"embeddable":true,"href":"https:\/\/www.sts-education.com\/se\/wp-json\/wp\/v2\/media\/14568"}],"wp:attachment":[{"href":"https:\/\/www.sts-education.com\/se\/wp-json\/wp\/v2\/media?parent=11209"}],"wp:term":[{"taxonomy":"category","embeddable":true,"href":"https:\/\/www.sts-education.com\/se\/wp-json\/wp\/v2\/categories?post=11209"},{"taxonomy":"post_tag","embeddable":true,"href":"https:\/\/www.sts-education.com\/se\/wp-json\/wp\/v2\/tags?post=11209"},{"taxonomy":"wpw_post_folders","embeddable":true,"href":"https:\/\/www.sts-education.com\/se\/wp-json\/wp\/v2\/wpw_post_folders?post=11209"}],"curies":[{"name":"wp","href":"https:\/\/api.w.org\/{rel}","templated":true}]}}