{"id":11212,"date":"2024-09-09T15:00:00","date_gmt":"2024-09-09T13:00:00","guid":{"rendered":"https:\/\/preprod.sts-education.com\/blog\/2026\/03\/05\/grace-pluggade-utomlands-i-nederlanderna\/"},"modified":"2026-04-29T09:57:00","modified_gmt":"2026-04-29T07:57:00","slug":"grace-pluggade-utomlands-i-nederlanderna","status":"publish","type":"post","link":"https:\/\/www.sts-education.com\/se\/high-school\/vara-utbytesstudenter\/studentberattelser\/grace-pluggade-utomlands-i-nederlanderna\/","title":{"rendered":"Grace pluggade utomlands i Nederl\u00e4nderna"},"content":{"rendered":"\n<div class=\"wp-block-sts-text sts-text-editor has-max-width-md\"><div class=\"sts-text-editor__content\"><div class=\"sts-text-editor__content-inner\">\n<h1 style=\"text-align:center\">Grace pluggade utomlands i Nederl\u00e4nderna<\/h1>\n<\/div><\/div><\/div>\n\n\n\n<figure class=\"wp-block-sts-image sts-block-image sts-block-image--count-1 has-max-width-lg\" data-count=\"1\"><div class=\"sts-block-image__grid\"><div class=\"sts-block-image__item\"><picture class=\"sts-responsive-image has-fit-cover has-pos-top is-skeleton\"><source media=\"(max-width: 834.98px)\" srcset=\"https:\/\/powered-by.qbank.se\/educatius\/sts\/92fb1a68b412d1f8a31b1dd8c8e2ef16_1-1-thumb.webp 150w, https:\/\/powered-by.qbank.se\/educatius\/sts\/92fb1a68b412d1f8a31b1dd8c8e2ef16_1-1-xsmall.webp 500w, https:\/\/powered-by.qbank.se\/educatius\/sts\/92fb1a68b412d1f8a31b1dd8c8e2ef16_1-1-small.webp 800w, https:\/\/powered-by.qbank.se\/educatius\/sts\/92fb1a68b412d1f8a31b1dd8c8e2ef16_1-1-medium.webp 1024w, https:\/\/powered-by.qbank.se\/educatius\/sts\/92fb1a68b412d1f8a31b1dd8c8e2ef16_1-1-large.webp 1536w\" sizes=\"(max-width: 768px) 100vw, (max-width: 1200px) 100vw, 1200px\" type=\"image\/webp\"\/><source media=\"(min-width: 835px)\" srcset=\"https:\/\/powered-by.qbank.se\/educatius\/sts\/92fb1a68b412d1f8a31b1dd8c8e2ef16_16-9-small.webp 800w, https:\/\/powered-by.qbank.se\/educatius\/sts\/92fb1a68b412d1f8a31b1dd8c8e2ef16_16-9-medium.webp 1024w, https:\/\/powered-by.qbank.se\/educatius\/sts\/92fb1a68b412d1f8a31b1dd8c8e2ef16_16-9-large.webp 1536w\" sizes=\"(max-width: 768px) 100vw, (max-width: 1200px) 100vw, 1200px\" type=\"image\/webp\"\/><img src=\"https:\/\/powered-by.qbank.se\/educatius\/sts\/92fb1a68b412d1f8a31b1dd8c8e2ef16_1-1-thumb.webp\" alt=\"Grace pluggade utomlands i Nederl\u00e4nderna\" loading=\"lazy\" decoding=\"async\" fetchpriority=\"low\" style=\"object-position:top\"\/><\/picture><\/div><\/div><\/figure>\n\n\n\n<div class=\"wp-block-sts-text sts-text-editor has-max-width-md\"><div class=\"sts-text-editor__content\"><div class=\"sts-text-editor__content-inner\">\n<p><em>Grace fr\u00e5n Nya Zeeland var p\u00e5 utbyte i Nederl\u00e4nderna.<\/em><\/p>\n<\/div><\/div><\/div>\n\n\n\n<div class=\"wp-block-sts-text sts-text-editor has-max-width-md\"><div class=\"sts-text-editor__content\"><div class=\"sts-text-editor__content-inner\">\n<p>Jag valde att \u00e5ka till Nederl\u00e4nderna eftersom min familj ursprungligen kommer d\u00e4rifr\u00e5n. Jag t\u00e4nkte att det skulle vara kul att l\u00e4ra sig spr\u00e5ket, l\u00e4ra sig om historien, byggnaderna och smaka p\u00e5 all mat. Jag \u00e4lskar maten! Speciellt bitterballen, pindakaas och oliebollen.<\/p>\n<p>M\u00e4nniskor har varit mycket v\u00e4lkomnande. Skolan \u00e4r mycket st\u00f6rre \u00e4n vad jag \u00e4r van vid, l\u00e4rarna \u00e4r trevliga och avslappnade, eleverna \u00e4r ivriga att l\u00e4ra sig och alla talar engelska mycket bra. Jag l\u00e4ser engelska, historia, holl\u00e4ndska, matematik, idrott, religion och konst. Det \u00e4r intressant att se dynamiken i klassen. Jag har m\u00e4rkt att klasskamraterna h\u00e4r tenderar att vara mycket n\u00e4rmare \u00e4n i NZ.<\/p>\n<p>Min v\u00e4rdfamilj har varit fantastisk. Jag \u00e4r s\u00e4rskilt n\u00e4ra min v\u00e4rdsyster; vi har liknande intressen och g\u00f6r mycket saker tillsammans. Mina v\u00e4rdf\u00f6r\u00e4ldrar \u00e4lskar att resa runt i landet och visa mig nya saker, vilket jag verkligen uppskattar. Som familj har vi ocks\u00e5 en br\u00e4dspelskv\u00e4ll varje vecka, vilket jag \u00e4lskar. Matchningen med dem har varit perfekt, och jag \u00e4r 100% s\u00e4ker p\u00e5 att vi kommer att h\u00e5lla kontakten och f\u00f6rhoppningsvis tr\u00e4ffas snart igen!<\/p>\n<p>Om jag skulle kunna ge framtida v\u00e4rdfamiljer ett r\u00e5d skulle jag s\u00e4ga: uppmuntra din student att prova allt. De kanske inte \u00e4lskar allt, men de kommer att vara tacksamma i slut\u00e4ndan f\u00f6r att de har provat n\u00e5got nytt.<\/p>\n<h2>Vill du veta mer?<\/h2>\n<ul>\n<li>L\u00e4s fler <a href=\"https:\/\/www.sts-education.com\/se\/high-school\/vara-utbytesstudenter\/studentberattelser\/?hashtag=Nederl%c3%a4nderna\">studentber\u00e4ttelser fr\u00e5n Nederl\u00e4nderna<\/a><\/li>\n<li>L\u00e4s mer om ett <a href=\"https:\/\/www.sts-education.com\/se\/high-school\/destinationer\/europa\/nederlanderna\/\">high school-utbyte i Nederl\u00e4nderna<\/a><\/li>\n<li>Se alla v\u00e5ra <a href=\"\/se\/high-school\/tripfinder\/\">utbytesdestinationer f\u00f6r high school<\/a><\/li>\n<\/ul>\n<\/div><\/div><\/div>\n","protected":false},"excerpt":{"rendered":"","protected":false},"author":20,"featured_media":14574,"comment_status":"open","ping_status":"open","sticky":false,"template":"","format":"standard","meta":{"_acf_changed":false,"_yoast_wpseo_title":"Grace pluggade utomlands i Nederl\u00e4nderna","_yoast_wpseo_metadesc":"M\u00e4nniskor har varit mycket v\u00e4lkomnande. Skolan \u00e4r mycket st\u00f6rre \u00e4n vad jag \u00e4r van vid, l\u00e4rarna \u00e4r trevliga och avslappnade, eleverna \u00e4r ivriga att l\u00e4ra sig och alla talar engelska mycket bra.","footnotes":""},"categories":[326],"tags":[1043],"wpw_post_folders":[],"class_list":["post-11212","post","type-post","status-publish","format-standard","has-post-thumbnail","hentry","category-okategoriserad","tag-nederlanderna"],"acf":[],"yoast_head":"<!-- This site is optimized with the Yoast SEO Premium plugin v27.2 (Yoast SEO v27.2) - https:\/\/yoast.com\/product\/yoast-seo-premium-wordpress\/ -->\n<title>Grace pluggade utomlands i Nederl\u00e4nderna<\/title>\n<meta name=\"description\" content=\"M\u00e4nniskor har varit mycket v\u00e4lkomnande. Skolan \u00e4r mycket st\u00f6rre \u00e4n vad jag \u00e4r van vid, l\u00e4rarna \u00e4r trevliga och avslappnade, eleverna \u00e4r ivriga att l\u00e4ra sig och alla talar engelska mycket bra.\" \/>\n<meta name=\"robots\" content=\"index, follow, max-snippet:-1, max-image-preview:large, max-video-preview:-1\" \/>\n<link rel=\"canonical\" href=\"https:\/\/www.sts-education.com\/se\/high-school\/vara-utbytesstudenter\/studentberattelser\/grace-pluggade-utomlands-i-nederlanderna\/\" \/>\n<meta property=\"og:locale\" content=\"sv_SE\" \/>\n<meta property=\"og:type\" content=\"article\" \/>\n<meta property=\"og:title\" content=\"Grace pluggade utomlands i Nederl\u00e4nderna\" \/>\n<meta property=\"og:description\" content=\"M\u00e4nniskor har varit mycket v\u00e4lkomnande. Skolan \u00e4r mycket st\u00f6rre \u00e4n vad jag \u00e4r van vid, l\u00e4rarna \u00e4r trevliga och avslappnade, eleverna \u00e4r ivriga att l\u00e4ra sig och alla talar engelska mycket bra.\" \/>\n<meta property=\"og:url\" content=\"https:\/\/www.sts-education.com\/se\/high-school\/vara-utbytesstudenter\/studentberattelser\/grace-pluggade-utomlands-i-nederlanderna\/\" \/>\n<meta property=\"og:site_name\" content=\"STS Education\" \/>\n<meta property=\"article:published_time\" content=\"2024-09-09T13:00:00+00:00\" \/>\n<meta property=\"article:modified_time\" content=\"2026-04-29T07:57:00+00:00\" \/>\n<meta property=\"og:image\" content=\"https:\/\/powered-by.qbank.se\/educatius\/sts\/\/92fb1a68b412d1f8a31b1dd8c8e2ef16_1-1-thumb.webp\" \/>\n\t<meta property=\"og:image:width\" content=\"150\" \/>\n\t<meta property=\"og:image:height\" content=\"150\" \/>\n\t<meta property=\"og:image:type\" content=\"image\/jpeg\" \/>\n<meta name=\"author\" content=\"syncreadwrite\" \/>\n<meta name=\"twitter:card\" content=\"summary_large_image\" \/>\n<meta name=\"twitter:label1\" content=\"Skriven av\" \/>\n\t<meta name=\"twitter:data1\" content=\"syncreadwrite\" \/>\n\t<meta name=\"twitter:label2\" content=\"Ber\u00e4knad l\u00e4stid\" \/>\n\t<meta name=\"twitter:data2\" content=\"2 minuter\" \/>\n<script type=\"application\/ld+json\" class=\"yoast-schema-graph\">{\"@context\":\"https:\/\/schema.org\",\"@graph\":[{\"@type\":\"Article\",\"@id\":\"https:\/\/www.sts-education.com\/se\/high-school\/vara-utbytesstudenter\/studentberattelser\/grace-pluggade-utomlands-i-nederlanderna\/#article\",\"isPartOf\":{\"@id\":\"https:\/\/www.sts-education.com\/se\/high-school\/vara-utbytesstudenter\/studentberattelser\/grace-pluggade-utomlands-i-nederlanderna\/\"},\"author\":{\"name\":\"syncreadwrite\",\"@id\":\"https:\/\/www.sts-education.com\/se\/#\/schema\/person\/8b82f3a2e45f020b8f296d7a85d9a97c\"},\"headline\":\"Grace pluggade utomlands i Nederl\u00e4nderna\",\"datePublished\":\"2024-09-09T13:00:00+00:00\",\"dateModified\":\"2026-04-29T07:57:00+00:00\",\"mainEntityOfPage\":{\"@id\":\"https:\/\/www.sts-education.com\/se\/high-school\/vara-utbytesstudenter\/studentberattelser\/grace-pluggade-utomlands-i-nederlanderna\/\"},\"wordCount\":306,\"commentCount\":0,\"image\":{\"@id\":\"https:\/\/www.sts-education.com\/se\/high-school\/vara-utbytesstudenter\/studentberattelser\/grace-pluggade-utomlands-i-nederlanderna\/#primaryimage\"},\"thumbnailUrl\":\"https:\/\/powered-by.qbank.se\/educatius\/sts\/\/92fb1a68b412d1f8a31b1dd8c8e2ef16_1-1-thumb.webp\",\"keywords\":[\"Nederl\u00e4nderna\"],\"articleSection\":[\"Okategoriserad\"],\"inLanguage\":\"sv-SE\",\"potentialAction\":[{\"@type\":\"CommentAction\",\"name\":\"Comment\",\"target\":[\"https:\/\/www.sts-education.com\/se\/high-school\/vara-utbytesstudenter\/studentberattelser\/grace-pluggade-utomlands-i-nederlanderna\/#respond\"]}]},{\"@type\":\"WebPage\",\"@id\":\"https:\/\/www.sts-education.com\/se\/high-school\/vara-utbytesstudenter\/studentberattelser\/grace-pluggade-utomlands-i-nederlanderna\/\",\"url\":\"https:\/\/www.sts-education.com\/se\/high-school\/vara-utbytesstudenter\/studentberattelser\/grace-pluggade-utomlands-i-nederlanderna\/\",\"name\":\"Grace pluggade utomlands i Nederl\u00e4nderna\",\"isPartOf\":{\"@id\":\"https:\/\/www.sts-education.com\/se\/#website\"},\"primaryImageOfPage\":{\"@id\":\"https:\/\/www.sts-education.com\/se\/high-school\/vara-utbytesstudenter\/studentberattelser\/grace-pluggade-utomlands-i-nederlanderna\/#primaryimage\"},\"image\":{\"@id\":\"https:\/\/www.sts-education.com\/se\/high-school\/vara-utbytesstudenter\/studentberattelser\/grace-pluggade-utomlands-i-nederlanderna\/#primaryimage\"},\"thumbnailUrl\":\"https:\/\/powered-by.qbank.se\/educatius\/sts\/\/92fb1a68b412d1f8a31b1dd8c8e2ef16_1-1-thumb.webp\",\"datePublished\":\"2024-09-09T13:00:00+00:00\",\"dateModified\":\"2026-04-29T07:57:00+00:00\",\"author\":{\"@id\":\"https:\/\/www.sts-education.com\/se\/#\/schema\/person\/8b82f3a2e45f020b8f296d7a85d9a97c\"},\"description\":\"M\u00e4nniskor har varit mycket v\u00e4lkomnande. Skolan \u00e4r mycket st\u00f6rre \u00e4n vad jag \u00e4r van vid, l\u00e4rarna \u00e4r trevliga och avslappnade, eleverna \u00e4r ivriga att l\u00e4ra sig och alla talar engelska mycket bra.\",\"breadcrumb\":{\"@id\":\"https:\/\/www.sts-education.com\/se\/high-school\/vara-utbytesstudenter\/studentberattelser\/grace-pluggade-utomlands-i-nederlanderna\/#breadcrumb\"},\"inLanguage\":\"sv-SE\",\"potentialAction\":[{\"@type\":\"ReadAction\",\"target\":[\"https:\/\/www.sts-education.com\/se\/high-school\/vara-utbytesstudenter\/studentberattelser\/grace-pluggade-utomlands-i-nederlanderna\/\"]}]},{\"@type\":\"ImageObject\",\"inLanguage\":\"sv-SE\",\"@id\":\"https:\/\/www.sts-education.com\/se\/high-school\/vara-utbytesstudenter\/studentberattelser\/grace-pluggade-utomlands-i-nederlanderna\/#primaryimage\",\"url\":\"https:\/\/powered-by.qbank.se\/educatius\/sts\/\/92fb1a68b412d1f8a31b1dd8c8e2ef16_1-1-thumb.webp\",\"contentUrl\":\"https:\/\/powered-by.qbank.se\/educatius\/sts\/\/92fb1a68b412d1f8a31b1dd8c8e2ef16_1-1-thumb.webp\",\"width\":150,\"height\":150},{\"@type\":\"BreadcrumbList\",\"@id\":\"https:\/\/www.sts-education.com\/se\/high-school\/vara-utbytesstudenter\/studentberattelser\/grace-pluggade-utomlands-i-nederlanderna\/#breadcrumb\",\"itemListElement\":[{\"@type\":\"ListItem\",\"position\":1,\"name\":\"Home\",\"item\":\"https:\/\/www.sts-education.com\/se\/\"},{\"@type\":\"ListItem\",\"position\":2,\"name\":\"Grace pluggade utomlands i Nederl\u00e4nderna\"}]},{\"@type\":\"WebSite\",\"@id\":\"https:\/\/www.sts-education.com\/se\/#website\",\"url\":\"https:\/\/www.sts-education.com\/se\/\",\"name\":\"STS Education\",\"description\":\"\",\"potentialAction\":[{\"@type\":\"SearchAction\",\"target\":{\"@type\":\"EntryPoint\",\"urlTemplate\":\"https:\/\/www.sts-education.com\/se\/?s={search_term_string}\"},\"query-input\":{\"@type\":\"PropertyValueSpecification\",\"valueRequired\":true,\"valueName\":\"search_term_string\"}}],\"inLanguage\":\"sv-SE\"},{\"@type\":\"Person\",\"@id\":\"https:\/\/www.sts-education.com\/se\/#\/schema\/person\/8b82f3a2e45f020b8f296d7a85d9a97c\",\"name\":\"syncreadwrite\",\"image\":{\"@type\":\"ImageObject\",\"inLanguage\":\"sv-SE\",\"@id\":\"https:\/\/secure.gravatar.com\/avatar\/6ed1007e4f6f43f22e3df41d9fce4365533cba47fef64bb359b8e629abbc2ea6?s=96&d=mm&r=g\",\"url\":\"https:\/\/secure.gravatar.com\/avatar\/6ed1007e4f6f43f22e3df41d9fce4365533cba47fef64bb359b8e629abbc2ea6?s=96&d=mm&r=g\",\"contentUrl\":\"https:\/\/secure.gravatar.com\/avatar\/6ed1007e4f6f43f22e3df41d9fce4365533cba47fef64bb359b8e629abbc2ea6?s=96&d=mm&r=g\",\"caption\":\"syncreadwrite\"},\"url\":\"https:\/\/www.sts-education.com\/se\/author\/syncreadwrite\/\"}]}<\/script>\n<!-- \/ Yoast SEO Premium plugin. -->","yoast_head_json":{"title":"Grace pluggade utomlands i Nederl\u00e4nderna","description":"M\u00e4nniskor har varit mycket v\u00e4lkomnande. Skolan \u00e4r mycket st\u00f6rre \u00e4n vad jag \u00e4r van vid, l\u00e4rarna \u00e4r trevliga och avslappnade, eleverna \u00e4r ivriga att l\u00e4ra sig och alla talar engelska mycket bra.","robots":{"index":"index","follow":"follow","max-snippet":"max-snippet:-1","max-image-preview":"max-image-preview:large","max-video-preview":"max-video-preview:-1"},"canonical":"https:\/\/www.sts-education.com\/se\/high-school\/vara-utbytesstudenter\/studentberattelser\/grace-pluggade-utomlands-i-nederlanderna\/","og_locale":"sv_SE","og_type":"article","og_title":"Grace pluggade utomlands i Nederl\u00e4nderna","og_description":"M\u00e4nniskor har varit mycket v\u00e4lkomnande. Skolan \u00e4r mycket st\u00f6rre \u00e4n vad jag \u00e4r van vid, l\u00e4rarna \u00e4r trevliga och avslappnade, eleverna \u00e4r ivriga att l\u00e4ra sig och alla talar engelska mycket bra.","og_url":"https:\/\/www.sts-education.com\/se\/high-school\/vara-utbytesstudenter\/studentberattelser\/grace-pluggade-utomlands-i-nederlanderna\/","og_site_name":"STS Education","article_published_time":"2024-09-09T13:00:00+00:00","article_modified_time":"2026-04-29T07:57:00+00:00","og_image":[{"width":150,"height":150,"url":"https:\/\/powered-by.qbank.se\/educatius\/sts\/\/92fb1a68b412d1f8a31b1dd8c8e2ef16_1-1-thumb.webp","type":"image\/jpeg"}],"author":"syncreadwrite","twitter_card":"summary_large_image","twitter_misc":{"Skriven av":"syncreadwrite","Ber\u00e4knad l\u00e4stid":"2 minuter"},"schema":{"@context":"https:\/\/schema.org","@graph":[{"@type":"Article","@id":"https:\/\/www.sts-education.com\/se\/high-school\/vara-utbytesstudenter\/studentberattelser\/grace-pluggade-utomlands-i-nederlanderna\/#article","isPartOf":{"@id":"https:\/\/www.sts-education.com\/se\/high-school\/vara-utbytesstudenter\/studentberattelser\/grace-pluggade-utomlands-i-nederlanderna\/"},"author":{"name":"syncreadwrite","@id":"https:\/\/www.sts-education.com\/se\/#\/schema\/person\/8b82f3a2e45f020b8f296d7a85d9a97c"},"headline":"Grace pluggade utomlands i Nederl\u00e4nderna","datePublished":"2024-09-09T13:00:00+00:00","dateModified":"2026-04-29T07:57:00+00:00","mainEntityOfPage":{"@id":"https:\/\/www.sts-education.com\/se\/high-school\/vara-utbytesstudenter\/studentberattelser\/grace-pluggade-utomlands-i-nederlanderna\/"},"wordCount":306,"commentCount":0,"image":{"@id":"https:\/\/www.sts-education.com\/se\/high-school\/vara-utbytesstudenter\/studentberattelser\/grace-pluggade-utomlands-i-nederlanderna\/#primaryimage"},"thumbnailUrl":"https:\/\/powered-by.qbank.se\/educatius\/sts\/\/92fb1a68b412d1f8a31b1dd8c8e2ef16_1-1-thumb.webp","keywords":["Nederl\u00e4nderna"],"articleSection":["Okategoriserad"],"inLanguage":"sv-SE","potentialAction":[{"@type":"CommentAction","name":"Comment","target":["https:\/\/www.sts-education.com\/se\/high-school\/vara-utbytesstudenter\/studentberattelser\/grace-pluggade-utomlands-i-nederlanderna\/#respond"]}]},{"@type":"WebPage","@id":"https:\/\/www.sts-education.com\/se\/high-school\/vara-utbytesstudenter\/studentberattelser\/grace-pluggade-utomlands-i-nederlanderna\/","url":"https:\/\/www.sts-education.com\/se\/high-school\/vara-utbytesstudenter\/studentberattelser\/grace-pluggade-utomlands-i-nederlanderna\/","name":"Grace pluggade utomlands i Nederl\u00e4nderna","isPartOf":{"@id":"https:\/\/www.sts-education.com\/se\/#website"},"primaryImageOfPage":{"@id":"https:\/\/www.sts-education.com\/se\/high-school\/vara-utbytesstudenter\/studentberattelser\/grace-pluggade-utomlands-i-nederlanderna\/#primaryimage"},"image":{"@id":"https:\/\/www.sts-education.com\/se\/high-school\/vara-utbytesstudenter\/studentberattelser\/grace-pluggade-utomlands-i-nederlanderna\/#primaryimage"},"thumbnailUrl":"https:\/\/powered-by.qbank.se\/educatius\/sts\/\/92fb1a68b412d1f8a31b1dd8c8e2ef16_1-1-thumb.webp","datePublished":"2024-09-09T13:00:00+00:00","dateModified":"2026-04-29T07:57:00+00:00","author":{"@id":"https:\/\/www.sts-education.com\/se\/#\/schema\/person\/8b82f3a2e45f020b8f296d7a85d9a97c"},"description":"M\u00e4nniskor har varit mycket v\u00e4lkomnande. Skolan \u00e4r mycket st\u00f6rre \u00e4n vad jag \u00e4r van vid, l\u00e4rarna \u00e4r trevliga och avslappnade, eleverna \u00e4r ivriga att l\u00e4ra sig och alla talar engelska mycket bra.","breadcrumb":{"@id":"https:\/\/www.sts-education.com\/se\/high-school\/vara-utbytesstudenter\/studentberattelser\/grace-pluggade-utomlands-i-nederlanderna\/#breadcrumb"},"inLanguage":"sv-SE","potentialAction":[{"@type":"ReadAction","target":["https:\/\/www.sts-education.com\/se\/high-school\/vara-utbytesstudenter\/studentberattelser\/grace-pluggade-utomlands-i-nederlanderna\/"]}]},{"@type":"ImageObject","inLanguage":"sv-SE","@id":"https:\/\/www.sts-education.com\/se\/high-school\/vara-utbytesstudenter\/studentberattelser\/grace-pluggade-utomlands-i-nederlanderna\/#primaryimage","url":"https:\/\/powered-by.qbank.se\/educatius\/sts\/\/92fb1a68b412d1f8a31b1dd8c8e2ef16_1-1-thumb.webp","contentUrl":"https:\/\/powered-by.qbank.se\/educatius\/sts\/\/92fb1a68b412d1f8a31b1dd8c8e2ef16_1-1-thumb.webp","width":150,"height":150},{"@type":"BreadcrumbList","@id":"https:\/\/www.sts-education.com\/se\/high-school\/vara-utbytesstudenter\/studentberattelser\/grace-pluggade-utomlands-i-nederlanderna\/#breadcrumb","itemListElement":[{"@type":"ListItem","position":1,"name":"Home","item":"https:\/\/www.sts-education.com\/se\/"},{"@type":"ListItem","position":2,"name":"Grace pluggade utomlands i Nederl\u00e4nderna"}]},{"@type":"WebSite","@id":"https:\/\/www.sts-education.com\/se\/#website","url":"https:\/\/www.sts-education.com\/se\/","name":"STS Education","description":"","potentialAction":[{"@type":"SearchAction","target":{"@type":"EntryPoint","urlTemplate":"https:\/\/www.sts-education.com\/se\/?s={search_term_string}"},"query-input":{"@type":"PropertyValueSpecification","valueRequired":true,"valueName":"search_term_string"}}],"inLanguage":"sv-SE"},{"@type":"Person","@id":"https:\/\/www.sts-education.com\/se\/#\/schema\/person\/8b82f3a2e45f020b8f296d7a85d9a97c","name":"syncreadwrite","image":{"@type":"ImageObject","inLanguage":"sv-SE","@id":"https:\/\/secure.gravatar.com\/avatar\/6ed1007e4f6f43f22e3df41d9fce4365533cba47fef64bb359b8e629abbc2ea6?s=96&d=mm&r=g","url":"https:\/\/secure.gravatar.com\/avatar\/6ed1007e4f6f43f22e3df41d9fce4365533cba47fef64bb359b8e629abbc2ea6?s=96&d=mm&r=g","contentUrl":"https:\/\/secure.gravatar.com\/avatar\/6ed1007e4f6f43f22e3df41d9fce4365533cba47fef64bb359b8e629abbc2ea6?s=96&d=mm&r=g","caption":"syncreadwrite"},"url":"https:\/\/www.sts-education.com\/se\/author\/syncreadwrite\/"}]}},"_links":{"self":[{"href":"https:\/\/www.sts-education.com\/se\/wp-json\/wp\/v2\/posts\/11212","targetHints":{"allow":["GET"]}}],"collection":[{"href":"https:\/\/www.sts-education.com\/se\/wp-json\/wp\/v2\/posts"}],"about":[{"href":"https:\/\/www.sts-education.com\/se\/wp-json\/wp\/v2\/types\/post"}],"author":[{"embeddable":true,"href":"https:\/\/www.sts-education.com\/se\/wp-json\/wp\/v2\/users\/20"}],"replies":[{"embeddable":true,"href":"https:\/\/www.sts-education.com\/se\/wp-json\/wp\/v2\/comments?post=11212"}],"version-history":[{"count":8,"href":"https:\/\/www.sts-education.com\/se\/wp-json\/wp\/v2\/posts\/11212\/revisions"}],"predecessor-version":[{"id":43510,"href":"https:\/\/www.sts-education.com\/se\/wp-json\/wp\/v2\/posts\/11212\/revisions\/43510"}],"wp:featuredmedia":[{"embeddable":true,"href":"https:\/\/www.sts-education.com\/se\/wp-json\/wp\/v2\/media\/14574"}],"wp:attachment":[{"href":"https:\/\/www.sts-education.com\/se\/wp-json\/wp\/v2\/media?parent=11212"}],"wp:term":[{"taxonomy":"category","embeddable":true,"href":"https:\/\/www.sts-education.com\/se\/wp-json\/wp\/v2\/categories?post=11212"},{"taxonomy":"post_tag","embeddable":true,"href":"https:\/\/www.sts-education.com\/se\/wp-json\/wp\/v2\/tags?post=11212"},{"taxonomy":"wpw_post_folders","embeddable":true,"href":"https:\/\/www.sts-education.com\/se\/wp-json\/wp\/v2\/wpw_post_folders?post=11212"}],"curies":[{"name":"wp","href":"https:\/\/api.w.org\/{rel}","templated":true}]}}