{"id":11214,"date":"2024-09-02T15:00:00","date_gmt":"2024-09-02T13:00:00","guid":{"rendered":"https:\/\/preprod.sts-education.com\/blog\/2026\/03\/05\/abigail-akte-pa-utbyte-till-nederlanderna\/"},"modified":"2026-04-29T10:00:02","modified_gmt":"2026-04-29T08:00:02","slug":"abigail-akte-pa-utbyte-till-nederlanderna","status":"publish","type":"post","link":"https:\/\/www.sts-education.com\/se\/high-school\/vara-utbytesstudenter\/studentberattelser\/abigail-akte-pa-utbyte-till-nederlanderna\/","title":{"rendered":"Abigail \u00e5kte p\u00e5 utbyte till Nederl\u00e4nderna"},"content":{"rendered":"\n<div class=\"wp-block-sts-text sts-text-editor has-max-width-md\"><div class=\"sts-text-editor__content\"><div class=\"sts-text-editor__content-inner\">\n<h1 style=\"text-align:center\">Abigail \u00e5kte p\u00e5 utbyte till Nederl\u00e4nderna<\/h1>\n<\/div><\/div><\/div>\n\n\n\n<figure class=\"wp-block-sts-image sts-block-image sts-block-image--count-1 has-max-width-lg\" data-count=\"1\"><div class=\"sts-block-image__grid\"><div class=\"sts-block-image__item\"><picture class=\"sts-responsive-image has-fit-cover has-pos-top is-skeleton\"><source media=\"(max-width: 834.98px)\" srcset=\"https:\/\/powered-by.qbank.se\/educatius\/sts\/cfd6458914c4644c1203add909557aef_1-1-thumb.webp 150w, https:\/\/powered-by.qbank.se\/educatius\/sts\/cfd6458914c4644c1203add909557aef_1-1-xsmall.webp 500w, https:\/\/powered-by.qbank.se\/educatius\/sts\/cfd6458914c4644c1203add909557aef_1-1-small.webp 800w, https:\/\/powered-by.qbank.se\/educatius\/sts\/cfd6458914c4644c1203add909557aef_1-1-medium.webp 1024w, https:\/\/powered-by.qbank.se\/educatius\/sts\/cfd6458914c4644c1203add909557aef_1-1-large.webp 1536w\" sizes=\"(max-width: 768px) 100vw, (max-width: 1200px) 100vw, 1200px\" type=\"image\/webp\"\/><source media=\"(min-width: 835px)\" srcset=\"https:\/\/powered-by.qbank.se\/educatius\/sts\/cfd6458914c4644c1203add909557aef_16-9-small.webp 800w, https:\/\/powered-by.qbank.se\/educatius\/sts\/cfd6458914c4644c1203add909557aef_16-9-medium.webp 1024w, https:\/\/powered-by.qbank.se\/educatius\/sts\/cfd6458914c4644c1203add909557aef_16-9-large.webp 1536w\" sizes=\"(max-width: 768px) 100vw, (max-width: 1200px) 100vw, 1200px\" type=\"image\/webp\"\/><img src=\"https:\/\/powered-by.qbank.se\/educatius\/sts\/cfd6458914c4644c1203add909557aef_1-1-thumb.webp\" alt=\"Abigail \u00e5kte p\u00e5 utbyte till Nederl\u00e4nderna\" loading=\"lazy\" decoding=\"async\" fetchpriority=\"low\" style=\"object-position:top\"\/><\/picture><\/div><\/div><\/figure>\n\n\n\n<div class=\"wp-block-sts-text sts-text-editor has-max-width-md\"><div class=\"sts-text-editor__content\"><div class=\"sts-text-editor__content-inner\">\n<p><em>Abigail fr\u00e5n Australien var p\u00e5 utbyte i Nederl\u00e4nderna.<\/em><\/p>\n<\/div><\/div><\/div>\n\n\n\n<div class=\"wp-block-sts-text sts-text-editor has-max-width-md\"><div class=\"sts-text-editor__content\"><div class=\"sts-text-editor__content-inner\">\n<p>Min mamma \u00e4r f\u00f6dd i Nederl\u00e4nderna och en del av min familj talar fortfarande holl\u00e4ndska, s\u00e5 det var fantastiskt att \u00e5ka p\u00e5 utbyte till Nederl\u00e4nderna f\u00f6r att l\u00e4ra mig spr\u00e5ket och f\u00f6rst\u00e5 kulturen b\u00e4ttre.<\/p>\n<p>Jag k\u00e4nde mig genast hemma i min v\u00e4rdfamilj. Jag bodde i samma familj som en italiensk utbytesstudent. Det var faktiskt fantastiskt att dela utbytesupplevelsen. V\u00e5ra v\u00e4rdf\u00f6r\u00e4ldrar och \u00e4ldre v\u00e4rdsystrar inkluderade oss i allt: resor, semestrar, aktiviteter och mycket mer. Och det \u00e4r vad jag skulle r\u00e5da framtida v\u00e4rdfamiljer ocks\u00e5: inkludera dina studenter s\u00e5 mycket som m\u00f6jligt, men ge dem utrymme att uppt\u00e4cka sitt eget \u201dholl\u00e4ndska liv\u201d ocks\u00e5.<\/p>\n<p>Skolan var j\u00e4ttebra, eleverna och l\u00e4rarna var verkligen trevliga. Min engelskl\u00e4rare presenterade mig f\u00f6r n\u00e5gra tjejer i min klass, som sedan blev mina b\u00e4sta v\u00e4nner.<\/p>\n<p>Trots att jag hade varit i Nederl\u00e4nderna som barn fick jag \u00e4nd\u00e5 en rej\u00e4l kulturchock. En del av det var att jag fick ta cykeln till skolan varje dag! \ud83d\ude0a<\/p>\n<h2>Vill du veta mer?<\/h2>\n<ul>\n<li>L\u00e4s fler <a href=\"https:\/\/www.sts-education.com\/se\/high-school\/vara-utbytesstudenter\/studentberattelser\/?hashtag=Nederl%c3%a4nderna\">studentber\u00e4ttelser fr\u00e5n Nederl\u00e4nderna<\/a><\/li>\n<li>L\u00e4s mer om ett <a href=\"https:\/\/www.sts-education.com\/se\/high-school\/destinationer\/europa\/nederlanderna\/\">high school-utbyte i Nederl\u00e4nderna<\/a><\/li>\n<li>Se alla v\u00e5ra <a href=\"\/se\/high-school\/tripfinder\/\">utbytesdestinationer f\u00f6r high school<\/a><\/li>\n<\/ul>\n<\/div><\/div><\/div>\n","protected":false},"excerpt":{"rendered":"","protected":false},"author":20,"featured_media":14578,"comment_status":"open","ping_status":"open","sticky":false,"template":"","format":"standard","meta":{"_acf_changed":false,"_yoast_wpseo_title":"Abigail \u00e5kte p\u00e5 utbyte till Nederl\u00e4nderna","_yoast_wpseo_metadesc":"Skolan var j\u00e4ttebra, eleverna och l\u00e4rarna var verkligen trevliga. Min engelskl\u00e4rare presenterade mig f\u00f6r n\u00e5gra tjejer i min klass, som sedan blev mina b\u00e4sta v\u00e4nner.","footnotes":""},"categories":[326],"tags":[1043],"wpw_post_folders":[],"class_list":["post-11214","post","type-post","status-publish","format-standard","has-post-thumbnail","hentry","category-okategoriserad","tag-nederlanderna"],"acf":[],"yoast_head":"<!-- This site is optimized with the Yoast SEO Premium plugin v27.2 (Yoast SEO v27.2) - https:\/\/yoast.com\/product\/yoast-seo-premium-wordpress\/ -->\n<title>Abigail \u00e5kte p\u00e5 utbyte till Nederl\u00e4nderna<\/title>\n<meta name=\"description\" content=\"Skolan var j\u00e4ttebra, eleverna och l\u00e4rarna var verkligen trevliga. Min engelskl\u00e4rare presenterade mig f\u00f6r n\u00e5gra tjejer i min klass, som sedan blev mina b\u00e4sta v\u00e4nner.\" \/>\n<meta name=\"robots\" content=\"index, follow, max-snippet:-1, max-image-preview:large, max-video-preview:-1\" \/>\n<link rel=\"canonical\" href=\"https:\/\/www.sts-education.com\/se\/high-school\/vara-utbytesstudenter\/studentberattelser\/abigail-akte-pa-utbyte-till-nederlanderna\/\" \/>\n<meta property=\"og:locale\" content=\"sv_SE\" \/>\n<meta property=\"og:type\" content=\"article\" \/>\n<meta property=\"og:title\" content=\"Abigail \u00e5kte p\u00e5 utbyte till Nederl\u00e4nderna\" \/>\n<meta property=\"og:description\" content=\"Skolan var j\u00e4ttebra, eleverna och l\u00e4rarna var verkligen trevliga. Min engelskl\u00e4rare presenterade mig f\u00f6r n\u00e5gra tjejer i min klass, som sedan blev mina b\u00e4sta v\u00e4nner.\" \/>\n<meta property=\"og:url\" content=\"https:\/\/www.sts-education.com\/se\/high-school\/vara-utbytesstudenter\/studentberattelser\/abigail-akte-pa-utbyte-till-nederlanderna\/\" \/>\n<meta property=\"og:site_name\" content=\"STS Education\" \/>\n<meta property=\"article:published_time\" content=\"2024-09-02T13:00:00+00:00\" \/>\n<meta property=\"article:modified_time\" content=\"2026-04-29T08:00:02+00:00\" \/>\n<meta property=\"og:image\" content=\"https:\/\/powered-by.qbank.se\/educatius\/sts\/\/cfd6458914c4644c1203add909557aef_1-1-thumb.webp\" \/>\n\t<meta property=\"og:image:width\" content=\"150\" \/>\n\t<meta property=\"og:image:height\" content=\"150\" \/>\n\t<meta property=\"og:image:type\" content=\"image\/jpeg\" \/>\n<meta name=\"author\" content=\"syncreadwrite\" \/>\n<meta name=\"twitter:card\" content=\"summary_large_image\" \/>\n<meta name=\"twitter:label1\" content=\"Skriven av\" \/>\n\t<meta name=\"twitter:data1\" content=\"syncreadwrite\" \/>\n\t<meta name=\"twitter:label2\" content=\"Ber\u00e4knad l\u00e4stid\" \/>\n\t<meta name=\"twitter:data2\" content=\"2 minuter\" \/>\n<script type=\"application\/ld+json\" class=\"yoast-schema-graph\">{\"@context\":\"https:\/\/schema.org\",\"@graph\":[{\"@type\":\"Article\",\"@id\":\"https:\/\/www.sts-education.com\/se\/high-school\/vara-utbytesstudenter\/studentberattelser\/abigail-akte-pa-utbyte-till-nederlanderna\/#article\",\"isPartOf\":{\"@id\":\"https:\/\/www.sts-education.com\/se\/high-school\/vara-utbytesstudenter\/studentberattelser\/abigail-akte-pa-utbyte-till-nederlanderna\/\"},\"author\":{\"name\":\"syncreadwrite\",\"@id\":\"https:\/\/www.sts-education.com\/se\/#\/schema\/person\/8b82f3a2e45f020b8f296d7a85d9a97c\"},\"headline\":\"Abigail \u00e5kte p\u00e5 utbyte till Nederl\u00e4nderna\",\"datePublished\":\"2024-09-02T13:00:00+00:00\",\"dateModified\":\"2026-04-29T08:00:02+00:00\",\"mainEntityOfPage\":{\"@id\":\"https:\/\/www.sts-education.com\/se\/high-school\/vara-utbytesstudenter\/studentberattelser\/abigail-akte-pa-utbyte-till-nederlanderna\/\"},\"wordCount\":241,\"commentCount\":0,\"image\":{\"@id\":\"https:\/\/www.sts-education.com\/se\/high-school\/vara-utbytesstudenter\/studentberattelser\/abigail-akte-pa-utbyte-till-nederlanderna\/#primaryimage\"},\"thumbnailUrl\":\"https:\/\/powered-by.qbank.se\/educatius\/sts\/\/cfd6458914c4644c1203add909557aef_1-1-thumb.webp\",\"keywords\":[\"Nederl\u00e4nderna\"],\"articleSection\":[\"Okategoriserad\"],\"inLanguage\":\"sv-SE\",\"potentialAction\":[{\"@type\":\"CommentAction\",\"name\":\"Comment\",\"target\":[\"https:\/\/www.sts-education.com\/se\/high-school\/vara-utbytesstudenter\/studentberattelser\/abigail-akte-pa-utbyte-till-nederlanderna\/#respond\"]}]},{\"@type\":\"WebPage\",\"@id\":\"https:\/\/www.sts-education.com\/se\/high-school\/vara-utbytesstudenter\/studentberattelser\/abigail-akte-pa-utbyte-till-nederlanderna\/\",\"url\":\"https:\/\/www.sts-education.com\/se\/high-school\/vara-utbytesstudenter\/studentberattelser\/abigail-akte-pa-utbyte-till-nederlanderna\/\",\"name\":\"Abigail \u00e5kte p\u00e5 utbyte till Nederl\u00e4nderna\",\"isPartOf\":{\"@id\":\"https:\/\/www.sts-education.com\/se\/#website\"},\"primaryImageOfPage\":{\"@id\":\"https:\/\/www.sts-education.com\/se\/high-school\/vara-utbytesstudenter\/studentberattelser\/abigail-akte-pa-utbyte-till-nederlanderna\/#primaryimage\"},\"image\":{\"@id\":\"https:\/\/www.sts-education.com\/se\/high-school\/vara-utbytesstudenter\/studentberattelser\/abigail-akte-pa-utbyte-till-nederlanderna\/#primaryimage\"},\"thumbnailUrl\":\"https:\/\/powered-by.qbank.se\/educatius\/sts\/\/cfd6458914c4644c1203add909557aef_1-1-thumb.webp\",\"datePublished\":\"2024-09-02T13:00:00+00:00\",\"dateModified\":\"2026-04-29T08:00:02+00:00\",\"author\":{\"@id\":\"https:\/\/www.sts-education.com\/se\/#\/schema\/person\/8b82f3a2e45f020b8f296d7a85d9a97c\"},\"description\":\"Skolan var j\u00e4ttebra, eleverna och l\u00e4rarna var verkligen trevliga. Min engelskl\u00e4rare presenterade mig f\u00f6r n\u00e5gra tjejer i min klass, som sedan blev mina b\u00e4sta v\u00e4nner.\",\"breadcrumb\":{\"@id\":\"https:\/\/www.sts-education.com\/se\/high-school\/vara-utbytesstudenter\/studentberattelser\/abigail-akte-pa-utbyte-till-nederlanderna\/#breadcrumb\"},\"inLanguage\":\"sv-SE\",\"potentialAction\":[{\"@type\":\"ReadAction\",\"target\":[\"https:\/\/www.sts-education.com\/se\/high-school\/vara-utbytesstudenter\/studentberattelser\/abigail-akte-pa-utbyte-till-nederlanderna\/\"]}]},{\"@type\":\"ImageObject\",\"inLanguage\":\"sv-SE\",\"@id\":\"https:\/\/www.sts-education.com\/se\/high-school\/vara-utbytesstudenter\/studentberattelser\/abigail-akte-pa-utbyte-till-nederlanderna\/#primaryimage\",\"url\":\"https:\/\/powered-by.qbank.se\/educatius\/sts\/\/cfd6458914c4644c1203add909557aef_1-1-thumb.webp\",\"contentUrl\":\"https:\/\/powered-by.qbank.se\/educatius\/sts\/\/cfd6458914c4644c1203add909557aef_1-1-thumb.webp\",\"width\":150,\"height\":150},{\"@type\":\"BreadcrumbList\",\"@id\":\"https:\/\/www.sts-education.com\/se\/high-school\/vara-utbytesstudenter\/studentberattelser\/abigail-akte-pa-utbyte-till-nederlanderna\/#breadcrumb\",\"itemListElement\":[{\"@type\":\"ListItem\",\"position\":1,\"name\":\"Home\",\"item\":\"https:\/\/www.sts-education.com\/se\/\"},{\"@type\":\"ListItem\",\"position\":2,\"name\":\"Abigail \u00e5kte p\u00e5 utbyte till Nederl\u00e4nderna\"}]},{\"@type\":\"WebSite\",\"@id\":\"https:\/\/www.sts-education.com\/se\/#website\",\"url\":\"https:\/\/www.sts-education.com\/se\/\",\"name\":\"STS Education\",\"description\":\"\",\"potentialAction\":[{\"@type\":\"SearchAction\",\"target\":{\"@type\":\"EntryPoint\",\"urlTemplate\":\"https:\/\/www.sts-education.com\/se\/?s={search_term_string}\"},\"query-input\":{\"@type\":\"PropertyValueSpecification\",\"valueRequired\":true,\"valueName\":\"search_term_string\"}}],\"inLanguage\":\"sv-SE\"},{\"@type\":\"Person\",\"@id\":\"https:\/\/www.sts-education.com\/se\/#\/schema\/person\/8b82f3a2e45f020b8f296d7a85d9a97c\",\"name\":\"syncreadwrite\",\"image\":{\"@type\":\"ImageObject\",\"inLanguage\":\"sv-SE\",\"@id\":\"https:\/\/secure.gravatar.com\/avatar\/6ed1007e4f6f43f22e3df41d9fce4365533cba47fef64bb359b8e629abbc2ea6?s=96&d=mm&r=g\",\"url\":\"https:\/\/secure.gravatar.com\/avatar\/6ed1007e4f6f43f22e3df41d9fce4365533cba47fef64bb359b8e629abbc2ea6?s=96&d=mm&r=g\",\"contentUrl\":\"https:\/\/secure.gravatar.com\/avatar\/6ed1007e4f6f43f22e3df41d9fce4365533cba47fef64bb359b8e629abbc2ea6?s=96&d=mm&r=g\",\"caption\":\"syncreadwrite\"},\"url\":\"https:\/\/www.sts-education.com\/se\/author\/syncreadwrite\/\"}]}<\/script>\n<!-- \/ Yoast SEO Premium plugin. -->","yoast_head_json":{"title":"Abigail \u00e5kte p\u00e5 utbyte till Nederl\u00e4nderna","description":"Skolan var j\u00e4ttebra, eleverna och l\u00e4rarna var verkligen trevliga. Min engelskl\u00e4rare presenterade mig f\u00f6r n\u00e5gra tjejer i min klass, som sedan blev mina b\u00e4sta v\u00e4nner.","robots":{"index":"index","follow":"follow","max-snippet":"max-snippet:-1","max-image-preview":"max-image-preview:large","max-video-preview":"max-video-preview:-1"},"canonical":"https:\/\/www.sts-education.com\/se\/high-school\/vara-utbytesstudenter\/studentberattelser\/abigail-akte-pa-utbyte-till-nederlanderna\/","og_locale":"sv_SE","og_type":"article","og_title":"Abigail \u00e5kte p\u00e5 utbyte till Nederl\u00e4nderna","og_description":"Skolan var j\u00e4ttebra, eleverna och l\u00e4rarna var verkligen trevliga. Min engelskl\u00e4rare presenterade mig f\u00f6r n\u00e5gra tjejer i min klass, som sedan blev mina b\u00e4sta v\u00e4nner.","og_url":"https:\/\/www.sts-education.com\/se\/high-school\/vara-utbytesstudenter\/studentberattelser\/abigail-akte-pa-utbyte-till-nederlanderna\/","og_site_name":"STS Education","article_published_time":"2024-09-02T13:00:00+00:00","article_modified_time":"2026-04-29T08:00:02+00:00","og_image":[{"width":150,"height":150,"url":"https:\/\/powered-by.qbank.se\/educatius\/sts\/\/cfd6458914c4644c1203add909557aef_1-1-thumb.webp","type":"image\/jpeg"}],"author":"syncreadwrite","twitter_card":"summary_large_image","twitter_misc":{"Skriven av":"syncreadwrite","Ber\u00e4knad l\u00e4stid":"2 minuter"},"schema":{"@context":"https:\/\/schema.org","@graph":[{"@type":"Article","@id":"https:\/\/www.sts-education.com\/se\/high-school\/vara-utbytesstudenter\/studentberattelser\/abigail-akte-pa-utbyte-till-nederlanderna\/#article","isPartOf":{"@id":"https:\/\/www.sts-education.com\/se\/high-school\/vara-utbytesstudenter\/studentberattelser\/abigail-akte-pa-utbyte-till-nederlanderna\/"},"author":{"name":"syncreadwrite","@id":"https:\/\/www.sts-education.com\/se\/#\/schema\/person\/8b82f3a2e45f020b8f296d7a85d9a97c"},"headline":"Abigail \u00e5kte p\u00e5 utbyte till Nederl\u00e4nderna","datePublished":"2024-09-02T13:00:00+00:00","dateModified":"2026-04-29T08:00:02+00:00","mainEntityOfPage":{"@id":"https:\/\/www.sts-education.com\/se\/high-school\/vara-utbytesstudenter\/studentberattelser\/abigail-akte-pa-utbyte-till-nederlanderna\/"},"wordCount":241,"commentCount":0,"image":{"@id":"https:\/\/www.sts-education.com\/se\/high-school\/vara-utbytesstudenter\/studentberattelser\/abigail-akte-pa-utbyte-till-nederlanderna\/#primaryimage"},"thumbnailUrl":"https:\/\/powered-by.qbank.se\/educatius\/sts\/\/cfd6458914c4644c1203add909557aef_1-1-thumb.webp","keywords":["Nederl\u00e4nderna"],"articleSection":["Okategoriserad"],"inLanguage":"sv-SE","potentialAction":[{"@type":"CommentAction","name":"Comment","target":["https:\/\/www.sts-education.com\/se\/high-school\/vara-utbytesstudenter\/studentberattelser\/abigail-akte-pa-utbyte-till-nederlanderna\/#respond"]}]},{"@type":"WebPage","@id":"https:\/\/www.sts-education.com\/se\/high-school\/vara-utbytesstudenter\/studentberattelser\/abigail-akte-pa-utbyte-till-nederlanderna\/","url":"https:\/\/www.sts-education.com\/se\/high-school\/vara-utbytesstudenter\/studentberattelser\/abigail-akte-pa-utbyte-till-nederlanderna\/","name":"Abigail \u00e5kte p\u00e5 utbyte till Nederl\u00e4nderna","isPartOf":{"@id":"https:\/\/www.sts-education.com\/se\/#website"},"primaryImageOfPage":{"@id":"https:\/\/www.sts-education.com\/se\/high-school\/vara-utbytesstudenter\/studentberattelser\/abigail-akte-pa-utbyte-till-nederlanderna\/#primaryimage"},"image":{"@id":"https:\/\/www.sts-education.com\/se\/high-school\/vara-utbytesstudenter\/studentberattelser\/abigail-akte-pa-utbyte-till-nederlanderna\/#primaryimage"},"thumbnailUrl":"https:\/\/powered-by.qbank.se\/educatius\/sts\/\/cfd6458914c4644c1203add909557aef_1-1-thumb.webp","datePublished":"2024-09-02T13:00:00+00:00","dateModified":"2026-04-29T08:00:02+00:00","author":{"@id":"https:\/\/www.sts-education.com\/se\/#\/schema\/person\/8b82f3a2e45f020b8f296d7a85d9a97c"},"description":"Skolan var j\u00e4ttebra, eleverna och l\u00e4rarna var verkligen trevliga. Min engelskl\u00e4rare presenterade mig f\u00f6r n\u00e5gra tjejer i min klass, som sedan blev mina b\u00e4sta v\u00e4nner.","breadcrumb":{"@id":"https:\/\/www.sts-education.com\/se\/high-school\/vara-utbytesstudenter\/studentberattelser\/abigail-akte-pa-utbyte-till-nederlanderna\/#breadcrumb"},"inLanguage":"sv-SE","potentialAction":[{"@type":"ReadAction","target":["https:\/\/www.sts-education.com\/se\/high-school\/vara-utbytesstudenter\/studentberattelser\/abigail-akte-pa-utbyte-till-nederlanderna\/"]}]},{"@type":"ImageObject","inLanguage":"sv-SE","@id":"https:\/\/www.sts-education.com\/se\/high-school\/vara-utbytesstudenter\/studentberattelser\/abigail-akte-pa-utbyte-till-nederlanderna\/#primaryimage","url":"https:\/\/powered-by.qbank.se\/educatius\/sts\/\/cfd6458914c4644c1203add909557aef_1-1-thumb.webp","contentUrl":"https:\/\/powered-by.qbank.se\/educatius\/sts\/\/cfd6458914c4644c1203add909557aef_1-1-thumb.webp","width":150,"height":150},{"@type":"BreadcrumbList","@id":"https:\/\/www.sts-education.com\/se\/high-school\/vara-utbytesstudenter\/studentberattelser\/abigail-akte-pa-utbyte-till-nederlanderna\/#breadcrumb","itemListElement":[{"@type":"ListItem","position":1,"name":"Home","item":"https:\/\/www.sts-education.com\/se\/"},{"@type":"ListItem","position":2,"name":"Abigail \u00e5kte p\u00e5 utbyte till Nederl\u00e4nderna"}]},{"@type":"WebSite","@id":"https:\/\/www.sts-education.com\/se\/#website","url":"https:\/\/www.sts-education.com\/se\/","name":"STS Education","description":"","potentialAction":[{"@type":"SearchAction","target":{"@type":"EntryPoint","urlTemplate":"https:\/\/www.sts-education.com\/se\/?s={search_term_string}"},"query-input":{"@type":"PropertyValueSpecification","valueRequired":true,"valueName":"search_term_string"}}],"inLanguage":"sv-SE"},{"@type":"Person","@id":"https:\/\/www.sts-education.com\/se\/#\/schema\/person\/8b82f3a2e45f020b8f296d7a85d9a97c","name":"syncreadwrite","image":{"@type":"ImageObject","inLanguage":"sv-SE","@id":"https:\/\/secure.gravatar.com\/avatar\/6ed1007e4f6f43f22e3df41d9fce4365533cba47fef64bb359b8e629abbc2ea6?s=96&d=mm&r=g","url":"https:\/\/secure.gravatar.com\/avatar\/6ed1007e4f6f43f22e3df41d9fce4365533cba47fef64bb359b8e629abbc2ea6?s=96&d=mm&r=g","contentUrl":"https:\/\/secure.gravatar.com\/avatar\/6ed1007e4f6f43f22e3df41d9fce4365533cba47fef64bb359b8e629abbc2ea6?s=96&d=mm&r=g","caption":"syncreadwrite"},"url":"https:\/\/www.sts-education.com\/se\/author\/syncreadwrite\/"}]}},"_links":{"self":[{"href":"https:\/\/www.sts-education.com\/se\/wp-json\/wp\/v2\/posts\/11214","targetHints":{"allow":["GET"]}}],"collection":[{"href":"https:\/\/www.sts-education.com\/se\/wp-json\/wp\/v2\/posts"}],"about":[{"href":"https:\/\/www.sts-education.com\/se\/wp-json\/wp\/v2\/types\/post"}],"author":[{"embeddable":true,"href":"https:\/\/www.sts-education.com\/se\/wp-json\/wp\/v2\/users\/20"}],"replies":[{"embeddable":true,"href":"https:\/\/www.sts-education.com\/se\/wp-json\/wp\/v2\/comments?post=11214"}],"version-history":[{"count":8,"href":"https:\/\/www.sts-education.com\/se\/wp-json\/wp\/v2\/posts\/11214\/revisions"}],"predecessor-version":[{"id":43546,"href":"https:\/\/www.sts-education.com\/se\/wp-json\/wp\/v2\/posts\/11214\/revisions\/43546"}],"wp:featuredmedia":[{"embeddable":true,"href":"https:\/\/www.sts-education.com\/se\/wp-json\/wp\/v2\/media\/14578"}],"wp:attachment":[{"href":"https:\/\/www.sts-education.com\/se\/wp-json\/wp\/v2\/media?parent=11214"}],"wp:term":[{"taxonomy":"category","embeddable":true,"href":"https:\/\/www.sts-education.com\/se\/wp-json\/wp\/v2\/categories?post=11214"},{"taxonomy":"post_tag","embeddable":true,"href":"https:\/\/www.sts-education.com\/se\/wp-json\/wp\/v2\/tags?post=11214"},{"taxonomy":"wpw_post_folders","embeddable":true,"href":"https:\/\/www.sts-education.com\/se\/wp-json\/wp\/v2\/wpw_post_folders?post=11214"}],"curies":[{"name":"wp","href":"https:\/\/api.w.org\/{rel}","templated":true}]}}