{"id":11217,"date":"2024-08-05T15:00:00","date_gmt":"2024-08-05T13:00:00","guid":{"rendered":"https:\/\/preprod.sts-education.com\/blog\/2026\/03\/05\/alejandro-valde-att-studera-i-osterrike\/"},"modified":"2026-04-29T10:02:25","modified_gmt":"2026-04-29T08:02:25","slug":"alejandro-valde-att-studera-i-osterrike","status":"publish","type":"post","link":"https:\/\/www.sts-education.com\/se\/high-school\/vara-utbytesstudenter\/studentberattelser\/alejandro-valde-att-studera-i-osterrike\/","title":{"rendered":"Alejandro valde att studera i \u00d6sterrike"},"content":{"rendered":"\n<div class=\"wp-block-sts-text sts-text-editor has-max-width-md\"><div class=\"sts-text-editor__content\"><div class=\"sts-text-editor__content-inner\">\n<h1 style=\"text-align:center\">Alejandro valde att studera i \u00d6sterrike<\/h1>\n<\/div><\/div><\/div>\n\n\n\n<figure class=\"wp-block-sts-image sts-block-image sts-block-image--count-1 has-max-width-lg\" data-count=\"1\"><div class=\"sts-block-image__grid\"><div class=\"sts-block-image__item\"><picture class=\"sts-responsive-image has-fit-cover has-pos-top is-skeleton\"><source media=\"(max-width: 834.98px)\" srcset=\"https:\/\/powered-by.qbank.se\/educatius\/sts\/7566e16caca64683927ae8657adbf956_1-1-thumb.webp 150w, https:\/\/powered-by.qbank.se\/educatius\/sts\/7566e16caca64683927ae8657adbf956_1-1-xsmall.webp 500w, https:\/\/powered-by.qbank.se\/educatius\/sts\/7566e16caca64683927ae8657adbf956_1-1-small.webp 800w, https:\/\/powered-by.qbank.se\/educatius\/sts\/7566e16caca64683927ae8657adbf956_1-1-medium.webp 1024w, https:\/\/powered-by.qbank.se\/educatius\/sts\/7566e16caca64683927ae8657adbf956_1-1-large.webp 1536w\" sizes=\"(max-width: 768px) 100vw, (max-width: 1200px) 100vw, 1200px\" type=\"image\/webp\"\/><source media=\"(min-width: 835px)\" srcset=\"https:\/\/powered-by.qbank.se\/educatius\/sts\/7566e16caca64683927ae8657adbf956_16-9-small.webp 800w, https:\/\/powered-by.qbank.se\/educatius\/sts\/7566e16caca64683927ae8657adbf956_16-9-medium.webp 1024w, https:\/\/powered-by.qbank.se\/educatius\/sts\/7566e16caca64683927ae8657adbf956_16-9-large.webp 1536w\" sizes=\"(max-width: 768px) 100vw, (max-width: 1200px) 100vw, 1200px\" type=\"image\/webp\"\/><img src=\"https:\/\/powered-by.qbank.se\/educatius\/sts\/7566e16caca64683927ae8657adbf956_1-1-thumb.webp\" alt=\"Alejandro valde att studera i \u00d6sterrike\" loading=\"lazy\" decoding=\"async\" fetchpriority=\"low\" style=\"object-position:top\"\/><\/picture><\/div><\/div><\/figure>\n\n\n\n<div class=\"wp-block-sts-text sts-text-editor has-max-width-md\"><div class=\"sts-text-editor__content\"><div class=\"sts-text-editor__content-inner\">\n<p><em>Alejandro fr\u00e5n Monterrey i Mexiko \u00e5kte p\u00e5 utbyte till \u00d6sterrike.<\/em><\/p>\n<h2>Varf\u00f6r best\u00e4mde du dig f\u00f6r att \u00e5ka p\u00e5 utbyte?<\/h2>\n<p>Jag best\u00e4mde mig f\u00f6r att \u00e5ka till \u00d6sterrike som utbytesstudent under ett \u00e5r eftersom det verkade v\u00e4ldigt roligt och sp\u00e4nnande. Jag har varit i \u00d6sterrike i n\u00e4stan ett \u00e5r nu, och om mindre \u00e4n tv\u00e5 veckor \u00e5ker jag hem till min familj.<\/p>\n<\/div><\/div><\/div>\n\n\n\n<div class=\"wp-block-sts-text sts-text-editor has-max-width-md\"><div class=\"sts-text-editor__content\"><div class=\"sts-text-editor__content-inner\">\n<h2>Nya l\u00e4rdomar<\/h2>\n<p>Det h\u00e4r \u00e5ret har varit mycket intressant och roligt. Jag har l\u00e4rt mig en massa nya saker och tr\u00e4ffat m\u00e5nga nya m\u00e4nniskor. Skolan var mycket bra och jag fick ocks\u00e5 snabbt m\u00e5nga nya v\u00e4nner. Under \u00e5ret har jag st\u00e4llts inf\u00f6r m\u00e5nga utmaningar &#8211; en del l\u00e4tta och en del mycket sv\u00e5ra &#8211; men det har varit roligt eftersom varje utmaning har l\u00e4rt mig n\u00e5got nytt.<\/p>\n<h2>Favoritminnen<\/h2>\n<p>Under \u00e5ret hade jag ocks\u00e5 mycket roligt n\u00e4r jag \u00e5kte skidor med mina v\u00e4nner p\u00e5 vintern, gick p\u00e5 poolpartyn p\u00e5 sommaren och deltog i m\u00e5nga \u00f6sterrikiska festivaler. Jag kommer aldrig att gl\u00f6mma k\u00e4nslan av att \u00e4ta schnitzel p\u00e5 toppen av ett berg med min v\u00e4rdfamilj och att bli en b\u00e4ttre skid\u00e5kare. Att g\u00e5 ut med v\u00e4nner var ocks\u00e5 v\u00e4ldigt roligt eftersom det n\u00e4stan alltid fanns n\u00e5got sp\u00e4nnande att g\u00f6ra. De \u00f6sterrikiska festivalerna var fantastiska; de l\u00e4rde mig mycket om kulturen och folket.<\/p>\n<h2>Vill du veta mer?<\/h2>\n<ul>\n<li>L\u00e4s fler <a href=\"https:\/\/www.sts-education.com\/se\/high-school\/vara-utbytesstudenter\/studentberattelser\/?hashtag=%c3%96sterrike\">studentber\u00e4ttelser fr\u00e5n \u00d6sterrike<\/a><\/li>\n<li>L\u00e4s mer om ett <a href=\"https:\/\/www.sts-education.com\/se\/high-school\/destinationer\/europa\/osterrike\/\">high school-utbyte i \u00d6sterrike<\/a><\/li>\n<li>Se alla v\u00e5ra <a href=\"\/se\/high-school\/tripfinder\/\">utbytesdestinationer f\u00f6r high school<\/a><\/li>\n<\/ul>\n<\/div><\/div><\/div>\n","protected":false},"excerpt":{"rendered":"","protected":false},"author":20,"featured_media":14584,"comment_status":"open","ping_status":"open","sticky":false,"template":"","format":"standard","meta":{"_acf_changed":false,"_yoast_wpseo_title":"Alejandro valde att studera i \u00d6sterrike","_yoast_wpseo_metadesc":"Jag best\u00e4mde mig f\u00f6r att komma till \u00d6sterrike som utbytesstudent under ett \u00e5r eftersom det verkade v\u00e4ldigt roligt och sp\u00e4nnande. Nu har jag varit i \u00d6sterrike i n\u00e4stan ett \u00e5r.","footnotes":""},"categories":[326],"tags":[1032],"wpw_post_folders":[],"class_list":["post-11217","post","type-post","status-publish","format-standard","has-post-thumbnail","hentry","category-okategoriserad","tag-osterrike"],"acf":[],"yoast_head":"<!-- This site is optimized with the Yoast SEO Premium plugin v27.2 (Yoast SEO v27.2) - https:\/\/yoast.com\/product\/yoast-seo-premium-wordpress\/ -->\n<title>Alejandro valde att studera i \u00d6sterrike<\/title>\n<meta name=\"description\" content=\"Jag best\u00e4mde mig f\u00f6r att komma till \u00d6sterrike som utbytesstudent under ett \u00e5r eftersom det verkade v\u00e4ldigt roligt och sp\u00e4nnande. Nu har jag varit i \u00d6sterrike i n\u00e4stan ett \u00e5r.\" \/>\n<meta name=\"robots\" content=\"index, follow, max-snippet:-1, max-image-preview:large, max-video-preview:-1\" \/>\n<link rel=\"canonical\" href=\"https:\/\/www.sts-education.com\/se\/high-school\/vara-utbytesstudenter\/studentberattelser\/alejandro-valde-att-studera-i-osterrike\/\" \/>\n<meta property=\"og:locale\" content=\"sv_SE\" \/>\n<meta property=\"og:type\" content=\"article\" \/>\n<meta property=\"og:title\" content=\"Alejandro valde att studera i \u00d6sterrike\" \/>\n<meta property=\"og:description\" content=\"Jag best\u00e4mde mig f\u00f6r att komma till \u00d6sterrike som utbytesstudent under ett \u00e5r eftersom det verkade v\u00e4ldigt roligt och sp\u00e4nnande. Nu har jag varit i \u00d6sterrike i n\u00e4stan ett \u00e5r.\" \/>\n<meta property=\"og:url\" content=\"https:\/\/www.sts-education.com\/se\/high-school\/vara-utbytesstudenter\/studentberattelser\/alejandro-valde-att-studera-i-osterrike\/\" \/>\n<meta property=\"og:site_name\" content=\"STS Education\" \/>\n<meta property=\"article:published_time\" content=\"2024-08-05T13:00:00+00:00\" \/>\n<meta property=\"article:modified_time\" content=\"2026-04-29T08:02:25+00:00\" \/>\n<meta property=\"og:image\" content=\"https:\/\/powered-by.qbank.se\/educatius\/sts\/\/7566e16caca64683927ae8657adbf956_1-1-thumb.webp\" \/>\n\t<meta property=\"og:image:width\" content=\"150\" \/>\n\t<meta property=\"og:image:height\" content=\"150\" \/>\n\t<meta property=\"og:image:type\" content=\"image\/png\" \/>\n<meta name=\"author\" content=\"syncreadwrite\" \/>\n<meta name=\"twitter:card\" content=\"summary_large_image\" \/>\n<meta name=\"twitter:label1\" content=\"Skriven av\" \/>\n\t<meta name=\"twitter:data1\" content=\"syncreadwrite\" \/>\n\t<meta name=\"twitter:label2\" content=\"Ber\u00e4knad l\u00e4stid\" \/>\n\t<meta name=\"twitter:data2\" content=\"2 minuter\" \/>\n<script type=\"application\/ld+json\" class=\"yoast-schema-graph\">{\"@context\":\"https:\/\/schema.org\",\"@graph\":[{\"@type\":\"Article\",\"@id\":\"https:\/\/www.sts-education.com\/se\/high-school\/vara-utbytesstudenter\/studentberattelser\/alejandro-valde-att-studera-i-osterrike\/#article\",\"isPartOf\":{\"@id\":\"https:\/\/www.sts-education.com\/se\/high-school\/vara-utbytesstudenter\/studentberattelser\/alejandro-valde-att-studera-i-osterrike\/\"},\"author\":{\"name\":\"syncreadwrite\",\"@id\":\"https:\/\/www.sts-education.com\/se\/#\/schema\/person\/8b82f3a2e45f020b8f296d7a85d9a97c\"},\"headline\":\"Alejandro valde att studera i \u00d6sterrike\",\"datePublished\":\"2024-08-05T13:00:00+00:00\",\"dateModified\":\"2026-04-29T08:02:25+00:00\",\"mainEntityOfPage\":{\"@id\":\"https:\/\/www.sts-education.com\/se\/high-school\/vara-utbytesstudenter\/studentberattelser\/alejandro-valde-att-studera-i-osterrike\/\"},\"wordCount\":292,\"commentCount\":0,\"image\":{\"@id\":\"https:\/\/www.sts-education.com\/se\/high-school\/vara-utbytesstudenter\/studentberattelser\/alejandro-valde-att-studera-i-osterrike\/#primaryimage\"},\"thumbnailUrl\":\"https:\/\/powered-by.qbank.se\/educatius\/sts\/\/7566e16caca64683927ae8657adbf956_1-1-thumb.webp\",\"keywords\":[\"\u00d6sterrike\"],\"articleSection\":[\"Okategoriserad\"],\"inLanguage\":\"sv-SE\",\"potentialAction\":[{\"@type\":\"CommentAction\",\"name\":\"Comment\",\"target\":[\"https:\/\/www.sts-education.com\/se\/high-school\/vara-utbytesstudenter\/studentberattelser\/alejandro-valde-att-studera-i-osterrike\/#respond\"]}]},{\"@type\":\"WebPage\",\"@id\":\"https:\/\/www.sts-education.com\/se\/high-school\/vara-utbytesstudenter\/studentberattelser\/alejandro-valde-att-studera-i-osterrike\/\",\"url\":\"https:\/\/www.sts-education.com\/se\/high-school\/vara-utbytesstudenter\/studentberattelser\/alejandro-valde-att-studera-i-osterrike\/\",\"name\":\"Alejandro valde att studera i \u00d6sterrike\",\"isPartOf\":{\"@id\":\"https:\/\/www.sts-education.com\/se\/#website\"},\"primaryImageOfPage\":{\"@id\":\"https:\/\/www.sts-education.com\/se\/high-school\/vara-utbytesstudenter\/studentberattelser\/alejandro-valde-att-studera-i-osterrike\/#primaryimage\"},\"image\":{\"@id\":\"https:\/\/www.sts-education.com\/se\/high-school\/vara-utbytesstudenter\/studentberattelser\/alejandro-valde-att-studera-i-osterrike\/#primaryimage\"},\"thumbnailUrl\":\"https:\/\/powered-by.qbank.se\/educatius\/sts\/\/7566e16caca64683927ae8657adbf956_1-1-thumb.webp\",\"datePublished\":\"2024-08-05T13:00:00+00:00\",\"dateModified\":\"2026-04-29T08:02:25+00:00\",\"author\":{\"@id\":\"https:\/\/www.sts-education.com\/se\/#\/schema\/person\/8b82f3a2e45f020b8f296d7a85d9a97c\"},\"description\":\"Jag best\u00e4mde mig f\u00f6r att komma till \u00d6sterrike som utbytesstudent under ett \u00e5r eftersom det verkade v\u00e4ldigt roligt och sp\u00e4nnande. Nu har jag varit i \u00d6sterrike i n\u00e4stan ett \u00e5r.\",\"breadcrumb\":{\"@id\":\"https:\/\/www.sts-education.com\/se\/high-school\/vara-utbytesstudenter\/studentberattelser\/alejandro-valde-att-studera-i-osterrike\/#breadcrumb\"},\"inLanguage\":\"sv-SE\",\"potentialAction\":[{\"@type\":\"ReadAction\",\"target\":[\"https:\/\/www.sts-education.com\/se\/high-school\/vara-utbytesstudenter\/studentberattelser\/alejandro-valde-att-studera-i-osterrike\/\"]}]},{\"@type\":\"ImageObject\",\"inLanguage\":\"sv-SE\",\"@id\":\"https:\/\/www.sts-education.com\/se\/high-school\/vara-utbytesstudenter\/studentberattelser\/alejandro-valde-att-studera-i-osterrike\/#primaryimage\",\"url\":\"https:\/\/powered-by.qbank.se\/educatius\/sts\/\/7566e16caca64683927ae8657adbf956_1-1-thumb.webp\",\"contentUrl\":\"https:\/\/powered-by.qbank.se\/educatius\/sts\/\/7566e16caca64683927ae8657adbf956_1-1-thumb.webp\",\"width\":150,\"height\":150},{\"@type\":\"BreadcrumbList\",\"@id\":\"https:\/\/www.sts-education.com\/se\/high-school\/vara-utbytesstudenter\/studentberattelser\/alejandro-valde-att-studera-i-osterrike\/#breadcrumb\",\"itemListElement\":[{\"@type\":\"ListItem\",\"position\":1,\"name\":\"Home\",\"item\":\"https:\/\/www.sts-education.com\/se\/\"},{\"@type\":\"ListItem\",\"position\":2,\"name\":\"Alejandro valde att studera i \u00d6sterrike\"}]},{\"@type\":\"WebSite\",\"@id\":\"https:\/\/www.sts-education.com\/se\/#website\",\"url\":\"https:\/\/www.sts-education.com\/se\/\",\"name\":\"STS Education\",\"description\":\"\",\"potentialAction\":[{\"@type\":\"SearchAction\",\"target\":{\"@type\":\"EntryPoint\",\"urlTemplate\":\"https:\/\/www.sts-education.com\/se\/?s={search_term_string}\"},\"query-input\":{\"@type\":\"PropertyValueSpecification\",\"valueRequired\":true,\"valueName\":\"search_term_string\"}}],\"inLanguage\":\"sv-SE\"},{\"@type\":\"Person\",\"@id\":\"https:\/\/www.sts-education.com\/se\/#\/schema\/person\/8b82f3a2e45f020b8f296d7a85d9a97c\",\"name\":\"syncreadwrite\",\"image\":{\"@type\":\"ImageObject\",\"inLanguage\":\"sv-SE\",\"@id\":\"https:\/\/secure.gravatar.com\/avatar\/6ed1007e4f6f43f22e3df41d9fce4365533cba47fef64bb359b8e629abbc2ea6?s=96&d=mm&r=g\",\"url\":\"https:\/\/secure.gravatar.com\/avatar\/6ed1007e4f6f43f22e3df41d9fce4365533cba47fef64bb359b8e629abbc2ea6?s=96&d=mm&r=g\",\"contentUrl\":\"https:\/\/secure.gravatar.com\/avatar\/6ed1007e4f6f43f22e3df41d9fce4365533cba47fef64bb359b8e629abbc2ea6?s=96&d=mm&r=g\",\"caption\":\"syncreadwrite\"},\"url\":\"https:\/\/www.sts-education.com\/se\/author\/syncreadwrite\/\"}]}<\/script>\n<!-- \/ Yoast SEO Premium plugin. -->","yoast_head_json":{"title":"Alejandro valde att studera i \u00d6sterrike","description":"Jag best\u00e4mde mig f\u00f6r att komma till \u00d6sterrike som utbytesstudent under ett \u00e5r eftersom det verkade v\u00e4ldigt roligt och sp\u00e4nnande. Nu har jag varit i \u00d6sterrike i n\u00e4stan ett \u00e5r.","robots":{"index":"index","follow":"follow","max-snippet":"max-snippet:-1","max-image-preview":"max-image-preview:large","max-video-preview":"max-video-preview:-1"},"canonical":"https:\/\/www.sts-education.com\/se\/high-school\/vara-utbytesstudenter\/studentberattelser\/alejandro-valde-att-studera-i-osterrike\/","og_locale":"sv_SE","og_type":"article","og_title":"Alejandro valde att studera i \u00d6sterrike","og_description":"Jag best\u00e4mde mig f\u00f6r att komma till \u00d6sterrike som utbytesstudent under ett \u00e5r eftersom det verkade v\u00e4ldigt roligt och sp\u00e4nnande. Nu har jag varit i \u00d6sterrike i n\u00e4stan ett \u00e5r.","og_url":"https:\/\/www.sts-education.com\/se\/high-school\/vara-utbytesstudenter\/studentberattelser\/alejandro-valde-att-studera-i-osterrike\/","og_site_name":"STS Education","article_published_time":"2024-08-05T13:00:00+00:00","article_modified_time":"2026-04-29T08:02:25+00:00","og_image":[{"width":150,"height":150,"url":"https:\/\/powered-by.qbank.se\/educatius\/sts\/\/7566e16caca64683927ae8657adbf956_1-1-thumb.webp","type":"image\/png"}],"author":"syncreadwrite","twitter_card":"summary_large_image","twitter_misc":{"Skriven av":"syncreadwrite","Ber\u00e4knad l\u00e4stid":"2 minuter"},"schema":{"@context":"https:\/\/schema.org","@graph":[{"@type":"Article","@id":"https:\/\/www.sts-education.com\/se\/high-school\/vara-utbytesstudenter\/studentberattelser\/alejandro-valde-att-studera-i-osterrike\/#article","isPartOf":{"@id":"https:\/\/www.sts-education.com\/se\/high-school\/vara-utbytesstudenter\/studentberattelser\/alejandro-valde-att-studera-i-osterrike\/"},"author":{"name":"syncreadwrite","@id":"https:\/\/www.sts-education.com\/se\/#\/schema\/person\/8b82f3a2e45f020b8f296d7a85d9a97c"},"headline":"Alejandro valde att studera i \u00d6sterrike","datePublished":"2024-08-05T13:00:00+00:00","dateModified":"2026-04-29T08:02:25+00:00","mainEntityOfPage":{"@id":"https:\/\/www.sts-education.com\/se\/high-school\/vara-utbytesstudenter\/studentberattelser\/alejandro-valde-att-studera-i-osterrike\/"},"wordCount":292,"commentCount":0,"image":{"@id":"https:\/\/www.sts-education.com\/se\/high-school\/vara-utbytesstudenter\/studentberattelser\/alejandro-valde-att-studera-i-osterrike\/#primaryimage"},"thumbnailUrl":"https:\/\/powered-by.qbank.se\/educatius\/sts\/\/7566e16caca64683927ae8657adbf956_1-1-thumb.webp","keywords":["\u00d6sterrike"],"articleSection":["Okategoriserad"],"inLanguage":"sv-SE","potentialAction":[{"@type":"CommentAction","name":"Comment","target":["https:\/\/www.sts-education.com\/se\/high-school\/vara-utbytesstudenter\/studentberattelser\/alejandro-valde-att-studera-i-osterrike\/#respond"]}]},{"@type":"WebPage","@id":"https:\/\/www.sts-education.com\/se\/high-school\/vara-utbytesstudenter\/studentberattelser\/alejandro-valde-att-studera-i-osterrike\/","url":"https:\/\/www.sts-education.com\/se\/high-school\/vara-utbytesstudenter\/studentberattelser\/alejandro-valde-att-studera-i-osterrike\/","name":"Alejandro valde att studera i \u00d6sterrike","isPartOf":{"@id":"https:\/\/www.sts-education.com\/se\/#website"},"primaryImageOfPage":{"@id":"https:\/\/www.sts-education.com\/se\/high-school\/vara-utbytesstudenter\/studentberattelser\/alejandro-valde-att-studera-i-osterrike\/#primaryimage"},"image":{"@id":"https:\/\/www.sts-education.com\/se\/high-school\/vara-utbytesstudenter\/studentberattelser\/alejandro-valde-att-studera-i-osterrike\/#primaryimage"},"thumbnailUrl":"https:\/\/powered-by.qbank.se\/educatius\/sts\/\/7566e16caca64683927ae8657adbf956_1-1-thumb.webp","datePublished":"2024-08-05T13:00:00+00:00","dateModified":"2026-04-29T08:02:25+00:00","author":{"@id":"https:\/\/www.sts-education.com\/se\/#\/schema\/person\/8b82f3a2e45f020b8f296d7a85d9a97c"},"description":"Jag best\u00e4mde mig f\u00f6r att komma till \u00d6sterrike som utbytesstudent under ett \u00e5r eftersom det verkade v\u00e4ldigt roligt och sp\u00e4nnande. Nu har jag varit i \u00d6sterrike i n\u00e4stan ett \u00e5r.","breadcrumb":{"@id":"https:\/\/www.sts-education.com\/se\/high-school\/vara-utbytesstudenter\/studentberattelser\/alejandro-valde-att-studera-i-osterrike\/#breadcrumb"},"inLanguage":"sv-SE","potentialAction":[{"@type":"ReadAction","target":["https:\/\/www.sts-education.com\/se\/high-school\/vara-utbytesstudenter\/studentberattelser\/alejandro-valde-att-studera-i-osterrike\/"]}]},{"@type":"ImageObject","inLanguage":"sv-SE","@id":"https:\/\/www.sts-education.com\/se\/high-school\/vara-utbytesstudenter\/studentberattelser\/alejandro-valde-att-studera-i-osterrike\/#primaryimage","url":"https:\/\/powered-by.qbank.se\/educatius\/sts\/\/7566e16caca64683927ae8657adbf956_1-1-thumb.webp","contentUrl":"https:\/\/powered-by.qbank.se\/educatius\/sts\/\/7566e16caca64683927ae8657adbf956_1-1-thumb.webp","width":150,"height":150},{"@type":"BreadcrumbList","@id":"https:\/\/www.sts-education.com\/se\/high-school\/vara-utbytesstudenter\/studentberattelser\/alejandro-valde-att-studera-i-osterrike\/#breadcrumb","itemListElement":[{"@type":"ListItem","position":1,"name":"Home","item":"https:\/\/www.sts-education.com\/se\/"},{"@type":"ListItem","position":2,"name":"Alejandro valde att studera i \u00d6sterrike"}]},{"@type":"WebSite","@id":"https:\/\/www.sts-education.com\/se\/#website","url":"https:\/\/www.sts-education.com\/se\/","name":"STS Education","description":"","potentialAction":[{"@type":"SearchAction","target":{"@type":"EntryPoint","urlTemplate":"https:\/\/www.sts-education.com\/se\/?s={search_term_string}"},"query-input":{"@type":"PropertyValueSpecification","valueRequired":true,"valueName":"search_term_string"}}],"inLanguage":"sv-SE"},{"@type":"Person","@id":"https:\/\/www.sts-education.com\/se\/#\/schema\/person\/8b82f3a2e45f020b8f296d7a85d9a97c","name":"syncreadwrite","image":{"@type":"ImageObject","inLanguage":"sv-SE","@id":"https:\/\/secure.gravatar.com\/avatar\/6ed1007e4f6f43f22e3df41d9fce4365533cba47fef64bb359b8e629abbc2ea6?s=96&d=mm&r=g","url":"https:\/\/secure.gravatar.com\/avatar\/6ed1007e4f6f43f22e3df41d9fce4365533cba47fef64bb359b8e629abbc2ea6?s=96&d=mm&r=g","contentUrl":"https:\/\/secure.gravatar.com\/avatar\/6ed1007e4f6f43f22e3df41d9fce4365533cba47fef64bb359b8e629abbc2ea6?s=96&d=mm&r=g","caption":"syncreadwrite"},"url":"https:\/\/www.sts-education.com\/se\/author\/syncreadwrite\/"}]}},"_links":{"self":[{"href":"https:\/\/www.sts-education.com\/se\/wp-json\/wp\/v2\/posts\/11217","targetHints":{"allow":["GET"]}}],"collection":[{"href":"https:\/\/www.sts-education.com\/se\/wp-json\/wp\/v2\/posts"}],"about":[{"href":"https:\/\/www.sts-education.com\/se\/wp-json\/wp\/v2\/types\/post"}],"author":[{"embeddable":true,"href":"https:\/\/www.sts-education.com\/se\/wp-json\/wp\/v2\/users\/20"}],"replies":[{"embeddable":true,"href":"https:\/\/www.sts-education.com\/se\/wp-json\/wp\/v2\/comments?post=11217"}],"version-history":[{"count":8,"href":"https:\/\/www.sts-education.com\/se\/wp-json\/wp\/v2\/posts\/11217\/revisions"}],"predecessor-version":[{"id":43570,"href":"https:\/\/www.sts-education.com\/se\/wp-json\/wp\/v2\/posts\/11217\/revisions\/43570"}],"wp:featuredmedia":[{"embeddable":true,"href":"https:\/\/www.sts-education.com\/se\/wp-json\/wp\/v2\/media\/14584"}],"wp:attachment":[{"href":"https:\/\/www.sts-education.com\/se\/wp-json\/wp\/v2\/media?parent=11217"}],"wp:term":[{"taxonomy":"category","embeddable":true,"href":"https:\/\/www.sts-education.com\/se\/wp-json\/wp\/v2\/categories?post=11217"},{"taxonomy":"post_tag","embeddable":true,"href":"https:\/\/www.sts-education.com\/se\/wp-json\/wp\/v2\/tags?post=11217"},{"taxonomy":"wpw_post_folders","embeddable":true,"href":"https:\/\/www.sts-education.com\/se\/wp-json\/wp\/v2\/wpw_post_folders?post=11217"}],"curies":[{"name":"wp","href":"https:\/\/api.w.org\/{rel}","templated":true}]}}