{"id":11218,"date":"2024-08-05T16:00:00","date_gmt":"2024-08-05T14:00:00","guid":{"rendered":"https:\/\/preprod.sts-education.com\/blog\/2026\/03\/05\/mauricio-pluggade-pa-high-school-i-osterrike\/"},"modified":"2026-04-29T10:02:51","modified_gmt":"2026-04-29T08:02:51","slug":"mauricio-pluggade-pa-high-school-i-osterrike","status":"publish","type":"post","link":"https:\/\/www.sts-education.com\/se\/high-school\/vara-utbytesstudenter\/studentberattelser\/mauricio-pluggade-pa-high-school-i-osterrike\/","title":{"rendered":"Mauricio pluggade p\u00e5 high school i \u00d6sterrike"},"content":{"rendered":"\n<div class=\"wp-block-sts-text sts-text-editor has-max-width-md\"><div class=\"sts-text-editor__content\"><div class=\"sts-text-editor__content-inner\">\n<h1 style=\"text-align:center\">Mauricio pluggade p\u00e5 high school i \u00d6sterrike<\/h1>\n<\/div><\/div><\/div>\n\n\n\n<figure class=\"wp-block-sts-image sts-block-image sts-block-image--count-1 has-max-width-lg\" data-count=\"1\"><div class=\"sts-block-image__grid\"><div class=\"sts-block-image__item\"><picture class=\"sts-responsive-image has-fit-cover has-pos-top is-skeleton\"><source media=\"(max-width: 834.98px)\" srcset=\"https:\/\/powered-by.qbank.se\/educatius\/sts\/86754fe3e63a20d8f832b9e46dd1519e_1-1-thumb.webp 150w, https:\/\/powered-by.qbank.se\/educatius\/sts\/86754fe3e63a20d8f832b9e46dd1519e_1-1-xsmall.webp 500w, https:\/\/powered-by.qbank.se\/educatius\/sts\/86754fe3e63a20d8f832b9e46dd1519e_1-1-small.webp 800w, https:\/\/powered-by.qbank.se\/educatius\/sts\/86754fe3e63a20d8f832b9e46dd1519e_1-1-medium.webp 1024w, https:\/\/powered-by.qbank.se\/educatius\/sts\/86754fe3e63a20d8f832b9e46dd1519e_1-1-large.webp 1536w\" sizes=\"(max-width: 768px) 100vw, (max-width: 1200px) 100vw, 1200px\" type=\"image\/webp\"\/><source media=\"(min-width: 835px)\" srcset=\"https:\/\/powered-by.qbank.se\/educatius\/sts\/86754fe3e63a20d8f832b9e46dd1519e_16-9-small.webp 800w, https:\/\/powered-by.qbank.se\/educatius\/sts\/86754fe3e63a20d8f832b9e46dd1519e_16-9-medium.webp 1024w, https:\/\/powered-by.qbank.se\/educatius\/sts\/86754fe3e63a20d8f832b9e46dd1519e_16-9-large.webp 1536w\" sizes=\"(max-width: 768px) 100vw, (max-width: 1200px) 100vw, 1200px\" type=\"image\/webp\"\/><img src=\"https:\/\/powered-by.qbank.se\/educatius\/sts\/86754fe3e63a20d8f832b9e46dd1519e_1-1-thumb.webp\" alt=\"Mauricio pluggade p\u00e5 high school i \u00d6sterrike\" loading=\"lazy\" decoding=\"async\" fetchpriority=\"low\" style=\"object-position:top\"\/><\/picture><\/div><\/div><\/figure>\n\n\n\n<div class=\"wp-block-sts-text sts-text-editor has-max-width-md\"><div class=\"sts-text-editor__content\"><div class=\"sts-text-editor__content-inner\">\n<p><em>Mauricio fr\u00e5n Mexiko \u00e5kte p\u00e5 utbyte till \u00d6sterrike.<\/em><\/p>\n<\/div><\/div><\/div>\n\n\n\n<div class=\"wp-block-sts-text sts-text-editor has-max-width-md\"><div class=\"sts-text-editor__content\"><div class=\"sts-text-editor__content-inner\">\n<h2>Att best\u00e4mma sig f\u00f6r att \u00e5ka p\u00e5 utbyte med STS<\/h2>\n<p>I \u00e5r hade jag den otroliga m\u00f6jligheten att tillbringa ett \u00e5r p\u00e5 utbyte i \u00d6sterrike. Det var en of\u00f6rgl\u00f6mlig upplevelse som varade ett helt l\u00e4s\u00e5r, fr\u00e5n september till juni. Jag valde att g\u00f6ra detta utbyte eftersom jag ville uppleva n\u00e5got annorlunda innan jag avslutade high school, n\u00e5got som skulle ge mig m\u00f6jlighet att v\u00e4xa b\u00e5de personligen och akademiskt. Min bror p\u00e5verkade ocks\u00e5 mitt beslut om utbytes\u00e5r eftersom han ocks\u00e5 var med p\u00e5 utbytes\u00e5ret.<\/p>\n<p>Jag valde \u00d6sterrike av flera sk\u00e4l. Jag har alltid varit fascinerad av landets kultur, historia och, naturligtvis, dess fantastiska alplandskap. Dessutom ville jag l\u00e4ra mig tyska och f\u00f6rdjupa mig i en europeisk kultur som skiljer sig fr\u00e5n min egen.<\/p>\n<p>Jag valde STS eftersom de hade bra rekommendationer och en organiserad process. Dessutom var min bror p\u00e5 ett utbyte 3 \u00e5r f\u00f6re mig. Jag \u00e4r mycket n\u00f6jd med dem; de gjorde hela processen smidig och var tillg\u00e4ngliga f\u00f6r alla fr\u00e5gor eller problem som uppstod.<\/p>\n<p>Jag tyckte ocks\u00e5 att skolan var ganska l\u00e4tt tack vare hj\u00e4lpen fr\u00e5n STS, den utbytesorganisation som jag reste med. De tog hand om allt, fr\u00e5n ans\u00f6kan till att hitta en v\u00e4rdfamilj.<\/p>\n<h2>Att hitta nya hobbies<\/h2>\n<p>P\u00e5 fritiden uppt\u00e4ckte jag hur mycket jag gillar att tr\u00e4na och ta hand om min kropp och gjorde m\u00e5nga olika aktiviteter som l\u00f6pning, kl\u00e4ttring och vandring. Jag l\u00e4rde mig \u00e5ka skidor i Alperna, n\u00e5got jag aldrig hade gjort f\u00f6rut. Jag tog \u00e4ven surfingkurser och l\u00e4rde mig mycket om kulturen och maten.<\/p>\n<h2>Att skapa nya v\u00e4nskapsrelationer<\/h2>\n<p>Att f\u00e5 v\u00e4nner var en blandning av l\u00e4tt och sv\u00e5rt. Till en b\u00f6rjan var spr\u00e5kbarri\u00e4ren en utmaning, men med tiden och med mycket \u00f6vning f\u00f6rb\u00e4ttrades min tyska och jag kunde kommunicera b\u00e4ttre. Mina klasskamrater var mycket v\u00e4nliga och hj\u00e4lpte mig mycket. Jag tr\u00e4ffade ocks\u00e5 andra v\u00e4nner fr\u00e5n mitt hemland som kom att st\u00e5 mig v\u00e4ldigt n\u00e4ra, s\u00e5 n\u00e4ra att det var sv\u00e5rt att s\u00e4ga adj\u00f6.<\/p>\n<h2>Kulturella skillnader &#8211; \u00d6sterrike vs Mexiko<\/h2>\n<p>Skillnaderna mellan \u00d6sterrike och Mexiko var betydande. Livstempot, maten, sederna och naturligtvis spr\u00e5ket var mycket olika. Men det var just dessa skillnader som gjorde upplevelsen s\u00e5 berikande.<\/p>\n<h2>F\u00f6rv\u00e4ntningar<\/h2>\n<p>Mitt utbytes\u00e5r blev inte exakt som jag hade f\u00f6rv\u00e4ntat mig, utan mycket b\u00e4ttre. Det fanns utmaningar, som att anpassa sig till spr\u00e5ket och klimatet, men jag \u00f6vervann dem med t\u00e5lamod och anstr\u00e4ngning. Jag l\u00e4rde mig att bli mer sj\u00e4lvst\u00e4ndig och att anpassa mig till nya och obekanta situationer.<\/p>\n<h2>De positiva aspekterna med att \u00e5ka p\u00e5 utbyte<\/h2>\n<p>Det b\u00e4sta med utbytet var de v\u00e4nskaper jag fick, de nya f\u00e4rdigheter jag f\u00f6rv\u00e4rvade och de unika upplevelser jag hade.<\/p>\n<p>Jag rekommenderar absolut att \u00e5ka p\u00e5 ett high school-utbyte. Att studera utomlands \u00f6ppnar ditt sinne, utmanar dig och l\u00e5ter dig v\u00e4xa p\u00e5 s\u00e4tt som du aldrig kunnat f\u00f6rest\u00e4lla dig. Om n\u00e5gon bad mig om r\u00e5d skulle jag s\u00e4ga att de ska f\u00f6rbereda sig p\u00e5 utmaningar men njuta av varje \u00f6gonblick. Jag kanske skulle ha studerat mer tyska innan jag \u00e5kte, men jag \u00e4r n\u00f6jd med hur allting slutade.<\/p>\n<p>Jag \u00e4r s\u00e4ker p\u00e5 att mitt utbyte kommer att p\u00e5verka min framtid positivt. Jag har f\u00e5tt sj\u00e4lvf\u00f6rtroende, interkulturella f\u00e4rdigheter och ett tredje spr\u00e5k som jag s\u00e4kert kommer att ha nytta av i mitt yrkesliv och privatliv.<\/p>\n<p>Sammanfattningsvis var mitt utbytes\u00e5r i \u00d6sterrike med STS en omv\u00e4lvande upplevelse som jag verkligen kan rekommendera starkt. Om du har chansen, tveka inte utan v\u00e5ga uppleva ett s\u00e5dant \u00e4ventyr.<\/p>\n<h2>Vill du veta mer?<\/h2>\n<ul>\n<li>L\u00e4s fler <a href=\"https:\/\/www.sts-education.com\/se\/high-school\/vara-utbytesstudenter\/studentberattelser\/?hashtag=%c3%96sterrike\">studentber\u00e4ttelser fr\u00e5n \u00d6sterrike<\/a><\/li>\n<li>L\u00e4s mer om ett <a href=\"https:\/\/www.sts-education.com\/se\/high-school\/destinationer\/europa\/osterrike\/\">high school-utbyte i \u00d6sterrike<\/a><\/li>\n<li>Se alla v\u00e5ra <a href=\"\/se\/high-school\/tripfinder\/\">utbytesdestinationer f\u00f6r high school<\/a><\/li>\n<\/ul>\n<\/div><\/div><\/div>\n","protected":false},"excerpt":{"rendered":"","protected":false},"author":20,"featured_media":14586,"comment_status":"open","ping_status":"open","sticky":false,"template":"","format":"standard","meta":{"_acf_changed":false,"_yoast_wpseo_title":"Mauricio pluggade p\u00e5 high school i \u00d6sterrike","_yoast_wpseo_metadesc":"I \u00e5r hade jag den otroliga m\u00f6jligheten att tillbringa ett \u00e5r p\u00e5 utbyte i \u00d6sterrike. Det var en of\u00f6rgl\u00f6mlig upplevelse som varade ett helt l\u00e4s\u00e5r, fr\u00e5n september till juni.","footnotes":""},"categories":[326],"tags":[1032],"wpw_post_folders":[],"class_list":["post-11218","post","type-post","status-publish","format-standard","has-post-thumbnail","hentry","category-okategoriserad","tag-osterrike"],"acf":[],"yoast_head":"<!-- This site is optimized with the Yoast SEO Premium plugin v27.2 (Yoast SEO v27.2) - https:\/\/yoast.com\/product\/yoast-seo-premium-wordpress\/ -->\n<title>Mauricio pluggade p\u00e5 high school i \u00d6sterrike<\/title>\n<meta name=\"description\" content=\"I \u00e5r hade jag den otroliga m\u00f6jligheten att tillbringa ett \u00e5r p\u00e5 utbyte i \u00d6sterrike. Det var en of\u00f6rgl\u00f6mlig upplevelse som varade ett helt l\u00e4s\u00e5r, fr\u00e5n september till juni.\" \/>\n<meta name=\"robots\" content=\"index, follow, max-snippet:-1, max-image-preview:large, max-video-preview:-1\" \/>\n<link rel=\"canonical\" href=\"https:\/\/www.sts-education.com\/se\/high-school\/vara-utbytesstudenter\/studentberattelser\/mauricio-pluggade-pa-high-school-i-osterrike\/\" \/>\n<meta property=\"og:locale\" content=\"sv_SE\" \/>\n<meta property=\"og:type\" content=\"article\" \/>\n<meta property=\"og:title\" content=\"Mauricio pluggade p\u00e5 high school i \u00d6sterrike\" \/>\n<meta property=\"og:description\" content=\"I \u00e5r hade jag den otroliga m\u00f6jligheten att tillbringa ett \u00e5r p\u00e5 utbyte i \u00d6sterrike. Det var en of\u00f6rgl\u00f6mlig upplevelse som varade ett helt l\u00e4s\u00e5r, fr\u00e5n september till juni.\" \/>\n<meta property=\"og:url\" content=\"https:\/\/www.sts-education.com\/se\/high-school\/vara-utbytesstudenter\/studentberattelser\/mauricio-pluggade-pa-high-school-i-osterrike\/\" \/>\n<meta property=\"og:site_name\" content=\"STS Education\" \/>\n<meta property=\"article:published_time\" content=\"2024-08-05T14:00:00+00:00\" \/>\n<meta property=\"article:modified_time\" content=\"2026-04-29T08:02:51+00:00\" \/>\n<meta property=\"og:image\" content=\"https:\/\/powered-by.qbank.se\/educatius\/sts\/\/86754fe3e63a20d8f832b9e46dd1519e_1-1-thumb.webp\" \/>\n\t<meta property=\"og:image:width\" content=\"150\" \/>\n\t<meta property=\"og:image:height\" content=\"150\" \/>\n\t<meta property=\"og:image:type\" content=\"image\/png\" \/>\n<meta name=\"author\" content=\"syncreadwrite\" \/>\n<meta name=\"twitter:card\" content=\"summary_large_image\" \/>\n<meta name=\"twitter:label1\" content=\"Skriven av\" \/>\n\t<meta name=\"twitter:data1\" content=\"syncreadwrite\" \/>\n\t<meta name=\"twitter:label2\" content=\"Ber\u00e4knad l\u00e4stid\" \/>\n\t<meta name=\"twitter:data2\" content=\"4 minuter\" \/>\n<script type=\"application\/ld+json\" class=\"yoast-schema-graph\">{\"@context\":\"https:\/\/schema.org\",\"@graph\":[{\"@type\":\"Article\",\"@id\":\"https:\/\/www.sts-education.com\/se\/high-school\/vara-utbytesstudenter\/studentberattelser\/mauricio-pluggade-pa-high-school-i-osterrike\/#article\",\"isPartOf\":{\"@id\":\"https:\/\/www.sts-education.com\/se\/high-school\/vara-utbytesstudenter\/studentberattelser\/mauricio-pluggade-pa-high-school-i-osterrike\/\"},\"author\":{\"name\":\"syncreadwrite\",\"@id\":\"https:\/\/www.sts-education.com\/se\/#\/schema\/person\/8b82f3a2e45f020b8f296d7a85d9a97c\"},\"headline\":\"Mauricio pluggade p\u00e5 high school i \u00d6sterrike\",\"datePublished\":\"2024-08-05T14:00:00+00:00\",\"dateModified\":\"2026-04-29T08:02:51+00:00\",\"mainEntityOfPage\":{\"@id\":\"https:\/\/www.sts-education.com\/se\/high-school\/vara-utbytesstudenter\/studentberattelser\/mauricio-pluggade-pa-high-school-i-osterrike\/\"},\"wordCount\":717,\"commentCount\":0,\"image\":{\"@id\":\"https:\/\/www.sts-education.com\/se\/high-school\/vara-utbytesstudenter\/studentberattelser\/mauricio-pluggade-pa-high-school-i-osterrike\/#primaryimage\"},\"thumbnailUrl\":\"https:\/\/powered-by.qbank.se\/educatius\/sts\/\/86754fe3e63a20d8f832b9e46dd1519e_1-1-thumb.webp\",\"keywords\":[\"\u00d6sterrike\"],\"articleSection\":[\"Okategoriserad\"],\"inLanguage\":\"sv-SE\",\"potentialAction\":[{\"@type\":\"CommentAction\",\"name\":\"Comment\",\"target\":[\"https:\/\/www.sts-education.com\/se\/high-school\/vara-utbytesstudenter\/studentberattelser\/mauricio-pluggade-pa-high-school-i-osterrike\/#respond\"]}]},{\"@type\":\"WebPage\",\"@id\":\"https:\/\/www.sts-education.com\/se\/high-school\/vara-utbytesstudenter\/studentberattelser\/mauricio-pluggade-pa-high-school-i-osterrike\/\",\"url\":\"https:\/\/www.sts-education.com\/se\/high-school\/vara-utbytesstudenter\/studentberattelser\/mauricio-pluggade-pa-high-school-i-osterrike\/\",\"name\":\"Mauricio pluggade p\u00e5 high school i \u00d6sterrike\",\"isPartOf\":{\"@id\":\"https:\/\/www.sts-education.com\/se\/#website\"},\"primaryImageOfPage\":{\"@id\":\"https:\/\/www.sts-education.com\/se\/high-school\/vara-utbytesstudenter\/studentberattelser\/mauricio-pluggade-pa-high-school-i-osterrike\/#primaryimage\"},\"image\":{\"@id\":\"https:\/\/www.sts-education.com\/se\/high-school\/vara-utbytesstudenter\/studentberattelser\/mauricio-pluggade-pa-high-school-i-osterrike\/#primaryimage\"},\"thumbnailUrl\":\"https:\/\/powered-by.qbank.se\/educatius\/sts\/\/86754fe3e63a20d8f832b9e46dd1519e_1-1-thumb.webp\",\"datePublished\":\"2024-08-05T14:00:00+00:00\",\"dateModified\":\"2026-04-29T08:02:51+00:00\",\"author\":{\"@id\":\"https:\/\/www.sts-education.com\/se\/#\/schema\/person\/8b82f3a2e45f020b8f296d7a85d9a97c\"},\"description\":\"I \u00e5r hade jag den otroliga m\u00f6jligheten att tillbringa ett \u00e5r p\u00e5 utbyte i \u00d6sterrike. Det var en of\u00f6rgl\u00f6mlig upplevelse som varade ett helt l\u00e4s\u00e5r, fr\u00e5n september till juni.\",\"breadcrumb\":{\"@id\":\"https:\/\/www.sts-education.com\/se\/high-school\/vara-utbytesstudenter\/studentberattelser\/mauricio-pluggade-pa-high-school-i-osterrike\/#breadcrumb\"},\"inLanguage\":\"sv-SE\",\"potentialAction\":[{\"@type\":\"ReadAction\",\"target\":[\"https:\/\/www.sts-education.com\/se\/high-school\/vara-utbytesstudenter\/studentberattelser\/mauricio-pluggade-pa-high-school-i-osterrike\/\"]}]},{\"@type\":\"ImageObject\",\"inLanguage\":\"sv-SE\",\"@id\":\"https:\/\/www.sts-education.com\/se\/high-school\/vara-utbytesstudenter\/studentberattelser\/mauricio-pluggade-pa-high-school-i-osterrike\/#primaryimage\",\"url\":\"https:\/\/powered-by.qbank.se\/educatius\/sts\/\/86754fe3e63a20d8f832b9e46dd1519e_1-1-thumb.webp\",\"contentUrl\":\"https:\/\/powered-by.qbank.se\/educatius\/sts\/\/86754fe3e63a20d8f832b9e46dd1519e_1-1-thumb.webp\",\"width\":150,\"height\":150},{\"@type\":\"BreadcrumbList\",\"@id\":\"https:\/\/www.sts-education.com\/se\/high-school\/vara-utbytesstudenter\/studentberattelser\/mauricio-pluggade-pa-high-school-i-osterrike\/#breadcrumb\",\"itemListElement\":[{\"@type\":\"ListItem\",\"position\":1,\"name\":\"Home\",\"item\":\"https:\/\/www.sts-education.com\/se\/\"},{\"@type\":\"ListItem\",\"position\":2,\"name\":\"Mauricio pluggade p\u00e5 high school i \u00d6sterrike\"}]},{\"@type\":\"WebSite\",\"@id\":\"https:\/\/www.sts-education.com\/se\/#website\",\"url\":\"https:\/\/www.sts-education.com\/se\/\",\"name\":\"STS Education\",\"description\":\"\",\"potentialAction\":[{\"@type\":\"SearchAction\",\"target\":{\"@type\":\"EntryPoint\",\"urlTemplate\":\"https:\/\/www.sts-education.com\/se\/?s={search_term_string}\"},\"query-input\":{\"@type\":\"PropertyValueSpecification\",\"valueRequired\":true,\"valueName\":\"search_term_string\"}}],\"inLanguage\":\"sv-SE\"},{\"@type\":\"Person\",\"@id\":\"https:\/\/www.sts-education.com\/se\/#\/schema\/person\/8b82f3a2e45f020b8f296d7a85d9a97c\",\"name\":\"syncreadwrite\",\"image\":{\"@type\":\"ImageObject\",\"inLanguage\":\"sv-SE\",\"@id\":\"https:\/\/secure.gravatar.com\/avatar\/6ed1007e4f6f43f22e3df41d9fce4365533cba47fef64bb359b8e629abbc2ea6?s=96&d=mm&r=g\",\"url\":\"https:\/\/secure.gravatar.com\/avatar\/6ed1007e4f6f43f22e3df41d9fce4365533cba47fef64bb359b8e629abbc2ea6?s=96&d=mm&r=g\",\"contentUrl\":\"https:\/\/secure.gravatar.com\/avatar\/6ed1007e4f6f43f22e3df41d9fce4365533cba47fef64bb359b8e629abbc2ea6?s=96&d=mm&r=g\",\"caption\":\"syncreadwrite\"},\"url\":\"https:\/\/www.sts-education.com\/se\/author\/syncreadwrite\/\"}]}<\/script>\n<!-- \/ Yoast SEO Premium plugin. -->","yoast_head_json":{"title":"Mauricio pluggade p\u00e5 high school i \u00d6sterrike","description":"I \u00e5r hade jag den otroliga m\u00f6jligheten att tillbringa ett \u00e5r p\u00e5 utbyte i \u00d6sterrike. Det var en of\u00f6rgl\u00f6mlig upplevelse som varade ett helt l\u00e4s\u00e5r, fr\u00e5n september till juni.","robots":{"index":"index","follow":"follow","max-snippet":"max-snippet:-1","max-image-preview":"max-image-preview:large","max-video-preview":"max-video-preview:-1"},"canonical":"https:\/\/www.sts-education.com\/se\/high-school\/vara-utbytesstudenter\/studentberattelser\/mauricio-pluggade-pa-high-school-i-osterrike\/","og_locale":"sv_SE","og_type":"article","og_title":"Mauricio pluggade p\u00e5 high school i \u00d6sterrike","og_description":"I \u00e5r hade jag den otroliga m\u00f6jligheten att tillbringa ett \u00e5r p\u00e5 utbyte i \u00d6sterrike. Det var en of\u00f6rgl\u00f6mlig upplevelse som varade ett helt l\u00e4s\u00e5r, fr\u00e5n september till juni.","og_url":"https:\/\/www.sts-education.com\/se\/high-school\/vara-utbytesstudenter\/studentberattelser\/mauricio-pluggade-pa-high-school-i-osterrike\/","og_site_name":"STS Education","article_published_time":"2024-08-05T14:00:00+00:00","article_modified_time":"2026-04-29T08:02:51+00:00","og_image":[{"width":150,"height":150,"url":"https:\/\/powered-by.qbank.se\/educatius\/sts\/\/86754fe3e63a20d8f832b9e46dd1519e_1-1-thumb.webp","type":"image\/png"}],"author":"syncreadwrite","twitter_card":"summary_large_image","twitter_misc":{"Skriven av":"syncreadwrite","Ber\u00e4knad l\u00e4stid":"4 minuter"},"schema":{"@context":"https:\/\/schema.org","@graph":[{"@type":"Article","@id":"https:\/\/www.sts-education.com\/se\/high-school\/vara-utbytesstudenter\/studentberattelser\/mauricio-pluggade-pa-high-school-i-osterrike\/#article","isPartOf":{"@id":"https:\/\/www.sts-education.com\/se\/high-school\/vara-utbytesstudenter\/studentberattelser\/mauricio-pluggade-pa-high-school-i-osterrike\/"},"author":{"name":"syncreadwrite","@id":"https:\/\/www.sts-education.com\/se\/#\/schema\/person\/8b82f3a2e45f020b8f296d7a85d9a97c"},"headline":"Mauricio pluggade p\u00e5 high school i \u00d6sterrike","datePublished":"2024-08-05T14:00:00+00:00","dateModified":"2026-04-29T08:02:51+00:00","mainEntityOfPage":{"@id":"https:\/\/www.sts-education.com\/se\/high-school\/vara-utbytesstudenter\/studentberattelser\/mauricio-pluggade-pa-high-school-i-osterrike\/"},"wordCount":717,"commentCount":0,"image":{"@id":"https:\/\/www.sts-education.com\/se\/high-school\/vara-utbytesstudenter\/studentberattelser\/mauricio-pluggade-pa-high-school-i-osterrike\/#primaryimage"},"thumbnailUrl":"https:\/\/powered-by.qbank.se\/educatius\/sts\/\/86754fe3e63a20d8f832b9e46dd1519e_1-1-thumb.webp","keywords":["\u00d6sterrike"],"articleSection":["Okategoriserad"],"inLanguage":"sv-SE","potentialAction":[{"@type":"CommentAction","name":"Comment","target":["https:\/\/www.sts-education.com\/se\/high-school\/vara-utbytesstudenter\/studentberattelser\/mauricio-pluggade-pa-high-school-i-osterrike\/#respond"]}]},{"@type":"WebPage","@id":"https:\/\/www.sts-education.com\/se\/high-school\/vara-utbytesstudenter\/studentberattelser\/mauricio-pluggade-pa-high-school-i-osterrike\/","url":"https:\/\/www.sts-education.com\/se\/high-school\/vara-utbytesstudenter\/studentberattelser\/mauricio-pluggade-pa-high-school-i-osterrike\/","name":"Mauricio pluggade p\u00e5 high school i \u00d6sterrike","isPartOf":{"@id":"https:\/\/www.sts-education.com\/se\/#website"},"primaryImageOfPage":{"@id":"https:\/\/www.sts-education.com\/se\/high-school\/vara-utbytesstudenter\/studentberattelser\/mauricio-pluggade-pa-high-school-i-osterrike\/#primaryimage"},"image":{"@id":"https:\/\/www.sts-education.com\/se\/high-school\/vara-utbytesstudenter\/studentberattelser\/mauricio-pluggade-pa-high-school-i-osterrike\/#primaryimage"},"thumbnailUrl":"https:\/\/powered-by.qbank.se\/educatius\/sts\/\/86754fe3e63a20d8f832b9e46dd1519e_1-1-thumb.webp","datePublished":"2024-08-05T14:00:00+00:00","dateModified":"2026-04-29T08:02:51+00:00","author":{"@id":"https:\/\/www.sts-education.com\/se\/#\/schema\/person\/8b82f3a2e45f020b8f296d7a85d9a97c"},"description":"I \u00e5r hade jag den otroliga m\u00f6jligheten att tillbringa ett \u00e5r p\u00e5 utbyte i \u00d6sterrike. Det var en of\u00f6rgl\u00f6mlig upplevelse som varade ett helt l\u00e4s\u00e5r, fr\u00e5n september till juni.","breadcrumb":{"@id":"https:\/\/www.sts-education.com\/se\/high-school\/vara-utbytesstudenter\/studentberattelser\/mauricio-pluggade-pa-high-school-i-osterrike\/#breadcrumb"},"inLanguage":"sv-SE","potentialAction":[{"@type":"ReadAction","target":["https:\/\/www.sts-education.com\/se\/high-school\/vara-utbytesstudenter\/studentberattelser\/mauricio-pluggade-pa-high-school-i-osterrike\/"]}]},{"@type":"ImageObject","inLanguage":"sv-SE","@id":"https:\/\/www.sts-education.com\/se\/high-school\/vara-utbytesstudenter\/studentberattelser\/mauricio-pluggade-pa-high-school-i-osterrike\/#primaryimage","url":"https:\/\/powered-by.qbank.se\/educatius\/sts\/\/86754fe3e63a20d8f832b9e46dd1519e_1-1-thumb.webp","contentUrl":"https:\/\/powered-by.qbank.se\/educatius\/sts\/\/86754fe3e63a20d8f832b9e46dd1519e_1-1-thumb.webp","width":150,"height":150},{"@type":"BreadcrumbList","@id":"https:\/\/www.sts-education.com\/se\/high-school\/vara-utbytesstudenter\/studentberattelser\/mauricio-pluggade-pa-high-school-i-osterrike\/#breadcrumb","itemListElement":[{"@type":"ListItem","position":1,"name":"Home","item":"https:\/\/www.sts-education.com\/se\/"},{"@type":"ListItem","position":2,"name":"Mauricio pluggade p\u00e5 high school i \u00d6sterrike"}]},{"@type":"WebSite","@id":"https:\/\/www.sts-education.com\/se\/#website","url":"https:\/\/www.sts-education.com\/se\/","name":"STS Education","description":"","potentialAction":[{"@type":"SearchAction","target":{"@type":"EntryPoint","urlTemplate":"https:\/\/www.sts-education.com\/se\/?s={search_term_string}"},"query-input":{"@type":"PropertyValueSpecification","valueRequired":true,"valueName":"search_term_string"}}],"inLanguage":"sv-SE"},{"@type":"Person","@id":"https:\/\/www.sts-education.com\/se\/#\/schema\/person\/8b82f3a2e45f020b8f296d7a85d9a97c","name":"syncreadwrite","image":{"@type":"ImageObject","inLanguage":"sv-SE","@id":"https:\/\/secure.gravatar.com\/avatar\/6ed1007e4f6f43f22e3df41d9fce4365533cba47fef64bb359b8e629abbc2ea6?s=96&d=mm&r=g","url":"https:\/\/secure.gravatar.com\/avatar\/6ed1007e4f6f43f22e3df41d9fce4365533cba47fef64bb359b8e629abbc2ea6?s=96&d=mm&r=g","contentUrl":"https:\/\/secure.gravatar.com\/avatar\/6ed1007e4f6f43f22e3df41d9fce4365533cba47fef64bb359b8e629abbc2ea6?s=96&d=mm&r=g","caption":"syncreadwrite"},"url":"https:\/\/www.sts-education.com\/se\/author\/syncreadwrite\/"}]}},"_links":{"self":[{"href":"https:\/\/www.sts-education.com\/se\/wp-json\/wp\/v2\/posts\/11218","targetHints":{"allow":["GET"]}}],"collection":[{"href":"https:\/\/www.sts-education.com\/se\/wp-json\/wp\/v2\/posts"}],"about":[{"href":"https:\/\/www.sts-education.com\/se\/wp-json\/wp\/v2\/types\/post"}],"author":[{"embeddable":true,"href":"https:\/\/www.sts-education.com\/se\/wp-json\/wp\/v2\/users\/20"}],"replies":[{"embeddable":true,"href":"https:\/\/www.sts-education.com\/se\/wp-json\/wp\/v2\/comments?post=11218"}],"version-history":[{"count":8,"href":"https:\/\/www.sts-education.com\/se\/wp-json\/wp\/v2\/posts\/11218\/revisions"}],"predecessor-version":[{"id":43582,"href":"https:\/\/www.sts-education.com\/se\/wp-json\/wp\/v2\/posts\/11218\/revisions\/43582"}],"wp:featuredmedia":[{"embeddable":true,"href":"https:\/\/www.sts-education.com\/se\/wp-json\/wp\/v2\/media\/14586"}],"wp:attachment":[{"href":"https:\/\/www.sts-education.com\/se\/wp-json\/wp\/v2\/media?parent=11218"}],"wp:term":[{"taxonomy":"category","embeddable":true,"href":"https:\/\/www.sts-education.com\/se\/wp-json\/wp\/v2\/categories?post=11218"},{"taxonomy":"post_tag","embeddable":true,"href":"https:\/\/www.sts-education.com\/se\/wp-json\/wp\/v2\/tags?post=11218"},{"taxonomy":"wpw_post_folders","embeddable":true,"href":"https:\/\/www.sts-education.com\/se\/wp-json\/wp\/v2\/wpw_post_folders?post=11218"}],"curies":[{"name":"wp","href":"https:\/\/api.w.org\/{rel}","templated":true}]}}