{"id":11221,"date":"2024-07-26T08:00:00","date_gmt":"2024-07-26T06:00:00","guid":{"rendered":"https:\/\/preprod.sts-education.com\/blog\/2026\/03\/05\/eline-tillbringade-en-termin-i-osterrike\/"},"modified":"2026-04-29T10:05:44","modified_gmt":"2026-04-29T08:05:44","slug":"eline-tillbringade-en-termin-i-osterrike","status":"publish","type":"post","link":"https:\/\/www.sts-education.com\/se\/high-school\/vara-utbytesstudenter\/studentberattelser\/eline-tillbringade-en-termin-i-osterrike\/","title":{"rendered":"Eline tillbringade en termin i \u00d6sterrike"},"content":{"rendered":"\n<div class=\"wp-block-sts-text sts-text-editor has-max-width-md\"><div class=\"sts-text-editor__content\"><div class=\"sts-text-editor__content-inner\">\n<h1 style=\"text-align:center\">Eline tillbringade en termin i \u00d6sterrike<\/h1>\n<\/div><\/div><\/div>\n\n\n\n<figure class=\"wp-block-sts-image sts-block-image sts-block-image--count-1 has-max-width-lg\" data-count=\"1\"><div class=\"sts-block-image__grid\"><div class=\"sts-block-image__item\"><picture class=\"sts-responsive-image has-fit-cover has-pos-top is-skeleton\"><source media=\"(max-width: 834.98px)\" srcset=\"https:\/\/powered-by.qbank.se\/educatius\/sts\/a52123d1a17710351a6a1c66dde6b8ee_1-1-thumb.webp 150w, https:\/\/powered-by.qbank.se\/educatius\/sts\/a52123d1a17710351a6a1c66dde6b8ee_1-1-xsmall.webp 500w, https:\/\/powered-by.qbank.se\/educatius\/sts\/a52123d1a17710351a6a1c66dde6b8ee_1-1-small.webp 800w, https:\/\/powered-by.qbank.se\/educatius\/sts\/a52123d1a17710351a6a1c66dde6b8ee_1-1-medium.webp 1024w, https:\/\/powered-by.qbank.se\/educatius\/sts\/a52123d1a17710351a6a1c66dde6b8ee_1-1-large.webp 1536w\" sizes=\"(max-width: 768px) 100vw, (max-width: 1200px) 100vw, 1200px\" type=\"image\/webp\"\/><source media=\"(min-width: 835px)\" srcset=\"https:\/\/powered-by.qbank.se\/educatius\/sts\/a52123d1a17710351a6a1c66dde6b8ee_16-9-small.webp 800w, https:\/\/powered-by.qbank.se\/educatius\/sts\/a52123d1a17710351a6a1c66dde6b8ee_16-9-medium.webp 1024w, https:\/\/powered-by.qbank.se\/educatius\/sts\/a52123d1a17710351a6a1c66dde6b8ee_16-9-large.webp 1536w\" sizes=\"(max-width: 768px) 100vw, (max-width: 1200px) 100vw, 1200px\" type=\"image\/webp\"\/><img src=\"https:\/\/powered-by.qbank.se\/educatius\/sts\/a52123d1a17710351a6a1c66dde6b8ee_1-1-thumb.webp\" alt=\"Eline tillbringade en termin i \u00d6sterrike\" loading=\"lazy\" decoding=\"async\" fetchpriority=\"low\" style=\"object-position:top\"\/><\/picture><\/div><\/div><\/figure>\n\n\n\n<div class=\"wp-block-sts-text sts-text-editor has-max-width-md\"><div class=\"sts-text-editor__content\"><div class=\"sts-text-editor__content-inner\">\n<p><em>Eline fr\u00e5n Nederl\u00e4nderna tillbringade en utbytestermin i \u00d6sterrike.<\/em><\/p>\n<p>Jag tillbringade min utbytestermin i \u00d6sterrike. Jag \u00e5kte till \u00d6sterrike f\u00f6r att jag ville l\u00e4ra mig tyska. Jag b\u00f6rjade l\u00e4ra mig tyska i skolan och gillade verkligen spr\u00e5ket men tyckte inte riktigt om att studera det fr\u00e5n en bok. Jag ville l\u00e4ra mig ett spr\u00e5k genom att anv\u00e4nda det och det var precis vad som h\u00e4nde under mitt utbytes\u00e5r.<\/p>\n<\/div><\/div><\/div>\n\n\n\n<div class=\"wp-block-sts-text sts-text-editor has-max-width-md\"><div class=\"sts-text-editor__content\"><div class=\"sts-text-editor__content-inner\">\n<h2>Att komma in i skollivet<\/h2>\n<p>Jag trivdes verkligen bra i skolan. Mina klasskamrater var v\u00e4ldigt v\u00e4lkomnande och f\u00f6rst\u00e5ende och tvekade aldrig att hj\u00e4lpa mig n\u00e4r jag beh\u00f6vde det. Mina l\u00e4rare var ocks\u00e5 underbara. Ibland var det sv\u00e5rt i skolan eftersom allt var p\u00e5 tyska, men det blev l\u00e4ttare n\u00e4r min tyska blev b\u00e4ttre.<\/p>\n<h2>Att uppleva en v\u00e4rdfamilj<\/h2>\n<p>Jag gillade verkligen mina v\u00e4rdf\u00f6r\u00e4ldrar, de var s\u00e5 sn\u00e4lla och hj\u00e4lpsamma. De talar med en liten accent, vilket \u00e4r normalt i \u00d6sterrike. Det var en utmaning ibland, men gjorde det ocks\u00e5 roligare eftersom vissa ord \u00e4r annorlunda p\u00e5 \u00f6sterrikisk tyska.<\/p>\n<h2>Kulturella skillnader<\/h2>\n<p>Jag hade n\u00e5gra kulturella chocker, men de var mindre eftersom jag hade varit i \u00d6sterrike flera g\u00e5nger tidigare och det \u00e4r ungef\u00e4r som Nederl\u00e4nderna. Men n\u00e5got jag var tvungen att v\u00e4nja mig vid var att det inte \u00e4r s\u00e5 vanligt att cykla n\u00e4r man ska n\u00e5gonstans.<\/p>\n<h2>\u00c5rets b\u00e4sta minnen<\/h2>\n<p>Ett av mina b\u00e4sta minnen \u00e4r n\u00e4r jag gick p\u00e5 bio med mina v\u00e4nner. Vi var de enda som var d\u00e4r och kunde bara sk\u00e4mta och prata om filmen utan att st\u00f6ra n\u00e5gon. Det var en tysk film, och det var ocks\u00e5 sk\u00f6nt att kunna fr\u00e5ga mina v\u00e4nner n\u00e4r jag inte f\u00f6rstod.<\/p>\n<p>Jag \u00e5kte till Wien ganska ofta. Jag \u00e5kte med STS, min v\u00e4rdmamma och v\u00e4nner som jag fick genom STS. Jag bes\u00f6kte ocks\u00e5 julmarknader och \u00e5kte skridskor p\u00e5 Rathausplatz, vilket var kul. Mitt r\u00e5d: Gl\u00f6m inte att g\u00e5 p\u00e5 julmarknaderna!<\/p>\n<h2>R\u00e5d till framtida utbytesstudenter<\/h2>\n<p>Om du funderar p\u00e5 om du ska \u00e5ka p\u00e5 utbyte, g\u00f6r det! Det var en av de b\u00e4sta sakerna jag n\u00e5gonsin gjort. Det \u00e4r en livsf\u00f6r\u00e4ndrande upplevelse som kommer att f\u00f6r\u00e4ndra din framtid. Du l\u00e4r dig s\u00e5 mycket! Det b\u00e4sta av allt \u00e4r att du l\u00e4r dig ett annat spr\u00e5k p\u00e5 ett j\u00e4tteroligt s\u00e4tt.<\/p>\n<h2>Vill du veta mer?<\/h2>\n<ul>\n<li>L\u00e4s fler <a href=\"https:\/\/www.sts-education.com\/se\/high-school\/vara-utbytesstudenter\/studentberattelser\/?hashtag=%c3%96sterrike\">studentber\u00e4ttelser fr\u00e5n \u00d6sterrike<\/a><\/li>\n<li>L\u00e4s mer om ett <a href=\"https:\/\/www.sts-education.com\/se\/high-school\/destinationer\/europa\/osterrike\/\">high school-utbyte i \u00d6sterrike<\/a><\/li>\n<li>Se alla v\u00e5ra <a href=\"\/se\/high-school\/tripfinder\/\">utbytesdestinationer f\u00f6r high school<\/a><\/li>\n<\/ul>\n<\/div><\/div><\/div>\n","protected":false},"excerpt":{"rendered":"","protected":false},"author":20,"featured_media":14592,"comment_status":"open","ping_status":"open","sticky":false,"template":"","format":"standard","meta":{"_acf_changed":false,"_yoast_wpseo_title":"Eline tillbringade en termin i \u00d6sterrike","_yoast_wpseo_metadesc":"Jag \u00e5kte till \u00d6sterrike f\u00f6r att jag ville l\u00e4ra mig tyska. Jag ville l\u00e4ra mig ett spr\u00e5k genom att anv\u00e4nda det och det var precis vad som h\u00e4nde under mitt utbytes\u00e5r.","footnotes":""},"categories":[326],"tags":[1032],"wpw_post_folders":[],"class_list":["post-11221","post","type-post","status-publish","format-standard","has-post-thumbnail","hentry","category-okategoriserad","tag-osterrike"],"acf":[],"yoast_head":"<!-- This site is optimized with the Yoast SEO Premium plugin v27.2 (Yoast SEO v27.2) - https:\/\/yoast.com\/product\/yoast-seo-premium-wordpress\/ -->\n<title>Eline tillbringade en termin i \u00d6sterrike<\/title>\n<meta name=\"description\" content=\"Jag \u00e5kte till \u00d6sterrike f\u00f6r att jag ville l\u00e4ra mig tyska. Jag ville l\u00e4ra mig ett spr\u00e5k genom att anv\u00e4nda det och det var precis vad som h\u00e4nde under mitt utbytes\u00e5r.\" \/>\n<meta name=\"robots\" content=\"index, follow, max-snippet:-1, max-image-preview:large, max-video-preview:-1\" \/>\n<link rel=\"canonical\" href=\"https:\/\/www.sts-education.com\/se\/high-school\/vara-utbytesstudenter\/studentberattelser\/eline-tillbringade-en-termin-i-osterrike\/\" \/>\n<meta property=\"og:locale\" content=\"sv_SE\" \/>\n<meta property=\"og:type\" content=\"article\" \/>\n<meta property=\"og:title\" content=\"Eline tillbringade en termin i \u00d6sterrike\" \/>\n<meta property=\"og:description\" content=\"Jag \u00e5kte till \u00d6sterrike f\u00f6r att jag ville l\u00e4ra mig tyska. Jag ville l\u00e4ra mig ett spr\u00e5k genom att anv\u00e4nda det och det var precis vad som h\u00e4nde under mitt utbytes\u00e5r.\" \/>\n<meta property=\"og:url\" content=\"https:\/\/www.sts-education.com\/se\/high-school\/vara-utbytesstudenter\/studentberattelser\/eline-tillbringade-en-termin-i-osterrike\/\" \/>\n<meta property=\"og:site_name\" content=\"STS Education\" \/>\n<meta property=\"article:published_time\" content=\"2024-07-26T06:00:00+00:00\" \/>\n<meta property=\"article:modified_time\" content=\"2026-04-29T08:05:44+00:00\" \/>\n<meta property=\"og:image\" content=\"https:\/\/powered-by.qbank.se\/educatius\/sts\/\/a52123d1a17710351a6a1c66dde6b8ee_1-1-thumb.webp\" \/>\n\t<meta property=\"og:image:width\" content=\"150\" \/>\n\t<meta property=\"og:image:height\" content=\"150\" \/>\n\t<meta property=\"og:image:type\" content=\"image\/png\" \/>\n<meta name=\"author\" content=\"syncreadwrite\" \/>\n<meta name=\"twitter:card\" content=\"summary_large_image\" \/>\n<meta name=\"twitter:label1\" content=\"Skriven av\" \/>\n\t<meta name=\"twitter:data1\" content=\"syncreadwrite\" \/>\n\t<meta name=\"twitter:label2\" content=\"Ber\u00e4knad l\u00e4stid\" \/>\n\t<meta name=\"twitter:data2\" content=\"3 minuter\" \/>\n<script type=\"application\/ld+json\" class=\"yoast-schema-graph\">{\"@context\":\"https:\/\/schema.org\",\"@graph\":[{\"@type\":\"Article\",\"@id\":\"https:\/\/www.sts-education.com\/se\/high-school\/vara-utbytesstudenter\/studentberattelser\/eline-tillbringade-en-termin-i-osterrike\/#article\",\"isPartOf\":{\"@id\":\"https:\/\/www.sts-education.com\/se\/high-school\/vara-utbytesstudenter\/studentberattelser\/eline-tillbringade-en-termin-i-osterrike\/\"},\"author\":{\"name\":\"syncreadwrite\",\"@id\":\"https:\/\/www.sts-education.com\/se\/#\/schema\/person\/8b82f3a2e45f020b8f296d7a85d9a97c\"},\"headline\":\"Eline tillbringade en termin i \u00d6sterrike\",\"datePublished\":\"2024-07-26T06:00:00+00:00\",\"dateModified\":\"2026-04-29T08:05:44+00:00\",\"mainEntityOfPage\":{\"@id\":\"https:\/\/www.sts-education.com\/se\/high-school\/vara-utbytesstudenter\/studentberattelser\/eline-tillbringade-en-termin-i-osterrike\/\"},\"wordCount\":477,\"commentCount\":0,\"image\":{\"@id\":\"https:\/\/www.sts-education.com\/se\/high-school\/vara-utbytesstudenter\/studentberattelser\/eline-tillbringade-en-termin-i-osterrike\/#primaryimage\"},\"thumbnailUrl\":\"https:\/\/powered-by.qbank.se\/educatius\/sts\/\/a52123d1a17710351a6a1c66dde6b8ee_1-1-thumb.webp\",\"keywords\":[\"\u00d6sterrike\"],\"articleSection\":[\"Okategoriserad\"],\"inLanguage\":\"sv-SE\",\"potentialAction\":[{\"@type\":\"CommentAction\",\"name\":\"Comment\",\"target\":[\"https:\/\/www.sts-education.com\/se\/high-school\/vara-utbytesstudenter\/studentberattelser\/eline-tillbringade-en-termin-i-osterrike\/#respond\"]}]},{\"@type\":\"WebPage\",\"@id\":\"https:\/\/www.sts-education.com\/se\/high-school\/vara-utbytesstudenter\/studentberattelser\/eline-tillbringade-en-termin-i-osterrike\/\",\"url\":\"https:\/\/www.sts-education.com\/se\/high-school\/vara-utbytesstudenter\/studentberattelser\/eline-tillbringade-en-termin-i-osterrike\/\",\"name\":\"Eline tillbringade en termin i \u00d6sterrike\",\"isPartOf\":{\"@id\":\"https:\/\/www.sts-education.com\/se\/#website\"},\"primaryImageOfPage\":{\"@id\":\"https:\/\/www.sts-education.com\/se\/high-school\/vara-utbytesstudenter\/studentberattelser\/eline-tillbringade-en-termin-i-osterrike\/#primaryimage\"},\"image\":{\"@id\":\"https:\/\/www.sts-education.com\/se\/high-school\/vara-utbytesstudenter\/studentberattelser\/eline-tillbringade-en-termin-i-osterrike\/#primaryimage\"},\"thumbnailUrl\":\"https:\/\/powered-by.qbank.se\/educatius\/sts\/\/a52123d1a17710351a6a1c66dde6b8ee_1-1-thumb.webp\",\"datePublished\":\"2024-07-26T06:00:00+00:00\",\"dateModified\":\"2026-04-29T08:05:44+00:00\",\"author\":{\"@id\":\"https:\/\/www.sts-education.com\/se\/#\/schema\/person\/8b82f3a2e45f020b8f296d7a85d9a97c\"},\"description\":\"Jag \u00e5kte till \u00d6sterrike f\u00f6r att jag ville l\u00e4ra mig tyska. Jag ville l\u00e4ra mig ett spr\u00e5k genom att anv\u00e4nda det och det var precis vad som h\u00e4nde under mitt utbytes\u00e5r.\",\"breadcrumb\":{\"@id\":\"https:\/\/www.sts-education.com\/se\/high-school\/vara-utbytesstudenter\/studentberattelser\/eline-tillbringade-en-termin-i-osterrike\/#breadcrumb\"},\"inLanguage\":\"sv-SE\",\"potentialAction\":[{\"@type\":\"ReadAction\",\"target\":[\"https:\/\/www.sts-education.com\/se\/high-school\/vara-utbytesstudenter\/studentberattelser\/eline-tillbringade-en-termin-i-osterrike\/\"]}]},{\"@type\":\"ImageObject\",\"inLanguage\":\"sv-SE\",\"@id\":\"https:\/\/www.sts-education.com\/se\/high-school\/vara-utbytesstudenter\/studentberattelser\/eline-tillbringade-en-termin-i-osterrike\/#primaryimage\",\"url\":\"https:\/\/powered-by.qbank.se\/educatius\/sts\/\/a52123d1a17710351a6a1c66dde6b8ee_1-1-thumb.webp\",\"contentUrl\":\"https:\/\/powered-by.qbank.se\/educatius\/sts\/\/a52123d1a17710351a6a1c66dde6b8ee_1-1-thumb.webp\",\"width\":150,\"height\":150},{\"@type\":\"BreadcrumbList\",\"@id\":\"https:\/\/www.sts-education.com\/se\/high-school\/vara-utbytesstudenter\/studentberattelser\/eline-tillbringade-en-termin-i-osterrike\/#breadcrumb\",\"itemListElement\":[{\"@type\":\"ListItem\",\"position\":1,\"name\":\"Home\",\"item\":\"https:\/\/www.sts-education.com\/se\/\"},{\"@type\":\"ListItem\",\"position\":2,\"name\":\"Eline tillbringade en termin i \u00d6sterrike\"}]},{\"@type\":\"WebSite\",\"@id\":\"https:\/\/www.sts-education.com\/se\/#website\",\"url\":\"https:\/\/www.sts-education.com\/se\/\",\"name\":\"STS Education\",\"description\":\"\",\"potentialAction\":[{\"@type\":\"SearchAction\",\"target\":{\"@type\":\"EntryPoint\",\"urlTemplate\":\"https:\/\/www.sts-education.com\/se\/?s={search_term_string}\"},\"query-input\":{\"@type\":\"PropertyValueSpecification\",\"valueRequired\":true,\"valueName\":\"search_term_string\"}}],\"inLanguage\":\"sv-SE\"},{\"@type\":\"Person\",\"@id\":\"https:\/\/www.sts-education.com\/se\/#\/schema\/person\/8b82f3a2e45f020b8f296d7a85d9a97c\",\"name\":\"syncreadwrite\",\"image\":{\"@type\":\"ImageObject\",\"inLanguage\":\"sv-SE\",\"@id\":\"https:\/\/secure.gravatar.com\/avatar\/6ed1007e4f6f43f22e3df41d9fce4365533cba47fef64bb359b8e629abbc2ea6?s=96&d=mm&r=g\",\"url\":\"https:\/\/secure.gravatar.com\/avatar\/6ed1007e4f6f43f22e3df41d9fce4365533cba47fef64bb359b8e629abbc2ea6?s=96&d=mm&r=g\",\"contentUrl\":\"https:\/\/secure.gravatar.com\/avatar\/6ed1007e4f6f43f22e3df41d9fce4365533cba47fef64bb359b8e629abbc2ea6?s=96&d=mm&r=g\",\"caption\":\"syncreadwrite\"},\"url\":\"https:\/\/www.sts-education.com\/se\/author\/syncreadwrite\/\"}]}<\/script>\n<!-- \/ Yoast SEO Premium plugin. -->","yoast_head_json":{"title":"Eline tillbringade en termin i \u00d6sterrike","description":"Jag \u00e5kte till \u00d6sterrike f\u00f6r att jag ville l\u00e4ra mig tyska. Jag ville l\u00e4ra mig ett spr\u00e5k genom att anv\u00e4nda det och det var precis vad som h\u00e4nde under mitt utbytes\u00e5r.","robots":{"index":"index","follow":"follow","max-snippet":"max-snippet:-1","max-image-preview":"max-image-preview:large","max-video-preview":"max-video-preview:-1"},"canonical":"https:\/\/www.sts-education.com\/se\/high-school\/vara-utbytesstudenter\/studentberattelser\/eline-tillbringade-en-termin-i-osterrike\/","og_locale":"sv_SE","og_type":"article","og_title":"Eline tillbringade en termin i \u00d6sterrike","og_description":"Jag \u00e5kte till \u00d6sterrike f\u00f6r att jag ville l\u00e4ra mig tyska. Jag ville l\u00e4ra mig ett spr\u00e5k genom att anv\u00e4nda det och det var precis vad som h\u00e4nde under mitt utbytes\u00e5r.","og_url":"https:\/\/www.sts-education.com\/se\/high-school\/vara-utbytesstudenter\/studentberattelser\/eline-tillbringade-en-termin-i-osterrike\/","og_site_name":"STS Education","article_published_time":"2024-07-26T06:00:00+00:00","article_modified_time":"2026-04-29T08:05:44+00:00","og_image":[{"width":150,"height":150,"url":"https:\/\/powered-by.qbank.se\/educatius\/sts\/\/a52123d1a17710351a6a1c66dde6b8ee_1-1-thumb.webp","type":"image\/png"}],"author":"syncreadwrite","twitter_card":"summary_large_image","twitter_misc":{"Skriven av":"syncreadwrite","Ber\u00e4knad l\u00e4stid":"3 minuter"},"schema":{"@context":"https:\/\/schema.org","@graph":[{"@type":"Article","@id":"https:\/\/www.sts-education.com\/se\/high-school\/vara-utbytesstudenter\/studentberattelser\/eline-tillbringade-en-termin-i-osterrike\/#article","isPartOf":{"@id":"https:\/\/www.sts-education.com\/se\/high-school\/vara-utbytesstudenter\/studentberattelser\/eline-tillbringade-en-termin-i-osterrike\/"},"author":{"name":"syncreadwrite","@id":"https:\/\/www.sts-education.com\/se\/#\/schema\/person\/8b82f3a2e45f020b8f296d7a85d9a97c"},"headline":"Eline tillbringade en termin i \u00d6sterrike","datePublished":"2024-07-26T06:00:00+00:00","dateModified":"2026-04-29T08:05:44+00:00","mainEntityOfPage":{"@id":"https:\/\/www.sts-education.com\/se\/high-school\/vara-utbytesstudenter\/studentberattelser\/eline-tillbringade-en-termin-i-osterrike\/"},"wordCount":477,"commentCount":0,"image":{"@id":"https:\/\/www.sts-education.com\/se\/high-school\/vara-utbytesstudenter\/studentberattelser\/eline-tillbringade-en-termin-i-osterrike\/#primaryimage"},"thumbnailUrl":"https:\/\/powered-by.qbank.se\/educatius\/sts\/\/a52123d1a17710351a6a1c66dde6b8ee_1-1-thumb.webp","keywords":["\u00d6sterrike"],"articleSection":["Okategoriserad"],"inLanguage":"sv-SE","potentialAction":[{"@type":"CommentAction","name":"Comment","target":["https:\/\/www.sts-education.com\/se\/high-school\/vara-utbytesstudenter\/studentberattelser\/eline-tillbringade-en-termin-i-osterrike\/#respond"]}]},{"@type":"WebPage","@id":"https:\/\/www.sts-education.com\/se\/high-school\/vara-utbytesstudenter\/studentberattelser\/eline-tillbringade-en-termin-i-osterrike\/","url":"https:\/\/www.sts-education.com\/se\/high-school\/vara-utbytesstudenter\/studentberattelser\/eline-tillbringade-en-termin-i-osterrike\/","name":"Eline tillbringade en termin i \u00d6sterrike","isPartOf":{"@id":"https:\/\/www.sts-education.com\/se\/#website"},"primaryImageOfPage":{"@id":"https:\/\/www.sts-education.com\/se\/high-school\/vara-utbytesstudenter\/studentberattelser\/eline-tillbringade-en-termin-i-osterrike\/#primaryimage"},"image":{"@id":"https:\/\/www.sts-education.com\/se\/high-school\/vara-utbytesstudenter\/studentberattelser\/eline-tillbringade-en-termin-i-osterrike\/#primaryimage"},"thumbnailUrl":"https:\/\/powered-by.qbank.se\/educatius\/sts\/\/a52123d1a17710351a6a1c66dde6b8ee_1-1-thumb.webp","datePublished":"2024-07-26T06:00:00+00:00","dateModified":"2026-04-29T08:05:44+00:00","author":{"@id":"https:\/\/www.sts-education.com\/se\/#\/schema\/person\/8b82f3a2e45f020b8f296d7a85d9a97c"},"description":"Jag \u00e5kte till \u00d6sterrike f\u00f6r att jag ville l\u00e4ra mig tyska. Jag ville l\u00e4ra mig ett spr\u00e5k genom att anv\u00e4nda det och det var precis vad som h\u00e4nde under mitt utbytes\u00e5r.","breadcrumb":{"@id":"https:\/\/www.sts-education.com\/se\/high-school\/vara-utbytesstudenter\/studentberattelser\/eline-tillbringade-en-termin-i-osterrike\/#breadcrumb"},"inLanguage":"sv-SE","potentialAction":[{"@type":"ReadAction","target":["https:\/\/www.sts-education.com\/se\/high-school\/vara-utbytesstudenter\/studentberattelser\/eline-tillbringade-en-termin-i-osterrike\/"]}]},{"@type":"ImageObject","inLanguage":"sv-SE","@id":"https:\/\/www.sts-education.com\/se\/high-school\/vara-utbytesstudenter\/studentberattelser\/eline-tillbringade-en-termin-i-osterrike\/#primaryimage","url":"https:\/\/powered-by.qbank.se\/educatius\/sts\/\/a52123d1a17710351a6a1c66dde6b8ee_1-1-thumb.webp","contentUrl":"https:\/\/powered-by.qbank.se\/educatius\/sts\/\/a52123d1a17710351a6a1c66dde6b8ee_1-1-thumb.webp","width":150,"height":150},{"@type":"BreadcrumbList","@id":"https:\/\/www.sts-education.com\/se\/high-school\/vara-utbytesstudenter\/studentberattelser\/eline-tillbringade-en-termin-i-osterrike\/#breadcrumb","itemListElement":[{"@type":"ListItem","position":1,"name":"Home","item":"https:\/\/www.sts-education.com\/se\/"},{"@type":"ListItem","position":2,"name":"Eline tillbringade en termin i \u00d6sterrike"}]},{"@type":"WebSite","@id":"https:\/\/www.sts-education.com\/se\/#website","url":"https:\/\/www.sts-education.com\/se\/","name":"STS Education","description":"","potentialAction":[{"@type":"SearchAction","target":{"@type":"EntryPoint","urlTemplate":"https:\/\/www.sts-education.com\/se\/?s={search_term_string}"},"query-input":{"@type":"PropertyValueSpecification","valueRequired":true,"valueName":"search_term_string"}}],"inLanguage":"sv-SE"},{"@type":"Person","@id":"https:\/\/www.sts-education.com\/se\/#\/schema\/person\/8b82f3a2e45f020b8f296d7a85d9a97c","name":"syncreadwrite","image":{"@type":"ImageObject","inLanguage":"sv-SE","@id":"https:\/\/secure.gravatar.com\/avatar\/6ed1007e4f6f43f22e3df41d9fce4365533cba47fef64bb359b8e629abbc2ea6?s=96&d=mm&r=g","url":"https:\/\/secure.gravatar.com\/avatar\/6ed1007e4f6f43f22e3df41d9fce4365533cba47fef64bb359b8e629abbc2ea6?s=96&d=mm&r=g","contentUrl":"https:\/\/secure.gravatar.com\/avatar\/6ed1007e4f6f43f22e3df41d9fce4365533cba47fef64bb359b8e629abbc2ea6?s=96&d=mm&r=g","caption":"syncreadwrite"},"url":"https:\/\/www.sts-education.com\/se\/author\/syncreadwrite\/"}]}},"_links":{"self":[{"href":"https:\/\/www.sts-education.com\/se\/wp-json\/wp\/v2\/posts\/11221","targetHints":{"allow":["GET"]}}],"collection":[{"href":"https:\/\/www.sts-education.com\/se\/wp-json\/wp\/v2\/posts"}],"about":[{"href":"https:\/\/www.sts-education.com\/se\/wp-json\/wp\/v2\/types\/post"}],"author":[{"embeddable":true,"href":"https:\/\/www.sts-education.com\/se\/wp-json\/wp\/v2\/users\/20"}],"replies":[{"embeddable":true,"href":"https:\/\/www.sts-education.com\/se\/wp-json\/wp\/v2\/comments?post=11221"}],"version-history":[{"count":8,"href":"https:\/\/www.sts-education.com\/se\/wp-json\/wp\/v2\/posts\/11221\/revisions"}],"predecessor-version":[{"id":43618,"href":"https:\/\/www.sts-education.com\/se\/wp-json\/wp\/v2\/posts\/11221\/revisions\/43618"}],"wp:featuredmedia":[{"embeddable":true,"href":"https:\/\/www.sts-education.com\/se\/wp-json\/wp\/v2\/media\/14592"}],"wp:attachment":[{"href":"https:\/\/www.sts-education.com\/se\/wp-json\/wp\/v2\/media?parent=11221"}],"wp:term":[{"taxonomy":"category","embeddable":true,"href":"https:\/\/www.sts-education.com\/se\/wp-json\/wp\/v2\/categories?post=11221"},{"taxonomy":"post_tag","embeddable":true,"href":"https:\/\/www.sts-education.com\/se\/wp-json\/wp\/v2\/tags?post=11221"},{"taxonomy":"wpw_post_folders","embeddable":true,"href":"https:\/\/www.sts-education.com\/se\/wp-json\/wp\/v2\/wpw_post_folders?post=11221"}],"curies":[{"name":"wp","href":"https:\/\/api.w.org\/{rel}","templated":true}]}}