{"id":11226,"date":"2024-05-13T09:00:00","date_gmt":"2024-05-13T09:00:00","guid":{"rendered":"https:\/\/preprod.sts-education.com\/blog\/2026\/03\/05\/petra-var-pa-ett-utbytesar-i-usa\/"},"modified":"2026-04-27T12:22:22","modified_gmt":"2026-04-27T12:22:22","slug":"petra-var-pa-ett-utbytesar-i-usa","status":"publish","type":"post","link":"https:\/\/www.sts-education.com\/se\/high-school\/vara-utbytesstudenter\/studentberattelser\/petra-var-pa-ett-utbytesar-i-usa\/","title":{"rendered":"Petra var p\u00e5 ett utbytes\u00e5r i USA"},"content":{"rendered":"\n<div class=\"wp-block-sts-text sts-text-editor has-max-width-md\"><div class=\"sts-text-editor__content\"><div class=\"sts-text-editor__content-inner\">\n<h1 style=\"text-align:center\">Petra var p\u00e5 ett utbytes\u00e5r i USA<\/h1>\n<\/div><\/div><\/div>\n\n\n\n<div class=\"wp-block-sts-text sts-text-editor has-max-width-md\"><div class=\"sts-text-editor__content\"><div class=\"sts-text-editor__content-inner\">\n<p><em>Petra, 41, fr\u00e5n Nederl\u00e4nderna \u00e4r en tidigare utbytesstudent fr\u00e5n STS. H\u00e4r delar hon med sig av sin utbyteshistoria:<\/em><\/p>\n<p>&quot;N\u00e4r jag var 17 \u00e5r tillbringade jag l\u00e4s\u00e5ret 2000-2001 som utbytesstudent p\u00e5 high school i den lilla staden North Fond du Lac i Wisconsin, USA. Efter att ha g\u00e5tt ut high school i Nederl\u00e4nderna var jag inte s\u00e4ker p\u00e5 vilket h\u00f6gskola jag ville g\u00e5 p\u00e5. Men p\u00e5 en m\u00e4ssa fick jag h\u00f6ra talas om STS. Jag s\u00f6kte och blev s\u00e5 sm\u00e5ningom antagen till ett high school-\u00e5r i USA.<\/p>\n<p>Vi var en grupp p\u00e5 cirka 20 studenter som lyfte fr\u00e5n Amsterdam den 18 augusti 2000 till USA. Den sista delen av resan, fr\u00e5n Chicago till Milwaukee, var jag ensam. N\u00e4r jag kom fram till min slutdestination v\u00e4lkomnade min v\u00e4rdfamilj mig vid porten med en holl\u00e4ndsk flagga och en skylt med texten &quot;V\u00e4lkommen Petra&quot;. Det var s\u00e5 underbart.<\/p>\n<p>Min fantastiska v\u00e4rdfamilj bestod av mamma och pappa och tv\u00e5 v\u00e4rdsyskon: en bror p\u00e5 21 \u00e5r och en syster i samma \u00e5lder som jag. Vi fick en bra start och fick en bra relation direkt. De tog med mig p\u00e5 familjesammankomster, middagar, k\u00f6pcentra, biografer och f\u00f6delsedagsfiranden.<\/p>\n<p>\u00c4ven i skolan kom jag bra \u00f6verens med de flesta, om inte alla, elever. De ville l\u00e4ra k\u00e4nna mig och jag var intresserad av dem. Jag umgicks mycket med min syster och hennes v\u00e4nner, och jag spelade volleyboll p\u00e5 h\u00f6sten och fotboll p\u00e5 v\u00e5ren.<\/p>\n<p>Min lokala koordinator Calla fanns alltid till hands om n\u00e5gon av utbytesstudenterna beh\u00f6vde henne och f\u00f6rs\u00f6kte alltid hitta de b\u00e4sta l\u00f6sningarna p\u00e5 eventuella problem, om det fanns n\u00e5gra. Jag s\u00e5g henne bara vid bra tillf\u00e4llen och hade j\u00e4tteroligt med henne. Calla tog ocks\u00e5 med oss utbytesstudenter p\u00e5 fantastiska resor och l\u00e4rde oss mycket om den amerikanska kulturen.<\/p>\n<p>Jag \u00e4lskade varenda sekund av mitt \u00e5r i USA och d\u00e4rf\u00f6r var det ganska sv\u00e5rt att l\u00e4mna landet den 15 juni 2001. Jag hade byggt upp ett liv i Wisconsin och var s\u00e5 ledsen \u00f6ver att l\u00e4mna alla bakom mig, utan att veta om jag n\u00e5gonsin skulle f\u00e5 tr\u00e4ffa dem igen.<\/p>\n<p>Men min v\u00e4rdsyster kom och h\u00e4lsade p\u00e5 mig samma sommar och jag bes\u00f6kte dem igen sommaren 2002. \u00c4n idag, \u00f6ver 20 \u00e5r senare, har vi fortfarande kontakt och jag har bes\u00f6kt dem m\u00e5nga g\u00e5nger f\u00f6r high school-\u00e5tertr\u00e4ffar (2006, 2011, 2016) och min v\u00e4rdsysters br\u00f6llop 2008. Mina v\u00e4rdf\u00f6r\u00e4ldrar bes\u00f6kte mig till och med i Nederl\u00e4nderna 2006 och min v\u00e4rdsyster och hennes man kom tillbaka 2019. Dessutom bes\u00f6kte n\u00e5gra v\u00e4nner fr\u00e5n high school mig, och jag har visat dem runt i Nederl\u00e4nderna, vilket har varit fantastiskt.<\/p>\n<p>Efter mitt utbyte k\u00e4nde jag att jag hade l\u00e4rt k\u00e4nna mig sj\u00e4lv b\u00e4ttre som person och att jag var redo att ta mig an v\u00e4rlden. Jag har fortsatt att resa och jag gjorde praktik i Spanien under mina h\u00f6gskole\u00e5r. Tack vare min f\u00f6rb\u00e4ttrade engelska har jag ocks\u00e5 f\u00e5tt n\u00e4ra v\u00e4nner i England, Ungern och Spanien.<\/p>\n<p>Mitt utbytes\u00e5r p\u00e5 high school \u00e4r n\u00e5got som jag fortfarande v\u00e4rdes\u00e4tter varje dag. Under min tid i USA f\u00f6rde jag dagbok, som jag ibland fortfarande l\u00e4ser och skrattar \u00e5t alla \u00e4ventyr jag var med om. Det \u00e4r helt galet att det har g\u00e5tt s\u00e5 l\u00e5ng tid, det k\u00e4nns som om det var ig\u00e5r. Hela upplevelsen l\u00e4rde mig mycket, jag fick en andra familj och v\u00e4nskap f\u00f6r livet och jag var med om ett \u00e4ventyr som jag aldrig kommer att gl\u00f6mma. En upplevelse som jag har haft nytta av \u00e4nda sedan dess!<\/p>\n<p>Om du har chansen att g\u00f6ra det, ta den!<\/p>\n<h2>Vill du veta mer?<\/h2>\n<ul><li>L\u00e4s fler <a href=\"https:\/\/www.sts-education.com\/se\/high-school\/vara-utbytesstudenter\/studentberattelser\/?hashtag=USA\">studentber\u00e4ttelser fr\u00e5n USA<\/a><\/li>\n<li>L\u00e4s mer om ett <a href=\"https:\/\/www.sts-education.com\/se\/high-school\/destinationer\/nordamerika\/usa\/\">high school-utbyte i USA<\/a><\/li>\n<li>Se alla v\u00e5ra <a href=\"\/se\/high-school\/tripfinder\/\">utbytesdestinationer f\u00f6r high school<\/a><\/li><\/ul>\n<\/div><\/div><\/div>\n","protected":false},"excerpt":{"rendered":"","protected":false},"author":20,"featured_media":14602,"comment_status":"open","ping_status":"open","sticky":false,"template":"","format":"standard","meta":{"_acf_changed":false,"_yoast_wpseo_title":"Petra var p\u00e5 ett utbytes\u00e5r i USA","_yoast_wpseo_metadesc":"N\u00e4r jag var 17 \u00e5r tillbringade jag l\u00e4s\u00e5ret 2000-2001 som utbytesstudent p\u00e5 high school i den lilla staden North Fond du Lac i Wisconsin, USA.","footnotes":""},"categories":[326],"tags":[1048],"wpw_post_folders":[],"class_list":["post-11226","post","type-post","status-publish","format-standard","has-post-thumbnail","hentry","category-okategoriserad","tag-usa"],"acf":[],"yoast_head":"<!-- This site is optimized with the Yoast SEO Premium plugin v27.2 (Yoast SEO v27.2) - https:\/\/yoast.com\/product\/yoast-seo-premium-wordpress\/ -->\n<title>Petra var p\u00e5 ett utbytes\u00e5r i USA<\/title>\n<meta name=\"description\" content=\"N\u00e4r jag var 17 \u00e5r tillbringade jag l\u00e4s\u00e5ret 2000-2001 som utbytesstudent p\u00e5 high school i den lilla staden North Fond du Lac i Wisconsin, USA.\" \/>\n<meta name=\"robots\" content=\"index, follow, max-snippet:-1, max-image-preview:large, max-video-preview:-1\" \/>\n<link rel=\"canonical\" href=\"https:\/\/www.sts-education.com\/se\/high-school\/vara-utbytesstudenter\/studentberattelser\/petra-var-pa-ett-utbytesar-i-usa\/\" \/>\n<meta property=\"og:locale\" content=\"sv_SE\" \/>\n<meta property=\"og:type\" content=\"article\" \/>\n<meta property=\"og:title\" content=\"Petra var p\u00e5 ett utbytes\u00e5r i USA\" \/>\n<meta property=\"og:description\" content=\"N\u00e4r jag var 17 \u00e5r tillbringade jag l\u00e4s\u00e5ret 2000-2001 som utbytesstudent p\u00e5 high school i den lilla staden North Fond du Lac i Wisconsin, USA.\" \/>\n<meta property=\"og:url\" content=\"https:\/\/www.sts-education.com\/se\/high-school\/vara-utbytesstudenter\/studentberattelser\/petra-var-pa-ett-utbytesar-i-usa\/\" \/>\n<meta property=\"og:site_name\" content=\"STS Education\" \/>\n<meta property=\"article:published_time\" content=\"2024-05-13T09:00:00+00:00\" \/>\n<meta property=\"article:modified_time\" content=\"2026-04-27T12:22:22+00:00\" \/>\n<meta property=\"og:image\" content=\"https:\/\/powered-by.qbank.se\/educatius\/sts\/\/d641a61027e21d4a41dc2e2e8f16d0b7_1-1-thumb.webp\" \/>\n\t<meta property=\"og:image:width\" content=\"150\" \/>\n\t<meta property=\"og:image:height\" content=\"150\" \/>\n\t<meta property=\"og:image:type\" content=\"image\/jpeg\" \/>\n<meta name=\"author\" content=\"syncreadwrite\" \/>\n<meta name=\"twitter:card\" content=\"summary_large_image\" \/>\n<meta name=\"twitter:label1\" content=\"Skriven av\" \/>\n\t<meta name=\"twitter:data1\" content=\"syncreadwrite\" \/>\n\t<meta name=\"twitter:label2\" content=\"Ber\u00e4knad l\u00e4stid\" \/>\n\t<meta name=\"twitter:data2\" content=\"3 minuter\" \/>\n<script type=\"application\/ld+json\" class=\"yoast-schema-graph\">{\"@context\":\"https:\/\/schema.org\",\"@graph\":[{\"@type\":\"Article\",\"@id\":\"https:\/\/www.sts-education.com\/se\/high-school\/vara-utbytesstudenter\/studentberattelser\/petra-var-pa-ett-utbytesar-i-usa\/#article\",\"isPartOf\":{\"@id\":\"https:\/\/www.sts-education.com\/se\/high-school\/vara-utbytesstudenter\/studentberattelser\/petra-var-pa-ett-utbytesar-i-usa\/\"},\"author\":{\"name\":\"syncreadwrite\",\"@id\":\"https:\/\/www.sts-education.com\/se\/#\/schema\/person\/8b82f3a2e45f020b8f296d7a85d9a97c\"},\"headline\":\"Petra var p\u00e5 ett utbytes\u00e5r i USA\",\"datePublished\":\"2024-05-13T09:00:00+00:00\",\"dateModified\":\"2026-04-27T12:22:22+00:00\",\"mainEntityOfPage\":{\"@id\":\"https:\/\/www.sts-education.com\/se\/high-school\/vara-utbytesstudenter\/studentberattelser\/petra-var-pa-ett-utbytesar-i-usa\/\"},\"wordCount\":714,\"commentCount\":0,\"image\":{\"@id\":\"https:\/\/www.sts-education.com\/se\/high-school\/vara-utbytesstudenter\/studentberattelser\/petra-var-pa-ett-utbytesar-i-usa\/#primaryimage\"},\"thumbnailUrl\":\"https:\/\/powered-by.qbank.se\/educatius\/sts\/\/d641a61027e21d4a41dc2e2e8f16d0b7_1-1-thumb.webp\",\"keywords\":[\"USA\"],\"articleSection\":[\"Okategoriserad\"],\"inLanguage\":\"sv-SE\",\"potentialAction\":[{\"@type\":\"CommentAction\",\"name\":\"Comment\",\"target\":[\"https:\/\/www.sts-education.com\/se\/high-school\/vara-utbytesstudenter\/studentberattelser\/petra-var-pa-ett-utbytesar-i-usa\/#respond\"]}]},{\"@type\":\"WebPage\",\"@id\":\"https:\/\/www.sts-education.com\/se\/high-school\/vara-utbytesstudenter\/studentberattelser\/petra-var-pa-ett-utbytesar-i-usa\/\",\"url\":\"https:\/\/www.sts-education.com\/se\/high-school\/vara-utbytesstudenter\/studentberattelser\/petra-var-pa-ett-utbytesar-i-usa\/\",\"name\":\"Petra var p\u00e5 ett utbytes\u00e5r i USA\",\"isPartOf\":{\"@id\":\"https:\/\/www.sts-education.com\/se\/#website\"},\"primaryImageOfPage\":{\"@id\":\"https:\/\/www.sts-education.com\/se\/high-school\/vara-utbytesstudenter\/studentberattelser\/petra-var-pa-ett-utbytesar-i-usa\/#primaryimage\"},\"image\":{\"@id\":\"https:\/\/www.sts-education.com\/se\/high-school\/vara-utbytesstudenter\/studentberattelser\/petra-var-pa-ett-utbytesar-i-usa\/#primaryimage\"},\"thumbnailUrl\":\"https:\/\/powered-by.qbank.se\/educatius\/sts\/\/d641a61027e21d4a41dc2e2e8f16d0b7_1-1-thumb.webp\",\"datePublished\":\"2024-05-13T09:00:00+00:00\",\"dateModified\":\"2026-04-27T12:22:22+00:00\",\"author\":{\"@id\":\"https:\/\/www.sts-education.com\/se\/#\/schema\/person\/8b82f3a2e45f020b8f296d7a85d9a97c\"},\"description\":\"N\u00e4r jag var 17 \u00e5r tillbringade jag l\u00e4s\u00e5ret 2000-2001 som utbytesstudent p\u00e5 high school i den lilla staden North Fond du Lac i Wisconsin, USA.\",\"breadcrumb\":{\"@id\":\"https:\/\/www.sts-education.com\/se\/high-school\/vara-utbytesstudenter\/studentberattelser\/petra-var-pa-ett-utbytesar-i-usa\/#breadcrumb\"},\"inLanguage\":\"sv-SE\",\"potentialAction\":[{\"@type\":\"ReadAction\",\"target\":[\"https:\/\/www.sts-education.com\/se\/high-school\/vara-utbytesstudenter\/studentberattelser\/petra-var-pa-ett-utbytesar-i-usa\/\"]}]},{\"@type\":\"ImageObject\",\"inLanguage\":\"sv-SE\",\"@id\":\"https:\/\/www.sts-education.com\/se\/high-school\/vara-utbytesstudenter\/studentberattelser\/petra-var-pa-ett-utbytesar-i-usa\/#primaryimage\",\"url\":\"https:\/\/powered-by.qbank.se\/educatius\/sts\/\/d641a61027e21d4a41dc2e2e8f16d0b7_1-1-thumb.webp\",\"contentUrl\":\"https:\/\/powered-by.qbank.se\/educatius\/sts\/\/d641a61027e21d4a41dc2e2e8f16d0b7_1-1-thumb.webp\",\"width\":150,\"height\":150},{\"@type\":\"BreadcrumbList\",\"@id\":\"https:\/\/www.sts-education.com\/se\/high-school\/vara-utbytesstudenter\/studentberattelser\/petra-var-pa-ett-utbytesar-i-usa\/#breadcrumb\",\"itemListElement\":[{\"@type\":\"ListItem\",\"position\":1,\"name\":\"Home\",\"item\":\"https:\/\/www.sts-education.com\/se\/\"},{\"@type\":\"ListItem\",\"position\":2,\"name\":\"Petra var p\u00e5 ett utbytes\u00e5r i USA\"}]},{\"@type\":\"WebSite\",\"@id\":\"https:\/\/www.sts-education.com\/se\/#website\",\"url\":\"https:\/\/www.sts-education.com\/se\/\",\"name\":\"STS Education\",\"description\":\"\",\"potentialAction\":[{\"@type\":\"SearchAction\",\"target\":{\"@type\":\"EntryPoint\",\"urlTemplate\":\"https:\/\/www.sts-education.com\/se\/?s={search_term_string}\"},\"query-input\":{\"@type\":\"PropertyValueSpecification\",\"valueRequired\":true,\"valueName\":\"search_term_string\"}}],\"inLanguage\":\"sv-SE\"},{\"@type\":\"Person\",\"@id\":\"https:\/\/www.sts-education.com\/se\/#\/schema\/person\/8b82f3a2e45f020b8f296d7a85d9a97c\",\"name\":\"syncreadwrite\",\"image\":{\"@type\":\"ImageObject\",\"inLanguage\":\"sv-SE\",\"@id\":\"https:\/\/secure.gravatar.com\/avatar\/6ed1007e4f6f43f22e3df41d9fce4365533cba47fef64bb359b8e629abbc2ea6?s=96&d=mm&r=g\",\"url\":\"https:\/\/secure.gravatar.com\/avatar\/6ed1007e4f6f43f22e3df41d9fce4365533cba47fef64bb359b8e629abbc2ea6?s=96&d=mm&r=g\",\"contentUrl\":\"https:\/\/secure.gravatar.com\/avatar\/6ed1007e4f6f43f22e3df41d9fce4365533cba47fef64bb359b8e629abbc2ea6?s=96&d=mm&r=g\",\"caption\":\"syncreadwrite\"},\"url\":\"https:\/\/www.sts-education.com\/se\/author\/syncreadwrite\/\"}]}<\/script>\n<!-- \/ Yoast SEO Premium plugin. -->","yoast_head_json":{"title":"Petra var p\u00e5 ett utbytes\u00e5r i USA","description":"N\u00e4r jag var 17 \u00e5r tillbringade jag l\u00e4s\u00e5ret 2000-2001 som utbytesstudent p\u00e5 high school i den lilla staden North Fond du Lac i Wisconsin, USA.","robots":{"index":"index","follow":"follow","max-snippet":"max-snippet:-1","max-image-preview":"max-image-preview:large","max-video-preview":"max-video-preview:-1"},"canonical":"https:\/\/www.sts-education.com\/se\/high-school\/vara-utbytesstudenter\/studentberattelser\/petra-var-pa-ett-utbytesar-i-usa\/","og_locale":"sv_SE","og_type":"article","og_title":"Petra var p\u00e5 ett utbytes\u00e5r i USA","og_description":"N\u00e4r jag var 17 \u00e5r tillbringade jag l\u00e4s\u00e5ret 2000-2001 som utbytesstudent p\u00e5 high school i den lilla staden North Fond du Lac i Wisconsin, USA.","og_url":"https:\/\/www.sts-education.com\/se\/high-school\/vara-utbytesstudenter\/studentberattelser\/petra-var-pa-ett-utbytesar-i-usa\/","og_site_name":"STS Education","article_published_time":"2024-05-13T09:00:00+00:00","article_modified_time":"2026-04-27T12:22:22+00:00","og_image":[{"width":150,"height":150,"url":"https:\/\/powered-by.qbank.se\/educatius\/sts\/\/d641a61027e21d4a41dc2e2e8f16d0b7_1-1-thumb.webp","type":"image\/jpeg"}],"author":"syncreadwrite","twitter_card":"summary_large_image","twitter_misc":{"Skriven av":"syncreadwrite","Ber\u00e4knad l\u00e4stid":"3 minuter"},"schema":{"@context":"https:\/\/schema.org","@graph":[{"@type":"Article","@id":"https:\/\/www.sts-education.com\/se\/high-school\/vara-utbytesstudenter\/studentberattelser\/petra-var-pa-ett-utbytesar-i-usa\/#article","isPartOf":{"@id":"https:\/\/www.sts-education.com\/se\/high-school\/vara-utbytesstudenter\/studentberattelser\/petra-var-pa-ett-utbytesar-i-usa\/"},"author":{"name":"syncreadwrite","@id":"https:\/\/www.sts-education.com\/se\/#\/schema\/person\/8b82f3a2e45f020b8f296d7a85d9a97c"},"headline":"Petra var p\u00e5 ett utbytes\u00e5r i USA","datePublished":"2024-05-13T09:00:00+00:00","dateModified":"2026-04-27T12:22:22+00:00","mainEntityOfPage":{"@id":"https:\/\/www.sts-education.com\/se\/high-school\/vara-utbytesstudenter\/studentberattelser\/petra-var-pa-ett-utbytesar-i-usa\/"},"wordCount":714,"commentCount":0,"image":{"@id":"https:\/\/www.sts-education.com\/se\/high-school\/vara-utbytesstudenter\/studentberattelser\/petra-var-pa-ett-utbytesar-i-usa\/#primaryimage"},"thumbnailUrl":"https:\/\/powered-by.qbank.se\/educatius\/sts\/\/d641a61027e21d4a41dc2e2e8f16d0b7_1-1-thumb.webp","keywords":["USA"],"articleSection":["Okategoriserad"],"inLanguage":"sv-SE","potentialAction":[{"@type":"CommentAction","name":"Comment","target":["https:\/\/www.sts-education.com\/se\/high-school\/vara-utbytesstudenter\/studentberattelser\/petra-var-pa-ett-utbytesar-i-usa\/#respond"]}]},{"@type":"WebPage","@id":"https:\/\/www.sts-education.com\/se\/high-school\/vara-utbytesstudenter\/studentberattelser\/petra-var-pa-ett-utbytesar-i-usa\/","url":"https:\/\/www.sts-education.com\/se\/high-school\/vara-utbytesstudenter\/studentberattelser\/petra-var-pa-ett-utbytesar-i-usa\/","name":"Petra var p\u00e5 ett utbytes\u00e5r i USA","isPartOf":{"@id":"https:\/\/www.sts-education.com\/se\/#website"},"primaryImageOfPage":{"@id":"https:\/\/www.sts-education.com\/se\/high-school\/vara-utbytesstudenter\/studentberattelser\/petra-var-pa-ett-utbytesar-i-usa\/#primaryimage"},"image":{"@id":"https:\/\/www.sts-education.com\/se\/high-school\/vara-utbytesstudenter\/studentberattelser\/petra-var-pa-ett-utbytesar-i-usa\/#primaryimage"},"thumbnailUrl":"https:\/\/powered-by.qbank.se\/educatius\/sts\/\/d641a61027e21d4a41dc2e2e8f16d0b7_1-1-thumb.webp","datePublished":"2024-05-13T09:00:00+00:00","dateModified":"2026-04-27T12:22:22+00:00","author":{"@id":"https:\/\/www.sts-education.com\/se\/#\/schema\/person\/8b82f3a2e45f020b8f296d7a85d9a97c"},"description":"N\u00e4r jag var 17 \u00e5r tillbringade jag l\u00e4s\u00e5ret 2000-2001 som utbytesstudent p\u00e5 high school i den lilla staden North Fond du Lac i Wisconsin, USA.","breadcrumb":{"@id":"https:\/\/www.sts-education.com\/se\/high-school\/vara-utbytesstudenter\/studentberattelser\/petra-var-pa-ett-utbytesar-i-usa\/#breadcrumb"},"inLanguage":"sv-SE","potentialAction":[{"@type":"ReadAction","target":["https:\/\/www.sts-education.com\/se\/high-school\/vara-utbytesstudenter\/studentberattelser\/petra-var-pa-ett-utbytesar-i-usa\/"]}]},{"@type":"ImageObject","inLanguage":"sv-SE","@id":"https:\/\/www.sts-education.com\/se\/high-school\/vara-utbytesstudenter\/studentberattelser\/petra-var-pa-ett-utbytesar-i-usa\/#primaryimage","url":"https:\/\/powered-by.qbank.se\/educatius\/sts\/\/d641a61027e21d4a41dc2e2e8f16d0b7_1-1-thumb.webp","contentUrl":"https:\/\/powered-by.qbank.se\/educatius\/sts\/\/d641a61027e21d4a41dc2e2e8f16d0b7_1-1-thumb.webp","width":150,"height":150},{"@type":"BreadcrumbList","@id":"https:\/\/www.sts-education.com\/se\/high-school\/vara-utbytesstudenter\/studentberattelser\/petra-var-pa-ett-utbytesar-i-usa\/#breadcrumb","itemListElement":[{"@type":"ListItem","position":1,"name":"Home","item":"https:\/\/www.sts-education.com\/se\/"},{"@type":"ListItem","position":2,"name":"Petra var p\u00e5 ett utbytes\u00e5r i USA"}]},{"@type":"WebSite","@id":"https:\/\/www.sts-education.com\/se\/#website","url":"https:\/\/www.sts-education.com\/se\/","name":"STS Education","description":"","potentialAction":[{"@type":"SearchAction","target":{"@type":"EntryPoint","urlTemplate":"https:\/\/www.sts-education.com\/se\/?s={search_term_string}"},"query-input":{"@type":"PropertyValueSpecification","valueRequired":true,"valueName":"search_term_string"}}],"inLanguage":"sv-SE"},{"@type":"Person","@id":"https:\/\/www.sts-education.com\/se\/#\/schema\/person\/8b82f3a2e45f020b8f296d7a85d9a97c","name":"syncreadwrite","image":{"@type":"ImageObject","inLanguage":"sv-SE","@id":"https:\/\/secure.gravatar.com\/avatar\/6ed1007e4f6f43f22e3df41d9fce4365533cba47fef64bb359b8e629abbc2ea6?s=96&d=mm&r=g","url":"https:\/\/secure.gravatar.com\/avatar\/6ed1007e4f6f43f22e3df41d9fce4365533cba47fef64bb359b8e629abbc2ea6?s=96&d=mm&r=g","contentUrl":"https:\/\/secure.gravatar.com\/avatar\/6ed1007e4f6f43f22e3df41d9fce4365533cba47fef64bb359b8e629abbc2ea6?s=96&d=mm&r=g","caption":"syncreadwrite"},"url":"https:\/\/www.sts-education.com\/se\/author\/syncreadwrite\/"}]}},"_links":{"self":[{"href":"https:\/\/www.sts-education.com\/se\/wp-json\/wp\/v2\/posts\/11226","targetHints":{"allow":["GET"]}}],"collection":[{"href":"https:\/\/www.sts-education.com\/se\/wp-json\/wp\/v2\/posts"}],"about":[{"href":"https:\/\/www.sts-education.com\/se\/wp-json\/wp\/v2\/types\/post"}],"author":[{"embeddable":true,"href":"https:\/\/www.sts-education.com\/se\/wp-json\/wp\/v2\/users\/20"}],"replies":[{"embeddable":true,"href":"https:\/\/www.sts-education.com\/se\/wp-json\/wp\/v2\/comments?post=11226"}],"version-history":[{"count":7,"href":"https:\/\/www.sts-education.com\/se\/wp-json\/wp\/v2\/posts\/11226\/revisions"}],"predecessor-version":[{"id":41896,"href":"https:\/\/www.sts-education.com\/se\/wp-json\/wp\/v2\/posts\/11226\/revisions\/41896"}],"wp:featuredmedia":[{"embeddable":true,"href":"https:\/\/www.sts-education.com\/se\/wp-json\/wp\/v2\/media\/14602"}],"wp:attachment":[{"href":"https:\/\/www.sts-education.com\/se\/wp-json\/wp\/v2\/media?parent=11226"}],"wp:term":[{"taxonomy":"category","embeddable":true,"href":"https:\/\/www.sts-education.com\/se\/wp-json\/wp\/v2\/categories?post=11226"},{"taxonomy":"post_tag","embeddable":true,"href":"https:\/\/www.sts-education.com\/se\/wp-json\/wp\/v2\/tags?post=11226"},{"taxonomy":"wpw_post_folders","embeddable":true,"href":"https:\/\/www.sts-education.com\/se\/wp-json\/wp\/v2\/wpw_post_folders?post=11226"}],"curies":[{"name":"wp","href":"https:\/\/api.w.org\/{rel}","templated":true}]}}