{"id":11235,"date":"2024-09-02T09:00:00","date_gmt":"2024-09-02T09:00:00","guid":{"rendered":"https:\/\/preprod.sts-education.com\/blog\/2026\/03\/05\/mirja-tillbringade-ett-ar-utomlands-i-tyskland\/"},"modified":"2026-04-15T09:57:06","modified_gmt":"2026-04-15T09:57:06","slug":"mirja-tillbringade-ett-ar-utomlands-i-tyskland","status":"publish","type":"post","link":"https:\/\/www.sts-education.com\/se\/high-school\/vara-utbytesstudenter\/studentberattelser\/mirja-tillbringade-ett-ar-utomlands-i-tyskland\/","title":{"rendered":"Mirja Tillbringade Ett Ar Utomlands I Tyskland"},"content":{"rendered":"\n<div class=\"wp-block-sts-text sts-text-editor has-max-width-md\"><div class=\"sts-text-editor__content\"><div class=\"sts-text-editor__content-inner\">\n<h1 style=\"text-align:center\">Mirja tillbringade ett \u00e5r utomlands i Tyskland<\/h1>\n<\/div><\/div><\/div>\n\n\n\n<div class=\"wp-block-sts-text sts-text-editor has-max-width-md\"><div class=\"sts-text-editor__content\"><div class=\"sts-text-editor__content-inner\">\n<p><em>Mirja fr\u00e5n Montenegro tillbringade sitt utbyte i Hamburg, Tyskland<\/em><\/p>\n<p>Det var min stora dr\u00f6m att f\u00e5 bo i Tyskland. Spr\u00e5ket har spelat en stor roll. Det s\u00e4gs att tyska \u00e4r ett av de sv\u00e5raste spr\u00e5ken att l\u00e4ra sig och d\u00e4rf\u00f6r \u00e4r det inte s\u00e5 m\u00e5nga som talar det. S\u00e5 det \u00e4r en f\u00f6rdel om du kan spr\u00e5ket. Jag l\u00e4rde mig tyska i skolan innan jag \u00e5kte p\u00e5 utbyte, men jag var inte s\u00e5 bra p\u00e5 det. Jag ville bli riktigt flytande och bekv\u00e4m med att prata tyska. N\u00e4r man bor p\u00e5 landet och umg\u00e5s med tyskar och spr\u00e5ket varje dag \u00e4r det mycket l\u00e4ttare!<\/p>\n<p>I b\u00f6rjan var spr\u00e5ket en utmaning. Jag var lite blyg n\u00e4r jag skulle prata tyska. Det \u00e4r ocks\u00e5 normalt n\u00e4r man bor tillsammans i en familj att inte alla dagar \u00e4r perfekta. Med min familj hemma har vi sm\u00e5 gr\u00e4l hela tiden. Det viktiga \u00e4r att prata om det och att vara \u00f6ppna och f\u00f6rl\u00e5tande mot varandra.<\/p>\n<p>Mitt r\u00e5d till framtida utbytesstudenter \u00e4r: Prata med din v\u00e4rdfamilj om allt som h\u00e4nder, de bra sakerna, de d\u00e5liga eller vanliga sakerna, det spelar ingen roll. Prata bara om allt. Det \u00e4r din familj i n\u00e4stan ett \u00e5r. Prata om vad du har gjort i skolan, din familj d\u00e4r hemma, vad som h\u00e4nder i ditt hemland. Dina id\u00e9er och planer, vart du vill \u00e5ka, vad du vill uppleva. Nyckeln \u00e4r att ha en bra kommunikation, vara \u00f6ppen och ha ett intresse f\u00f6r varandras liv.<\/p>\n<p>Min tid i Tyskland var verkligen, verkligen underbar. Jag kunde inte ha dr\u00f6mt om att det skulle bli b\u00e4ttre. Jag tror att jag \u00e4r en b\u00e4ttre m\u00e4nniska nu och mer f\u00f6rdomsfri \u00e4n tidigare. Om min v\u00e4rdfamilj kan jag bara s\u00e4ga de allra b\u00e4sta sakerna. De har den h\u00e4r stora k\u00e4rleken. Familjeritualerna i Tyskland \u00e4r helt annorlunda \u00e4n i syd\u00f6stra Europa. Vi gillade verkligen att spela br\u00e4d- och kortspel tillsammans och hade m\u00e5nga grillkv\u00e4llar i tr\u00e4dg\u00e5rden.<\/p>\n<p>Eftersom det h\u00e4r \u00e5ret var s\u00e5 bra vill jag \u00e5ka utomlands igen, f\u00f6r att studera och g\u00e5 p\u00e5 universitet. Jag vet att jag inte vill stanna i mitt land, men jag kommer alltid att \u00e5terv\u00e4nda.<\/p>\n<p>Men n\u00e4sta steg \u00e4r att min v\u00e4rdfamilj kommer och h\u00e4lsar p\u00e5 mig i Montenegro.<\/p>\n<h2>Vill du veta mer?<\/h2>\n<ul><li>L\u00e4s fler <a href=\"https:\/\/www.sts-education.com\/se\/high-school\/vara-utbytesstudenter\/studentberattelser\/?hashtag=Tyskland\">studentber\u00e4ttelser fr\u00e5n Tyskland<\/a><\/li>\n<li>L\u00e4s mer om ett <a href=\"https:\/\/www.sts-education.com\/se\/high-school\/destinationer\/europa\/tyskland\/\">high school-utbyte i Tyskland<\/a><\/li>\n<li>Se alla v\u00e5ra <a href=\"\/se\/high-school\/tripfinder\/\">utbytesdestinationer f\u00f6r high school<\/a><\/li><\/ul>\n<\/div><\/div><\/div>\n","protected":false},"excerpt":{"rendered":"","protected":false},"author":20,"featured_media":14620,"comment_status":"open","ping_status":"open","sticky":false,"template":"","format":"standard","meta":{"_acf_changed":false,"_yoast_wpseo_title":"Mirja tillbringade ett \u00e5r utomlands i Tyskland","_yoast_wpseo_metadesc":"Det var min stora dr\u00f6m att f\u00e5 bo i Tyskland. Det s\u00e4gs att tyska \u00e4r ett av de sv\u00e5raste spr\u00e5ken att l\u00e4ra sig och d\u00e4rf\u00f6r \u00e4r det inte s\u00e5 m\u00e5nga som talar det.","footnotes":""},"categories":[326],"tags":[1039],"wpw_post_folders":[],"class_list":["post-11235","post","type-post","status-publish","format-standard","has-post-thumbnail","hentry","category-okategoriserad","tag-tyskland"],"acf":[],"yoast_head":"<!-- This site is optimized with the Yoast SEO Premium plugin v27.2 (Yoast SEO v27.2) - https:\/\/yoast.com\/product\/yoast-seo-premium-wordpress\/ -->\n<title>Mirja tillbringade ett \u00e5r utomlands i Tyskland<\/title>\n<meta name=\"description\" content=\"Det var min stora dr\u00f6m att f\u00e5 bo i Tyskland. Det s\u00e4gs att tyska \u00e4r ett av de sv\u00e5raste spr\u00e5ken att l\u00e4ra sig och d\u00e4rf\u00f6r \u00e4r det inte s\u00e5 m\u00e5nga som talar det.\" \/>\n<meta name=\"robots\" content=\"index, follow, max-snippet:-1, max-image-preview:large, max-video-preview:-1\" \/>\n<link rel=\"canonical\" href=\"https:\/\/www.sts-education.com\/se\/high-school\/vara-utbytesstudenter\/studentberattelser\/mirja-tillbringade-ett-ar-utomlands-i-tyskland\/\" \/>\n<meta property=\"og:locale\" content=\"sv_SE\" \/>\n<meta property=\"og:type\" content=\"article\" \/>\n<meta property=\"og:title\" content=\"Mirja Tillbringade Ett Ar Utomlands I Tyskland\" \/>\n<meta property=\"og:description\" content=\"Det var min stora dr\u00f6m att f\u00e5 bo i Tyskland. Det s\u00e4gs att tyska \u00e4r ett av de sv\u00e5raste spr\u00e5ken att l\u00e4ra sig och d\u00e4rf\u00f6r \u00e4r det inte s\u00e5 m\u00e5nga som talar det.\" \/>\n<meta property=\"og:url\" content=\"https:\/\/www.sts-education.com\/se\/high-school\/vara-utbytesstudenter\/studentberattelser\/mirja-tillbringade-ett-ar-utomlands-i-tyskland\/\" \/>\n<meta property=\"og:site_name\" content=\"STS Education\" \/>\n<meta property=\"article:published_time\" content=\"2024-09-02T09:00:00+00:00\" \/>\n<meta property=\"article:modified_time\" content=\"2026-04-15T09:57:06+00:00\" \/>\n<meta property=\"og:image\" content=\"https:\/\/powered-by.qbank.se\/educatius\/sts\/\/1344f704baffe0712e9cd1d2131fe26b_1-1-thumb.webp\" \/>\n\t<meta property=\"og:image:width\" content=\"150\" \/>\n\t<meta property=\"og:image:height\" content=\"150\" \/>\n\t<meta property=\"og:image:type\" content=\"image\/jpeg\" \/>\n<meta name=\"author\" content=\"syncreadwrite\" \/>\n<meta name=\"twitter:card\" content=\"summary_large_image\" \/>\n<meta name=\"twitter:label1\" content=\"Skriven av\" \/>\n\t<meta name=\"twitter:data1\" content=\"syncreadwrite\" \/>\n\t<meta name=\"twitter:label2\" content=\"Ber\u00e4knad l\u00e4stid\" \/>\n\t<meta name=\"twitter:data2\" content=\"2 minuter\" \/>\n<script type=\"application\/ld+json\" class=\"yoast-schema-graph\">{\"@context\":\"https:\/\/schema.org\",\"@graph\":[{\"@type\":\"Article\",\"@id\":\"https:\/\/www.sts-education.com\/se\/high-school\/vara-utbytesstudenter\/studentberattelser\/mirja-tillbringade-ett-ar-utomlands-i-tyskland\/#article\",\"isPartOf\":{\"@id\":\"https:\/\/www.sts-education.com\/se\/high-school\/vara-utbytesstudenter\/studentberattelser\/mirja-tillbringade-ett-ar-utomlands-i-tyskland\/\"},\"author\":{\"name\":\"syncreadwrite\",\"@id\":\"https:\/\/www.sts-education.com\/se\/#\/schema\/person\/8b82f3a2e45f020b8f296d7a85d9a97c\"},\"headline\":\"Mirja Tillbringade Ett Ar Utomlands I Tyskland\",\"datePublished\":\"2024-09-02T09:00:00+00:00\",\"dateModified\":\"2026-04-15T09:57:06+00:00\",\"mainEntityOfPage\":{\"@id\":\"https:\/\/www.sts-education.com\/se\/high-school\/vara-utbytesstudenter\/studentberattelser\/mirja-tillbringade-ett-ar-utomlands-i-tyskland\/\"},\"wordCount\":469,\"commentCount\":0,\"image\":{\"@id\":\"https:\/\/www.sts-education.com\/se\/high-school\/vara-utbytesstudenter\/studentberattelser\/mirja-tillbringade-ett-ar-utomlands-i-tyskland\/#primaryimage\"},\"thumbnailUrl\":\"https:\/\/powered-by.qbank.se\/educatius\/sts\/\/1344f704baffe0712e9cd1d2131fe26b_1-1-thumb.webp\",\"keywords\":[\"Tyskland\"],\"articleSection\":[\"Okategoriserad\"],\"inLanguage\":\"sv-SE\",\"potentialAction\":[{\"@type\":\"CommentAction\",\"name\":\"Comment\",\"target\":[\"https:\/\/www.sts-education.com\/se\/high-school\/vara-utbytesstudenter\/studentberattelser\/mirja-tillbringade-ett-ar-utomlands-i-tyskland\/#respond\"]}]},{\"@type\":\"WebPage\",\"@id\":\"https:\/\/www.sts-education.com\/se\/high-school\/vara-utbytesstudenter\/studentberattelser\/mirja-tillbringade-ett-ar-utomlands-i-tyskland\/\",\"url\":\"https:\/\/www.sts-education.com\/se\/high-school\/vara-utbytesstudenter\/studentberattelser\/mirja-tillbringade-ett-ar-utomlands-i-tyskland\/\",\"name\":\"Mirja tillbringade ett \u00e5r utomlands i Tyskland\",\"isPartOf\":{\"@id\":\"https:\/\/www.sts-education.com\/se\/#website\"},\"primaryImageOfPage\":{\"@id\":\"https:\/\/www.sts-education.com\/se\/high-school\/vara-utbytesstudenter\/studentberattelser\/mirja-tillbringade-ett-ar-utomlands-i-tyskland\/#primaryimage\"},\"image\":{\"@id\":\"https:\/\/www.sts-education.com\/se\/high-school\/vara-utbytesstudenter\/studentberattelser\/mirja-tillbringade-ett-ar-utomlands-i-tyskland\/#primaryimage\"},\"thumbnailUrl\":\"https:\/\/powered-by.qbank.se\/educatius\/sts\/\/1344f704baffe0712e9cd1d2131fe26b_1-1-thumb.webp\",\"datePublished\":\"2024-09-02T09:00:00+00:00\",\"dateModified\":\"2026-04-15T09:57:06+00:00\",\"author\":{\"@id\":\"https:\/\/www.sts-education.com\/se\/#\/schema\/person\/8b82f3a2e45f020b8f296d7a85d9a97c\"},\"description\":\"Det var min stora dr\u00f6m att f\u00e5 bo i Tyskland. Det s\u00e4gs att tyska \u00e4r ett av de sv\u00e5raste spr\u00e5ken att l\u00e4ra sig och d\u00e4rf\u00f6r \u00e4r det inte s\u00e5 m\u00e5nga som talar det.\",\"breadcrumb\":{\"@id\":\"https:\/\/www.sts-education.com\/se\/high-school\/vara-utbytesstudenter\/studentberattelser\/mirja-tillbringade-ett-ar-utomlands-i-tyskland\/#breadcrumb\"},\"inLanguage\":\"sv-SE\",\"potentialAction\":[{\"@type\":\"ReadAction\",\"target\":[\"https:\/\/www.sts-education.com\/se\/high-school\/vara-utbytesstudenter\/studentberattelser\/mirja-tillbringade-ett-ar-utomlands-i-tyskland\/\"]}]},{\"@type\":\"ImageObject\",\"inLanguage\":\"sv-SE\",\"@id\":\"https:\/\/www.sts-education.com\/se\/high-school\/vara-utbytesstudenter\/studentberattelser\/mirja-tillbringade-ett-ar-utomlands-i-tyskland\/#primaryimage\",\"url\":\"https:\/\/powered-by.qbank.se\/educatius\/sts\/\/1344f704baffe0712e9cd1d2131fe26b_1-1-thumb.webp\",\"contentUrl\":\"https:\/\/powered-by.qbank.se\/educatius\/sts\/\/1344f704baffe0712e9cd1d2131fe26b_1-1-thumb.webp\",\"width\":150,\"height\":150},{\"@type\":\"BreadcrumbList\",\"@id\":\"https:\/\/www.sts-education.com\/se\/high-school\/vara-utbytesstudenter\/studentberattelser\/mirja-tillbringade-ett-ar-utomlands-i-tyskland\/#breadcrumb\",\"itemListElement\":[{\"@type\":\"ListItem\",\"position\":1,\"name\":\"Home\",\"item\":\"https:\/\/www.sts-education.com\/se\/\"},{\"@type\":\"ListItem\",\"position\":2,\"name\":\"Mirja Tillbringade Ett Ar Utomlands I Tyskland\"}]},{\"@type\":\"WebSite\",\"@id\":\"https:\/\/www.sts-education.com\/se\/#website\",\"url\":\"https:\/\/www.sts-education.com\/se\/\",\"name\":\"STS Education\",\"description\":\"\",\"potentialAction\":[{\"@type\":\"SearchAction\",\"target\":{\"@type\":\"EntryPoint\",\"urlTemplate\":\"https:\/\/www.sts-education.com\/se\/?s={search_term_string}\"},\"query-input\":{\"@type\":\"PropertyValueSpecification\",\"valueRequired\":true,\"valueName\":\"search_term_string\"}}],\"inLanguage\":\"sv-SE\"},{\"@type\":\"Person\",\"@id\":\"https:\/\/www.sts-education.com\/se\/#\/schema\/person\/8b82f3a2e45f020b8f296d7a85d9a97c\",\"name\":\"syncreadwrite\",\"image\":{\"@type\":\"ImageObject\",\"inLanguage\":\"sv-SE\",\"@id\":\"https:\/\/secure.gravatar.com\/avatar\/6ed1007e4f6f43f22e3df41d9fce4365533cba47fef64bb359b8e629abbc2ea6?s=96&d=mm&r=g\",\"url\":\"https:\/\/secure.gravatar.com\/avatar\/6ed1007e4f6f43f22e3df41d9fce4365533cba47fef64bb359b8e629abbc2ea6?s=96&d=mm&r=g\",\"contentUrl\":\"https:\/\/secure.gravatar.com\/avatar\/6ed1007e4f6f43f22e3df41d9fce4365533cba47fef64bb359b8e629abbc2ea6?s=96&d=mm&r=g\",\"caption\":\"syncreadwrite\"},\"url\":\"https:\/\/www.sts-education.com\/se\/author\/syncreadwrite\/\"}]}<\/script>\n<!-- \/ Yoast SEO Premium plugin. -->","yoast_head_json":{"title":"Mirja tillbringade ett \u00e5r utomlands i Tyskland","description":"Det var min stora dr\u00f6m att f\u00e5 bo i Tyskland. Det s\u00e4gs att tyska \u00e4r ett av de sv\u00e5raste spr\u00e5ken att l\u00e4ra sig och d\u00e4rf\u00f6r \u00e4r det inte s\u00e5 m\u00e5nga som talar det.","robots":{"index":"index","follow":"follow","max-snippet":"max-snippet:-1","max-image-preview":"max-image-preview:large","max-video-preview":"max-video-preview:-1"},"canonical":"https:\/\/www.sts-education.com\/se\/high-school\/vara-utbytesstudenter\/studentberattelser\/mirja-tillbringade-ett-ar-utomlands-i-tyskland\/","og_locale":"sv_SE","og_type":"article","og_title":"Mirja Tillbringade Ett Ar Utomlands I Tyskland","og_description":"Det var min stora dr\u00f6m att f\u00e5 bo i Tyskland. Det s\u00e4gs att tyska \u00e4r ett av de sv\u00e5raste spr\u00e5ken att l\u00e4ra sig och d\u00e4rf\u00f6r \u00e4r det inte s\u00e5 m\u00e5nga som talar det.","og_url":"https:\/\/www.sts-education.com\/se\/high-school\/vara-utbytesstudenter\/studentberattelser\/mirja-tillbringade-ett-ar-utomlands-i-tyskland\/","og_site_name":"STS Education","article_published_time":"2024-09-02T09:00:00+00:00","article_modified_time":"2026-04-15T09:57:06+00:00","og_image":[{"width":150,"height":150,"url":"https:\/\/powered-by.qbank.se\/educatius\/sts\/\/1344f704baffe0712e9cd1d2131fe26b_1-1-thumb.webp","type":"image\/jpeg"}],"author":"syncreadwrite","twitter_card":"summary_large_image","twitter_misc":{"Skriven av":"syncreadwrite","Ber\u00e4knad l\u00e4stid":"2 minuter"},"schema":{"@context":"https:\/\/schema.org","@graph":[{"@type":"Article","@id":"https:\/\/www.sts-education.com\/se\/high-school\/vara-utbytesstudenter\/studentberattelser\/mirja-tillbringade-ett-ar-utomlands-i-tyskland\/#article","isPartOf":{"@id":"https:\/\/www.sts-education.com\/se\/high-school\/vara-utbytesstudenter\/studentberattelser\/mirja-tillbringade-ett-ar-utomlands-i-tyskland\/"},"author":{"name":"syncreadwrite","@id":"https:\/\/www.sts-education.com\/se\/#\/schema\/person\/8b82f3a2e45f020b8f296d7a85d9a97c"},"headline":"Mirja Tillbringade Ett Ar Utomlands I Tyskland","datePublished":"2024-09-02T09:00:00+00:00","dateModified":"2026-04-15T09:57:06+00:00","mainEntityOfPage":{"@id":"https:\/\/www.sts-education.com\/se\/high-school\/vara-utbytesstudenter\/studentberattelser\/mirja-tillbringade-ett-ar-utomlands-i-tyskland\/"},"wordCount":469,"commentCount":0,"image":{"@id":"https:\/\/www.sts-education.com\/se\/high-school\/vara-utbytesstudenter\/studentberattelser\/mirja-tillbringade-ett-ar-utomlands-i-tyskland\/#primaryimage"},"thumbnailUrl":"https:\/\/powered-by.qbank.se\/educatius\/sts\/\/1344f704baffe0712e9cd1d2131fe26b_1-1-thumb.webp","keywords":["Tyskland"],"articleSection":["Okategoriserad"],"inLanguage":"sv-SE","potentialAction":[{"@type":"CommentAction","name":"Comment","target":["https:\/\/www.sts-education.com\/se\/high-school\/vara-utbytesstudenter\/studentberattelser\/mirja-tillbringade-ett-ar-utomlands-i-tyskland\/#respond"]}]},{"@type":"WebPage","@id":"https:\/\/www.sts-education.com\/se\/high-school\/vara-utbytesstudenter\/studentberattelser\/mirja-tillbringade-ett-ar-utomlands-i-tyskland\/","url":"https:\/\/www.sts-education.com\/se\/high-school\/vara-utbytesstudenter\/studentberattelser\/mirja-tillbringade-ett-ar-utomlands-i-tyskland\/","name":"Mirja tillbringade ett \u00e5r utomlands i Tyskland","isPartOf":{"@id":"https:\/\/www.sts-education.com\/se\/#website"},"primaryImageOfPage":{"@id":"https:\/\/www.sts-education.com\/se\/high-school\/vara-utbytesstudenter\/studentberattelser\/mirja-tillbringade-ett-ar-utomlands-i-tyskland\/#primaryimage"},"image":{"@id":"https:\/\/www.sts-education.com\/se\/high-school\/vara-utbytesstudenter\/studentberattelser\/mirja-tillbringade-ett-ar-utomlands-i-tyskland\/#primaryimage"},"thumbnailUrl":"https:\/\/powered-by.qbank.se\/educatius\/sts\/\/1344f704baffe0712e9cd1d2131fe26b_1-1-thumb.webp","datePublished":"2024-09-02T09:00:00+00:00","dateModified":"2026-04-15T09:57:06+00:00","author":{"@id":"https:\/\/www.sts-education.com\/se\/#\/schema\/person\/8b82f3a2e45f020b8f296d7a85d9a97c"},"description":"Det var min stora dr\u00f6m att f\u00e5 bo i Tyskland. Det s\u00e4gs att tyska \u00e4r ett av de sv\u00e5raste spr\u00e5ken att l\u00e4ra sig och d\u00e4rf\u00f6r \u00e4r det inte s\u00e5 m\u00e5nga som talar det.","breadcrumb":{"@id":"https:\/\/www.sts-education.com\/se\/high-school\/vara-utbytesstudenter\/studentberattelser\/mirja-tillbringade-ett-ar-utomlands-i-tyskland\/#breadcrumb"},"inLanguage":"sv-SE","potentialAction":[{"@type":"ReadAction","target":["https:\/\/www.sts-education.com\/se\/high-school\/vara-utbytesstudenter\/studentberattelser\/mirja-tillbringade-ett-ar-utomlands-i-tyskland\/"]}]},{"@type":"ImageObject","inLanguage":"sv-SE","@id":"https:\/\/www.sts-education.com\/se\/high-school\/vara-utbytesstudenter\/studentberattelser\/mirja-tillbringade-ett-ar-utomlands-i-tyskland\/#primaryimage","url":"https:\/\/powered-by.qbank.se\/educatius\/sts\/\/1344f704baffe0712e9cd1d2131fe26b_1-1-thumb.webp","contentUrl":"https:\/\/powered-by.qbank.se\/educatius\/sts\/\/1344f704baffe0712e9cd1d2131fe26b_1-1-thumb.webp","width":150,"height":150},{"@type":"BreadcrumbList","@id":"https:\/\/www.sts-education.com\/se\/high-school\/vara-utbytesstudenter\/studentberattelser\/mirja-tillbringade-ett-ar-utomlands-i-tyskland\/#breadcrumb","itemListElement":[{"@type":"ListItem","position":1,"name":"Home","item":"https:\/\/www.sts-education.com\/se\/"},{"@type":"ListItem","position":2,"name":"Mirja Tillbringade Ett Ar Utomlands I Tyskland"}]},{"@type":"WebSite","@id":"https:\/\/www.sts-education.com\/se\/#website","url":"https:\/\/www.sts-education.com\/se\/","name":"STS Education","description":"","potentialAction":[{"@type":"SearchAction","target":{"@type":"EntryPoint","urlTemplate":"https:\/\/www.sts-education.com\/se\/?s={search_term_string}"},"query-input":{"@type":"PropertyValueSpecification","valueRequired":true,"valueName":"search_term_string"}}],"inLanguage":"sv-SE"},{"@type":"Person","@id":"https:\/\/www.sts-education.com\/se\/#\/schema\/person\/8b82f3a2e45f020b8f296d7a85d9a97c","name":"syncreadwrite","image":{"@type":"ImageObject","inLanguage":"sv-SE","@id":"https:\/\/secure.gravatar.com\/avatar\/6ed1007e4f6f43f22e3df41d9fce4365533cba47fef64bb359b8e629abbc2ea6?s=96&d=mm&r=g","url":"https:\/\/secure.gravatar.com\/avatar\/6ed1007e4f6f43f22e3df41d9fce4365533cba47fef64bb359b8e629abbc2ea6?s=96&d=mm&r=g","contentUrl":"https:\/\/secure.gravatar.com\/avatar\/6ed1007e4f6f43f22e3df41d9fce4365533cba47fef64bb359b8e629abbc2ea6?s=96&d=mm&r=g","caption":"syncreadwrite"},"url":"https:\/\/www.sts-education.com\/se\/author\/syncreadwrite\/"}]}},"_links":{"self":[{"href":"https:\/\/www.sts-education.com\/se\/wp-json\/wp\/v2\/posts\/11235","targetHints":{"allow":["GET"]}}],"collection":[{"href":"https:\/\/www.sts-education.com\/se\/wp-json\/wp\/v2\/posts"}],"about":[{"href":"https:\/\/www.sts-education.com\/se\/wp-json\/wp\/v2\/types\/post"}],"author":[{"embeddable":true,"href":"https:\/\/www.sts-education.com\/se\/wp-json\/wp\/v2\/users\/20"}],"replies":[{"embeddable":true,"href":"https:\/\/www.sts-education.com\/se\/wp-json\/wp\/v2\/comments?post=11235"}],"version-history":[{"count":6,"href":"https:\/\/www.sts-education.com\/se\/wp-json\/wp\/v2\/posts\/11235\/revisions"}],"predecessor-version":[{"id":36639,"href":"https:\/\/www.sts-education.com\/se\/wp-json\/wp\/v2\/posts\/11235\/revisions\/36639"}],"wp:featuredmedia":[{"embeddable":true,"href":"https:\/\/www.sts-education.com\/se\/wp-json\/wp\/v2\/media\/14620"}],"wp:attachment":[{"href":"https:\/\/www.sts-education.com\/se\/wp-json\/wp\/v2\/media?parent=11235"}],"wp:term":[{"taxonomy":"category","embeddable":true,"href":"https:\/\/www.sts-education.com\/se\/wp-json\/wp\/v2\/categories?post=11235"},{"taxonomy":"post_tag","embeddable":true,"href":"https:\/\/www.sts-education.com\/se\/wp-json\/wp\/v2\/tags?post=11235"},{"taxonomy":"wpw_post_folders","embeddable":true,"href":"https:\/\/www.sts-education.com\/se\/wp-json\/wp\/v2\/wpw_post_folders?post=11235"}],"curies":[{"name":"wp","href":"https:\/\/api.w.org\/{rel}","templated":true}]}}