{"id":11240,"date":"2023-05-02T10:00:00","date_gmt":"2023-05-02T10:00:00","guid":{"rendered":"https:\/\/preprod.sts-education.com\/blog\/2026\/03\/05\/emilia-var-pa-ett-utbytesar-i-kanada\/"},"modified":"2026-04-27T12:29:21","modified_gmt":"2026-04-27T12:29:21","slug":"emilia-var-pa-ett-utbytesar-i-kanada","status":"publish","type":"post","link":"https:\/\/www.sts-education.com\/se\/high-school\/vara-utbytesstudenter\/studentberattelser\/emilia-var-pa-ett-utbytesar-i-kanada\/","title":{"rendered":"Emilia var p\u00e5 ett utbytes\u00e5r i Kanada"},"content":{"rendered":"\n<div class=\"wp-block-sts-text sts-text-editor has-max-width-md\"><div class=\"sts-text-editor__content\"><div class=\"sts-text-editor__content-inner\">\n<h1 style=\"text-align:center\">Emilia var p\u00e5 ett utbytes\u00e5r i Kanada<\/h1>\n<\/div><\/div><\/div>\n\n\n\n<div class=\"wp-block-sts-text sts-text-editor has-max-width-md\"><div class=\"sts-text-editor__content\"><div class=\"sts-text-editor__content-inner\">\n<p><em>Emilia fr\u00e5n \u00d6sterrike reste p\u00e5 utbyte till Vancouver, Kanada<\/em><\/p>\n<h2>Varf\u00f6r Kanada och Vancouver?<\/h2>\n<p>F\u00f6r att det \u00e4r den &quot;st\u00f6rre versionen av min hemstad i \u00d6sterrike&quot; &#8211; hav, sj\u00f6ar, berg och stad p\u00e5 en och samma g\u00e5ng. Antalet aktiviteter som erbjuds d\u00e4r \u00e4r otroligt: skid\u00e5kning, simning, beachvolleyboll, vandring och att utforska olika mat- och shoppingst\u00e4llen. Det var den optimala platsen f\u00f6r mig att komma ut ur min bekv\u00e4mlighetszon och f\u00f6rb\u00e4ttra min engelska, \u00e4ven om det definitivt inte var den st\u00f6rsta motivationen.<\/p>\n<h2>Hur var det att bo hos en v\u00e4rdfamilj?<\/h2>\n<p>I b\u00f6rjan hade jag lite problem med min v\u00e4rdfamilj, men det l\u00f6ste sig p\u00e5 n\u00e5gra veckor. Jag fick bo med en underbar, omt\u00e4nksam familj. I b\u00f6rjan kan det verka sv\u00e5rt att komma in i ett nytt hush\u00e5ll, men det \u00e4r definitivt v\u00e4rt det. Man bygger upp livsl\u00e5nga kontakter d\u00e4r.<\/p>\n<h2>Vad gjorde du p\u00e5 din fritid? N\u00e5gra nya hobbies?<\/h2>\n<p>Efter skolan gick jag alltid ut med v\u00e4nner och utforskade olika delar av Vancouver. Jag gick ocks\u00e5 med i en volleybollklubb och fick \u00e5ka p\u00e5 m\u00e5nga turneringar utanf\u00f6r Vancouver. Att g\u00e5 med i den klubben och vara del av ett fantastiskt, motiverat lag var en av de b\u00e4sta m\u00f6jligheterna jag fick d\u00e4r.<\/p>\n<h2>Vad var den st\u00f6rsta utmaningen f\u00f6r dig? Hur lyckades du \u00f6vervinna den?<\/h2>\n<p>I b\u00f6rjan \u00e4r det ganska sv\u00e5rt att bygga sociala relationer, men det l\u00f6ser sig. Man m\u00e5ste bara ta god tid p\u00e5 sig och &quot;lita p\u00e5 processen&quot;. Min st\u00f6rsta utmaning var v\u00e4rdfamiljen, men som sagt, det l\u00f6ste sig med hj\u00e4lp av min lokala koordinator.<\/p>\n<h2>Vilket \u00e4r ditt b\u00e4sta minne?<\/h2>\n<p>De absolut b\u00e4sta \u00f6gonblicken var n\u00e4r jag fick f\u00f6lja med p\u00e5 en resa till Klippiga bergen med n\u00e5gra andra internationella studenter. Vi fick utforska alla de vackra turistorterna och jag tr\u00e4ffade m\u00e4nniskor d\u00e4r som (p\u00e5 fyra dagar!) blev s\u00e5 n\u00e4ra mig som om jag hade k\u00e4nt dem hela livet.<\/p>\n<h2>Kan du rekommendera att \u00e5ka?<\/h2>\n<p>Mitt liv v\u00e4ndes upp och ner f\u00f6r ett \u00f6gonblick. Det kr\u00e4vdes att jag klev ur min bekv\u00e4mlighetszon. Men om jag kunde g\u00f6ra det, kan du ocks\u00e5 g\u00f6ra det! Om du har m\u00f6jlighet och st\u00f6d fr\u00e5n dina f\u00f6r\u00e4ldrar, s\u00e5 \u00e5k!<\/p>\n<p>Bara ett tips, om du ger dig iv\u00e4g, gl\u00f6m aldrig att v\u00e4rdes\u00e4tta det. Det \u00e4r en upplevelse som inte m\u00e5nga f\u00e5r chansen att g\u00f6ra.<\/p>\n<h2>Kan du rekommendera ett utbyte i Kanada?<\/h2>\n<p>Ja, det kan jag! Speciellt om du gillar natur och skid\u00e5kning. Folk s\u00e4ger att naturen i Kanada \u00e4r fantastisk&#8230; de kunde inte ha mer r\u00e4tt. Och med o\u00e4ndliga skogar och berg var skid\u00e5kning en av de mest fantastiska aktiviteterna d\u00e4r.<\/p>\n<h2>Ditt b\u00e4sta r\u00e5d?<\/h2>\n<p>\u00c4ven om du l\u00e4r dig mycket om nya m\u00e4nniskor, ett nytt s\u00e4tt att leva och naturligtvis ett nytt spr\u00e5k, \u00e4r det oerh\u00f6rt viktigt att f\u00f6rst\u00e5 att den avg\u00f6rande insikten \u00e4r din f\u00f6rm\u00e5ga att anpassa dig till andra. Ingenting h\u00e4nder av sig sj\u00e4lv, det \u00e4r ditt ansvar att g\u00f6ra utbytet till en of\u00f6rgl\u00f6mlig del av ditt liv. Du kan inte f\u00f6rv\u00e4nta dig att andra ska g\u00f6ra det. L\u00e5t inte bara m\u00e5naderna g\u00e5, men det \u00e4r \u00e4nd\u00e5 viktigt att ge sig sj\u00e4lv tid, eftersom det \u00e4r en enorm utmaning.<\/p>\n<h2>Varf\u00f6r valde du STS?<\/h2>\n<p>Jag valde STS eftersom det \u00e4r ett f\u00f6retag som har funnits i \u00e5rtionden och d\u00e4rf\u00f6r har mycket erfarenhet. Dessutom erbj\u00f6d de m\u00e5nga olika l\u00e4nder, vilket \u00e4r trevligt i b\u00f6rjan om man inte har en aning om vart man ska \u00e5ka. Fr\u00e5n Costa Rica till USA och Australien, du kan hitta allt.<\/p>\n<h2>Var du n\u00f6jd med STS?<\/h2>\n<p>N\u00e4r det g\u00e4ller STS kan jag med gl\u00e4dje s\u00e4ga att det var v\u00e4rt varenda euro att v\u00e4lja den organisationen. Fr\u00e5n f\u00f6rberedelsedagarna i mitt hemland till Welcome Camp och det lokala st\u00f6det i mitt v\u00e4rdland &#8211; allt fungerade alltid bra.<\/p>\n<h2>Vilka \u00e4r dina viktigaste l\u00e4rdomar?<\/h2>\n<p>\u00c4ven om jag har varit en ganska ut\u00e5triktad person innan jag kom hit, kan jag \u00e4nd\u00e5 s\u00e4ga att det gjorde mig \u00e4nnu mer extrovert och \u00f6ppen f\u00f6r nya saker. Men det har ocks\u00e5 breddat min horisont eftersom jag har f\u00e5tt uppleva den nordamerikanska livsstilen som skiljer sig oerh\u00f6rt mycket fr\u00e5n den europeiska.<\/p>\n<h2>Hur kommer ditt utbyte att p\u00e5verka din framtid?<\/h2>\n<p>Jag kommer att \u00e5terv\u00e4nda hem med ett \u00f6ppet sinne. Med en k\u00e4nsla av att resten av v\u00e4rlden v\u00e4ntar p\u00e5 att jag ska utforska den. Att det h\u00e4r bara var b\u00f6rjan, den stora premi\u00e4ren.<\/p>\n<h2>Vill du veta mer?<\/h2>\n<ul><li>L\u00e4s fler <a href=\"https:\/\/www.sts-education.com\/se\/high-school\/vara-utbytesstudenter\/studentberattelser\/?hashtag=Kanada\">studentber\u00e4ttelser fr\u00e5n Kanada<\/a><\/li>\n<li>L\u00e4s mer om ett <a href=\"https:\/\/www.sts-education.com\/se\/high-school\/destinationer\/nordamerika\/kanada\/\">high school-utbyte i Kanada<\/a><\/li>\n<li>Se alla v\u00e5ra <a href=\"\/se\/high-school\/tripfinder\/\">utbytesdestinationer f\u00f6r high school<\/a><\/li><\/ul>\n<\/div><\/div><\/div>\n","protected":false},"excerpt":{"rendered":"","protected":false},"author":20,"featured_media":14630,"comment_status":"open","ping_status":"open","sticky":false,"template":"","format":"standard","meta":{"_acf_changed":false,"_yoast_wpseo_title":"Emilia var p\u00e5 ett utbytes\u00e5r i Kanada","_yoast_wpseo_metadesc":"Varf\u00f6r Kanada och Vancouver? F\u00f6r att det \u00e4r den \"st\u00f6rre versionen av min hemstad i \u00d6sterrike - hav, sj\u00f6ar, berg och stad p\u00e5 en och samma g\u00e5ng.","footnotes":""},"categories":[326],"tags":[1033],"wpw_post_folders":[],"class_list":["post-11240","post","type-post","status-publish","format-standard","has-post-thumbnail","hentry","category-okategoriserad","tag-kanada"],"acf":[],"yoast_head":"<!-- This site is optimized with the Yoast SEO Premium plugin v27.2 (Yoast SEO v27.2) - https:\/\/yoast.com\/product\/yoast-seo-premium-wordpress\/ -->\n<title>Emilia var p\u00e5 ett utbytes\u00e5r i Kanada<\/title>\n<meta name=\"description\" content=\"Varf\u00f6r Kanada och Vancouver? F\u00f6r att det \u00e4r den &quot;st\u00f6rre versionen av min hemstad i \u00d6sterrike - hav, sj\u00f6ar, berg och stad p\u00e5 en och samma g\u00e5ng.\" \/>\n<meta name=\"robots\" content=\"index, follow, max-snippet:-1, max-image-preview:large, max-video-preview:-1\" \/>\n<link rel=\"canonical\" href=\"https:\/\/www.sts-education.com\/se\/high-school\/vara-utbytesstudenter\/studentberattelser\/emilia-var-pa-ett-utbytesar-i-kanada\/\" \/>\n<meta property=\"og:locale\" content=\"sv_SE\" \/>\n<meta property=\"og:type\" content=\"article\" \/>\n<meta property=\"og:title\" content=\"Emilia var p\u00e5 ett utbytes\u00e5r i Kanada\" \/>\n<meta property=\"og:description\" content=\"Varf\u00f6r Kanada och Vancouver? F\u00f6r att det \u00e4r den &quot;st\u00f6rre versionen av min hemstad i \u00d6sterrike - hav, sj\u00f6ar, berg och stad p\u00e5 en och samma g\u00e5ng.\" \/>\n<meta property=\"og:url\" content=\"https:\/\/www.sts-education.com\/se\/high-school\/vara-utbytesstudenter\/studentberattelser\/emilia-var-pa-ett-utbytesar-i-kanada\/\" \/>\n<meta property=\"og:site_name\" content=\"STS Education\" \/>\n<meta property=\"article:published_time\" content=\"2023-05-02T10:00:00+00:00\" \/>\n<meta property=\"article:modified_time\" content=\"2026-04-27T12:29:21+00:00\" \/>\n<meta property=\"og:image\" content=\"https:\/\/powered-by.qbank.se\/educatius\/sts\/\/2daf64162521b454bbf048f88fecc0a5_1-1-thumb.webp\" \/>\n\t<meta property=\"og:image:width\" content=\"150\" \/>\n\t<meta property=\"og:image:height\" content=\"150\" \/>\n\t<meta property=\"og:image:type\" content=\"image\/jpeg\" \/>\n<meta name=\"author\" content=\"syncreadwrite\" \/>\n<meta name=\"twitter:card\" content=\"summary_large_image\" \/>\n<meta name=\"twitter:label1\" content=\"Skriven av\" \/>\n\t<meta name=\"twitter:data1\" content=\"syncreadwrite\" \/>\n\t<meta name=\"twitter:label2\" content=\"Ber\u00e4knad l\u00e4stid\" \/>\n\t<meta name=\"twitter:data2\" content=\"4 minuter\" \/>\n<script type=\"application\/ld+json\" class=\"yoast-schema-graph\">{\"@context\":\"https:\/\/schema.org\",\"@graph\":[{\"@type\":\"Article\",\"@id\":\"https:\/\/www.sts-education.com\/se\/high-school\/vara-utbytesstudenter\/studentberattelser\/emilia-var-pa-ett-utbytesar-i-kanada\/#article\",\"isPartOf\":{\"@id\":\"https:\/\/www.sts-education.com\/se\/high-school\/vara-utbytesstudenter\/studentberattelser\/emilia-var-pa-ett-utbytesar-i-kanada\/\"},\"author\":{\"name\":\"syncreadwrite\",\"@id\":\"https:\/\/www.sts-education.com\/se\/#\/schema\/person\/8b82f3a2e45f020b8f296d7a85d9a97c\"},\"headline\":\"Emilia var p\u00e5 ett utbytes\u00e5r i Kanada\",\"datePublished\":\"2023-05-02T10:00:00+00:00\",\"dateModified\":\"2026-04-27T12:29:21+00:00\",\"mainEntityOfPage\":{\"@id\":\"https:\/\/www.sts-education.com\/se\/high-school\/vara-utbytesstudenter\/studentberattelser\/emilia-var-pa-ett-utbytesar-i-kanada\/\"},\"wordCount\":893,\"commentCount\":0,\"image\":{\"@id\":\"https:\/\/www.sts-education.com\/se\/high-school\/vara-utbytesstudenter\/studentberattelser\/emilia-var-pa-ett-utbytesar-i-kanada\/#primaryimage\"},\"thumbnailUrl\":\"https:\/\/powered-by.qbank.se\/educatius\/sts\/\/2daf64162521b454bbf048f88fecc0a5_1-1-thumb.webp\",\"keywords\":[\"Kanada\"],\"articleSection\":[\"Okategoriserad\"],\"inLanguage\":\"sv-SE\",\"potentialAction\":[{\"@type\":\"CommentAction\",\"name\":\"Comment\",\"target\":[\"https:\/\/www.sts-education.com\/se\/high-school\/vara-utbytesstudenter\/studentberattelser\/emilia-var-pa-ett-utbytesar-i-kanada\/#respond\"]}]},{\"@type\":\"WebPage\",\"@id\":\"https:\/\/www.sts-education.com\/se\/high-school\/vara-utbytesstudenter\/studentberattelser\/emilia-var-pa-ett-utbytesar-i-kanada\/\",\"url\":\"https:\/\/www.sts-education.com\/se\/high-school\/vara-utbytesstudenter\/studentberattelser\/emilia-var-pa-ett-utbytesar-i-kanada\/\",\"name\":\"Emilia var p\u00e5 ett utbytes\u00e5r i Kanada\",\"isPartOf\":{\"@id\":\"https:\/\/www.sts-education.com\/se\/#website\"},\"primaryImageOfPage\":{\"@id\":\"https:\/\/www.sts-education.com\/se\/high-school\/vara-utbytesstudenter\/studentberattelser\/emilia-var-pa-ett-utbytesar-i-kanada\/#primaryimage\"},\"image\":{\"@id\":\"https:\/\/www.sts-education.com\/se\/high-school\/vara-utbytesstudenter\/studentberattelser\/emilia-var-pa-ett-utbytesar-i-kanada\/#primaryimage\"},\"thumbnailUrl\":\"https:\/\/powered-by.qbank.se\/educatius\/sts\/\/2daf64162521b454bbf048f88fecc0a5_1-1-thumb.webp\",\"datePublished\":\"2023-05-02T10:00:00+00:00\",\"dateModified\":\"2026-04-27T12:29:21+00:00\",\"author\":{\"@id\":\"https:\/\/www.sts-education.com\/se\/#\/schema\/person\/8b82f3a2e45f020b8f296d7a85d9a97c\"},\"description\":\"Varf\u00f6r Kanada och Vancouver? F\u00f6r att det \u00e4r den \\\"st\u00f6rre versionen av min hemstad i \u00d6sterrike - hav, sj\u00f6ar, berg och stad p\u00e5 en och samma g\u00e5ng.\",\"breadcrumb\":{\"@id\":\"https:\/\/www.sts-education.com\/se\/high-school\/vara-utbytesstudenter\/studentberattelser\/emilia-var-pa-ett-utbytesar-i-kanada\/#breadcrumb\"},\"inLanguage\":\"sv-SE\",\"potentialAction\":[{\"@type\":\"ReadAction\",\"target\":[\"https:\/\/www.sts-education.com\/se\/high-school\/vara-utbytesstudenter\/studentberattelser\/emilia-var-pa-ett-utbytesar-i-kanada\/\"]}]},{\"@type\":\"ImageObject\",\"inLanguage\":\"sv-SE\",\"@id\":\"https:\/\/www.sts-education.com\/se\/high-school\/vara-utbytesstudenter\/studentberattelser\/emilia-var-pa-ett-utbytesar-i-kanada\/#primaryimage\",\"url\":\"https:\/\/powered-by.qbank.se\/educatius\/sts\/\/2daf64162521b454bbf048f88fecc0a5_1-1-thumb.webp\",\"contentUrl\":\"https:\/\/powered-by.qbank.se\/educatius\/sts\/\/2daf64162521b454bbf048f88fecc0a5_1-1-thumb.webp\",\"width\":150,\"height\":150},{\"@type\":\"BreadcrumbList\",\"@id\":\"https:\/\/www.sts-education.com\/se\/high-school\/vara-utbytesstudenter\/studentberattelser\/emilia-var-pa-ett-utbytesar-i-kanada\/#breadcrumb\",\"itemListElement\":[{\"@type\":\"ListItem\",\"position\":1,\"name\":\"Home\",\"item\":\"https:\/\/www.sts-education.com\/se\/\"},{\"@type\":\"ListItem\",\"position\":2,\"name\":\"Emilia var p\u00e5 ett utbytes\u00e5r i Kanada\"}]},{\"@type\":\"WebSite\",\"@id\":\"https:\/\/www.sts-education.com\/se\/#website\",\"url\":\"https:\/\/www.sts-education.com\/se\/\",\"name\":\"STS Education\",\"description\":\"\",\"potentialAction\":[{\"@type\":\"SearchAction\",\"target\":{\"@type\":\"EntryPoint\",\"urlTemplate\":\"https:\/\/www.sts-education.com\/se\/?s={search_term_string}\"},\"query-input\":{\"@type\":\"PropertyValueSpecification\",\"valueRequired\":true,\"valueName\":\"search_term_string\"}}],\"inLanguage\":\"sv-SE\"},{\"@type\":\"Person\",\"@id\":\"https:\/\/www.sts-education.com\/se\/#\/schema\/person\/8b82f3a2e45f020b8f296d7a85d9a97c\",\"name\":\"syncreadwrite\",\"image\":{\"@type\":\"ImageObject\",\"inLanguage\":\"sv-SE\",\"@id\":\"https:\/\/secure.gravatar.com\/avatar\/6ed1007e4f6f43f22e3df41d9fce4365533cba47fef64bb359b8e629abbc2ea6?s=96&d=mm&r=g\",\"url\":\"https:\/\/secure.gravatar.com\/avatar\/6ed1007e4f6f43f22e3df41d9fce4365533cba47fef64bb359b8e629abbc2ea6?s=96&d=mm&r=g\",\"contentUrl\":\"https:\/\/secure.gravatar.com\/avatar\/6ed1007e4f6f43f22e3df41d9fce4365533cba47fef64bb359b8e629abbc2ea6?s=96&d=mm&r=g\",\"caption\":\"syncreadwrite\"},\"url\":\"https:\/\/www.sts-education.com\/se\/author\/syncreadwrite\/\"}]}<\/script>\n<!-- \/ Yoast SEO Premium plugin. -->","yoast_head_json":{"title":"Emilia var p\u00e5 ett utbytes\u00e5r i Kanada","description":"Varf\u00f6r Kanada och Vancouver? F\u00f6r att det \u00e4r den \"st\u00f6rre versionen av min hemstad i \u00d6sterrike - hav, sj\u00f6ar, berg och stad p\u00e5 en och samma g\u00e5ng.","robots":{"index":"index","follow":"follow","max-snippet":"max-snippet:-1","max-image-preview":"max-image-preview:large","max-video-preview":"max-video-preview:-1"},"canonical":"https:\/\/www.sts-education.com\/se\/high-school\/vara-utbytesstudenter\/studentberattelser\/emilia-var-pa-ett-utbytesar-i-kanada\/","og_locale":"sv_SE","og_type":"article","og_title":"Emilia var p\u00e5 ett utbytes\u00e5r i Kanada","og_description":"Varf\u00f6r Kanada och Vancouver? F\u00f6r att det \u00e4r den \"st\u00f6rre versionen av min hemstad i \u00d6sterrike - hav, sj\u00f6ar, berg och stad p\u00e5 en och samma g\u00e5ng.","og_url":"https:\/\/www.sts-education.com\/se\/high-school\/vara-utbytesstudenter\/studentberattelser\/emilia-var-pa-ett-utbytesar-i-kanada\/","og_site_name":"STS Education","article_published_time":"2023-05-02T10:00:00+00:00","article_modified_time":"2026-04-27T12:29:21+00:00","og_image":[{"width":150,"height":150,"url":"https:\/\/powered-by.qbank.se\/educatius\/sts\/\/2daf64162521b454bbf048f88fecc0a5_1-1-thumb.webp","type":"image\/jpeg"}],"author":"syncreadwrite","twitter_card":"summary_large_image","twitter_misc":{"Skriven av":"syncreadwrite","Ber\u00e4knad l\u00e4stid":"4 minuter"},"schema":{"@context":"https:\/\/schema.org","@graph":[{"@type":"Article","@id":"https:\/\/www.sts-education.com\/se\/high-school\/vara-utbytesstudenter\/studentberattelser\/emilia-var-pa-ett-utbytesar-i-kanada\/#article","isPartOf":{"@id":"https:\/\/www.sts-education.com\/se\/high-school\/vara-utbytesstudenter\/studentberattelser\/emilia-var-pa-ett-utbytesar-i-kanada\/"},"author":{"name":"syncreadwrite","@id":"https:\/\/www.sts-education.com\/se\/#\/schema\/person\/8b82f3a2e45f020b8f296d7a85d9a97c"},"headline":"Emilia var p\u00e5 ett utbytes\u00e5r i Kanada","datePublished":"2023-05-02T10:00:00+00:00","dateModified":"2026-04-27T12:29:21+00:00","mainEntityOfPage":{"@id":"https:\/\/www.sts-education.com\/se\/high-school\/vara-utbytesstudenter\/studentberattelser\/emilia-var-pa-ett-utbytesar-i-kanada\/"},"wordCount":893,"commentCount":0,"image":{"@id":"https:\/\/www.sts-education.com\/se\/high-school\/vara-utbytesstudenter\/studentberattelser\/emilia-var-pa-ett-utbytesar-i-kanada\/#primaryimage"},"thumbnailUrl":"https:\/\/powered-by.qbank.se\/educatius\/sts\/\/2daf64162521b454bbf048f88fecc0a5_1-1-thumb.webp","keywords":["Kanada"],"articleSection":["Okategoriserad"],"inLanguage":"sv-SE","potentialAction":[{"@type":"CommentAction","name":"Comment","target":["https:\/\/www.sts-education.com\/se\/high-school\/vara-utbytesstudenter\/studentberattelser\/emilia-var-pa-ett-utbytesar-i-kanada\/#respond"]}]},{"@type":"WebPage","@id":"https:\/\/www.sts-education.com\/se\/high-school\/vara-utbytesstudenter\/studentberattelser\/emilia-var-pa-ett-utbytesar-i-kanada\/","url":"https:\/\/www.sts-education.com\/se\/high-school\/vara-utbytesstudenter\/studentberattelser\/emilia-var-pa-ett-utbytesar-i-kanada\/","name":"Emilia var p\u00e5 ett utbytes\u00e5r i Kanada","isPartOf":{"@id":"https:\/\/www.sts-education.com\/se\/#website"},"primaryImageOfPage":{"@id":"https:\/\/www.sts-education.com\/se\/high-school\/vara-utbytesstudenter\/studentberattelser\/emilia-var-pa-ett-utbytesar-i-kanada\/#primaryimage"},"image":{"@id":"https:\/\/www.sts-education.com\/se\/high-school\/vara-utbytesstudenter\/studentberattelser\/emilia-var-pa-ett-utbytesar-i-kanada\/#primaryimage"},"thumbnailUrl":"https:\/\/powered-by.qbank.se\/educatius\/sts\/\/2daf64162521b454bbf048f88fecc0a5_1-1-thumb.webp","datePublished":"2023-05-02T10:00:00+00:00","dateModified":"2026-04-27T12:29:21+00:00","author":{"@id":"https:\/\/www.sts-education.com\/se\/#\/schema\/person\/8b82f3a2e45f020b8f296d7a85d9a97c"},"description":"Varf\u00f6r Kanada och Vancouver? F\u00f6r att det \u00e4r den \"st\u00f6rre versionen av min hemstad i \u00d6sterrike - hav, sj\u00f6ar, berg och stad p\u00e5 en och samma g\u00e5ng.","breadcrumb":{"@id":"https:\/\/www.sts-education.com\/se\/high-school\/vara-utbytesstudenter\/studentberattelser\/emilia-var-pa-ett-utbytesar-i-kanada\/#breadcrumb"},"inLanguage":"sv-SE","potentialAction":[{"@type":"ReadAction","target":["https:\/\/www.sts-education.com\/se\/high-school\/vara-utbytesstudenter\/studentberattelser\/emilia-var-pa-ett-utbytesar-i-kanada\/"]}]},{"@type":"ImageObject","inLanguage":"sv-SE","@id":"https:\/\/www.sts-education.com\/se\/high-school\/vara-utbytesstudenter\/studentberattelser\/emilia-var-pa-ett-utbytesar-i-kanada\/#primaryimage","url":"https:\/\/powered-by.qbank.se\/educatius\/sts\/\/2daf64162521b454bbf048f88fecc0a5_1-1-thumb.webp","contentUrl":"https:\/\/powered-by.qbank.se\/educatius\/sts\/\/2daf64162521b454bbf048f88fecc0a5_1-1-thumb.webp","width":150,"height":150},{"@type":"BreadcrumbList","@id":"https:\/\/www.sts-education.com\/se\/high-school\/vara-utbytesstudenter\/studentberattelser\/emilia-var-pa-ett-utbytesar-i-kanada\/#breadcrumb","itemListElement":[{"@type":"ListItem","position":1,"name":"Home","item":"https:\/\/www.sts-education.com\/se\/"},{"@type":"ListItem","position":2,"name":"Emilia var p\u00e5 ett utbytes\u00e5r i Kanada"}]},{"@type":"WebSite","@id":"https:\/\/www.sts-education.com\/se\/#website","url":"https:\/\/www.sts-education.com\/se\/","name":"STS Education","description":"","potentialAction":[{"@type":"SearchAction","target":{"@type":"EntryPoint","urlTemplate":"https:\/\/www.sts-education.com\/se\/?s={search_term_string}"},"query-input":{"@type":"PropertyValueSpecification","valueRequired":true,"valueName":"search_term_string"}}],"inLanguage":"sv-SE"},{"@type":"Person","@id":"https:\/\/www.sts-education.com\/se\/#\/schema\/person\/8b82f3a2e45f020b8f296d7a85d9a97c","name":"syncreadwrite","image":{"@type":"ImageObject","inLanguage":"sv-SE","@id":"https:\/\/secure.gravatar.com\/avatar\/6ed1007e4f6f43f22e3df41d9fce4365533cba47fef64bb359b8e629abbc2ea6?s=96&d=mm&r=g","url":"https:\/\/secure.gravatar.com\/avatar\/6ed1007e4f6f43f22e3df41d9fce4365533cba47fef64bb359b8e629abbc2ea6?s=96&d=mm&r=g","contentUrl":"https:\/\/secure.gravatar.com\/avatar\/6ed1007e4f6f43f22e3df41d9fce4365533cba47fef64bb359b8e629abbc2ea6?s=96&d=mm&r=g","caption":"syncreadwrite"},"url":"https:\/\/www.sts-education.com\/se\/author\/syncreadwrite\/"}]}},"_links":{"self":[{"href":"https:\/\/www.sts-education.com\/se\/wp-json\/wp\/v2\/posts\/11240","targetHints":{"allow":["GET"]}}],"collection":[{"href":"https:\/\/www.sts-education.com\/se\/wp-json\/wp\/v2\/posts"}],"about":[{"href":"https:\/\/www.sts-education.com\/se\/wp-json\/wp\/v2\/types\/post"}],"author":[{"embeddable":true,"href":"https:\/\/www.sts-education.com\/se\/wp-json\/wp\/v2\/users\/20"}],"replies":[{"embeddable":true,"href":"https:\/\/www.sts-education.com\/se\/wp-json\/wp\/v2\/comments?post=11240"}],"version-history":[{"count":7,"href":"https:\/\/www.sts-education.com\/se\/wp-json\/wp\/v2\/posts\/11240\/revisions"}],"predecessor-version":[{"id":41913,"href":"https:\/\/www.sts-education.com\/se\/wp-json\/wp\/v2\/posts\/11240\/revisions\/41913"}],"wp:featuredmedia":[{"embeddable":true,"href":"https:\/\/www.sts-education.com\/se\/wp-json\/wp\/v2\/media\/14630"}],"wp:attachment":[{"href":"https:\/\/www.sts-education.com\/se\/wp-json\/wp\/v2\/media?parent=11240"}],"wp:term":[{"taxonomy":"category","embeddable":true,"href":"https:\/\/www.sts-education.com\/se\/wp-json\/wp\/v2\/categories?post=11240"},{"taxonomy":"post_tag","embeddable":true,"href":"https:\/\/www.sts-education.com\/se\/wp-json\/wp\/v2\/tags?post=11240"},{"taxonomy":"wpw_post_folders","embeddable":true,"href":"https:\/\/www.sts-education.com\/se\/wp-json\/wp\/v2\/wpw_post_folders?post=11240"}],"curies":[{"name":"wp","href":"https:\/\/api.w.org\/{rel}","templated":true}]}}