{"id":11242,"date":"2023-05-02T10:00:00","date_gmt":"2023-05-02T10:00:00","guid":{"rendered":"https:\/\/preprod.sts-education.com\/blog\/2026\/03\/05\/jenny-valde-att-studera-i-costa-rica\/"},"modified":"2026-04-27T12:28:11","modified_gmt":"2026-04-27T12:28:11","slug":"jenny-valde-att-studera-i-costa-rica","status":"publish","type":"post","link":"https:\/\/www.sts-education.com\/se\/high-school\/vara-utbytesstudenter\/studentberattelser\/jenny-valde-att-studera-i-costa-rica\/","title":{"rendered":"Jenny valde att studera i Costa Rica"},"content":{"rendered":"\n<div class=\"wp-block-sts-text sts-text-editor has-max-width-md\"><div class=\"sts-text-editor__content\"><div class=\"sts-text-editor__content-inner\">\n<h1 style=\"text-align:center\">Jenny valde att studera i Costa Rica<\/h1>\n<\/div><\/div><\/div>\n\n\n\n<div class=\"wp-block-sts-text sts-text-editor has-max-width-md\"><div class=\"sts-text-editor__content\"><div class=\"sts-text-editor__content-inner\">\n<p><em>Jenny fr\u00e5n Norge \u00e5kte p\u00e5 utbyte till Costa Rica. Vi fr\u00e5gade henne om hennes upplevelser.<\/em><\/p>\n<h2>Varf\u00f6r \u00e5kte du p\u00e5 utbyte?<\/h2>\n<p>Jag har alltid velat \u00e5ka p\u00e5 ett utbyte, det b\u00f6rjade n\u00e4r jag var liten. Mina systrar ber\u00e4ttade f\u00f6r mig om sina utbyten och upplevelser n\u00e4r de rest runt i v\u00e4rlden. Min dr\u00f6m har alltid varit att resa, och ett utbytes\u00e5r \u00e4r det perfekta s\u00e4ttet att g\u00f6ra det p\u00e5. Dessutom gav det mig m\u00f6jlighet att se hur high school \u00e4r i ett annat land och hur annorlunda liv andra ton\u00e5ringar har. Ett utbytes\u00e5r l\u00e4rde mig om v\u00e4rlden p\u00e5 ett annat s\u00e4tt \u00e4n att sitta p\u00e5 skolb\u00e4nken i Norge.<\/p>\n<h2>Vart \u00e5kte du och varf\u00f6r?<\/h2>\n<p>Jag \u00e5kte till Costa Rica f\u00f6r att jag ville l\u00e4ra mig spanska, p\u00e5 grund av den vackra naturen och f\u00f6r att kulturen \u00e4r s\u00e5 annorlunda j\u00e4mf\u00f6rt med mitt hemland (Norge).<\/p>\n<h2>Hur var det att bo hos en v\u00e4rdfamilj?<\/h2>\n<p>Min v\u00e4rdfamilj var v\u00e4ldigt stor och gav mig ett varmt v\u00e4lkomnande. Jag har fortfarande kontakt med dem och vi planerar att jag ska bes\u00f6ka dem. Naturligtvis hade vi v\u00e5ra meningsskiljaktigheter, p\u00e5 grund av de stora kulturella skillnaderna, men i allm\u00e4nhet gick det bra, och jag \u00e4r mycket tacksam f\u00f6r att jag hade den h\u00e4r v\u00e4rdfamiljen.<\/p>\n<h2>Hur var det i skolan?<\/h2>\n<p>Skolan var v\u00e4ldigt rolig! Min skola hade m\u00e5nga djur, allt fr\u00e5n krokodiler till tv\u00e4ttbj\u00f6rnar. Jag hamnade i den absolut b\u00e4sta klassen och mina klasskamrater blev mina b\u00e4sta v\u00e4nner. Alla var v\u00e4ldigt v\u00e4lkomnande och inkluderande, och jag l\u00e4rde mig mycket spanska i skolan. Jag gick i en kommunal skola och utbildningsniv\u00e5n var inte s\u00e4rskilt h\u00f6g, men jag l\u00e4rde mig mycket spanska, mycket om landet och om m\u00e4nniskorna som bor d\u00e4r.<\/p>\n<h2>Vad gjorde du p\u00e5 din fritid? N\u00e5gra nya hobbies?<\/h2>\n<p>Jag gjorde en hel del aktiviteter p\u00e5 min fritid, till exempel simning och Tae Bo. Jag hj\u00e4lpte ocks\u00e5 mina v\u00e4rdf\u00f6r\u00e4ldrar att ta hand om barnen och tillbringade mycket tid med familjen. Ibland gick jag till min kompis hus f\u00f6r att plugga, eftersom vi n\u00e4stan var grannar.<\/p>\n<h2>Var det l\u00e4tt\/sv\u00e5rt att f\u00e5 v\u00e4nner?<\/h2>\n<p>F\u00f6r mig var det v\u00e4ldigt l\u00e4tt att f\u00e5 v\u00e4nner. Jag hade turen att g\u00e5 i en bra klass, och mina klasskamrater var v\u00e4ldigt inkluderande. Det var lite sv\u00e5rt att knyta djupare kontakter p\u00e5 grund av spr\u00e5kbarri\u00e4ren. Men efter n\u00e5gra m\u00e5nader blev det l\u00e4ttare och jag hade aldrig n\u00e5gra egentliga problem med att f\u00e5 v\u00e4nner.<\/p>\n<h2>Vad var den stor utmaningen f\u00f6r dig? Hur lyckades du \u00f6vervinna den?<\/h2>\n<p>Den st\u00f6rsta utmaningen f\u00f6r mig var spr\u00e5ket, men s\u00e5 sm\u00e5ningom l\u00e4rde jag mig spanska. Min v\u00e4rdfamilj och mina v\u00e4nner kunde inte engelska, vilket &quot;tvingade&quot; mig att l\u00e4ra mig spr\u00e5ket, eftersom det inte fanns n\u00e5got annat alternativ. Jag \u00e4r v\u00e4ldigt stolt \u00f6ver att ha l\u00e4rt mig spr\u00e5ket p\u00e5 10 m\u00e5nader, och nu \u00e4r min spanska b\u00e4ttre \u00e4n min engelska.<\/p>\n<h2>Vad var det b\u00e4sta med ditt utbytes\u00e5r?<\/h2>\n<p>Det b\u00e4sta med mitt utbytes\u00e5r var att jag v\u00e4xte som person och l\u00e4rde mig om v\u00e4rlden p\u00e5 ett nytt s\u00e4tt.<\/p>\n<h2>Vad \u00e4r ditt b\u00e4sta minne?<\/h2>\n<p>Mitt b\u00e4sta minne var min f\u00f6rsta resa med de andra utbytesstudenterna. Vi \u00e5kte till Ostional i Guanacaste, som \u00e4r en av de vackraste delarna av landet. Vi vaknade klockan fyra p\u00e5 morgonen f\u00f6r att se sk\u00f6ldpaddsungarna g\u00e5 ut i havet. Det var den b\u00e4sta resa jag n\u00e5gonsin har gjort.<\/p>\n<h2>Vilka \u00e4r dina viktigaste l\u00e4rdomar?<\/h2>\n<p>Mina viktigaste l\u00e4rdomar \u00e4r spr\u00e5ket, och att m\u00e4nniskor \u00e4r olika och att det \u00e4r okej. Det kan vara sv\u00e5rt att diskutera med m\u00e4nniskor, s\u00e4rskilt den \u00e4ldre generationen, som tenderar att vara mer traditionell och inte vill h\u00f6ra andra \u00e5sikter. Jag l\u00e4rde mig att det inte \u00e4r n\u00f6dv\u00e4ndigt att diskutera med alla, att alla inte tycker som du och att det \u00e4r okej.<\/p>\n<h2>Kan du rekommendera att \u00e5ka?<\/h2>\n<p>Ja, definitivt. Ett utbyte \u00e4r bra f\u00f6r n\u00e4stan alla, men jag rekommenderar Costa Rica f\u00f6r personer som \u00e4r t\u00e5lmodiga och f\u00f6rsiktiga. Costa Rica \u00e4r ett vackert land, men det \u00e4r oerh\u00f6rt viktigt att vara f\u00f6rsiktig och f\u00f6lja s\u00e4kerhetsf\u00f6reskrifterna. Dessutom kan m\u00e4nniskor ha helt andra \u00e5sikter \u00e4n du, och de kulturella skillnaderna kan vara mycket stora.<\/p>\n<h2>Varf\u00f6r ska man \u00e5ka p\u00e5 utbyte?<\/h2>\n<p>Ett utbyte hj\u00e4lper dig att f\u00e5 en b\u00e4ttre f\u00f6rst\u00e5else f\u00f6r v\u00e4rlden, det visar dig vackra platser och du kommer att tr\u00e4ffa fantastiska m\u00e4nniskor. Man l\u00e4r sig om v\u00e4rlden, och det \u00e4r en upplevelse man bara f\u00e5r en g\u00e5ng i livet.<\/p>\n<h2>Har du n\u00e5gra r\u00e5d?<\/h2>\n<p>Lyssna p\u00e5 din v\u00e4rdfamilj och deras r\u00e5d. De k\u00e4nner till landet och vad som \u00e4r s\u00e4kert och vad som inte \u00e4r det.<\/p>\n<h2>Hur kommer ditt utbyte att p\u00e5verka din framtid?<\/h2>\n<p>Jag har precis kommit tillbaka fr\u00e5n mitt tv\u00e5 m\u00e5nader l\u00e5nga Erasmusutbyte i Spanien. Jag tror inte att det skulle ha h\u00e4nt utan min tid i Costa Rica! Nu \u00e4r jag i Norge i tre m\u00e5nader f\u00f6r att g\u00f6ra mina tentor och ta examen. N\u00e4r jag har tagit examen i juni \u00e5ker jag tillbaka till Costa Rica.<\/p>\n<p>Mitt utbyte har f\u00e5tt mig att mogna som person och gett mig kontakt med s\u00e5 m\u00e5nga m\u00e4nniskor som jag l\u00e4ngtar efter att f\u00e5 tr\u00e4ffa igen. Mitt utbyte gav mig ocks\u00e5 en k\u00e4nsla av sj\u00e4lvst\u00e4ndighet och jag k\u00e4nner mig mycket mer sj\u00e4lvs\u00e4ker.<\/p>\n<h2>Varf\u00f6r valde du STS?<\/h2>\n<p>Jag valde STS f\u00f6r att de hade m\u00e5nga l\u00e4nder att v\u00e4lja mellan, de var v\u00e4ldigt sn\u00e4lla med Covid-19 situationen och l\u00e4t mig avboka och \u00e4nd\u00e5 f\u00e5 tillbaka mina pengar, vilket andra organisationer inte l\u00e4t mig g\u00f6ra. Jag fick ocks\u00e5 ett mycket gott intryck av STS i min intervju. Min syster reste ocks\u00e5 med STS och hade en bra upplevelse.<\/p>\n<h2>Var du n\u00f6jd med STS?<\/h2>\n<p>Jag var mycket n\u00f6jd med STS, s\u00e5 n\u00f6jd att vi nu \u00e4r v\u00e4rdar f\u00f6r en STS utbytesstudent fr\u00e5n Mexiko.<\/p>\n<h2>Vill du veta mer?<\/h2>\n<ul><li>L\u00e4s fler <a href=\"https:\/\/www.sts-education.com\/se\/high-school\/vara-utbytesstudenter\/studentberattelser\/?hashtag=Costa+Rica\">studentber\u00e4ttelser fr\u00e5n Costa Rica<\/a><\/li>\n<li>L\u00e4s mer om ett <a href=\"https:\/\/www.sts-education.com\/se\/high-school\/destinationer\/syd-och-central-america\/costa-rica\/\">high school-utbyte i Costa Rica<\/a><\/li>\n<li>Se alla v\u00e5ra <a href=\"\/se\/high-school\/tripfinder\/\">utbytesdestinationer f\u00f6r high school<\/a><\/li><\/ul>\n<\/div><\/div><\/div>\n","protected":false},"excerpt":{"rendered":"","protected":false},"author":20,"featured_media":14634,"comment_status":"open","ping_status":"open","sticky":false,"template":"","format":"standard","meta":{"_acf_changed":false,"_yoast_wpseo_title":"Jenny valde att studera i Costa Rica","_yoast_wpseo_metadesc":"Jag har alltid velat \u00e5ka p\u00e5 ett utbyte, det b\u00f6rjade n\u00e4r jag var liten. Mina systrar ber\u00e4ttade f\u00f6r mig om sina utbyten och upplevelser n\u00e4r de rest runt i v\u00e4rlden.","footnotes":""},"categories":[326],"tags":[1035],"wpw_post_folders":[],"class_list":["post-11242","post","type-post","status-publish","format-standard","has-post-thumbnail","hentry","category-okategoriserad","tag-costa-rica"],"acf":[],"yoast_head":"<!-- This site is optimized with the Yoast SEO Premium plugin v27.2 (Yoast SEO v27.2) - https:\/\/yoast.com\/product\/yoast-seo-premium-wordpress\/ -->\n<title>Jenny valde att studera i Costa Rica<\/title>\n<meta name=\"description\" content=\"Jag har alltid velat \u00e5ka p\u00e5 ett utbyte, det b\u00f6rjade n\u00e4r jag var liten. Mina systrar ber\u00e4ttade f\u00f6r mig om sina utbyten och upplevelser n\u00e4r de rest runt i v\u00e4rlden.\" \/>\n<meta name=\"robots\" content=\"index, follow, max-snippet:-1, max-image-preview:large, max-video-preview:-1\" \/>\n<link rel=\"canonical\" href=\"https:\/\/www.sts-education.com\/se\/high-school\/vara-utbytesstudenter\/studentberattelser\/jenny-valde-att-studera-i-costa-rica\/\" \/>\n<meta property=\"og:locale\" content=\"sv_SE\" \/>\n<meta property=\"og:type\" content=\"article\" \/>\n<meta property=\"og:title\" content=\"Jenny valde att studera i Costa Rica\" \/>\n<meta property=\"og:description\" content=\"Jag har alltid velat \u00e5ka p\u00e5 ett utbyte, det b\u00f6rjade n\u00e4r jag var liten. Mina systrar ber\u00e4ttade f\u00f6r mig om sina utbyten och upplevelser n\u00e4r de rest runt i v\u00e4rlden.\" \/>\n<meta property=\"og:url\" content=\"https:\/\/www.sts-education.com\/se\/high-school\/vara-utbytesstudenter\/studentberattelser\/jenny-valde-att-studera-i-costa-rica\/\" \/>\n<meta property=\"og:site_name\" content=\"STS Education\" \/>\n<meta property=\"article:published_time\" content=\"2023-05-02T10:00:00+00:00\" \/>\n<meta property=\"article:modified_time\" content=\"2026-04-27T12:28:11+00:00\" \/>\n<meta property=\"og:image\" content=\"https:\/\/powered-by.qbank.se\/educatius\/sts\/\/c05556c0b8b22d19da665af35946abf7_1-1-thumb.webp\" \/>\n\t<meta property=\"og:image:width\" content=\"150\" \/>\n\t<meta property=\"og:image:height\" content=\"150\" \/>\n\t<meta property=\"og:image:type\" content=\"image\/jpeg\" \/>\n<meta name=\"author\" content=\"syncreadwrite\" \/>\n<meta name=\"twitter:card\" content=\"summary_large_image\" \/>\n<meta name=\"twitter:label1\" content=\"Skriven av\" \/>\n\t<meta name=\"twitter:data1\" content=\"syncreadwrite\" \/>\n\t<meta name=\"twitter:label2\" content=\"Ber\u00e4knad l\u00e4stid\" \/>\n\t<meta name=\"twitter:data2\" content=\"5 minuter\" \/>\n<script type=\"application\/ld+json\" class=\"yoast-schema-graph\">{\"@context\":\"https:\/\/schema.org\",\"@graph\":[{\"@type\":\"Article\",\"@id\":\"https:\/\/www.sts-education.com\/se\/high-school\/vara-utbytesstudenter\/studentberattelser\/jenny-valde-att-studera-i-costa-rica\/#article\",\"isPartOf\":{\"@id\":\"https:\/\/www.sts-education.com\/se\/high-school\/vara-utbytesstudenter\/studentberattelser\/jenny-valde-att-studera-i-costa-rica\/\"},\"author\":{\"name\":\"syncreadwrite\",\"@id\":\"https:\/\/www.sts-education.com\/se\/#\/schema\/person\/8b82f3a2e45f020b8f296d7a85d9a97c\"},\"headline\":\"Jenny valde att studera i Costa Rica\",\"datePublished\":\"2023-05-02T10:00:00+00:00\",\"dateModified\":\"2026-04-27T12:28:11+00:00\",\"mainEntityOfPage\":{\"@id\":\"https:\/\/www.sts-education.com\/se\/high-school\/vara-utbytesstudenter\/studentberattelser\/jenny-valde-att-studera-i-costa-rica\/\"},\"wordCount\":1168,\"commentCount\":0,\"image\":{\"@id\":\"https:\/\/www.sts-education.com\/se\/high-school\/vara-utbytesstudenter\/studentberattelser\/jenny-valde-att-studera-i-costa-rica\/#primaryimage\"},\"thumbnailUrl\":\"https:\/\/powered-by.qbank.se\/educatius\/sts\/\/c05556c0b8b22d19da665af35946abf7_1-1-thumb.webp\",\"keywords\":[\"Costa Rica\"],\"articleSection\":[\"Okategoriserad\"],\"inLanguage\":\"sv-SE\",\"potentialAction\":[{\"@type\":\"CommentAction\",\"name\":\"Comment\",\"target\":[\"https:\/\/www.sts-education.com\/se\/high-school\/vara-utbytesstudenter\/studentberattelser\/jenny-valde-att-studera-i-costa-rica\/#respond\"]}]},{\"@type\":\"WebPage\",\"@id\":\"https:\/\/www.sts-education.com\/se\/high-school\/vara-utbytesstudenter\/studentberattelser\/jenny-valde-att-studera-i-costa-rica\/\",\"url\":\"https:\/\/www.sts-education.com\/se\/high-school\/vara-utbytesstudenter\/studentberattelser\/jenny-valde-att-studera-i-costa-rica\/\",\"name\":\"Jenny valde att studera i Costa Rica\",\"isPartOf\":{\"@id\":\"https:\/\/www.sts-education.com\/se\/#website\"},\"primaryImageOfPage\":{\"@id\":\"https:\/\/www.sts-education.com\/se\/high-school\/vara-utbytesstudenter\/studentberattelser\/jenny-valde-att-studera-i-costa-rica\/#primaryimage\"},\"image\":{\"@id\":\"https:\/\/www.sts-education.com\/se\/high-school\/vara-utbytesstudenter\/studentberattelser\/jenny-valde-att-studera-i-costa-rica\/#primaryimage\"},\"thumbnailUrl\":\"https:\/\/powered-by.qbank.se\/educatius\/sts\/\/c05556c0b8b22d19da665af35946abf7_1-1-thumb.webp\",\"datePublished\":\"2023-05-02T10:00:00+00:00\",\"dateModified\":\"2026-04-27T12:28:11+00:00\",\"author\":{\"@id\":\"https:\/\/www.sts-education.com\/se\/#\/schema\/person\/8b82f3a2e45f020b8f296d7a85d9a97c\"},\"description\":\"Jag har alltid velat \u00e5ka p\u00e5 ett utbyte, det b\u00f6rjade n\u00e4r jag var liten. Mina systrar ber\u00e4ttade f\u00f6r mig om sina utbyten och upplevelser n\u00e4r de rest runt i v\u00e4rlden.\",\"breadcrumb\":{\"@id\":\"https:\/\/www.sts-education.com\/se\/high-school\/vara-utbytesstudenter\/studentberattelser\/jenny-valde-att-studera-i-costa-rica\/#breadcrumb\"},\"inLanguage\":\"sv-SE\",\"potentialAction\":[{\"@type\":\"ReadAction\",\"target\":[\"https:\/\/www.sts-education.com\/se\/high-school\/vara-utbytesstudenter\/studentberattelser\/jenny-valde-att-studera-i-costa-rica\/\"]}]},{\"@type\":\"ImageObject\",\"inLanguage\":\"sv-SE\",\"@id\":\"https:\/\/www.sts-education.com\/se\/high-school\/vara-utbytesstudenter\/studentberattelser\/jenny-valde-att-studera-i-costa-rica\/#primaryimage\",\"url\":\"https:\/\/powered-by.qbank.se\/educatius\/sts\/\/c05556c0b8b22d19da665af35946abf7_1-1-thumb.webp\",\"contentUrl\":\"https:\/\/powered-by.qbank.se\/educatius\/sts\/\/c05556c0b8b22d19da665af35946abf7_1-1-thumb.webp\",\"width\":150,\"height\":150},{\"@type\":\"BreadcrumbList\",\"@id\":\"https:\/\/www.sts-education.com\/se\/high-school\/vara-utbytesstudenter\/studentberattelser\/jenny-valde-att-studera-i-costa-rica\/#breadcrumb\",\"itemListElement\":[{\"@type\":\"ListItem\",\"position\":1,\"name\":\"Home\",\"item\":\"https:\/\/www.sts-education.com\/se\/\"},{\"@type\":\"ListItem\",\"position\":2,\"name\":\"Jenny valde att studera i Costa Rica\"}]},{\"@type\":\"WebSite\",\"@id\":\"https:\/\/www.sts-education.com\/se\/#website\",\"url\":\"https:\/\/www.sts-education.com\/se\/\",\"name\":\"STS Education\",\"description\":\"\",\"potentialAction\":[{\"@type\":\"SearchAction\",\"target\":{\"@type\":\"EntryPoint\",\"urlTemplate\":\"https:\/\/www.sts-education.com\/se\/?s={search_term_string}\"},\"query-input\":{\"@type\":\"PropertyValueSpecification\",\"valueRequired\":true,\"valueName\":\"search_term_string\"}}],\"inLanguage\":\"sv-SE\"},{\"@type\":\"Person\",\"@id\":\"https:\/\/www.sts-education.com\/se\/#\/schema\/person\/8b82f3a2e45f020b8f296d7a85d9a97c\",\"name\":\"syncreadwrite\",\"image\":{\"@type\":\"ImageObject\",\"inLanguage\":\"sv-SE\",\"@id\":\"https:\/\/secure.gravatar.com\/avatar\/6ed1007e4f6f43f22e3df41d9fce4365533cba47fef64bb359b8e629abbc2ea6?s=96&d=mm&r=g\",\"url\":\"https:\/\/secure.gravatar.com\/avatar\/6ed1007e4f6f43f22e3df41d9fce4365533cba47fef64bb359b8e629abbc2ea6?s=96&d=mm&r=g\",\"contentUrl\":\"https:\/\/secure.gravatar.com\/avatar\/6ed1007e4f6f43f22e3df41d9fce4365533cba47fef64bb359b8e629abbc2ea6?s=96&d=mm&r=g\",\"caption\":\"syncreadwrite\"},\"url\":\"https:\/\/www.sts-education.com\/se\/author\/syncreadwrite\/\"}]}<\/script>\n<!-- \/ Yoast SEO Premium plugin. -->","yoast_head_json":{"title":"Jenny valde att studera i Costa Rica","description":"Jag har alltid velat \u00e5ka p\u00e5 ett utbyte, det b\u00f6rjade n\u00e4r jag var liten. Mina systrar ber\u00e4ttade f\u00f6r mig om sina utbyten och upplevelser n\u00e4r de rest runt i v\u00e4rlden.","robots":{"index":"index","follow":"follow","max-snippet":"max-snippet:-1","max-image-preview":"max-image-preview:large","max-video-preview":"max-video-preview:-1"},"canonical":"https:\/\/www.sts-education.com\/se\/high-school\/vara-utbytesstudenter\/studentberattelser\/jenny-valde-att-studera-i-costa-rica\/","og_locale":"sv_SE","og_type":"article","og_title":"Jenny valde att studera i Costa Rica","og_description":"Jag har alltid velat \u00e5ka p\u00e5 ett utbyte, det b\u00f6rjade n\u00e4r jag var liten. Mina systrar ber\u00e4ttade f\u00f6r mig om sina utbyten och upplevelser n\u00e4r de rest runt i v\u00e4rlden.","og_url":"https:\/\/www.sts-education.com\/se\/high-school\/vara-utbytesstudenter\/studentberattelser\/jenny-valde-att-studera-i-costa-rica\/","og_site_name":"STS Education","article_published_time":"2023-05-02T10:00:00+00:00","article_modified_time":"2026-04-27T12:28:11+00:00","og_image":[{"width":150,"height":150,"url":"https:\/\/powered-by.qbank.se\/educatius\/sts\/\/c05556c0b8b22d19da665af35946abf7_1-1-thumb.webp","type":"image\/jpeg"}],"author":"syncreadwrite","twitter_card":"summary_large_image","twitter_misc":{"Skriven av":"syncreadwrite","Ber\u00e4knad l\u00e4stid":"5 minuter"},"schema":{"@context":"https:\/\/schema.org","@graph":[{"@type":"Article","@id":"https:\/\/www.sts-education.com\/se\/high-school\/vara-utbytesstudenter\/studentberattelser\/jenny-valde-att-studera-i-costa-rica\/#article","isPartOf":{"@id":"https:\/\/www.sts-education.com\/se\/high-school\/vara-utbytesstudenter\/studentberattelser\/jenny-valde-att-studera-i-costa-rica\/"},"author":{"name":"syncreadwrite","@id":"https:\/\/www.sts-education.com\/se\/#\/schema\/person\/8b82f3a2e45f020b8f296d7a85d9a97c"},"headline":"Jenny valde att studera i Costa Rica","datePublished":"2023-05-02T10:00:00+00:00","dateModified":"2026-04-27T12:28:11+00:00","mainEntityOfPage":{"@id":"https:\/\/www.sts-education.com\/se\/high-school\/vara-utbytesstudenter\/studentberattelser\/jenny-valde-att-studera-i-costa-rica\/"},"wordCount":1168,"commentCount":0,"image":{"@id":"https:\/\/www.sts-education.com\/se\/high-school\/vara-utbytesstudenter\/studentberattelser\/jenny-valde-att-studera-i-costa-rica\/#primaryimage"},"thumbnailUrl":"https:\/\/powered-by.qbank.se\/educatius\/sts\/\/c05556c0b8b22d19da665af35946abf7_1-1-thumb.webp","keywords":["Costa Rica"],"articleSection":["Okategoriserad"],"inLanguage":"sv-SE","potentialAction":[{"@type":"CommentAction","name":"Comment","target":["https:\/\/www.sts-education.com\/se\/high-school\/vara-utbytesstudenter\/studentberattelser\/jenny-valde-att-studera-i-costa-rica\/#respond"]}]},{"@type":"WebPage","@id":"https:\/\/www.sts-education.com\/se\/high-school\/vara-utbytesstudenter\/studentberattelser\/jenny-valde-att-studera-i-costa-rica\/","url":"https:\/\/www.sts-education.com\/se\/high-school\/vara-utbytesstudenter\/studentberattelser\/jenny-valde-att-studera-i-costa-rica\/","name":"Jenny valde att studera i Costa Rica","isPartOf":{"@id":"https:\/\/www.sts-education.com\/se\/#website"},"primaryImageOfPage":{"@id":"https:\/\/www.sts-education.com\/se\/high-school\/vara-utbytesstudenter\/studentberattelser\/jenny-valde-att-studera-i-costa-rica\/#primaryimage"},"image":{"@id":"https:\/\/www.sts-education.com\/se\/high-school\/vara-utbytesstudenter\/studentberattelser\/jenny-valde-att-studera-i-costa-rica\/#primaryimage"},"thumbnailUrl":"https:\/\/powered-by.qbank.se\/educatius\/sts\/\/c05556c0b8b22d19da665af35946abf7_1-1-thumb.webp","datePublished":"2023-05-02T10:00:00+00:00","dateModified":"2026-04-27T12:28:11+00:00","author":{"@id":"https:\/\/www.sts-education.com\/se\/#\/schema\/person\/8b82f3a2e45f020b8f296d7a85d9a97c"},"description":"Jag har alltid velat \u00e5ka p\u00e5 ett utbyte, det b\u00f6rjade n\u00e4r jag var liten. Mina systrar ber\u00e4ttade f\u00f6r mig om sina utbyten och upplevelser n\u00e4r de rest runt i v\u00e4rlden.","breadcrumb":{"@id":"https:\/\/www.sts-education.com\/se\/high-school\/vara-utbytesstudenter\/studentberattelser\/jenny-valde-att-studera-i-costa-rica\/#breadcrumb"},"inLanguage":"sv-SE","potentialAction":[{"@type":"ReadAction","target":["https:\/\/www.sts-education.com\/se\/high-school\/vara-utbytesstudenter\/studentberattelser\/jenny-valde-att-studera-i-costa-rica\/"]}]},{"@type":"ImageObject","inLanguage":"sv-SE","@id":"https:\/\/www.sts-education.com\/se\/high-school\/vara-utbytesstudenter\/studentberattelser\/jenny-valde-att-studera-i-costa-rica\/#primaryimage","url":"https:\/\/powered-by.qbank.se\/educatius\/sts\/\/c05556c0b8b22d19da665af35946abf7_1-1-thumb.webp","contentUrl":"https:\/\/powered-by.qbank.se\/educatius\/sts\/\/c05556c0b8b22d19da665af35946abf7_1-1-thumb.webp","width":150,"height":150},{"@type":"BreadcrumbList","@id":"https:\/\/www.sts-education.com\/se\/high-school\/vara-utbytesstudenter\/studentberattelser\/jenny-valde-att-studera-i-costa-rica\/#breadcrumb","itemListElement":[{"@type":"ListItem","position":1,"name":"Home","item":"https:\/\/www.sts-education.com\/se\/"},{"@type":"ListItem","position":2,"name":"Jenny valde att studera i Costa Rica"}]},{"@type":"WebSite","@id":"https:\/\/www.sts-education.com\/se\/#website","url":"https:\/\/www.sts-education.com\/se\/","name":"STS Education","description":"","potentialAction":[{"@type":"SearchAction","target":{"@type":"EntryPoint","urlTemplate":"https:\/\/www.sts-education.com\/se\/?s={search_term_string}"},"query-input":{"@type":"PropertyValueSpecification","valueRequired":true,"valueName":"search_term_string"}}],"inLanguage":"sv-SE"},{"@type":"Person","@id":"https:\/\/www.sts-education.com\/se\/#\/schema\/person\/8b82f3a2e45f020b8f296d7a85d9a97c","name":"syncreadwrite","image":{"@type":"ImageObject","inLanguage":"sv-SE","@id":"https:\/\/secure.gravatar.com\/avatar\/6ed1007e4f6f43f22e3df41d9fce4365533cba47fef64bb359b8e629abbc2ea6?s=96&d=mm&r=g","url":"https:\/\/secure.gravatar.com\/avatar\/6ed1007e4f6f43f22e3df41d9fce4365533cba47fef64bb359b8e629abbc2ea6?s=96&d=mm&r=g","contentUrl":"https:\/\/secure.gravatar.com\/avatar\/6ed1007e4f6f43f22e3df41d9fce4365533cba47fef64bb359b8e629abbc2ea6?s=96&d=mm&r=g","caption":"syncreadwrite"},"url":"https:\/\/www.sts-education.com\/se\/author\/syncreadwrite\/"}]}},"_links":{"self":[{"href":"https:\/\/www.sts-education.com\/se\/wp-json\/wp\/v2\/posts\/11242","targetHints":{"allow":["GET"]}}],"collection":[{"href":"https:\/\/www.sts-education.com\/se\/wp-json\/wp\/v2\/posts"}],"about":[{"href":"https:\/\/www.sts-education.com\/se\/wp-json\/wp\/v2\/types\/post"}],"author":[{"embeddable":true,"href":"https:\/\/www.sts-education.com\/se\/wp-json\/wp\/v2\/users\/20"}],"replies":[{"embeddable":true,"href":"https:\/\/www.sts-education.com\/se\/wp-json\/wp\/v2\/comments?post=11242"}],"version-history":[{"count":6,"href":"https:\/\/www.sts-education.com\/se\/wp-json\/wp\/v2\/posts\/11242\/revisions"}],"predecessor-version":[{"id":41911,"href":"https:\/\/www.sts-education.com\/se\/wp-json\/wp\/v2\/posts\/11242\/revisions\/41911"}],"wp:featuredmedia":[{"embeddable":true,"href":"https:\/\/www.sts-education.com\/se\/wp-json\/wp\/v2\/media\/14634"}],"wp:attachment":[{"href":"https:\/\/www.sts-education.com\/se\/wp-json\/wp\/v2\/media?parent=11242"}],"wp:term":[{"taxonomy":"category","embeddable":true,"href":"https:\/\/www.sts-education.com\/se\/wp-json\/wp\/v2\/categories?post=11242"},{"taxonomy":"post_tag","embeddable":true,"href":"https:\/\/www.sts-education.com\/se\/wp-json\/wp\/v2\/tags?post=11242"},{"taxonomy":"wpw_post_folders","embeddable":true,"href":"https:\/\/www.sts-education.com\/se\/wp-json\/wp\/v2\/wpw_post_folders?post=11242"}],"curies":[{"name":"wp","href":"https:\/\/api.w.org\/{rel}","templated":true}]}}