{"id":11244,"date":"2023-04-26T10:00:00","date_gmt":"2023-04-26T10:00:00","guid":{"rendered":"https:\/\/preprod.sts-education.com\/blog\/2026\/03\/05\/eliza-akte-pa-utbyte-till-sverige\/"},"modified":"2026-04-27T12:30:10","modified_gmt":"2026-04-27T12:30:10","slug":"eliza-akte-pa-utbyte-till-sverige","status":"publish","type":"post","link":"https:\/\/www.sts-education.com\/se\/high-school\/vara-utbytesstudenter\/studentberattelser\/eliza-akte-pa-utbyte-till-sverige\/","title":{"rendered":"Eliza \u00e5kte p\u00e5 utbyte till Sverige"},"content":{"rendered":"\n<div class=\"wp-block-sts-text sts-text-editor has-max-width-md\"><div class=\"sts-text-editor__content\"><div class=\"sts-text-editor__content-inner\">\n<h1 style=\"text-align:center\">Eliza \u00e5kte p\u00e5 utbyte till Sverige<\/h1>\n<\/div><\/div><\/div>\n\n\n\n<div class=\"wp-block-sts-text sts-text-editor has-max-width-md\"><div class=\"sts-text-editor__content\"><div class=\"sts-text-editor__content-inner\">\n<p><em>Eliza fr\u00e5n Nederl\u00e4nderna var p\u00e5 utbyte i Sverige.<\/em><\/p>\n<h2>Varf\u00f6r \u00e5kte du p\u00e5 utbyte?<\/h2>\n<p>Jag ville ha en egen upplevelse, l\u00e5ngt borta fr\u00e5n allt det som jag tyckte var normalt hemma. Jag ville l\u00e4ra mig om nya saker och kulturer.<\/p>\n<h2>Hur var det att bo hos en v\u00e4rdfamilj?<\/h2>\n<p>Min v\u00e4rdfamilj var fantastisk, vi klickade fr\u00e5n f\u00f6rsta b\u00f6rjan och de tog med mig p\u00e5 s\u00e5 m\u00e5nga \u00e4ventyr.<\/p>\n<h2>Var det sv\u00e5rt eller l\u00e4tt att f\u00e5 nya v\u00e4nner?<\/h2>\n<p>Det tog lite l\u00e4ngre tid att f\u00e5 svenskarna att \u00f6ppna sig, men n\u00e4r de v\u00e4l g\u00f6r det \u00e4r de de trevligaste m\u00e4nniskorna du n\u00e5gonsin kommer att tr\u00e4ffa.<\/p>\n<h2>Vad l\u00e4rde du dig under din tid utomlands?<\/h2>\n<p>Jag l\u00e4rde mig att prata svenska och jag l\u00e4rde mig om de svenska och samiska kulturerna. Det viktigaste jag l\u00e4rde mig var att bli mer sj\u00e4lvst\u00e4ndig och sj\u00e4lvs\u00e4ker.<\/p>\n<h2>Vad var det b\u00e4sta med ditt utbyte?<\/h2>\n<p>Jag skulle s\u00e4ga att det b\u00e4sta med mitt utbytes\u00e5r var att jag fick l\u00e4ra k\u00e4nna s\u00e5 m\u00e5nga andra utbytesstudenter under de helgaktiviteter som STS anordnade. Jag tr\u00e4ffade m\u00e4nniskor i tv\u00e5 dagar och de k\u00e4ndes som mina b\u00e4sta v\u00e4nner.<\/p>\n<h2>Ditt b\u00e4sta minne?<\/h2>\n<p>Mitt b\u00e4sta minne \u00e4r n\u00e4r en f\u00f6re detta utbytesstudent, som min v\u00e4rdfamilj varit v\u00e4rd f\u00f6r, och hennes familj kom p\u00e5 bes\u00f6k under p\u00e5sklovet. Vi tillbringade en natt i en av min v\u00e4rdfamiljs stugor och \u00e5kte p\u00e5 en liten resa till Norge.<\/p>\n<h2>Kan du rekommendera att \u00e5ka p\u00e5 ett utbyte?<\/h2>\n<p>Ja, det \u00e4r ett bra s\u00e4tt att bli mer sj\u00e4lvst\u00e4ndig, l\u00e4ra sig om olika m\u00e4nniskor och kulturer, l\u00e4ra sig ett nytt spr\u00e5k och se v\u00e4rlden i ett annat ljus \u00e4n vad du \u00e4r van vid hemma.<\/p>\n<h2>Kan du rekommendera att \u00e5ka till Sverige?<\/h2>\n<p>Ja, jag skulle rekommendera alla som vill l\u00e4ra sig ett nytt spr\u00e5k och en ny kultur och som gillar lite kallt v\u00e4der att \u00e5ka. De l\u00e5nga vintrarna kan vara ganska utmanande, men alla sn\u00f6aktiviteter vi gjorde under helgerna och norrskenet h\u00f6ll mig motiverad och glad.<\/p>\n<h2>Varf\u00f6r valde du att \u00e5ka med STS?<\/h2>\n<p>Jag valde STS eftersom jag fick en bra k\u00e4nsla n\u00e4r jag pratade med dem. De f\u00f6rklarade saker v\u00e4ldigt bra, var v\u00e4ldigt \u00f6ppna f\u00f6r att informera mig om utbytes\u00e5ret och hj\u00e4lpte mig genom ans\u00f6kningsprocessen. De var alltid snabba med att l\u00f6sa eventuella problem som uppstod och gjorde att mitt utbyte gick v\u00e4ldigt smidigt. Jag \u00e4r v\u00e4ldigt glad att jag valde STS.<\/p>\n<h2>Vad har du f\u00f6r planer f\u00f6r framtiden?<\/h2>\n<p>Jag funderar nu p\u00e5 att studera utomlands p\u00e5 ett universitet, kanske i Sverige. Mitt utbytes\u00e5r har p\u00e5verkat min framtid mycket, innan mitt utbyte skulle jag aldrig ha \u00f6verv\u00e4gt att studera utomlands p\u00e5 ett universitet, men mitt utbytes\u00e5r gav mig sj\u00e4lvf\u00f6rtroendet att g\u00f6ra detta.<\/p>\n<h2>N\u00e5gra tips till framtida utbytesstudenter?<\/h2>\n<ol><li>B\u00f6rja prata spr\u00e5ket s\u00e5 snart som m\u00f6jligt. Det \u00e4r s\u00e5 roligt och det \u00e4r mycket l\u00e4ttare att l\u00e4ra sig n\u00e4r man pratar!<\/li>\n<li>Ta varje chans du f\u00e5r att prova nya saker. V\u00e4lj ett \u00e4mne i skolan som du inte skulle kunna v\u00e4lja hemma, g\u00e5 med i en klubb, prova nya sporter och aktiviteter. Du f\u00e5r bara den h\u00e4r chansen en g\u00e5ng i livet.<\/li>\n<li>Ett mattips: \u00e4t s\u00e5 mycket &quot;k\u00f6ttbullar med lingonsylt&quot; som du bara kan!<\/li><\/ol>\n<h2>Vill du veta mer?<\/h2>\n<ul><li>L\u00e4s fler <a href=\"https:\/\/www.sts-education.com\/se\/high-school\/vara-utbytesstudenter\/studentberattelser\/?hashtag=Sverige\">studentber\u00e4ttelser fr\u00e5n Sverige<\/a><\/li>\n<li>Se alla v\u00e5ra <a href=\"\/se\/high-school\/tripfinder\/\">utbytesdestinationer f\u00f6r high school<\/a><\/li><\/ul>\n<\/div><\/div><\/div>\n","protected":false},"excerpt":{"rendered":"","protected":false},"author":20,"featured_media":14638,"comment_status":"open","ping_status":"open","sticky":false,"template":"","format":"standard","meta":{"_acf_changed":false,"_yoast_wpseo_title":"Eliza \u00e5kte p\u00e5 utbyte till Sverige","_yoast_wpseo_metadesc":"Jag ville ha en egen upplevelse, l\u00e5ngt borta fr\u00e5n allt det som jag tyckte var normalt hemma. Jag ville l\u00e4ra mig om nya saker och kulturer.","footnotes":""},"categories":[326],"tags":[1047],"wpw_post_folders":[],"class_list":["post-11244","post","type-post","status-publish","format-standard","has-post-thumbnail","hentry","category-okategoriserad","tag-sverige"],"acf":[],"yoast_head":"<!-- This site is optimized with the Yoast SEO Premium plugin v27.2 (Yoast SEO v27.2) - https:\/\/yoast.com\/product\/yoast-seo-premium-wordpress\/ -->\n<title>Eliza \u00e5kte p\u00e5 utbyte till Sverige<\/title>\n<meta name=\"description\" content=\"Jag ville ha en egen upplevelse, l\u00e5ngt borta fr\u00e5n allt det som jag tyckte var normalt hemma. Jag ville l\u00e4ra mig om nya saker och kulturer.\" \/>\n<meta name=\"robots\" content=\"index, follow, max-snippet:-1, max-image-preview:large, max-video-preview:-1\" \/>\n<link rel=\"canonical\" href=\"https:\/\/www.sts-education.com\/se\/high-school\/vara-utbytesstudenter\/studentberattelser\/eliza-akte-pa-utbyte-till-sverige\/\" \/>\n<meta property=\"og:locale\" content=\"sv_SE\" \/>\n<meta property=\"og:type\" content=\"article\" \/>\n<meta property=\"og:title\" content=\"Eliza \u00e5kte p\u00e5 utbyte till Sverige\" \/>\n<meta property=\"og:description\" content=\"Jag ville ha en egen upplevelse, l\u00e5ngt borta fr\u00e5n allt det som jag tyckte var normalt hemma. Jag ville l\u00e4ra mig om nya saker och kulturer.\" \/>\n<meta property=\"og:url\" content=\"https:\/\/www.sts-education.com\/se\/high-school\/vara-utbytesstudenter\/studentberattelser\/eliza-akte-pa-utbyte-till-sverige\/\" \/>\n<meta property=\"og:site_name\" content=\"STS Education\" \/>\n<meta property=\"article:published_time\" content=\"2023-04-26T10:00:00+00:00\" \/>\n<meta property=\"article:modified_time\" content=\"2026-04-27T12:30:10+00:00\" \/>\n<meta property=\"og:image\" content=\"https:\/\/powered-by.qbank.se\/educatius\/sts\/\/03f297d7a2bf59726aeee7116dff5ffd_1-1-thumb.webp\" \/>\n\t<meta property=\"og:image:width\" content=\"150\" \/>\n\t<meta property=\"og:image:height\" content=\"150\" \/>\n\t<meta property=\"og:image:type\" content=\"image\/jpeg\" \/>\n<meta name=\"author\" content=\"syncreadwrite\" \/>\n<meta name=\"twitter:card\" content=\"summary_large_image\" \/>\n<meta name=\"twitter:label1\" content=\"Skriven av\" \/>\n\t<meta name=\"twitter:data1\" content=\"syncreadwrite\" \/>\n\t<meta name=\"twitter:label2\" content=\"Ber\u00e4knad l\u00e4stid\" \/>\n\t<meta name=\"twitter:data2\" content=\"3 minuter\" \/>\n<script type=\"application\/ld+json\" class=\"yoast-schema-graph\">{\"@context\":\"https:\/\/schema.org\",\"@graph\":[{\"@type\":\"Article\",\"@id\":\"https:\/\/www.sts-education.com\/se\/high-school\/vara-utbytesstudenter\/studentberattelser\/eliza-akte-pa-utbyte-till-sverige\/#article\",\"isPartOf\":{\"@id\":\"https:\/\/www.sts-education.com\/se\/high-school\/vara-utbytesstudenter\/studentberattelser\/eliza-akte-pa-utbyte-till-sverige\/\"},\"author\":{\"name\":\"syncreadwrite\",\"@id\":\"https:\/\/www.sts-education.com\/se\/#\/schema\/person\/8b82f3a2e45f020b8f296d7a85d9a97c\"},\"headline\":\"Eliza \u00e5kte p\u00e5 utbyte till Sverige\",\"datePublished\":\"2023-04-26T10:00:00+00:00\",\"dateModified\":\"2026-04-27T12:30:10+00:00\",\"mainEntityOfPage\":{\"@id\":\"https:\/\/www.sts-education.com\/se\/high-school\/vara-utbytesstudenter\/studentberattelser\/eliza-akte-pa-utbyte-till-sverige\/\"},\"wordCount\":656,\"commentCount\":0,\"image\":{\"@id\":\"https:\/\/www.sts-education.com\/se\/high-school\/vara-utbytesstudenter\/studentberattelser\/eliza-akte-pa-utbyte-till-sverige\/#primaryimage\"},\"thumbnailUrl\":\"https:\/\/powered-by.qbank.se\/educatius\/sts\/\/03f297d7a2bf59726aeee7116dff5ffd_1-1-thumb.webp\",\"keywords\":[\"Sverige\"],\"articleSection\":[\"Okategoriserad\"],\"inLanguage\":\"sv-SE\",\"potentialAction\":[{\"@type\":\"CommentAction\",\"name\":\"Comment\",\"target\":[\"https:\/\/www.sts-education.com\/se\/high-school\/vara-utbytesstudenter\/studentberattelser\/eliza-akte-pa-utbyte-till-sverige\/#respond\"]}]},{\"@type\":\"WebPage\",\"@id\":\"https:\/\/www.sts-education.com\/se\/high-school\/vara-utbytesstudenter\/studentberattelser\/eliza-akte-pa-utbyte-till-sverige\/\",\"url\":\"https:\/\/www.sts-education.com\/se\/high-school\/vara-utbytesstudenter\/studentberattelser\/eliza-akte-pa-utbyte-till-sverige\/\",\"name\":\"Eliza \u00e5kte p\u00e5 utbyte till Sverige\",\"isPartOf\":{\"@id\":\"https:\/\/www.sts-education.com\/se\/#website\"},\"primaryImageOfPage\":{\"@id\":\"https:\/\/www.sts-education.com\/se\/high-school\/vara-utbytesstudenter\/studentberattelser\/eliza-akte-pa-utbyte-till-sverige\/#primaryimage\"},\"image\":{\"@id\":\"https:\/\/www.sts-education.com\/se\/high-school\/vara-utbytesstudenter\/studentberattelser\/eliza-akte-pa-utbyte-till-sverige\/#primaryimage\"},\"thumbnailUrl\":\"https:\/\/powered-by.qbank.se\/educatius\/sts\/\/03f297d7a2bf59726aeee7116dff5ffd_1-1-thumb.webp\",\"datePublished\":\"2023-04-26T10:00:00+00:00\",\"dateModified\":\"2026-04-27T12:30:10+00:00\",\"author\":{\"@id\":\"https:\/\/www.sts-education.com\/se\/#\/schema\/person\/8b82f3a2e45f020b8f296d7a85d9a97c\"},\"description\":\"Jag ville ha en egen upplevelse, l\u00e5ngt borta fr\u00e5n allt det som jag tyckte var normalt hemma. Jag ville l\u00e4ra mig om nya saker och kulturer.\",\"breadcrumb\":{\"@id\":\"https:\/\/www.sts-education.com\/se\/high-school\/vara-utbytesstudenter\/studentberattelser\/eliza-akte-pa-utbyte-till-sverige\/#breadcrumb\"},\"inLanguage\":\"sv-SE\",\"potentialAction\":[{\"@type\":\"ReadAction\",\"target\":[\"https:\/\/www.sts-education.com\/se\/high-school\/vara-utbytesstudenter\/studentberattelser\/eliza-akte-pa-utbyte-till-sverige\/\"]}]},{\"@type\":\"ImageObject\",\"inLanguage\":\"sv-SE\",\"@id\":\"https:\/\/www.sts-education.com\/se\/high-school\/vara-utbytesstudenter\/studentberattelser\/eliza-akte-pa-utbyte-till-sverige\/#primaryimage\",\"url\":\"https:\/\/powered-by.qbank.se\/educatius\/sts\/\/03f297d7a2bf59726aeee7116dff5ffd_1-1-thumb.webp\",\"contentUrl\":\"https:\/\/powered-by.qbank.se\/educatius\/sts\/\/03f297d7a2bf59726aeee7116dff5ffd_1-1-thumb.webp\",\"width\":150,\"height\":150},{\"@type\":\"BreadcrumbList\",\"@id\":\"https:\/\/www.sts-education.com\/se\/high-school\/vara-utbytesstudenter\/studentberattelser\/eliza-akte-pa-utbyte-till-sverige\/#breadcrumb\",\"itemListElement\":[{\"@type\":\"ListItem\",\"position\":1,\"name\":\"Home\",\"item\":\"https:\/\/www.sts-education.com\/se\/\"},{\"@type\":\"ListItem\",\"position\":2,\"name\":\"Eliza \u00e5kte p\u00e5 utbyte till Sverige\"}]},{\"@type\":\"WebSite\",\"@id\":\"https:\/\/www.sts-education.com\/se\/#website\",\"url\":\"https:\/\/www.sts-education.com\/se\/\",\"name\":\"STS Education\",\"description\":\"\",\"potentialAction\":[{\"@type\":\"SearchAction\",\"target\":{\"@type\":\"EntryPoint\",\"urlTemplate\":\"https:\/\/www.sts-education.com\/se\/?s={search_term_string}\"},\"query-input\":{\"@type\":\"PropertyValueSpecification\",\"valueRequired\":true,\"valueName\":\"search_term_string\"}}],\"inLanguage\":\"sv-SE\"},{\"@type\":\"Person\",\"@id\":\"https:\/\/www.sts-education.com\/se\/#\/schema\/person\/8b82f3a2e45f020b8f296d7a85d9a97c\",\"name\":\"syncreadwrite\",\"image\":{\"@type\":\"ImageObject\",\"inLanguage\":\"sv-SE\",\"@id\":\"https:\/\/secure.gravatar.com\/avatar\/6ed1007e4f6f43f22e3df41d9fce4365533cba47fef64bb359b8e629abbc2ea6?s=96&d=mm&r=g\",\"url\":\"https:\/\/secure.gravatar.com\/avatar\/6ed1007e4f6f43f22e3df41d9fce4365533cba47fef64bb359b8e629abbc2ea6?s=96&d=mm&r=g\",\"contentUrl\":\"https:\/\/secure.gravatar.com\/avatar\/6ed1007e4f6f43f22e3df41d9fce4365533cba47fef64bb359b8e629abbc2ea6?s=96&d=mm&r=g\",\"caption\":\"syncreadwrite\"},\"url\":\"https:\/\/www.sts-education.com\/se\/author\/syncreadwrite\/\"}]}<\/script>\n<!-- \/ Yoast SEO Premium plugin. -->","yoast_head_json":{"title":"Eliza \u00e5kte p\u00e5 utbyte till Sverige","description":"Jag ville ha en egen upplevelse, l\u00e5ngt borta fr\u00e5n allt det som jag tyckte var normalt hemma. Jag ville l\u00e4ra mig om nya saker och kulturer.","robots":{"index":"index","follow":"follow","max-snippet":"max-snippet:-1","max-image-preview":"max-image-preview:large","max-video-preview":"max-video-preview:-1"},"canonical":"https:\/\/www.sts-education.com\/se\/high-school\/vara-utbytesstudenter\/studentberattelser\/eliza-akte-pa-utbyte-till-sverige\/","og_locale":"sv_SE","og_type":"article","og_title":"Eliza \u00e5kte p\u00e5 utbyte till Sverige","og_description":"Jag ville ha en egen upplevelse, l\u00e5ngt borta fr\u00e5n allt det som jag tyckte var normalt hemma. Jag ville l\u00e4ra mig om nya saker och kulturer.","og_url":"https:\/\/www.sts-education.com\/se\/high-school\/vara-utbytesstudenter\/studentberattelser\/eliza-akte-pa-utbyte-till-sverige\/","og_site_name":"STS Education","article_published_time":"2023-04-26T10:00:00+00:00","article_modified_time":"2026-04-27T12:30:10+00:00","og_image":[{"width":150,"height":150,"url":"https:\/\/powered-by.qbank.se\/educatius\/sts\/\/03f297d7a2bf59726aeee7116dff5ffd_1-1-thumb.webp","type":"image\/jpeg"}],"author":"syncreadwrite","twitter_card":"summary_large_image","twitter_misc":{"Skriven av":"syncreadwrite","Ber\u00e4knad l\u00e4stid":"3 minuter"},"schema":{"@context":"https:\/\/schema.org","@graph":[{"@type":"Article","@id":"https:\/\/www.sts-education.com\/se\/high-school\/vara-utbytesstudenter\/studentberattelser\/eliza-akte-pa-utbyte-till-sverige\/#article","isPartOf":{"@id":"https:\/\/www.sts-education.com\/se\/high-school\/vara-utbytesstudenter\/studentberattelser\/eliza-akte-pa-utbyte-till-sverige\/"},"author":{"name":"syncreadwrite","@id":"https:\/\/www.sts-education.com\/se\/#\/schema\/person\/8b82f3a2e45f020b8f296d7a85d9a97c"},"headline":"Eliza \u00e5kte p\u00e5 utbyte till Sverige","datePublished":"2023-04-26T10:00:00+00:00","dateModified":"2026-04-27T12:30:10+00:00","mainEntityOfPage":{"@id":"https:\/\/www.sts-education.com\/se\/high-school\/vara-utbytesstudenter\/studentberattelser\/eliza-akte-pa-utbyte-till-sverige\/"},"wordCount":656,"commentCount":0,"image":{"@id":"https:\/\/www.sts-education.com\/se\/high-school\/vara-utbytesstudenter\/studentberattelser\/eliza-akte-pa-utbyte-till-sverige\/#primaryimage"},"thumbnailUrl":"https:\/\/powered-by.qbank.se\/educatius\/sts\/\/03f297d7a2bf59726aeee7116dff5ffd_1-1-thumb.webp","keywords":["Sverige"],"articleSection":["Okategoriserad"],"inLanguage":"sv-SE","potentialAction":[{"@type":"CommentAction","name":"Comment","target":["https:\/\/www.sts-education.com\/se\/high-school\/vara-utbytesstudenter\/studentberattelser\/eliza-akte-pa-utbyte-till-sverige\/#respond"]}]},{"@type":"WebPage","@id":"https:\/\/www.sts-education.com\/se\/high-school\/vara-utbytesstudenter\/studentberattelser\/eliza-akte-pa-utbyte-till-sverige\/","url":"https:\/\/www.sts-education.com\/se\/high-school\/vara-utbytesstudenter\/studentberattelser\/eliza-akte-pa-utbyte-till-sverige\/","name":"Eliza \u00e5kte p\u00e5 utbyte till Sverige","isPartOf":{"@id":"https:\/\/www.sts-education.com\/se\/#website"},"primaryImageOfPage":{"@id":"https:\/\/www.sts-education.com\/se\/high-school\/vara-utbytesstudenter\/studentberattelser\/eliza-akte-pa-utbyte-till-sverige\/#primaryimage"},"image":{"@id":"https:\/\/www.sts-education.com\/se\/high-school\/vara-utbytesstudenter\/studentberattelser\/eliza-akte-pa-utbyte-till-sverige\/#primaryimage"},"thumbnailUrl":"https:\/\/powered-by.qbank.se\/educatius\/sts\/\/03f297d7a2bf59726aeee7116dff5ffd_1-1-thumb.webp","datePublished":"2023-04-26T10:00:00+00:00","dateModified":"2026-04-27T12:30:10+00:00","author":{"@id":"https:\/\/www.sts-education.com\/se\/#\/schema\/person\/8b82f3a2e45f020b8f296d7a85d9a97c"},"description":"Jag ville ha en egen upplevelse, l\u00e5ngt borta fr\u00e5n allt det som jag tyckte var normalt hemma. Jag ville l\u00e4ra mig om nya saker och kulturer.","breadcrumb":{"@id":"https:\/\/www.sts-education.com\/se\/high-school\/vara-utbytesstudenter\/studentberattelser\/eliza-akte-pa-utbyte-till-sverige\/#breadcrumb"},"inLanguage":"sv-SE","potentialAction":[{"@type":"ReadAction","target":["https:\/\/www.sts-education.com\/se\/high-school\/vara-utbytesstudenter\/studentberattelser\/eliza-akte-pa-utbyte-till-sverige\/"]}]},{"@type":"ImageObject","inLanguage":"sv-SE","@id":"https:\/\/www.sts-education.com\/se\/high-school\/vara-utbytesstudenter\/studentberattelser\/eliza-akte-pa-utbyte-till-sverige\/#primaryimage","url":"https:\/\/powered-by.qbank.se\/educatius\/sts\/\/03f297d7a2bf59726aeee7116dff5ffd_1-1-thumb.webp","contentUrl":"https:\/\/powered-by.qbank.se\/educatius\/sts\/\/03f297d7a2bf59726aeee7116dff5ffd_1-1-thumb.webp","width":150,"height":150},{"@type":"BreadcrumbList","@id":"https:\/\/www.sts-education.com\/se\/high-school\/vara-utbytesstudenter\/studentberattelser\/eliza-akte-pa-utbyte-till-sverige\/#breadcrumb","itemListElement":[{"@type":"ListItem","position":1,"name":"Home","item":"https:\/\/www.sts-education.com\/se\/"},{"@type":"ListItem","position":2,"name":"Eliza \u00e5kte p\u00e5 utbyte till Sverige"}]},{"@type":"WebSite","@id":"https:\/\/www.sts-education.com\/se\/#website","url":"https:\/\/www.sts-education.com\/se\/","name":"STS Education","description":"","potentialAction":[{"@type":"SearchAction","target":{"@type":"EntryPoint","urlTemplate":"https:\/\/www.sts-education.com\/se\/?s={search_term_string}"},"query-input":{"@type":"PropertyValueSpecification","valueRequired":true,"valueName":"search_term_string"}}],"inLanguage":"sv-SE"},{"@type":"Person","@id":"https:\/\/www.sts-education.com\/se\/#\/schema\/person\/8b82f3a2e45f020b8f296d7a85d9a97c","name":"syncreadwrite","image":{"@type":"ImageObject","inLanguage":"sv-SE","@id":"https:\/\/secure.gravatar.com\/avatar\/6ed1007e4f6f43f22e3df41d9fce4365533cba47fef64bb359b8e629abbc2ea6?s=96&d=mm&r=g","url":"https:\/\/secure.gravatar.com\/avatar\/6ed1007e4f6f43f22e3df41d9fce4365533cba47fef64bb359b8e629abbc2ea6?s=96&d=mm&r=g","contentUrl":"https:\/\/secure.gravatar.com\/avatar\/6ed1007e4f6f43f22e3df41d9fce4365533cba47fef64bb359b8e629abbc2ea6?s=96&d=mm&r=g","caption":"syncreadwrite"},"url":"https:\/\/www.sts-education.com\/se\/author\/syncreadwrite\/"}]}},"_links":{"self":[{"href":"https:\/\/www.sts-education.com\/se\/wp-json\/wp\/v2\/posts\/11244","targetHints":{"allow":["GET"]}}],"collection":[{"href":"https:\/\/www.sts-education.com\/se\/wp-json\/wp\/v2\/posts"}],"about":[{"href":"https:\/\/www.sts-education.com\/se\/wp-json\/wp\/v2\/types\/post"}],"author":[{"embeddable":true,"href":"https:\/\/www.sts-education.com\/se\/wp-json\/wp\/v2\/users\/20"}],"replies":[{"embeddable":true,"href":"https:\/\/www.sts-education.com\/se\/wp-json\/wp\/v2\/comments?post=11244"}],"version-history":[{"count":7,"href":"https:\/\/www.sts-education.com\/se\/wp-json\/wp\/v2\/posts\/11244\/revisions"}],"predecessor-version":[{"id":41915,"href":"https:\/\/www.sts-education.com\/se\/wp-json\/wp\/v2\/posts\/11244\/revisions\/41915"}],"wp:featuredmedia":[{"embeddable":true,"href":"https:\/\/www.sts-education.com\/se\/wp-json\/wp\/v2\/media\/14638"}],"wp:attachment":[{"href":"https:\/\/www.sts-education.com\/se\/wp-json\/wp\/v2\/media?parent=11244"}],"wp:term":[{"taxonomy":"category","embeddable":true,"href":"https:\/\/www.sts-education.com\/se\/wp-json\/wp\/v2\/categories?post=11244"},{"taxonomy":"post_tag","embeddable":true,"href":"https:\/\/www.sts-education.com\/se\/wp-json\/wp\/v2\/tags?post=11244"},{"taxonomy":"wpw_post_folders","embeddable":true,"href":"https:\/\/www.sts-education.com\/se\/wp-json\/wp\/v2\/wpw_post_folders?post=11244"}],"curies":[{"name":"wp","href":"https:\/\/api.w.org\/{rel}","templated":true}]}}